{"id":15538,"date":"2025-08-21T11:44:01","date_gmt":"2025-08-21T09:44:01","guid":{"rendered":"https:\/\/www.renouvelle.be\/?p=15538"},"modified":"2025-08-21T11:47:14","modified_gmt":"2025-08-21T09:47:14","slug":"belgique-100000-bornes-recharge-vehicules-electriques","status":"publish","type":"post","link":"https:\/\/www.renouvelle.be\/fr\/belgique-100000-bornes-recharge-vehicules-electriques\/","title":{"rendered":"La Belgique compte plus de 100.000 bornes de recharge publiques"},"content":{"rendered":"\n<p>On le sait, le secteur du transport est un des plus polluants et l\u2019\u00e9lectrification des diff\u00e9rents parcs automobiles europ\u00e9ens sera n\u00e9cessaire pour atteindre les objectifs de transition \u00e9nerg\u00e9tique. Des mod\u00e8les de voitures \u00e9lectriques comme les <a href=\"https:\/\/www.renouvelle.be\/fr\/le-v2g-ou-vehicle-to-grid-un-atout-pour-la-transition-energetique\/\" target=\"_blank\" rel=\"noreferrer noopener\">V2G<\/a> (\u00ab Vehicle-to-Grid \u00bb) pourraient m\u00eame devenir un atout pour cette m\u00eame transition. Pour encourager l\u2019achat de v\u00e9hicules \u00e9lectriques, il faudra bien s\u00fbr continuer leur d\u00e9mocratisation, leur co\u00fbt \u00e9tant encore tr\u00e8s \u00e9lev\u00e9 pour bon nombre de citoyens, mais aussi apaiser les inqui\u00e9tudes quant \u00e0 l\u2019autonomie et \u00e0 la possibilit\u00e9 de pouvoir les recharger facilement.<\/p>\n\n\n\n<p>Et sur ce point, la Belgique est sur la bonne voie puisqu\u2019elle compte d\u00e9sormais plus de 100.000 bornes de recharge publiques et se positionne \u00e0 la troisi\u00e8me place du top cinq europ\u00e9en. 77.313 d\u2019entre elles se situent en Flandre, 13.190 en Wallonie et 9.754 \u00e0 Bruxelles. Actuellement, le pays compte 380.000 voitures \u00e9lectriques en circulation.<\/p>\n\n\n\n<p>Cependant, ce cap symbolique ne doit pas faire oublier qu\u2019il reste encore du travail d\u2019ici 2030 pour continuer \u00e0 d\u00e9velopper le march\u00e9 des voitures \u00e9lectriques. Toujours d\u2019apr\u00e8s EV Belgium, le nombre de bornes de recharge publiques devrait doubler dans les cinq ann\u00e9es \u00e0 venir pour atteindre environ 220.000. Un objectif qui n\u00e9cessitera des investissements massifs et une coop\u00e9ration renforc\u00e9e entre les diff\u00e9rents acteurs.<\/p>\n\n\n\n<p>Le communiqu\u00e9 d\u2019EV Belgium est \u00e0 lire int\u00e9gralement sur <a href=\"https:\/\/ev.be\/fr\/nouvelle-item\/2025\/08\/20\/communique-de-presse-la-belgique-celebre-aujourd-hui-100-000-bornes-de-recharge-publiques-et-prevoit-de-doubler-ce-chiffre-d-ici-2030?originNode=898\" target=\"_blank\" rel=\"noreferrer noopener\">ce lien<\/a>.<\/p>\n","protected":false},"excerpt":{"rendered":"<p>On le sait, le secteur du transport est un des plus polluants et l\u2019\u00e9lectrification des diff\u00e9rents parcs automobiles europ\u00e9ens sera n\u00e9cessaire pour atteindre les objectifs de transition \u00e9nerg\u00e9tique. Des mod\u00e8les de voitures \u00e9lectriques comme les V2G (\u00ab Vehicle-to-Grid \u00bb) pourraient m\u00eame devenir un atout pour cette m\u00eame transition. Pour encourager l\u2019achat de v\u00e9hicules \u00e9lectriques, il faudra bien s\u00fbr continuer leur d\u00e9mocratisation, leur co\u00fbt \u00e9tant encore tr\u00e8s \u00e9lev\u00e9 pour bon nombre de citoyens, mais aussi apaiser les inqui\u00e9tudes quant \u00e0 l\u2019autonomie et \u00e0 la possibilit\u00e9 de pouvoir les recharger facilement. Et sur ce point, la Belgique est sur la bonne voie puisqu\u2019elle compte d\u00e9sormais plus de 100.000 bornes de recharge publiques et se positionne \u00e0 la troisi\u00e8me place du top cinq europ\u00e9en. 77.313 d\u2019entre elles se situent en Flandre, 13.190 en Wallonie et 9.754 \u00e0 Bruxelles. Actuellement, le pays compte 380.000 voitures \u00e9lectriques en circulation. Cependant, ce cap symbolique ne doit pas faire oublier qu\u2019il reste encore du travail d\u2019ici 2030 pour continuer \u00e0 d\u00e9velopper le march\u00e9 des voitures \u00e9lectriques. Toujours d\u2019apr\u00e8s EV Belgium, le nombre de bornes de recharge publiques devrait doubler dans les cinq ann\u00e9es \u00e0 venir pour atteindre environ 220.000. Un objectif qui n\u00e9cessitera des investissements massifs et une coop\u00e9ration renforc\u00e9e entre les diff\u00e9rents acteurs. Le communiqu\u00e9 d\u2019EV Belgium est \u00e0 lire int\u00e9gralement sur ce lien.<\/p>\n","protected":false},"author":38,"featured_media":15543,"comment_status":"closed","ping_status":"closed","sticky":false,"template":"","format":"standard","meta":{"_acf_changed":false,"footnotes":""},"categories":[16,17],"tags":[],"section":[8,12],"class_list":["post-15538","post","type-post","status-publish","format-standard","has-post-thumbnail","hentry","category-actualite","category-actualite-en-belgique","section-energie-renouvelables","section-mobilite"],"acf":[],"yoast_head":"<!-- This site is optimized with the Yoast SEO plugin v27.5 - https:\/\/yoast.com\/product\/yoast-seo-wordpress\/ -->\n<title>La Belgique compte plus de 100.000 bornes de recharge publiques - Renouvelle<\/title>\n<meta name=\"description\" content=\"La Belgique d\u00e9passe les 100.000 bornes de recharge publiques pour v\u00e9hicules \u00e9lectriques. EV Belgium en pr\u00e9voit le doublement d\u2019ici 2030.\" \/>\n<meta name=\"robots\" content=\"index, follow, max-snippet:-1, max-image-preview:large, max-video-preview:-1\" \/>\n<link rel=\"canonical\" href=\"https:\/\/www.renouvelle.be\/fr\/belgique-100000-bornes-recharge-vehicules-electriques\/\" \/>\n<meta property=\"og:locale\" content=\"fr_FR\" \/>\n<meta property=\"og:type\" content=\"article\" \/>\n<meta property=\"og:title\" content=\"La Belgique compte plus de 100.000 bornes de recharge publiques - Renouvelle\" \/>\n<meta property=\"og:description\" content=\"La Belgique d\u00e9passe les 100.000 bornes de recharge publiques pour v\u00e9hicules \u00e9lectriques. EV Belgium en pr\u00e9voit le doublement d\u2019ici 2030.\" \/>\n<meta property=\"og:url\" content=\"https:\/\/www.renouvelle.be\/fr\/belgique-100000-bornes-recharge-vehicules-electriques\/\" \/>\n<meta property=\"og:site_name\" content=\"Renouvelle\" \/>\n<meta property=\"article:published_time\" content=\"2025-08-21T09:44:01+00:00\" \/>\n<meta property=\"article:modified_time\" content=\"2025-08-21T09:47:14+00:00\" \/>\n<meta property=\"og:image\" content=\"https:\/\/www.renouvelle.be\/wp-content\/uploads\/2025\/08\/AdobeStock_266861743-scaled-e1755769337762.jpeg\" \/>\n\t<meta property=\"og:image:width\" content=\"2556\" \/>\n\t<meta property=\"og:image:height\" content=\"1502\" \/>\n\t<meta property=\"og:image:type\" content=\"image\/jpeg\" \/>\n<meta name=\"author\" content=\"Samuel Alves\" \/>\n<meta name=\"twitter:card\" content=\"summary_large_image\" \/>\n<script type=\"application\/ld+json\" class=\"yoast-schema-graph\">{\"@context\":\"https:\\\/\\\/schema.org\",\"@graph\":[{\"@type\":\"Article\",\"@id\":\"https:\\\/\\\/www.renouvelle.be\\\/fr\\\/belgique-100000-bornes-recharge-vehicules-electriques\\\/#article\",\"isPartOf\":{\"@id\":\"https:\\\/\\\/www.renouvelle.be\\\/fr\\\/belgique-100000-bornes-recharge-vehicules-electriques\\\/\"},\"author\":{\"name\":\"Samuel Alves\",\"@id\":\"https:\\\/\\\/www.renouvelle.be\\\/fr\\\/#\\\/schema\\\/person\\\/9d743366fb269eeceaa8d60e98d289d3\"},\"headline\":\"La Belgique compte plus de 100.000 bornes de recharge publiques\",\"datePublished\":\"2025-08-21T09:44:01+00:00\",\"dateModified\":\"2025-08-21T09:47:14+00:00\",\"mainEntityOfPage\":{\"@id\":\"https:\\\/\\\/www.renouvelle.be\\\/fr\\\/belgique-100000-bornes-recharge-vehicules-electriques\\\/\"},\"wordCount\":245,\"image\":{\"@id\":\"https:\\\/\\\/www.renouvelle.be\\\/fr\\\/belgique-100000-bornes-recharge-vehicules-electriques\\\/#primaryimage\"},\"thumbnailUrl\":\"https:\\\/\\\/www.renouvelle.be\\\/wp-content\\\/uploads\\\/2025\\\/08\\\/AdobeStock_266861743-scaled-e1755769337762.jpeg\",\"articleSection\":[\"Actualit\u00e9\",\"Actualit\u00e9 en Belgique\"],\"inLanguage\":\"fr-FR\"},{\"@type\":\"WebPage\",\"@id\":\"https:\\\/\\\/www.renouvelle.be\\\/fr\\\/belgique-100000-bornes-recharge-vehicules-electriques\\\/\",\"url\":\"https:\\\/\\\/www.renouvelle.be\\\/fr\\\/belgique-100000-bornes-recharge-vehicules-electriques\\\/\",\"name\":\"La Belgique compte plus de 100.000 bornes de recharge publiques - Renouvelle\",\"isPartOf\":{\"@id\":\"https:\\\/\\\/www.renouvelle.be\\\/fr\\\/#website\"},\"primaryImageOfPage\":{\"@id\":\"https:\\\/\\\/www.renouvelle.be\\\/fr\\\/belgique-100000-bornes-recharge-vehicules-electriques\\\/#primaryimage\"},\"image\":{\"@id\":\"https:\\\/\\\/www.renouvelle.be\\\/fr\\\/belgique-100000-bornes-recharge-vehicules-electriques\\\/#primaryimage\"},\"thumbnailUrl\":\"https:\\\/\\\/www.renouvelle.be\\\/wp-content\\\/uploads\\\/2025\\\/08\\\/AdobeStock_266861743-scaled-e1755769337762.jpeg\",\"datePublished\":\"2025-08-21T09:44:01+00:00\",\"dateModified\":\"2025-08-21T09:47:14+00:00\",\"author\":{\"@id\":\"https:\\\/\\\/www.renouvelle.be\\\/fr\\\/#\\\/schema\\\/person\\\/9d743366fb269eeceaa8d60e98d289d3\"},\"description\":\"La Belgique d\u00e9passe les 100.000 bornes de recharge publiques pour v\u00e9hicules \u00e9lectriques. EV Belgium en pr\u00e9voit le doublement d\u2019ici 2030.\",\"breadcrumb\":{\"@id\":\"https:\\\/\\\/www.renouvelle.be\\\/fr\\\/belgique-100000-bornes-recharge-vehicules-electriques\\\/#breadcrumb\"},\"inLanguage\":\"fr-FR\",\"potentialAction\":[{\"@type\":\"ReadAction\",\"target\":[\"https:\\\/\\\/www.renouvelle.be\\\/fr\\\/belgique-100000-bornes-recharge-vehicules-electriques\\\/\"]}]},{\"@type\":\"ImageObject\",\"inLanguage\":\"fr-FR\",\"@id\":\"https:\\\/\\\/www.renouvelle.be\\\/fr\\\/belgique-100000-bornes-recharge-vehicules-electriques\\\/#primaryimage\",\"url\":\"https:\\\/\\\/www.renouvelle.be\\\/wp-content\\\/uploads\\\/2025\\\/08\\\/AdobeStock_266861743-scaled-e1755769337762.jpeg\",\"contentUrl\":\"https:\\\/\\\/www.renouvelle.be\\\/wp-content\\\/uploads\\\/2025\\\/08\\\/AdobeStock_266861743-scaled-e1755769337762.jpeg\",\"width\":2556,\"height\":1502,\"caption\":\"Bornes de recharge pour v\u00e9hicules \u00e9lectriques en Belgique, symbole de la croissance du march\u00e9 EV\"},{\"@type\":\"BreadcrumbList\",\"@id\":\"https:\\\/\\\/www.renouvelle.be\\\/fr\\\/belgique-100000-bornes-recharge-vehicules-electriques\\\/#breadcrumb\",\"itemListElement\":[{\"@type\":\"ListItem\",\"position\":1,\"name\":\"Accueil\",\"item\":\"https:\\\/\\\/www.renouvelle.be\\\/fr\\\/\"},{\"@type\":\"ListItem\",\"position\":2,\"name\":\"La Belgique compte plus de 100.000 bornes de recharge publiques\"}]},{\"@type\":\"WebSite\",\"@id\":\"https:\\\/\\\/www.renouvelle.be\\\/fr\\\/#website\",\"url\":\"https:\\\/\\\/www.renouvelle.be\\\/fr\\\/\",\"name\":\"Renouvelle\",\"description\":\"L&#039;actualit\u00e9 de l&#039;\u00e9nergie durable\",\"potentialAction\":[{\"@type\":\"SearchAction\",\"target\":{\"@type\":\"EntryPoint\",\"urlTemplate\":\"https:\\\/\\\/www.renouvelle.be\\\/fr\\\/?s={search_term_string}\"},\"query-input\":{\"@type\":\"PropertyValueSpecification\",\"valueRequired\":true,\"valueName\":\"search_term_string\"}}],\"inLanguage\":\"fr-FR\"},{\"@type\":\"Person\",\"@id\":\"https:\\\/\\\/www.renouvelle.be\\\/fr\\\/#\\\/schema\\\/person\\\/9d743366fb269eeceaa8d60e98d289d3\",\"name\":\"Samuel Alves\",\"url\":\"https:\\\/\\\/www.renouvelle.be\\\/fr\\\/author\\\/salves\\\/\"}]}<\/script>\n<!-- \/ Yoast SEO plugin. -->","yoast_head_json":{"title":"La Belgique compte plus de 100.000 bornes de recharge publiques - Renouvelle","description":"La Belgique d\u00e9passe les 100.000 bornes de recharge publiques pour v\u00e9hicules \u00e9lectriques. EV Belgium en pr\u00e9voit le doublement d\u2019ici 2030.","robots":{"index":"index","follow":"follow","max-snippet":"max-snippet:-1","max-image-preview":"max-image-preview:large","max-video-preview":"max-video-preview:-1"},"canonical":"https:\/\/www.renouvelle.be\/fr\/belgique-100000-bornes-recharge-vehicules-electriques\/","og_locale":"fr_FR","og_type":"article","og_title":"La Belgique compte plus de 100.000 bornes de recharge publiques - Renouvelle","og_description":"La Belgique d\u00e9passe les 100.000 bornes de recharge publiques pour v\u00e9hicules \u00e9lectriques. EV Belgium en pr\u00e9voit le doublement d\u2019ici 2030.","og_url":"https:\/\/www.renouvelle.be\/fr\/belgique-100000-bornes-recharge-vehicules-electriques\/","og_site_name":"Renouvelle","article_published_time":"2025-08-21T09:44:01+00:00","article_modified_time":"2025-08-21T09:47:14+00:00","og_image":[{"width":2556,"height":1502,"url":"https:\/\/www.renouvelle.be\/wp-content\/uploads\/2025\/08\/AdobeStock_266861743-scaled-e1755769337762.jpeg","type":"image\/jpeg"}],"author":"Samuel Alves","twitter_card":"summary_large_image","schema":{"@context":"https:\/\/schema.org","@graph":[{"@type":"Article","@id":"https:\/\/www.renouvelle.be\/fr\/belgique-100000-bornes-recharge-vehicules-electriques\/#article","isPartOf":{"@id":"https:\/\/www.renouvelle.be\/fr\/belgique-100000-bornes-recharge-vehicules-electriques\/"},"author":{"name":"Samuel Alves","@id":"https:\/\/www.renouvelle.be\/fr\/#\/schema\/person\/9d743366fb269eeceaa8d60e98d289d3"},"headline":"La Belgique compte plus de 100.000 bornes de recharge publiques","datePublished":"2025-08-21T09:44:01+00:00","dateModified":"2025-08-21T09:47:14+00:00","mainEntityOfPage":{"@id":"https:\/\/www.renouvelle.be\/fr\/belgique-100000-bornes-recharge-vehicules-electriques\/"},"wordCount":245,"image":{"@id":"https:\/\/www.renouvelle.be\/fr\/belgique-100000-bornes-recharge-vehicules-electriques\/#primaryimage"},"thumbnailUrl":"https:\/\/www.renouvelle.be\/wp-content\/uploads\/2025\/08\/AdobeStock_266861743-scaled-e1755769337762.jpeg","articleSection":["Actualit\u00e9","Actualit\u00e9 en Belgique"],"inLanguage":"fr-FR"},{"@type":"WebPage","@id":"https:\/\/www.renouvelle.be\/fr\/belgique-100000-bornes-recharge-vehicules-electriques\/","url":"https:\/\/www.renouvelle.be\/fr\/belgique-100000-bornes-recharge-vehicules-electriques\/","name":"La Belgique compte plus de 100.000 bornes de recharge publiques - Renouvelle","isPartOf":{"@id":"https:\/\/www.renouvelle.be\/fr\/#website"},"primaryImageOfPage":{"@id":"https:\/\/www.renouvelle.be\/fr\/belgique-100000-bornes-recharge-vehicules-electriques\/#primaryimage"},"image":{"@id":"https:\/\/www.renouvelle.be\/fr\/belgique-100000-bornes-recharge-vehicules-electriques\/#primaryimage"},"thumbnailUrl":"https:\/\/www.renouvelle.be\/wp-content\/uploads\/2025\/08\/AdobeStock_266861743-scaled-e1755769337762.jpeg","datePublished":"2025-08-21T09:44:01+00:00","dateModified":"2025-08-21T09:47:14+00:00","author":{"@id":"https:\/\/www.renouvelle.be\/fr\/#\/schema\/person\/9d743366fb269eeceaa8d60e98d289d3"},"description":"La Belgique d\u00e9passe les 100.000 bornes de recharge publiques pour v\u00e9hicules \u00e9lectriques. EV Belgium en pr\u00e9voit le doublement d\u2019ici 2030.","breadcrumb":{"@id":"https:\/\/www.renouvelle.be\/fr\/belgique-100000-bornes-recharge-vehicules-electriques\/#breadcrumb"},"inLanguage":"fr-FR","potentialAction":[{"@type":"ReadAction","target":["https:\/\/www.renouvelle.be\/fr\/belgique-100000-bornes-recharge-vehicules-electriques\/"]}]},{"@type":"ImageObject","inLanguage":"fr-FR","@id":"https:\/\/www.renouvelle.be\/fr\/belgique-100000-bornes-recharge-vehicules-electriques\/#primaryimage","url":"https:\/\/www.renouvelle.be\/wp-content\/uploads\/2025\/08\/AdobeStock_266861743-scaled-e1755769337762.jpeg","contentUrl":"https:\/\/www.renouvelle.be\/wp-content\/uploads\/2025\/08\/AdobeStock_266861743-scaled-e1755769337762.jpeg","width":2556,"height":1502,"caption":"Bornes de recharge pour v\u00e9hicules \u00e9lectriques en Belgique, symbole de la croissance du march\u00e9 EV"},{"@type":"BreadcrumbList","@id":"https:\/\/www.renouvelle.be\/fr\/belgique-100000-bornes-recharge-vehicules-electriques\/#breadcrumb","itemListElement":[{"@type":"ListItem","position":1,"name":"Accueil","item":"https:\/\/www.renouvelle.be\/fr\/"},{"@type":"ListItem","position":2,"name":"La Belgique compte plus de 100.000 bornes de recharge publiques"}]},{"@type":"WebSite","@id":"https:\/\/www.renouvelle.be\/fr\/#website","url":"https:\/\/www.renouvelle.be\/fr\/","name":"Renouvelle","description":"L&#039;actualit\u00e9 de l&#039;\u00e9nergie durable","potentialAction":[{"@type":"SearchAction","target":{"@type":"EntryPoint","urlTemplate":"https:\/\/www.renouvelle.be\/fr\/?s={search_term_string}"},"query-input":{"@type":"PropertyValueSpecification","valueRequired":true,"valueName":"search_term_string"}}],"inLanguage":"fr-FR"},{"@type":"Person","@id":"https:\/\/www.renouvelle.be\/fr\/#\/schema\/person\/9d743366fb269eeceaa8d60e98d289d3","name":"Samuel Alves","url":"https:\/\/www.renouvelle.be\/fr\/author\/salves\/"}]}},"_links":{"self":[{"href":"https:\/\/www.renouvelle.be\/fr\/wp-json\/wp\/v2\/posts\/15538","targetHints":{"allow":["GET"]}}],"collection":[{"href":"https:\/\/www.renouvelle.be\/fr\/wp-json\/wp\/v2\/posts"}],"about":[{"href":"https:\/\/www.renouvelle.be\/fr\/wp-json\/wp\/v2\/types\/post"}],"author":[{"embeddable":true,"href":"https:\/\/www.renouvelle.be\/fr\/wp-json\/wp\/v2\/users\/38"}],"replies":[{"embeddable":true,"href":"https:\/\/www.renouvelle.be\/fr\/wp-json\/wp\/v2\/comments?post=15538"}],"version-history":[{"count":4,"href":"https:\/\/www.renouvelle.be\/fr\/wp-json\/wp\/v2\/posts\/15538\/revisions"}],"predecessor-version":[{"id":15547,"href":"https:\/\/www.renouvelle.be\/fr\/wp-json\/wp\/v2\/posts\/15538\/revisions\/15547"}],"wp:featuredmedia":[{"embeddable":true,"href":"https:\/\/www.renouvelle.be\/fr\/wp-json\/wp\/v2\/media\/15543"}],"wp:attachment":[{"href":"https:\/\/www.renouvelle.be\/fr\/wp-json\/wp\/v2\/media?parent=15538"}],"wp:term":[{"taxonomy":"category","embeddable":true,"href":"https:\/\/www.renouvelle.be\/fr\/wp-json\/wp\/v2\/categories?post=15538"},{"taxonomy":"post_tag","embeddable":true,"href":"https:\/\/www.renouvelle.be\/fr\/wp-json\/wp\/v2\/tags?post=15538"},{"taxonomy":"section","embeddable":true,"href":"https:\/\/www.renouvelle.be\/fr\/wp-json\/wp\/v2\/section?post=15538"}],"curies":[{"name":"wp","href":"https:\/\/api.w.org\/{rel}","templated":true}]}}