{"id":15530,"date":"2025-08-20T16:31:20","date_gmt":"2025-08-20T14:31:20","guid":{"rendered":"https:\/\/www.renouvelle.be\/?p=15530"},"modified":"2025-08-20T16:31:23","modified_gmt":"2025-08-20T14:31:23","slug":"afrique-capacite-solaire-20-gw","status":"publish","type":"post","link":"https:\/\/www.renouvelle.be\/fr\/afrique-capacite-solaire-20-gw\/","title":{"rendered":"L\u2019Afrique d\u00e9passe le cap symbolique de 20 GW de capacit\u00e9 solaire"},"content":{"rendered":"\n<p>C\u2019est donc le d\u00e9passement d\u2019une \u00e9tape importante que nous partage l\u2019Association africaine de l\u2019industrie solaire. Plus de 20 GW de capacit\u00e9 solaire est d\u00e9sormais install\u00e9e sur le continent mais l\u2019<a href=\"https:\/\/www.afsiasolar.com\/symbolic-milestone-of-20-gwp-installed-capacity-passed-in-africa-excellent-prospects-for-year-to-come-with-14-gwp-under-construction\/\" target=\"_blank\" rel=\"noreferrer noopener\">AFSIA<\/a> souligne \u00e9galement que pr\u00e8s de 40.000 projets sont \u00e0 diff\u00e9rent stade de d\u00e9veloppement dont 10 GW actuellement en construction. Ce sont les projets \u00e0 <a href=\"https:\/\/www.renouvelle.be\/fr\/agrivoltaisme-carriere-florennes\/\" target=\"_blank\" rel=\"noreferrer noopener\">grande \u00e9chelle<\/a> qui en repr\u00e9sentent la plus grande part avec 70%.<\/p>\n\n\n\n<p>La pr\u00e9sente capacit\u00e9 solaire install\u00e9e en Afrique couvre les centrales \u00e9lectriques, les installations commerciales et industrielles, les mini-r\u00e9seaux et les syst\u00e8mes domestiques. La base de donn\u00e9es de l\u2019AFSIA int\u00e8gre aussi les installations r\u00e9sidentielles dans un nombre limit\u00e9 de pays.<\/p>\n\n\n\n<p>C\u2019est en Afrique du Sud que r\u00e9side le moteur de cette industrie solaire qui repr\u00e9sente environ 50% du totale de ladite capacit\u00e9 install\u00e9e. Mais d\u2019autres pays h\u00e9bergent \u00e9galement une capacit\u00e9 op\u00e9rationnelle importante comme l\u2019\u00c9gypte, le Maroc et la Tunisie.<\/p>\n\n\n\n<p>En 2025, la majorit\u00e9 des nouvelles capacit\u00e9s solaires proviennent d\u2019Afrique australe. L\u2019Afrique du Sud reste en t\u00eate avec de grands projets mais la Zambie, le Botswana, le Zimbabwe et la Namibie ont \u00e9galement r\u00e9alis\u00e9 plusieurs projets importants au premier semestre et en ont annonc\u00e9 d\u2019autres.<\/p>\n","protected":false},"excerpt":{"rendered":"<p>C\u2019est donc le d\u00e9passement d\u2019une \u00e9tape importante que nous partage l\u2019Association africaine de l\u2019industrie solaire. Plus de 20 GW de capacit\u00e9 solaire est d\u00e9sormais install\u00e9e sur le continent mais l\u2019AFSIA souligne \u00e9galement que pr\u00e8s de 40.000 projets sont \u00e0 diff\u00e9rent stade de d\u00e9veloppement dont 10 GW actuellement en construction. Ce sont les projets \u00e0 grande \u00e9chelle qui en repr\u00e9sentent la plus grande part avec 70%. La pr\u00e9sente capacit\u00e9 solaire install\u00e9e en Afrique couvre les centrales \u00e9lectriques, les installations commerciales et industrielles, les mini-r\u00e9seaux et les syst\u00e8mes domestiques. La base de donn\u00e9es de l\u2019AFSIA int\u00e8gre aussi les installations r\u00e9sidentielles dans un nombre limit\u00e9 de pays. C\u2019est en Afrique du Sud que r\u00e9side le moteur de cette industrie solaire qui repr\u00e9sente environ 50% du totale de ladite capacit\u00e9 install\u00e9e. Mais d\u2019autres pays h\u00e9bergent \u00e9galement une capacit\u00e9 op\u00e9rationnelle importante comme l\u2019\u00c9gypte, le Maroc et la Tunisie. En 2025, la majorit\u00e9 des nouvelles capacit\u00e9s solaires proviennent d\u2019Afrique australe. L\u2019Afrique du Sud reste en t\u00eate avec de grands projets mais la Zambie, le Botswana, le Zimbabwe et la Namibie ont \u00e9galement r\u00e9alis\u00e9 plusieurs projets importants au premier semestre et en ont annonc\u00e9 d\u2019autres.<\/p>\n","protected":false},"author":38,"featured_media":15534,"comment_status":"closed","ping_status":"closed","sticky":false,"template":"","format":"standard","meta":{"_acf_changed":false,"footnotes":""},"categories":[16,18],"tags":[],"section":[13],"class_list":["post-15530","post","type-post","status-publish","format-standard","has-post-thumbnail","hentry","category-actualite","category-actualite-internationale","section-solaire"],"acf":[],"yoast_head":"<!-- This site is optimized with the Yoast SEO plugin v27.5 - https:\/\/yoast.com\/product\/yoast-seo-wordpress\/ -->\n<title>L\u2019Afrique d\u00e9passe le cap symbolique de 20 GW de capacit\u00e9 solaire - Renouvelle<\/title>\n<meta name=\"description\" content=\"L\u2019Afrique franchit 20 GW de capacit\u00e9 solaire install\u00e9e en 2025. Une croissance port\u00e9e principalement par l\u2019Afrique du Sud.\" \/>\n<meta name=\"robots\" content=\"index, follow, max-snippet:-1, max-image-preview:large, max-video-preview:-1\" \/>\n<link rel=\"canonical\" href=\"https:\/\/www.renouvelle.be\/fr\/afrique-capacite-solaire-20-gw\/\" \/>\n<meta property=\"og:locale\" content=\"fr_FR\" \/>\n<meta property=\"og:type\" content=\"article\" \/>\n<meta property=\"og:title\" content=\"L\u2019Afrique d\u00e9passe le cap symbolique de 20 GW de capacit\u00e9 solaire - Renouvelle\" \/>\n<meta property=\"og:description\" content=\"L\u2019Afrique franchit 20 GW de capacit\u00e9 solaire install\u00e9e en 2025. Une croissance port\u00e9e principalement par l\u2019Afrique du Sud.\" \/>\n<meta property=\"og:url\" content=\"https:\/\/www.renouvelle.be\/fr\/afrique-capacite-solaire-20-gw\/\" \/>\n<meta property=\"og:site_name\" content=\"Renouvelle\" \/>\n<meta property=\"article:published_time\" content=\"2025-08-20T14:31:20+00:00\" \/>\n<meta property=\"article:modified_time\" content=\"2025-08-20T14:31:23+00:00\" \/>\n<meta property=\"og:image\" content=\"https:\/\/www.renouvelle.be\/wp-content\/uploads\/2025\/08\/AdobeStock_238692919-scaled-e1755699891234.jpeg\" \/>\n\t<meta property=\"og:image:width\" content=\"1434\" \/>\n\t<meta property=\"og:image:height\" content=\"883\" \/>\n\t<meta property=\"og:image:type\" content=\"image\/jpeg\" \/>\n<meta name=\"author\" content=\"Samuel Alves\" \/>\n<meta name=\"twitter:card\" content=\"summary_large_image\" \/>\n<script type=\"application\/ld+json\" class=\"yoast-schema-graph\">{\"@context\":\"https:\\\/\\\/schema.org\",\"@graph\":[{\"@type\":\"Article\",\"@id\":\"https:\\\/\\\/www.renouvelle.be\\\/fr\\\/afrique-capacite-solaire-20-gw\\\/#article\",\"isPartOf\":{\"@id\":\"https:\\\/\\\/www.renouvelle.be\\\/fr\\\/afrique-capacite-solaire-20-gw\\\/\"},\"author\":{\"name\":\"Samuel Alves\",\"@id\":\"https:\\\/\\\/www.renouvelle.be\\\/fr\\\/#\\\/schema\\\/person\\\/9d743366fb269eeceaa8d60e98d289d3\"},\"headline\":\"L\u2019Afrique d\u00e9passe le cap symbolique de 20 GW de capacit\u00e9 solaire\",\"datePublished\":\"2025-08-20T14:31:20+00:00\",\"dateModified\":\"2025-08-20T14:31:23+00:00\",\"mainEntityOfPage\":{\"@id\":\"https:\\\/\\\/www.renouvelle.be\\\/fr\\\/afrique-capacite-solaire-20-gw\\\/\"},\"wordCount\":226,\"image\":{\"@id\":\"https:\\\/\\\/www.renouvelle.be\\\/fr\\\/afrique-capacite-solaire-20-gw\\\/#primaryimage\"},\"thumbnailUrl\":\"https:\\\/\\\/www.renouvelle.be\\\/wp-content\\\/uploads\\\/2025\\\/08\\\/AdobeStock_238692919-scaled-e1755699891234.jpeg\",\"articleSection\":[\"Actualit\u00e9\",\"Actualit\u00e9 internationale\"],\"inLanguage\":\"fr-FR\"},{\"@type\":\"WebPage\",\"@id\":\"https:\\\/\\\/www.renouvelle.be\\\/fr\\\/afrique-capacite-solaire-20-gw\\\/\",\"url\":\"https:\\\/\\\/www.renouvelle.be\\\/fr\\\/afrique-capacite-solaire-20-gw\\\/\",\"name\":\"L\u2019Afrique d\u00e9passe le cap symbolique de 20 GW de capacit\u00e9 solaire - Renouvelle\",\"isPartOf\":{\"@id\":\"https:\\\/\\\/www.renouvelle.be\\\/fr\\\/#website\"},\"primaryImageOfPage\":{\"@id\":\"https:\\\/\\\/www.renouvelle.be\\\/fr\\\/afrique-capacite-solaire-20-gw\\\/#primaryimage\"},\"image\":{\"@id\":\"https:\\\/\\\/www.renouvelle.be\\\/fr\\\/afrique-capacite-solaire-20-gw\\\/#primaryimage\"},\"thumbnailUrl\":\"https:\\\/\\\/www.renouvelle.be\\\/wp-content\\\/uploads\\\/2025\\\/08\\\/AdobeStock_238692919-scaled-e1755699891234.jpeg\",\"datePublished\":\"2025-08-20T14:31:20+00:00\",\"dateModified\":\"2025-08-20T14:31:23+00:00\",\"author\":{\"@id\":\"https:\\\/\\\/www.renouvelle.be\\\/fr\\\/#\\\/schema\\\/person\\\/9d743366fb269eeceaa8d60e98d289d3\"},\"description\":\"L\u2019Afrique franchit 20 GW de capacit\u00e9 solaire install\u00e9e en 2025. Une croissance port\u00e9e principalement par l\u2019Afrique du Sud.\",\"breadcrumb\":{\"@id\":\"https:\\\/\\\/www.renouvelle.be\\\/fr\\\/afrique-capacite-solaire-20-gw\\\/#breadcrumb\"},\"inLanguage\":\"fr-FR\",\"potentialAction\":[{\"@type\":\"ReadAction\",\"target\":[\"https:\\\/\\\/www.renouvelle.be\\\/fr\\\/afrique-capacite-solaire-20-gw\\\/\"]}]},{\"@type\":\"ImageObject\",\"inLanguage\":\"fr-FR\",\"@id\":\"https:\\\/\\\/www.renouvelle.be\\\/fr\\\/afrique-capacite-solaire-20-gw\\\/#primaryimage\",\"url\":\"https:\\\/\\\/www.renouvelle.be\\\/wp-content\\\/uploads\\\/2025\\\/08\\\/AdobeStock_238692919-scaled-e1755699891234.jpeg\",\"contentUrl\":\"https:\\\/\\\/www.renouvelle.be\\\/wp-content\\\/uploads\\\/2025\\\/08\\\/AdobeStock_238692919-scaled-e1755699891234.jpeg\",\"width\":1434,\"height\":883,\"caption\":\"L'Afrique du Sud est le principal moteur de l'industrie solaire en Afrique.\"},{\"@type\":\"BreadcrumbList\",\"@id\":\"https:\\\/\\\/www.renouvelle.be\\\/fr\\\/afrique-capacite-solaire-20-gw\\\/#breadcrumb\",\"itemListElement\":[{\"@type\":\"ListItem\",\"position\":1,\"name\":\"Accueil\",\"item\":\"https:\\\/\\\/www.renouvelle.be\\\/fr\\\/\"},{\"@type\":\"ListItem\",\"position\":2,\"name\":\"L\u2019Afrique d\u00e9passe le cap symbolique de 20 GW de capacit\u00e9 solaire\"}]},{\"@type\":\"WebSite\",\"@id\":\"https:\\\/\\\/www.renouvelle.be\\\/fr\\\/#website\",\"url\":\"https:\\\/\\\/www.renouvelle.be\\\/fr\\\/\",\"name\":\"Renouvelle\",\"description\":\"L&#039;actualit\u00e9 de l&#039;\u00e9nergie durable\",\"potentialAction\":[{\"@type\":\"SearchAction\",\"target\":{\"@type\":\"EntryPoint\",\"urlTemplate\":\"https:\\\/\\\/www.renouvelle.be\\\/fr\\\/?s={search_term_string}\"},\"query-input\":{\"@type\":\"PropertyValueSpecification\",\"valueRequired\":true,\"valueName\":\"search_term_string\"}}],\"inLanguage\":\"fr-FR\"},{\"@type\":\"Person\",\"@id\":\"https:\\\/\\\/www.renouvelle.be\\\/fr\\\/#\\\/schema\\\/person\\\/9d743366fb269eeceaa8d60e98d289d3\",\"name\":\"Samuel Alves\",\"url\":\"https:\\\/\\\/www.renouvelle.be\\\/fr\\\/author\\\/salves\\\/\"}]}<\/script>\n<!-- \/ Yoast SEO plugin. -->","yoast_head_json":{"title":"L\u2019Afrique d\u00e9passe le cap symbolique de 20 GW de capacit\u00e9 solaire - Renouvelle","description":"L\u2019Afrique franchit 20 GW de capacit\u00e9 solaire install\u00e9e en 2025. Une croissance port\u00e9e principalement par l\u2019Afrique du Sud.","robots":{"index":"index","follow":"follow","max-snippet":"max-snippet:-1","max-image-preview":"max-image-preview:large","max-video-preview":"max-video-preview:-1"},"canonical":"https:\/\/www.renouvelle.be\/fr\/afrique-capacite-solaire-20-gw\/","og_locale":"fr_FR","og_type":"article","og_title":"L\u2019Afrique d\u00e9passe le cap symbolique de 20 GW de capacit\u00e9 solaire - Renouvelle","og_description":"L\u2019Afrique franchit 20 GW de capacit\u00e9 solaire install\u00e9e en 2025. Une croissance port\u00e9e principalement par l\u2019Afrique du Sud.","og_url":"https:\/\/www.renouvelle.be\/fr\/afrique-capacite-solaire-20-gw\/","og_site_name":"Renouvelle","article_published_time":"2025-08-20T14:31:20+00:00","article_modified_time":"2025-08-20T14:31:23+00:00","og_image":[{"width":1434,"height":883,"url":"https:\/\/www.renouvelle.be\/wp-content\/uploads\/2025\/08\/AdobeStock_238692919-scaled-e1755699891234.jpeg","type":"image\/jpeg"}],"author":"Samuel Alves","twitter_card":"summary_large_image","schema":{"@context":"https:\/\/schema.org","@graph":[{"@type":"Article","@id":"https:\/\/www.renouvelle.be\/fr\/afrique-capacite-solaire-20-gw\/#article","isPartOf":{"@id":"https:\/\/www.renouvelle.be\/fr\/afrique-capacite-solaire-20-gw\/"},"author":{"name":"Samuel Alves","@id":"https:\/\/www.renouvelle.be\/fr\/#\/schema\/person\/9d743366fb269eeceaa8d60e98d289d3"},"headline":"L\u2019Afrique d\u00e9passe le cap symbolique de 20 GW de capacit\u00e9 solaire","datePublished":"2025-08-20T14:31:20+00:00","dateModified":"2025-08-20T14:31:23+00:00","mainEntityOfPage":{"@id":"https:\/\/www.renouvelle.be\/fr\/afrique-capacite-solaire-20-gw\/"},"wordCount":226,"image":{"@id":"https:\/\/www.renouvelle.be\/fr\/afrique-capacite-solaire-20-gw\/#primaryimage"},"thumbnailUrl":"https:\/\/www.renouvelle.be\/wp-content\/uploads\/2025\/08\/AdobeStock_238692919-scaled-e1755699891234.jpeg","articleSection":["Actualit\u00e9","Actualit\u00e9 internationale"],"inLanguage":"fr-FR"},{"@type":"WebPage","@id":"https:\/\/www.renouvelle.be\/fr\/afrique-capacite-solaire-20-gw\/","url":"https:\/\/www.renouvelle.be\/fr\/afrique-capacite-solaire-20-gw\/","name":"L\u2019Afrique d\u00e9passe le cap symbolique de 20 GW de capacit\u00e9 solaire - Renouvelle","isPartOf":{"@id":"https:\/\/www.renouvelle.be\/fr\/#website"},"primaryImageOfPage":{"@id":"https:\/\/www.renouvelle.be\/fr\/afrique-capacite-solaire-20-gw\/#primaryimage"},"image":{"@id":"https:\/\/www.renouvelle.be\/fr\/afrique-capacite-solaire-20-gw\/#primaryimage"},"thumbnailUrl":"https:\/\/www.renouvelle.be\/wp-content\/uploads\/2025\/08\/AdobeStock_238692919-scaled-e1755699891234.jpeg","datePublished":"2025-08-20T14:31:20+00:00","dateModified":"2025-08-20T14:31:23+00:00","author":{"@id":"https:\/\/www.renouvelle.be\/fr\/#\/schema\/person\/9d743366fb269eeceaa8d60e98d289d3"},"description":"L\u2019Afrique franchit 20 GW de capacit\u00e9 solaire install\u00e9e en 2025. Une croissance port\u00e9e principalement par l\u2019Afrique du Sud.","breadcrumb":{"@id":"https:\/\/www.renouvelle.be\/fr\/afrique-capacite-solaire-20-gw\/#breadcrumb"},"inLanguage":"fr-FR","potentialAction":[{"@type":"ReadAction","target":["https:\/\/www.renouvelle.be\/fr\/afrique-capacite-solaire-20-gw\/"]}]},{"@type":"ImageObject","inLanguage":"fr-FR","@id":"https:\/\/www.renouvelle.be\/fr\/afrique-capacite-solaire-20-gw\/#primaryimage","url":"https:\/\/www.renouvelle.be\/wp-content\/uploads\/2025\/08\/AdobeStock_238692919-scaled-e1755699891234.jpeg","contentUrl":"https:\/\/www.renouvelle.be\/wp-content\/uploads\/2025\/08\/AdobeStock_238692919-scaled-e1755699891234.jpeg","width":1434,"height":883,"caption":"L'Afrique du Sud est le principal moteur de l'industrie solaire en Afrique."},{"@type":"BreadcrumbList","@id":"https:\/\/www.renouvelle.be\/fr\/afrique-capacite-solaire-20-gw\/#breadcrumb","itemListElement":[{"@type":"ListItem","position":1,"name":"Accueil","item":"https:\/\/www.renouvelle.be\/fr\/"},{"@type":"ListItem","position":2,"name":"L\u2019Afrique d\u00e9passe le cap symbolique de 20 GW de capacit\u00e9 solaire"}]},{"@type":"WebSite","@id":"https:\/\/www.renouvelle.be\/fr\/#website","url":"https:\/\/www.renouvelle.be\/fr\/","name":"Renouvelle","description":"L&#039;actualit\u00e9 de l&#039;\u00e9nergie durable","potentialAction":[{"@type":"SearchAction","target":{"@type":"EntryPoint","urlTemplate":"https:\/\/www.renouvelle.be\/fr\/?s={search_term_string}"},"query-input":{"@type":"PropertyValueSpecification","valueRequired":true,"valueName":"search_term_string"}}],"inLanguage":"fr-FR"},{"@type":"Person","@id":"https:\/\/www.renouvelle.be\/fr\/#\/schema\/person\/9d743366fb269eeceaa8d60e98d289d3","name":"Samuel Alves","url":"https:\/\/www.renouvelle.be\/fr\/author\/salves\/"}]}},"_links":{"self":[{"href":"https:\/\/www.renouvelle.be\/fr\/wp-json\/wp\/v2\/posts\/15530","targetHints":{"allow":["GET"]}}],"collection":[{"href":"https:\/\/www.renouvelle.be\/fr\/wp-json\/wp\/v2\/posts"}],"about":[{"href":"https:\/\/www.renouvelle.be\/fr\/wp-json\/wp\/v2\/types\/post"}],"author":[{"embeddable":true,"href":"https:\/\/www.renouvelle.be\/fr\/wp-json\/wp\/v2\/users\/38"}],"replies":[{"embeddable":true,"href":"https:\/\/www.renouvelle.be\/fr\/wp-json\/wp\/v2\/comments?post=15530"}],"version-history":[{"count":5,"href":"https:\/\/www.renouvelle.be\/fr\/wp-json\/wp\/v2\/posts\/15530\/revisions"}],"predecessor-version":[{"id":15537,"href":"https:\/\/www.renouvelle.be\/fr\/wp-json\/wp\/v2\/posts\/15530\/revisions\/15537"}],"wp:featuredmedia":[{"embeddable":true,"href":"https:\/\/www.renouvelle.be\/fr\/wp-json\/wp\/v2\/media\/15534"}],"wp:attachment":[{"href":"https:\/\/www.renouvelle.be\/fr\/wp-json\/wp\/v2\/media?parent=15530"}],"wp:term":[{"taxonomy":"category","embeddable":true,"href":"https:\/\/www.renouvelle.be\/fr\/wp-json\/wp\/v2\/categories?post=15530"},{"taxonomy":"post_tag","embeddable":true,"href":"https:\/\/www.renouvelle.be\/fr\/wp-json\/wp\/v2\/tags?post=15530"},{"taxonomy":"section","embeddable":true,"href":"https:\/\/www.renouvelle.be\/fr\/wp-json\/wp\/v2\/section?post=15530"}],"curies":[{"name":"wp","href":"https:\/\/api.w.org\/{rel}","templated":true}]}}