{"id":15518,"date":"2025-08-19T11:10:06","date_gmt":"2025-08-19T09:10:06","guid":{"rendered":"https:\/\/www.renouvelle.be\/?p=15518"},"modified":"2025-08-19T12:03:17","modified_gmt":"2025-08-19T10:03:17","slug":"belgique-pompes-a-chaleur-16-pourcent-2025","status":"publish","type":"post","link":"https:\/\/www.renouvelle.be\/fr\/belgique-pompes-a-chaleur-16-pourcent-2025\/","title":{"rendered":"Belgique : hausse de 16% sur le march\u00e9 des pompes \u00e0 chaleur"},"content":{"rendered":"\n<p>Selon les chiffres partag\u00e9s par Climafed (la f\u00e9d\u00e9ration belge des technologies climatiques) et Frixis (l\u2019union belge du froid et du conditionnement d\u2019air), le premier semestre de cette ann\u00e9e comptabilise un total de 17.800 pompes \u00e0 chaleur de chauffage vendues en Belgique. La hausse la plus importante concerne les syst\u00e8mes air-eau avec un bond de +47%. Mais le consommateur semble aussi porter un certain int\u00e9r\u00eat pour les installations <a href=\"https:\/\/www.renouvelle.be\/fr\/geothermie-un-potentiel-mondial-encore-sous-utilise\/\" target=\"_blank\" rel=\"noreferrer noopener\">g\u00e9othermiques<\/a> (eau-eau et sol-eau) qui augmentent de 37%. Les syst\u00e8mes air\/air commencent aussi \u00e0 reprendre du poil de la b\u00eate, longtemps assimil\u00e9s \u00e0 de simples appareils de climatisation, ils s\u2019imposent progressivement comme de v\u00e9ritables solutions de chauffage.<\/p>\n\n\n\n<p>Cette croissance s\u2019explique, entre autres, par certaines mesures politiques comme la TVA port\u00e9e \u00e0 21% pour les chaudi\u00e8res classiques ainsi que la loi-programme visant \u00e0 rendre l\u2019\u00e9lectricit\u00e9 plus abordable tout en augmentant le prix des combustibles fossiles.<\/p>\n\n\n\n<p>Une reprise de terrain durable&nbsp;? Le secteur l\u2019esp\u00e8re, mais pour cela il faudra de la stabilit\u00e9 politique, une information claire et d\u2019une r\u00e9forme fiscale coh\u00e9rente.<\/p>\n\n\n\n<p>Le communiqu\u00e9 de Climafed est \u00e0 lire sur <a href=\"https:\/\/www.climafed.be\/fr\/actualites\/n-55-le-marche-des-pompes-a-chaleur-reprend-vie-ventes-en-hausse-de-16-procent\/?p=1\" target=\"_blank\" rel=\"noreferrer noopener\">ce lien<\/a>.<\/p>\n","protected":false},"excerpt":{"rendered":"<p>Selon les chiffres partag\u00e9s par Climafed (la f\u00e9d\u00e9ration belge des technologies climatiques) et Frixis (l\u2019union belge du froid et du conditionnement d\u2019air), le premier semestre de cette ann\u00e9e comptabilise un total de 17.800 pompes \u00e0 chaleur de chauffage vendues en Belgique. La hausse la plus importante concerne les syst\u00e8mes air-eau avec un bond de +47%. Mais le consommateur semble aussi porter un certain int\u00e9r\u00eat pour les installations g\u00e9othermiques (eau-eau et sol-eau) qui augmentent de 37%. Les syst\u00e8mes air\/air commencent aussi \u00e0 reprendre du poil de la b\u00eate, longtemps assimil\u00e9s \u00e0 de simples appareils de climatisation, ils s\u2019imposent progressivement comme de v\u00e9ritables solutions de chauffage. Cette croissance s\u2019explique, entre autres, par certaines mesures politiques comme la TVA port\u00e9e \u00e0 21% pour les chaudi\u00e8res classiques ainsi que la loi-programme visant \u00e0 rendre l\u2019\u00e9lectricit\u00e9 plus abordable tout en augmentant le prix des combustibles fossiles. Une reprise de terrain durable&nbsp;? Le secteur l\u2019esp\u00e8re, mais pour cela il faudra de la stabilit\u00e9 politique, une information claire et d\u2019une r\u00e9forme fiscale coh\u00e9rente. Le communiqu\u00e9 de Climafed est \u00e0 lire sur ce lien.<\/p>\n","protected":false},"author":38,"featured_media":15522,"comment_status":"closed","ping_status":"closed","sticky":false,"template":"","format":"standard","meta":{"_acf_changed":false,"footnotes":""},"categories":[16,17],"tags":[],"section":[8,9],"class_list":["post-15518","post","type-post","status-publish","format-standard","has-post-thumbnail","hentry","category-actualite","category-actualite-en-belgique","section-energie-renouvelables","section-geothermie-pac"],"acf":[],"yoast_head":"<!-- This site is optimized with the Yoast SEO plugin v27.5 - https:\/\/yoast.com\/product\/yoast-seo-wordpress\/ -->\n<title>Belgique : hausse de 16% sur le march\u00e9 des pompes \u00e0 chaleur - Renouvelle<\/title>\n<meta name=\"description\" content=\"En Belgique, le march\u00e9 des pompes \u00e0 chaleur repart \u00e0 la hausse avec 16% de ventes en plus par rapport \u00e0 la m\u00eame p\u00e9riode, l&#039;ann\u00e9e pass\u00e9e.\" \/>\n<meta name=\"robots\" content=\"index, follow, max-snippet:-1, max-image-preview:large, max-video-preview:-1\" \/>\n<link rel=\"canonical\" href=\"https:\/\/www.renouvelle.be\/fr\/belgique-pompes-a-chaleur-16-pourcent-2025\/\" \/>\n<meta property=\"og:locale\" content=\"fr_FR\" \/>\n<meta property=\"og:type\" content=\"article\" \/>\n<meta property=\"og:title\" content=\"Belgique : hausse de 16% sur le march\u00e9 des pompes \u00e0 chaleur - Renouvelle\" \/>\n<meta property=\"og:description\" content=\"En Belgique, le march\u00e9 des pompes \u00e0 chaleur repart \u00e0 la hausse avec 16% de ventes en plus par rapport \u00e0 la m\u00eame p\u00e9riode, l&#039;ann\u00e9e pass\u00e9e.\" \/>\n<meta property=\"og:url\" content=\"https:\/\/www.renouvelle.be\/fr\/belgique-pompes-a-chaleur-16-pourcent-2025\/\" \/>\n<meta property=\"og:site_name\" content=\"Renouvelle\" \/>\n<meta property=\"article:published_time\" content=\"2025-08-19T09:10:06+00:00\" \/>\n<meta property=\"article:modified_time\" content=\"2025-08-19T10:03:17+00:00\" \/>\n<meta property=\"og:image\" content=\"https:\/\/www.renouvelle.be\/wp-content\/uploads\/2025\/08\/AdobeStock_477978525-scaled.jpeg\" \/>\n\t<meta property=\"og:image:width\" content=\"2560\" \/>\n\t<meta property=\"og:image:height\" content=\"1772\" \/>\n\t<meta property=\"og:image:type\" content=\"image\/jpeg\" \/>\n<meta name=\"author\" content=\"Samuel Alves\" \/>\n<meta name=\"twitter:card\" content=\"summary_large_image\" \/>\n<script type=\"application\/ld+json\" class=\"yoast-schema-graph\">{\"@context\":\"https:\\\/\\\/schema.org\",\"@graph\":[{\"@type\":\"Article\",\"@id\":\"https:\\\/\\\/www.renouvelle.be\\\/fr\\\/belgique-pompes-a-chaleur-16-pourcent-2025\\\/#article\",\"isPartOf\":{\"@id\":\"https:\\\/\\\/www.renouvelle.be\\\/fr\\\/belgique-pompes-a-chaleur-16-pourcent-2025\\\/\"},\"author\":{\"name\":\"Samuel Alves\",\"@id\":\"https:\\\/\\\/www.renouvelle.be\\\/fr\\\/#\\\/schema\\\/person\\\/9d743366fb269eeceaa8d60e98d289d3\"},\"headline\":\"Belgique : hausse de 16% sur le march\u00e9 des pompes \u00e0 chaleur\",\"datePublished\":\"2025-08-19T09:10:06+00:00\",\"dateModified\":\"2025-08-19T10:03:17+00:00\",\"mainEntityOfPage\":{\"@id\":\"https:\\\/\\\/www.renouvelle.be\\\/fr\\\/belgique-pompes-a-chaleur-16-pourcent-2025\\\/\"},\"wordCount\":201,\"image\":{\"@id\":\"https:\\\/\\\/www.renouvelle.be\\\/fr\\\/belgique-pompes-a-chaleur-16-pourcent-2025\\\/#primaryimage\"},\"thumbnailUrl\":\"https:\\\/\\\/www.renouvelle.be\\\/wp-content\\\/uploads\\\/2025\\\/08\\\/AdobeStock_477978525-scaled.jpeg\",\"articleSection\":[\"Actualit\u00e9\",\"Actualit\u00e9 en Belgique\"],\"inLanguage\":\"fr-FR\"},{\"@type\":\"WebPage\",\"@id\":\"https:\\\/\\\/www.renouvelle.be\\\/fr\\\/belgique-pompes-a-chaleur-16-pourcent-2025\\\/\",\"url\":\"https:\\\/\\\/www.renouvelle.be\\\/fr\\\/belgique-pompes-a-chaleur-16-pourcent-2025\\\/\",\"name\":\"Belgique : hausse de 16% sur le march\u00e9 des pompes \u00e0 chaleur - Renouvelle\",\"isPartOf\":{\"@id\":\"https:\\\/\\\/www.renouvelle.be\\\/fr\\\/#website\"},\"primaryImageOfPage\":{\"@id\":\"https:\\\/\\\/www.renouvelle.be\\\/fr\\\/belgique-pompes-a-chaleur-16-pourcent-2025\\\/#primaryimage\"},\"image\":{\"@id\":\"https:\\\/\\\/www.renouvelle.be\\\/fr\\\/belgique-pompes-a-chaleur-16-pourcent-2025\\\/#primaryimage\"},\"thumbnailUrl\":\"https:\\\/\\\/www.renouvelle.be\\\/wp-content\\\/uploads\\\/2025\\\/08\\\/AdobeStock_477978525-scaled.jpeg\",\"datePublished\":\"2025-08-19T09:10:06+00:00\",\"dateModified\":\"2025-08-19T10:03:17+00:00\",\"author\":{\"@id\":\"https:\\\/\\\/www.renouvelle.be\\\/fr\\\/#\\\/schema\\\/person\\\/9d743366fb269eeceaa8d60e98d289d3\"},\"description\":\"En Belgique, le march\u00e9 des pompes \u00e0 chaleur repart \u00e0 la hausse avec 16% de ventes en plus par rapport \u00e0 la m\u00eame p\u00e9riode, l'ann\u00e9e pass\u00e9e.\",\"breadcrumb\":{\"@id\":\"https:\\\/\\\/www.renouvelle.be\\\/fr\\\/belgique-pompes-a-chaleur-16-pourcent-2025\\\/#breadcrumb\"},\"inLanguage\":\"fr-FR\",\"potentialAction\":[{\"@type\":\"ReadAction\",\"target\":[\"https:\\\/\\\/www.renouvelle.be\\\/fr\\\/belgique-pompes-a-chaleur-16-pourcent-2025\\\/\"]}]},{\"@type\":\"ImageObject\",\"inLanguage\":\"fr-FR\",\"@id\":\"https:\\\/\\\/www.renouvelle.be\\\/fr\\\/belgique-pompes-a-chaleur-16-pourcent-2025\\\/#primaryimage\",\"url\":\"https:\\\/\\\/www.renouvelle.be\\\/wp-content\\\/uploads\\\/2025\\\/08\\\/AdobeStock_477978525-scaled.jpeg\",\"contentUrl\":\"https:\\\/\\\/www.renouvelle.be\\\/wp-content\\\/uploads\\\/2025\\\/08\\\/AdobeStock_477978525-scaled.jpeg\",\"width\":2560,\"height\":1772,\"caption\":\"Croissance de 16 % du march\u00e9 belge des pompes \u00e0 chaleur en 2025\"},{\"@type\":\"BreadcrumbList\",\"@id\":\"https:\\\/\\\/www.renouvelle.be\\\/fr\\\/belgique-pompes-a-chaleur-16-pourcent-2025\\\/#breadcrumb\",\"itemListElement\":[{\"@type\":\"ListItem\",\"position\":1,\"name\":\"Accueil\",\"item\":\"https:\\\/\\\/www.renouvelle.be\\\/fr\\\/\"},{\"@type\":\"ListItem\",\"position\":2,\"name\":\"Belgique : hausse de 16% sur le march\u00e9 des pompes \u00e0 chaleur\"}]},{\"@type\":\"WebSite\",\"@id\":\"https:\\\/\\\/www.renouvelle.be\\\/fr\\\/#website\",\"url\":\"https:\\\/\\\/www.renouvelle.be\\\/fr\\\/\",\"name\":\"Renouvelle\",\"description\":\"L&#039;actualit\u00e9 de l&#039;\u00e9nergie durable\",\"potentialAction\":[{\"@type\":\"SearchAction\",\"target\":{\"@type\":\"EntryPoint\",\"urlTemplate\":\"https:\\\/\\\/www.renouvelle.be\\\/fr\\\/?s={search_term_string}\"},\"query-input\":{\"@type\":\"PropertyValueSpecification\",\"valueRequired\":true,\"valueName\":\"search_term_string\"}}],\"inLanguage\":\"fr-FR\"},{\"@type\":\"Person\",\"@id\":\"https:\\\/\\\/www.renouvelle.be\\\/fr\\\/#\\\/schema\\\/person\\\/9d743366fb269eeceaa8d60e98d289d3\",\"name\":\"Samuel Alves\",\"url\":\"https:\\\/\\\/www.renouvelle.be\\\/fr\\\/author\\\/salves\\\/\"}]}<\/script>\n<!-- \/ Yoast SEO plugin. -->","yoast_head_json":{"title":"Belgique : hausse de 16% sur le march\u00e9 des pompes \u00e0 chaleur - Renouvelle","description":"En Belgique, le march\u00e9 des pompes \u00e0 chaleur repart \u00e0 la hausse avec 16% de ventes en plus par rapport \u00e0 la m\u00eame p\u00e9riode, l'ann\u00e9e pass\u00e9e.","robots":{"index":"index","follow":"follow","max-snippet":"max-snippet:-1","max-image-preview":"max-image-preview:large","max-video-preview":"max-video-preview:-1"},"canonical":"https:\/\/www.renouvelle.be\/fr\/belgique-pompes-a-chaleur-16-pourcent-2025\/","og_locale":"fr_FR","og_type":"article","og_title":"Belgique : hausse de 16% sur le march\u00e9 des pompes \u00e0 chaleur - Renouvelle","og_description":"En Belgique, le march\u00e9 des pompes \u00e0 chaleur repart \u00e0 la hausse avec 16% de ventes en plus par rapport \u00e0 la m\u00eame p\u00e9riode, l'ann\u00e9e pass\u00e9e.","og_url":"https:\/\/www.renouvelle.be\/fr\/belgique-pompes-a-chaleur-16-pourcent-2025\/","og_site_name":"Renouvelle","article_published_time":"2025-08-19T09:10:06+00:00","article_modified_time":"2025-08-19T10:03:17+00:00","og_image":[{"width":2560,"height":1772,"url":"https:\/\/www.renouvelle.be\/wp-content\/uploads\/2025\/08\/AdobeStock_477978525-scaled.jpeg","type":"image\/jpeg"}],"author":"Samuel Alves","twitter_card":"summary_large_image","schema":{"@context":"https:\/\/schema.org","@graph":[{"@type":"Article","@id":"https:\/\/www.renouvelle.be\/fr\/belgique-pompes-a-chaleur-16-pourcent-2025\/#article","isPartOf":{"@id":"https:\/\/www.renouvelle.be\/fr\/belgique-pompes-a-chaleur-16-pourcent-2025\/"},"author":{"name":"Samuel Alves","@id":"https:\/\/www.renouvelle.be\/fr\/#\/schema\/person\/9d743366fb269eeceaa8d60e98d289d3"},"headline":"Belgique : hausse de 16% sur le march\u00e9 des pompes \u00e0 chaleur","datePublished":"2025-08-19T09:10:06+00:00","dateModified":"2025-08-19T10:03:17+00:00","mainEntityOfPage":{"@id":"https:\/\/www.renouvelle.be\/fr\/belgique-pompes-a-chaleur-16-pourcent-2025\/"},"wordCount":201,"image":{"@id":"https:\/\/www.renouvelle.be\/fr\/belgique-pompes-a-chaleur-16-pourcent-2025\/#primaryimage"},"thumbnailUrl":"https:\/\/www.renouvelle.be\/wp-content\/uploads\/2025\/08\/AdobeStock_477978525-scaled.jpeg","articleSection":["Actualit\u00e9","Actualit\u00e9 en Belgique"],"inLanguage":"fr-FR"},{"@type":"WebPage","@id":"https:\/\/www.renouvelle.be\/fr\/belgique-pompes-a-chaleur-16-pourcent-2025\/","url":"https:\/\/www.renouvelle.be\/fr\/belgique-pompes-a-chaleur-16-pourcent-2025\/","name":"Belgique : hausse de 16% sur le march\u00e9 des pompes \u00e0 chaleur - Renouvelle","isPartOf":{"@id":"https:\/\/www.renouvelle.be\/fr\/#website"},"primaryImageOfPage":{"@id":"https:\/\/www.renouvelle.be\/fr\/belgique-pompes-a-chaleur-16-pourcent-2025\/#primaryimage"},"image":{"@id":"https:\/\/www.renouvelle.be\/fr\/belgique-pompes-a-chaleur-16-pourcent-2025\/#primaryimage"},"thumbnailUrl":"https:\/\/www.renouvelle.be\/wp-content\/uploads\/2025\/08\/AdobeStock_477978525-scaled.jpeg","datePublished":"2025-08-19T09:10:06+00:00","dateModified":"2025-08-19T10:03:17+00:00","author":{"@id":"https:\/\/www.renouvelle.be\/fr\/#\/schema\/person\/9d743366fb269eeceaa8d60e98d289d3"},"description":"En Belgique, le march\u00e9 des pompes \u00e0 chaleur repart \u00e0 la hausse avec 16% de ventes en plus par rapport \u00e0 la m\u00eame p\u00e9riode, l'ann\u00e9e pass\u00e9e.","breadcrumb":{"@id":"https:\/\/www.renouvelle.be\/fr\/belgique-pompes-a-chaleur-16-pourcent-2025\/#breadcrumb"},"inLanguage":"fr-FR","potentialAction":[{"@type":"ReadAction","target":["https:\/\/www.renouvelle.be\/fr\/belgique-pompes-a-chaleur-16-pourcent-2025\/"]}]},{"@type":"ImageObject","inLanguage":"fr-FR","@id":"https:\/\/www.renouvelle.be\/fr\/belgique-pompes-a-chaleur-16-pourcent-2025\/#primaryimage","url":"https:\/\/www.renouvelle.be\/wp-content\/uploads\/2025\/08\/AdobeStock_477978525-scaled.jpeg","contentUrl":"https:\/\/www.renouvelle.be\/wp-content\/uploads\/2025\/08\/AdobeStock_477978525-scaled.jpeg","width":2560,"height":1772,"caption":"Croissance de 16 % du march\u00e9 belge des pompes \u00e0 chaleur en 2025"},{"@type":"BreadcrumbList","@id":"https:\/\/www.renouvelle.be\/fr\/belgique-pompes-a-chaleur-16-pourcent-2025\/#breadcrumb","itemListElement":[{"@type":"ListItem","position":1,"name":"Accueil","item":"https:\/\/www.renouvelle.be\/fr\/"},{"@type":"ListItem","position":2,"name":"Belgique : hausse de 16% sur le march\u00e9 des pompes \u00e0 chaleur"}]},{"@type":"WebSite","@id":"https:\/\/www.renouvelle.be\/fr\/#website","url":"https:\/\/www.renouvelle.be\/fr\/","name":"Renouvelle","description":"L&#039;actualit\u00e9 de l&#039;\u00e9nergie durable","potentialAction":[{"@type":"SearchAction","target":{"@type":"EntryPoint","urlTemplate":"https:\/\/www.renouvelle.be\/fr\/?s={search_term_string}"},"query-input":{"@type":"PropertyValueSpecification","valueRequired":true,"valueName":"search_term_string"}}],"inLanguage":"fr-FR"},{"@type":"Person","@id":"https:\/\/www.renouvelle.be\/fr\/#\/schema\/person\/9d743366fb269eeceaa8d60e98d289d3","name":"Samuel Alves","url":"https:\/\/www.renouvelle.be\/fr\/author\/salves\/"}]}},"_links":{"self":[{"href":"https:\/\/www.renouvelle.be\/fr\/wp-json\/wp\/v2\/posts\/15518","targetHints":{"allow":["GET"]}}],"collection":[{"href":"https:\/\/www.renouvelle.be\/fr\/wp-json\/wp\/v2\/posts"}],"about":[{"href":"https:\/\/www.renouvelle.be\/fr\/wp-json\/wp\/v2\/types\/post"}],"author":[{"embeddable":true,"href":"https:\/\/www.renouvelle.be\/fr\/wp-json\/wp\/v2\/users\/38"}],"replies":[{"embeddable":true,"href":"https:\/\/www.renouvelle.be\/fr\/wp-json\/wp\/v2\/comments?post=15518"}],"version-history":[{"count":8,"href":"https:\/\/www.renouvelle.be\/fr\/wp-json\/wp\/v2\/posts\/15518\/revisions"}],"predecessor-version":[{"id":15529,"href":"https:\/\/www.renouvelle.be\/fr\/wp-json\/wp\/v2\/posts\/15518\/revisions\/15529"}],"wp:featuredmedia":[{"embeddable":true,"href":"https:\/\/www.renouvelle.be\/fr\/wp-json\/wp\/v2\/media\/15522"}],"wp:attachment":[{"href":"https:\/\/www.renouvelle.be\/fr\/wp-json\/wp\/v2\/media?parent=15518"}],"wp:term":[{"taxonomy":"category","embeddable":true,"href":"https:\/\/www.renouvelle.be\/fr\/wp-json\/wp\/v2\/categories?post=15518"},{"taxonomy":"post_tag","embeddable":true,"href":"https:\/\/www.renouvelle.be\/fr\/wp-json\/wp\/v2\/tags?post=15518"},{"taxonomy":"section","embeddable":true,"href":"https:\/\/www.renouvelle.be\/fr\/wp-json\/wp\/v2\/section?post=15518"}],"curies":[{"name":"wp","href":"https:\/\/api.w.org\/{rel}","templated":true}]}}