{"id":15502,"date":"2025-08-13T16:26:24","date_gmt":"2025-08-13T14:26:24","guid":{"rendered":"https:\/\/www.renouvelle.be\/?p=15502"},"modified":"2025-08-13T16:29:31","modified_gmt":"2025-08-13T14:29:31","slug":"record-dheures-de-prix-negatifs-de-lelectricite-en-belgique","status":"publish","type":"post","link":"https:\/\/www.renouvelle.be\/fr\/record-dheures-de-prix-negatifs-de-lelectricite-en-belgique\/","title":{"rendered":"Record d\u2019heures de prix n\u00e9gatifs de l\u2019\u00e9lectricit\u00e9 en Belgique"},"content":{"rendered":"\n<p>Dimanche 10 ao\u00fbt signait un record\u00a0: celui du nombre d&rsquo;heures de prix n\u00e9gatifs sur le march\u00e9 de l\u2019\u00e9lectricit\u00e9. La Belgique comptabilise d\u00e9j\u00e0 plus de 408 heures. Selon <a href=\"https:\/\/eneco.be\/fr\/\" target=\"_blank\" rel=\"noreferrer noopener\">Eneco<\/a>, qui nous partage ces informations, dans le cas d\u2019un sc\u00e9nario m\u00e9t\u00e9o favorable, ces heures pourraient grimper jusqu\u2019\u00e0 800 heures encore cette ann\u00e9e, soit deux fois plus par rapport \u00e0 2024.<\/p>\n\n\n\n<p>La cause\u00a0de ce record est principalement due \u00e0 la conjugaison d\u2019une production solaire importante (elle-m\u00eame ayant pour origine un printemps tr\u00e8s lumineux et une expansion des installations solaires chez les particuliers) et la faible demande en \u00e9lectricit\u00e9, surtout les week-ends ensoleill\u00e9s.<\/p>\n\n\n\n<p>L\u2019amplitude qu\u2019ont connu ces prix a \u00e9t\u00e9 extr\u00eame avec -462 \u20ac\/MWh le 11 mai et +517 \u20ac\/MWh le 1er juillet. Ph\u00e9nom\u00e8ne r\u00e9cent, il \u00e9tait encore assez anecdotique il y a cinq ans mais il semblerait qu\u2019il faille s\u2019habituer \u00e0 le voir se reproduire dans les ann\u00e9es \u00e0 venir.<br><br>Pour la plupart des consommateurs, ces prix n\u00e9gatifs de l&rsquo;\u00e9lectricit\u00e9 n\u2019auront pas beaucoup d\u2019impact mais ceux ayant souscrit \u00e0 un <a href=\"https:\/\/www.renouvelle.be\/fr\/wallonie-nouveaux-tarifs-de-distribution-et-tarif-impact\/\" target=\"_blank\" rel=\"noreferrer noopener\">contrat<\/a> d\u2019\u00e9nergie dynamique recevront une compensation.<\/p>\n\n\n\n<p>Une situation qui devrait pousser \u00e0 d\u2019avantage de flexibilit\u00e9 dans le r\u00e9seau mais aussi \u00e0 une utilisation plus flexible de l\u2019\u00e9nergie de la part du consommateur.<\/p>\n","protected":false},"excerpt":{"rendered":"<p>Dimanche 10 ao\u00fbt signait un record\u00a0: celui du nombre d&rsquo;heures de prix n\u00e9gatifs sur le march\u00e9 de l\u2019\u00e9lectricit\u00e9. La Belgique comptabilise d\u00e9j\u00e0 plus de 408 heures. Selon Eneco, qui nous partage ces informations, dans le cas d\u2019un sc\u00e9nario m\u00e9t\u00e9o favorable, ces heures pourraient grimper jusqu\u2019\u00e0 800 heures encore cette ann\u00e9e, soit deux fois plus par rapport \u00e0 2024. La cause\u00a0de ce record est principalement due \u00e0 la conjugaison d\u2019une production solaire importante (elle-m\u00eame ayant pour origine un printemps tr\u00e8s lumineux et une expansion des installations solaires chez les particuliers) et la faible demande en \u00e9lectricit\u00e9, surtout les week-ends ensoleill\u00e9s. L\u2019amplitude qu\u2019ont connu ces prix a \u00e9t\u00e9 extr\u00eame avec -462 \u20ac\/MWh le 11 mai et +517 \u20ac\/MWh le 1er juillet. Ph\u00e9nom\u00e8ne r\u00e9cent, il \u00e9tait encore assez anecdotique il y a cinq ans mais il semblerait qu\u2019il faille s\u2019habituer \u00e0 le voir se reproduire dans les ann\u00e9es \u00e0 venir. Pour la plupart des consommateurs, ces prix n\u00e9gatifs de l&rsquo;\u00e9lectricit\u00e9 n\u2019auront pas beaucoup d\u2019impact mais ceux ayant souscrit \u00e0 un contrat d\u2019\u00e9nergie dynamique recevront une compensation. Une situation qui devrait pousser \u00e0 d\u2019avantage de flexibilit\u00e9 dans le r\u00e9seau mais aussi \u00e0 une utilisation plus flexible de l\u2019\u00e9nergie de la part du consommateur.<\/p>\n","protected":false},"author":38,"featured_media":15505,"comment_status":"closed","ping_status":"closed","sticky":false,"template":"","format":"standard","meta":{"_acf_changed":false,"footnotes":""},"categories":[16,17],"tags":[],"section":[8,13],"class_list":["post-15502","post","type-post","status-publish","format-standard","has-post-thumbnail","hentry","category-actualite","category-actualite-en-belgique","section-energie-renouvelables","section-solaire"],"acf":[],"yoast_head":"<!-- This site is optimized with the Yoast SEO plugin v27.5 - https:\/\/yoast.com\/product\/yoast-seo-wordpress\/ -->\n<title>Record d\u2019heures de prix n\u00e9gatifs de l\u2019\u00e9lectricit\u00e9 en Belgique - Renouvelle<\/title>\n<meta name=\"description\" content=\"En 2025, la Belgique bat le record d\u2019heures de prix n\u00e9gatifs de l\u2019\u00e9lectricit\u00e9. D\u00e9couvrez pourquoi et qui peut vraiment en profiter.\" \/>\n<meta name=\"robots\" content=\"index, follow, max-snippet:-1, max-image-preview:large, max-video-preview:-1\" \/>\n<link rel=\"canonical\" href=\"https:\/\/www.renouvelle.be\/fr\/record-dheures-de-prix-negatifs-de-lelectricite-en-belgique\/\" \/>\n<meta property=\"og:locale\" content=\"fr_FR\" \/>\n<meta property=\"og:type\" content=\"article\" \/>\n<meta property=\"og:title\" content=\"Record d\u2019heures de prix n\u00e9gatifs de l\u2019\u00e9lectricit\u00e9 en Belgique - Renouvelle\" \/>\n<meta property=\"og:description\" content=\"En 2025, la Belgique bat le record d\u2019heures de prix n\u00e9gatifs de l\u2019\u00e9lectricit\u00e9. D\u00e9couvrez pourquoi et qui peut vraiment en profiter.\" \/>\n<meta property=\"og:url\" content=\"https:\/\/www.renouvelle.be\/fr\/record-dheures-de-prix-negatifs-de-lelectricite-en-belgique\/\" \/>\n<meta property=\"og:site_name\" content=\"Renouvelle\" \/>\n<meta property=\"article:published_time\" content=\"2025-08-13T14:26:24+00:00\" \/>\n<meta property=\"article:modified_time\" content=\"2025-08-13T14:29:31+00:00\" \/>\n<meta property=\"og:image\" content=\"https:\/\/www.renouvelle.be\/wp-content\/uploads\/2025\/08\/AdobeStock_336398273-scaled.jpeg\" \/>\n\t<meta property=\"og:image:width\" content=\"2560\" \/>\n\t<meta property=\"og:image:height\" content=\"1293\" \/>\n\t<meta property=\"og:image:type\" content=\"image\/jpeg\" \/>\n<meta name=\"author\" content=\"Samuel Alves\" \/>\n<meta name=\"twitter:card\" content=\"summary_large_image\" \/>\n<script type=\"application\/ld+json\" class=\"yoast-schema-graph\">{\"@context\":\"https:\\\/\\\/schema.org\",\"@graph\":[{\"@type\":\"Article\",\"@id\":\"https:\\\/\\\/www.renouvelle.be\\\/fr\\\/record-dheures-de-prix-negatifs-de-lelectricite-en-belgique\\\/#article\",\"isPartOf\":{\"@id\":\"https:\\\/\\\/www.renouvelle.be\\\/fr\\\/record-dheures-de-prix-negatifs-de-lelectricite-en-belgique\\\/\"},\"author\":{\"name\":\"Samuel Alves\",\"@id\":\"https:\\\/\\\/www.renouvelle.be\\\/fr\\\/#\\\/schema\\\/person\\\/9d743366fb269eeceaa8d60e98d289d3\"},\"headline\":\"Record d\u2019heures de prix n\u00e9gatifs de l\u2019\u00e9lectricit\u00e9 en Belgique\",\"datePublished\":\"2025-08-13T14:26:24+00:00\",\"dateModified\":\"2025-08-13T14:29:31+00:00\",\"mainEntityOfPage\":{\"@id\":\"https:\\\/\\\/www.renouvelle.be\\\/fr\\\/record-dheures-de-prix-negatifs-de-lelectricite-en-belgique\\\/\"},\"wordCount\":230,\"image\":{\"@id\":\"https:\\\/\\\/www.renouvelle.be\\\/fr\\\/record-dheures-de-prix-negatifs-de-lelectricite-en-belgique\\\/#primaryimage\"},\"thumbnailUrl\":\"https:\\\/\\\/www.renouvelle.be\\\/wp-content\\\/uploads\\\/2025\\\/08\\\/AdobeStock_336398273-scaled.jpeg\",\"articleSection\":[\"Actualit\u00e9\",\"Actualit\u00e9 en Belgique\"],\"inLanguage\":\"fr-FR\"},{\"@type\":\"WebPage\",\"@id\":\"https:\\\/\\\/www.renouvelle.be\\\/fr\\\/record-dheures-de-prix-negatifs-de-lelectricite-en-belgique\\\/\",\"url\":\"https:\\\/\\\/www.renouvelle.be\\\/fr\\\/record-dheures-de-prix-negatifs-de-lelectricite-en-belgique\\\/\",\"name\":\"Record d\u2019heures de prix n\u00e9gatifs de l\u2019\u00e9lectricit\u00e9 en Belgique - Renouvelle\",\"isPartOf\":{\"@id\":\"https:\\\/\\\/www.renouvelle.be\\\/fr\\\/#website\"},\"primaryImageOfPage\":{\"@id\":\"https:\\\/\\\/www.renouvelle.be\\\/fr\\\/record-dheures-de-prix-negatifs-de-lelectricite-en-belgique\\\/#primaryimage\"},\"image\":{\"@id\":\"https:\\\/\\\/www.renouvelle.be\\\/fr\\\/record-dheures-de-prix-negatifs-de-lelectricite-en-belgique\\\/#primaryimage\"},\"thumbnailUrl\":\"https:\\\/\\\/www.renouvelle.be\\\/wp-content\\\/uploads\\\/2025\\\/08\\\/AdobeStock_336398273-scaled.jpeg\",\"datePublished\":\"2025-08-13T14:26:24+00:00\",\"dateModified\":\"2025-08-13T14:29:31+00:00\",\"author\":{\"@id\":\"https:\\\/\\\/www.renouvelle.be\\\/fr\\\/#\\\/schema\\\/person\\\/9d743366fb269eeceaa8d60e98d289d3\"},\"description\":\"En 2025, la Belgique bat le record d\u2019heures de prix n\u00e9gatifs de l\u2019\u00e9lectricit\u00e9. D\u00e9couvrez pourquoi et qui peut vraiment en profiter.\",\"breadcrumb\":{\"@id\":\"https:\\\/\\\/www.renouvelle.be\\\/fr\\\/record-dheures-de-prix-negatifs-de-lelectricite-en-belgique\\\/#breadcrumb\"},\"inLanguage\":\"fr-FR\",\"potentialAction\":[{\"@type\":\"ReadAction\",\"target\":[\"https:\\\/\\\/www.renouvelle.be\\\/fr\\\/record-dheures-de-prix-negatifs-de-lelectricite-en-belgique\\\/\"]}]},{\"@type\":\"ImageObject\",\"inLanguage\":\"fr-FR\",\"@id\":\"https:\\\/\\\/www.renouvelle.be\\\/fr\\\/record-dheures-de-prix-negatifs-de-lelectricite-en-belgique\\\/#primaryimage\",\"url\":\"https:\\\/\\\/www.renouvelle.be\\\/wp-content\\\/uploads\\\/2025\\\/08\\\/AdobeStock_336398273-scaled.jpeg\",\"contentUrl\":\"https:\\\/\\\/www.renouvelle.be\\\/wp-content\\\/uploads\\\/2025\\\/08\\\/AdobeStock_336398273-scaled.jpeg\",\"width\":2560,\"height\":1293,\"caption\":\"record prix n\u00e9gatifs de l'\u00e9lectricit\u00e9 gr\u00e2ce \u00e0 l'ensoleillement du printemps et aux panneaux solaires\"},{\"@type\":\"BreadcrumbList\",\"@id\":\"https:\\\/\\\/www.renouvelle.be\\\/fr\\\/record-dheures-de-prix-negatifs-de-lelectricite-en-belgique\\\/#breadcrumb\",\"itemListElement\":[{\"@type\":\"ListItem\",\"position\":1,\"name\":\"Accueil\",\"item\":\"https:\\\/\\\/www.renouvelle.be\\\/fr\\\/\"},{\"@type\":\"ListItem\",\"position\":2,\"name\":\"Record d\u2019heures de prix n\u00e9gatifs de l\u2019\u00e9lectricit\u00e9 en Belgique\"}]},{\"@type\":\"WebSite\",\"@id\":\"https:\\\/\\\/www.renouvelle.be\\\/fr\\\/#website\",\"url\":\"https:\\\/\\\/www.renouvelle.be\\\/fr\\\/\",\"name\":\"Renouvelle\",\"description\":\"L&#039;actualit\u00e9 de l&#039;\u00e9nergie durable\",\"potentialAction\":[{\"@type\":\"SearchAction\",\"target\":{\"@type\":\"EntryPoint\",\"urlTemplate\":\"https:\\\/\\\/www.renouvelle.be\\\/fr\\\/?s={search_term_string}\"},\"query-input\":{\"@type\":\"PropertyValueSpecification\",\"valueRequired\":true,\"valueName\":\"search_term_string\"}}],\"inLanguage\":\"fr-FR\"},{\"@type\":\"Person\",\"@id\":\"https:\\\/\\\/www.renouvelle.be\\\/fr\\\/#\\\/schema\\\/person\\\/9d743366fb269eeceaa8d60e98d289d3\",\"name\":\"Samuel Alves\",\"url\":\"https:\\\/\\\/www.renouvelle.be\\\/fr\\\/author\\\/salves\\\/\"}]}<\/script>\n<!-- \/ Yoast SEO plugin. -->","yoast_head_json":{"title":"Record d\u2019heures de prix n\u00e9gatifs de l\u2019\u00e9lectricit\u00e9 en Belgique - Renouvelle","description":"En 2025, la Belgique bat le record d\u2019heures de prix n\u00e9gatifs de l\u2019\u00e9lectricit\u00e9. D\u00e9couvrez pourquoi et qui peut vraiment en profiter.","robots":{"index":"index","follow":"follow","max-snippet":"max-snippet:-1","max-image-preview":"max-image-preview:large","max-video-preview":"max-video-preview:-1"},"canonical":"https:\/\/www.renouvelle.be\/fr\/record-dheures-de-prix-negatifs-de-lelectricite-en-belgique\/","og_locale":"fr_FR","og_type":"article","og_title":"Record d\u2019heures de prix n\u00e9gatifs de l\u2019\u00e9lectricit\u00e9 en Belgique - Renouvelle","og_description":"En 2025, la Belgique bat le record d\u2019heures de prix n\u00e9gatifs de l\u2019\u00e9lectricit\u00e9. D\u00e9couvrez pourquoi et qui peut vraiment en profiter.","og_url":"https:\/\/www.renouvelle.be\/fr\/record-dheures-de-prix-negatifs-de-lelectricite-en-belgique\/","og_site_name":"Renouvelle","article_published_time":"2025-08-13T14:26:24+00:00","article_modified_time":"2025-08-13T14:29:31+00:00","og_image":[{"width":2560,"height":1293,"url":"https:\/\/www.renouvelle.be\/wp-content\/uploads\/2025\/08\/AdobeStock_336398273-scaled.jpeg","type":"image\/jpeg"}],"author":"Samuel Alves","twitter_card":"summary_large_image","schema":{"@context":"https:\/\/schema.org","@graph":[{"@type":"Article","@id":"https:\/\/www.renouvelle.be\/fr\/record-dheures-de-prix-negatifs-de-lelectricite-en-belgique\/#article","isPartOf":{"@id":"https:\/\/www.renouvelle.be\/fr\/record-dheures-de-prix-negatifs-de-lelectricite-en-belgique\/"},"author":{"name":"Samuel Alves","@id":"https:\/\/www.renouvelle.be\/fr\/#\/schema\/person\/9d743366fb269eeceaa8d60e98d289d3"},"headline":"Record d\u2019heures de prix n\u00e9gatifs de l\u2019\u00e9lectricit\u00e9 en Belgique","datePublished":"2025-08-13T14:26:24+00:00","dateModified":"2025-08-13T14:29:31+00:00","mainEntityOfPage":{"@id":"https:\/\/www.renouvelle.be\/fr\/record-dheures-de-prix-negatifs-de-lelectricite-en-belgique\/"},"wordCount":230,"image":{"@id":"https:\/\/www.renouvelle.be\/fr\/record-dheures-de-prix-negatifs-de-lelectricite-en-belgique\/#primaryimage"},"thumbnailUrl":"https:\/\/www.renouvelle.be\/wp-content\/uploads\/2025\/08\/AdobeStock_336398273-scaled.jpeg","articleSection":["Actualit\u00e9","Actualit\u00e9 en Belgique"],"inLanguage":"fr-FR"},{"@type":"WebPage","@id":"https:\/\/www.renouvelle.be\/fr\/record-dheures-de-prix-negatifs-de-lelectricite-en-belgique\/","url":"https:\/\/www.renouvelle.be\/fr\/record-dheures-de-prix-negatifs-de-lelectricite-en-belgique\/","name":"Record d\u2019heures de prix n\u00e9gatifs de l\u2019\u00e9lectricit\u00e9 en Belgique - Renouvelle","isPartOf":{"@id":"https:\/\/www.renouvelle.be\/fr\/#website"},"primaryImageOfPage":{"@id":"https:\/\/www.renouvelle.be\/fr\/record-dheures-de-prix-negatifs-de-lelectricite-en-belgique\/#primaryimage"},"image":{"@id":"https:\/\/www.renouvelle.be\/fr\/record-dheures-de-prix-negatifs-de-lelectricite-en-belgique\/#primaryimage"},"thumbnailUrl":"https:\/\/www.renouvelle.be\/wp-content\/uploads\/2025\/08\/AdobeStock_336398273-scaled.jpeg","datePublished":"2025-08-13T14:26:24+00:00","dateModified":"2025-08-13T14:29:31+00:00","author":{"@id":"https:\/\/www.renouvelle.be\/fr\/#\/schema\/person\/9d743366fb269eeceaa8d60e98d289d3"},"description":"En 2025, la Belgique bat le record d\u2019heures de prix n\u00e9gatifs de l\u2019\u00e9lectricit\u00e9. D\u00e9couvrez pourquoi et qui peut vraiment en profiter.","breadcrumb":{"@id":"https:\/\/www.renouvelle.be\/fr\/record-dheures-de-prix-negatifs-de-lelectricite-en-belgique\/#breadcrumb"},"inLanguage":"fr-FR","potentialAction":[{"@type":"ReadAction","target":["https:\/\/www.renouvelle.be\/fr\/record-dheures-de-prix-negatifs-de-lelectricite-en-belgique\/"]}]},{"@type":"ImageObject","inLanguage":"fr-FR","@id":"https:\/\/www.renouvelle.be\/fr\/record-dheures-de-prix-negatifs-de-lelectricite-en-belgique\/#primaryimage","url":"https:\/\/www.renouvelle.be\/wp-content\/uploads\/2025\/08\/AdobeStock_336398273-scaled.jpeg","contentUrl":"https:\/\/www.renouvelle.be\/wp-content\/uploads\/2025\/08\/AdobeStock_336398273-scaled.jpeg","width":2560,"height":1293,"caption":"record prix n\u00e9gatifs de l'\u00e9lectricit\u00e9 gr\u00e2ce \u00e0 l'ensoleillement du printemps et aux panneaux solaires"},{"@type":"BreadcrumbList","@id":"https:\/\/www.renouvelle.be\/fr\/record-dheures-de-prix-negatifs-de-lelectricite-en-belgique\/#breadcrumb","itemListElement":[{"@type":"ListItem","position":1,"name":"Accueil","item":"https:\/\/www.renouvelle.be\/fr\/"},{"@type":"ListItem","position":2,"name":"Record d\u2019heures de prix n\u00e9gatifs de l\u2019\u00e9lectricit\u00e9 en Belgique"}]},{"@type":"WebSite","@id":"https:\/\/www.renouvelle.be\/fr\/#website","url":"https:\/\/www.renouvelle.be\/fr\/","name":"Renouvelle","description":"L&#039;actualit\u00e9 de l&#039;\u00e9nergie durable","potentialAction":[{"@type":"SearchAction","target":{"@type":"EntryPoint","urlTemplate":"https:\/\/www.renouvelle.be\/fr\/?s={search_term_string}"},"query-input":{"@type":"PropertyValueSpecification","valueRequired":true,"valueName":"search_term_string"}}],"inLanguage":"fr-FR"},{"@type":"Person","@id":"https:\/\/www.renouvelle.be\/fr\/#\/schema\/person\/9d743366fb269eeceaa8d60e98d289d3","name":"Samuel Alves","url":"https:\/\/www.renouvelle.be\/fr\/author\/salves\/"}]}},"_links":{"self":[{"href":"https:\/\/www.renouvelle.be\/fr\/wp-json\/wp\/v2\/posts\/15502","targetHints":{"allow":["GET"]}}],"collection":[{"href":"https:\/\/www.renouvelle.be\/fr\/wp-json\/wp\/v2\/posts"}],"about":[{"href":"https:\/\/www.renouvelle.be\/fr\/wp-json\/wp\/v2\/types\/post"}],"author":[{"embeddable":true,"href":"https:\/\/www.renouvelle.be\/fr\/wp-json\/wp\/v2\/users\/38"}],"replies":[{"embeddable":true,"href":"https:\/\/www.renouvelle.be\/fr\/wp-json\/wp\/v2\/comments?post=15502"}],"version-history":[{"count":9,"href":"https:\/\/www.renouvelle.be\/fr\/wp-json\/wp\/v2\/posts\/15502\/revisions"}],"predecessor-version":[{"id":15513,"href":"https:\/\/www.renouvelle.be\/fr\/wp-json\/wp\/v2\/posts\/15502\/revisions\/15513"}],"wp:featuredmedia":[{"embeddable":true,"href":"https:\/\/www.renouvelle.be\/fr\/wp-json\/wp\/v2\/media\/15505"}],"wp:attachment":[{"href":"https:\/\/www.renouvelle.be\/fr\/wp-json\/wp\/v2\/media?parent=15502"}],"wp:term":[{"taxonomy":"category","embeddable":true,"href":"https:\/\/www.renouvelle.be\/fr\/wp-json\/wp\/v2\/categories?post=15502"},{"taxonomy":"post_tag","embeddable":true,"href":"https:\/\/www.renouvelle.be\/fr\/wp-json\/wp\/v2\/tags?post=15502"},{"taxonomy":"section","embeddable":true,"href":"https:\/\/www.renouvelle.be\/fr\/wp-json\/wp\/v2\/section?post=15502"}],"curies":[{"name":"wp","href":"https:\/\/api.w.org\/{rel}","templated":true}]}}