{"id":15489,"date":"2025-08-07T13:32:42","date_gmt":"2025-08-07T11:32:42","guid":{"rendered":"https:\/\/www.renouvelle.be\/?p=15489"},"modified":"2025-08-07T16:08:57","modified_gmt":"2025-08-07T14:08:57","slug":"taxe-carbone-aviation-europe","status":"publish","type":"post","link":"https:\/\/www.renouvelle.be\/fr\/taxe-carbone-aviation-europe\/","title":{"rendered":"Mieux taxer l\u2019aviation\u00a0: jusqu\u2019\u00e0 1100 milliards d\u2019euros pour l\u2019UE"},"content":{"rendered":"\n<p>Verra-t-on bient\u00f4t la fin des exemptions li\u00e9es au march\u00e9 du carbone pour l\u2019industrie de l\u2019aviation ? Pour cela, il faudrait que la Commission europ\u00e9enne le d\u00e9cide lors de la r\u00e9vision du <a href=\"https:\/\/climate.ec.europa.eu\/eu-action\/eu-emissions-trading-system-eu-ets_en\" target=\"_blank\" rel=\"noreferrer noopener\">SEQE<\/a> (Syst\u00e8me d\u2019\u00c9change de Quotas d\u2019\u00c9mission), pr\u00e9vue en septembre 2026. L\u2019ONG Carbon Market Watch partage une \u00e9tude qui en r\u00e9v\u00e8le des incoh\u00e9rences mais qui propose aussi, et surtout, des recommandations afin de l\u2019appliquer plus efficacement.<\/p>\n\n\n\n<p>Pour le moment, seuls les vols int\u00e9rieurs dans l\u2019espace \u00e9conomique europ\u00e9en sont concern\u00e9s par le syst\u00e8me qui, pour rappel, n&rsquo;est pas une taxe au sens strict mais un march\u00e9 qui impose un co\u00fbt aux \u00e9missions. Les trajets intercontinentaux en partance ou \u00e0 destination de l\u2019Europe en sont encore exempt\u00e9s. \u00c0 noter que pr\u00e8s de la moiti\u00e9 des \u00e9missions des vols intra-europ\u00e9ens le sont aussi.<\/p>\n\n\n\n<p>Dans l\u2019\u00e9tat actuel de la directive europ\u00e9enne, seulement 15 % de l\u2019impact climatique d\u00fb au secteur de l\u2019aviation seraient vis\u00e9s sur le march\u00e9 du carbone en 2026. Certes, il s\u2019agit toujours d\u2019un pourcentage plus important qu\u2019en 2023 (7 %), mais n\u2019est-il pas possible d\u2019aller encore plus loin ? Quand on sait que les \u00e9missions issues du secteur de l\u2019aviation ont encore augment\u00e9 de 15 % l\u2019ann\u00e9e pass\u00e9e, n\u2019est-il pas temps d\u2019\u00eatre plus proactif ?<\/p>\n\n\n\n<p>Pourquoi ne pas commencer par \u00e9largir l\u2019application du SEQE \u00e0 d\u2019autres types d\u2019\u00e9missions qui contribuent aussi au r\u00e9chauffement climatique ? En effet, les oxydes d\u2019azote, le dioxyde de soufre, les vapeurs d\u2019eau ou encore les particules de suie ne sont pas concern\u00e9s par la directive (mais ces \u00e9missions doivent \u00eatre surveill\u00e9es). Bien que l\u2019incertitude plane encore, cela pourrait changer fin 2027, avec la publication d\u2019un rapport analysant leurs effets, ce qui pourrait mener \u00e0 leur appliquer des prix \u00e9galement.<\/p>\n\n\n\n<p>Mais ce n\u2019est pas tout, puisque les jets priv\u00e9s \u00e9chappent aussi au syst\u00e8me, du moins pour l\u2019instant.<\/p>\n\n\n\n<p>Toujours selon Carbon Market Watch, si l\u2019Europe appliquait le SEQE aux <a href=\"https:\/\/www.renouvelle.be\/fr\/la-publicite-pour-les-combustibles-fossiles-a-la-haye-cest-fini\/\" target=\"_blank\" rel=\"noreferrer noopener\">vols<\/a> intercontinentaux, les recettes g\u00e9n\u00e9r\u00e9es par celle-ci pourraient passer de 112 \u00e0 417 milliards d\u2019euros entre 2025 et 2040, contre 196 milliards si les vols int\u00e9rieurs continuaient d\u2019\u00eatre les seuls concern\u00e9s.<\/p>\n\n\n\n<p>Et en incluant les jets priv\u00e9s et les autres types d\u2019\u00e9missions cit\u00e9es plus haut ? Elles pourraient grimper jusqu\u2019\u00e0 1 100 milliards d\u2019euros.<\/p>\n\n\n\n<figure class=\"wp-block-image size-full\"><img loading=\"lazy\" decoding=\"async\" width=\"976\" height=\"367\" src=\"https:\/\/www.renouvelle.be\/wp-content\/uploads\/2025\/08\/Taxation-avion-01.jpg\" alt=\"sch\u00e9ma montrant les b\u00e9n\u00e9fices du meilleur sc\u00e9nario de la taxe carbone dans le secteur de l'aviation\" class=\"wp-image-15493\" srcset=\"https:\/\/www.renouvelle.be\/wp-content\/uploads\/2025\/08\/Taxation-avion-01.jpg 976w, https:\/\/www.renouvelle.be\/wp-content\/uploads\/2025\/08\/Taxation-avion-01-300x113.jpg 300w, https:\/\/www.renouvelle.be\/wp-content\/uploads\/2025\/08\/Taxation-avion-01-768x289.jpg 768w\" sizes=\"auto, (max-width: 976px) 100vw, 976px\" \/><figcaption class=\"wp-element-caption\">Revenus cumul\u00e9s en incluant les jets priv\u00e9s et les \u00e9missions autres que le CO<sub>2<\/sub> (graphique de droite, en rouge). Source : Carbon Market Watch<\/figcaption><\/figure>\n\n\n\n<p>Carbon Market Watch profite \u00e9galement de cette \u00e9tude pour faire quelques recommandations comme :<\/p>\n\n\n\n<ul class=\"wp-block-list\">\n<li>Faire payer tous les vols qui partent d\u2019Europe pour leurs \u00e9missions carbone.<\/li>\n\n\n\n<li>Int\u00e9grer tous les jets priv\u00e9s dans le syst\u00e8me, avec un prix plus \u00e9lev\u00e9 pour leur forte pollution.<\/li>\n\n\n\n<li>Compter aussi les effets non li\u00e9s au CO\u2082 (comme les tra\u00een\u00e9es et autres gaz) dans le calcul.<\/li>\n\n\n\n<li>Encourager l\u2019usage de carburants propres comme l\u2019e-k\u00e9ros\u00e8ne, en les finan\u00e7ant via le march\u00e9 carbone.<\/li>\n\n\n\n<li>Exclure les faux carburants \u201cverts\u201d comme certains biocarburants, inefficaces et polluants.<\/li>\n\n\n\n<li>S\u2019assurer que tous les pays europ\u00e9ens appliquent des sanctions claires aux compagnies qui ne respectent pas les r\u00e8gles.<\/li>\n\n\n\n<li>Investir dans le train pour r\u00e9duire les vols courts en Europe et rendre le rail plus comp\u00e9titif.<\/li>\n\n\n\n<li>Utiliser une partie des recettes pour aider les travailleurs de l\u2019aviation et soutenir les pays les plus vuln\u00e9rables au changement climatique.<\/li>\n<\/ul>\n\n\n\n<p>Quoi qu\u2019il en soit, il sera bient\u00f4t l\u2019heure pour la Commission europ\u00e9enne de faire un choix : passer \u00e0 l\u2019action concr\u00e8te pour l\u2019avenir et le bien commun de tous, ou continuer \u00e0 brasser de l\u2019air avec des effets d\u2019annonce.<\/p>\n\n\n\n<p>L\u2019\u00e9tude de Carbon Market Watch est \u00e0 lire dans son int\u00e9gralit\u00e9 <a href=\"https:\/\/carbonmarketwatch.org\/wp-content\/uploads\/2025\/08\/Sky-polluters-aviation-briefing-1.pdf\" target=\"_blank\" rel=\"noreferrer noopener\">ici<\/a>.<\/p>\n\n\n\n<p><\/p>\n","protected":false},"excerpt":{"rendered":"<p>Verra-t-on bient\u00f4t la fin des exemptions li\u00e9es au march\u00e9 du carbone pour l\u2019industrie de l\u2019aviation ? Pour cela, il faudrait que la Commission europ\u00e9enne le d\u00e9cide lors de la r\u00e9vision du SEQE (Syst\u00e8me d\u2019\u00c9change de Quotas d\u2019\u00c9mission), pr\u00e9vue en septembre 2026. L\u2019ONG Carbon Market Watch partage une \u00e9tude qui en r\u00e9v\u00e8le des incoh\u00e9rences mais qui propose aussi, et surtout, des recommandations afin de l\u2019appliquer plus efficacement. Pour le moment, seuls les vols int\u00e9rieurs dans l\u2019espace \u00e9conomique europ\u00e9en sont concern\u00e9s par le syst\u00e8me qui, pour rappel, n&rsquo;est pas une taxe au sens strict mais un march\u00e9 qui impose un co\u00fbt aux \u00e9missions. Les trajets intercontinentaux en partance ou \u00e0 destination de l\u2019Europe en sont encore exempt\u00e9s. \u00c0 noter que pr\u00e8s de la moiti\u00e9 des \u00e9missions des vols intra-europ\u00e9ens le sont aussi. Dans l\u2019\u00e9tat actuel de la directive europ\u00e9enne, seulement 15 % de l\u2019impact climatique d\u00fb au secteur de l\u2019aviation seraient vis\u00e9s sur le march\u00e9 du carbone en 2026. Certes, il s\u2019agit toujours d\u2019un pourcentage plus important qu\u2019en 2023 (7 %), mais n\u2019est-il pas possible d\u2019aller encore plus loin ? Quand on sait que les \u00e9missions issues du secteur de l\u2019aviation ont encore augment\u00e9 de 15 % l\u2019ann\u00e9e pass\u00e9e, n\u2019est-il pas temps d\u2019\u00eatre plus proactif ? Pourquoi ne pas commencer par \u00e9largir l\u2019application du SEQE \u00e0 d\u2019autres types d\u2019\u00e9missions qui contribuent aussi au r\u00e9chauffement climatique ? En effet, les oxydes d\u2019azote, le dioxyde de soufre, les vapeurs d\u2019eau ou encore les particules de suie ne sont pas concern\u00e9s par la directive (mais ces \u00e9missions doivent \u00eatre surveill\u00e9es). Bien que l\u2019incertitude plane encore, cela pourrait changer fin 2027, avec la publication d\u2019un rapport analysant leurs effets, ce qui pourrait mener \u00e0 leur appliquer des prix \u00e9galement. Mais ce n\u2019est pas tout, puisque les &hellip; <a href=\"https:\/\/www.renouvelle.be\/fr\/taxe-carbone-aviation-europe\/\" class=\"more-link\">Continue reading<span class=\"screen-reader-text\"> \u00ab\u00a0Mieux taxer l\u2019aviation\u00a0: jusqu\u2019\u00e0 1100 milliards d\u2019euros pour l\u2019UE\u00a0\u00bb<\/span><\/a><\/p>\n","protected":false},"author":38,"featured_media":15491,"comment_status":"closed","ping_status":"closed","sticky":false,"template":"","format":"standard","meta":{"_acf_changed":false,"footnotes":""},"categories":[16,18],"tags":[],"section":[8,12],"class_list":["post-15489","post","type-post","status-publish","format-standard","has-post-thumbnail","hentry","category-actualite","category-actualite-internationale","section-energie-renouvelables","section-mobilite"],"acf":[],"yoast_head":"<!-- This site is optimized with the Yoast SEO plugin v27.5 - https:\/\/yoast.com\/product\/yoast-seo-wordpress\/ -->\n<title>Mieux taxer l\u2019aviation\u00a0: jusqu\u2019\u00e0 1100 milliards d\u2019euros pour l\u2019UE - Renouvelle<\/title>\n<meta name=\"description\" content=\"\u00c9tendre la taxe carbone de l\u2019aviation aux jet priv\u00e9s et vols intercontinentaux : un potentiel de 1 100 milliards \u20ac pour l\u2019Europe d\u2019ici 2040.\" \/>\n<meta name=\"robots\" content=\"index, follow, max-snippet:-1, max-image-preview:large, max-video-preview:-1\" \/>\n<link rel=\"canonical\" href=\"https:\/\/www.renouvelle.be\/fr\/taxe-carbone-aviation-europe\/\" \/>\n<meta property=\"og:locale\" content=\"fr_FR\" \/>\n<meta property=\"og:type\" content=\"article\" \/>\n<meta property=\"og:title\" content=\"Mieux taxer l\u2019aviation\u00a0: jusqu\u2019\u00e0 1100 milliards d\u2019euros pour l\u2019UE - Renouvelle\" \/>\n<meta property=\"og:description\" content=\"\u00c9tendre la taxe carbone de l\u2019aviation aux jet priv\u00e9s et vols intercontinentaux : un potentiel de 1 100 milliards \u20ac pour l\u2019Europe d\u2019ici 2040.\" \/>\n<meta property=\"og:url\" content=\"https:\/\/www.renouvelle.be\/fr\/taxe-carbone-aviation-europe\/\" \/>\n<meta property=\"og:site_name\" content=\"Renouvelle\" \/>\n<meta property=\"article:published_time\" content=\"2025-08-07T11:32:42+00:00\" \/>\n<meta property=\"article:modified_time\" content=\"2025-08-07T14:08:57+00:00\" \/>\n<meta property=\"og:image\" content=\"https:\/\/www.renouvelle.be\/wp-content\/uploads\/2025\/08\/AdobeStock_277714478-scaled-e1754566207760.jpeg\" \/>\n\t<meta property=\"og:image:width\" content=\"2560\" \/>\n\t<meta property=\"og:image:height\" content=\"1480\" \/>\n\t<meta property=\"og:image:type\" content=\"image\/jpeg\" \/>\n<meta name=\"author\" content=\"Samuel Alves\" \/>\n<meta name=\"twitter:card\" content=\"summary_large_image\" \/>\n<script type=\"application\/ld+json\" class=\"yoast-schema-graph\">{\"@context\":\"https:\\\/\\\/schema.org\",\"@graph\":[{\"@type\":\"Article\",\"@id\":\"https:\\\/\\\/www.renouvelle.be\\\/fr\\\/taxe-carbone-aviation-europe\\\/#article\",\"isPartOf\":{\"@id\":\"https:\\\/\\\/www.renouvelle.be\\\/fr\\\/taxe-carbone-aviation-europe\\\/\"},\"author\":{\"name\":\"Samuel Alves\",\"@id\":\"https:\\\/\\\/www.renouvelle.be\\\/fr\\\/#\\\/schema\\\/person\\\/9d743366fb269eeceaa8d60e98d289d3\"},\"headline\":\"Mieux taxer l\u2019aviation\u00a0: jusqu\u2019\u00e0 1100 milliards d\u2019euros pour l\u2019UE\",\"datePublished\":\"2025-08-07T11:32:42+00:00\",\"dateModified\":\"2025-08-07T14:08:57+00:00\",\"mainEntityOfPage\":{\"@id\":\"https:\\\/\\\/www.renouvelle.be\\\/fr\\\/taxe-carbone-aviation-europe\\\/\"},\"wordCount\":660,\"image\":{\"@id\":\"https:\\\/\\\/www.renouvelle.be\\\/fr\\\/taxe-carbone-aviation-europe\\\/#primaryimage\"},\"thumbnailUrl\":\"https:\\\/\\\/www.renouvelle.be\\\/wp-content\\\/uploads\\\/2025\\\/08\\\/AdobeStock_277714478-scaled-e1754566207760.jpeg\",\"articleSection\":[\"Actualit\u00e9\",\"Actualit\u00e9 internationale\"],\"inLanguage\":\"fr-FR\"},{\"@type\":\"WebPage\",\"@id\":\"https:\\\/\\\/www.renouvelle.be\\\/fr\\\/taxe-carbone-aviation-europe\\\/\",\"url\":\"https:\\\/\\\/www.renouvelle.be\\\/fr\\\/taxe-carbone-aviation-europe\\\/\",\"name\":\"Mieux taxer l\u2019aviation\u00a0: jusqu\u2019\u00e0 1100 milliards d\u2019euros pour l\u2019UE - Renouvelle\",\"isPartOf\":{\"@id\":\"https:\\\/\\\/www.renouvelle.be\\\/fr\\\/#website\"},\"primaryImageOfPage\":{\"@id\":\"https:\\\/\\\/www.renouvelle.be\\\/fr\\\/taxe-carbone-aviation-europe\\\/#primaryimage\"},\"image\":{\"@id\":\"https:\\\/\\\/www.renouvelle.be\\\/fr\\\/taxe-carbone-aviation-europe\\\/#primaryimage\"},\"thumbnailUrl\":\"https:\\\/\\\/www.renouvelle.be\\\/wp-content\\\/uploads\\\/2025\\\/08\\\/AdobeStock_277714478-scaled-e1754566207760.jpeg\",\"datePublished\":\"2025-08-07T11:32:42+00:00\",\"dateModified\":\"2025-08-07T14:08:57+00:00\",\"author\":{\"@id\":\"https:\\\/\\\/www.renouvelle.be\\\/fr\\\/#\\\/schema\\\/person\\\/9d743366fb269eeceaa8d60e98d289d3\"},\"description\":\"\u00c9tendre la taxe carbone de l\u2019aviation aux jet priv\u00e9s et vols intercontinentaux : un potentiel de 1 100 milliards \u20ac pour l\u2019Europe d\u2019ici 2040.\",\"breadcrumb\":{\"@id\":\"https:\\\/\\\/www.renouvelle.be\\\/fr\\\/taxe-carbone-aviation-europe\\\/#breadcrumb\"},\"inLanguage\":\"fr-FR\",\"potentialAction\":[{\"@type\":\"ReadAction\",\"target\":[\"https:\\\/\\\/www.renouvelle.be\\\/fr\\\/taxe-carbone-aviation-europe\\\/\"]}]},{\"@type\":\"ImageObject\",\"inLanguage\":\"fr-FR\",\"@id\":\"https:\\\/\\\/www.renouvelle.be\\\/fr\\\/taxe-carbone-aviation-europe\\\/#primaryimage\",\"url\":\"https:\\\/\\\/www.renouvelle.be\\\/wp-content\\\/uploads\\\/2025\\\/08\\\/AdobeStock_277714478-scaled-e1754566207760.jpeg\",\"contentUrl\":\"https:\\\/\\\/www.renouvelle.be\\\/wp-content\\\/uploads\\\/2025\\\/08\\\/AdobeStock_277714478-scaled-e1754566207760.jpeg\",\"width\":2560,\"height\":1480,\"caption\":\"Photo d\u2019un avion en vol soumis \u00e0 la taxe carbone aviation\"},{\"@type\":\"BreadcrumbList\",\"@id\":\"https:\\\/\\\/www.renouvelle.be\\\/fr\\\/taxe-carbone-aviation-europe\\\/#breadcrumb\",\"itemListElement\":[{\"@type\":\"ListItem\",\"position\":1,\"name\":\"Accueil\",\"item\":\"https:\\\/\\\/www.renouvelle.be\\\/fr\\\/\"},{\"@type\":\"ListItem\",\"position\":2,\"name\":\"Mieux taxer l\u2019aviation\u00a0: jusqu\u2019\u00e0 1100 milliards d\u2019euros pour l\u2019UE\"}]},{\"@type\":\"WebSite\",\"@id\":\"https:\\\/\\\/www.renouvelle.be\\\/fr\\\/#website\",\"url\":\"https:\\\/\\\/www.renouvelle.be\\\/fr\\\/\",\"name\":\"Renouvelle\",\"description\":\"L&#039;actualit\u00e9 de l&#039;\u00e9nergie durable\",\"potentialAction\":[{\"@type\":\"SearchAction\",\"target\":{\"@type\":\"EntryPoint\",\"urlTemplate\":\"https:\\\/\\\/www.renouvelle.be\\\/fr\\\/?s={search_term_string}\"},\"query-input\":{\"@type\":\"PropertyValueSpecification\",\"valueRequired\":true,\"valueName\":\"search_term_string\"}}],\"inLanguage\":\"fr-FR\"},{\"@type\":\"Person\",\"@id\":\"https:\\\/\\\/www.renouvelle.be\\\/fr\\\/#\\\/schema\\\/person\\\/9d743366fb269eeceaa8d60e98d289d3\",\"name\":\"Samuel Alves\",\"url\":\"https:\\\/\\\/www.renouvelle.be\\\/fr\\\/author\\\/salves\\\/\"}]}<\/script>\n<!-- \/ Yoast SEO plugin. -->","yoast_head_json":{"title":"Mieux taxer l\u2019aviation\u00a0: jusqu\u2019\u00e0 1100 milliards d\u2019euros pour l\u2019UE - Renouvelle","description":"\u00c9tendre la taxe carbone de l\u2019aviation aux jet priv\u00e9s et vols intercontinentaux : un potentiel de 1 100 milliards \u20ac pour l\u2019Europe d\u2019ici 2040.","robots":{"index":"index","follow":"follow","max-snippet":"max-snippet:-1","max-image-preview":"max-image-preview:large","max-video-preview":"max-video-preview:-1"},"canonical":"https:\/\/www.renouvelle.be\/fr\/taxe-carbone-aviation-europe\/","og_locale":"fr_FR","og_type":"article","og_title":"Mieux taxer l\u2019aviation\u00a0: jusqu\u2019\u00e0 1100 milliards d\u2019euros pour l\u2019UE - Renouvelle","og_description":"\u00c9tendre la taxe carbone de l\u2019aviation aux jet priv\u00e9s et vols intercontinentaux : un potentiel de 1 100 milliards \u20ac pour l\u2019Europe d\u2019ici 2040.","og_url":"https:\/\/www.renouvelle.be\/fr\/taxe-carbone-aviation-europe\/","og_site_name":"Renouvelle","article_published_time":"2025-08-07T11:32:42+00:00","article_modified_time":"2025-08-07T14:08:57+00:00","og_image":[{"width":2560,"height":1480,"url":"https:\/\/www.renouvelle.be\/wp-content\/uploads\/2025\/08\/AdobeStock_277714478-scaled-e1754566207760.jpeg","type":"image\/jpeg"}],"author":"Samuel Alves","twitter_card":"summary_large_image","schema":{"@context":"https:\/\/schema.org","@graph":[{"@type":"Article","@id":"https:\/\/www.renouvelle.be\/fr\/taxe-carbone-aviation-europe\/#article","isPartOf":{"@id":"https:\/\/www.renouvelle.be\/fr\/taxe-carbone-aviation-europe\/"},"author":{"name":"Samuel Alves","@id":"https:\/\/www.renouvelle.be\/fr\/#\/schema\/person\/9d743366fb269eeceaa8d60e98d289d3"},"headline":"Mieux taxer l\u2019aviation\u00a0: jusqu\u2019\u00e0 1100 milliards d\u2019euros pour l\u2019UE","datePublished":"2025-08-07T11:32:42+00:00","dateModified":"2025-08-07T14:08:57+00:00","mainEntityOfPage":{"@id":"https:\/\/www.renouvelle.be\/fr\/taxe-carbone-aviation-europe\/"},"wordCount":660,"image":{"@id":"https:\/\/www.renouvelle.be\/fr\/taxe-carbone-aviation-europe\/#primaryimage"},"thumbnailUrl":"https:\/\/www.renouvelle.be\/wp-content\/uploads\/2025\/08\/AdobeStock_277714478-scaled-e1754566207760.jpeg","articleSection":["Actualit\u00e9","Actualit\u00e9 internationale"],"inLanguage":"fr-FR"},{"@type":"WebPage","@id":"https:\/\/www.renouvelle.be\/fr\/taxe-carbone-aviation-europe\/","url":"https:\/\/www.renouvelle.be\/fr\/taxe-carbone-aviation-europe\/","name":"Mieux taxer l\u2019aviation\u00a0: jusqu\u2019\u00e0 1100 milliards d\u2019euros pour l\u2019UE - Renouvelle","isPartOf":{"@id":"https:\/\/www.renouvelle.be\/fr\/#website"},"primaryImageOfPage":{"@id":"https:\/\/www.renouvelle.be\/fr\/taxe-carbone-aviation-europe\/#primaryimage"},"image":{"@id":"https:\/\/www.renouvelle.be\/fr\/taxe-carbone-aviation-europe\/#primaryimage"},"thumbnailUrl":"https:\/\/www.renouvelle.be\/wp-content\/uploads\/2025\/08\/AdobeStock_277714478-scaled-e1754566207760.jpeg","datePublished":"2025-08-07T11:32:42+00:00","dateModified":"2025-08-07T14:08:57+00:00","author":{"@id":"https:\/\/www.renouvelle.be\/fr\/#\/schema\/person\/9d743366fb269eeceaa8d60e98d289d3"},"description":"\u00c9tendre la taxe carbone de l\u2019aviation aux jet priv\u00e9s et vols intercontinentaux : un potentiel de 1 100 milliards \u20ac pour l\u2019Europe d\u2019ici 2040.","breadcrumb":{"@id":"https:\/\/www.renouvelle.be\/fr\/taxe-carbone-aviation-europe\/#breadcrumb"},"inLanguage":"fr-FR","potentialAction":[{"@type":"ReadAction","target":["https:\/\/www.renouvelle.be\/fr\/taxe-carbone-aviation-europe\/"]}]},{"@type":"ImageObject","inLanguage":"fr-FR","@id":"https:\/\/www.renouvelle.be\/fr\/taxe-carbone-aviation-europe\/#primaryimage","url":"https:\/\/www.renouvelle.be\/wp-content\/uploads\/2025\/08\/AdobeStock_277714478-scaled-e1754566207760.jpeg","contentUrl":"https:\/\/www.renouvelle.be\/wp-content\/uploads\/2025\/08\/AdobeStock_277714478-scaled-e1754566207760.jpeg","width":2560,"height":1480,"caption":"Photo d\u2019un avion en vol soumis \u00e0 la taxe carbone aviation"},{"@type":"BreadcrumbList","@id":"https:\/\/www.renouvelle.be\/fr\/taxe-carbone-aviation-europe\/#breadcrumb","itemListElement":[{"@type":"ListItem","position":1,"name":"Accueil","item":"https:\/\/www.renouvelle.be\/fr\/"},{"@type":"ListItem","position":2,"name":"Mieux taxer l\u2019aviation\u00a0: jusqu\u2019\u00e0 1100 milliards d\u2019euros pour l\u2019UE"}]},{"@type":"WebSite","@id":"https:\/\/www.renouvelle.be\/fr\/#website","url":"https:\/\/www.renouvelle.be\/fr\/","name":"Renouvelle","description":"L&#039;actualit\u00e9 de l&#039;\u00e9nergie durable","potentialAction":[{"@type":"SearchAction","target":{"@type":"EntryPoint","urlTemplate":"https:\/\/www.renouvelle.be\/fr\/?s={search_term_string}"},"query-input":{"@type":"PropertyValueSpecification","valueRequired":true,"valueName":"search_term_string"}}],"inLanguage":"fr-FR"},{"@type":"Person","@id":"https:\/\/www.renouvelle.be\/fr\/#\/schema\/person\/9d743366fb269eeceaa8d60e98d289d3","name":"Samuel Alves","url":"https:\/\/www.renouvelle.be\/fr\/author\/salves\/"}]}},"_links":{"self":[{"href":"https:\/\/www.renouvelle.be\/fr\/wp-json\/wp\/v2\/posts\/15489","targetHints":{"allow":["GET"]}}],"collection":[{"href":"https:\/\/www.renouvelle.be\/fr\/wp-json\/wp\/v2\/posts"}],"about":[{"href":"https:\/\/www.renouvelle.be\/fr\/wp-json\/wp\/v2\/types\/post"}],"author":[{"embeddable":true,"href":"https:\/\/www.renouvelle.be\/fr\/wp-json\/wp\/v2\/users\/38"}],"replies":[{"embeddable":true,"href":"https:\/\/www.renouvelle.be\/fr\/wp-json\/wp\/v2\/comments?post=15489"}],"version-history":[{"count":6,"href":"https:\/\/www.renouvelle.be\/fr\/wp-json\/wp\/v2\/posts\/15489\/revisions"}],"predecessor-version":[{"id":15501,"href":"https:\/\/www.renouvelle.be\/fr\/wp-json\/wp\/v2\/posts\/15489\/revisions\/15501"}],"wp:featuredmedia":[{"embeddable":true,"href":"https:\/\/www.renouvelle.be\/fr\/wp-json\/wp\/v2\/media\/15491"}],"wp:attachment":[{"href":"https:\/\/www.renouvelle.be\/fr\/wp-json\/wp\/v2\/media?parent=15489"}],"wp:term":[{"taxonomy":"category","embeddable":true,"href":"https:\/\/www.renouvelle.be\/fr\/wp-json\/wp\/v2\/categories?post=15489"},{"taxonomy":"post_tag","embeddable":true,"href":"https:\/\/www.renouvelle.be\/fr\/wp-json\/wp\/v2\/tags?post=15489"},{"taxonomy":"section","embeddable":true,"href":"https:\/\/www.renouvelle.be\/fr\/wp-json\/wp\/v2\/section?post=15489"}],"curies":[{"name":"wp","href":"https:\/\/api.w.org\/{rel}","templated":true}]}}