{"id":15469,"date":"2025-08-06T10:38:26","date_gmt":"2025-08-06T08:38:26","guid":{"rendered":"https:\/\/www.renouvelle.be\/?p=15469"},"modified":"2025-08-13T16:31:43","modified_gmt":"2025-08-13T14:31:43","slug":"agrivoltaisme-carriere-florennes","status":"publish","type":"post","link":"https:\/\/www.renouvelle.be\/fr\/agrivoltaisme-carriere-florennes\/","title":{"rendered":"Agrivolta\u00efsme\u00a0: 3200 panneaux solaires aux Calcaires de Florennes"},"content":{"rendered":"\n<p>C\u2019est sur un champ situ\u00e9 \u00e0 quelques centaines de m\u00e8tres des Calcaires de Florennes que 3200 panneaux photovolta\u00efques s\u2019\u00e9tendent sur un terrain de 3,3 hectares appartenant \u00e0 la carri\u00e8re. Couvrant environ 45% de cette surface, la puissance totale de ce champ est de 2,25 MWc.<\/p>\n\n\n\n<p>Dispos\u00e9s en rang\u00e9es espac\u00e9es de 6 m\u00e8tres, les panneaux sont directement connect\u00e9s \u00e0 la carri\u00e8re, ce qui en fait un site en autoconsommation.<\/p>\n\n\n\n<p>Le projet vise principalement \u00e0 r\u00e9pondre aux besoins \u00e9nerg\u00e9tiques importants de la carri\u00e8re, qui extrait quotidiennement des pierres calcaires du sol. <a href=\"https:\/\/etherenergy.eu\/\" target=\"_blank\" rel=\"noreferrer noopener\">Ether Energy<\/a>, le d\u00e9veloppeur du projet, estime que 50 % de la production annuelle pourra \u00eatre autoconsomm\u00e9e par celle-ci. Quant au surplus, il sera inject\u00e9 sur le r\u00e9seau et revendu, avec la possibilit\u00e9 d\u2019\u00eatre un jour utilis\u00e9 dans une communaut\u00e9 d\u2019\u00e9nergie.<\/p>\n\n\n\n<p>Cette \u00e9lectricit\u00e9 renouvelable autoconsomm\u00e9e r\u00e9pondra \u00e0 plusieurs enjeux majeurs pour les Calcaires de Florennes. Elle s\u00e9curisera l\u2019approvisionnement en \u00e9nergie du site, offrant ainsi une meilleure ma\u00eetrise des co\u00fbts, mais elle contribuera aussi \u00e0 la d\u00e9carbonation de sa consommation, en conformit\u00e9 avec les nouvelles obligations europ\u00e9ennes de reporting ESG (Environnement, Social, Gouvernance), r\u00e9duisant ainsi les \u00e9missions de gaz \u00e0 effet de serre et la d\u00e9pendance aux \u00e9nergies fossiles.<\/p>\n\n\n\n<p>Depuis quelques ann\u00e9es, les grandes entreprises s\u2019int\u00e9ressent de plus en plus aux \u00e9nergies renouvelables, notamment celles soumises au syst\u00e8me d\u2019\u00e9change de quotas d\u2019\u00e9mission (ETS). La deuxi\u00e8me phase de ce syst\u00e8me impactera bient\u00f4t \u00e9galement <a href=\"https:\/\/www.renouvelle.be\/fr\/taxe-carbone-la-facture-energie-des-menages-impactee-des-2027\/\">les PME et les citoyens<\/a>. Chaque tonne de CO\u2082 \u00e9vit\u00e9e repr\u00e9sente donc une r\u00e9duction des co\u00fbts li\u00e9s aux quotas.<\/p>\n\n\n\n<p>Le projet int\u00e8gre \u00e9galement plusieurs aspects techniques innovants.<\/p>\n\n\n\n<h2 class=\"wp-block-heading\"><strong>L&rsquo;agrivolta\u00efsme \u00e0 Florennes<\/strong><\/h2>\n\n\n\n<p>Les structures supportant les panneaux solaires ont \u00e9t\u00e9 con\u00e7ues pour permettre le maintien d\u2019une activit\u00e9 agricole. L\u2019espacement entre les rang\u00e9es et les supports sur\u00e9lev\u00e9s permettent aux moutons de circuler sous les panneaux, cherchant de l\u2019ombre en \u00e9t\u00e9. Des fourreaux prot\u00e8gent les c\u00e2bles pour \u00e9viter tout risque d\u2019\u00e9lectrocution. La forme en b\u00e9quille des supports permet aussi le passage d\u2019engins agricoles pour l\u2019entretien du terrain.<\/p>\n\n\n\n<figure class=\"wp-block-image size-large\"><img loading=\"lazy\" decoding=\"async\" width=\"1024\" height=\"498\" src=\"https:\/\/www.renouvelle.be\/wp-content\/uploads\/2025\/08\/Media-4-1024x498.jpg\" alt=\"panneaux solaires du projet d'agrivolta\u00efsme \u00e0 Florennes\" class=\"wp-image-15482\" srcset=\"https:\/\/www.renouvelle.be\/wp-content\/uploads\/2025\/08\/Media-4-1024x498.jpg 1024w, https:\/\/www.renouvelle.be\/wp-content\/uploads\/2025\/08\/Media-4-300x146.jpg 300w, https:\/\/www.renouvelle.be\/wp-content\/uploads\/2025\/08\/Media-4-768x374.jpg 768w, https:\/\/www.renouvelle.be\/wp-content\/uploads\/2025\/08\/Media-4-1536x747.jpg 1536w, https:\/\/www.renouvelle.be\/wp-content\/uploads\/2025\/08\/Media-4-1200x584.jpg 1200w, https:\/\/www.renouvelle.be\/wp-content\/uploads\/2025\/08\/Media-4.jpg 2027w\" sizes=\"auto, (max-width: 1024px) 100vw, 1024px\" \/><\/figure>\n\n\n\n<h2 class=\"wp-block-heading\"><strong>Gestion de l\u2019eau du projet<\/strong><\/h2>\n\n\n\n<p>Un espace de 1 cm entre chaque ligne de panneaux permet une meilleure r\u00e9partition de l\u2019eau en cas de fortes pluies, limitant ainsi l\u2019\u00e9rosion des sols.<\/p>\n\n\n\n<h2 class=\"wp-block-heading\"><strong>Panneaux solaires bifaciaux<\/strong><\/h2>\n\n\n\n<p>Les panneaux de 700 Wc sont bifaciaux. Cela se voit par l\u2019absence d\u2019une couche dite \u00ab&nbsp;backsheet&nbsp;\u00bb \u00e0 l\u2019arri\u00e8re de ceux-ci, dont on peut voir directement les cellules. Ce type de panneau produit de l\u2019\u00e9nergie, \u00e0 la fois par la face avant et, aussi, par la face arri\u00e8re gr\u00e2ce au ph\u00e9nom\u00e8ne de r\u00e9flexion de la lumi\u00e8re sur le sol et dans les nuages. C\u2019est ce qu\u2019on appelle le <a href=\"https:\/\/www.renouvelle.be\/fr\/meteo-belge-et-photovoltaique-incompatibles\/\" target=\"_blank\" rel=\"noreferrer noopener\">rayonnement diffus<\/a> ce qui permet d\u2019augmenter la production de quelques pourcents. Au plus les rang\u00e9es sont espac\u00e9es et au plus les panneaux sont inclin\u00e9s et sur\u00e9lev\u00e9s, au plus la bifacialit\u00e9 peut \u00eatre exploit\u00e9e et aller de pair avec une activit\u00e9 agricole.<\/p>\n\n\n\n<h2 class=\"wp-block-heading\"><strong>Flexibilit\u00e9 \u00e9nerg\u00e9tique<\/strong><\/h2>\n\n\n\n<p>Bien que le site ne dispose pas de batteries \u00e9lectrochimiques, les onduleurs install\u00e9s (qu\u2019on aper\u00e7oit sur la photo ci-dessous) pilotent la production. Ils peuvent \u00eatre contr\u00f4l\u00e9s \u00e0 distance pour r\u00e9duire la production par une modulation de la puissance qui sort des onduleurs (et non simplement faire du \u00ab&nbsp;on\/off&nbsp;\u00bb) en p\u00e9riode de prix n\u00e9gatifs, \u00e9vitant ainsi les co\u00fbts li\u00e9s aux d\u00e9s\u00e9quilibres \u00e9ventuels du r\u00e9seau.<\/p>\n\n\n\n<figure class=\"wp-block-image size-large\"><img loading=\"lazy\" decoding=\"async\" width=\"1024\" height=\"498\" src=\"https:\/\/www.renouvelle.be\/wp-content\/uploads\/2025\/08\/Media-10-1024x498.jpg\" alt=\"onduleur sous les panneaux solaires du projet d'agrivolta\u00efsme \u00e0 Florennes\" class=\"wp-image-15484\" srcset=\"https:\/\/www.renouvelle.be\/wp-content\/uploads\/2025\/08\/Media-10-1024x498.jpg 1024w, https:\/\/www.renouvelle.be\/wp-content\/uploads\/2025\/08\/Media-10-300x146.jpg 300w, https:\/\/www.renouvelle.be\/wp-content\/uploads\/2025\/08\/Media-10-768x374.jpg 768w, https:\/\/www.renouvelle.be\/wp-content\/uploads\/2025\/08\/Media-10-1536x747.jpg 1536w, https:\/\/www.renouvelle.be\/wp-content\/uploads\/2025\/08\/Media-10-1200x584.jpg 1200w, https:\/\/www.renouvelle.be\/wp-content\/uploads\/2025\/08\/Media-10.jpg 2027w\" sizes=\"auto, (max-width: 1024px) 100vw, 1024px\" \/><\/figure>\n\n\n\n<p>Cependant, l\u2019occupation des terres continue de susciter des inqui\u00e9tudes dans le secteur agricole. N&rsquo;ayant pas suffisamment d\u2019espace sur leur site pour installer des panneaux solaires, certaines entreprises se tournent vers des terrains \u00e0 proximit\u00e9 afin de pouvoir r\u00e9pondre aux objectifs en mati\u00e8re d\u2019\u00e9nergie renouvelable. Pourtant, la cohabitation d\u2019une activit\u00e9 agricole avec une activit\u00e9 de production d\u2019\u00e9nergie solaire est possible. &nbsp;Il y a quelques mois, le Cluster Tweed publiait un livre blanc sur le sujet partageant plusieurs recommandations pour <a href=\"https:\/\/www.renouvelle.be\/fr\/vers-un-encadrement-de-lagrivoltaisme-en-wallonie\/\">encadrer<\/a> la pratique tout en r\u00e9partissant les b\u00e9n\u00e9fices.<\/p>\n\n\n\n<p>D\u2019une dur\u00e9e pr\u00e9vue de 30 ans, le projet agrivolta\u00efque des Calcaires de Florennes est totalement r\u00e9versible. Des mesures pour soutenir la biodiversit\u00e9 ont \u00e9t\u00e9 \u00e9galement incluses comme la plantation de 600 m\u00e8tres de haies afin d\u2019enrichir l\u2019\u00e9cosyst\u00e8me local.<\/p>\n\n\n\n<p><\/p>\n","protected":false},"excerpt":{"rendered":"<p>C\u2019est sur un champ situ\u00e9 \u00e0 quelques centaines de m\u00e8tres des Calcaires de Florennes que 3200 panneaux photovolta\u00efques s\u2019\u00e9tendent sur un terrain de 3,3 hectares appartenant \u00e0 la carri\u00e8re. Couvrant environ 45% de cette surface, la puissance totale de ce champ est de 2,25 MWc. Dispos\u00e9s en rang\u00e9es espac\u00e9es de 6 m\u00e8tres, les panneaux sont directement connect\u00e9s \u00e0 la carri\u00e8re, ce qui en fait un site en autoconsommation. Le projet vise principalement \u00e0 r\u00e9pondre aux besoins \u00e9nerg\u00e9tiques importants de la carri\u00e8re, qui extrait quotidiennement des pierres calcaires du sol. Ether Energy, le d\u00e9veloppeur du projet, estime que 50 % de la production annuelle pourra \u00eatre autoconsomm\u00e9e par celle-ci. Quant au surplus, il sera inject\u00e9 sur le r\u00e9seau et revendu, avec la possibilit\u00e9 d\u2019\u00eatre un jour utilis\u00e9 dans une communaut\u00e9 d\u2019\u00e9nergie. Cette \u00e9lectricit\u00e9 renouvelable autoconsomm\u00e9e r\u00e9pondra \u00e0 plusieurs enjeux majeurs pour les Calcaires de Florennes. Elle s\u00e9curisera l\u2019approvisionnement en \u00e9nergie du site, offrant ainsi une meilleure ma\u00eetrise des co\u00fbts, mais elle contribuera aussi \u00e0 la d\u00e9carbonation de sa consommation, en conformit\u00e9 avec les nouvelles obligations europ\u00e9ennes de reporting ESG (Environnement, Social, Gouvernance), r\u00e9duisant ainsi les \u00e9missions de gaz \u00e0 effet de serre et la d\u00e9pendance aux \u00e9nergies fossiles. Depuis quelques ann\u00e9es, les grandes entreprises s\u2019int\u00e9ressent de plus en plus aux \u00e9nergies renouvelables, notamment celles soumises au syst\u00e8me d\u2019\u00e9change de quotas d\u2019\u00e9mission (ETS). La deuxi\u00e8me phase de ce syst\u00e8me impactera bient\u00f4t \u00e9galement les PME et les citoyens. Chaque tonne de CO\u2082 \u00e9vit\u00e9e repr\u00e9sente donc une r\u00e9duction des co\u00fbts li\u00e9s aux quotas. Le projet int\u00e8gre \u00e9galement plusieurs aspects techniques innovants. L&rsquo;agrivolta\u00efsme \u00e0 Florennes Les structures supportant les panneaux solaires ont \u00e9t\u00e9 con\u00e7ues pour permettre le maintien d\u2019une activit\u00e9 agricole. L\u2019espacement entre les rang\u00e9es et les supports sur\u00e9lev\u00e9s permettent aux moutons de circuler sous &hellip; <a href=\"https:\/\/www.renouvelle.be\/fr\/agrivoltaisme-carriere-florennes\/\" class=\"more-link\">Continue reading<span class=\"screen-reader-text\"> \u00ab\u00a0Agrivolta\u00efsme\u00a0: 3200 panneaux solaires aux Calcaires de Florennes\u00a0\u00bb<\/span><\/a><\/p>\n","protected":false},"author":27,"featured_media":15472,"comment_status":"closed","ping_status":"closed","sticky":false,"template":"","format":"standard","meta":{"_acf_changed":false,"footnotes":""},"categories":[16,17],"tags":[],"section":[8,13],"class_list":["post-15469","post","type-post","status-publish","format-standard","has-post-thumbnail","hentry","category-actualite","category-actualite-en-belgique","section-energie-renouvelables","section-solaire"],"acf":[],"yoast_head":"<!-- This site is optimized with the Yoast SEO plugin v27.5 - https:\/\/yoast.com\/product\/yoast-seo-wordpress\/ -->\n<title>Agrivolta\u00efsme\u00a0: 3200 panneaux solaires aux Calcaires de Florennes - Renouvelle<\/title>\n<meta name=\"description\" content=\"Projet d\u2019agrivolta\u00efsme \u00e0 Florennes : 3200 panneaux solaires bifaciaux sur le site des Calcaires pour une production locale et durable.\" \/>\n<meta name=\"robots\" content=\"index, follow, max-snippet:-1, max-image-preview:large, max-video-preview:-1\" \/>\n<link rel=\"canonical\" href=\"https:\/\/www.renouvelle.be\/fr\/agrivoltaisme-carriere-florennes\/\" \/>\n<meta property=\"og:locale\" content=\"fr_FR\" \/>\n<meta property=\"og:type\" content=\"article\" \/>\n<meta property=\"og:title\" content=\"Agrivolta\u00efsme\u00a0: 3200 panneaux solaires aux Calcaires de Florennes - Renouvelle\" \/>\n<meta property=\"og:description\" content=\"Projet d\u2019agrivolta\u00efsme \u00e0 Florennes : 3200 panneaux solaires bifaciaux sur le site des Calcaires pour une production locale et durable.\" \/>\n<meta property=\"og:url\" content=\"https:\/\/www.renouvelle.be\/fr\/agrivoltaisme-carriere-florennes\/\" \/>\n<meta property=\"og:site_name\" content=\"Renouvelle\" \/>\n<meta property=\"article:published_time\" content=\"2025-08-06T08:38:26+00:00\" \/>\n<meta property=\"article:modified_time\" content=\"2025-08-13T14:31:43+00:00\" \/>\n<meta property=\"og:image\" content=\"https:\/\/www.renouvelle.be\/wp-content\/uploads\/2025\/08\/Media-2.jpg\" \/>\n\t<meta property=\"og:image:width\" content=\"2027\" \/>\n\t<meta property=\"og:image:height\" content=\"986\" \/>\n\t<meta property=\"og:image:type\" content=\"image\/jpeg\" \/>\n<meta name=\"author\" content=\"Jean Frippiat\" \/>\n<meta name=\"twitter:card\" content=\"summary_large_image\" \/>\n<script type=\"application\/ld+json\" class=\"yoast-schema-graph\">{\"@context\":\"https:\\\/\\\/schema.org\",\"@graph\":[{\"@type\":\"Article\",\"@id\":\"https:\\\/\\\/www.renouvelle.be\\\/fr\\\/agrivoltaisme-carriere-florennes\\\/#article\",\"isPartOf\":{\"@id\":\"https:\\\/\\\/www.renouvelle.be\\\/fr\\\/agrivoltaisme-carriere-florennes\\\/\"},\"author\":{\"name\":\"Jean Frippiat\",\"@id\":\"https:\\\/\\\/www.renouvelle.be\\\/fr\\\/#\\\/schema\\\/person\\\/2b8afd89c9b7934d06ad7db3417abc38\"},\"headline\":\"Agrivolta\u00efsme\u00a0: 3200 panneaux solaires aux Calcaires de Florennes\",\"datePublished\":\"2025-08-06T08:38:26+00:00\",\"dateModified\":\"2025-08-13T14:31:43+00:00\",\"mainEntityOfPage\":{\"@id\":\"https:\\\/\\\/www.renouvelle.be\\\/fr\\\/agrivoltaisme-carriere-florennes\\\/\"},\"wordCount\":763,\"image\":{\"@id\":\"https:\\\/\\\/www.renouvelle.be\\\/fr\\\/agrivoltaisme-carriere-florennes\\\/#primaryimage\"},\"thumbnailUrl\":\"https:\\\/\\\/www.renouvelle.be\\\/wp-content\\\/uploads\\\/2025\\\/08\\\/Media-2.jpg\",\"articleSection\":[\"Actualit\u00e9\",\"Actualit\u00e9 en Belgique\"],\"inLanguage\":\"fr-FR\"},{\"@type\":\"WebPage\",\"@id\":\"https:\\\/\\\/www.renouvelle.be\\\/fr\\\/agrivoltaisme-carriere-florennes\\\/\",\"url\":\"https:\\\/\\\/www.renouvelle.be\\\/fr\\\/agrivoltaisme-carriere-florennes\\\/\",\"name\":\"Agrivolta\u00efsme\u00a0: 3200 panneaux solaires aux Calcaires de Florennes - Renouvelle\",\"isPartOf\":{\"@id\":\"https:\\\/\\\/www.renouvelle.be\\\/fr\\\/#website\"},\"primaryImageOfPage\":{\"@id\":\"https:\\\/\\\/www.renouvelle.be\\\/fr\\\/agrivoltaisme-carriere-florennes\\\/#primaryimage\"},\"image\":{\"@id\":\"https:\\\/\\\/www.renouvelle.be\\\/fr\\\/agrivoltaisme-carriere-florennes\\\/#primaryimage\"},\"thumbnailUrl\":\"https:\\\/\\\/www.renouvelle.be\\\/wp-content\\\/uploads\\\/2025\\\/08\\\/Media-2.jpg\",\"datePublished\":\"2025-08-06T08:38:26+00:00\",\"dateModified\":\"2025-08-13T14:31:43+00:00\",\"author\":{\"@id\":\"https:\\\/\\\/www.renouvelle.be\\\/fr\\\/#\\\/schema\\\/person\\\/2b8afd89c9b7934d06ad7db3417abc38\"},\"description\":\"Projet d\u2019agrivolta\u00efsme \u00e0 Florennes : 3200 panneaux solaires bifaciaux sur le site des Calcaires pour une production locale et durable.\",\"breadcrumb\":{\"@id\":\"https:\\\/\\\/www.renouvelle.be\\\/fr\\\/agrivoltaisme-carriere-florennes\\\/#breadcrumb\"},\"inLanguage\":\"fr-FR\",\"potentialAction\":[{\"@type\":\"ReadAction\",\"target\":[\"https:\\\/\\\/www.renouvelle.be\\\/fr\\\/agrivoltaisme-carriere-florennes\\\/\"]}]},{\"@type\":\"ImageObject\",\"inLanguage\":\"fr-FR\",\"@id\":\"https:\\\/\\\/www.renouvelle.be\\\/fr\\\/agrivoltaisme-carriere-florennes\\\/#primaryimage\",\"url\":\"https:\\\/\\\/www.renouvelle.be\\\/wp-content\\\/uploads\\\/2025\\\/08\\\/Media-2.jpg\",\"contentUrl\":\"https:\\\/\\\/www.renouvelle.be\\\/wp-content\\\/uploads\\\/2025\\\/08\\\/Media-2.jpg\",\"width\":2027,\"height\":986,\"caption\":\"Champs de panneaux solaires bifaciaux pour un projet d'agrivolta\u00efsme sur le site des Calcaires de Florennes\"},{\"@type\":\"BreadcrumbList\",\"@id\":\"https:\\\/\\\/www.renouvelle.be\\\/fr\\\/agrivoltaisme-carriere-florennes\\\/#breadcrumb\",\"itemListElement\":[{\"@type\":\"ListItem\",\"position\":1,\"name\":\"Accueil\",\"item\":\"https:\\\/\\\/www.renouvelle.be\\\/fr\\\/\"},{\"@type\":\"ListItem\",\"position\":2,\"name\":\"Agrivolta\u00efsme\u00a0: 3200 panneaux solaires aux Calcaires de Florennes\"}]},{\"@type\":\"WebSite\",\"@id\":\"https:\\\/\\\/www.renouvelle.be\\\/fr\\\/#website\",\"url\":\"https:\\\/\\\/www.renouvelle.be\\\/fr\\\/\",\"name\":\"Renouvelle\",\"description\":\"L&#039;actualit\u00e9 de l&#039;\u00e9nergie durable\",\"potentialAction\":[{\"@type\":\"SearchAction\",\"target\":{\"@type\":\"EntryPoint\",\"urlTemplate\":\"https:\\\/\\\/www.renouvelle.be\\\/fr\\\/?s={search_term_string}\"},\"query-input\":{\"@type\":\"PropertyValueSpecification\",\"valueRequired\":true,\"valueName\":\"search_term_string\"}}],\"inLanguage\":\"fr-FR\"},{\"@type\":\"Person\",\"@id\":\"https:\\\/\\\/www.renouvelle.be\\\/fr\\\/#\\\/schema\\\/person\\\/2b8afd89c9b7934d06ad7db3417abc38\",\"name\":\"Jean Frippiat\",\"url\":\"https:\\\/\\\/www.renouvelle.be\\\/fr\\\/author\\\/jeanfrippiat\\\/\"}]}<\/script>\n<!-- \/ Yoast SEO plugin. -->","yoast_head_json":{"title":"Agrivolta\u00efsme\u00a0: 3200 panneaux solaires aux Calcaires de Florennes - Renouvelle","description":"Projet d\u2019agrivolta\u00efsme \u00e0 Florennes : 3200 panneaux solaires bifaciaux sur le site des Calcaires pour une production locale et durable.","robots":{"index":"index","follow":"follow","max-snippet":"max-snippet:-1","max-image-preview":"max-image-preview:large","max-video-preview":"max-video-preview:-1"},"canonical":"https:\/\/www.renouvelle.be\/fr\/agrivoltaisme-carriere-florennes\/","og_locale":"fr_FR","og_type":"article","og_title":"Agrivolta\u00efsme\u00a0: 3200 panneaux solaires aux Calcaires de Florennes - Renouvelle","og_description":"Projet d\u2019agrivolta\u00efsme \u00e0 Florennes : 3200 panneaux solaires bifaciaux sur le site des Calcaires pour une production locale et durable.","og_url":"https:\/\/www.renouvelle.be\/fr\/agrivoltaisme-carriere-florennes\/","og_site_name":"Renouvelle","article_published_time":"2025-08-06T08:38:26+00:00","article_modified_time":"2025-08-13T14:31:43+00:00","og_image":[{"width":2027,"height":986,"url":"https:\/\/www.renouvelle.be\/wp-content\/uploads\/2025\/08\/Media-2.jpg","type":"image\/jpeg"}],"author":"Jean Frippiat","twitter_card":"summary_large_image","schema":{"@context":"https:\/\/schema.org","@graph":[{"@type":"Article","@id":"https:\/\/www.renouvelle.be\/fr\/agrivoltaisme-carriere-florennes\/#article","isPartOf":{"@id":"https:\/\/www.renouvelle.be\/fr\/agrivoltaisme-carriere-florennes\/"},"author":{"name":"Jean Frippiat","@id":"https:\/\/www.renouvelle.be\/fr\/#\/schema\/person\/2b8afd89c9b7934d06ad7db3417abc38"},"headline":"Agrivolta\u00efsme\u00a0: 3200 panneaux solaires aux Calcaires de Florennes","datePublished":"2025-08-06T08:38:26+00:00","dateModified":"2025-08-13T14:31:43+00:00","mainEntityOfPage":{"@id":"https:\/\/www.renouvelle.be\/fr\/agrivoltaisme-carriere-florennes\/"},"wordCount":763,"image":{"@id":"https:\/\/www.renouvelle.be\/fr\/agrivoltaisme-carriere-florennes\/#primaryimage"},"thumbnailUrl":"https:\/\/www.renouvelle.be\/wp-content\/uploads\/2025\/08\/Media-2.jpg","articleSection":["Actualit\u00e9","Actualit\u00e9 en Belgique"],"inLanguage":"fr-FR"},{"@type":"WebPage","@id":"https:\/\/www.renouvelle.be\/fr\/agrivoltaisme-carriere-florennes\/","url":"https:\/\/www.renouvelle.be\/fr\/agrivoltaisme-carriere-florennes\/","name":"Agrivolta\u00efsme\u00a0: 3200 panneaux solaires aux Calcaires de Florennes - Renouvelle","isPartOf":{"@id":"https:\/\/www.renouvelle.be\/fr\/#website"},"primaryImageOfPage":{"@id":"https:\/\/www.renouvelle.be\/fr\/agrivoltaisme-carriere-florennes\/#primaryimage"},"image":{"@id":"https:\/\/www.renouvelle.be\/fr\/agrivoltaisme-carriere-florennes\/#primaryimage"},"thumbnailUrl":"https:\/\/www.renouvelle.be\/wp-content\/uploads\/2025\/08\/Media-2.jpg","datePublished":"2025-08-06T08:38:26+00:00","dateModified":"2025-08-13T14:31:43+00:00","author":{"@id":"https:\/\/www.renouvelle.be\/fr\/#\/schema\/person\/2b8afd89c9b7934d06ad7db3417abc38"},"description":"Projet d\u2019agrivolta\u00efsme \u00e0 Florennes : 3200 panneaux solaires bifaciaux sur le site des Calcaires pour une production locale et durable.","breadcrumb":{"@id":"https:\/\/www.renouvelle.be\/fr\/agrivoltaisme-carriere-florennes\/#breadcrumb"},"inLanguage":"fr-FR","potentialAction":[{"@type":"ReadAction","target":["https:\/\/www.renouvelle.be\/fr\/agrivoltaisme-carriere-florennes\/"]}]},{"@type":"ImageObject","inLanguage":"fr-FR","@id":"https:\/\/www.renouvelle.be\/fr\/agrivoltaisme-carriere-florennes\/#primaryimage","url":"https:\/\/www.renouvelle.be\/wp-content\/uploads\/2025\/08\/Media-2.jpg","contentUrl":"https:\/\/www.renouvelle.be\/wp-content\/uploads\/2025\/08\/Media-2.jpg","width":2027,"height":986,"caption":"Champs de panneaux solaires bifaciaux pour un projet d'agrivolta\u00efsme sur le site des Calcaires de Florennes"},{"@type":"BreadcrumbList","@id":"https:\/\/www.renouvelle.be\/fr\/agrivoltaisme-carriere-florennes\/#breadcrumb","itemListElement":[{"@type":"ListItem","position":1,"name":"Accueil","item":"https:\/\/www.renouvelle.be\/fr\/"},{"@type":"ListItem","position":2,"name":"Agrivolta\u00efsme\u00a0: 3200 panneaux solaires aux Calcaires de Florennes"}]},{"@type":"WebSite","@id":"https:\/\/www.renouvelle.be\/fr\/#website","url":"https:\/\/www.renouvelle.be\/fr\/","name":"Renouvelle","description":"L&#039;actualit\u00e9 de l&#039;\u00e9nergie durable","potentialAction":[{"@type":"SearchAction","target":{"@type":"EntryPoint","urlTemplate":"https:\/\/www.renouvelle.be\/fr\/?s={search_term_string}"},"query-input":{"@type":"PropertyValueSpecification","valueRequired":true,"valueName":"search_term_string"}}],"inLanguage":"fr-FR"},{"@type":"Person","@id":"https:\/\/www.renouvelle.be\/fr\/#\/schema\/person\/2b8afd89c9b7934d06ad7db3417abc38","name":"Jean Frippiat","url":"https:\/\/www.renouvelle.be\/fr\/author\/jeanfrippiat\/"}]}},"_links":{"self":[{"href":"https:\/\/www.renouvelle.be\/fr\/wp-json\/wp\/v2\/posts\/15469","targetHints":{"allow":["GET"]}}],"collection":[{"href":"https:\/\/www.renouvelle.be\/fr\/wp-json\/wp\/v2\/posts"}],"about":[{"href":"https:\/\/www.renouvelle.be\/fr\/wp-json\/wp\/v2\/types\/post"}],"author":[{"embeddable":true,"href":"https:\/\/www.renouvelle.be\/fr\/wp-json\/wp\/v2\/users\/27"}],"replies":[{"embeddable":true,"href":"https:\/\/www.renouvelle.be\/fr\/wp-json\/wp\/v2\/comments?post=15469"}],"version-history":[{"count":11,"href":"https:\/\/www.renouvelle.be\/fr\/wp-json\/wp\/v2\/posts\/15469\/revisions"}],"predecessor-version":[{"id":15516,"href":"https:\/\/www.renouvelle.be\/fr\/wp-json\/wp\/v2\/posts\/15469\/revisions\/15516"}],"wp:featuredmedia":[{"embeddable":true,"href":"https:\/\/www.renouvelle.be\/fr\/wp-json\/wp\/v2\/media\/15472"}],"wp:attachment":[{"href":"https:\/\/www.renouvelle.be\/fr\/wp-json\/wp\/v2\/media?parent=15469"}],"wp:term":[{"taxonomy":"category","embeddable":true,"href":"https:\/\/www.renouvelle.be\/fr\/wp-json\/wp\/v2\/categories?post=15469"},{"taxonomy":"post_tag","embeddable":true,"href":"https:\/\/www.renouvelle.be\/fr\/wp-json\/wp\/v2\/tags?post=15469"},{"taxonomy":"section","embeddable":true,"href":"https:\/\/www.renouvelle.be\/fr\/wp-json\/wp\/v2\/section?post=15469"}],"curies":[{"name":"wp","href":"https:\/\/api.w.org\/{rel}","templated":true}]}}