{"id":15458,"date":"2025-07-11T15:10:25","date_gmt":"2025-07-11T13:10:25","guid":{"rendered":"https:\/\/www.renouvelle.be\/?p=15458"},"modified":"2025-07-11T15:10:27","modified_gmt":"2025-07-11T13:10:27","slug":"a-moneypoint-lirlande-souhaite-bon-vent-au-charbon","status":"publish","type":"post","link":"https:\/\/www.renouvelle.be\/fr\/a-moneypoint-lirlande-souhaite-bon-vent-au-charbon\/","title":{"rendered":"\u00c0 Moneypoint, l\u2019Irlande souhaite bon vent au charbon"},"content":{"rendered":"\n<p>Quelques mois apr\u00e8s la <a href=\"https:\/\/www.renouvelle.be\/fr\/en-finlande-le-charbon-est-deja-presque-du-passe\/\" target=\"_blank\" rel=\"noreferrer noopener\">Finlande<\/a>, c\u2019est autour de l\u2019Irlande de tourner la page du charbon. Situ\u00e9e dans le comt\u00e9 de Clare, la centrale de Moneypoint, cessera d\u2019utiliser cette source d\u2019\u00e9nergie, apr\u00e8s l\u2019avoir exploit\u00e9 pendant 40 ans, et ayant fourni jusqu\u2019\u00e0 un tiers des besoins \u00e9lectriques du pays.<\/p>\n\n\n\n<p>Avec l\u2019ambition de faire de Moneypoint un hub d\u2019\u00e9nergie renouvelable, sa transition \u00e9nerg\u00e9tique a d\u00e9but\u00e9 en 2017 par l\u2019installation d\u2019un parc \u00e9olien d\u2019une puissance de 17 MW. L\u2019\u00e9nergie \u00e9olienne, en forte croissance en Irlande ces derni\u00e8res ann\u00e9es, est d\u00e9sormais la premi\u00e8re source d\u2019\u00e9nergie verte du pays, repr\u00e9sentant 37% du mix \u00e9lectrique national selon EMBER.<\/p>\n\n\n<div class=\"wp-block-image\">\n<figure class=\"aligncenter size-large\"><img loading=\"lazy\" decoding=\"async\" width=\"1024\" height=\"445\" src=\"https:\/\/www.renouvelle.be\/wp-content\/uploads\/2025\/07\/Production-electrique-Irlande-1024x445.png\" alt=\"Moneypoint Irlande charbon\" class=\"wp-image-15461\" srcset=\"https:\/\/www.renouvelle.be\/wp-content\/uploads\/2025\/07\/Production-electrique-Irlande-1024x445.png 1024w, https:\/\/www.renouvelle.be\/wp-content\/uploads\/2025\/07\/Production-electrique-Irlande-300x130.png 300w, https:\/\/www.renouvelle.be\/wp-content\/uploads\/2025\/07\/Production-electrique-Irlande-768x334.png 768w, https:\/\/www.renouvelle.be\/wp-content\/uploads\/2025\/07\/Production-electrique-Irlande.png 1083w\" sizes=\"auto, (max-width: 1024px) 100vw, 1024px\" \/><figcaption class=\"wp-element-caption\">Production \u00e9lectrique de l&rsquo;Irlande par source d&rsquo;\u00e9nergie. Source : EMBER<\/figcaption><\/figure>\n<\/div>\n\n\n<p>Cependant la transformation compl\u00e8te du <a href=\"https:\/\/esb.ie\/media-centre-news\/press-releases\/article\/2025\/06\/20\/after-40-years--esb-announces-that-coal-generation-has-ended-at-moneypoint-power-station\" target=\"_blank\" rel=\"noreferrer noopener\">site<\/a> en \u00ab\u00a0hub du renouvelable\u00a0\u00bb\u00a0n\u2019est pas pour tout de suite puisque la centrale continuera de fonctionner temporairement au p\u00e9trole pendant quatre ans mais uniquement en tant que solution de secours.<\/p>\n\n\n\n<p>Sachant cela, certains diront que l\u2019arr\u00eat de cette production \u00e9lectrique au charbon n\u2019est qu\u2019une go\u00fbte d\u2019eau dans l\u2019oc\u00e9an. D\u2019autres, au contraire, y verront un signe positif et encourageant en se disant que chaque avanc\u00e9e compte et que, petit \u00e0 petit, l\u2019oiseau fera son nid.<\/p>\n\n\n\n<p><\/p>\n","protected":false},"excerpt":{"rendered":"<p>Quelques mois apr\u00e8s la Finlande, c\u2019est autour de l\u2019Irlande de tourner la page du charbon. Situ\u00e9e dans le comt\u00e9 de Clare, la centrale de Moneypoint, cessera d\u2019utiliser cette source d\u2019\u00e9nergie, apr\u00e8s l\u2019avoir exploit\u00e9 pendant 40 ans, et ayant fourni jusqu\u2019\u00e0 un tiers des besoins \u00e9lectriques du pays. Avec l\u2019ambition de faire de Moneypoint un hub d\u2019\u00e9nergie renouvelable, sa transition \u00e9nerg\u00e9tique a d\u00e9but\u00e9 en 2017 par l\u2019installation d\u2019un parc \u00e9olien d\u2019une puissance de 17 MW. L\u2019\u00e9nergie \u00e9olienne, en forte croissance en Irlande ces derni\u00e8res ann\u00e9es, est d\u00e9sormais la premi\u00e8re source d\u2019\u00e9nergie verte du pays, repr\u00e9sentant 37% du mix \u00e9lectrique national selon EMBER. Cependant la transformation compl\u00e8te du site en \u00ab\u00a0hub du renouvelable\u00a0\u00bb\u00a0n\u2019est pas pour tout de suite puisque la centrale continuera de fonctionner temporairement au p\u00e9trole pendant quatre ans mais uniquement en tant que solution de secours. Sachant cela, certains diront que l\u2019arr\u00eat de cette production \u00e9lectrique au charbon n\u2019est qu\u2019une go\u00fbte d\u2019eau dans l\u2019oc\u00e9an. D\u2019autres, au contraire, y verront un signe positif et encourageant en se disant que chaque avanc\u00e9e compte et que, petit \u00e0 petit, l\u2019oiseau fera son nid.<\/p>\n","protected":false},"author":38,"featured_media":15459,"comment_status":"closed","ping_status":"closed","sticky":false,"template":"","format":"standard","meta":{"_acf_changed":false,"footnotes":""},"categories":[16,18],"tags":[],"section":[8,6],"class_list":["post-15458","post","type-post","status-publish","format-standard","has-post-thumbnail","hentry","category-actualite","category-actualite-internationale","section-energie-renouvelables","section-eolien"],"acf":[],"yoast_head":"<!-- This site is optimized with the Yoast SEO plugin v27.5 - https:\/\/yoast.com\/product\/yoast-seo-wordpress\/ -->\n<title>\u00c0 Moneypoint, l\u2019Irlande souhaite bon vent au charbon - Renouvelle<\/title>\n<meta name=\"description\" content=\"\u00c0 Moneypoint, l&#039;Irlande a d\u00e9cid\u00e9 de se passer du charbon pour la production d&#039;\u00e9lectricit\u00e9 et de miser sur l&#039;\u00e9nergie \u00e9olienne.\" \/>\n<meta name=\"robots\" content=\"index, follow, max-snippet:-1, max-image-preview:large, max-video-preview:-1\" \/>\n<link rel=\"canonical\" href=\"https:\/\/www.renouvelle.be\/fr\/a-moneypoint-lirlande-souhaite-bon-vent-au-charbon\/\" \/>\n<meta property=\"og:locale\" content=\"fr_FR\" \/>\n<meta property=\"og:type\" content=\"article\" \/>\n<meta property=\"og:title\" content=\"\u00c0 Moneypoint, l\u2019Irlande souhaite bon vent au charbon - Renouvelle\" \/>\n<meta property=\"og:description\" content=\"\u00c0 Moneypoint, l&#039;Irlande a d\u00e9cid\u00e9 de se passer du charbon pour la production d&#039;\u00e9lectricit\u00e9 et de miser sur l&#039;\u00e9nergie \u00e9olienne.\" \/>\n<meta property=\"og:url\" content=\"https:\/\/www.renouvelle.be\/fr\/a-moneypoint-lirlande-souhaite-bon-vent-au-charbon\/\" \/>\n<meta property=\"og:site_name\" content=\"Renouvelle\" \/>\n<meta property=\"article:published_time\" content=\"2025-07-11T13:10:25+00:00\" \/>\n<meta property=\"article:modified_time\" content=\"2025-07-11T13:10:27+00:00\" \/>\n<meta property=\"og:image\" content=\"https:\/\/www.renouvelle.be\/wp-content\/uploads\/2025\/07\/AdobeStock_562791246-scaled.jpeg\" \/>\n\t<meta property=\"og:image:width\" content=\"2560\" \/>\n\t<meta property=\"og:image:height\" content=\"1103\" \/>\n\t<meta property=\"og:image:type\" content=\"image\/jpeg\" \/>\n<meta name=\"author\" content=\"Samuel Alves\" \/>\n<meta name=\"twitter:card\" content=\"summary_large_image\" \/>\n<script type=\"application\/ld+json\" class=\"yoast-schema-graph\">{\"@context\":\"https:\\\/\\\/schema.org\",\"@graph\":[{\"@type\":\"Article\",\"@id\":\"https:\\\/\\\/www.renouvelle.be\\\/fr\\\/a-moneypoint-lirlande-souhaite-bon-vent-au-charbon\\\/#article\",\"isPartOf\":{\"@id\":\"https:\\\/\\\/www.renouvelle.be\\\/fr\\\/a-moneypoint-lirlande-souhaite-bon-vent-au-charbon\\\/\"},\"author\":{\"name\":\"Samuel Alves\",\"@id\":\"https:\\\/\\\/www.renouvelle.be\\\/fr\\\/#\\\/schema\\\/person\\\/9d743366fb269eeceaa8d60e98d289d3\"},\"headline\":\"\u00c0 Moneypoint, l\u2019Irlande souhaite bon vent au charbon\",\"datePublished\":\"2025-07-11T13:10:25+00:00\",\"dateModified\":\"2025-07-11T13:10:27+00:00\",\"mainEntityOfPage\":{\"@id\":\"https:\\\/\\\/www.renouvelle.be\\\/fr\\\/a-moneypoint-lirlande-souhaite-bon-vent-au-charbon\\\/\"},\"wordCount\":231,\"image\":{\"@id\":\"https:\\\/\\\/www.renouvelle.be\\\/fr\\\/a-moneypoint-lirlande-souhaite-bon-vent-au-charbon\\\/#primaryimage\"},\"thumbnailUrl\":\"https:\\\/\\\/www.renouvelle.be\\\/wp-content\\\/uploads\\\/2025\\\/07\\\/AdobeStock_562791246-scaled.jpeg\",\"articleSection\":[\"Actualit\u00e9\",\"Actualit\u00e9 internationale\"],\"inLanguage\":\"fr-FR\"},{\"@type\":\"WebPage\",\"@id\":\"https:\\\/\\\/www.renouvelle.be\\\/fr\\\/a-moneypoint-lirlande-souhaite-bon-vent-au-charbon\\\/\",\"url\":\"https:\\\/\\\/www.renouvelle.be\\\/fr\\\/a-moneypoint-lirlande-souhaite-bon-vent-au-charbon\\\/\",\"name\":\"\u00c0 Moneypoint, l\u2019Irlande souhaite bon vent au charbon - Renouvelle\",\"isPartOf\":{\"@id\":\"https:\\\/\\\/www.renouvelle.be\\\/fr\\\/#website\"},\"primaryImageOfPage\":{\"@id\":\"https:\\\/\\\/www.renouvelle.be\\\/fr\\\/a-moneypoint-lirlande-souhaite-bon-vent-au-charbon\\\/#primaryimage\"},\"image\":{\"@id\":\"https:\\\/\\\/www.renouvelle.be\\\/fr\\\/a-moneypoint-lirlande-souhaite-bon-vent-au-charbon\\\/#primaryimage\"},\"thumbnailUrl\":\"https:\\\/\\\/www.renouvelle.be\\\/wp-content\\\/uploads\\\/2025\\\/07\\\/AdobeStock_562791246-scaled.jpeg\",\"datePublished\":\"2025-07-11T13:10:25+00:00\",\"dateModified\":\"2025-07-11T13:10:27+00:00\",\"author\":{\"@id\":\"https:\\\/\\\/www.renouvelle.be\\\/fr\\\/#\\\/schema\\\/person\\\/9d743366fb269eeceaa8d60e98d289d3\"},\"description\":\"\u00c0 Moneypoint, l'Irlande a d\u00e9cid\u00e9 de se passer du charbon pour la production d'\u00e9lectricit\u00e9 et de miser sur l'\u00e9nergie \u00e9olienne.\",\"breadcrumb\":{\"@id\":\"https:\\\/\\\/www.renouvelle.be\\\/fr\\\/a-moneypoint-lirlande-souhaite-bon-vent-au-charbon\\\/#breadcrumb\"},\"inLanguage\":\"fr-FR\",\"potentialAction\":[{\"@type\":\"ReadAction\",\"target\":[\"https:\\\/\\\/www.renouvelle.be\\\/fr\\\/a-moneypoint-lirlande-souhaite-bon-vent-au-charbon\\\/\"]}]},{\"@type\":\"ImageObject\",\"inLanguage\":\"fr-FR\",\"@id\":\"https:\\\/\\\/www.renouvelle.be\\\/fr\\\/a-moneypoint-lirlande-souhaite-bon-vent-au-charbon\\\/#primaryimage\",\"url\":\"https:\\\/\\\/www.renouvelle.be\\\/wp-content\\\/uploads\\\/2025\\\/07\\\/AdobeStock_562791246-scaled.jpeg\",\"contentUrl\":\"https:\\\/\\\/www.renouvelle.be\\\/wp-content\\\/uploads\\\/2025\\\/07\\\/AdobeStock_562791246-scaled.jpeg\",\"width\":2560,\"height\":1103,\"caption\":\"Moneypoint Irlande charbon\"},{\"@type\":\"BreadcrumbList\",\"@id\":\"https:\\\/\\\/www.renouvelle.be\\\/fr\\\/a-moneypoint-lirlande-souhaite-bon-vent-au-charbon\\\/#breadcrumb\",\"itemListElement\":[{\"@type\":\"ListItem\",\"position\":1,\"name\":\"Accueil\",\"item\":\"https:\\\/\\\/www.renouvelle.be\\\/fr\\\/\"},{\"@type\":\"ListItem\",\"position\":2,\"name\":\"\u00c0 Moneypoint, l\u2019Irlande souhaite bon vent au charbon\"}]},{\"@type\":\"WebSite\",\"@id\":\"https:\\\/\\\/www.renouvelle.be\\\/fr\\\/#website\",\"url\":\"https:\\\/\\\/www.renouvelle.be\\\/fr\\\/\",\"name\":\"Renouvelle\",\"description\":\"L&#039;actualit\u00e9 de l&#039;\u00e9nergie durable\",\"potentialAction\":[{\"@type\":\"SearchAction\",\"target\":{\"@type\":\"EntryPoint\",\"urlTemplate\":\"https:\\\/\\\/www.renouvelle.be\\\/fr\\\/?s={search_term_string}\"},\"query-input\":{\"@type\":\"PropertyValueSpecification\",\"valueRequired\":true,\"valueName\":\"search_term_string\"}}],\"inLanguage\":\"fr-FR\"},{\"@type\":\"Person\",\"@id\":\"https:\\\/\\\/www.renouvelle.be\\\/fr\\\/#\\\/schema\\\/person\\\/9d743366fb269eeceaa8d60e98d289d3\",\"name\":\"Samuel Alves\",\"url\":\"https:\\\/\\\/www.renouvelle.be\\\/fr\\\/author\\\/salves\\\/\"}]}<\/script>\n<!-- \/ Yoast SEO plugin. -->","yoast_head_json":{"title":"\u00c0 Moneypoint, l\u2019Irlande souhaite bon vent au charbon - Renouvelle","description":"\u00c0 Moneypoint, l'Irlande a d\u00e9cid\u00e9 de se passer du charbon pour la production d'\u00e9lectricit\u00e9 et de miser sur l'\u00e9nergie \u00e9olienne.","robots":{"index":"index","follow":"follow","max-snippet":"max-snippet:-1","max-image-preview":"max-image-preview:large","max-video-preview":"max-video-preview:-1"},"canonical":"https:\/\/www.renouvelle.be\/fr\/a-moneypoint-lirlande-souhaite-bon-vent-au-charbon\/","og_locale":"fr_FR","og_type":"article","og_title":"\u00c0 Moneypoint, l\u2019Irlande souhaite bon vent au charbon - Renouvelle","og_description":"\u00c0 Moneypoint, l'Irlande a d\u00e9cid\u00e9 de se passer du charbon pour la production d'\u00e9lectricit\u00e9 et de miser sur l'\u00e9nergie \u00e9olienne.","og_url":"https:\/\/www.renouvelle.be\/fr\/a-moneypoint-lirlande-souhaite-bon-vent-au-charbon\/","og_site_name":"Renouvelle","article_published_time":"2025-07-11T13:10:25+00:00","article_modified_time":"2025-07-11T13:10:27+00:00","og_image":[{"width":2560,"height":1103,"url":"https:\/\/www.renouvelle.be\/wp-content\/uploads\/2025\/07\/AdobeStock_562791246-scaled.jpeg","type":"image\/jpeg"}],"author":"Samuel Alves","twitter_card":"summary_large_image","schema":{"@context":"https:\/\/schema.org","@graph":[{"@type":"Article","@id":"https:\/\/www.renouvelle.be\/fr\/a-moneypoint-lirlande-souhaite-bon-vent-au-charbon\/#article","isPartOf":{"@id":"https:\/\/www.renouvelle.be\/fr\/a-moneypoint-lirlande-souhaite-bon-vent-au-charbon\/"},"author":{"name":"Samuel Alves","@id":"https:\/\/www.renouvelle.be\/fr\/#\/schema\/person\/9d743366fb269eeceaa8d60e98d289d3"},"headline":"\u00c0 Moneypoint, l\u2019Irlande souhaite bon vent au charbon","datePublished":"2025-07-11T13:10:25+00:00","dateModified":"2025-07-11T13:10:27+00:00","mainEntityOfPage":{"@id":"https:\/\/www.renouvelle.be\/fr\/a-moneypoint-lirlande-souhaite-bon-vent-au-charbon\/"},"wordCount":231,"image":{"@id":"https:\/\/www.renouvelle.be\/fr\/a-moneypoint-lirlande-souhaite-bon-vent-au-charbon\/#primaryimage"},"thumbnailUrl":"https:\/\/www.renouvelle.be\/wp-content\/uploads\/2025\/07\/AdobeStock_562791246-scaled.jpeg","articleSection":["Actualit\u00e9","Actualit\u00e9 internationale"],"inLanguage":"fr-FR"},{"@type":"WebPage","@id":"https:\/\/www.renouvelle.be\/fr\/a-moneypoint-lirlande-souhaite-bon-vent-au-charbon\/","url":"https:\/\/www.renouvelle.be\/fr\/a-moneypoint-lirlande-souhaite-bon-vent-au-charbon\/","name":"\u00c0 Moneypoint, l\u2019Irlande souhaite bon vent au charbon - Renouvelle","isPartOf":{"@id":"https:\/\/www.renouvelle.be\/fr\/#website"},"primaryImageOfPage":{"@id":"https:\/\/www.renouvelle.be\/fr\/a-moneypoint-lirlande-souhaite-bon-vent-au-charbon\/#primaryimage"},"image":{"@id":"https:\/\/www.renouvelle.be\/fr\/a-moneypoint-lirlande-souhaite-bon-vent-au-charbon\/#primaryimage"},"thumbnailUrl":"https:\/\/www.renouvelle.be\/wp-content\/uploads\/2025\/07\/AdobeStock_562791246-scaled.jpeg","datePublished":"2025-07-11T13:10:25+00:00","dateModified":"2025-07-11T13:10:27+00:00","author":{"@id":"https:\/\/www.renouvelle.be\/fr\/#\/schema\/person\/9d743366fb269eeceaa8d60e98d289d3"},"description":"\u00c0 Moneypoint, l'Irlande a d\u00e9cid\u00e9 de se passer du charbon pour la production d'\u00e9lectricit\u00e9 et de miser sur l'\u00e9nergie \u00e9olienne.","breadcrumb":{"@id":"https:\/\/www.renouvelle.be\/fr\/a-moneypoint-lirlande-souhaite-bon-vent-au-charbon\/#breadcrumb"},"inLanguage":"fr-FR","potentialAction":[{"@type":"ReadAction","target":["https:\/\/www.renouvelle.be\/fr\/a-moneypoint-lirlande-souhaite-bon-vent-au-charbon\/"]}]},{"@type":"ImageObject","inLanguage":"fr-FR","@id":"https:\/\/www.renouvelle.be\/fr\/a-moneypoint-lirlande-souhaite-bon-vent-au-charbon\/#primaryimage","url":"https:\/\/www.renouvelle.be\/wp-content\/uploads\/2025\/07\/AdobeStock_562791246-scaled.jpeg","contentUrl":"https:\/\/www.renouvelle.be\/wp-content\/uploads\/2025\/07\/AdobeStock_562791246-scaled.jpeg","width":2560,"height":1103,"caption":"Moneypoint Irlande charbon"},{"@type":"BreadcrumbList","@id":"https:\/\/www.renouvelle.be\/fr\/a-moneypoint-lirlande-souhaite-bon-vent-au-charbon\/#breadcrumb","itemListElement":[{"@type":"ListItem","position":1,"name":"Accueil","item":"https:\/\/www.renouvelle.be\/fr\/"},{"@type":"ListItem","position":2,"name":"\u00c0 Moneypoint, l\u2019Irlande souhaite bon vent au charbon"}]},{"@type":"WebSite","@id":"https:\/\/www.renouvelle.be\/fr\/#website","url":"https:\/\/www.renouvelle.be\/fr\/","name":"Renouvelle","description":"L&#039;actualit\u00e9 de l&#039;\u00e9nergie durable","potentialAction":[{"@type":"SearchAction","target":{"@type":"EntryPoint","urlTemplate":"https:\/\/www.renouvelle.be\/fr\/?s={search_term_string}"},"query-input":{"@type":"PropertyValueSpecification","valueRequired":true,"valueName":"search_term_string"}}],"inLanguage":"fr-FR"},{"@type":"Person","@id":"https:\/\/www.renouvelle.be\/fr\/#\/schema\/person\/9d743366fb269eeceaa8d60e98d289d3","name":"Samuel Alves","url":"https:\/\/www.renouvelle.be\/fr\/author\/salves\/"}]}},"_links":{"self":[{"href":"https:\/\/www.renouvelle.be\/fr\/wp-json\/wp\/v2\/posts\/15458","targetHints":{"allow":["GET"]}}],"collection":[{"href":"https:\/\/www.renouvelle.be\/fr\/wp-json\/wp\/v2\/posts"}],"about":[{"href":"https:\/\/www.renouvelle.be\/fr\/wp-json\/wp\/v2\/types\/post"}],"author":[{"embeddable":true,"href":"https:\/\/www.renouvelle.be\/fr\/wp-json\/wp\/v2\/users\/38"}],"replies":[{"embeddable":true,"href":"https:\/\/www.renouvelle.be\/fr\/wp-json\/wp\/v2\/comments?post=15458"}],"version-history":[{"count":1,"href":"https:\/\/www.renouvelle.be\/fr\/wp-json\/wp\/v2\/posts\/15458\/revisions"}],"predecessor-version":[{"id":15463,"href":"https:\/\/www.renouvelle.be\/fr\/wp-json\/wp\/v2\/posts\/15458\/revisions\/15463"}],"wp:featuredmedia":[{"embeddable":true,"href":"https:\/\/www.renouvelle.be\/fr\/wp-json\/wp\/v2\/media\/15459"}],"wp:attachment":[{"href":"https:\/\/www.renouvelle.be\/fr\/wp-json\/wp\/v2\/media?parent=15458"}],"wp:term":[{"taxonomy":"category","embeddable":true,"href":"https:\/\/www.renouvelle.be\/fr\/wp-json\/wp\/v2\/categories?post=15458"},{"taxonomy":"post_tag","embeddable":true,"href":"https:\/\/www.renouvelle.be\/fr\/wp-json\/wp\/v2\/tags?post=15458"},{"taxonomy":"section","embeddable":true,"href":"https:\/\/www.renouvelle.be\/fr\/wp-json\/wp\/v2\/section?post=15458"}],"curies":[{"name":"wp","href":"https:\/\/api.w.org\/{rel}","templated":true}]}}