{"id":15438,"date":"2025-07-10T11:42:27","date_gmt":"2025-07-10T09:42:27","guid":{"rendered":"https:\/\/www.renouvelle.be\/?p=15438"},"modified":"2025-08-13T16:32:43","modified_gmt":"2025-08-13T14:32:43","slug":"quel-avenir-pour-le-mecanisme-des-certificats-verts-a-bruxelles","status":"publish","type":"post","link":"https:\/\/www.renouvelle.be\/fr\/quel-avenir-pour-le-mecanisme-des-certificats-verts-a-bruxelles\/","title":{"rendered":"Quel avenir pour le m\u00e9canisme des certificats verts \u00e0 Bruxelles ?"},"content":{"rendered":"\n<p>Bas\u00e9 sur un syst\u00e8me d\u2019offre et de demande, nous avons, d\u2019un c\u00f4t\u00e9, les producteurs d&rsquo;\u00e9lectricit\u00e9 renouvelable qui re\u00e7oivent des certificats verts sur une p\u00e9riode de 10 ans pour, en quelque sorte, les r\u00e9compenser. De l\u2019autre, les fournisseurs d&rsquo;\u00e9nergie qui doivent remettre, annuellement, un nombre d\u00e9fini de CV en fonction de la quantit\u00e9 d\u2019\u00e9lectricit\u00e9 qu\u2019ils ont vendue (quota exprim\u00e9 en %).<\/p>\n\n\n\n<p>Cependant, afin de rentabiliser l\u2019investissement des producteurs d\u2019\u00e9lectricit\u00e9 verte, un prix minimum de 65\u20ac est garanti pour chaque CV. S\u2019ils ne trouvent pas d\u2019acheteurs sur le march\u00e9, Elia les leur rach\u00e8te \u00e0 ce prix minimum.<\/p>\n\n\n\n<p>Les quotas sont fix\u00e9s par le Gouvernement bruxellois sur base des propositions techniques de BRUGEL, le r\u00e9gulateur r\u00e9gional de l&rsquo;\u00e9nergie. Il en va de m\u00eame pour les coefficients d&rsquo;octroi, c\u2019est-\u00e0-dire le nombre de certificats verts accord\u00e9s \u00e0 un producteur par MWh produit.<\/p>\n\n\n\n<p>Depuis 2022, BRUGEL r\u00e9alise annuellement une \u00e9tude quantitative qui \u00e9value l&rsquo;\u00e9quilibre entre les CV octroy\u00e9s et ceux qui doivent \u00eatre restitu\u00e9s en fin de p\u00e9riode par les fournisseurs d&rsquo;\u00e9nergie. L&rsquo;\u00e9tude <a href=\"https:\/\/brugel.brussels\/actualites\/publication-de-notre-etude-sur-ladequation-des-quotas-de-certificats-verts-695\" target=\"_blank\" rel=\"noreferrer noopener\">n\u00b050<\/a>, publi\u00e9e le mois pass\u00e9, analyse la pertinence des quotas et formule des recommandations au gouvernement quant au maintien ou \u00e0 la r\u00e9vision des quotas pour la p\u00e9riode 2026-2028.<\/p>\n\n\n\n<p>Pour cela, le r\u00e9gulateur bruxellois prend en compte les certificats verts qui seront attribu\u00e9s aux installations existantes, tout en anticipant plusieurs sc\u00e9narios de d\u00e9veloppement pour celles \u00e0 venir. Il estime \u00e9galement le volume d\u2019\u00e9lectricit\u00e9 qui sera fournie \u00e0 Bruxelles.<\/p>\n\n\n\n<p>Bien que le gouvernement bruxellois souhaite le maintien du syst\u00e8me actuel des<a href=\"https:\/\/www.renouvelle.be\/fr\/certificats-verts-attention-aux-fausses-bonnes-idees\/\" target=\"_blank\" rel=\"noreferrer noopener\"> CV<\/a>, BRUGEL sugg\u00e8re d\u2019adapter les quotas pour que le march\u00e9 reste \u00e0 l\u2019\u00e9quilibre. Elle pr\u00e9voit 3 sc\u00e9narios diff\u00e9rents et pr\u00e9conise d&rsquo;adapter les quotas comme repris dans le tableau ci-dessous (en % de la fourniture) :<\/p>\n\n\n<div class=\"wp-block-image\">\n<figure class=\"aligncenter size-full is-resized\"><img loading=\"lazy\" decoding=\"async\" width=\"714\" height=\"184\" src=\"https:\/\/www.renouvelle.be\/wp-content\/uploads\/2025\/07\/certificats_verts_bruxelles_01.png\" alt=\"certificats verts bruxelles\" class=\"wp-image-15444\" style=\"width:514px;height:auto\" srcset=\"https:\/\/www.renouvelle.be\/wp-content\/uploads\/2025\/07\/certificats_verts_bruxelles_01.png 714w, https:\/\/www.renouvelle.be\/wp-content\/uploads\/2025\/07\/certificats_verts_bruxelles_01-300x77.png 300w\" sizes=\"auto, (max-width: 714px) 100vw, 714px\" \/><figcaption class=\"wp-element-caption\">Source : BRUGEL<\/figcaption><\/figure>\n<\/div>\n\n\n<p><strong>N\u00e9anmoins, le r\u00e9gulateur rappelle deux pistes alternatives pour l&rsquo;\u00e9volution future du m\u00e9canisme des CV :<\/strong><\/p>\n\n\n\n<ol start=\"1\" class=\"wp-block-list\">\n<li><strong>R\u00e9forme du syst\u00e8me de march\u00e9 en le rempla\u00e7ant par un m\u00e9canisme hybride<\/strong><\/li>\n<\/ol>\n\n\n\n<p>Ce m\u00e9canisme serait compos\u00e9 :<\/p>\n\n\n\n<ul class=\"wp-block-list\">\n<li>d&rsquo;une prime \u00e0 l&rsquo;investissement pour les personnes physiques<\/li>\n\n\n\n<li>du rachat automatique des CV \u00e0 prix fixe pour les personnes morales. Cette piste avait \u00e9t\u00e9 \u00e9voqu\u00e9e dans la proposition n\u00b034 en <a href=\"https:\/\/brugel.brussels\/publication\/document\/propositions\/2024\/fr\/PROPOSITION-34-EVOLUTION-SYSTEME-SOUTIEN-ER.pdf\" target=\"_blank\" rel=\"noreferrer noopener\">avril 2024<\/a> et revient \u00e0 sortir du syst\u00e8me de quotas tout en continuant \u00e0 soutenir les investissements en \u00e9nergies renouvelables.<br><br>L&rsquo;utilisation d&rsquo;un coefficient \u00e9conomique, appel\u00e9 \u00ab\u00a0Keco\u00a0\u00bb, permettrait d\u2019ajuster le niveau de soutien stable en fonction de l&rsquo;\u00e9volution des prix de l&rsquo;\u00e9lectricit\u00e9, qu\u2019elle soit pr\u00e9lev\u00e9e du r\u00e9seau ou inject\u00e9e sur celui-ci. Le nombre de certificats verts octroy\u00e9s par MWh produit serait recalcul\u00e9 annuellement pour garantir une rentabilit\u00e9 sur un temps d\u00e9termin\u00e9, par exemple 7 ans.<\/li>\n<\/ul>\n\n\n<div class=\"wp-block-image\">\n<figure class=\"aligncenter size-large is-resized\"><img loading=\"lazy\" decoding=\"async\" width=\"1024\" height=\"278\" src=\"https:\/\/www.renouvelle.be\/wp-content\/uploads\/2025\/07\/certificats_verts_bruxelles_02-1024x278.png\" alt=\"certificats verts bruxelles\" class=\"wp-image-15451\" style=\"width:730px;height:auto\" srcset=\"https:\/\/www.renouvelle.be\/wp-content\/uploads\/2025\/07\/certificats_verts_bruxelles_02-1024x278.png 1024w, https:\/\/www.renouvelle.be\/wp-content\/uploads\/2025\/07\/certificats_verts_bruxelles_02-300x82.png 300w, https:\/\/www.renouvelle.be\/wp-content\/uploads\/2025\/07\/certificats_verts_bruxelles_02-768x209.png 768w, https:\/\/www.renouvelle.be\/wp-content\/uploads\/2025\/07\/certificats_verts_bruxelles_02.png 1060w\" sizes=\"auto, (max-width: 1024px) 100vw, 1024px\" \/><figcaption class=\"wp-element-caption\">Proposition concernant cette r\u00e9forme. Source : BRUGEL<\/figcaption><\/figure>\n<\/div>\n\n\n<p>Cette r\u00e9forme a plusieurs avantages comme la simplification du syst\u00e8me pour les particuliers, la r\u00e9duction du co\u00fbt soci\u00e9tal ou encore la compatibilit\u00e9 avec le syst\u00e8me de tiers-investisseurs dans le cas des personnes morales.<\/p>\n\n\n\n<ol start=\"2\" class=\"wp-block-list\">\n<li><strong>Statu quo des quotas actuels<\/strong><\/li>\n<\/ol>\n\n\n\n<p>Cette alternative consiste \u00e0 maintenir le syst\u00e8me actuel de march\u00e9 des quotas mais en permettant qu&rsquo;une grande partie du stock exc\u00e9dentaire des certificats verts soit revendue au prix plancher.<\/p>\n\n\n\n<p>Ne pas modifier les quotas augmenterait les stocks de CV en circulation et conduirait \u00e0 une baisse du prix de ces derniers jusqu&rsquo;\u00e0 atteindre le prix plancher de 65\u20ac\/CV.<\/p>\n\n\n\n<p>Cela aurait un impact positif sur les factures d\u2019\u00e9lectricit\u00e9 des consommateurs (environ 10\u20ac\/an pour un m\u00e9nage moyen) du fait de la baisse de la \u00ab\u00a0cotisation \u00e9nergie verte\u00a0\u00bb qui d\u00e9pend du prix que le fournisseur aura d\u00e9bours\u00e9 en moyenne pour les CV qu&rsquo;il doit d\u00e9clarer.<\/p>\n\n\n\n<p>En revanche, pour les mod\u00e8les de tiers-investissement, qui d\u00e9pendent fortement du prix des CV, cela peut repr\u00e9senter un manque \u00e0 gagner. Les producteurs propri\u00e9taires seraient moins impact\u00e9s car la hausse de prix de l&rsquo;\u00e9lectricit\u00e9 des derni\u00e8res ann\u00e9es leur permet des revenus plus \u00e9lev\u00e9s que ceux qu&rsquo;ils avaient attendus au moment de leur investissement.<\/p>\n\n\n\n<p>BRUGEL rappelle aussi que l&rsquo;utilisation de la facture d&rsquo;\u00e9lectricit\u00e9 pour financer le m\u00e9canisme des CV n&rsquo;est pas une strat\u00e9gie optimale, car la transition \u00e9nerg\u00e9tique passe par l&rsquo;\u00e9lectrification de certains besoins (mobilit\u00e9 \u00e9lectrique, production d&rsquo;eau chaude et chauffage \u00e9lectriques, etc.). Les investissements li\u00e9s \u00e0 cette \u00e9lectrification \u00e9tant parfois tr\u00e8s co\u00fbteux, faire peser le financement des CV sur ces nouvelles consommations \u00e9lectriques ne favorise pas ces investissements. D\u00e8s lors, une option envisag\u00e9e serait de favoriser un pr\u00e9l\u00e8vement sur la facture de gaz plut\u00f4t que sur la facture d&rsquo;\u00e9lectricit\u00e9.<\/p>\n\n\n\n<p>En conclusion, m\u00eame si le m\u00e9canisme de soutien aux \u00e9nergies renouvelables \u00e0 Bruxelles est amen\u00e9 \u00e0 \u00e9voluer dans les prochaines ann\u00e9es, ce soutien n&rsquo;est pas vou\u00e9 \u00e0 dispara\u00eetre \u00e9tant donn\u00e9 son r\u00f4le important pour atteindre les objectifs en mati\u00e8re de pr\u00e9servation du climat pour lesquels la Belgique s&rsquo;est engag\u00e9e.<\/p>\n","protected":false},"excerpt":{"rendered":"<p>Bas\u00e9 sur un syst\u00e8me d\u2019offre et de demande, nous avons, d\u2019un c\u00f4t\u00e9, les producteurs d&rsquo;\u00e9lectricit\u00e9 renouvelable qui re\u00e7oivent des certificats verts sur une p\u00e9riode de 10 ans pour, en quelque sorte, les r\u00e9compenser. De l\u2019autre, les fournisseurs d&rsquo;\u00e9nergie qui doivent remettre, annuellement, un nombre d\u00e9fini de CV en fonction de la quantit\u00e9 d\u2019\u00e9lectricit\u00e9 qu\u2019ils ont vendue (quota exprim\u00e9 en %). Cependant, afin de rentabiliser l\u2019investissement des producteurs d\u2019\u00e9lectricit\u00e9 verte, un prix minimum de 65\u20ac est garanti pour chaque CV. S\u2019ils ne trouvent pas d\u2019acheteurs sur le march\u00e9, Elia les leur rach\u00e8te \u00e0 ce prix minimum. Les quotas sont fix\u00e9s par le Gouvernement bruxellois sur base des propositions techniques de BRUGEL, le r\u00e9gulateur r\u00e9gional de l&rsquo;\u00e9nergie. Il en va de m\u00eame pour les coefficients d&rsquo;octroi, c\u2019est-\u00e0-dire le nombre de certificats verts accord\u00e9s \u00e0 un producteur par MWh produit. Depuis 2022, BRUGEL r\u00e9alise annuellement une \u00e9tude quantitative qui \u00e9value l&rsquo;\u00e9quilibre entre les CV octroy\u00e9s et ceux qui doivent \u00eatre restitu\u00e9s en fin de p\u00e9riode par les fournisseurs d&rsquo;\u00e9nergie. L&rsquo;\u00e9tude n\u00b050, publi\u00e9e le mois pass\u00e9, analyse la pertinence des quotas et formule des recommandations au gouvernement quant au maintien ou \u00e0 la r\u00e9vision des quotas pour la p\u00e9riode 2026-2028. Pour cela, le r\u00e9gulateur bruxellois prend en compte les certificats verts qui seront attribu\u00e9s aux installations existantes, tout en anticipant plusieurs sc\u00e9narios de d\u00e9veloppement pour celles \u00e0 venir. Il estime \u00e9galement le volume d\u2019\u00e9lectricit\u00e9 qui sera fournie \u00e0 Bruxelles. Bien que le gouvernement bruxellois souhaite le maintien du syst\u00e8me actuel des CV, BRUGEL sugg\u00e8re d\u2019adapter les quotas pour que le march\u00e9 reste \u00e0 l\u2019\u00e9quilibre. Elle pr\u00e9voit 3 sc\u00e9narios diff\u00e9rents et pr\u00e9conise d&rsquo;adapter les quotas comme repris dans le tableau ci-dessous (en % de la fourniture) : N\u00e9anmoins, le r\u00e9gulateur rappelle deux pistes alternatives pour &hellip; <a href=\"https:\/\/www.renouvelle.be\/fr\/quel-avenir-pour-le-mecanisme-des-certificats-verts-a-bruxelles\/\" class=\"more-link\">Continue reading<span class=\"screen-reader-text\"> \u00ab\u00a0Quel avenir pour le m\u00e9canisme des certificats verts \u00e0 Bruxelles ?\u00a0\u00bb<\/span><\/a><\/p>\n","protected":false},"author":34,"featured_media":15440,"comment_status":"closed","ping_status":"closed","sticky":false,"template":"","format":"standard","meta":{"_acf_changed":false,"footnotes":""},"categories":[16,17],"tags":[],"section":[8,13],"class_list":["post-15438","post","type-post","status-publish","format-standard","has-post-thumbnail","hentry","category-actualite","category-actualite-en-belgique","section-energie-renouvelables","section-solaire"],"acf":[],"yoast_head":"<!-- This site is optimized with the Yoast SEO plugin v27.5 - https:\/\/yoast.com\/product\/yoast-seo-wordpress\/ -->\n<title>Quel avenir pour le m\u00e9canisme des certificats verts \u00e0 Bruxelles ? - Renouvelle<\/title>\n<meta name=\"description\" content=\"Doit-on s&#039;attendre \u00e0 un changement dans le syst\u00e8me des certificats verts \u00e0 Bruxelles ? BRUGEL et sa nouvelle \u00e9tude propose des alternatives.\" \/>\n<meta name=\"robots\" content=\"index, follow, max-snippet:-1, max-image-preview:large, max-video-preview:-1\" \/>\n<link rel=\"canonical\" href=\"https:\/\/www.renouvelle.be\/fr\/quel-avenir-pour-le-mecanisme-des-certificats-verts-a-bruxelles\/\" \/>\n<meta property=\"og:locale\" content=\"fr_FR\" \/>\n<meta property=\"og:type\" content=\"article\" \/>\n<meta property=\"og:title\" content=\"Quel avenir pour le m\u00e9canisme des certificats verts \u00e0 Bruxelles ? - Renouvelle\" \/>\n<meta property=\"og:description\" content=\"Doit-on s&#039;attendre \u00e0 un changement dans le syst\u00e8me des certificats verts \u00e0 Bruxelles ? BRUGEL et sa nouvelle \u00e9tude propose des alternatives.\" \/>\n<meta property=\"og:url\" content=\"https:\/\/www.renouvelle.be\/fr\/quel-avenir-pour-le-mecanisme-des-certificats-verts-a-bruxelles\/\" \/>\n<meta property=\"og:site_name\" content=\"Renouvelle\" \/>\n<meta property=\"article:published_time\" content=\"2025-07-10T09:42:27+00:00\" \/>\n<meta property=\"article:modified_time\" content=\"2025-08-13T14:32:43+00:00\" \/>\n<meta property=\"og:image\" content=\"https:\/\/www.renouvelle.be\/wp-content\/uploads\/2025\/07\/AdobeStock_677289744-scaled-e1752140333145.jpeg\" \/>\n\t<meta property=\"og:image:width\" content=\"2560\" \/>\n\t<meta property=\"og:image:height\" content=\"1685\" \/>\n\t<meta property=\"og:image:type\" content=\"image\/jpeg\" \/>\n<meta name=\"author\" content=\"Olivier BOVEROUX\" \/>\n<meta name=\"twitter:card\" content=\"summary_large_image\" \/>\n<script type=\"application\/ld+json\" class=\"yoast-schema-graph\">{\"@context\":\"https:\\\/\\\/schema.org\",\"@graph\":[{\"@type\":\"Article\",\"@id\":\"https:\\\/\\\/www.renouvelle.be\\\/fr\\\/quel-avenir-pour-le-mecanisme-des-certificats-verts-a-bruxelles\\\/#article\",\"isPartOf\":{\"@id\":\"https:\\\/\\\/www.renouvelle.be\\\/fr\\\/quel-avenir-pour-le-mecanisme-des-certificats-verts-a-bruxelles\\\/\"},\"author\":{\"name\":\"Olivier BOVEROUX\",\"@id\":\"https:\\\/\\\/www.renouvelle.be\\\/fr\\\/#\\\/schema\\\/person\\\/339d070b54005d1c9bb9996bc1f6f7c9\"},\"headline\":\"Quel avenir pour le m\u00e9canisme des certificats verts \u00e0 Bruxelles ?\",\"datePublished\":\"2025-07-10T09:42:27+00:00\",\"dateModified\":\"2025-08-13T14:32:43+00:00\",\"mainEntityOfPage\":{\"@id\":\"https:\\\/\\\/www.renouvelle.be\\\/fr\\\/quel-avenir-pour-le-mecanisme-des-certificats-verts-a-bruxelles\\\/\"},\"wordCount\":865,\"image\":{\"@id\":\"https:\\\/\\\/www.renouvelle.be\\\/fr\\\/quel-avenir-pour-le-mecanisme-des-certificats-verts-a-bruxelles\\\/#primaryimage\"},\"thumbnailUrl\":\"https:\\\/\\\/www.renouvelle.be\\\/wp-content\\\/uploads\\\/2025\\\/07\\\/AdobeStock_677289744-scaled-e1752140333145.jpeg\",\"articleSection\":[\"Actualit\u00e9\",\"Actualit\u00e9 en Belgique\"],\"inLanguage\":\"fr-FR\"},{\"@type\":\"WebPage\",\"@id\":\"https:\\\/\\\/www.renouvelle.be\\\/fr\\\/quel-avenir-pour-le-mecanisme-des-certificats-verts-a-bruxelles\\\/\",\"url\":\"https:\\\/\\\/www.renouvelle.be\\\/fr\\\/quel-avenir-pour-le-mecanisme-des-certificats-verts-a-bruxelles\\\/\",\"name\":\"Quel avenir pour le m\u00e9canisme des certificats verts \u00e0 Bruxelles ? - Renouvelle\",\"isPartOf\":{\"@id\":\"https:\\\/\\\/www.renouvelle.be\\\/fr\\\/#website\"},\"primaryImageOfPage\":{\"@id\":\"https:\\\/\\\/www.renouvelle.be\\\/fr\\\/quel-avenir-pour-le-mecanisme-des-certificats-verts-a-bruxelles\\\/#primaryimage\"},\"image\":{\"@id\":\"https:\\\/\\\/www.renouvelle.be\\\/fr\\\/quel-avenir-pour-le-mecanisme-des-certificats-verts-a-bruxelles\\\/#primaryimage\"},\"thumbnailUrl\":\"https:\\\/\\\/www.renouvelle.be\\\/wp-content\\\/uploads\\\/2025\\\/07\\\/AdobeStock_677289744-scaled-e1752140333145.jpeg\",\"datePublished\":\"2025-07-10T09:42:27+00:00\",\"dateModified\":\"2025-08-13T14:32:43+00:00\",\"author\":{\"@id\":\"https:\\\/\\\/www.renouvelle.be\\\/fr\\\/#\\\/schema\\\/person\\\/339d070b54005d1c9bb9996bc1f6f7c9\"},\"description\":\"Doit-on s'attendre \u00e0 un changement dans le syst\u00e8me des certificats verts \u00e0 Bruxelles ? BRUGEL et sa nouvelle \u00e9tude propose des alternatives.\",\"breadcrumb\":{\"@id\":\"https:\\\/\\\/www.renouvelle.be\\\/fr\\\/quel-avenir-pour-le-mecanisme-des-certificats-verts-a-bruxelles\\\/#breadcrumb\"},\"inLanguage\":\"fr-FR\",\"potentialAction\":[{\"@type\":\"ReadAction\",\"target\":[\"https:\\\/\\\/www.renouvelle.be\\\/fr\\\/quel-avenir-pour-le-mecanisme-des-certificats-verts-a-bruxelles\\\/\"]}]},{\"@type\":\"ImageObject\",\"inLanguage\":\"fr-FR\",\"@id\":\"https:\\\/\\\/www.renouvelle.be\\\/fr\\\/quel-avenir-pour-le-mecanisme-des-certificats-verts-a-bruxelles\\\/#primaryimage\",\"url\":\"https:\\\/\\\/www.renouvelle.be\\\/wp-content\\\/uploads\\\/2025\\\/07\\\/AdobeStock_677289744-scaled-e1752140333145.jpeg\",\"contentUrl\":\"https:\\\/\\\/www.renouvelle.be\\\/wp-content\\\/uploads\\\/2025\\\/07\\\/AdobeStock_677289744-scaled-e1752140333145.jpeg\",\"width\":2560,\"height\":1685,\"caption\":\"certificats verts bruxelles\"},{\"@type\":\"BreadcrumbList\",\"@id\":\"https:\\\/\\\/www.renouvelle.be\\\/fr\\\/quel-avenir-pour-le-mecanisme-des-certificats-verts-a-bruxelles\\\/#breadcrumb\",\"itemListElement\":[{\"@type\":\"ListItem\",\"position\":1,\"name\":\"Accueil\",\"item\":\"https:\\\/\\\/www.renouvelle.be\\\/fr\\\/\"},{\"@type\":\"ListItem\",\"position\":2,\"name\":\"Quel avenir pour le m\u00e9canisme des certificats verts \u00e0 Bruxelles ?\"}]},{\"@type\":\"WebSite\",\"@id\":\"https:\\\/\\\/www.renouvelle.be\\\/fr\\\/#website\",\"url\":\"https:\\\/\\\/www.renouvelle.be\\\/fr\\\/\",\"name\":\"Renouvelle\",\"description\":\"L&#039;actualit\u00e9 de l&#039;\u00e9nergie durable\",\"potentialAction\":[{\"@type\":\"SearchAction\",\"target\":{\"@type\":\"EntryPoint\",\"urlTemplate\":\"https:\\\/\\\/www.renouvelle.be\\\/fr\\\/?s={search_term_string}\"},\"query-input\":{\"@type\":\"PropertyValueSpecification\",\"valueRequired\":true,\"valueName\":\"search_term_string\"}}],\"inLanguage\":\"fr-FR\"},{\"@type\":\"Person\",\"@id\":\"https:\\\/\\\/www.renouvelle.be\\\/fr\\\/#\\\/schema\\\/person\\\/339d070b54005d1c9bb9996bc1f6f7c9\",\"name\":\"Olivier BOVEROUX\",\"url\":\"https:\\\/\\\/www.renouvelle.be\\\/fr\\\/author\\\/olivier-boveroux\\\/\"}]}<\/script>\n<!-- \/ Yoast SEO plugin. -->","yoast_head_json":{"title":"Quel avenir pour le m\u00e9canisme des certificats verts \u00e0 Bruxelles ? - Renouvelle","description":"Doit-on s'attendre \u00e0 un changement dans le syst\u00e8me des certificats verts \u00e0 Bruxelles ? BRUGEL et sa nouvelle \u00e9tude propose des alternatives.","robots":{"index":"index","follow":"follow","max-snippet":"max-snippet:-1","max-image-preview":"max-image-preview:large","max-video-preview":"max-video-preview:-1"},"canonical":"https:\/\/www.renouvelle.be\/fr\/quel-avenir-pour-le-mecanisme-des-certificats-verts-a-bruxelles\/","og_locale":"fr_FR","og_type":"article","og_title":"Quel avenir pour le m\u00e9canisme des certificats verts \u00e0 Bruxelles ? - Renouvelle","og_description":"Doit-on s'attendre \u00e0 un changement dans le syst\u00e8me des certificats verts \u00e0 Bruxelles ? BRUGEL et sa nouvelle \u00e9tude propose des alternatives.","og_url":"https:\/\/www.renouvelle.be\/fr\/quel-avenir-pour-le-mecanisme-des-certificats-verts-a-bruxelles\/","og_site_name":"Renouvelle","article_published_time":"2025-07-10T09:42:27+00:00","article_modified_time":"2025-08-13T14:32:43+00:00","og_image":[{"width":2560,"height":1685,"url":"https:\/\/www.renouvelle.be\/wp-content\/uploads\/2025\/07\/AdobeStock_677289744-scaled-e1752140333145.jpeg","type":"image\/jpeg"}],"author":"Olivier BOVEROUX","twitter_card":"summary_large_image","schema":{"@context":"https:\/\/schema.org","@graph":[{"@type":"Article","@id":"https:\/\/www.renouvelle.be\/fr\/quel-avenir-pour-le-mecanisme-des-certificats-verts-a-bruxelles\/#article","isPartOf":{"@id":"https:\/\/www.renouvelle.be\/fr\/quel-avenir-pour-le-mecanisme-des-certificats-verts-a-bruxelles\/"},"author":{"name":"Olivier BOVEROUX","@id":"https:\/\/www.renouvelle.be\/fr\/#\/schema\/person\/339d070b54005d1c9bb9996bc1f6f7c9"},"headline":"Quel avenir pour le m\u00e9canisme des certificats verts \u00e0 Bruxelles ?","datePublished":"2025-07-10T09:42:27+00:00","dateModified":"2025-08-13T14:32:43+00:00","mainEntityOfPage":{"@id":"https:\/\/www.renouvelle.be\/fr\/quel-avenir-pour-le-mecanisme-des-certificats-verts-a-bruxelles\/"},"wordCount":865,"image":{"@id":"https:\/\/www.renouvelle.be\/fr\/quel-avenir-pour-le-mecanisme-des-certificats-verts-a-bruxelles\/#primaryimage"},"thumbnailUrl":"https:\/\/www.renouvelle.be\/wp-content\/uploads\/2025\/07\/AdobeStock_677289744-scaled-e1752140333145.jpeg","articleSection":["Actualit\u00e9","Actualit\u00e9 en Belgique"],"inLanguage":"fr-FR"},{"@type":"WebPage","@id":"https:\/\/www.renouvelle.be\/fr\/quel-avenir-pour-le-mecanisme-des-certificats-verts-a-bruxelles\/","url":"https:\/\/www.renouvelle.be\/fr\/quel-avenir-pour-le-mecanisme-des-certificats-verts-a-bruxelles\/","name":"Quel avenir pour le m\u00e9canisme des certificats verts \u00e0 Bruxelles ? - Renouvelle","isPartOf":{"@id":"https:\/\/www.renouvelle.be\/fr\/#website"},"primaryImageOfPage":{"@id":"https:\/\/www.renouvelle.be\/fr\/quel-avenir-pour-le-mecanisme-des-certificats-verts-a-bruxelles\/#primaryimage"},"image":{"@id":"https:\/\/www.renouvelle.be\/fr\/quel-avenir-pour-le-mecanisme-des-certificats-verts-a-bruxelles\/#primaryimage"},"thumbnailUrl":"https:\/\/www.renouvelle.be\/wp-content\/uploads\/2025\/07\/AdobeStock_677289744-scaled-e1752140333145.jpeg","datePublished":"2025-07-10T09:42:27+00:00","dateModified":"2025-08-13T14:32:43+00:00","author":{"@id":"https:\/\/www.renouvelle.be\/fr\/#\/schema\/person\/339d070b54005d1c9bb9996bc1f6f7c9"},"description":"Doit-on s'attendre \u00e0 un changement dans le syst\u00e8me des certificats verts \u00e0 Bruxelles ? BRUGEL et sa nouvelle \u00e9tude propose des alternatives.","breadcrumb":{"@id":"https:\/\/www.renouvelle.be\/fr\/quel-avenir-pour-le-mecanisme-des-certificats-verts-a-bruxelles\/#breadcrumb"},"inLanguage":"fr-FR","potentialAction":[{"@type":"ReadAction","target":["https:\/\/www.renouvelle.be\/fr\/quel-avenir-pour-le-mecanisme-des-certificats-verts-a-bruxelles\/"]}]},{"@type":"ImageObject","inLanguage":"fr-FR","@id":"https:\/\/www.renouvelle.be\/fr\/quel-avenir-pour-le-mecanisme-des-certificats-verts-a-bruxelles\/#primaryimage","url":"https:\/\/www.renouvelle.be\/wp-content\/uploads\/2025\/07\/AdobeStock_677289744-scaled-e1752140333145.jpeg","contentUrl":"https:\/\/www.renouvelle.be\/wp-content\/uploads\/2025\/07\/AdobeStock_677289744-scaled-e1752140333145.jpeg","width":2560,"height":1685,"caption":"certificats verts bruxelles"},{"@type":"BreadcrumbList","@id":"https:\/\/www.renouvelle.be\/fr\/quel-avenir-pour-le-mecanisme-des-certificats-verts-a-bruxelles\/#breadcrumb","itemListElement":[{"@type":"ListItem","position":1,"name":"Accueil","item":"https:\/\/www.renouvelle.be\/fr\/"},{"@type":"ListItem","position":2,"name":"Quel avenir pour le m\u00e9canisme des certificats verts \u00e0 Bruxelles ?"}]},{"@type":"WebSite","@id":"https:\/\/www.renouvelle.be\/fr\/#website","url":"https:\/\/www.renouvelle.be\/fr\/","name":"Renouvelle","description":"L&#039;actualit\u00e9 de l&#039;\u00e9nergie durable","potentialAction":[{"@type":"SearchAction","target":{"@type":"EntryPoint","urlTemplate":"https:\/\/www.renouvelle.be\/fr\/?s={search_term_string}"},"query-input":{"@type":"PropertyValueSpecification","valueRequired":true,"valueName":"search_term_string"}}],"inLanguage":"fr-FR"},{"@type":"Person","@id":"https:\/\/www.renouvelle.be\/fr\/#\/schema\/person\/339d070b54005d1c9bb9996bc1f6f7c9","name":"Olivier BOVEROUX","url":"https:\/\/www.renouvelle.be\/fr\/author\/olivier-boveroux\/"}]}},"_links":{"self":[{"href":"https:\/\/www.renouvelle.be\/fr\/wp-json\/wp\/v2\/posts\/15438","targetHints":{"allow":["GET"]}}],"collection":[{"href":"https:\/\/www.renouvelle.be\/fr\/wp-json\/wp\/v2\/posts"}],"about":[{"href":"https:\/\/www.renouvelle.be\/fr\/wp-json\/wp\/v2\/types\/post"}],"author":[{"embeddable":true,"href":"https:\/\/www.renouvelle.be\/fr\/wp-json\/wp\/v2\/users\/34"}],"replies":[{"embeddable":true,"href":"https:\/\/www.renouvelle.be\/fr\/wp-json\/wp\/v2\/comments?post=15438"}],"version-history":[{"count":8,"href":"https:\/\/www.renouvelle.be\/fr\/wp-json\/wp\/v2\/posts\/15438\/revisions"}],"predecessor-version":[{"id":15517,"href":"https:\/\/www.renouvelle.be\/fr\/wp-json\/wp\/v2\/posts\/15438\/revisions\/15517"}],"wp:featuredmedia":[{"embeddable":true,"href":"https:\/\/www.renouvelle.be\/fr\/wp-json\/wp\/v2\/media\/15440"}],"wp:attachment":[{"href":"https:\/\/www.renouvelle.be\/fr\/wp-json\/wp\/v2\/media?parent=15438"}],"wp:term":[{"taxonomy":"category","embeddable":true,"href":"https:\/\/www.renouvelle.be\/fr\/wp-json\/wp\/v2\/categories?post=15438"},{"taxonomy":"post_tag","embeddable":true,"href":"https:\/\/www.renouvelle.be\/fr\/wp-json\/wp\/v2\/tags?post=15438"},{"taxonomy":"section","embeddable":true,"href":"https:\/\/www.renouvelle.be\/fr\/wp-json\/wp\/v2\/section?post=15438"}],"curies":[{"name":"wp","href":"https:\/\/api.w.org\/{rel}","templated":true}]}}