{"id":15411,"date":"2025-07-04T15:52:20","date_gmt":"2025-07-04T13:52:20","guid":{"rendered":"https:\/\/www.renouvelle.be\/?p=15411"},"modified":"2025-07-04T15:52:22","modified_gmt":"2025-07-04T13:52:22","slug":"wallonie-nouveaux-tarifs-de-distribution-et-tarif-impact","status":"publish","type":"post","link":"https:\/\/www.renouvelle.be\/fr\/wallonie-nouveaux-tarifs-de-distribution-et-tarif-impact\/","title":{"rendered":"Wallonie : nouveaux tarifs de distribution et tarif IMPACT"},"content":{"rendered":"\n<p>Le r\u00e9gulateur wallon de l\u2019\u00e9nergie, la CWaPE, a valid\u00e9 les nouveaux tarifs de distribution d\u2019\u00e9lectricit\u00e9 pour la p\u00e9riode 2026 \u00e0 2029, propos\u00e9s par les principaux gestionnaires de r\u00e9seau (ORES, RESA, AIEG, AIESH). Prenant en compte plusieurs \u00e9l\u00e9ments comme les co\u00fbts des gestionnaires, la consommation pr\u00e9vue, les ajustements bas\u00e9s sur les \u00e9carts pass\u00e9s ainsi que les profils types de consommation, ces tarifs repr\u00e9sentent environ 25% de la facture finale d\u2019\u00e9lectricit\u00e9.<\/p>\n\n\n\n<p>En 2026, ces co\u00fbts de distribution augmenteront pour les m\u00e9nages wallons. Pour un client r\u00e9sidentiel moyen, cela repr\u00e9sentera une hausse d\u2019environ 8 % par rapport \u00e0 2025, et de 13 % sur cinq ans, soit plus ou moins 39\u202f\u20ac suppl\u00e9mentaires au total, d\u2019ici 2029.<\/p>\n\n\n\n<p>Des changements qui concernent aussi les propri\u00e9taires de panneaux photovolta\u00efques sans compteur communicant puisque le tarif prosumer capacitaire augmentera, sur la m\u00eame p\u00e9riode, de 3 \u00e0 9%<\/p>\n\n\n\n<p><strong>Nouveaut\u00e9s pour le bihoraire et l\u2019arriv\u00e9e du tarif IMPACT<\/strong><\/p>\n\n\n\n<p>Comme nous l\u2019avions d\u00e9j\u00e0 partag\u00e9 dans <a href=\"https:\/\/www.renouvelle.be\/fr\/electricite-une-tarification-incitative-des-2026-en-wallonie\/\" target=\"_blank\" rel=\"noreferrer noopener\">un pr\u00e9c\u00e9dent article<\/a>, 2026 verra l\u2019arriv\u00e9e d\u2019un nouveau type de tarif de r\u00e9seau\u00a0: le tarif IMPACT. Ce dernier veut inciter les clients \u00e0 d\u00e9placer leur consommation pendant les heures o\u00f9 l\u2019\u00e9lectricit\u00e9 est la plus abondante sur le r\u00e9seau.<\/p>\n\n\n<div class=\"wp-block-image\">\n<figure class=\"aligncenter size-large is-resized\"><img loading=\"lazy\" decoding=\"async\" width=\"1024\" height=\"558\" src=\"https:\/\/www.renouvelle.be\/wp-content\/uploads\/2025\/07\/cwape_tarif_impact-1024x558.png\" alt=\"tarif IMPACT\" class=\"wp-image-15414\" style=\"width:675px;height:auto\" srcset=\"https:\/\/www.renouvelle.be\/wp-content\/uploads\/2025\/07\/cwape_tarif_impact-1024x558.png 1024w, https:\/\/www.renouvelle.be\/wp-content\/uploads\/2025\/07\/cwape_tarif_impact-300x164.png 300w, https:\/\/www.renouvelle.be\/wp-content\/uploads\/2025\/07\/cwape_tarif_impact-768x419.png 768w, https:\/\/www.renouvelle.be\/wp-content\/uploads\/2025\/07\/cwape_tarif_impact-1200x654.png 1200w, https:\/\/www.renouvelle.be\/wp-content\/uploads\/2025\/07\/cwape_tarif_impact.png 1218w\" sizes=\"auto, (max-width: 1024px) 100vw, 1024px\" \/><figcaption class=\"wp-element-caption\">Source : CWaPE<\/figcaption><\/figure>\n<\/div>\n\n\n<p>Le tarif standard bihoraire, quant \u00e0 lui, ne fera plus de diff\u00e9rence entre les jours de semaine et de week-end. Ce dernier aura deux plages d\u2019heures creuses dont celle d\u00e9j\u00e0 existante entre 1h et 7h mais aussi de 11h \u00e0 17h.<br><br>Le dossier de presse contenant plus de d\u00e9tails sur les nouveaux tarifs de distribution de la CWaPE est disponible <a href=\"https:\/\/www.cwape.be\/sites\/default\/files\/cwape-documents\/DP_tarifs%20distribution%202026-2029-final.pdf\" target=\"_blank\" rel=\"noreferrer noopener\">ici<\/a>.<\/p>\n\n\n\n<p><\/p>\n","protected":false},"excerpt":{"rendered":"<p>Le r\u00e9gulateur wallon de l\u2019\u00e9nergie, la CWaPE, a valid\u00e9 les nouveaux tarifs de distribution d\u2019\u00e9lectricit\u00e9 pour la p\u00e9riode 2026 \u00e0 2029, propos\u00e9s par les principaux gestionnaires de r\u00e9seau (ORES, RESA, AIEG, AIESH). Prenant en compte plusieurs \u00e9l\u00e9ments comme les co\u00fbts des gestionnaires, la consommation pr\u00e9vue, les ajustements bas\u00e9s sur les \u00e9carts pass\u00e9s ainsi que les profils types de consommation, ces tarifs repr\u00e9sentent environ 25% de la facture finale d\u2019\u00e9lectricit\u00e9. En 2026, ces co\u00fbts de distribution augmenteront pour les m\u00e9nages wallons. Pour un client r\u00e9sidentiel moyen, cela repr\u00e9sentera une hausse d\u2019environ 8 % par rapport \u00e0 2025, et de 13 % sur cinq ans, soit plus ou moins 39\u202f\u20ac suppl\u00e9mentaires au total, d\u2019ici 2029. Des changements qui concernent aussi les propri\u00e9taires de panneaux photovolta\u00efques sans compteur communicant puisque le tarif prosumer capacitaire augmentera, sur la m\u00eame p\u00e9riode, de 3 \u00e0 9% Nouveaut\u00e9s pour le bihoraire et l\u2019arriv\u00e9e du tarif IMPACT Comme nous l\u2019avions d\u00e9j\u00e0 partag\u00e9 dans un pr\u00e9c\u00e9dent article, 2026 verra l\u2019arriv\u00e9e d\u2019un nouveau type de tarif de r\u00e9seau\u00a0: le tarif IMPACT. Ce dernier veut inciter les clients \u00e0 d\u00e9placer leur consommation pendant les heures o\u00f9 l\u2019\u00e9lectricit\u00e9 est la plus abondante sur le r\u00e9seau. Le tarif standard bihoraire, quant \u00e0 lui, ne fera plus de diff\u00e9rence entre les jours de semaine et de week-end. Ce dernier aura deux plages d\u2019heures creuses dont celle d\u00e9j\u00e0 existante entre 1h et 7h mais aussi de 11h \u00e0 17h. Le dossier de presse contenant plus de d\u00e9tails sur les nouveaux tarifs de distribution de la CWaPE est disponible ici.<\/p>\n","protected":false},"author":38,"featured_media":15419,"comment_status":"closed","ping_status":"closed","sticky":false,"template":"","format":"standard","meta":{"_acf_changed":false,"footnotes":""},"categories":[16,17],"tags":[],"section":[13],"class_list":["post-15411","post","type-post","status-publish","format-standard","has-post-thumbnail","hentry","category-actualite","category-actualite-en-belgique","section-solaire"],"acf":[],"yoast_head":"<!-- This site is optimized with the Yoast SEO plugin v27.5 - https:\/\/yoast.com\/product\/yoast-seo-wordpress\/ -->\n<title>Wallonie : nouveaux tarifs de distribution et tarif IMPACT - Renouvelle<\/title>\n<meta name=\"description\" content=\"La CWaPE pr\u00e9sente les nouveaux tarifs de distribution. Entre autres nouveaut\u00e9s, le tarif IMPACT arrivera en 2026.\" \/>\n<meta name=\"robots\" content=\"index, follow, max-snippet:-1, max-image-preview:large, max-video-preview:-1\" \/>\n<link rel=\"canonical\" href=\"https:\/\/www.renouvelle.be\/fr\/wallonie-nouveaux-tarifs-de-distribution-et-tarif-impact\/\" \/>\n<meta property=\"og:locale\" content=\"fr_FR\" \/>\n<meta property=\"og:type\" content=\"article\" \/>\n<meta property=\"og:title\" content=\"Wallonie : nouveaux tarifs de distribution et tarif IMPACT - Renouvelle\" \/>\n<meta property=\"og:description\" content=\"La CWaPE pr\u00e9sente les nouveaux tarifs de distribution. Entre autres nouveaut\u00e9s, le tarif IMPACT arrivera en 2026.\" \/>\n<meta property=\"og:url\" content=\"https:\/\/www.renouvelle.be\/fr\/wallonie-nouveaux-tarifs-de-distribution-et-tarif-impact\/\" \/>\n<meta property=\"og:site_name\" content=\"Renouvelle\" \/>\n<meta property=\"article:published_time\" content=\"2025-07-04T13:52:20+00:00\" \/>\n<meta property=\"article:modified_time\" content=\"2025-07-04T13:52:22+00:00\" \/>\n<meta property=\"og:image\" content=\"https:\/\/www.renouvelle.be\/wp-content\/uploads\/2025\/07\/AdobeStock_668487721-scaled.jpeg\" \/>\n\t<meta property=\"og:image:width\" content=\"2560\" \/>\n\t<meta property=\"og:image:height\" content=\"1707\" \/>\n\t<meta property=\"og:image:type\" content=\"image\/jpeg\" \/>\n<meta name=\"author\" content=\"Samuel Alves\" \/>\n<meta name=\"twitter:card\" content=\"summary_large_image\" \/>\n<script type=\"application\/ld+json\" class=\"yoast-schema-graph\">{\"@context\":\"https:\\\/\\\/schema.org\",\"@graph\":[{\"@type\":\"Article\",\"@id\":\"https:\\\/\\\/www.renouvelle.be\\\/fr\\\/wallonie-nouveaux-tarifs-de-distribution-et-tarif-impact\\\/#article\",\"isPartOf\":{\"@id\":\"https:\\\/\\\/www.renouvelle.be\\\/fr\\\/wallonie-nouveaux-tarifs-de-distribution-et-tarif-impact\\\/\"},\"author\":{\"name\":\"Samuel Alves\",\"@id\":\"https:\\\/\\\/www.renouvelle.be\\\/fr\\\/#\\\/schema\\\/person\\\/9d743366fb269eeceaa8d60e98d289d3\"},\"headline\":\"Wallonie : nouveaux tarifs de distribution et tarif IMPACT\",\"datePublished\":\"2025-07-04T13:52:20+00:00\",\"dateModified\":\"2025-07-04T13:52:22+00:00\",\"mainEntityOfPage\":{\"@id\":\"https:\\\/\\\/www.renouvelle.be\\\/fr\\\/wallonie-nouveaux-tarifs-de-distribution-et-tarif-impact\\\/\"},\"wordCount\":286,\"image\":{\"@id\":\"https:\\\/\\\/www.renouvelle.be\\\/fr\\\/wallonie-nouveaux-tarifs-de-distribution-et-tarif-impact\\\/#primaryimage\"},\"thumbnailUrl\":\"https:\\\/\\\/www.renouvelle.be\\\/wp-content\\\/uploads\\\/2025\\\/07\\\/AdobeStock_668487721-scaled.jpeg\",\"articleSection\":[\"Actualit\u00e9\",\"Actualit\u00e9 en Belgique\"],\"inLanguage\":\"fr-FR\"},{\"@type\":\"WebPage\",\"@id\":\"https:\\\/\\\/www.renouvelle.be\\\/fr\\\/wallonie-nouveaux-tarifs-de-distribution-et-tarif-impact\\\/\",\"url\":\"https:\\\/\\\/www.renouvelle.be\\\/fr\\\/wallonie-nouveaux-tarifs-de-distribution-et-tarif-impact\\\/\",\"name\":\"Wallonie : nouveaux tarifs de distribution et tarif IMPACT - Renouvelle\",\"isPartOf\":{\"@id\":\"https:\\\/\\\/www.renouvelle.be\\\/fr\\\/#website\"},\"primaryImageOfPage\":{\"@id\":\"https:\\\/\\\/www.renouvelle.be\\\/fr\\\/wallonie-nouveaux-tarifs-de-distribution-et-tarif-impact\\\/#primaryimage\"},\"image\":{\"@id\":\"https:\\\/\\\/www.renouvelle.be\\\/fr\\\/wallonie-nouveaux-tarifs-de-distribution-et-tarif-impact\\\/#primaryimage\"},\"thumbnailUrl\":\"https:\\\/\\\/www.renouvelle.be\\\/wp-content\\\/uploads\\\/2025\\\/07\\\/AdobeStock_668487721-scaled.jpeg\",\"datePublished\":\"2025-07-04T13:52:20+00:00\",\"dateModified\":\"2025-07-04T13:52:22+00:00\",\"author\":{\"@id\":\"https:\\\/\\\/www.renouvelle.be\\\/fr\\\/#\\\/schema\\\/person\\\/9d743366fb269eeceaa8d60e98d289d3\"},\"description\":\"La CWaPE pr\u00e9sente les nouveaux tarifs de distribution. Entre autres nouveaut\u00e9s, le tarif IMPACT arrivera en 2026.\",\"breadcrumb\":{\"@id\":\"https:\\\/\\\/www.renouvelle.be\\\/fr\\\/wallonie-nouveaux-tarifs-de-distribution-et-tarif-impact\\\/#breadcrumb\"},\"inLanguage\":\"fr-FR\",\"potentialAction\":[{\"@type\":\"ReadAction\",\"target\":[\"https:\\\/\\\/www.renouvelle.be\\\/fr\\\/wallonie-nouveaux-tarifs-de-distribution-et-tarif-impact\\\/\"]}]},{\"@type\":\"ImageObject\",\"inLanguage\":\"fr-FR\",\"@id\":\"https:\\\/\\\/www.renouvelle.be\\\/fr\\\/wallonie-nouveaux-tarifs-de-distribution-et-tarif-impact\\\/#primaryimage\",\"url\":\"https:\\\/\\\/www.renouvelle.be\\\/wp-content\\\/uploads\\\/2025\\\/07\\\/AdobeStock_668487721-scaled.jpeg\",\"contentUrl\":\"https:\\\/\\\/www.renouvelle.be\\\/wp-content\\\/uploads\\\/2025\\\/07\\\/AdobeStock_668487721-scaled.jpeg\",\"width\":2560,\"height\":1707,\"caption\":\"tarif IMPACT\"},{\"@type\":\"BreadcrumbList\",\"@id\":\"https:\\\/\\\/www.renouvelle.be\\\/fr\\\/wallonie-nouveaux-tarifs-de-distribution-et-tarif-impact\\\/#breadcrumb\",\"itemListElement\":[{\"@type\":\"ListItem\",\"position\":1,\"name\":\"Accueil\",\"item\":\"https:\\\/\\\/www.renouvelle.be\\\/fr\\\/\"},{\"@type\":\"ListItem\",\"position\":2,\"name\":\"Wallonie : nouveaux tarifs de distribution et tarif IMPACT\"}]},{\"@type\":\"WebSite\",\"@id\":\"https:\\\/\\\/www.renouvelle.be\\\/fr\\\/#website\",\"url\":\"https:\\\/\\\/www.renouvelle.be\\\/fr\\\/\",\"name\":\"Renouvelle\",\"description\":\"L&#039;actualit\u00e9 de l&#039;\u00e9nergie durable\",\"potentialAction\":[{\"@type\":\"SearchAction\",\"target\":{\"@type\":\"EntryPoint\",\"urlTemplate\":\"https:\\\/\\\/www.renouvelle.be\\\/fr\\\/?s={search_term_string}\"},\"query-input\":{\"@type\":\"PropertyValueSpecification\",\"valueRequired\":true,\"valueName\":\"search_term_string\"}}],\"inLanguage\":\"fr-FR\"},{\"@type\":\"Person\",\"@id\":\"https:\\\/\\\/www.renouvelle.be\\\/fr\\\/#\\\/schema\\\/person\\\/9d743366fb269eeceaa8d60e98d289d3\",\"name\":\"Samuel Alves\",\"url\":\"https:\\\/\\\/www.renouvelle.be\\\/fr\\\/author\\\/salves\\\/\"}]}<\/script>\n<!-- \/ Yoast SEO plugin. -->","yoast_head_json":{"title":"Wallonie : nouveaux tarifs de distribution et tarif IMPACT - Renouvelle","description":"La CWaPE pr\u00e9sente les nouveaux tarifs de distribution. Entre autres nouveaut\u00e9s, le tarif IMPACT arrivera en 2026.","robots":{"index":"index","follow":"follow","max-snippet":"max-snippet:-1","max-image-preview":"max-image-preview:large","max-video-preview":"max-video-preview:-1"},"canonical":"https:\/\/www.renouvelle.be\/fr\/wallonie-nouveaux-tarifs-de-distribution-et-tarif-impact\/","og_locale":"fr_FR","og_type":"article","og_title":"Wallonie : nouveaux tarifs de distribution et tarif IMPACT - Renouvelle","og_description":"La CWaPE pr\u00e9sente les nouveaux tarifs de distribution. Entre autres nouveaut\u00e9s, le tarif IMPACT arrivera en 2026.","og_url":"https:\/\/www.renouvelle.be\/fr\/wallonie-nouveaux-tarifs-de-distribution-et-tarif-impact\/","og_site_name":"Renouvelle","article_published_time":"2025-07-04T13:52:20+00:00","article_modified_time":"2025-07-04T13:52:22+00:00","og_image":[{"width":2560,"height":1707,"url":"https:\/\/www.renouvelle.be\/wp-content\/uploads\/2025\/07\/AdobeStock_668487721-scaled.jpeg","type":"image\/jpeg"}],"author":"Samuel Alves","twitter_card":"summary_large_image","schema":{"@context":"https:\/\/schema.org","@graph":[{"@type":"Article","@id":"https:\/\/www.renouvelle.be\/fr\/wallonie-nouveaux-tarifs-de-distribution-et-tarif-impact\/#article","isPartOf":{"@id":"https:\/\/www.renouvelle.be\/fr\/wallonie-nouveaux-tarifs-de-distribution-et-tarif-impact\/"},"author":{"name":"Samuel Alves","@id":"https:\/\/www.renouvelle.be\/fr\/#\/schema\/person\/9d743366fb269eeceaa8d60e98d289d3"},"headline":"Wallonie : nouveaux tarifs de distribution et tarif IMPACT","datePublished":"2025-07-04T13:52:20+00:00","dateModified":"2025-07-04T13:52:22+00:00","mainEntityOfPage":{"@id":"https:\/\/www.renouvelle.be\/fr\/wallonie-nouveaux-tarifs-de-distribution-et-tarif-impact\/"},"wordCount":286,"image":{"@id":"https:\/\/www.renouvelle.be\/fr\/wallonie-nouveaux-tarifs-de-distribution-et-tarif-impact\/#primaryimage"},"thumbnailUrl":"https:\/\/www.renouvelle.be\/wp-content\/uploads\/2025\/07\/AdobeStock_668487721-scaled.jpeg","articleSection":["Actualit\u00e9","Actualit\u00e9 en Belgique"],"inLanguage":"fr-FR"},{"@type":"WebPage","@id":"https:\/\/www.renouvelle.be\/fr\/wallonie-nouveaux-tarifs-de-distribution-et-tarif-impact\/","url":"https:\/\/www.renouvelle.be\/fr\/wallonie-nouveaux-tarifs-de-distribution-et-tarif-impact\/","name":"Wallonie : nouveaux tarifs de distribution et tarif IMPACT - Renouvelle","isPartOf":{"@id":"https:\/\/www.renouvelle.be\/fr\/#website"},"primaryImageOfPage":{"@id":"https:\/\/www.renouvelle.be\/fr\/wallonie-nouveaux-tarifs-de-distribution-et-tarif-impact\/#primaryimage"},"image":{"@id":"https:\/\/www.renouvelle.be\/fr\/wallonie-nouveaux-tarifs-de-distribution-et-tarif-impact\/#primaryimage"},"thumbnailUrl":"https:\/\/www.renouvelle.be\/wp-content\/uploads\/2025\/07\/AdobeStock_668487721-scaled.jpeg","datePublished":"2025-07-04T13:52:20+00:00","dateModified":"2025-07-04T13:52:22+00:00","author":{"@id":"https:\/\/www.renouvelle.be\/fr\/#\/schema\/person\/9d743366fb269eeceaa8d60e98d289d3"},"description":"La CWaPE pr\u00e9sente les nouveaux tarifs de distribution. Entre autres nouveaut\u00e9s, le tarif IMPACT arrivera en 2026.","breadcrumb":{"@id":"https:\/\/www.renouvelle.be\/fr\/wallonie-nouveaux-tarifs-de-distribution-et-tarif-impact\/#breadcrumb"},"inLanguage":"fr-FR","potentialAction":[{"@type":"ReadAction","target":["https:\/\/www.renouvelle.be\/fr\/wallonie-nouveaux-tarifs-de-distribution-et-tarif-impact\/"]}]},{"@type":"ImageObject","inLanguage":"fr-FR","@id":"https:\/\/www.renouvelle.be\/fr\/wallonie-nouveaux-tarifs-de-distribution-et-tarif-impact\/#primaryimage","url":"https:\/\/www.renouvelle.be\/wp-content\/uploads\/2025\/07\/AdobeStock_668487721-scaled.jpeg","contentUrl":"https:\/\/www.renouvelle.be\/wp-content\/uploads\/2025\/07\/AdobeStock_668487721-scaled.jpeg","width":2560,"height":1707,"caption":"tarif IMPACT"},{"@type":"BreadcrumbList","@id":"https:\/\/www.renouvelle.be\/fr\/wallonie-nouveaux-tarifs-de-distribution-et-tarif-impact\/#breadcrumb","itemListElement":[{"@type":"ListItem","position":1,"name":"Accueil","item":"https:\/\/www.renouvelle.be\/fr\/"},{"@type":"ListItem","position":2,"name":"Wallonie : nouveaux tarifs de distribution et tarif IMPACT"}]},{"@type":"WebSite","@id":"https:\/\/www.renouvelle.be\/fr\/#website","url":"https:\/\/www.renouvelle.be\/fr\/","name":"Renouvelle","description":"L&#039;actualit\u00e9 de l&#039;\u00e9nergie durable","potentialAction":[{"@type":"SearchAction","target":{"@type":"EntryPoint","urlTemplate":"https:\/\/www.renouvelle.be\/fr\/?s={search_term_string}"},"query-input":{"@type":"PropertyValueSpecification","valueRequired":true,"valueName":"search_term_string"}}],"inLanguage":"fr-FR"},{"@type":"Person","@id":"https:\/\/www.renouvelle.be\/fr\/#\/schema\/person\/9d743366fb269eeceaa8d60e98d289d3","name":"Samuel Alves","url":"https:\/\/www.renouvelle.be\/fr\/author\/salves\/"}]}},"_links":{"self":[{"href":"https:\/\/www.renouvelle.be\/fr\/wp-json\/wp\/v2\/posts\/15411","targetHints":{"allow":["GET"]}}],"collection":[{"href":"https:\/\/www.renouvelle.be\/fr\/wp-json\/wp\/v2\/posts"}],"about":[{"href":"https:\/\/www.renouvelle.be\/fr\/wp-json\/wp\/v2\/types\/post"}],"author":[{"embeddable":true,"href":"https:\/\/www.renouvelle.be\/fr\/wp-json\/wp\/v2\/users\/38"}],"replies":[{"embeddable":true,"href":"https:\/\/www.renouvelle.be\/fr\/wp-json\/wp\/v2\/comments?post=15411"}],"version-history":[{"count":7,"href":"https:\/\/www.renouvelle.be\/fr\/wp-json\/wp\/v2\/posts\/15411\/revisions"}],"predecessor-version":[{"id":15422,"href":"https:\/\/www.renouvelle.be\/fr\/wp-json\/wp\/v2\/posts\/15411\/revisions\/15422"}],"wp:featuredmedia":[{"embeddable":true,"href":"https:\/\/www.renouvelle.be\/fr\/wp-json\/wp\/v2\/media\/15419"}],"wp:attachment":[{"href":"https:\/\/www.renouvelle.be\/fr\/wp-json\/wp\/v2\/media?parent=15411"}],"wp:term":[{"taxonomy":"category","embeddable":true,"href":"https:\/\/www.renouvelle.be\/fr\/wp-json\/wp\/v2\/categories?post=15411"},{"taxonomy":"post_tag","embeddable":true,"href":"https:\/\/www.renouvelle.be\/fr\/wp-json\/wp\/v2\/tags?post=15411"},{"taxonomy":"section","embeddable":true,"href":"https:\/\/www.renouvelle.be\/fr\/wp-json\/wp\/v2\/section?post=15411"}],"curies":[{"name":"wp","href":"https:\/\/api.w.org\/{rel}","templated":true}]}}