{"id":15340,"date":"2025-06-26T09:39:54","date_gmt":"2025-06-26T07:39:54","guid":{"rendered":"https:\/\/www.renouvelle.be\/?p=15340"},"modified":"2025-06-26T09:42:33","modified_gmt":"2025-06-26T07:42:33","slug":"bilan-de-la-production-eolienne-en-belgique-printemps-2025","status":"publish","type":"post","link":"https:\/\/www.renouvelle.be\/fr\/bilan-de-la-production-eolienne-en-belgique-printemps-2025\/","title":{"rendered":"Bilan de la production \u00e9olienne en Belgique : printemps 2025"},"content":{"rendered":"\n<p>Cela n\u2019a \u00e9chapp\u00e9 \u00e0 personne\u00a0: cette ann\u00e9e, le printemps a \u00e9t\u00e9 intens\u00e9ment sec et accompagn\u00e9 d\u2019une vitesse du vent extr\u00eamement basse. La moyenne de celle-ci, mesur\u00e9e pendant le printemps m\u00e9t\u00e9orologique (soit du 1<sup>er<\/sup> mars au 31 mai), fut de 3,2m\/s (11,5 km\/h). Nous n\u2019avions plus vu un r\u00e9sultat aussi bas depuis <a href=\"https:\/\/www.meteo.be\/uploads\/media\/683d76463c73d\/bilan-climatique-saisonnier-2025-s2.pdf?token=\/uploads\/media\/683d76463c73d\/bilan-climatique-saisonnier-2025-s2.pdf\" target=\"_blank\" rel=\"noreferrer noopener\">1879<\/a>, un record \u00e0 \u00e9galit\u00e9 avec les printemps de 1939 et 2017. Sans surprise, ces faibles vitesses de vent se sont fait ressentir dans le bilan \u00e9olien.<\/p>\n\n\n\n<h2 class=\"wp-block-heading\"><strong>Le printemps 2025 pour la production \u00e9olienne<\/strong><\/h2>\n\n\n\n<p>Durant la p\u00e9riode concern\u00e9e, les \u00e9oliennes ont g\u00e9n\u00e9r\u00e9 en Belgique un peu plus de 2.1 TWh d\u2019\u00e9lectricit\u00e9, l\u00e9g\u00e8rement plus en offshore qu\u2019en onshore.<\/p>\n\n\n<div class=\"wp-block-image\">\n<figure class=\"aligncenter size-full is-resized\"><img loading=\"lazy\" decoding=\"async\" width=\"814\" height=\"606\" src=\"https:\/\/www.renouvelle.be\/wp-content\/uploads\/2025\/06\/bilan_eolien_printemps2025.png\" alt=\"production \u00e9olienne Belgique\" class=\"wp-image-15344\" style=\"width:571px;height:auto\" srcset=\"https:\/\/www.renouvelle.be\/wp-content\/uploads\/2025\/06\/bilan_eolien_printemps2025.png 814w, https:\/\/www.renouvelle.be\/wp-content\/uploads\/2025\/06\/bilan_eolien_printemps2025-300x223.png 300w, https:\/\/www.renouvelle.be\/wp-content\/uploads\/2025\/06\/bilan_eolien_printemps2025-768x572.png 768w\" sizes=\"auto, (max-width: 814px) 100vw, 814px\" \/><\/figure>\n<\/div>\n\n\n<p>Pour mieux se rendre compte de l\u2019impact que cette tr\u00e8s faible vitesse a pu avoir par rapport aux normales saisonni\u00e8res, nous pouvons analyser le taux de charge. Il s\u2019agit de la proportion entre la production r\u00e9alis\u00e9e et la production th\u00e9orique si l\u2019enti\u00e8ret\u00e9 du parc \u00e9olien avait fonctionn\u00e9 au maximum de sa puissance sans interruption.<\/p>\n\n\n\n<p>Le graphe ci-dessous repr\u00e9sente le taux de charge moyen en Belgique (incluant offshore &amp; onshore) pour 2025 et pour la moyenne historique.<\/p>\n\n\n<div class=\"wp-block-image\">\n<figure class=\"aligncenter size-large is-resized\"><img loading=\"lazy\" decoding=\"async\" width=\"1024\" height=\"610\" src=\"https:\/\/www.renouvelle.be\/wp-content\/uploads\/2025\/06\/bilan_eolien_printemps2025_2-1024x610.png\" alt=\"production \u00e9olienne Belgique\" class=\"wp-image-15346\" style=\"width:656px;height:auto\" srcset=\"https:\/\/www.renouvelle.be\/wp-content\/uploads\/2025\/06\/bilan_eolien_printemps2025_2-1024x610.png 1024w, https:\/\/www.renouvelle.be\/wp-content\/uploads\/2025\/06\/bilan_eolien_printemps2025_2-300x179.png 300w, https:\/\/www.renouvelle.be\/wp-content\/uploads\/2025\/06\/bilan_eolien_printemps2025_2-768x457.png 768w, https:\/\/www.renouvelle.be\/wp-content\/uploads\/2025\/06\/bilan_eolien_printemps2025_2.png 1120w\" sizes=\"auto, (max-width: 1024px) 100vw, 1024px\" \/><\/figure>\n<\/div>\n\n\n<p>On peut observer que les mois de mars et avril ont \u00e9t\u00e9 drastiquement en de\u00e7\u00e0 des moyennes (dans la lign\u00e9e des mois de janvier et f\u00e9vrier), tandis que le mois de mai rattrape la tendance.<\/p>\n\n\n\n<p>En analysant les diff\u00e9rences entre les taux de charge offshore et onshore, on remarque que les \u00e9oliennes offshore ont un taux de charge plus \u00e9lev\u00e9 (comme toujours) mais que les deux connaissent des chutes de taux de charge relatifs similaires.<\/p>\n\n\n\n<p>D\u00e9couvrez \u00e9galement nos bilans pour la production <a href=\"https:\/\/www.renouvelle.be\/fr\/bilan-de-la-production-solaire-en-belgique-printemps-2025\/\" target=\"_blank\" rel=\"noreferrer noopener\">solaire<\/a> et l\u2019<a href=\"https:\/\/www.renouvelle.be\/fr\/bilan-de-hydroelectricite-en-belgique-printemps-2025\/\" target=\"_blank\" rel=\"noreferrer noopener\">hydro\u00e9lectricit\u00e9<\/a>.<\/p>\n","protected":false},"excerpt":{"rendered":"<p>Cela n\u2019a \u00e9chapp\u00e9 \u00e0 personne\u00a0: cette ann\u00e9e, le printemps a \u00e9t\u00e9 intens\u00e9ment sec et accompagn\u00e9 d\u2019une vitesse du vent extr\u00eamement basse. La moyenne de celle-ci, mesur\u00e9e pendant le printemps m\u00e9t\u00e9orologique (soit du 1er mars au 31 mai), fut de 3,2m\/s (11,5 km\/h). Nous n\u2019avions plus vu un r\u00e9sultat aussi bas depuis 1879, un record \u00e0 \u00e9galit\u00e9 avec les printemps de 1939 et 2017. Sans surprise, ces faibles vitesses de vent se sont fait ressentir dans le bilan \u00e9olien. Le printemps 2025 pour la production \u00e9olienne Durant la p\u00e9riode concern\u00e9e, les \u00e9oliennes ont g\u00e9n\u00e9r\u00e9 en Belgique un peu plus de 2.1 TWh d\u2019\u00e9lectricit\u00e9, l\u00e9g\u00e8rement plus en offshore qu\u2019en onshore. Pour mieux se rendre compte de l\u2019impact que cette tr\u00e8s faible vitesse a pu avoir par rapport aux normales saisonni\u00e8res, nous pouvons analyser le taux de charge. Il s\u2019agit de la proportion entre la production r\u00e9alis\u00e9e et la production th\u00e9orique si l\u2019enti\u00e8ret\u00e9 du parc \u00e9olien avait fonctionn\u00e9 au maximum de sa puissance sans interruption. Le graphe ci-dessous repr\u00e9sente le taux de charge moyen en Belgique (incluant offshore &amp; onshore) pour 2025 et pour la moyenne historique. On peut observer que les mois de mars et avril ont \u00e9t\u00e9 drastiquement en de\u00e7\u00e0 des moyennes (dans la lign\u00e9e des mois de janvier et f\u00e9vrier), tandis que le mois de mai rattrape la tendance. En analysant les diff\u00e9rences entre les taux de charge offshore et onshore, on remarque que les \u00e9oliennes offshore ont un taux de charge plus \u00e9lev\u00e9 (comme toujours) mais que les deux connaissent des chutes de taux de charge relatifs similaires. D\u00e9couvrez \u00e9galement nos bilans pour la production solaire et l\u2019hydro\u00e9lectricit\u00e9.<\/p>\n","protected":false},"author":40,"featured_media":15342,"comment_status":"closed","ping_status":"closed","sticky":false,"template":"","format":"standard","meta":{"_acf_changed":false,"footnotes":""},"categories":[16,17],"tags":[],"section":[8,6],"class_list":["post-15340","post","type-post","status-publish","format-standard","has-post-thumbnail","hentry","category-actualite","category-actualite-en-belgique","section-energie-renouvelables","section-eolien"],"acf":[],"yoast_head":"<!-- This site is optimized with the Yoast SEO plugin v27.4 - https:\/\/yoast.com\/product\/yoast-seo-wordpress\/ -->\n<title>Bilan de la production \u00e9olienne en Belgique : printemps 2025 - Renouvelle<\/title>\n<meta name=\"description\" content=\"Quel fut le bilan de la production \u00e9olienne en Belgique pour le printemps 2025 ? On vous propose de le d\u00e9couvrir avec notre analyse.\" \/>\n<meta name=\"robots\" content=\"index, follow, max-snippet:-1, max-image-preview:large, max-video-preview:-1\" \/>\n<link rel=\"canonical\" href=\"https:\/\/www.renouvelle.be\/fr\/bilan-de-la-production-eolienne-en-belgique-printemps-2025\/\" \/>\n<meta property=\"og:locale\" content=\"fr_FR\" \/>\n<meta property=\"og:type\" content=\"article\" \/>\n<meta property=\"og:title\" content=\"Bilan de la production \u00e9olienne en Belgique : printemps 2025 - Renouvelle\" \/>\n<meta property=\"og:description\" content=\"Quel fut le bilan de la production \u00e9olienne en Belgique pour le printemps 2025 ? On vous propose de le d\u00e9couvrir avec notre analyse.\" \/>\n<meta property=\"og:url\" content=\"https:\/\/www.renouvelle.be\/fr\/bilan-de-la-production-eolienne-en-belgique-printemps-2025\/\" \/>\n<meta property=\"og:site_name\" content=\"Renouvelle\" \/>\n<meta property=\"article:published_time\" content=\"2025-06-26T07:39:54+00:00\" \/>\n<meta property=\"article:modified_time\" content=\"2025-06-26T07:42:33+00:00\" \/>\n<meta property=\"og:image\" content=\"https:\/\/www.renouvelle.be\/wp-content\/uploads\/2025\/06\/AdobeStock_255183034-scaled.jpeg\" \/>\n\t<meta property=\"og:image:width\" content=\"2560\" \/>\n\t<meta property=\"og:image:height\" content=\"1709\" \/>\n\t<meta property=\"og:image:type\" content=\"image\/jpeg\" \/>\n<meta name=\"author\" content=\"Mathieu Petitjean\" \/>\n<meta name=\"twitter:card\" content=\"summary_large_image\" \/>\n<script type=\"application\/ld+json\" class=\"yoast-schema-graph\">{\"@context\":\"https:\\\/\\\/schema.org\",\"@graph\":[{\"@type\":\"Article\",\"@id\":\"https:\\\/\\\/www.renouvelle.be\\\/fr\\\/bilan-de-la-production-eolienne-en-belgique-printemps-2025\\\/#article\",\"isPartOf\":{\"@id\":\"https:\\\/\\\/www.renouvelle.be\\\/fr\\\/bilan-de-la-production-eolienne-en-belgique-printemps-2025\\\/\"},\"author\":{\"name\":\"Mathieu Petitjean\",\"@id\":\"https:\\\/\\\/www.renouvelle.be\\\/fr\\\/#\\\/schema\\\/person\\\/0458f628084e1c95c296c1f5b9fcf7c2\"},\"headline\":\"Bilan de la production \u00e9olienne en Belgique : printemps 2025\",\"datePublished\":\"2025-06-26T07:39:54+00:00\",\"dateModified\":\"2025-06-26T07:42:33+00:00\",\"mainEntityOfPage\":{\"@id\":\"https:\\\/\\\/www.renouvelle.be\\\/fr\\\/bilan-de-la-production-eolienne-en-belgique-printemps-2025\\\/\"},\"wordCount\":303,\"image\":{\"@id\":\"https:\\\/\\\/www.renouvelle.be\\\/fr\\\/bilan-de-la-production-eolienne-en-belgique-printemps-2025\\\/#primaryimage\"},\"thumbnailUrl\":\"https:\\\/\\\/www.renouvelle.be\\\/wp-content\\\/uploads\\\/2025\\\/06\\\/AdobeStock_255183034-scaled.jpeg\",\"articleSection\":[\"Actualit\u00e9\",\"Actualit\u00e9 en Belgique\"],\"inLanguage\":\"fr-FR\"},{\"@type\":\"WebPage\",\"@id\":\"https:\\\/\\\/www.renouvelle.be\\\/fr\\\/bilan-de-la-production-eolienne-en-belgique-printemps-2025\\\/\",\"url\":\"https:\\\/\\\/www.renouvelle.be\\\/fr\\\/bilan-de-la-production-eolienne-en-belgique-printemps-2025\\\/\",\"name\":\"Bilan de la production \u00e9olienne en Belgique : printemps 2025 - Renouvelle\",\"isPartOf\":{\"@id\":\"https:\\\/\\\/www.renouvelle.be\\\/fr\\\/#website\"},\"primaryImageOfPage\":{\"@id\":\"https:\\\/\\\/www.renouvelle.be\\\/fr\\\/bilan-de-la-production-eolienne-en-belgique-printemps-2025\\\/#primaryimage\"},\"image\":{\"@id\":\"https:\\\/\\\/www.renouvelle.be\\\/fr\\\/bilan-de-la-production-eolienne-en-belgique-printemps-2025\\\/#primaryimage\"},\"thumbnailUrl\":\"https:\\\/\\\/www.renouvelle.be\\\/wp-content\\\/uploads\\\/2025\\\/06\\\/AdobeStock_255183034-scaled.jpeg\",\"datePublished\":\"2025-06-26T07:39:54+00:00\",\"dateModified\":\"2025-06-26T07:42:33+00:00\",\"author\":{\"@id\":\"https:\\\/\\\/www.renouvelle.be\\\/fr\\\/#\\\/schema\\\/person\\\/0458f628084e1c95c296c1f5b9fcf7c2\"},\"description\":\"Quel fut le bilan de la production \u00e9olienne en Belgique pour le printemps 2025 ? On vous propose de le d\u00e9couvrir avec notre analyse.\",\"breadcrumb\":{\"@id\":\"https:\\\/\\\/www.renouvelle.be\\\/fr\\\/bilan-de-la-production-eolienne-en-belgique-printemps-2025\\\/#breadcrumb\"},\"inLanguage\":\"fr-FR\",\"potentialAction\":[{\"@type\":\"ReadAction\",\"target\":[\"https:\\\/\\\/www.renouvelle.be\\\/fr\\\/bilan-de-la-production-eolienne-en-belgique-printemps-2025\\\/\"]}]},{\"@type\":\"ImageObject\",\"inLanguage\":\"fr-FR\",\"@id\":\"https:\\\/\\\/www.renouvelle.be\\\/fr\\\/bilan-de-la-production-eolienne-en-belgique-printemps-2025\\\/#primaryimage\",\"url\":\"https:\\\/\\\/www.renouvelle.be\\\/wp-content\\\/uploads\\\/2025\\\/06\\\/AdobeStock_255183034-scaled.jpeg\",\"contentUrl\":\"https:\\\/\\\/www.renouvelle.be\\\/wp-content\\\/uploads\\\/2025\\\/06\\\/AdobeStock_255183034-scaled.jpeg\",\"width\":2560,\"height\":1709,\"caption\":\"production \u00e9olienne Belgique\"},{\"@type\":\"BreadcrumbList\",\"@id\":\"https:\\\/\\\/www.renouvelle.be\\\/fr\\\/bilan-de-la-production-eolienne-en-belgique-printemps-2025\\\/#breadcrumb\",\"itemListElement\":[{\"@type\":\"ListItem\",\"position\":1,\"name\":\"Accueil\",\"item\":\"https:\\\/\\\/www.renouvelle.be\\\/fr\\\/\"},{\"@type\":\"ListItem\",\"position\":2,\"name\":\"Bilan de la production \u00e9olienne en Belgique : printemps 2025\"}]},{\"@type\":\"WebSite\",\"@id\":\"https:\\\/\\\/www.renouvelle.be\\\/fr\\\/#website\",\"url\":\"https:\\\/\\\/www.renouvelle.be\\\/fr\\\/\",\"name\":\"Renouvelle\",\"description\":\"L&#039;actualit\u00e9 de l&#039;\u00e9nergie durable\",\"potentialAction\":[{\"@type\":\"SearchAction\",\"target\":{\"@type\":\"EntryPoint\",\"urlTemplate\":\"https:\\\/\\\/www.renouvelle.be\\\/fr\\\/?s={search_term_string}\"},\"query-input\":{\"@type\":\"PropertyValueSpecification\",\"valueRequired\":true,\"valueName\":\"search_term_string\"}}],\"inLanguage\":\"fr-FR\"},{\"@type\":\"Person\",\"@id\":\"https:\\\/\\\/www.renouvelle.be\\\/fr\\\/#\\\/schema\\\/person\\\/0458f628084e1c95c296c1f5b9fcf7c2\",\"name\":\"Mathieu Petitjean\",\"url\":\"https:\\\/\\\/www.renouvelle.be\\\/fr\\\/author\\\/mathieu-petitjean\\\/\"}]}<\/script>\n<!-- \/ Yoast SEO plugin. -->","yoast_head_json":{"title":"Bilan de la production \u00e9olienne en Belgique : printemps 2025 - Renouvelle","description":"Quel fut le bilan de la production \u00e9olienne en Belgique pour le printemps 2025 ? On vous propose de le d\u00e9couvrir avec notre analyse.","robots":{"index":"index","follow":"follow","max-snippet":"max-snippet:-1","max-image-preview":"max-image-preview:large","max-video-preview":"max-video-preview:-1"},"canonical":"https:\/\/www.renouvelle.be\/fr\/bilan-de-la-production-eolienne-en-belgique-printemps-2025\/","og_locale":"fr_FR","og_type":"article","og_title":"Bilan de la production \u00e9olienne en Belgique : printemps 2025 - Renouvelle","og_description":"Quel fut le bilan de la production \u00e9olienne en Belgique pour le printemps 2025 ? On vous propose de le d\u00e9couvrir avec notre analyse.","og_url":"https:\/\/www.renouvelle.be\/fr\/bilan-de-la-production-eolienne-en-belgique-printemps-2025\/","og_site_name":"Renouvelle","article_published_time":"2025-06-26T07:39:54+00:00","article_modified_time":"2025-06-26T07:42:33+00:00","og_image":[{"width":2560,"height":1709,"url":"https:\/\/www.renouvelle.be\/wp-content\/uploads\/2025\/06\/AdobeStock_255183034-scaled.jpeg","type":"image\/jpeg"}],"author":"Mathieu Petitjean","twitter_card":"summary_large_image","schema":{"@context":"https:\/\/schema.org","@graph":[{"@type":"Article","@id":"https:\/\/www.renouvelle.be\/fr\/bilan-de-la-production-eolienne-en-belgique-printemps-2025\/#article","isPartOf":{"@id":"https:\/\/www.renouvelle.be\/fr\/bilan-de-la-production-eolienne-en-belgique-printemps-2025\/"},"author":{"name":"Mathieu Petitjean","@id":"https:\/\/www.renouvelle.be\/fr\/#\/schema\/person\/0458f628084e1c95c296c1f5b9fcf7c2"},"headline":"Bilan de la production \u00e9olienne en Belgique : printemps 2025","datePublished":"2025-06-26T07:39:54+00:00","dateModified":"2025-06-26T07:42:33+00:00","mainEntityOfPage":{"@id":"https:\/\/www.renouvelle.be\/fr\/bilan-de-la-production-eolienne-en-belgique-printemps-2025\/"},"wordCount":303,"image":{"@id":"https:\/\/www.renouvelle.be\/fr\/bilan-de-la-production-eolienne-en-belgique-printemps-2025\/#primaryimage"},"thumbnailUrl":"https:\/\/www.renouvelle.be\/wp-content\/uploads\/2025\/06\/AdobeStock_255183034-scaled.jpeg","articleSection":["Actualit\u00e9","Actualit\u00e9 en Belgique"],"inLanguage":"fr-FR"},{"@type":"WebPage","@id":"https:\/\/www.renouvelle.be\/fr\/bilan-de-la-production-eolienne-en-belgique-printemps-2025\/","url":"https:\/\/www.renouvelle.be\/fr\/bilan-de-la-production-eolienne-en-belgique-printemps-2025\/","name":"Bilan de la production \u00e9olienne en Belgique : printemps 2025 - Renouvelle","isPartOf":{"@id":"https:\/\/www.renouvelle.be\/fr\/#website"},"primaryImageOfPage":{"@id":"https:\/\/www.renouvelle.be\/fr\/bilan-de-la-production-eolienne-en-belgique-printemps-2025\/#primaryimage"},"image":{"@id":"https:\/\/www.renouvelle.be\/fr\/bilan-de-la-production-eolienne-en-belgique-printemps-2025\/#primaryimage"},"thumbnailUrl":"https:\/\/www.renouvelle.be\/wp-content\/uploads\/2025\/06\/AdobeStock_255183034-scaled.jpeg","datePublished":"2025-06-26T07:39:54+00:00","dateModified":"2025-06-26T07:42:33+00:00","author":{"@id":"https:\/\/www.renouvelle.be\/fr\/#\/schema\/person\/0458f628084e1c95c296c1f5b9fcf7c2"},"description":"Quel fut le bilan de la production \u00e9olienne en Belgique pour le printemps 2025 ? On vous propose de le d\u00e9couvrir avec notre analyse.","breadcrumb":{"@id":"https:\/\/www.renouvelle.be\/fr\/bilan-de-la-production-eolienne-en-belgique-printemps-2025\/#breadcrumb"},"inLanguage":"fr-FR","potentialAction":[{"@type":"ReadAction","target":["https:\/\/www.renouvelle.be\/fr\/bilan-de-la-production-eolienne-en-belgique-printemps-2025\/"]}]},{"@type":"ImageObject","inLanguage":"fr-FR","@id":"https:\/\/www.renouvelle.be\/fr\/bilan-de-la-production-eolienne-en-belgique-printemps-2025\/#primaryimage","url":"https:\/\/www.renouvelle.be\/wp-content\/uploads\/2025\/06\/AdobeStock_255183034-scaled.jpeg","contentUrl":"https:\/\/www.renouvelle.be\/wp-content\/uploads\/2025\/06\/AdobeStock_255183034-scaled.jpeg","width":2560,"height":1709,"caption":"production \u00e9olienne Belgique"},{"@type":"BreadcrumbList","@id":"https:\/\/www.renouvelle.be\/fr\/bilan-de-la-production-eolienne-en-belgique-printemps-2025\/#breadcrumb","itemListElement":[{"@type":"ListItem","position":1,"name":"Accueil","item":"https:\/\/www.renouvelle.be\/fr\/"},{"@type":"ListItem","position":2,"name":"Bilan de la production \u00e9olienne en Belgique : printemps 2025"}]},{"@type":"WebSite","@id":"https:\/\/www.renouvelle.be\/fr\/#website","url":"https:\/\/www.renouvelle.be\/fr\/","name":"Renouvelle","description":"L&#039;actualit\u00e9 de l&#039;\u00e9nergie durable","potentialAction":[{"@type":"SearchAction","target":{"@type":"EntryPoint","urlTemplate":"https:\/\/www.renouvelle.be\/fr\/?s={search_term_string}"},"query-input":{"@type":"PropertyValueSpecification","valueRequired":true,"valueName":"search_term_string"}}],"inLanguage":"fr-FR"},{"@type":"Person","@id":"https:\/\/www.renouvelle.be\/fr\/#\/schema\/person\/0458f628084e1c95c296c1f5b9fcf7c2","name":"Mathieu Petitjean","url":"https:\/\/www.renouvelle.be\/fr\/author\/mathieu-petitjean\/"}]}},"_links":{"self":[{"href":"https:\/\/www.renouvelle.be\/fr\/wp-json\/wp\/v2\/posts\/15340","targetHints":{"allow":["GET"]}}],"collection":[{"href":"https:\/\/www.renouvelle.be\/fr\/wp-json\/wp\/v2\/posts"}],"about":[{"href":"https:\/\/www.renouvelle.be\/fr\/wp-json\/wp\/v2\/types\/post"}],"author":[{"embeddable":true,"href":"https:\/\/www.renouvelle.be\/fr\/wp-json\/wp\/v2\/users\/40"}],"replies":[{"embeddable":true,"href":"https:\/\/www.renouvelle.be\/fr\/wp-json\/wp\/v2\/comments?post=15340"}],"version-history":[{"count":5,"href":"https:\/\/www.renouvelle.be\/fr\/wp-json\/wp\/v2\/posts\/15340\/revisions"}],"predecessor-version":[{"id":15357,"href":"https:\/\/www.renouvelle.be\/fr\/wp-json\/wp\/v2\/posts\/15340\/revisions\/15357"}],"wp:featuredmedia":[{"embeddable":true,"href":"https:\/\/www.renouvelle.be\/fr\/wp-json\/wp\/v2\/media\/15342"}],"wp:attachment":[{"href":"https:\/\/www.renouvelle.be\/fr\/wp-json\/wp\/v2\/media?parent=15340"}],"wp:term":[{"taxonomy":"category","embeddable":true,"href":"https:\/\/www.renouvelle.be\/fr\/wp-json\/wp\/v2\/categories?post=15340"},{"taxonomy":"post_tag","embeddable":true,"href":"https:\/\/www.renouvelle.be\/fr\/wp-json\/wp\/v2\/tags?post=15340"},{"taxonomy":"section","embeddable":true,"href":"https:\/\/www.renouvelle.be\/fr\/wp-json\/wp\/v2\/section?post=15340"}],"curies":[{"name":"wp","href":"https:\/\/api.w.org\/{rel}","templated":true}]}}