{"id":15322,"date":"2025-06-26T09:40:32","date_gmt":"2025-06-26T07:40:32","guid":{"rendered":"https:\/\/www.renouvelle.be\/?p=15322"},"modified":"2025-06-26T09:41:43","modified_gmt":"2025-06-26T07:41:43","slug":"bilan-de-la-production-solaire-en-belgique-printemps-2025","status":"publish","type":"post","link":"https:\/\/www.renouvelle.be\/fr\/bilan-de-la-production-solaire-en-belgique-printemps-2025\/","title":{"rendered":"Bilan de la production solaire en Belgique : printemps 2025"},"content":{"rendered":"\n<p>Marqu\u00e9 principalement par une s\u00e9cheresse intense, le printemps 2025 a \u00e9galement \u00e9t\u00e9 tr\u00e8s ensoleill\u00e9. Mars et avril n\u2019ont chacun connu que deux ann\u00e9es plus ensoleill\u00e9es au cours de la p\u00e9riode de r\u00e9f\u00e9rence actuelle. <\/p>\n\n\n\n<p>Au total, le printemps de <a href=\"https:\/\/www.meteo.be\/uploads\/media\/683d76463c73d\/bilan-climatique-saisonnier-2025-s2.pdf?token=\/uploads\/media\/683d76463c73d\/bilan-climatique-saisonnier-2025-s2.pdf\" target=\"_blank\" rel=\"noreferrer noopener\">cette ann\u00e9e<\/a> a \u00e9t\u00e9 le troisi\u00e8me plus ensoleill\u00e9 depuis 1887 avec 688h35min d\u2019ensoleillement. Cet ensoleillement a permis de g\u00e9n\u00e9rer une quantit\u00e9 cons\u00e9quente d\u2019\u00e9lectricit\u00e9 solaire en Belgique.<\/p>\n\n\n\n<h2 class=\"wp-block-heading\"><strong>Le printemps du photovolta\u00efque&nbsp;: saison 2025<\/strong><\/h2>\n\n\n\n<p>Durant le printemps m\u00e9t\u00e9orologique (du 1<sup>er<\/sup> mars au 31 mai 2025), le photovolta\u00efque a produit en Belgique un peu plus de 3.5 TWh d\u2019\u00e9lectricit\u00e9, ce qui repr\u00e9sente plus de la moiti\u00e9 de toutes les sources renouvelables d\u2019\u00e9lectricit\u00e9 combin\u00e9es.<\/p>\n\n\n<div class=\"wp-block-image\">\n<figure class=\"aligncenter size-full is-resized\"><img loading=\"lazy\" decoding=\"async\" width=\"895\" height=\"651\" src=\"https:\/\/www.renouvelle.be\/wp-content\/uploads\/2025\/06\/bilan_production_solaire_printemps25_01.png\" alt=\"bilan production solaire\" class=\"wp-image-15326\" style=\"width:522px;height:auto\" srcset=\"https:\/\/www.renouvelle.be\/wp-content\/uploads\/2025\/06\/bilan_production_solaire_printemps25_01.png 895w, https:\/\/www.renouvelle.be\/wp-content\/uploads\/2025\/06\/bilan_production_solaire_printemps25_01-300x218.png 300w, https:\/\/www.renouvelle.be\/wp-content\/uploads\/2025\/06\/bilan_production_solaire_printemps25_01-768x559.png 768w\" sizes=\"auto, (max-width: 895px) 100vw, 895px\" \/><\/figure>\n<\/div>\n\n\n<p>Qu\u2019est-ce que cela repr\u00e9sente par rapport aux ann\u00e9es pr\u00e9c\u00e9dentes&nbsp;? Premi\u00e8rement, il faut s\u2019int\u00e9resser \u00e0 la productivit\u00e9 photovolta\u00efque, c\u2019est-\u00e0-dire \u00e0 la quantit\u00e9 d\u2019\u00e9nergie produite en fonction de la puissance des panneaux install\u00e9s. Cette mesure permet d\u2019\u00e9valuer la production ind\u00e9pendamment de la taille d\u2019une installation.<\/p>\n\n\n\n<p>Comme le montre le graphique ci-dessous, la productivit\u00e9 des trois mois du printemps a \u00e9t\u00e9 sup\u00e9rieure d\u2019environ 20% par rapport \u00e0 la moyenne historique (couvrant la p\u00e9riode 2009-2024).<\/p>\n\n\n\n<figure class=\"wp-block-image size-full\"><img loading=\"lazy\" decoding=\"async\" width=\"964\" height=\"627\" src=\"https:\/\/www.renouvelle.be\/wp-content\/uploads\/2025\/06\/bilan_production_solaire_printemps25_02.png\" alt=\"bilan production solaire\" class=\"wp-image-15328\" srcset=\"https:\/\/www.renouvelle.be\/wp-content\/uploads\/2025\/06\/bilan_production_solaire_printemps25_02.png 964w, https:\/\/www.renouvelle.be\/wp-content\/uploads\/2025\/06\/bilan_production_solaire_printemps25_02-300x195.png 300w, https:\/\/www.renouvelle.be\/wp-content\/uploads\/2025\/06\/bilan_production_solaire_printemps25_02-768x500.png 768w, https:\/\/www.renouvelle.be\/wp-content\/uploads\/2025\/06\/bilan_production_solaire_printemps25_02-100x65.png 100w\" sizes=\"auto, (max-width: 964px) 100vw, 964px\" \/><\/figure>\n\n\n\n<p>Le mois de mars 2025 a \u00e9t\u00e9 le 5<sup>\u00e8me<\/sup> plus productif de la p\u00e9riode d\u2019observation, tandis qu\u2019avril et mai ont eu des niveaux de productivit\u00e9 \u00e9quivalents \u00e0 2020, qui \u00e9tait jusqu\u2019\u00e0 pr\u00e9sent une ann\u00e9e record. Si on cumule la productivit\u00e9 de ces trois mois, elle est presque \u00e9quivalente \u00e0 celle de 2020, et signe la deuxi\u00e8me valeur la plus haute jamais enregistr\u00e9e.<\/p>\n\n\n\n<p>Il faut souligner que bien que la productivit\u00e9 de 2025 soit l\u00e9g\u00e8rement inf\u00e9rieure \u00e0 celle de 2020, la capacit\u00e9 install\u00e9e en Belgique est entre-temps pass\u00e9e de 6,4 GWc \u00e0 11,7 GWc. La production brute associ\u00e9e est donc nettement plus \u00e9lev\u00e9e.<\/p>\n\n\n\n<p>Pour aller plus loin, les graphiques interactifs de Renouvelle et Energie Commune sont disponibles <a href=\"https:\/\/www.renouvelle.be\/fr\/faits-chiffres\/electricite-renouvelable\/\" target=\"_blank\" rel=\"noreferrer noopener\">ici<\/a>.<\/p>\n\n\n\n<p>D\u00e9couvrez aussi nos bilans du printemps 2025 pour l\u2019<a href=\"https:\/\/www.renouvelle.be\/fr\/bilan-de-la-production-eolienne-en-belgique-printemps-2025\/\" target=\"_blank\" rel=\"noreferrer noopener\">\u00e9olien<\/a> et l\u2019<a href=\"https:\/\/www.renouvelle.be\/fr\/bilan-de-hydroelectricite-en-belgique-printemps-2025\/\" target=\"_blank\" rel=\"noreferrer noopener\">hydro\u00e9lectricit\u00e9<\/a>.<\/p>\n","protected":false},"excerpt":{"rendered":"<p>Marqu\u00e9 principalement par une s\u00e9cheresse intense, le printemps 2025 a \u00e9galement \u00e9t\u00e9 tr\u00e8s ensoleill\u00e9. Mars et avril n\u2019ont chacun connu que deux ann\u00e9es plus ensoleill\u00e9es au cours de la p\u00e9riode de r\u00e9f\u00e9rence actuelle. Au total, le printemps de cette ann\u00e9e a \u00e9t\u00e9 le troisi\u00e8me plus ensoleill\u00e9 depuis 1887 avec 688h35min d\u2019ensoleillement. Cet ensoleillement a permis de g\u00e9n\u00e9rer une quantit\u00e9 cons\u00e9quente d\u2019\u00e9lectricit\u00e9 solaire en Belgique. Le printemps du photovolta\u00efque&nbsp;: saison 2025 Durant le printemps m\u00e9t\u00e9orologique (du 1er mars au 31 mai 2025), le photovolta\u00efque a produit en Belgique un peu plus de 3.5 TWh d\u2019\u00e9lectricit\u00e9, ce qui repr\u00e9sente plus de la moiti\u00e9 de toutes les sources renouvelables d\u2019\u00e9lectricit\u00e9 combin\u00e9es. Qu\u2019est-ce que cela repr\u00e9sente par rapport aux ann\u00e9es pr\u00e9c\u00e9dentes&nbsp;? Premi\u00e8rement, il faut s\u2019int\u00e9resser \u00e0 la productivit\u00e9 photovolta\u00efque, c\u2019est-\u00e0-dire \u00e0 la quantit\u00e9 d\u2019\u00e9nergie produite en fonction de la puissance des panneaux install\u00e9s. Cette mesure permet d\u2019\u00e9valuer la production ind\u00e9pendamment de la taille d\u2019une installation. Comme le montre le graphique ci-dessous, la productivit\u00e9 des trois mois du printemps a \u00e9t\u00e9 sup\u00e9rieure d\u2019environ 20% par rapport \u00e0 la moyenne historique (couvrant la p\u00e9riode 2009-2024). Le mois de mars 2025 a \u00e9t\u00e9 le 5\u00e8me plus productif de la p\u00e9riode d\u2019observation, tandis qu\u2019avril et mai ont eu des niveaux de productivit\u00e9 \u00e9quivalents \u00e0 2020, qui \u00e9tait jusqu\u2019\u00e0 pr\u00e9sent une ann\u00e9e record. Si on cumule la productivit\u00e9 de ces trois mois, elle est presque \u00e9quivalente \u00e0 celle de 2020, et signe la deuxi\u00e8me valeur la plus haute jamais enregistr\u00e9e. Il faut souligner que bien que la productivit\u00e9 de 2025 soit l\u00e9g\u00e8rement inf\u00e9rieure \u00e0 celle de 2020, la capacit\u00e9 install\u00e9e en Belgique est entre-temps pass\u00e9e de 6,4 GWc \u00e0 11,7 GWc. La production brute associ\u00e9e est donc nettement plus \u00e9lev\u00e9e. Pour aller plus loin, les graphiques interactifs de Renouvelle &hellip; <a href=\"https:\/\/www.renouvelle.be\/fr\/bilan-de-la-production-solaire-en-belgique-printemps-2025\/\" class=\"more-link\">Continue reading<span class=\"screen-reader-text\"> \u00ab\u00a0Bilan de la production solaire en Belgique : printemps 2025\u00a0\u00bb<\/span><\/a><\/p>\n","protected":false},"author":40,"featured_media":15323,"comment_status":"closed","ping_status":"closed","sticky":false,"template":"","format":"standard","meta":{"_acf_changed":false,"footnotes":""},"categories":[16,17],"tags":[],"section":[8,13],"class_list":["post-15322","post","type-post","status-publish","format-standard","has-post-thumbnail","hentry","category-actualite","category-actualite-en-belgique","section-energie-renouvelables","section-solaire"],"acf":[],"yoast_head":"<!-- This site is optimized with the Yoast SEO plugin v27.5 - https:\/\/yoast.com\/product\/yoast-seo-wordpress\/ -->\n<title>Bilan de la production solaire en Belgique : printemps 2025 - Renouvelle<\/title>\n<meta name=\"description\" content=\"Quel a \u00e9t\u00e9 le bilan de la production solaire en Belgique pour le printemps 2025 ? Renouvelle vous partage une analyse.\" \/>\n<meta name=\"robots\" content=\"index, follow, max-snippet:-1, max-image-preview:large, max-video-preview:-1\" \/>\n<link rel=\"canonical\" href=\"https:\/\/www.renouvelle.be\/fr\/bilan-de-la-production-solaire-en-belgique-printemps-2025\/\" \/>\n<meta property=\"og:locale\" content=\"fr_FR\" \/>\n<meta property=\"og:type\" content=\"article\" \/>\n<meta property=\"og:title\" content=\"Bilan de la production solaire en Belgique : printemps 2025 - Renouvelle\" \/>\n<meta property=\"og:description\" content=\"Quel a \u00e9t\u00e9 le bilan de la production solaire en Belgique pour le printemps 2025 ? Renouvelle vous partage une analyse.\" \/>\n<meta property=\"og:url\" content=\"https:\/\/www.renouvelle.be\/fr\/bilan-de-la-production-solaire-en-belgique-printemps-2025\/\" \/>\n<meta property=\"og:site_name\" content=\"Renouvelle\" \/>\n<meta property=\"article:published_time\" content=\"2025-06-26T07:40:32+00:00\" \/>\n<meta property=\"article:modified_time\" content=\"2025-06-26T07:41:43+00:00\" \/>\n<meta property=\"og:image\" content=\"https:\/\/www.renouvelle.be\/wp-content\/uploads\/2025\/06\/AdobeStock_354953099-scaled-e1750430467517.jpeg\" \/>\n\t<meta property=\"og:image:width\" content=\"2560\" \/>\n\t<meta property=\"og:image:height\" content=\"1493\" \/>\n\t<meta property=\"og:image:type\" content=\"image\/jpeg\" \/>\n<meta name=\"author\" content=\"Mathieu Petitjean\" \/>\n<meta name=\"twitter:card\" content=\"summary_large_image\" \/>\n<script type=\"application\/ld+json\" class=\"yoast-schema-graph\">{\"@context\":\"https:\\\/\\\/schema.org\",\"@graph\":[{\"@type\":\"Article\",\"@id\":\"https:\\\/\\\/www.renouvelle.be\\\/fr\\\/bilan-de-la-production-solaire-en-belgique-printemps-2025\\\/#article\",\"isPartOf\":{\"@id\":\"https:\\\/\\\/www.renouvelle.be\\\/fr\\\/bilan-de-la-production-solaire-en-belgique-printemps-2025\\\/\"},\"author\":{\"name\":\"Mathieu Petitjean\",\"@id\":\"https:\\\/\\\/www.renouvelle.be\\\/fr\\\/#\\\/schema\\\/person\\\/0458f628084e1c95c296c1f5b9fcf7c2\"},\"headline\":\"Bilan de la production solaire en Belgique : printemps 2025\",\"datePublished\":\"2025-06-26T07:40:32+00:00\",\"dateModified\":\"2025-06-26T07:41:43+00:00\",\"mainEntityOfPage\":{\"@id\":\"https:\\\/\\\/www.renouvelle.be\\\/fr\\\/bilan-de-la-production-solaire-en-belgique-printemps-2025\\\/\"},\"wordCount\":356,\"image\":{\"@id\":\"https:\\\/\\\/www.renouvelle.be\\\/fr\\\/bilan-de-la-production-solaire-en-belgique-printemps-2025\\\/#primaryimage\"},\"thumbnailUrl\":\"https:\\\/\\\/www.renouvelle.be\\\/wp-content\\\/uploads\\\/2025\\\/06\\\/AdobeStock_354953099-scaled-e1750430467517.jpeg\",\"articleSection\":[\"Actualit\u00e9\",\"Actualit\u00e9 en Belgique\"],\"inLanguage\":\"fr-FR\"},{\"@type\":\"WebPage\",\"@id\":\"https:\\\/\\\/www.renouvelle.be\\\/fr\\\/bilan-de-la-production-solaire-en-belgique-printemps-2025\\\/\",\"url\":\"https:\\\/\\\/www.renouvelle.be\\\/fr\\\/bilan-de-la-production-solaire-en-belgique-printemps-2025\\\/\",\"name\":\"Bilan de la production solaire en Belgique : printemps 2025 - Renouvelle\",\"isPartOf\":{\"@id\":\"https:\\\/\\\/www.renouvelle.be\\\/fr\\\/#website\"},\"primaryImageOfPage\":{\"@id\":\"https:\\\/\\\/www.renouvelle.be\\\/fr\\\/bilan-de-la-production-solaire-en-belgique-printemps-2025\\\/#primaryimage\"},\"image\":{\"@id\":\"https:\\\/\\\/www.renouvelle.be\\\/fr\\\/bilan-de-la-production-solaire-en-belgique-printemps-2025\\\/#primaryimage\"},\"thumbnailUrl\":\"https:\\\/\\\/www.renouvelle.be\\\/wp-content\\\/uploads\\\/2025\\\/06\\\/AdobeStock_354953099-scaled-e1750430467517.jpeg\",\"datePublished\":\"2025-06-26T07:40:32+00:00\",\"dateModified\":\"2025-06-26T07:41:43+00:00\",\"author\":{\"@id\":\"https:\\\/\\\/www.renouvelle.be\\\/fr\\\/#\\\/schema\\\/person\\\/0458f628084e1c95c296c1f5b9fcf7c2\"},\"description\":\"Quel a \u00e9t\u00e9 le bilan de la production solaire en Belgique pour le printemps 2025 ? Renouvelle vous partage une analyse.\",\"breadcrumb\":{\"@id\":\"https:\\\/\\\/www.renouvelle.be\\\/fr\\\/bilan-de-la-production-solaire-en-belgique-printemps-2025\\\/#breadcrumb\"},\"inLanguage\":\"fr-FR\",\"potentialAction\":[{\"@type\":\"ReadAction\",\"target\":[\"https:\\\/\\\/www.renouvelle.be\\\/fr\\\/bilan-de-la-production-solaire-en-belgique-printemps-2025\\\/\"]}]},{\"@type\":\"ImageObject\",\"inLanguage\":\"fr-FR\",\"@id\":\"https:\\\/\\\/www.renouvelle.be\\\/fr\\\/bilan-de-la-production-solaire-en-belgique-printemps-2025\\\/#primaryimage\",\"url\":\"https:\\\/\\\/www.renouvelle.be\\\/wp-content\\\/uploads\\\/2025\\\/06\\\/AdobeStock_354953099-scaled-e1750430467517.jpeg\",\"contentUrl\":\"https:\\\/\\\/www.renouvelle.be\\\/wp-content\\\/uploads\\\/2025\\\/06\\\/AdobeStock_354953099-scaled-e1750430467517.jpeg\",\"width\":2560,\"height\":1493,\"caption\":\"bilan production solaire\"},{\"@type\":\"BreadcrumbList\",\"@id\":\"https:\\\/\\\/www.renouvelle.be\\\/fr\\\/bilan-de-la-production-solaire-en-belgique-printemps-2025\\\/#breadcrumb\",\"itemListElement\":[{\"@type\":\"ListItem\",\"position\":1,\"name\":\"Accueil\",\"item\":\"https:\\\/\\\/www.renouvelle.be\\\/fr\\\/\"},{\"@type\":\"ListItem\",\"position\":2,\"name\":\"Bilan de la production solaire en Belgique : printemps 2025\"}]},{\"@type\":\"WebSite\",\"@id\":\"https:\\\/\\\/www.renouvelle.be\\\/fr\\\/#website\",\"url\":\"https:\\\/\\\/www.renouvelle.be\\\/fr\\\/\",\"name\":\"Renouvelle\",\"description\":\"L&#039;actualit\u00e9 de l&#039;\u00e9nergie durable\",\"potentialAction\":[{\"@type\":\"SearchAction\",\"target\":{\"@type\":\"EntryPoint\",\"urlTemplate\":\"https:\\\/\\\/www.renouvelle.be\\\/fr\\\/?s={search_term_string}\"},\"query-input\":{\"@type\":\"PropertyValueSpecification\",\"valueRequired\":true,\"valueName\":\"search_term_string\"}}],\"inLanguage\":\"fr-FR\"},{\"@type\":\"Person\",\"@id\":\"https:\\\/\\\/www.renouvelle.be\\\/fr\\\/#\\\/schema\\\/person\\\/0458f628084e1c95c296c1f5b9fcf7c2\",\"name\":\"Mathieu Petitjean\",\"url\":\"https:\\\/\\\/www.renouvelle.be\\\/fr\\\/author\\\/mathieu-petitjean\\\/\"}]}<\/script>\n<!-- \/ Yoast SEO plugin. -->","yoast_head_json":{"title":"Bilan de la production solaire en Belgique : printemps 2025 - Renouvelle","description":"Quel a \u00e9t\u00e9 le bilan de la production solaire en Belgique pour le printemps 2025 ? Renouvelle vous partage une analyse.","robots":{"index":"index","follow":"follow","max-snippet":"max-snippet:-1","max-image-preview":"max-image-preview:large","max-video-preview":"max-video-preview:-1"},"canonical":"https:\/\/www.renouvelle.be\/fr\/bilan-de-la-production-solaire-en-belgique-printemps-2025\/","og_locale":"fr_FR","og_type":"article","og_title":"Bilan de la production solaire en Belgique : printemps 2025 - Renouvelle","og_description":"Quel a \u00e9t\u00e9 le bilan de la production solaire en Belgique pour le printemps 2025 ? Renouvelle vous partage une analyse.","og_url":"https:\/\/www.renouvelle.be\/fr\/bilan-de-la-production-solaire-en-belgique-printemps-2025\/","og_site_name":"Renouvelle","article_published_time":"2025-06-26T07:40:32+00:00","article_modified_time":"2025-06-26T07:41:43+00:00","og_image":[{"width":2560,"height":1493,"url":"https:\/\/www.renouvelle.be\/wp-content\/uploads\/2025\/06\/AdobeStock_354953099-scaled-e1750430467517.jpeg","type":"image\/jpeg"}],"author":"Mathieu Petitjean","twitter_card":"summary_large_image","schema":{"@context":"https:\/\/schema.org","@graph":[{"@type":"Article","@id":"https:\/\/www.renouvelle.be\/fr\/bilan-de-la-production-solaire-en-belgique-printemps-2025\/#article","isPartOf":{"@id":"https:\/\/www.renouvelle.be\/fr\/bilan-de-la-production-solaire-en-belgique-printemps-2025\/"},"author":{"name":"Mathieu Petitjean","@id":"https:\/\/www.renouvelle.be\/fr\/#\/schema\/person\/0458f628084e1c95c296c1f5b9fcf7c2"},"headline":"Bilan de la production solaire en Belgique : printemps 2025","datePublished":"2025-06-26T07:40:32+00:00","dateModified":"2025-06-26T07:41:43+00:00","mainEntityOfPage":{"@id":"https:\/\/www.renouvelle.be\/fr\/bilan-de-la-production-solaire-en-belgique-printemps-2025\/"},"wordCount":356,"image":{"@id":"https:\/\/www.renouvelle.be\/fr\/bilan-de-la-production-solaire-en-belgique-printemps-2025\/#primaryimage"},"thumbnailUrl":"https:\/\/www.renouvelle.be\/wp-content\/uploads\/2025\/06\/AdobeStock_354953099-scaled-e1750430467517.jpeg","articleSection":["Actualit\u00e9","Actualit\u00e9 en Belgique"],"inLanguage":"fr-FR"},{"@type":"WebPage","@id":"https:\/\/www.renouvelle.be\/fr\/bilan-de-la-production-solaire-en-belgique-printemps-2025\/","url":"https:\/\/www.renouvelle.be\/fr\/bilan-de-la-production-solaire-en-belgique-printemps-2025\/","name":"Bilan de la production solaire en Belgique : printemps 2025 - Renouvelle","isPartOf":{"@id":"https:\/\/www.renouvelle.be\/fr\/#website"},"primaryImageOfPage":{"@id":"https:\/\/www.renouvelle.be\/fr\/bilan-de-la-production-solaire-en-belgique-printemps-2025\/#primaryimage"},"image":{"@id":"https:\/\/www.renouvelle.be\/fr\/bilan-de-la-production-solaire-en-belgique-printemps-2025\/#primaryimage"},"thumbnailUrl":"https:\/\/www.renouvelle.be\/wp-content\/uploads\/2025\/06\/AdobeStock_354953099-scaled-e1750430467517.jpeg","datePublished":"2025-06-26T07:40:32+00:00","dateModified":"2025-06-26T07:41:43+00:00","author":{"@id":"https:\/\/www.renouvelle.be\/fr\/#\/schema\/person\/0458f628084e1c95c296c1f5b9fcf7c2"},"description":"Quel a \u00e9t\u00e9 le bilan de la production solaire en Belgique pour le printemps 2025 ? Renouvelle vous partage une analyse.","breadcrumb":{"@id":"https:\/\/www.renouvelle.be\/fr\/bilan-de-la-production-solaire-en-belgique-printemps-2025\/#breadcrumb"},"inLanguage":"fr-FR","potentialAction":[{"@type":"ReadAction","target":["https:\/\/www.renouvelle.be\/fr\/bilan-de-la-production-solaire-en-belgique-printemps-2025\/"]}]},{"@type":"ImageObject","inLanguage":"fr-FR","@id":"https:\/\/www.renouvelle.be\/fr\/bilan-de-la-production-solaire-en-belgique-printemps-2025\/#primaryimage","url":"https:\/\/www.renouvelle.be\/wp-content\/uploads\/2025\/06\/AdobeStock_354953099-scaled-e1750430467517.jpeg","contentUrl":"https:\/\/www.renouvelle.be\/wp-content\/uploads\/2025\/06\/AdobeStock_354953099-scaled-e1750430467517.jpeg","width":2560,"height":1493,"caption":"bilan production solaire"},{"@type":"BreadcrumbList","@id":"https:\/\/www.renouvelle.be\/fr\/bilan-de-la-production-solaire-en-belgique-printemps-2025\/#breadcrumb","itemListElement":[{"@type":"ListItem","position":1,"name":"Accueil","item":"https:\/\/www.renouvelle.be\/fr\/"},{"@type":"ListItem","position":2,"name":"Bilan de la production solaire en Belgique : printemps 2025"}]},{"@type":"WebSite","@id":"https:\/\/www.renouvelle.be\/fr\/#website","url":"https:\/\/www.renouvelle.be\/fr\/","name":"Renouvelle","description":"L&#039;actualit\u00e9 de l&#039;\u00e9nergie durable","potentialAction":[{"@type":"SearchAction","target":{"@type":"EntryPoint","urlTemplate":"https:\/\/www.renouvelle.be\/fr\/?s={search_term_string}"},"query-input":{"@type":"PropertyValueSpecification","valueRequired":true,"valueName":"search_term_string"}}],"inLanguage":"fr-FR"},{"@type":"Person","@id":"https:\/\/www.renouvelle.be\/fr\/#\/schema\/person\/0458f628084e1c95c296c1f5b9fcf7c2","name":"Mathieu Petitjean","url":"https:\/\/www.renouvelle.be\/fr\/author\/mathieu-petitjean\/"}]}},"_links":{"self":[{"href":"https:\/\/www.renouvelle.be\/fr\/wp-json\/wp\/v2\/posts\/15322","targetHints":{"allow":["GET"]}}],"collection":[{"href":"https:\/\/www.renouvelle.be\/fr\/wp-json\/wp\/v2\/posts"}],"about":[{"href":"https:\/\/www.renouvelle.be\/fr\/wp-json\/wp\/v2\/types\/post"}],"author":[{"embeddable":true,"href":"https:\/\/www.renouvelle.be\/fr\/wp-json\/wp\/v2\/users\/40"}],"replies":[{"embeddable":true,"href":"https:\/\/www.renouvelle.be\/fr\/wp-json\/wp\/v2\/comments?post=15322"}],"version-history":[{"count":5,"href":"https:\/\/www.renouvelle.be\/fr\/wp-json\/wp\/v2\/posts\/15322\/revisions"}],"predecessor-version":[{"id":15356,"href":"https:\/\/www.renouvelle.be\/fr\/wp-json\/wp\/v2\/posts\/15322\/revisions\/15356"}],"wp:featuredmedia":[{"embeddable":true,"href":"https:\/\/www.renouvelle.be\/fr\/wp-json\/wp\/v2\/media\/15323"}],"wp:attachment":[{"href":"https:\/\/www.renouvelle.be\/fr\/wp-json\/wp\/v2\/media?parent=15322"}],"wp:term":[{"taxonomy":"category","embeddable":true,"href":"https:\/\/www.renouvelle.be\/fr\/wp-json\/wp\/v2\/categories?post=15322"},{"taxonomy":"post_tag","embeddable":true,"href":"https:\/\/www.renouvelle.be\/fr\/wp-json\/wp\/v2\/tags?post=15322"},{"taxonomy":"section","embeddable":true,"href":"https:\/\/www.renouvelle.be\/fr\/wp-json\/wp\/v2\/section?post=15322"}],"curies":[{"name":"wp","href":"https:\/\/api.w.org\/{rel}","templated":true}]}}