{"id":15311,"date":"2025-06-26T09:38:59","date_gmt":"2025-06-26T07:38:59","guid":{"rendered":"https:\/\/www.renouvelle.be\/?p=15311"},"modified":"2025-06-26T09:43:48","modified_gmt":"2025-06-26T07:43:48","slug":"bilan-de-hydroelectricite-en-belgique-printemps-2025","status":"publish","type":"post","link":"https:\/\/www.renouvelle.be\/fr\/bilan-de-hydroelectricite-en-belgique-printemps-2025\/","title":{"rendered":"Bilan de l&rsquo;hydro\u00e9lectricit\u00e9 en Belgique : printemps 2025"},"content":{"rendered":"\n<p>Apr\u00e8s avoir enchain\u00e9 pas moins de 8 saisons d\u2019affil\u00e9e plus humides que la normale (du printemps 2023 \u00e0 l\u2019hiver 2025), le climat belge a bascul\u00e9 vers une p\u00e9riode de s\u00e9cheresse.<\/p>\n\n\n\n<p>Le printemps m\u00e9t\u00e9orologique dure du 1<sup>er<\/sup> mars au 31 mai. Cette ann\u00e9e, \u00e0 peine <a href=\"https:\/\/www.meteo.be\/uploads\/media\/683d76463c73d\/bilan-climatique-saisonnier-2025-s2.pdf?token=\/uploads\/media\/683d76463c73d\/bilan-climatique-saisonnier-2025-s2.pdf\" target=\"_blank\" rel=\"noreferrer noopener\">54,4mm<\/a> de pr\u00e9cipitations sont tomb\u00e9es, largement en dessous de la normale de 165,6mm. Il s\u2019agit d\u2019un nouveau record dans la p\u00e9riode de r\u00e9f\u00e9rence actuelle, et n\u2019est battu que par le printemps de 1893 depuis le d\u00e9but des observations en 1833.<\/p>\n\n\n\n<p>L\u2019impact de ces tr\u00e8s faibles pr\u00e9cipitations s\u2019est fait ressentir dans les productions d\u2019hydro\u00e9lectricit\u00e9 en Belgique.<\/p>\n\n\n\n<p><strong>L\u2019hydro\u00e9lectricit\u00e9 en Belgique<\/strong><\/p>\n\n\n\n<p>Bien que pr\u00e9sente dans le mix \u00e9nerg\u00e9tique belge, la production d\u2019\u00e9lectricit\u00e9 exploitant l\u2019\u00e9nergie hydraulique n\u2019est pas pr\u00e9dominante. Sa puissance install\u00e9e dans le pays est estim\u00e9e \u00e0 180 MW et a permis de g\u00e9n\u00e9rer <a href=\"https:\/\/transparency.entsoe.eu\/generation\/r2\/installedGenerationCapacityAggregation\/show?name=&amp;defaultValue=false&amp;viewType=TABLE&amp;areaType=CTY&amp;atch=false&amp;dateTime.dateTime=01.01.2025+00:00|UTC|YEAR&amp;dateTime.endDateTime=01.01.2025+00:00|UTC|YEAR&amp;area.values=CTY|10YBE----------2!CTY|10YBE----------2&amp;productionType.values=B01&amp;productionType.values=B25&amp;productionType.values=B02&amp;productionType.values=B03&amp;productionType.values=B04&amp;productionType.values=B05&amp;productionType.values=B06&amp;productionType.values=B07&amp;productionType.values=B08&amp;productionType.values=B09&amp;productionType.values=B10&amp;productionType.values=B11&amp;productionType.values=B12&amp;productionType.values=B13&amp;productionType.values=B14&amp;productionType.values=B20&amp;productionType.values=B15&amp;productionType.values=B16&amp;productionType.values=B17&amp;productionType.values=B18&amp;productionType.values=B19\" target=\"_blank\" rel=\"noreferrer noopener\">438 GWh<\/a> d\u2019\u00e9lectricit\u00e9 en 2024, soit la consommation \u00e9lectrique de 125 000 m\u00e9nages.<\/p>\n\n\n\n<p>Cette production est d\u00e9pendante des d\u00e9bits d\u2019eau et donc des pr\u00e9cipitations. Lors d\u2019une ann\u00e9e typique, la production fluctue et est plus basse durant l\u2019\u00e9t\u00e9 car la p\u00e9riode est plus s\u00e8che. Ceci est illustr\u00e9 ci-dessous par la production historique moyenne d\u2019un ensemble repr\u00e9sentatif de centrales <a href=\"https:\/\/www.renouvelle.be\/fr\/stockage-hydraulique-energie-renouvelable-surabondance\/\" target=\"_blank\" rel=\"noreferrer noopener\">hydro\u00e9lectriques<\/a> belges totalisant une capacit\u00e9 install\u00e9e de 67 MW, repr\u00e9sent\u00e9e mois par mois.<\/p>\n\n\n\n<figure class=\"wp-block-image size-large\"><img loading=\"lazy\" decoding=\"async\" width=\"1024\" height=\"489\" src=\"https:\/\/www.renouvelle.be\/wp-content\/uploads\/2025\/06\/bilan_hydroelectricite_printemps_2025-1024x489.png\" alt=\"\" class=\"wp-image-15314\" srcset=\"https:\/\/www.renouvelle.be\/wp-content\/uploads\/2025\/06\/bilan_hydroelectricite_printemps_2025-1024x489.png 1024w, https:\/\/www.renouvelle.be\/wp-content\/uploads\/2025\/06\/bilan_hydroelectricite_printemps_2025-300x143.png 300w, https:\/\/www.renouvelle.be\/wp-content\/uploads\/2025\/06\/bilan_hydroelectricite_printemps_2025-768x367.png 768w, https:\/\/www.renouvelle.be\/wp-content\/uploads\/2025\/06\/bilan_hydroelectricite_printemps_2025.png 1120w\" sizes=\"auto, (max-width: 1024px) 100vw, 1024px\" \/><\/figure>\n\n\n\n<p>On constate que les mois de printemps sont, en moyenne, dans la moiti\u00e9 la plus productrice de l\u2019ann\u00e9e. Le graphique suivant repr\u00e9sente la production du printemps 2025 ainsi que la moyenne historique correspondante.<\/p>\n\n\n\n<figure class=\"wp-block-image size-large\"><img loading=\"lazy\" decoding=\"async\" width=\"1024\" height=\"544\" src=\"https:\/\/www.renouvelle.be\/wp-content\/uploads\/2025\/06\/bilan_hydroelectricite_printemps_2025_02-1024x544.png\" alt=\"\" class=\"wp-image-15316\" srcset=\"https:\/\/www.renouvelle.be\/wp-content\/uploads\/2025\/06\/bilan_hydroelectricite_printemps_2025_02-1024x544.png 1024w, https:\/\/www.renouvelle.be\/wp-content\/uploads\/2025\/06\/bilan_hydroelectricite_printemps_2025_02-300x159.png 300w, https:\/\/www.renouvelle.be\/wp-content\/uploads\/2025\/06\/bilan_hydroelectricite_printemps_2025_02-768x408.png 768w, https:\/\/www.renouvelle.be\/wp-content\/uploads\/2025\/06\/bilan_hydroelectricite_printemps_2025_02.png 1165w\" sizes=\"auto, (max-width: 1024px) 100vw, 1024px\" \/><\/figure>\n\n\n\n<p>Une certaine inertie apparait. En effet, la production du mois de mars n\u2019est pas tr\u00e8s \u00e9loign\u00e9e de la moyenne historique contrairement \u00e0 la production du mois d\u2019avril qui n\u2019atteint que la moiti\u00e9 de celle-ci, et le tiers pour le mois de mai.<\/p>\n\n\n\n<p>Malgr\u00e9 une diminution de production, l\u2019impact sur le mix \u00e9nerg\u00e9tique belge a \u00e9t\u00e9 plut\u00f4t faible. Si nous comparons, la proportion d\u2019\u00e9lectricit\u00e9 hydraulique g\u00e9n\u00e9r\u00e9e durant le printemps en Belgique \u00e9tait de 0.7% en 2024 pour descendre \u00e0 0.2% en 2025.<\/p>\n\n\n\n<p>Il est important de noter que les impacts de la s\u00e9cheresse d\u00e9passent amplement la seule hydro\u00e9lectricit\u00e9, et impactent notablement l\u2019agriculture.<\/p>\n\n\n\n<p>D\u00e9couvrez nos bilans pour le <a href=\"https:\/\/www.renouvelle.be\/fr\/bilan-de-la-production-solaire-en-belgique-printemps-2025\/\" target=\"_blank\" rel=\"noreferrer noopener\">solaire<\/a> et l\u2019<a href=\"https:\/\/www.renouvelle.be\/fr\/bilan-de-la-production-eolienne-en-belgique-printemps-2025\/\" target=\"_blank\" rel=\"noreferrer noopener\">\u00e9olien<\/a>.<\/p>\n","protected":false},"excerpt":{"rendered":"<p>Apr\u00e8s avoir enchain\u00e9 pas moins de 8 saisons d\u2019affil\u00e9e plus humides que la normale (du printemps 2023 \u00e0 l\u2019hiver 2025), le climat belge a bascul\u00e9 vers une p\u00e9riode de s\u00e9cheresse. Le printemps m\u00e9t\u00e9orologique dure du 1er mars au 31 mai. Cette ann\u00e9e, \u00e0 peine 54,4mm de pr\u00e9cipitations sont tomb\u00e9es, largement en dessous de la normale de 165,6mm. Il s\u2019agit d\u2019un nouveau record dans la p\u00e9riode de r\u00e9f\u00e9rence actuelle, et n\u2019est battu que par le printemps de 1893 depuis le d\u00e9but des observations en 1833. L\u2019impact de ces tr\u00e8s faibles pr\u00e9cipitations s\u2019est fait ressentir dans les productions d\u2019hydro\u00e9lectricit\u00e9 en Belgique. L\u2019hydro\u00e9lectricit\u00e9 en Belgique Bien que pr\u00e9sente dans le mix \u00e9nerg\u00e9tique belge, la production d\u2019\u00e9lectricit\u00e9 exploitant l\u2019\u00e9nergie hydraulique n\u2019est pas pr\u00e9dominante. Sa puissance install\u00e9e dans le pays est estim\u00e9e \u00e0 180 MW et a permis de g\u00e9n\u00e9rer 438 GWh d\u2019\u00e9lectricit\u00e9 en 2024, soit la consommation \u00e9lectrique de 125 000 m\u00e9nages. Cette production est d\u00e9pendante des d\u00e9bits d\u2019eau et donc des pr\u00e9cipitations. Lors d\u2019une ann\u00e9e typique, la production fluctue et est plus basse durant l\u2019\u00e9t\u00e9 car la p\u00e9riode est plus s\u00e8che. Ceci est illustr\u00e9 ci-dessous par la production historique moyenne d\u2019un ensemble repr\u00e9sentatif de centrales hydro\u00e9lectriques belges totalisant une capacit\u00e9 install\u00e9e de 67 MW, repr\u00e9sent\u00e9e mois par mois. On constate que les mois de printemps sont, en moyenne, dans la moiti\u00e9 la plus productrice de l\u2019ann\u00e9e. Le graphique suivant repr\u00e9sente la production du printemps 2025 ainsi que la moyenne historique correspondante. Une certaine inertie apparait. En effet, la production du mois de mars n\u2019est pas tr\u00e8s \u00e9loign\u00e9e de la moyenne historique contrairement \u00e0 la production du mois d\u2019avril qui n\u2019atteint que la moiti\u00e9 de celle-ci, et le tiers pour le mois de mai. Malgr\u00e9 une diminution de production, l\u2019impact sur le mix \u00e9nerg\u00e9tique &hellip; <a href=\"https:\/\/www.renouvelle.be\/fr\/bilan-de-hydroelectricite-en-belgique-printemps-2025\/\" class=\"more-link\">Continue reading<span class=\"screen-reader-text\"> \u00ab\u00a0Bilan de l&rsquo;hydro\u00e9lectricit\u00e9 en Belgique : printemps 2025\u00a0\u00bb<\/span><\/a><\/p>\n","protected":false},"author":40,"featured_media":15312,"comment_status":"closed","ping_status":"closed","sticky":false,"template":"","format":"standard","meta":{"_acf_changed":false,"footnotes":""},"categories":[16],"tags":[],"section":[10],"class_list":["post-15311","post","type-post","status-publish","format-standard","has-post-thumbnail","hentry","category-actualite","section-hydroenergie"],"acf":[],"yoast_head":"<!-- This site is optimized with the Yoast SEO plugin v27.5 - https:\/\/yoast.com\/product\/yoast-seo-wordpress\/ -->\n<title>Bilan de l&#039;hydro\u00e9lectricit\u00e9 en Belgique : printemps 2025 - Renouvelle<\/title>\n<meta name=\"description\" content=\"Comment s&#039;est port\u00e9e la production d&#039;hydro\u00e9lectricit\u00e9 en Belgique pour le printemps 2025 ? Renouvelle vous fait le bilan.\" \/>\n<meta name=\"robots\" content=\"index, follow, max-snippet:-1, max-image-preview:large, max-video-preview:-1\" \/>\n<link rel=\"canonical\" href=\"https:\/\/www.renouvelle.be\/fr\/bilan-de-hydroelectricite-en-belgique-printemps-2025\/\" \/>\n<meta property=\"og:locale\" content=\"fr_FR\" \/>\n<meta property=\"og:type\" content=\"article\" \/>\n<meta property=\"og:title\" content=\"Bilan de l&#039;hydro\u00e9lectricit\u00e9 en Belgique : printemps 2025 - Renouvelle\" \/>\n<meta property=\"og:description\" content=\"Comment s&#039;est port\u00e9e la production d&#039;hydro\u00e9lectricit\u00e9 en Belgique pour le printemps 2025 ? Renouvelle vous fait le bilan.\" \/>\n<meta property=\"og:url\" content=\"https:\/\/www.renouvelle.be\/fr\/bilan-de-hydroelectricite-en-belgique-printemps-2025\/\" \/>\n<meta property=\"og:site_name\" content=\"Renouvelle\" \/>\n<meta property=\"article:published_time\" content=\"2025-06-26T07:38:59+00:00\" \/>\n<meta property=\"article:modified_time\" content=\"2025-06-26T07:43:48+00:00\" \/>\n<meta property=\"og:image\" content=\"https:\/\/www.renouvelle.be\/wp-content\/uploads\/2025\/06\/iStock-1322319349-e1750426730257.jpg\" \/>\n\t<meta property=\"og:image:width\" content=\"1760\" \/>\n\t<meta property=\"og:image:height\" content=\"1123\" \/>\n\t<meta property=\"og:image:type\" content=\"image\/jpeg\" \/>\n<meta name=\"author\" content=\"Mathieu Petitjean\" \/>\n<meta name=\"twitter:card\" content=\"summary_large_image\" \/>\n<script type=\"application\/ld+json\" class=\"yoast-schema-graph\">{\"@context\":\"https:\\\/\\\/schema.org\",\"@graph\":[{\"@type\":\"Article\",\"@id\":\"https:\\\/\\\/www.renouvelle.be\\\/fr\\\/bilan-de-hydroelectricite-en-belgique-printemps-2025\\\/#article\",\"isPartOf\":{\"@id\":\"https:\\\/\\\/www.renouvelle.be\\\/fr\\\/bilan-de-hydroelectricite-en-belgique-printemps-2025\\\/\"},\"author\":{\"name\":\"Mathieu Petitjean\",\"@id\":\"https:\\\/\\\/www.renouvelle.be\\\/fr\\\/#\\\/schema\\\/person\\\/0458f628084e1c95c296c1f5b9fcf7c2\"},\"headline\":\"Bilan de l&rsquo;hydro\u00e9lectricit\u00e9 en Belgique : printemps 2025\",\"datePublished\":\"2025-06-26T07:38:59+00:00\",\"dateModified\":\"2025-06-26T07:43:48+00:00\",\"mainEntityOfPage\":{\"@id\":\"https:\\\/\\\/www.renouvelle.be\\\/fr\\\/bilan-de-hydroelectricite-en-belgique-printemps-2025\\\/\"},\"wordCount\":407,\"image\":{\"@id\":\"https:\\\/\\\/www.renouvelle.be\\\/fr\\\/bilan-de-hydroelectricite-en-belgique-printemps-2025\\\/#primaryimage\"},\"thumbnailUrl\":\"https:\\\/\\\/www.renouvelle.be\\\/wp-content\\\/uploads\\\/2025\\\/06\\\/iStock-1322319349-e1750426730257.jpg\",\"articleSection\":[\"Actualit\u00e9\"],\"inLanguage\":\"fr-FR\"},{\"@type\":\"WebPage\",\"@id\":\"https:\\\/\\\/www.renouvelle.be\\\/fr\\\/bilan-de-hydroelectricite-en-belgique-printemps-2025\\\/\",\"url\":\"https:\\\/\\\/www.renouvelle.be\\\/fr\\\/bilan-de-hydroelectricite-en-belgique-printemps-2025\\\/\",\"name\":\"Bilan de l'hydro\u00e9lectricit\u00e9 en Belgique : printemps 2025 - Renouvelle\",\"isPartOf\":{\"@id\":\"https:\\\/\\\/www.renouvelle.be\\\/fr\\\/#website\"},\"primaryImageOfPage\":{\"@id\":\"https:\\\/\\\/www.renouvelle.be\\\/fr\\\/bilan-de-hydroelectricite-en-belgique-printemps-2025\\\/#primaryimage\"},\"image\":{\"@id\":\"https:\\\/\\\/www.renouvelle.be\\\/fr\\\/bilan-de-hydroelectricite-en-belgique-printemps-2025\\\/#primaryimage\"},\"thumbnailUrl\":\"https:\\\/\\\/www.renouvelle.be\\\/wp-content\\\/uploads\\\/2025\\\/06\\\/iStock-1322319349-e1750426730257.jpg\",\"datePublished\":\"2025-06-26T07:38:59+00:00\",\"dateModified\":\"2025-06-26T07:43:48+00:00\",\"author\":{\"@id\":\"https:\\\/\\\/www.renouvelle.be\\\/fr\\\/#\\\/schema\\\/person\\\/0458f628084e1c95c296c1f5b9fcf7c2\"},\"description\":\"Comment s'est port\u00e9e la production d'hydro\u00e9lectricit\u00e9 en Belgique pour le printemps 2025 ? Renouvelle vous fait le bilan.\",\"breadcrumb\":{\"@id\":\"https:\\\/\\\/www.renouvelle.be\\\/fr\\\/bilan-de-hydroelectricite-en-belgique-printemps-2025\\\/#breadcrumb\"},\"inLanguage\":\"fr-FR\",\"potentialAction\":[{\"@type\":\"ReadAction\",\"target\":[\"https:\\\/\\\/www.renouvelle.be\\\/fr\\\/bilan-de-hydroelectricite-en-belgique-printemps-2025\\\/\"]}]},{\"@type\":\"ImageObject\",\"inLanguage\":\"fr-FR\",\"@id\":\"https:\\\/\\\/www.renouvelle.be\\\/fr\\\/bilan-de-hydroelectricite-en-belgique-printemps-2025\\\/#primaryimage\",\"url\":\"https:\\\/\\\/www.renouvelle.be\\\/wp-content\\\/uploads\\\/2025\\\/06\\\/iStock-1322319349-e1750426730257.jpg\",\"contentUrl\":\"https:\\\/\\\/www.renouvelle.be\\\/wp-content\\\/uploads\\\/2025\\\/06\\\/iStock-1322319349-e1750426730257.jpg\",\"width\":1760,\"height\":1123},{\"@type\":\"BreadcrumbList\",\"@id\":\"https:\\\/\\\/www.renouvelle.be\\\/fr\\\/bilan-de-hydroelectricite-en-belgique-printemps-2025\\\/#breadcrumb\",\"itemListElement\":[{\"@type\":\"ListItem\",\"position\":1,\"name\":\"Accueil\",\"item\":\"https:\\\/\\\/www.renouvelle.be\\\/fr\\\/\"},{\"@type\":\"ListItem\",\"position\":2,\"name\":\"Bilan de l&rsquo;hydro\u00e9lectricit\u00e9 en Belgique : printemps 2025\"}]},{\"@type\":\"WebSite\",\"@id\":\"https:\\\/\\\/www.renouvelle.be\\\/fr\\\/#website\",\"url\":\"https:\\\/\\\/www.renouvelle.be\\\/fr\\\/\",\"name\":\"Renouvelle\",\"description\":\"L&#039;actualit\u00e9 de l&#039;\u00e9nergie durable\",\"potentialAction\":[{\"@type\":\"SearchAction\",\"target\":{\"@type\":\"EntryPoint\",\"urlTemplate\":\"https:\\\/\\\/www.renouvelle.be\\\/fr\\\/?s={search_term_string}\"},\"query-input\":{\"@type\":\"PropertyValueSpecification\",\"valueRequired\":true,\"valueName\":\"search_term_string\"}}],\"inLanguage\":\"fr-FR\"},{\"@type\":\"Person\",\"@id\":\"https:\\\/\\\/www.renouvelle.be\\\/fr\\\/#\\\/schema\\\/person\\\/0458f628084e1c95c296c1f5b9fcf7c2\",\"name\":\"Mathieu Petitjean\",\"url\":\"https:\\\/\\\/www.renouvelle.be\\\/fr\\\/author\\\/mathieu-petitjean\\\/\"}]}<\/script>\n<!-- \/ Yoast SEO plugin. -->","yoast_head_json":{"title":"Bilan de l'hydro\u00e9lectricit\u00e9 en Belgique : printemps 2025 - Renouvelle","description":"Comment s'est port\u00e9e la production d'hydro\u00e9lectricit\u00e9 en Belgique pour le printemps 2025 ? Renouvelle vous fait le bilan.","robots":{"index":"index","follow":"follow","max-snippet":"max-snippet:-1","max-image-preview":"max-image-preview:large","max-video-preview":"max-video-preview:-1"},"canonical":"https:\/\/www.renouvelle.be\/fr\/bilan-de-hydroelectricite-en-belgique-printemps-2025\/","og_locale":"fr_FR","og_type":"article","og_title":"Bilan de l'hydro\u00e9lectricit\u00e9 en Belgique : printemps 2025 - Renouvelle","og_description":"Comment s'est port\u00e9e la production d'hydro\u00e9lectricit\u00e9 en Belgique pour le printemps 2025 ? Renouvelle vous fait le bilan.","og_url":"https:\/\/www.renouvelle.be\/fr\/bilan-de-hydroelectricite-en-belgique-printemps-2025\/","og_site_name":"Renouvelle","article_published_time":"2025-06-26T07:38:59+00:00","article_modified_time":"2025-06-26T07:43:48+00:00","og_image":[{"width":1760,"height":1123,"url":"https:\/\/www.renouvelle.be\/wp-content\/uploads\/2025\/06\/iStock-1322319349-e1750426730257.jpg","type":"image\/jpeg"}],"author":"Mathieu Petitjean","twitter_card":"summary_large_image","schema":{"@context":"https:\/\/schema.org","@graph":[{"@type":"Article","@id":"https:\/\/www.renouvelle.be\/fr\/bilan-de-hydroelectricite-en-belgique-printemps-2025\/#article","isPartOf":{"@id":"https:\/\/www.renouvelle.be\/fr\/bilan-de-hydroelectricite-en-belgique-printemps-2025\/"},"author":{"name":"Mathieu Petitjean","@id":"https:\/\/www.renouvelle.be\/fr\/#\/schema\/person\/0458f628084e1c95c296c1f5b9fcf7c2"},"headline":"Bilan de l&rsquo;hydro\u00e9lectricit\u00e9 en Belgique : printemps 2025","datePublished":"2025-06-26T07:38:59+00:00","dateModified":"2025-06-26T07:43:48+00:00","mainEntityOfPage":{"@id":"https:\/\/www.renouvelle.be\/fr\/bilan-de-hydroelectricite-en-belgique-printemps-2025\/"},"wordCount":407,"image":{"@id":"https:\/\/www.renouvelle.be\/fr\/bilan-de-hydroelectricite-en-belgique-printemps-2025\/#primaryimage"},"thumbnailUrl":"https:\/\/www.renouvelle.be\/wp-content\/uploads\/2025\/06\/iStock-1322319349-e1750426730257.jpg","articleSection":["Actualit\u00e9"],"inLanguage":"fr-FR"},{"@type":"WebPage","@id":"https:\/\/www.renouvelle.be\/fr\/bilan-de-hydroelectricite-en-belgique-printemps-2025\/","url":"https:\/\/www.renouvelle.be\/fr\/bilan-de-hydroelectricite-en-belgique-printemps-2025\/","name":"Bilan de l'hydro\u00e9lectricit\u00e9 en Belgique : printemps 2025 - Renouvelle","isPartOf":{"@id":"https:\/\/www.renouvelle.be\/fr\/#website"},"primaryImageOfPage":{"@id":"https:\/\/www.renouvelle.be\/fr\/bilan-de-hydroelectricite-en-belgique-printemps-2025\/#primaryimage"},"image":{"@id":"https:\/\/www.renouvelle.be\/fr\/bilan-de-hydroelectricite-en-belgique-printemps-2025\/#primaryimage"},"thumbnailUrl":"https:\/\/www.renouvelle.be\/wp-content\/uploads\/2025\/06\/iStock-1322319349-e1750426730257.jpg","datePublished":"2025-06-26T07:38:59+00:00","dateModified":"2025-06-26T07:43:48+00:00","author":{"@id":"https:\/\/www.renouvelle.be\/fr\/#\/schema\/person\/0458f628084e1c95c296c1f5b9fcf7c2"},"description":"Comment s'est port\u00e9e la production d'hydro\u00e9lectricit\u00e9 en Belgique pour le printemps 2025 ? Renouvelle vous fait le bilan.","breadcrumb":{"@id":"https:\/\/www.renouvelle.be\/fr\/bilan-de-hydroelectricite-en-belgique-printemps-2025\/#breadcrumb"},"inLanguage":"fr-FR","potentialAction":[{"@type":"ReadAction","target":["https:\/\/www.renouvelle.be\/fr\/bilan-de-hydroelectricite-en-belgique-printemps-2025\/"]}]},{"@type":"ImageObject","inLanguage":"fr-FR","@id":"https:\/\/www.renouvelle.be\/fr\/bilan-de-hydroelectricite-en-belgique-printemps-2025\/#primaryimage","url":"https:\/\/www.renouvelle.be\/wp-content\/uploads\/2025\/06\/iStock-1322319349-e1750426730257.jpg","contentUrl":"https:\/\/www.renouvelle.be\/wp-content\/uploads\/2025\/06\/iStock-1322319349-e1750426730257.jpg","width":1760,"height":1123},{"@type":"BreadcrumbList","@id":"https:\/\/www.renouvelle.be\/fr\/bilan-de-hydroelectricite-en-belgique-printemps-2025\/#breadcrumb","itemListElement":[{"@type":"ListItem","position":1,"name":"Accueil","item":"https:\/\/www.renouvelle.be\/fr\/"},{"@type":"ListItem","position":2,"name":"Bilan de l&rsquo;hydro\u00e9lectricit\u00e9 en Belgique : printemps 2025"}]},{"@type":"WebSite","@id":"https:\/\/www.renouvelle.be\/fr\/#website","url":"https:\/\/www.renouvelle.be\/fr\/","name":"Renouvelle","description":"L&#039;actualit\u00e9 de l&#039;\u00e9nergie durable","potentialAction":[{"@type":"SearchAction","target":{"@type":"EntryPoint","urlTemplate":"https:\/\/www.renouvelle.be\/fr\/?s={search_term_string}"},"query-input":{"@type":"PropertyValueSpecification","valueRequired":true,"valueName":"search_term_string"}}],"inLanguage":"fr-FR"},{"@type":"Person","@id":"https:\/\/www.renouvelle.be\/fr\/#\/schema\/person\/0458f628084e1c95c296c1f5b9fcf7c2","name":"Mathieu Petitjean","url":"https:\/\/www.renouvelle.be\/fr\/author\/mathieu-petitjean\/"}]}},"_links":{"self":[{"href":"https:\/\/www.renouvelle.be\/fr\/wp-json\/wp\/v2\/posts\/15311","targetHints":{"allow":["GET"]}}],"collection":[{"href":"https:\/\/www.renouvelle.be\/fr\/wp-json\/wp\/v2\/posts"}],"about":[{"href":"https:\/\/www.renouvelle.be\/fr\/wp-json\/wp\/v2\/types\/post"}],"author":[{"embeddable":true,"href":"https:\/\/www.renouvelle.be\/fr\/wp-json\/wp\/v2\/users\/40"}],"replies":[{"embeddable":true,"href":"https:\/\/www.renouvelle.be\/fr\/wp-json\/wp\/v2\/comments?post=15311"}],"version-history":[{"count":5,"href":"https:\/\/www.renouvelle.be\/fr\/wp-json\/wp\/v2\/posts\/15311\/revisions"}],"predecessor-version":[{"id":15359,"href":"https:\/\/www.renouvelle.be\/fr\/wp-json\/wp\/v2\/posts\/15311\/revisions\/15359"}],"wp:featuredmedia":[{"embeddable":true,"href":"https:\/\/www.renouvelle.be\/fr\/wp-json\/wp\/v2\/media\/15312"}],"wp:attachment":[{"href":"https:\/\/www.renouvelle.be\/fr\/wp-json\/wp\/v2\/media?parent=15311"}],"wp:term":[{"taxonomy":"category","embeddable":true,"href":"https:\/\/www.renouvelle.be\/fr\/wp-json\/wp\/v2\/categories?post=15311"},{"taxonomy":"post_tag","embeddable":true,"href":"https:\/\/www.renouvelle.be\/fr\/wp-json\/wp\/v2\/tags?post=15311"},{"taxonomy":"section","embeddable":true,"href":"https:\/\/www.renouvelle.be\/fr\/wp-json\/wp\/v2\/section?post=15311"}],"curies":[{"name":"wp","href":"https:\/\/api.w.org\/{rel}","templated":true}]}}