{"id":15235,"date":"2025-06-12T15:46:24","date_gmt":"2025-06-12T13:46:24","guid":{"rendered":"https:\/\/www.renouvelle.be\/?p=15235"},"modified":"2025-06-13T12:19:57","modified_gmt":"2025-06-13T10:19:57","slug":"france-mise-en-service-officielle-dun-premier-parc-eolien-flottant","status":"publish","type":"post","link":"https:\/\/www.renouvelle.be\/fr\/france-mise-en-service-officielle-dun-premier-parc-eolien-flottant\/","title":{"rendered":"France\u00a0: mise en service officielle d\u2019un premier parc \u00e9olien flottant"},"content":{"rendered":"\n<p>Ce sont des vents nouveaux qui soufflent sur le Golfe de Fos pour la transition \u00e9nerg\u00e9tique fran\u00e7aise. Et plus pr\u00e9cis\u00e9ment \u00e0 17 kilom\u00e8tres au large de Port-Saint-Louis-du-Rh\u00f4ne o\u00f9 le tout premier parc \u00e9olien flottant de France vient d\u2019\u00eatre mis officiellement en service. &nbsp;<\/p>\n\n\n\n<p><a href=\"https:\/\/provencegrandlarge.fr\/le-projet\/presentation-du-projet\/\" target=\"_blank\" rel=\"noreferrer noopener\">Provence Grand Large<\/a>, c\u2019est son nom et il est men\u00e9 par EDF Renouvelables. Le parc se compose de trois \u00e9oliennes dont la capacit\u00e9 totale install\u00e9e est de 25 MW, elles permettront de fournir en \u00e9lectricit\u00e9 l\u2019\u00e9quivalent de 45 000 m\u00e9nages. Ancr\u00e9es \u00e0 100 m\u00e8tres de profondeur, les turbines sont pos\u00e9es sur des flotteurs de 2800 tonnes retenus par des lignes d\u2019ancrage tendues, un syst\u00e8me inspir\u00e9 de celui utilis\u00e9 par les plateformes p\u00e9troli\u00e8res qui permet de r\u00e9duire les mouvements des flotteurs sur houle.<\/p>\n\n\n\n<p>L\u2019\u00e9nergie produite est quant \u00e0 elle transport\u00e9e par des c\u00e2bles dynamiques. Ces derniers sont suspendus entre les flotteurs et les fonds marins et, contrairement aux c\u00e2bles statiques, suivent le mouvement de ces m\u00eames flotteurs, des vagues et des courants marins. Les c\u00e2bles dynamiques sont reli\u00e9s \u00e0 des c\u00e2bles sous-marins puis souterrains afin d\u2019assurer l\u2019acheminement de l\u2019\u00e9lectricit\u00e9 jusqu\u2019au poste de raccordement \u00e0 terre de RTE, le gestionnaire du r\u00e9seau de transport d\u2019\u00e9lectricit\u00e9 fran\u00e7ais.<\/p>\n\n\n\n<figure class=\"wp-block-image size-full\"><img loading=\"lazy\" decoding=\"async\" width=\"834\" height=\"555\" src=\"https:\/\/www.renouvelle.be\/wp-content\/uploads\/2025\/06\/Schema-ProvenceGrandLarge.png\" alt=\"\u00e9olien flottant\" class=\"wp-image-15242\" srcset=\"https:\/\/www.renouvelle.be\/wp-content\/uploads\/2025\/06\/Schema-ProvenceGrandLarge.png 834w, https:\/\/www.renouvelle.be\/wp-content\/uploads\/2025\/06\/Schema-ProvenceGrandLarge-300x200.png 300w, https:\/\/www.renouvelle.be\/wp-content\/uploads\/2025\/06\/Schema-ProvenceGrandLarge-768x511.png 768w\" sizes=\"auto, (max-width: 834px) 100vw, 834px\" \/><\/figure>\n\n\n\n<p>Mais il ne s\u2019agit pas du seul projet de parc \u00e9olien flottant en France puisque d\u2019autres devraient voir le jour comme le premier parc commercial <a href=\"https:\/\/www.renouvelle.be\/fr\/un-premier-parc-eolien-flottant-commercial-en-bretagne\/\" target=\"_blank\" rel=\"noreferrer noopener\">Bretagne Sud,<\/a> d\u2019une puissance install\u00e9e de 250 MW et qui devrait d\u00e9marrer ses op\u00e9rations fin 2031.<\/p>\n\n\n\n<p>Image d&rsquo;en-t\u00eate : Provence Grand Large \/ EDF Renouvelables<\/p>\n","protected":false},"excerpt":{"rendered":"<p>Ce sont des vents nouveaux qui soufflent sur le Golfe de Fos pour la transition \u00e9nerg\u00e9tique fran\u00e7aise. Et plus pr\u00e9cis\u00e9ment \u00e0 17 kilom\u00e8tres au large de Port-Saint-Louis-du-Rh\u00f4ne o\u00f9 le tout premier parc \u00e9olien flottant de France vient d\u2019\u00eatre mis officiellement en service. &nbsp; Provence Grand Large, c\u2019est son nom et il est men\u00e9 par EDF Renouvelables. Le parc se compose de trois \u00e9oliennes dont la capacit\u00e9 totale install\u00e9e est de 25 MW, elles permettront de fournir en \u00e9lectricit\u00e9 l\u2019\u00e9quivalent de 45 000 m\u00e9nages. Ancr\u00e9es \u00e0 100 m\u00e8tres de profondeur, les turbines sont pos\u00e9es sur des flotteurs de 2800 tonnes retenus par des lignes d\u2019ancrage tendues, un syst\u00e8me inspir\u00e9 de celui utilis\u00e9 par les plateformes p\u00e9troli\u00e8res qui permet de r\u00e9duire les mouvements des flotteurs sur houle. L\u2019\u00e9nergie produite est quant \u00e0 elle transport\u00e9e par des c\u00e2bles dynamiques. Ces derniers sont suspendus entre les flotteurs et les fonds marins et, contrairement aux c\u00e2bles statiques, suivent le mouvement de ces m\u00eames flotteurs, des vagues et des courants marins. Les c\u00e2bles dynamiques sont reli\u00e9s \u00e0 des c\u00e2bles sous-marins puis souterrains afin d\u2019assurer l\u2019acheminement de l\u2019\u00e9lectricit\u00e9 jusqu\u2019au poste de raccordement \u00e0 terre de RTE, le gestionnaire du r\u00e9seau de transport d\u2019\u00e9lectricit\u00e9 fran\u00e7ais. Mais il ne s\u2019agit pas du seul projet de parc \u00e9olien flottant en France puisque d\u2019autres devraient voir le jour comme le premier parc commercial Bretagne Sud, d\u2019une puissance install\u00e9e de 250 MW et qui devrait d\u00e9marrer ses op\u00e9rations fin 2031. Image d&rsquo;en-t\u00eate : Provence Grand Large \/ EDF Renouvelables<\/p>\n","protected":false},"author":38,"featured_media":15238,"comment_status":"closed","ping_status":"closed","sticky":false,"template":"","format":"standard","meta":{"_acf_changed":false,"footnotes":""},"categories":[16,18],"tags":[],"section":[6],"class_list":["post-15235","post","type-post","status-publish","format-standard","has-post-thumbnail","hentry","category-actualite","category-actualite-internationale","section-eolien"],"acf":[],"yoast_head":"<!-- This site is optimized with the Yoast SEO plugin v27.5 - https:\/\/yoast.com\/product\/yoast-seo-wordpress\/ -->\n<title>France\u00a0: mise en service officielle d\u2019un premier parc \u00e9olien flottant - Renouvelle<\/title>\n<meta name=\"description\" content=\"Provence Grand Large, le tout premier parc \u00e9olien flottant de France a \u00e9t\u00e9 officiellement mis en service au large du Golfe de Fos.\" \/>\n<meta name=\"robots\" content=\"index, follow, max-snippet:-1, max-image-preview:large, max-video-preview:-1\" \/>\n<link rel=\"canonical\" href=\"https:\/\/www.renouvelle.be\/fr\/france-mise-en-service-officielle-dun-premier-parc-eolien-flottant\/\" \/>\n<meta property=\"og:locale\" content=\"fr_FR\" \/>\n<meta property=\"og:type\" content=\"article\" \/>\n<meta property=\"og:title\" content=\"France\u00a0: mise en service officielle d\u2019un premier parc \u00e9olien flottant - Renouvelle\" \/>\n<meta property=\"og:description\" content=\"Provence Grand Large, le tout premier parc \u00e9olien flottant de France a \u00e9t\u00e9 officiellement mis en service au large du Golfe de Fos.\" \/>\n<meta property=\"og:url\" content=\"https:\/\/www.renouvelle.be\/fr\/france-mise-en-service-officielle-dun-premier-parc-eolien-flottant\/\" \/>\n<meta property=\"og:site_name\" content=\"Renouvelle\" \/>\n<meta property=\"article:published_time\" content=\"2025-06-12T13:46:24+00:00\" \/>\n<meta property=\"article:modified_time\" content=\"2025-06-13T10:19:57+00:00\" \/>\n<meta property=\"og:image\" content=\"https:\/\/www.renouvelle.be\/wp-content\/uploads\/2025\/06\/EOLIEN-EN-MER_PROVENCE-GRAND-LARGE_FRANCE_2023_3_EDF-1024x575-1.jpg\" \/>\n\t<meta property=\"og:image:width\" content=\"1024\" \/>\n\t<meta property=\"og:image:height\" content=\"575\" \/>\n\t<meta property=\"og:image:type\" content=\"image\/jpeg\" \/>\n<meta name=\"author\" content=\"Samuel Alves\" \/>\n<meta name=\"twitter:card\" content=\"summary_large_image\" \/>\n<script type=\"application\/ld+json\" class=\"yoast-schema-graph\">{\"@context\":\"https:\\\/\\\/schema.org\",\"@graph\":[{\"@type\":\"Article\",\"@id\":\"https:\\\/\\\/www.renouvelle.be\\\/fr\\\/france-mise-en-service-officielle-dun-premier-parc-eolien-flottant\\\/#article\",\"isPartOf\":{\"@id\":\"https:\\\/\\\/www.renouvelle.be\\\/fr\\\/france-mise-en-service-officielle-dun-premier-parc-eolien-flottant\\\/\"},\"author\":{\"name\":\"Samuel Alves\",\"@id\":\"https:\\\/\\\/www.renouvelle.be\\\/fr\\\/#\\\/schema\\\/person\\\/d80a3b0a9adb0ea8a0a381df27edcd74\"},\"headline\":\"France\u00a0: mise en service officielle d\u2019un premier parc \u00e9olien flottant\",\"datePublished\":\"2025-06-12T13:46:24+00:00\",\"dateModified\":\"2025-06-13T10:19:57+00:00\",\"mainEntityOfPage\":{\"@id\":\"https:\\\/\\\/www.renouvelle.be\\\/fr\\\/france-mise-en-service-officielle-dun-premier-parc-eolien-flottant\\\/\"},\"wordCount\":285,\"image\":{\"@id\":\"https:\\\/\\\/www.renouvelle.be\\\/fr\\\/france-mise-en-service-officielle-dun-premier-parc-eolien-flottant\\\/#primaryimage\"},\"thumbnailUrl\":\"https:\\\/\\\/www.renouvelle.be\\\/wp-content\\\/uploads\\\/2025\\\/06\\\/EOLIEN-EN-MER_PROVENCE-GRAND-LARGE_FRANCE_2023_3_EDF-1024x575-1.jpg\",\"articleSection\":[\"Actualit\u00e9\",\"Actualit\u00e9 internationale\"],\"inLanguage\":\"fr-FR\"},{\"@type\":\"WebPage\",\"@id\":\"https:\\\/\\\/www.renouvelle.be\\\/fr\\\/france-mise-en-service-officielle-dun-premier-parc-eolien-flottant\\\/\",\"url\":\"https:\\\/\\\/www.renouvelle.be\\\/fr\\\/france-mise-en-service-officielle-dun-premier-parc-eolien-flottant\\\/\",\"name\":\"France\u00a0: mise en service officielle d\u2019un premier parc \u00e9olien flottant - Renouvelle\",\"isPartOf\":{\"@id\":\"https:\\\/\\\/www.renouvelle.be\\\/fr\\\/#website\"},\"primaryImageOfPage\":{\"@id\":\"https:\\\/\\\/www.renouvelle.be\\\/fr\\\/france-mise-en-service-officielle-dun-premier-parc-eolien-flottant\\\/#primaryimage\"},\"image\":{\"@id\":\"https:\\\/\\\/www.renouvelle.be\\\/fr\\\/france-mise-en-service-officielle-dun-premier-parc-eolien-flottant\\\/#primaryimage\"},\"thumbnailUrl\":\"https:\\\/\\\/www.renouvelle.be\\\/wp-content\\\/uploads\\\/2025\\\/06\\\/EOLIEN-EN-MER_PROVENCE-GRAND-LARGE_FRANCE_2023_3_EDF-1024x575-1.jpg\",\"datePublished\":\"2025-06-12T13:46:24+00:00\",\"dateModified\":\"2025-06-13T10:19:57+00:00\",\"author\":{\"@id\":\"https:\\\/\\\/www.renouvelle.be\\\/fr\\\/#\\\/schema\\\/person\\\/d80a3b0a9adb0ea8a0a381df27edcd74\"},\"description\":\"Provence Grand Large, le tout premier parc \u00e9olien flottant de France a \u00e9t\u00e9 officiellement mis en service au large du Golfe de Fos.\",\"breadcrumb\":{\"@id\":\"https:\\\/\\\/www.renouvelle.be\\\/fr\\\/france-mise-en-service-officielle-dun-premier-parc-eolien-flottant\\\/#breadcrumb\"},\"inLanguage\":\"fr-FR\",\"potentialAction\":[{\"@type\":\"ReadAction\",\"target\":[\"https:\\\/\\\/www.renouvelle.be\\\/fr\\\/france-mise-en-service-officielle-dun-premier-parc-eolien-flottant\\\/\"]}]},{\"@type\":\"ImageObject\",\"inLanguage\":\"fr-FR\",\"@id\":\"https:\\\/\\\/www.renouvelle.be\\\/fr\\\/france-mise-en-service-officielle-dun-premier-parc-eolien-flottant\\\/#primaryimage\",\"url\":\"https:\\\/\\\/www.renouvelle.be\\\/wp-content\\\/uploads\\\/2025\\\/06\\\/EOLIEN-EN-MER_PROVENCE-GRAND-LARGE_FRANCE_2023_3_EDF-1024x575-1.jpg\",\"contentUrl\":\"https:\\\/\\\/www.renouvelle.be\\\/wp-content\\\/uploads\\\/2025\\\/06\\\/EOLIEN-EN-MER_PROVENCE-GRAND-LARGE_FRANCE_2023_3_EDF-1024x575-1.jpg\",\"width\":1024,\"height\":575,\"caption\":\"Image : Provence Grand Large \\\/ EDF Renouvelables\"},{\"@type\":\"BreadcrumbList\",\"@id\":\"https:\\\/\\\/www.renouvelle.be\\\/fr\\\/france-mise-en-service-officielle-dun-premier-parc-eolien-flottant\\\/#breadcrumb\",\"itemListElement\":[{\"@type\":\"ListItem\",\"position\":1,\"name\":\"Accueil\",\"item\":\"https:\\\/\\\/www.renouvelle.be\\\/fr\\\/\"},{\"@type\":\"ListItem\",\"position\":2,\"name\":\"France\u00a0: mise en service officielle d\u2019un premier parc \u00e9olien flottant\"}]},{\"@type\":\"WebSite\",\"@id\":\"https:\\\/\\\/www.renouvelle.be\\\/fr\\\/#website\",\"url\":\"https:\\\/\\\/www.renouvelle.be\\\/fr\\\/\",\"name\":\"Renouvelle\",\"description\":\"L&#039;actualit\u00e9 de l&#039;\u00e9nergie durable\",\"potentialAction\":[{\"@type\":\"SearchAction\",\"target\":{\"@type\":\"EntryPoint\",\"urlTemplate\":\"https:\\\/\\\/www.renouvelle.be\\\/fr\\\/?s={search_term_string}\"},\"query-input\":{\"@type\":\"PropertyValueSpecification\",\"valueRequired\":true,\"valueName\":\"search_term_string\"}}],\"inLanguage\":\"fr-FR\"},{\"@type\":\"Person\",\"@id\":\"https:\\\/\\\/www.renouvelle.be\\\/fr\\\/#\\\/schema\\\/person\\\/d80a3b0a9adb0ea8a0a381df27edcd74\",\"name\":\"Samuel Alves\",\"url\":\"https:\\\/\\\/www.renouvelle.be\\\/fr\\\/author\\\/salves\\\/\"}]}<\/script>\n<!-- \/ Yoast SEO plugin. -->","yoast_head_json":{"title":"France\u00a0: mise en service officielle d\u2019un premier parc \u00e9olien flottant - Renouvelle","description":"Provence Grand Large, le tout premier parc \u00e9olien flottant de France a \u00e9t\u00e9 officiellement mis en service au large du Golfe de Fos.","robots":{"index":"index","follow":"follow","max-snippet":"max-snippet:-1","max-image-preview":"max-image-preview:large","max-video-preview":"max-video-preview:-1"},"canonical":"https:\/\/www.renouvelle.be\/fr\/france-mise-en-service-officielle-dun-premier-parc-eolien-flottant\/","og_locale":"fr_FR","og_type":"article","og_title":"France\u00a0: mise en service officielle d\u2019un premier parc \u00e9olien flottant - Renouvelle","og_description":"Provence Grand Large, le tout premier parc \u00e9olien flottant de France a \u00e9t\u00e9 officiellement mis en service au large du Golfe de Fos.","og_url":"https:\/\/www.renouvelle.be\/fr\/france-mise-en-service-officielle-dun-premier-parc-eolien-flottant\/","og_site_name":"Renouvelle","article_published_time":"2025-06-12T13:46:24+00:00","article_modified_time":"2025-06-13T10:19:57+00:00","og_image":[{"width":1024,"height":575,"url":"https:\/\/www.renouvelle.be\/wp-content\/uploads\/2025\/06\/EOLIEN-EN-MER_PROVENCE-GRAND-LARGE_FRANCE_2023_3_EDF-1024x575-1.jpg","type":"image\/jpeg"}],"author":"Samuel Alves","twitter_card":"summary_large_image","schema":{"@context":"https:\/\/schema.org","@graph":[{"@type":"Article","@id":"https:\/\/www.renouvelle.be\/fr\/france-mise-en-service-officielle-dun-premier-parc-eolien-flottant\/#article","isPartOf":{"@id":"https:\/\/www.renouvelle.be\/fr\/france-mise-en-service-officielle-dun-premier-parc-eolien-flottant\/"},"author":{"name":"Samuel Alves","@id":"https:\/\/www.renouvelle.be\/fr\/#\/schema\/person\/d80a3b0a9adb0ea8a0a381df27edcd74"},"headline":"France\u00a0: mise en service officielle d\u2019un premier parc \u00e9olien flottant","datePublished":"2025-06-12T13:46:24+00:00","dateModified":"2025-06-13T10:19:57+00:00","mainEntityOfPage":{"@id":"https:\/\/www.renouvelle.be\/fr\/france-mise-en-service-officielle-dun-premier-parc-eolien-flottant\/"},"wordCount":285,"image":{"@id":"https:\/\/www.renouvelle.be\/fr\/france-mise-en-service-officielle-dun-premier-parc-eolien-flottant\/#primaryimage"},"thumbnailUrl":"https:\/\/www.renouvelle.be\/wp-content\/uploads\/2025\/06\/EOLIEN-EN-MER_PROVENCE-GRAND-LARGE_FRANCE_2023_3_EDF-1024x575-1.jpg","articleSection":["Actualit\u00e9","Actualit\u00e9 internationale"],"inLanguage":"fr-FR"},{"@type":"WebPage","@id":"https:\/\/www.renouvelle.be\/fr\/france-mise-en-service-officielle-dun-premier-parc-eolien-flottant\/","url":"https:\/\/www.renouvelle.be\/fr\/france-mise-en-service-officielle-dun-premier-parc-eolien-flottant\/","name":"France\u00a0: mise en service officielle d\u2019un premier parc \u00e9olien flottant - Renouvelle","isPartOf":{"@id":"https:\/\/www.renouvelle.be\/fr\/#website"},"primaryImageOfPage":{"@id":"https:\/\/www.renouvelle.be\/fr\/france-mise-en-service-officielle-dun-premier-parc-eolien-flottant\/#primaryimage"},"image":{"@id":"https:\/\/www.renouvelle.be\/fr\/france-mise-en-service-officielle-dun-premier-parc-eolien-flottant\/#primaryimage"},"thumbnailUrl":"https:\/\/www.renouvelle.be\/wp-content\/uploads\/2025\/06\/EOLIEN-EN-MER_PROVENCE-GRAND-LARGE_FRANCE_2023_3_EDF-1024x575-1.jpg","datePublished":"2025-06-12T13:46:24+00:00","dateModified":"2025-06-13T10:19:57+00:00","author":{"@id":"https:\/\/www.renouvelle.be\/fr\/#\/schema\/person\/d80a3b0a9adb0ea8a0a381df27edcd74"},"description":"Provence Grand Large, le tout premier parc \u00e9olien flottant de France a \u00e9t\u00e9 officiellement mis en service au large du Golfe de Fos.","breadcrumb":{"@id":"https:\/\/www.renouvelle.be\/fr\/france-mise-en-service-officielle-dun-premier-parc-eolien-flottant\/#breadcrumb"},"inLanguage":"fr-FR","potentialAction":[{"@type":"ReadAction","target":["https:\/\/www.renouvelle.be\/fr\/france-mise-en-service-officielle-dun-premier-parc-eolien-flottant\/"]}]},{"@type":"ImageObject","inLanguage":"fr-FR","@id":"https:\/\/www.renouvelle.be\/fr\/france-mise-en-service-officielle-dun-premier-parc-eolien-flottant\/#primaryimage","url":"https:\/\/www.renouvelle.be\/wp-content\/uploads\/2025\/06\/EOLIEN-EN-MER_PROVENCE-GRAND-LARGE_FRANCE_2023_3_EDF-1024x575-1.jpg","contentUrl":"https:\/\/www.renouvelle.be\/wp-content\/uploads\/2025\/06\/EOLIEN-EN-MER_PROVENCE-GRAND-LARGE_FRANCE_2023_3_EDF-1024x575-1.jpg","width":1024,"height":575,"caption":"Image : Provence Grand Large \/ EDF Renouvelables"},{"@type":"BreadcrumbList","@id":"https:\/\/www.renouvelle.be\/fr\/france-mise-en-service-officielle-dun-premier-parc-eolien-flottant\/#breadcrumb","itemListElement":[{"@type":"ListItem","position":1,"name":"Accueil","item":"https:\/\/www.renouvelle.be\/fr\/"},{"@type":"ListItem","position":2,"name":"France\u00a0: mise en service officielle d\u2019un premier parc \u00e9olien flottant"}]},{"@type":"WebSite","@id":"https:\/\/www.renouvelle.be\/fr\/#website","url":"https:\/\/www.renouvelle.be\/fr\/","name":"Renouvelle","description":"L&#039;actualit\u00e9 de l&#039;\u00e9nergie durable","potentialAction":[{"@type":"SearchAction","target":{"@type":"EntryPoint","urlTemplate":"https:\/\/www.renouvelle.be\/fr\/?s={search_term_string}"},"query-input":{"@type":"PropertyValueSpecification","valueRequired":true,"valueName":"search_term_string"}}],"inLanguage":"fr-FR"},{"@type":"Person","@id":"https:\/\/www.renouvelle.be\/fr\/#\/schema\/person\/d80a3b0a9adb0ea8a0a381df27edcd74","name":"Samuel Alves","url":"https:\/\/www.renouvelle.be\/fr\/author\/salves\/"}]}},"_links":{"self":[{"href":"https:\/\/www.renouvelle.be\/fr\/wp-json\/wp\/v2\/posts\/15235","targetHints":{"allow":["GET"]}}],"collection":[{"href":"https:\/\/www.renouvelle.be\/fr\/wp-json\/wp\/v2\/posts"}],"about":[{"href":"https:\/\/www.renouvelle.be\/fr\/wp-json\/wp\/v2\/types\/post"}],"author":[{"embeddable":true,"href":"https:\/\/www.renouvelle.be\/fr\/wp-json\/wp\/v2\/users\/38"}],"replies":[{"embeddable":true,"href":"https:\/\/www.renouvelle.be\/fr\/wp-json\/wp\/v2\/comments?post=15235"}],"version-history":[{"count":6,"href":"https:\/\/www.renouvelle.be\/fr\/wp-json\/wp\/v2\/posts\/15235\/revisions"}],"predecessor-version":[{"id":15245,"href":"https:\/\/www.renouvelle.be\/fr\/wp-json\/wp\/v2\/posts\/15235\/revisions\/15245"}],"wp:featuredmedia":[{"embeddable":true,"href":"https:\/\/www.renouvelle.be\/fr\/wp-json\/wp\/v2\/media\/15238"}],"wp:attachment":[{"href":"https:\/\/www.renouvelle.be\/fr\/wp-json\/wp\/v2\/media?parent=15235"}],"wp:term":[{"taxonomy":"category","embeddable":true,"href":"https:\/\/www.renouvelle.be\/fr\/wp-json\/wp\/v2\/categories?post=15235"},{"taxonomy":"post_tag","embeddable":true,"href":"https:\/\/www.renouvelle.be\/fr\/wp-json\/wp\/v2\/tags?post=15235"},{"taxonomy":"section","embeddable":true,"href":"https:\/\/www.renouvelle.be\/fr\/wp-json\/wp\/v2\/section?post=15235"}],"curies":[{"name":"wp","href":"https:\/\/api.w.org\/{rel}","templated":true}]}}