{"id":15222,"date":"2025-06-10T15:04:38","date_gmt":"2025-06-10T13:04:38","guid":{"rendered":"https:\/\/www.renouvelle.be\/?p=15222"},"modified":"2025-06-10T15:04:41","modified_gmt":"2025-06-10T13:04:41","slug":"des-panneaux-photovoltaiques-pour-alimenter-les-trains-en-suisse","status":"publish","type":"post","link":"https:\/\/www.renouvelle.be\/fr\/des-panneaux-photovoltaiques-pour-alimenter-les-trains-en-suisse\/","title":{"rendered":"Des panneaux photovolta\u00efques pour alimenter les trains en Suisse ?"},"content":{"rendered":"\n<p>Et si on parvenait \u00e0 boucler la boucle en faisant rouler les trains gr\u00e2ce \u00e0 de l\u2019\u00e9lectricit\u00e9 produite \u00e0 m\u00eame les chemins de fer\u00a0? Pas gr\u00e2ce \u00e0 des panneaux photovolta\u00efques install\u00e9s le <a href=\"https:\/\/www.renouvelle.be\/fr\/photovoltaique-bifacial-voies-ferrees-des-tests-en-europe\/\">long des voies<\/a>, comme il nous viendrait logiquement \u00e0 l\u2019esprit, mais bien sur celles-ci. Et pourquoi ne pas carr\u00e9ment ces panneaux photovolta\u00efques entre les rails\u00a0? Ce qui ressemble \u00e0 un challenge farfelu et techniquement compliqu\u00e9, Sun-Ways veut le relever.<\/p>\n\n\n\n<p>En effet, la start-up suisse est l\u2019origine d\u2019un tout nouveau syst\u00e8me de panneaux photovolta\u00efques dont le test du projet pilote vient d\u2019\u00eatre lanc\u00e9, pour une dur\u00e9e de trois ans, \u00e0 Buttes, dans le canton de Neuch\u00e2tel. Bien s\u00fbr, nous n\u2019en sommes pas au premier essai de pareilles technologies alors pourquoi parle-t-on de premi\u00e8re mondiale&nbsp;? Les panneaux photovolta\u00efques d\u00e9velopp\u00e9s par Sun-Ways ont une sp\u00e9cificit\u00e9 tr\u00e8s accommandante&nbsp;: ils sont amovibles. Sans clous ni vis, ils peuvent \u00eatre enlev\u00e9s et d\u00e9plac\u00e9s plus facilement et notamment en cas d\u2019op\u00e9rations de maintenances des chemins ferroviaires, par exemple.<\/p>\n\n\n\n<p>Une innovation qui tombe \u00e0 point puisque les pr\u00e9visions concernant le d\u00e9ploiement de l\u2019\u00e9nergie photovolta\u00efque en annoncent une importante expansion dans les ann\u00e9es \u00e0 venir, faisant des espaces disponibles, propices aux installations, des biens pr\u00e9cieux. Un syst\u00e8me comme celui de Sun-Ways a \u00e9galement l\u2019avantage de ne pas avoir d\u2019impact visuel&nbsp;ou environnemental \u00e9tant donn\u00e9 qu\u2019il s\u2019additionne \u00e0 des infrastructures d\u00e9j\u00e0 existantes.<\/p>\n\n\n\n<p>Un <a href=\"https:\/\/www.sun-ways.ch\/blank-2\" target=\"_blank\" rel=\"noreferrer noopener\">premier essai<\/a> est donc en phase test \u00e0 Buttes o\u00f9 48 panneaux photovolta\u00efques de 380W ont \u00e9t\u00e9 install\u00e9s sur une section de 100 m\u00e8tres entre des rails. La puissance install\u00e9e est de 18 kWc pour une production annuelle estim\u00e9e \u00e0 16000 kWh. Dans un premier temps, l\u2019\u00e9lectricit\u00e9 produite sera inject\u00e9e directement dans le r\u00e9seau local, le but de cette exp\u00e9rience \u00e9tant d\u2019atteindre l\u2019autoconsommation ferroviaire.<\/p>\n\n\n\n<p>Source image d&rsquo;en-t\u00eate : Sun-Ways<\/p>\n","protected":false},"excerpt":{"rendered":"<p>Et si on parvenait \u00e0 boucler la boucle en faisant rouler les trains gr\u00e2ce \u00e0 de l\u2019\u00e9lectricit\u00e9 produite \u00e0 m\u00eame les chemins de fer\u00a0? Pas gr\u00e2ce \u00e0 des panneaux photovolta\u00efques install\u00e9s le long des voies, comme il nous viendrait logiquement \u00e0 l\u2019esprit, mais bien sur celles-ci. Et pourquoi ne pas carr\u00e9ment ces panneaux photovolta\u00efques entre les rails\u00a0? Ce qui ressemble \u00e0 un challenge farfelu et techniquement compliqu\u00e9, Sun-Ways veut le relever. En effet, la start-up suisse est l\u2019origine d\u2019un tout nouveau syst\u00e8me de panneaux photovolta\u00efques dont le test du projet pilote vient d\u2019\u00eatre lanc\u00e9, pour une dur\u00e9e de trois ans, \u00e0 Buttes, dans le canton de Neuch\u00e2tel. Bien s\u00fbr, nous n\u2019en sommes pas au premier essai de pareilles technologies alors pourquoi parle-t-on de premi\u00e8re mondiale&nbsp;? Les panneaux photovolta\u00efques d\u00e9velopp\u00e9s par Sun-Ways ont une sp\u00e9cificit\u00e9 tr\u00e8s accommandante&nbsp;: ils sont amovibles. Sans clous ni vis, ils peuvent \u00eatre enlev\u00e9s et d\u00e9plac\u00e9s plus facilement et notamment en cas d\u2019op\u00e9rations de maintenances des chemins ferroviaires, par exemple. Une innovation qui tombe \u00e0 point puisque les pr\u00e9visions concernant le d\u00e9ploiement de l\u2019\u00e9nergie photovolta\u00efque en annoncent une importante expansion dans les ann\u00e9es \u00e0 venir, faisant des espaces disponibles, propices aux installations, des biens pr\u00e9cieux. Un syst\u00e8me comme celui de Sun-Ways a \u00e9galement l\u2019avantage de ne pas avoir d\u2019impact visuel&nbsp;ou environnemental \u00e9tant donn\u00e9 qu\u2019il s\u2019additionne \u00e0 des infrastructures d\u00e9j\u00e0 existantes. Un premier essai est donc en phase test \u00e0 Buttes o\u00f9 48 panneaux photovolta\u00efques de 380W ont \u00e9t\u00e9 install\u00e9s sur une section de 100 m\u00e8tres entre des rails. La puissance install\u00e9e est de 18 kWc pour une production annuelle estim\u00e9e \u00e0 16000 kWh. Dans un premier temps, l\u2019\u00e9lectricit\u00e9 produite sera inject\u00e9e directement dans le r\u00e9seau local, le but de cette exp\u00e9rience \u00e9tant d\u2019atteindre l\u2019autoconsommation ferroviaire. Source image &hellip; <a href=\"https:\/\/www.renouvelle.be\/fr\/des-panneaux-photovoltaiques-pour-alimenter-les-trains-en-suisse\/\" class=\"more-link\">Continue reading<span class=\"screen-reader-text\"> \u00ab\u00a0Des panneaux photovolta\u00efques pour alimenter les trains en Suisse ?\u00a0\u00bb<\/span><\/a><\/p>\n","protected":false},"author":38,"featured_media":15229,"comment_status":"closed","ping_status":"closed","sticky":false,"template":"","format":"standard","meta":{"_acf_changed":false,"footnotes":""},"categories":[16,18],"tags":[],"section":[8,13,12],"class_list":["post-15222","post","type-post","status-publish","format-standard","has-post-thumbnail","hentry","category-actualite","category-actualite-internationale","section-energie-renouvelables","section-solaire","section-mobilite"],"acf":[],"yoast_head":"<!-- This site is optimized with the Yoast SEO plugin v27.5 - https:\/\/yoast.com\/product\/yoast-seo-wordpress\/ -->\n<title>Des panneaux photovolta\u00efques pour alimenter les trains en Suisse ? - Renouvelle<\/title>\n<meta name=\"description\" content=\"Les trains circuleront-ils bient\u00f4t gr\u00e2ce \u00e0 l&#039;\u00e9lectricit\u00e9 produite par des panneaux photovolta\u00efques entre les rails des voies ferr\u00e9es ?\" \/>\n<meta name=\"robots\" content=\"index, follow, max-snippet:-1, max-image-preview:large, max-video-preview:-1\" \/>\n<link rel=\"canonical\" href=\"https:\/\/www.renouvelle.be\/fr\/des-panneaux-photovoltaiques-pour-alimenter-les-trains-en-suisse\/\" \/>\n<meta property=\"og:locale\" content=\"fr_FR\" \/>\n<meta property=\"og:type\" content=\"article\" \/>\n<meta property=\"og:title\" content=\"Des panneaux photovolta\u00efques pour alimenter les trains en Suisse ? - Renouvelle\" \/>\n<meta property=\"og:description\" content=\"Les trains circuleront-ils bient\u00f4t gr\u00e2ce \u00e0 l&#039;\u00e9lectricit\u00e9 produite par des panneaux photovolta\u00efques entre les rails des voies ferr\u00e9es ?\" \/>\n<meta property=\"og:url\" content=\"https:\/\/www.renouvelle.be\/fr\/des-panneaux-photovoltaiques-pour-alimenter-les-trains-en-suisse\/\" \/>\n<meta property=\"og:site_name\" content=\"Renouvelle\" \/>\n<meta property=\"article:published_time\" content=\"2025-06-10T13:04:38+00:00\" \/>\n<meta property=\"article:modified_time\" content=\"2025-06-10T13:04:41+00:00\" \/>\n<meta property=\"og:image\" content=\"https:\/\/www.renouvelle.be\/wp-content\/uploads\/2025\/06\/panneaux_photovoltaiques_rails-1024x638.png\" \/>\n\t<meta property=\"og:image:width\" content=\"1024\" \/>\n\t<meta property=\"og:image:height\" content=\"638\" \/>\n\t<meta property=\"og:image:type\" content=\"image\/png\" \/>\n<meta name=\"author\" content=\"Samuel Alves\" \/>\n<meta name=\"twitter:card\" content=\"summary_large_image\" \/>\n<script type=\"application\/ld+json\" class=\"yoast-schema-graph\">{\"@context\":\"https:\\\/\\\/schema.org\",\"@graph\":[{\"@type\":\"Article\",\"@id\":\"https:\\\/\\\/www.renouvelle.be\\\/fr\\\/des-panneaux-photovoltaiques-pour-alimenter-les-trains-en-suisse\\\/#article\",\"isPartOf\":{\"@id\":\"https:\\\/\\\/www.renouvelle.be\\\/fr\\\/des-panneaux-photovoltaiques-pour-alimenter-les-trains-en-suisse\\\/\"},\"author\":{\"name\":\"Samuel Alves\",\"@id\":\"https:\\\/\\\/www.renouvelle.be\\\/fr\\\/#\\\/schema\\\/person\\\/9d743366fb269eeceaa8d60e98d289d3\"},\"headline\":\"Des panneaux photovolta\u00efques pour alimenter les trains en Suisse ?\",\"datePublished\":\"2025-06-10T13:04:38+00:00\",\"dateModified\":\"2025-06-10T13:04:41+00:00\",\"mainEntityOfPage\":{\"@id\":\"https:\\\/\\\/www.renouvelle.be\\\/fr\\\/des-panneaux-photovoltaiques-pour-alimenter-les-trains-en-suisse\\\/\"},\"wordCount\":344,\"image\":{\"@id\":\"https:\\\/\\\/www.renouvelle.be\\\/fr\\\/des-panneaux-photovoltaiques-pour-alimenter-les-trains-en-suisse\\\/#primaryimage\"},\"thumbnailUrl\":\"https:\\\/\\\/www.renouvelle.be\\\/wp-content\\\/uploads\\\/2025\\\/06\\\/panneaux_photovoltaiques_rails.png\",\"articleSection\":[\"Actualit\u00e9\",\"Actualit\u00e9 internationale\"],\"inLanguage\":\"fr-FR\"},{\"@type\":\"WebPage\",\"@id\":\"https:\\\/\\\/www.renouvelle.be\\\/fr\\\/des-panneaux-photovoltaiques-pour-alimenter-les-trains-en-suisse\\\/\",\"url\":\"https:\\\/\\\/www.renouvelle.be\\\/fr\\\/des-panneaux-photovoltaiques-pour-alimenter-les-trains-en-suisse\\\/\",\"name\":\"Des panneaux photovolta\u00efques pour alimenter les trains en Suisse ? - Renouvelle\",\"isPartOf\":{\"@id\":\"https:\\\/\\\/www.renouvelle.be\\\/fr\\\/#website\"},\"primaryImageOfPage\":{\"@id\":\"https:\\\/\\\/www.renouvelle.be\\\/fr\\\/des-panneaux-photovoltaiques-pour-alimenter-les-trains-en-suisse\\\/#primaryimage\"},\"image\":{\"@id\":\"https:\\\/\\\/www.renouvelle.be\\\/fr\\\/des-panneaux-photovoltaiques-pour-alimenter-les-trains-en-suisse\\\/#primaryimage\"},\"thumbnailUrl\":\"https:\\\/\\\/www.renouvelle.be\\\/wp-content\\\/uploads\\\/2025\\\/06\\\/panneaux_photovoltaiques_rails.png\",\"datePublished\":\"2025-06-10T13:04:38+00:00\",\"dateModified\":\"2025-06-10T13:04:41+00:00\",\"author\":{\"@id\":\"https:\\\/\\\/www.renouvelle.be\\\/fr\\\/#\\\/schema\\\/person\\\/9d743366fb269eeceaa8d60e98d289d3\"},\"description\":\"Les trains circuleront-ils bient\u00f4t gr\u00e2ce \u00e0 l'\u00e9lectricit\u00e9 produite par des panneaux photovolta\u00efques entre les rails des voies ferr\u00e9es ?\",\"breadcrumb\":{\"@id\":\"https:\\\/\\\/www.renouvelle.be\\\/fr\\\/des-panneaux-photovoltaiques-pour-alimenter-les-trains-en-suisse\\\/#breadcrumb\"},\"inLanguage\":\"fr-FR\",\"potentialAction\":[{\"@type\":\"ReadAction\",\"target\":[\"https:\\\/\\\/www.renouvelle.be\\\/fr\\\/des-panneaux-photovoltaiques-pour-alimenter-les-trains-en-suisse\\\/\"]}]},{\"@type\":\"ImageObject\",\"inLanguage\":\"fr-FR\",\"@id\":\"https:\\\/\\\/www.renouvelle.be\\\/fr\\\/des-panneaux-photovoltaiques-pour-alimenter-les-trains-en-suisse\\\/#primaryimage\",\"url\":\"https:\\\/\\\/www.renouvelle.be\\\/wp-content\\\/uploads\\\/2025\\\/06\\\/panneaux_photovoltaiques_rails.png\",\"contentUrl\":\"https:\\\/\\\/www.renouvelle.be\\\/wp-content\\\/uploads\\\/2025\\\/06\\\/panneaux_photovoltaiques_rails.png\",\"width\":1528,\"height\":952,\"caption\":\"panneaux photovolta\u00efques rails\"},{\"@type\":\"BreadcrumbList\",\"@id\":\"https:\\\/\\\/www.renouvelle.be\\\/fr\\\/des-panneaux-photovoltaiques-pour-alimenter-les-trains-en-suisse\\\/#breadcrumb\",\"itemListElement\":[{\"@type\":\"ListItem\",\"position\":1,\"name\":\"Accueil\",\"item\":\"https:\\\/\\\/www.renouvelle.be\\\/fr\\\/\"},{\"@type\":\"ListItem\",\"position\":2,\"name\":\"Des panneaux photovolta\u00efques pour alimenter les trains en Suisse ?\"}]},{\"@type\":\"WebSite\",\"@id\":\"https:\\\/\\\/www.renouvelle.be\\\/fr\\\/#website\",\"url\":\"https:\\\/\\\/www.renouvelle.be\\\/fr\\\/\",\"name\":\"Renouvelle\",\"description\":\"L&#039;actualit\u00e9 de l&#039;\u00e9nergie durable\",\"potentialAction\":[{\"@type\":\"SearchAction\",\"target\":{\"@type\":\"EntryPoint\",\"urlTemplate\":\"https:\\\/\\\/www.renouvelle.be\\\/fr\\\/?s={search_term_string}\"},\"query-input\":{\"@type\":\"PropertyValueSpecification\",\"valueRequired\":true,\"valueName\":\"search_term_string\"}}],\"inLanguage\":\"fr-FR\"},{\"@type\":\"Person\",\"@id\":\"https:\\\/\\\/www.renouvelle.be\\\/fr\\\/#\\\/schema\\\/person\\\/9d743366fb269eeceaa8d60e98d289d3\",\"name\":\"Samuel Alves\",\"url\":\"https:\\\/\\\/www.renouvelle.be\\\/fr\\\/author\\\/salves\\\/\"}]}<\/script>\n<!-- \/ Yoast SEO plugin. -->","yoast_head_json":{"title":"Des panneaux photovolta\u00efques pour alimenter les trains en Suisse ? - Renouvelle","description":"Les trains circuleront-ils bient\u00f4t gr\u00e2ce \u00e0 l'\u00e9lectricit\u00e9 produite par des panneaux photovolta\u00efques entre les rails des voies ferr\u00e9es ?","robots":{"index":"index","follow":"follow","max-snippet":"max-snippet:-1","max-image-preview":"max-image-preview:large","max-video-preview":"max-video-preview:-1"},"canonical":"https:\/\/www.renouvelle.be\/fr\/des-panneaux-photovoltaiques-pour-alimenter-les-trains-en-suisse\/","og_locale":"fr_FR","og_type":"article","og_title":"Des panneaux photovolta\u00efques pour alimenter les trains en Suisse ? - Renouvelle","og_description":"Les trains circuleront-ils bient\u00f4t gr\u00e2ce \u00e0 l'\u00e9lectricit\u00e9 produite par des panneaux photovolta\u00efques entre les rails des voies ferr\u00e9es ?","og_url":"https:\/\/www.renouvelle.be\/fr\/des-panneaux-photovoltaiques-pour-alimenter-les-trains-en-suisse\/","og_site_name":"Renouvelle","article_published_time":"2025-06-10T13:04:38+00:00","article_modified_time":"2025-06-10T13:04:41+00:00","og_image":[{"width":1024,"height":638,"url":"https:\/\/www.renouvelle.be\/wp-content\/uploads\/2025\/06\/panneaux_photovoltaiques_rails-1024x638.png","type":"image\/png"}],"author":"Samuel Alves","twitter_card":"summary_large_image","schema":{"@context":"https:\/\/schema.org","@graph":[{"@type":"Article","@id":"https:\/\/www.renouvelle.be\/fr\/des-panneaux-photovoltaiques-pour-alimenter-les-trains-en-suisse\/#article","isPartOf":{"@id":"https:\/\/www.renouvelle.be\/fr\/des-panneaux-photovoltaiques-pour-alimenter-les-trains-en-suisse\/"},"author":{"name":"Samuel Alves","@id":"https:\/\/www.renouvelle.be\/fr\/#\/schema\/person\/9d743366fb269eeceaa8d60e98d289d3"},"headline":"Des panneaux photovolta\u00efques pour alimenter les trains en Suisse ?","datePublished":"2025-06-10T13:04:38+00:00","dateModified":"2025-06-10T13:04:41+00:00","mainEntityOfPage":{"@id":"https:\/\/www.renouvelle.be\/fr\/des-panneaux-photovoltaiques-pour-alimenter-les-trains-en-suisse\/"},"wordCount":344,"image":{"@id":"https:\/\/www.renouvelle.be\/fr\/des-panneaux-photovoltaiques-pour-alimenter-les-trains-en-suisse\/#primaryimage"},"thumbnailUrl":"https:\/\/www.renouvelle.be\/wp-content\/uploads\/2025\/06\/panneaux_photovoltaiques_rails.png","articleSection":["Actualit\u00e9","Actualit\u00e9 internationale"],"inLanguage":"fr-FR"},{"@type":"WebPage","@id":"https:\/\/www.renouvelle.be\/fr\/des-panneaux-photovoltaiques-pour-alimenter-les-trains-en-suisse\/","url":"https:\/\/www.renouvelle.be\/fr\/des-panneaux-photovoltaiques-pour-alimenter-les-trains-en-suisse\/","name":"Des panneaux photovolta\u00efques pour alimenter les trains en Suisse ? - Renouvelle","isPartOf":{"@id":"https:\/\/www.renouvelle.be\/fr\/#website"},"primaryImageOfPage":{"@id":"https:\/\/www.renouvelle.be\/fr\/des-panneaux-photovoltaiques-pour-alimenter-les-trains-en-suisse\/#primaryimage"},"image":{"@id":"https:\/\/www.renouvelle.be\/fr\/des-panneaux-photovoltaiques-pour-alimenter-les-trains-en-suisse\/#primaryimage"},"thumbnailUrl":"https:\/\/www.renouvelle.be\/wp-content\/uploads\/2025\/06\/panneaux_photovoltaiques_rails.png","datePublished":"2025-06-10T13:04:38+00:00","dateModified":"2025-06-10T13:04:41+00:00","author":{"@id":"https:\/\/www.renouvelle.be\/fr\/#\/schema\/person\/9d743366fb269eeceaa8d60e98d289d3"},"description":"Les trains circuleront-ils bient\u00f4t gr\u00e2ce \u00e0 l'\u00e9lectricit\u00e9 produite par des panneaux photovolta\u00efques entre les rails des voies ferr\u00e9es ?","breadcrumb":{"@id":"https:\/\/www.renouvelle.be\/fr\/des-panneaux-photovoltaiques-pour-alimenter-les-trains-en-suisse\/#breadcrumb"},"inLanguage":"fr-FR","potentialAction":[{"@type":"ReadAction","target":["https:\/\/www.renouvelle.be\/fr\/des-panneaux-photovoltaiques-pour-alimenter-les-trains-en-suisse\/"]}]},{"@type":"ImageObject","inLanguage":"fr-FR","@id":"https:\/\/www.renouvelle.be\/fr\/des-panneaux-photovoltaiques-pour-alimenter-les-trains-en-suisse\/#primaryimage","url":"https:\/\/www.renouvelle.be\/wp-content\/uploads\/2025\/06\/panneaux_photovoltaiques_rails.png","contentUrl":"https:\/\/www.renouvelle.be\/wp-content\/uploads\/2025\/06\/panneaux_photovoltaiques_rails.png","width":1528,"height":952,"caption":"panneaux photovolta\u00efques rails"},{"@type":"BreadcrumbList","@id":"https:\/\/www.renouvelle.be\/fr\/des-panneaux-photovoltaiques-pour-alimenter-les-trains-en-suisse\/#breadcrumb","itemListElement":[{"@type":"ListItem","position":1,"name":"Accueil","item":"https:\/\/www.renouvelle.be\/fr\/"},{"@type":"ListItem","position":2,"name":"Des panneaux photovolta\u00efques pour alimenter les trains en Suisse ?"}]},{"@type":"WebSite","@id":"https:\/\/www.renouvelle.be\/fr\/#website","url":"https:\/\/www.renouvelle.be\/fr\/","name":"Renouvelle","description":"L&#039;actualit\u00e9 de l&#039;\u00e9nergie durable","potentialAction":[{"@type":"SearchAction","target":{"@type":"EntryPoint","urlTemplate":"https:\/\/www.renouvelle.be\/fr\/?s={search_term_string}"},"query-input":{"@type":"PropertyValueSpecification","valueRequired":true,"valueName":"search_term_string"}}],"inLanguage":"fr-FR"},{"@type":"Person","@id":"https:\/\/www.renouvelle.be\/fr\/#\/schema\/person\/9d743366fb269eeceaa8d60e98d289d3","name":"Samuel Alves","url":"https:\/\/www.renouvelle.be\/fr\/author\/salves\/"}]}},"_links":{"self":[{"href":"https:\/\/www.renouvelle.be\/fr\/wp-json\/wp\/v2\/posts\/15222","targetHints":{"allow":["GET"]}}],"collection":[{"href":"https:\/\/www.renouvelle.be\/fr\/wp-json\/wp\/v2\/posts"}],"about":[{"href":"https:\/\/www.renouvelle.be\/fr\/wp-json\/wp\/v2\/types\/post"}],"author":[{"embeddable":true,"href":"https:\/\/www.renouvelle.be\/fr\/wp-json\/wp\/v2\/users\/38"}],"replies":[{"embeddable":true,"href":"https:\/\/www.renouvelle.be\/fr\/wp-json\/wp\/v2\/comments?post=15222"}],"version-history":[{"count":9,"href":"https:\/\/www.renouvelle.be\/fr\/wp-json\/wp\/v2\/posts\/15222\/revisions"}],"predecessor-version":[{"id":15233,"href":"https:\/\/www.renouvelle.be\/fr\/wp-json\/wp\/v2\/posts\/15222\/revisions\/15233"}],"wp:featuredmedia":[{"embeddable":true,"href":"https:\/\/www.renouvelle.be\/fr\/wp-json\/wp\/v2\/media\/15229"}],"wp:attachment":[{"href":"https:\/\/www.renouvelle.be\/fr\/wp-json\/wp\/v2\/media?parent=15222"}],"wp:term":[{"taxonomy":"category","embeddable":true,"href":"https:\/\/www.renouvelle.be\/fr\/wp-json\/wp\/v2\/categories?post=15222"},{"taxonomy":"post_tag","embeddable":true,"href":"https:\/\/www.renouvelle.be\/fr\/wp-json\/wp\/v2\/tags?post=15222"},{"taxonomy":"section","embeddable":true,"href":"https:\/\/www.renouvelle.be\/fr\/wp-json\/wp\/v2\/section?post=15222"}],"curies":[{"name":"wp","href":"https:\/\/api.w.org\/{rel}","templated":true}]}}