{"id":15185,"date":"2025-06-05T10:11:06","date_gmt":"2025-06-05T08:11:06","guid":{"rendered":"https:\/\/www.renouvelle.be\/?p=15185"},"modified":"2025-06-05T12:25:42","modified_gmt":"2025-06-05T10:25:42","slug":"contrats-electricite-prix-dynamiques-bruxelles-wallonie","status":"publish","type":"post","link":"https:\/\/www.renouvelle.be\/fr\/contrats-electricite-prix-dynamiques-bruxelles-wallonie\/","title":{"rendered":"\u00c9lectricit\u00e9 : contrats \u00e0 prix dynamiques en Wallonie et \u00e0 Bruxelles"},"content":{"rendered":"\n<p>Les dates de lancement de ces contrats \u00e0 prix dynamiques d\u00e9pendront de chaque fournisseur mais la p\u00e9riode annonc\u00e9e s\u2019\u00e9tendra de juin \u00e0 novembre 2025. Elle viendra s\u2019ajouter aux deux autres tarifications actuelles&nbsp;:<\/p>\n\n\n\n<ul class=\"wp-block-list\">\n<li><strong>La fixe<\/strong> : prix de l\u2019\u00e9lectricit\u00e9 fix\u00e9 pendant un an et un peu plus \u00e9lev\u00e9 car il offre une garantie pour le client, qui se pr\u00e9munit contre le risque du march\u00e9.<\/li>\n\n\n\n<li><strong>La variable<\/strong> : prix de l\u2019\u00e9lectricit\u00e9 variant chaque mois ou chaque trimestre, calcul\u00e9 selon une formule bas\u00e9e sur un indice de march\u00e9 (par exemple : ENDEX 303, ENDEX 103, EPEX DAM, etc.).<\/li>\n<\/ul>\n\n\n\n<h2 class=\"wp-block-heading\"><strong>Mais alors, la tarification dynamique, c\u2019est quoi&nbsp;?<\/strong><\/h2>\n\n\n\n<p>Le contrat \u00e0 tarification dynamique est un syst\u00e8me o\u00f9 le prix de l&rsquo;\u00e9lectricit\u00e9 suit de pr\u00e8s celui du march\u00e9. Contrairement \u00e0 la <a href=\"https:\/\/www.renouvelle.be\/fr\/electricite-une-tarification-incitative-des-2026-en-wallonie\/\" target=\"_blank\" rel=\"noreferrer noopener\">tarification<\/a> variable, dont les prix sont calcul\u00e9s sur une moyenne mensuelle, les prix dynamiques changent chaque heure et chaque jour, avec les prix du lendemain publi\u00e9s entre 12h et 14h. Cela permet donc au client de connaitre les prix horaires \u00e0 l\u2019avance et de pouvoir adapter sa consommation, soit manuellement soit gr\u00e2ce \u00e0 des appareils de domotique ou autres syst\u00e8mes de pilotage intelligent.<\/p>\n\n\n\n<p>Pour pouvoir souscrire \u00e0 un tel contrat, il faudra disposer d\u2019un compteur \u00ab&nbsp;communicant&nbsp;\u00bb (ou \u00ab&nbsp;intelligent&nbsp;\u00bb), et que le r\u00e9gime de comptage SMR3 soit activ\u00e9 par le gestionnaire de r\u00e9seau de <a href=\"https:\/\/www.renouvelle.be\/fr\/facture-energie-hausse-des-tarifs-de-distribution-et-transport\/\" target=\"_blank\" rel=\"noreferrer noopener\">distribution<\/a> (GRD). Le SMR3 permet au GRD de transf\u00e9rer des donn\u00e9es, toutes les 15 minutes, au fournisseur du titulaire du compteur.<\/p>\n\n\n\n<h2 class=\"wp-block-heading\"><strong>Comment varient les prix dynamiques dans une m\u00eame journ\u00e9e ?<\/strong><\/h2>\n\n\n\n<p>Les prix de l\u2019\u00e9lectricit\u00e9 varient selon l\u2019offre et la demande&nbsp;: ils sont g\u00e9n\u00e9ralement bas lorsque la production renouvelable est \u00e9lev\u00e9e et la consommation faible, et \u00e9lev\u00e9s lorsque la production est faible et la demande importante.<\/p>\n\n\n\n<p>Ces prix peuvent parfois \u00eatre n\u00e9gatifs, ce qui peut para\u00eetre contre-intuitif, mais ils refl\u00e8tent un exc\u00e8s de production d\u2019\u00e9lectricit\u00e9, difficilement stockable, qu\u2019il faut consommer en temps r\u00e9el afin d\u2019\u00e9viter un d\u00e9s\u00e9quilibre du r\u00e9seau.<\/p>\n\n\n\n<p>En clair, il est possible de recevoir de l\u2019argent pour consommer de l&rsquo;\u00e9lectricit\u00e9 exc\u00e9dentaire, mais cela ne concerne que la composante \u00ab\u00a0\u00e9nergie\u00a0\u00bb (ou \u00ab\u00a0commodit\u00e9\u00a0\u00bb) du prix. Les frais de r\u00e9seau et les taxes f\u00e9d\u00e9rales restent dus et peuvent compenser ou annuler ce gain.<\/p>\n\n\n\n<p>Les prix d\u00e9pendront de plusieurs facteurs comme la demande qui varie en fonction de la saison, du jour de la semaine et de l\u2019heure de la journ\u00e9e. En hiver, la consommation d\u2019\u00e9lectricit\u00e9 en Belgique est environ 50% plus \u00e9lev\u00e9e qu\u2019en \u00e9t\u00e9, \u00e0 cause des besoins de chauffage, en partie \u00e9lectrifi\u00e9s. Pour les jours de la semaine, la demande est plus faible les week-ends et jours f\u00e9ri\u00e9s.<\/p>\n\n\n\n<p>Au cours de la journ\u00e9e, diff\u00e9rents pics influencent \u00e9galement les prix comme celui du matin, entre 7h et 10h, et celui du soir entre 18h et 21h. En milieu de journ\u00e9e, la consommation est mod\u00e9r\u00e9e (sans tenir compte de l&rsquo;autoconsommation des unit\u00e9s de production d\u00e9centralis\u00e9e comme les panneaux photovolta\u00efques). Enfin, c\u2019est pendant la nuit que la consommation est la plus basse.<\/p>\n\n\n\n<p>La production influence \u00e9galement les prix de l\u2019\u00e9lectricit\u00e9. Avec le mix \u00e9lectrique actuel, la production renouvelable est plus importante en \u00e9t\u00e9 qu&rsquo;en hiver. C\u2019est le photovolta\u00efque qui domine la production estivale, tandis qu\u2019en hiver c&rsquo;est l&rsquo;\u00e9olien. Le photovolta\u00efque est concentr\u00e9 en journ\u00e9e, avec un pic en milieu de journ\u00e9e. L&rsquo;\u00e9olien a tendance \u00e0 produire plus la nuit que la journ\u00e9e. Le nucl\u00e9aire belge fonctionne en continu et la variation de sa puissance est limit\u00e9e. Le solaire et l&rsquo;\u00e9olien ont donc une compl\u00e9mentarit\u00e9 assez forte.<\/p>\n\n\n\n<p>D\u2019autres facteurs jouent aussi un r\u00f4le comme les \u00e9changes d\u2019\u00e9lectricit\u00e9 transfrontaliers ou encore l\u2019indisponibilit\u00e9 d&rsquo;installations de production due \u00e0 la maintenance ou travaux dans des centrales, par exemple.<\/p>\n\n\n\n<p>Le graphe suivant montre les prix moyens du march\u00e9 \u00ab\u00a0day-ahead\u00a0\u00bb (autrement dit un jour \u00e0 l\u2019avance) sur trois p\u00e9riodes&nbsp;: la saison froide (novembre \u00e0 f\u00e9vrier), la saison chaude (avril \u00e0 septembre) et l&rsquo;inter saison (mars et octobre).<\/p>\n\n\n\n<figure class=\"wp-block-image size-large\"><img loading=\"lazy\" decoding=\"async\" width=\"1024\" height=\"502\" src=\"https:\/\/www.renouvelle.be\/wp-content\/uploads\/2025\/06\/prix_dynamiques_01-1024x502.png\" alt=\"prix dynamiques\" class=\"wp-image-15198\" srcset=\"https:\/\/www.renouvelle.be\/wp-content\/uploads\/2025\/06\/prix_dynamiques_01-1024x502.png 1024w, https:\/\/www.renouvelle.be\/wp-content\/uploads\/2025\/06\/prix_dynamiques_01-300x147.png 300w, https:\/\/www.renouvelle.be\/wp-content\/uploads\/2025\/06\/prix_dynamiques_01-768x377.png 768w, https:\/\/www.renouvelle.be\/wp-content\/uploads\/2025\/06\/prix_dynamiques_01-1200x588.png 1200w, https:\/\/www.renouvelle.be\/wp-content\/uploads\/2025\/06\/prix_dynamiques_01.png 1389w\" sizes=\"auto, (max-width: 1024px) 100vw, 1024px\" \/><figcaption class=\"wp-element-caption\">Source : Energie Commune<\/figcaption><\/figure>\n\n\n\n<p>Les diff\u00e9rences intra journali\u00e8res sont plus marqu\u00e9es en saison chaude du fait de la production photovolta\u00efque importante en milieu de journ\u00e9e.<\/p>\n\n\n\n<p>Mais il faut souligner que ces prix concernent la partie \u00ab\u00a0\u00e9nergie\u00a0\u00bb du kWh achet\u00e9. Pour obtenir le prix total de pr\u00e9l\u00e8vement, il faut ajouter : la cotisation \u00e9nergie verte, les frais de r\u00e9seau (transport et distribution) et les taxes f\u00e9d\u00e9rales (accises, obligations de services publics, \u2026)<\/p>\n\n\n\n<p>Ci-dessous, le m\u00eame graphe int\u00e9grant toutes les composantes. Lorsqu\u2019on regarde la situation dans son ensemble, les variations de prix dans une m\u00eame journ\u00e9e sont nettement moins spectaculaires. On remarque que les prix sont, en moyenne, assez souvent en-dessous du tarif normal moyen des fournisseurs d\u2019\u00e9nergie (30,4 c\u20ac\/kWh tout compris pour 2024). Mais&nbsp;cela ne garantit pas qu\u2019un consommateur soit capable de capter les prix en consommant au bon moment.<\/p>\n\n\n\n<figure class=\"wp-block-image size-large\"><img loading=\"lazy\" decoding=\"async\" width=\"1024\" height=\"499\" src=\"https:\/\/www.renouvelle.be\/wp-content\/uploads\/2025\/06\/prix_dynamiques_02-1024x499.png\" alt=\"prix dynamiques\" class=\"wp-image-15200\" srcset=\"https:\/\/www.renouvelle.be\/wp-content\/uploads\/2025\/06\/prix_dynamiques_02-1024x499.png 1024w, https:\/\/www.renouvelle.be\/wp-content\/uploads\/2025\/06\/prix_dynamiques_02-300x146.png 300w, https:\/\/www.renouvelle.be\/wp-content\/uploads\/2025\/06\/prix_dynamiques_02-768x375.png 768w, https:\/\/www.renouvelle.be\/wp-content\/uploads\/2025\/06\/prix_dynamiques_02-1200x585.png 1200w, https:\/\/www.renouvelle.be\/wp-content\/uploads\/2025\/06\/prix_dynamiques_02.png 1386w\" sizes=\"auto, (max-width: 1024px) 100vw, 1024px\" \/><figcaption class=\"wp-element-caption\">Source : Energie Commune<\/figcaption><\/figure>\n\n\n\n<h2 class=\"wp-block-heading\"><strong>Est-ce int\u00e9ressant \u00e9conomiquement ?<\/strong><\/h2>\n\n\n\n<p>Cela d\u00e9pend du profil de consommation et de sa flexibilit\u00e9, soit sa capacit\u00e9 \u00e0 d\u00e9placer des consommations dans le temps. Si une grande partie de la consommation a lieu (ou pourrait \u00eatre d\u00e9plac\u00e9e) lors des moments de la journ\u00e9e o\u00f9 l&rsquo;\u00e9lectricit\u00e9 est peu ch\u00e8re, alors cela peut \u00eatre int\u00e9ressant \u00e9conomiquement.<\/p>\n\n\n\n<p>Le contrat \u00e0 prix dynamiques est destin\u00e9 \u00e0 aux personnes connaissant bien leur consommation d\u2019\u00e9lectricit\u00e9 et les facteurs externes impactant son march\u00e9.<\/p>\n\n\n\n<p>Certains utilisateurs ont plus de potentiel de flexibilit\u00e9 du fait de leurs appareils \u00e9lectriques ou de leur emploi du temps. Voici quelques exemples&nbsp;:<\/p>\n\n\n\n<ul class=\"wp-block-list\">\n<li>Les propri\u00e9taires de voitures \u00e9lectriques ont g\u00e9n\u00e9ralement plus de latitude pour programmer la charge de leur v\u00e9hicule gr\u00e2ce \u00e0 des applications plus ou moins automatis\u00e9es.<\/li>\n\n\n\n<li>La production \u00e9lectrique d&rsquo;eau chaude sanitaire peut offrir une plus grande marge de man\u0153uvre pour capter des prix int\u00e9ressants.<\/li>\n\n\n\n<li>De m\u00eame, quelqu&rsquo;un qui est souvent en t\u00e9l\u00e9travail aura la possibilit\u00e9 de lancer des appareils \u00e9lectro-m\u00e9nagers en milieu de journ\u00e9e.<\/li>\n\n\n\n<li>Des commerces ayant des profils de consommation en ad\u00e9quation avec les prix plus bas peuvent y trouver un avantage.<\/li>\n\n\n\n<li>A contrario, une cuisini\u00e8re \u00e9lectrique permet peu de flexibilit\u00e9 lorsqu&rsquo;il s&rsquo;agit de cuisiner le repas du soir, qui est g\u00e9n\u00e9ralement un moment de la journ\u00e9e o\u00f9 l&rsquo;\u00e9lectricit\u00e9 est tr\u00e8s ch\u00e8re.<\/li>\n<\/ul>\n\n\n\n<p>Plus haut, nous avons analys\u00e9 les prix de la tarification dynamique, mais ce n\u2019est qu\u2019une partie de l\u2019analyse \u00e0 faire, car il faut estimer quels prix le consommateur va r\u00e9ellement \u00eatre en mesure d\u2019obtenir. Pour cela, il faut <strong>calculer la facture annuelle, en<\/strong> <strong>simulant un profil de consommation (quart-)horaire r\u00e9sidentiel<\/strong> et calculer pour chaque (quart d\u2019) heure le prix qu\u2019il devra payer pour son \u00e9lectricit\u00e9. Pour cet exercice, nous avons consid\u00e9r\u00e9 2500 kWh de consommation sans production \u00e9lectrique d&rsquo;eau chaude sanitaire, ni aucun autre appareil tr\u00e8s \u00e9nergivore (v\u00e9hicule \u00e9lectrique, pompe \u00e0 chaleur, \u2026). Au total, pour les prix de 2024, la tarification dynamique a engendr\u00e9 un surco\u00fbt de 2% par rapport \u00e0 la tarification variable pour ce profil.<\/p>\n\n\n\n<p>Cependant, il s&rsquo;agit d&rsquo;un profil de consommation qui n&rsquo;est pas forc\u00e9ment repr\u00e9sentatif de tous les m\u00e9nages. La vari\u00e9t\u00e9 de profils est importante selon les appareils \u00e9lectriques pr\u00e9sents et leur usage.<\/p>\n\n\n\n<p>D\u00e8s lors, nous avons simul\u00e9 quelques centaines de profils r\u00e9sidentiels vari\u00e9s et compar\u00e9 les factures entre un contrat \u00e0 prix variables et un contrat \u00e0 prix dynamiques. Nous avons observ\u00e9 une grande vari\u00e9t\u00e9 de r\u00e9sultats, ce qui est normal \u00e9tant donn\u00e9 la grande vari\u00e9t\u00e9 de profils de consommation au sein de la population belge&nbsp;:<\/p>\n\n\n\n<ul class=\"wp-block-list\">\n<li>D\u2019une part, la grande majorit\u00e9 des m\u00e9nages (80%) ont une variation nulle ou mod\u00e9r\u00e9e (entre -5 et +5%) de leur facture d\u2019\u00e9lectricit\u00e9.<\/li>\n\n\n\n<li>D\u2019autre part, environ 20% des m\u00e9nages voient leur facture augmenter de 5 \u00e0 17%.<\/li>\n<\/ul>\n\n\n\n<p>Il est important de souligner que les profils utilis\u00e9s n\u2019ont pas eu acc\u00e8s \u00e0 une tarification dynamique et n\u2019ont donc pas essay\u00e9 d\u2019adapter leur comportement aux heures les moins ch\u00e8res. Une partie des m\u00e9nages a une capacit\u00e9 d\u2019adaptation plus ou moins importante, mais ce n\u2019est pas le cas de tout le monde, les r\u00e9sultats de la tarification dynamique pourraient \u00eatre l\u00e9g\u00e8rement plus positifs en tenant compte de changements de comportements.<\/p>\n\n\n\n<p>Selon la <a href=\"https:\/\/www.creg.be\/fr\" target=\"_blank\" rel=\"noreferrer noopener\">CREG<\/a>, une mauvaise utilisation d\u2019un contrat \u00e0 prix dynamiques peut provoquer une hausse allant jusqu&rsquo;\u00e0 15% du co\u00fbt de la composante \u00e9nergie de la facture, ce qui corrobore les r\u00e9sultats obtenus dans nos simulations.<\/p>\n\n\n\n<h2 class=\"wp-block-heading\"><strong>Prix dynamiques&nbsp;: int\u00e9ressants si j\u2019ai des panneaux photovolta\u00efques sur mon toit ?<\/strong><\/h2>\n\n\n\n<p>Non, ce n&rsquo;est g\u00e9n\u00e9ralement pas un duo gagnant parce que cette tarification offre de grandes diff\u00e9rences de prix intra journali\u00e8res lorsqu&rsquo;il y a beaucoup de production photovolta\u00efque. D\u00e8s lors, si vous poss\u00e9dez des panneaux, vous ne pr\u00e9levez pas (ou tr\u00e8s peu) du r\u00e9seau lors de ces moments, le contrat \u00e0 prix dynamiques a donc peu d&rsquo;int\u00e9r\u00eat pour vous. De plus, lors de certaines p\u00e9riodes de forte production photovolta\u00efque (par exemple lors d\u2019une journ\u00e9e ensoleill\u00e9e pendant un week-end d\u2019\u00e9t\u00e9), vous devriez m\u00eame payer votre fournisseur pour l\u2019injection sur le r\u00e9seau.<\/p>\n\n\n\n<p>Les simulations que nous avons r\u00e9alis\u00e9es sur un grand nombre de profils de m\u00e9nages ayant des panneaux PV ont montr\u00e9 que plus de 99% d\u2019entre eux payaient plus cher avec un contrat dynamique. L\u2019augmentation m\u00e9diane sur la facture est de 20%, mais elle peut s\u2019approcher du doublement de la facture dans certains cas extr\u00eames.<\/p>\n\n\n\n<h2 class=\"wp-block-heading\"><strong>Quel r\u00f4le peuvent jouer les batteries domestiques pour b\u00e9n\u00e9ficier de l\u2019\u00e9lectricit\u00e9 lorsqu\u2019elle est bon march\u00e9&nbsp;?<\/strong><\/h2>\n\n\n\n<p>Si vous avez des panneaux photovolta\u00efques et une batterie domestique&nbsp;: la tarification dynamique ne sera certainement pas d\u2019un grand int\u00e9r\u00eat. Votre facture ne sera pas \u00e9norm\u00e9ment impact\u00e9e, du fait qu\u2019une partie d\u00e9j\u00e0 cons\u00e9quente de votre \u00e9lectricit\u00e9 provient de votre propre production et stockage. S\u2019il y en a un, le gain serait faible, mais \u00e9tant donn\u00e9 que cela d\u00e9pend fortement de votre profil de consommation, il y a des exceptions.<\/p>\n\n\n\n<p>Si vous n\u2019avez pas de panneaux photovolta\u00efques&nbsp;: une batterie domestique coupl\u00e9e \u00e0 un tarif dynamique n\u2019est pas tr\u00e8s int\u00e9ressante, car bien qu\u2019elle vous permette d\u2019avoir acc\u00e8s \u00e0 des kWh \u00e0 des prix avantageux, cette \u00e9lectricit\u00e9 stock\u00e9e subit des pertes \u00e9quivalentes \u00e0 25%.<\/p>\n\n\n\n<p>Par exemple, lors d\u2019une bonne journ\u00e9e, chaque kWh achet\u00e9 \u00e0 20 c\u20ac\/kWh (tout compris) et charg\u00e9 dans la batterie permettra de d\u00e9charger 0,75 kWh le soir-m\u00eame et \u00e9viter de pr\u00e9lever \u00e0 35 c\u20ac\/kWh du r\u00e9seau, soit un montant de 26 c\u20ac. D\u00e8s lors, vous avez r\u00e9alis\u00e9 une \u00e9conomie de 6c\u20ac pour ce kWh stock\u00e9 lors d\u2019une bonne journ\u00e9e d\u2019\u00e9t\u00e9. Cependant, de telles diff\u00e9rences de prix ne sont pas pr\u00e9sentes tous les jours de l\u2019ann\u00e9e. Lorsque l\u2019on fait les calculs pour une ann\u00e9e enti\u00e8re on remarque que les gains sont tr\u00e8s faibles (environ 100 \u20ac par an pour une batterie de 5 kWh et une consommation annuelle de 2500 kWh) en comparaison avec le montant \u00e0 investir dans une batterie (environ 2500 \u20ac pour 5 kWh \u00e0 la fin 2024) et sa dur\u00e9e de vie d\u2019environ 15 ans. Aujourd\u2019hui, cela n\u2019a pas beaucoup de sens, mais les circonstances pourraient \u00e9voluer.<\/p>\n\n\n\n<h2 class=\"wp-block-heading\"><strong>Conclusion<\/strong><\/h2>\n\n\n\n<p>La nouvelle tarification dynamique permet aux consommateurs r\u00e9sidentiels d\u2019avoir acc\u00e8s \u00e0 des prix plus proches de la r\u00e9alit\u00e9 du march\u00e9 de l\u2019\u00e9lectricit\u00e9. Opter pour ce type de contrat peut repr\u00e9senter une opportunit\u00e9 pour certains profils sp\u00e9cifiques de consommation ainsi qu\u2019\u00e0 des consommateurs ayant une bonne flexibilit\u00e9, c\u2019est-\u00e0-dire d\u00e9placer des consommations au bon moment. Cependant, elle peut repr\u00e9senter une augmentation de facture allant jusqu\u2019\u00e0 15% pour des profils inadapt\u00e9s ou peu flexibles. C\u2019est donc une tarification qui est r\u00e9serv\u00e9e pour des consommateurs qui ont une bonne connaissance de leur profil de consommation, qui ont des appareils \u00e9lectriques flexibles et qui ont une certaine compr\u00e9hension du march\u00e9 de l\u2019\u00e9lectricit\u00e9 et des facteurs qui l\u2019impactent.<\/p>\n","protected":false},"excerpt":{"rendered":"<p>Les dates de lancement de ces contrats \u00e0 prix dynamiques d\u00e9pendront de chaque fournisseur mais la p\u00e9riode annonc\u00e9e s\u2019\u00e9tendra de juin \u00e0 novembre 2025. Elle viendra s\u2019ajouter aux deux autres tarifications actuelles&nbsp;: Mais alors, la tarification dynamique, c\u2019est quoi&nbsp;? Le contrat \u00e0 tarification dynamique est un syst\u00e8me o\u00f9 le prix de l&rsquo;\u00e9lectricit\u00e9 suit de pr\u00e8s celui du march\u00e9. Contrairement \u00e0 la tarification variable, dont les prix sont calcul\u00e9s sur une moyenne mensuelle, les prix dynamiques changent chaque heure et chaque jour, avec les prix du lendemain publi\u00e9s entre 12h et 14h. Cela permet donc au client de connaitre les prix horaires \u00e0 l\u2019avance et de pouvoir adapter sa consommation, soit manuellement soit gr\u00e2ce \u00e0 des appareils de domotique ou autres syst\u00e8mes de pilotage intelligent. Pour pouvoir souscrire \u00e0 un tel contrat, il faudra disposer d\u2019un compteur \u00ab&nbsp;communicant&nbsp;\u00bb (ou \u00ab&nbsp;intelligent&nbsp;\u00bb), et que le r\u00e9gime de comptage SMR3 soit activ\u00e9 par le gestionnaire de r\u00e9seau de distribution (GRD). Le SMR3 permet au GRD de transf\u00e9rer des donn\u00e9es, toutes les 15 minutes, au fournisseur du titulaire du compteur. Comment varient les prix dynamiques dans une m\u00eame journ\u00e9e ? Les prix de l\u2019\u00e9lectricit\u00e9 varient selon l\u2019offre et la demande&nbsp;: ils sont g\u00e9n\u00e9ralement bas lorsque la production renouvelable est \u00e9lev\u00e9e et la consommation faible, et \u00e9lev\u00e9s lorsque la production est faible et la demande importante. Ces prix peuvent parfois \u00eatre n\u00e9gatifs, ce qui peut para\u00eetre contre-intuitif, mais ils refl\u00e8tent un exc\u00e8s de production d\u2019\u00e9lectricit\u00e9, difficilement stockable, qu\u2019il faut consommer en temps r\u00e9el afin d\u2019\u00e9viter un d\u00e9s\u00e9quilibre du r\u00e9seau. En clair, il est possible de recevoir de l\u2019argent pour consommer de l&rsquo;\u00e9lectricit\u00e9 exc\u00e9dentaire, mais cela ne concerne que la composante \u00ab\u00a0\u00e9nergie\u00a0\u00bb (ou \u00ab\u00a0commodit\u00e9\u00a0\u00bb) du prix. Les frais de r\u00e9seau et les taxes f\u00e9d\u00e9rales restent dus et &hellip; <a href=\"https:\/\/www.renouvelle.be\/fr\/contrats-electricite-prix-dynamiques-bruxelles-wallonie\/\" class=\"more-link\">Continue reading<span class=\"screen-reader-text\"> \u00ab\u00a0\u00c9lectricit\u00e9 : contrats \u00e0 prix dynamiques en Wallonie et \u00e0 Bruxelles\u00a0\u00bb<\/span><\/a><\/p>\n","protected":false},"author":34,"featured_media":15193,"comment_status":"closed","ping_status":"closed","sticky":false,"template":"","format":"standard","meta":{"_acf_changed":false,"footnotes":""},"categories":[63,16,17],"tags":[],"section":[8,13,6,14],"class_list":["post-15185","post","type-post","status-publish","format-standard","has-post-thumbnail","hentry","category-analyses","category-actualite","category-actualite-en-belgique","section-energie-renouvelables","section-solaire","section-eolien","section-stockage"],"acf":[],"yoast_head":"<!-- This site is optimized with the Yoast SEO plugin v27.5 - https:\/\/yoast.com\/product\/yoast-seo-wordpress\/ -->\n<title>\u00c9lectricit\u00e9 : contrats \u00e0 prix dynamiques en Wallonie et \u00e0 Bruxelles - Renouvelle<\/title>\n<meta name=\"description\" content=\"On connaissait d\u00e9j\u00e0 les contrats d&#039;\u00e9lectricit\u00e9 \u00e0 prix fixes ou variables mais il sera bient\u00f4t possible de souscrire \u00e0 des prix dynamiques.\" \/>\n<meta name=\"robots\" content=\"index, follow, max-snippet:-1, max-image-preview:large, max-video-preview:-1\" \/>\n<link rel=\"canonical\" href=\"https:\/\/www.renouvelle.be\/fr\/contrats-electricite-prix-dynamiques-bruxelles-wallonie\/\" \/>\n<meta property=\"og:locale\" content=\"fr_FR\" \/>\n<meta property=\"og:type\" content=\"article\" \/>\n<meta property=\"og:title\" content=\"\u00c9lectricit\u00e9 : contrats \u00e0 prix dynamiques en Wallonie et \u00e0 Bruxelles - Renouvelle\" \/>\n<meta property=\"og:description\" content=\"On connaissait d\u00e9j\u00e0 les contrats d&#039;\u00e9lectricit\u00e9 \u00e0 prix fixes ou variables mais il sera bient\u00f4t possible de souscrire \u00e0 des prix dynamiques.\" \/>\n<meta property=\"og:url\" content=\"https:\/\/www.renouvelle.be\/fr\/contrats-electricite-prix-dynamiques-bruxelles-wallonie\/\" \/>\n<meta property=\"og:site_name\" content=\"Renouvelle\" \/>\n<meta property=\"article:published_time\" content=\"2025-06-05T08:11:06+00:00\" \/>\n<meta property=\"article:modified_time\" content=\"2025-06-05T10:25:42+00:00\" \/>\n<meta property=\"og:image\" content=\"https:\/\/www.renouvelle.be\/wp-content\/uploads\/2025\/06\/AdobeStock_184722169-scaled.jpeg\" \/>\n\t<meta property=\"og:image:width\" content=\"2560\" \/>\n\t<meta property=\"og:image:height\" content=\"1311\" \/>\n\t<meta property=\"og:image:type\" content=\"image\/jpeg\" \/>\n<meta name=\"author\" content=\"Olivier BOVEROUX\" \/>\n<meta name=\"twitter:card\" content=\"summary_large_image\" \/>\n<script type=\"application\/ld+json\" class=\"yoast-schema-graph\">{\"@context\":\"https:\\\/\\\/schema.org\",\"@graph\":[{\"@type\":\"Article\",\"@id\":\"https:\\\/\\\/www.renouvelle.be\\\/fr\\\/contrats-electricite-prix-dynamiques-bruxelles-wallonie\\\/#article\",\"isPartOf\":{\"@id\":\"https:\\\/\\\/www.renouvelle.be\\\/fr\\\/contrats-electricite-prix-dynamiques-bruxelles-wallonie\\\/\"},\"author\":{\"name\":\"Olivier BOVEROUX\",\"@id\":\"https:\\\/\\\/www.renouvelle.be\\\/fr\\\/#\\\/schema\\\/person\\\/339d070b54005d1c9bb9996bc1f6f7c9\"},\"headline\":\"\u00c9lectricit\u00e9 : contrats \u00e0 prix dynamiques en Wallonie et \u00e0 Bruxelles\",\"datePublished\":\"2025-06-05T08:11:06+00:00\",\"dateModified\":\"2025-06-05T10:25:42+00:00\",\"mainEntityOfPage\":{\"@id\":\"https:\\\/\\\/www.renouvelle.be\\\/fr\\\/contrats-electricite-prix-dynamiques-bruxelles-wallonie\\\/\"},\"wordCount\":2121,\"image\":{\"@id\":\"https:\\\/\\\/www.renouvelle.be\\\/fr\\\/contrats-electricite-prix-dynamiques-bruxelles-wallonie\\\/#primaryimage\"},\"thumbnailUrl\":\"https:\\\/\\\/www.renouvelle.be\\\/wp-content\\\/uploads\\\/2025\\\/06\\\/AdobeStock_184722169-scaled.jpeg\",\"articleSection\":[\"Analyses\",\"Actualit\u00e9\",\"Actualit\u00e9 en Belgique\"],\"inLanguage\":\"fr-FR\"},{\"@type\":\"WebPage\",\"@id\":\"https:\\\/\\\/www.renouvelle.be\\\/fr\\\/contrats-electricite-prix-dynamiques-bruxelles-wallonie\\\/\",\"url\":\"https:\\\/\\\/www.renouvelle.be\\\/fr\\\/contrats-electricite-prix-dynamiques-bruxelles-wallonie\\\/\",\"name\":\"\u00c9lectricit\u00e9 : contrats \u00e0 prix dynamiques en Wallonie et \u00e0 Bruxelles - Renouvelle\",\"isPartOf\":{\"@id\":\"https:\\\/\\\/www.renouvelle.be\\\/fr\\\/#website\"},\"primaryImageOfPage\":{\"@id\":\"https:\\\/\\\/www.renouvelle.be\\\/fr\\\/contrats-electricite-prix-dynamiques-bruxelles-wallonie\\\/#primaryimage\"},\"image\":{\"@id\":\"https:\\\/\\\/www.renouvelle.be\\\/fr\\\/contrats-electricite-prix-dynamiques-bruxelles-wallonie\\\/#primaryimage\"},\"thumbnailUrl\":\"https:\\\/\\\/www.renouvelle.be\\\/wp-content\\\/uploads\\\/2025\\\/06\\\/AdobeStock_184722169-scaled.jpeg\",\"datePublished\":\"2025-06-05T08:11:06+00:00\",\"dateModified\":\"2025-06-05T10:25:42+00:00\",\"author\":{\"@id\":\"https:\\\/\\\/www.renouvelle.be\\\/fr\\\/#\\\/schema\\\/person\\\/339d070b54005d1c9bb9996bc1f6f7c9\"},\"description\":\"On connaissait d\u00e9j\u00e0 les contrats d'\u00e9lectricit\u00e9 \u00e0 prix fixes ou variables mais il sera bient\u00f4t possible de souscrire \u00e0 des prix dynamiques.\",\"breadcrumb\":{\"@id\":\"https:\\\/\\\/www.renouvelle.be\\\/fr\\\/contrats-electricite-prix-dynamiques-bruxelles-wallonie\\\/#breadcrumb\"},\"inLanguage\":\"fr-FR\",\"potentialAction\":[{\"@type\":\"ReadAction\",\"target\":[\"https:\\\/\\\/www.renouvelle.be\\\/fr\\\/contrats-electricite-prix-dynamiques-bruxelles-wallonie\\\/\"]}]},{\"@type\":\"ImageObject\",\"inLanguage\":\"fr-FR\",\"@id\":\"https:\\\/\\\/www.renouvelle.be\\\/fr\\\/contrats-electricite-prix-dynamiques-bruxelles-wallonie\\\/#primaryimage\",\"url\":\"https:\\\/\\\/www.renouvelle.be\\\/wp-content\\\/uploads\\\/2025\\\/06\\\/AdobeStock_184722169-scaled.jpeg\",\"contentUrl\":\"https:\\\/\\\/www.renouvelle.be\\\/wp-content\\\/uploads\\\/2025\\\/06\\\/AdobeStock_184722169-scaled.jpeg\",\"width\":2560,\"height\":1311,\"caption\":\"prix dynamiques\"},{\"@type\":\"BreadcrumbList\",\"@id\":\"https:\\\/\\\/www.renouvelle.be\\\/fr\\\/contrats-electricite-prix-dynamiques-bruxelles-wallonie\\\/#breadcrumb\",\"itemListElement\":[{\"@type\":\"ListItem\",\"position\":1,\"name\":\"Accueil\",\"item\":\"https:\\\/\\\/www.renouvelle.be\\\/fr\\\/\"},{\"@type\":\"ListItem\",\"position\":2,\"name\":\"\u00c9lectricit\u00e9 : contrats \u00e0 prix dynamiques en Wallonie et \u00e0 Bruxelles\"}]},{\"@type\":\"WebSite\",\"@id\":\"https:\\\/\\\/www.renouvelle.be\\\/fr\\\/#website\",\"url\":\"https:\\\/\\\/www.renouvelle.be\\\/fr\\\/\",\"name\":\"Renouvelle\",\"description\":\"L&#039;actualit\u00e9 de l&#039;\u00e9nergie durable\",\"potentialAction\":[{\"@type\":\"SearchAction\",\"target\":{\"@type\":\"EntryPoint\",\"urlTemplate\":\"https:\\\/\\\/www.renouvelle.be\\\/fr\\\/?s={search_term_string}\"},\"query-input\":{\"@type\":\"PropertyValueSpecification\",\"valueRequired\":true,\"valueName\":\"search_term_string\"}}],\"inLanguage\":\"fr-FR\"},{\"@type\":\"Person\",\"@id\":\"https:\\\/\\\/www.renouvelle.be\\\/fr\\\/#\\\/schema\\\/person\\\/339d070b54005d1c9bb9996bc1f6f7c9\",\"name\":\"Olivier BOVEROUX\",\"url\":\"https:\\\/\\\/www.renouvelle.be\\\/fr\\\/author\\\/olivier-boveroux\\\/\"}]}<\/script>\n<!-- \/ Yoast SEO plugin. -->","yoast_head_json":{"title":"\u00c9lectricit\u00e9 : contrats \u00e0 prix dynamiques en Wallonie et \u00e0 Bruxelles - Renouvelle","description":"On connaissait d\u00e9j\u00e0 les contrats d'\u00e9lectricit\u00e9 \u00e0 prix fixes ou variables mais il sera bient\u00f4t possible de souscrire \u00e0 des prix dynamiques.","robots":{"index":"index","follow":"follow","max-snippet":"max-snippet:-1","max-image-preview":"max-image-preview:large","max-video-preview":"max-video-preview:-1"},"canonical":"https:\/\/www.renouvelle.be\/fr\/contrats-electricite-prix-dynamiques-bruxelles-wallonie\/","og_locale":"fr_FR","og_type":"article","og_title":"\u00c9lectricit\u00e9 : contrats \u00e0 prix dynamiques en Wallonie et \u00e0 Bruxelles - Renouvelle","og_description":"On connaissait d\u00e9j\u00e0 les contrats d'\u00e9lectricit\u00e9 \u00e0 prix fixes ou variables mais il sera bient\u00f4t possible de souscrire \u00e0 des prix dynamiques.","og_url":"https:\/\/www.renouvelle.be\/fr\/contrats-electricite-prix-dynamiques-bruxelles-wallonie\/","og_site_name":"Renouvelle","article_published_time":"2025-06-05T08:11:06+00:00","article_modified_time":"2025-06-05T10:25:42+00:00","og_image":[{"width":2560,"height":1311,"url":"https:\/\/www.renouvelle.be\/wp-content\/uploads\/2025\/06\/AdobeStock_184722169-scaled.jpeg","type":"image\/jpeg"}],"author":"Olivier BOVEROUX","twitter_card":"summary_large_image","schema":{"@context":"https:\/\/schema.org","@graph":[{"@type":"Article","@id":"https:\/\/www.renouvelle.be\/fr\/contrats-electricite-prix-dynamiques-bruxelles-wallonie\/#article","isPartOf":{"@id":"https:\/\/www.renouvelle.be\/fr\/contrats-electricite-prix-dynamiques-bruxelles-wallonie\/"},"author":{"name":"Olivier BOVEROUX","@id":"https:\/\/www.renouvelle.be\/fr\/#\/schema\/person\/339d070b54005d1c9bb9996bc1f6f7c9"},"headline":"\u00c9lectricit\u00e9 : contrats \u00e0 prix dynamiques en Wallonie et \u00e0 Bruxelles","datePublished":"2025-06-05T08:11:06+00:00","dateModified":"2025-06-05T10:25:42+00:00","mainEntityOfPage":{"@id":"https:\/\/www.renouvelle.be\/fr\/contrats-electricite-prix-dynamiques-bruxelles-wallonie\/"},"wordCount":2121,"image":{"@id":"https:\/\/www.renouvelle.be\/fr\/contrats-electricite-prix-dynamiques-bruxelles-wallonie\/#primaryimage"},"thumbnailUrl":"https:\/\/www.renouvelle.be\/wp-content\/uploads\/2025\/06\/AdobeStock_184722169-scaled.jpeg","articleSection":["Analyses","Actualit\u00e9","Actualit\u00e9 en Belgique"],"inLanguage":"fr-FR"},{"@type":"WebPage","@id":"https:\/\/www.renouvelle.be\/fr\/contrats-electricite-prix-dynamiques-bruxelles-wallonie\/","url":"https:\/\/www.renouvelle.be\/fr\/contrats-electricite-prix-dynamiques-bruxelles-wallonie\/","name":"\u00c9lectricit\u00e9 : contrats \u00e0 prix dynamiques en Wallonie et \u00e0 Bruxelles - Renouvelle","isPartOf":{"@id":"https:\/\/www.renouvelle.be\/fr\/#website"},"primaryImageOfPage":{"@id":"https:\/\/www.renouvelle.be\/fr\/contrats-electricite-prix-dynamiques-bruxelles-wallonie\/#primaryimage"},"image":{"@id":"https:\/\/www.renouvelle.be\/fr\/contrats-electricite-prix-dynamiques-bruxelles-wallonie\/#primaryimage"},"thumbnailUrl":"https:\/\/www.renouvelle.be\/wp-content\/uploads\/2025\/06\/AdobeStock_184722169-scaled.jpeg","datePublished":"2025-06-05T08:11:06+00:00","dateModified":"2025-06-05T10:25:42+00:00","author":{"@id":"https:\/\/www.renouvelle.be\/fr\/#\/schema\/person\/339d070b54005d1c9bb9996bc1f6f7c9"},"description":"On connaissait d\u00e9j\u00e0 les contrats d'\u00e9lectricit\u00e9 \u00e0 prix fixes ou variables mais il sera bient\u00f4t possible de souscrire \u00e0 des prix dynamiques.","breadcrumb":{"@id":"https:\/\/www.renouvelle.be\/fr\/contrats-electricite-prix-dynamiques-bruxelles-wallonie\/#breadcrumb"},"inLanguage":"fr-FR","potentialAction":[{"@type":"ReadAction","target":["https:\/\/www.renouvelle.be\/fr\/contrats-electricite-prix-dynamiques-bruxelles-wallonie\/"]}]},{"@type":"ImageObject","inLanguage":"fr-FR","@id":"https:\/\/www.renouvelle.be\/fr\/contrats-electricite-prix-dynamiques-bruxelles-wallonie\/#primaryimage","url":"https:\/\/www.renouvelle.be\/wp-content\/uploads\/2025\/06\/AdobeStock_184722169-scaled.jpeg","contentUrl":"https:\/\/www.renouvelle.be\/wp-content\/uploads\/2025\/06\/AdobeStock_184722169-scaled.jpeg","width":2560,"height":1311,"caption":"prix dynamiques"},{"@type":"BreadcrumbList","@id":"https:\/\/www.renouvelle.be\/fr\/contrats-electricite-prix-dynamiques-bruxelles-wallonie\/#breadcrumb","itemListElement":[{"@type":"ListItem","position":1,"name":"Accueil","item":"https:\/\/www.renouvelle.be\/fr\/"},{"@type":"ListItem","position":2,"name":"\u00c9lectricit\u00e9 : contrats \u00e0 prix dynamiques en Wallonie et \u00e0 Bruxelles"}]},{"@type":"WebSite","@id":"https:\/\/www.renouvelle.be\/fr\/#website","url":"https:\/\/www.renouvelle.be\/fr\/","name":"Renouvelle","description":"L&#039;actualit\u00e9 de l&#039;\u00e9nergie durable","potentialAction":[{"@type":"SearchAction","target":{"@type":"EntryPoint","urlTemplate":"https:\/\/www.renouvelle.be\/fr\/?s={search_term_string}"},"query-input":{"@type":"PropertyValueSpecification","valueRequired":true,"valueName":"search_term_string"}}],"inLanguage":"fr-FR"},{"@type":"Person","@id":"https:\/\/www.renouvelle.be\/fr\/#\/schema\/person\/339d070b54005d1c9bb9996bc1f6f7c9","name":"Olivier BOVEROUX","url":"https:\/\/www.renouvelle.be\/fr\/author\/olivier-boveroux\/"}]}},"_links":{"self":[{"href":"https:\/\/www.renouvelle.be\/fr\/wp-json\/wp\/v2\/posts\/15185","targetHints":{"allow":["GET"]}}],"collection":[{"href":"https:\/\/www.renouvelle.be\/fr\/wp-json\/wp\/v2\/posts"}],"about":[{"href":"https:\/\/www.renouvelle.be\/fr\/wp-json\/wp\/v2\/types\/post"}],"author":[{"embeddable":true,"href":"https:\/\/www.renouvelle.be\/fr\/wp-json\/wp\/v2\/users\/34"}],"replies":[{"embeddable":true,"href":"https:\/\/www.renouvelle.be\/fr\/wp-json\/wp\/v2\/comments?post=15185"}],"version-history":[{"count":15,"href":"https:\/\/www.renouvelle.be\/fr\/wp-json\/wp\/v2\/posts\/15185\/revisions"}],"predecessor-version":[{"id":15210,"href":"https:\/\/www.renouvelle.be\/fr\/wp-json\/wp\/v2\/posts\/15185\/revisions\/15210"}],"wp:featuredmedia":[{"embeddable":true,"href":"https:\/\/www.renouvelle.be\/fr\/wp-json\/wp\/v2\/media\/15193"}],"wp:attachment":[{"href":"https:\/\/www.renouvelle.be\/fr\/wp-json\/wp\/v2\/media?parent=15185"}],"wp:term":[{"taxonomy":"category","embeddable":true,"href":"https:\/\/www.renouvelle.be\/fr\/wp-json\/wp\/v2\/categories?post=15185"},{"taxonomy":"post_tag","embeddable":true,"href":"https:\/\/www.renouvelle.be\/fr\/wp-json\/wp\/v2\/tags?post=15185"},{"taxonomy":"section","embeddable":true,"href":"https:\/\/www.renouvelle.be\/fr\/wp-json\/wp\/v2\/section?post=15185"}],"curies":[{"name":"wp","href":"https:\/\/api.w.org\/{rel}","templated":true}]}}