{"id":15134,"date":"2025-05-21T14:39:25","date_gmt":"2025-05-21T12:39:25","guid":{"rendered":"https:\/\/www.renouvelle.be\/?p=15134"},"modified":"2025-05-21T14:39:27","modified_gmt":"2025-05-21T12:39:27","slug":"a-grez-doiceau-des-pannes-delectricite-dues-a-une-installation-non-conforme","status":"publish","type":"post","link":"https:\/\/www.renouvelle.be\/fr\/a-grez-doiceau-des-pannes-delectricite-dues-a-une-installation-non-conforme\/","title":{"rendered":"A Grez-Doiceau, des pannes d\u2019\u00e9lectricit\u00e9 dues \u00e0 une installation non conforme"},"content":{"rendered":"\n<p>Certains m\u00e9nages de Grez-Doiceau vivent une situation pour le moins f\u00e2cheuse. En effet, depuis pr\u00e8s de quinze jours, de myst\u00e9rieuses pannes d\u2019\u00e9lectricit\u00e9 se produisent r\u00e9guli\u00e8rement, au point de mettre hors service une cabine de distribution. Pour venir en aide aux habitants concern\u00e9s par ces d\u00e9sagr\u00e9ments, ORES, gestionnaire des r\u00e9seaux de gaz et d\u2019\u00e9lectricit\u00e9, a bien install\u00e9 des groupes \u00e9lectrog\u00e8nes, mais ces derniers se mettent constamment en s\u00e9curit\u00e9 en raison d\u2019une injection d\u2019\u00e9nergie qui ne devrait pas avoir lieu \u2014 comme celle provenant, par exemple, de panneaux solaires.<\/p>\n\n\n\n<p>Cela indique \u00e0 ORES qu\u2019une installation non conforme a \u00e9t\u00e9 raccord\u00e9e au r\u00e9seau. Celle-ci semble difficilement localisable, et le gestionnaire de r\u00e9seau contactera les habitants afin qu\u2019ils fassent v\u00e9rifier leur installation pour la mettre en conformit\u00e9, si n\u00e9cessaire.<\/p>\n\n\n\n<p>Ce cas rappelle l\u2019importance de penser au collectif afin de ne pas le p\u00e9naliser par des comportements individuels. Il est donc imp\u00e9ratif de faire appel \u00e0 des professionnels pour l\u2019installation de panneaux photovolta\u00efques et de <a href=\"https:\/\/www.renouvelle.be\/fr\/bruxelles-des-amendes-pour-les-panneaux-solaires-non-declares\/\" target=\"_blank\" rel=\"noreferrer noopener\">d\u00e9clarer<\/a> cette installation aupr\u00e8s de votre gestionnaire de r\u00e9seau et de distribution.<\/p>\n\n\n\n<p><\/p>\n","protected":false},"excerpt":{"rendered":"<p>Certains m\u00e9nages de Grez-Doiceau vivent une situation pour le moins f\u00e2cheuse. En effet, depuis pr\u00e8s de quinze jours, de myst\u00e9rieuses pannes d\u2019\u00e9lectricit\u00e9 se produisent r\u00e9guli\u00e8rement, au point de mettre hors service une cabine de distribution. Pour venir en aide aux habitants concern\u00e9s par ces d\u00e9sagr\u00e9ments, ORES, gestionnaire des r\u00e9seaux de gaz et d\u2019\u00e9lectricit\u00e9, a bien install\u00e9 des groupes \u00e9lectrog\u00e8nes, mais ces derniers se mettent constamment en s\u00e9curit\u00e9 en raison d\u2019une injection d\u2019\u00e9nergie qui ne devrait pas avoir lieu \u2014 comme celle provenant, par exemple, de panneaux solaires. Cela indique \u00e0 ORES qu\u2019une installation non conforme a \u00e9t\u00e9 raccord\u00e9e au r\u00e9seau. Celle-ci semble difficilement localisable, et le gestionnaire de r\u00e9seau contactera les habitants afin qu\u2019ils fassent v\u00e9rifier leur installation pour la mettre en conformit\u00e9, si n\u00e9cessaire. Ce cas rappelle l\u2019importance de penser au collectif afin de ne pas le p\u00e9naliser par des comportements individuels. Il est donc imp\u00e9ratif de faire appel \u00e0 des professionnels pour l\u2019installation de panneaux photovolta\u00efques et de d\u00e9clarer cette installation aupr\u00e8s de votre gestionnaire de r\u00e9seau et de distribution.<\/p>\n","protected":false},"author":38,"featured_media":15138,"comment_status":"closed","ping_status":"closed","sticky":false,"template":"","format":"standard","meta":{"_acf_changed":false,"footnotes":""},"categories":[16,17],"tags":[],"section":[8,13],"class_list":["post-15134","post","type-post","status-publish","format-standard","has-post-thumbnail","hentry","category-actualite","category-actualite-en-belgique","section-energie-renouvelables","section-solaire"],"acf":[],"yoast_head":"<!-- This site is optimized with the Yoast SEO plugin v27.4 - https:\/\/yoast.com\/product\/yoast-seo-wordpress\/ -->\n<title>A Grez-Doiceau, des pannes d\u2019\u00e9lectricit\u00e9 dues \u00e0 une installation non conforme - Renouvelle<\/title>\n<meta name=\"description\" content=\"Des pannes d&#039;\u00e9lectricit\u00e9s r\u00e9currentes se produisant depuis deux semaines \u00e0 Grez-Doiceau. Une installation non conforme en serait l&#039;origine.\" \/>\n<meta name=\"robots\" content=\"index, follow, max-snippet:-1, max-image-preview:large, max-video-preview:-1\" \/>\n<link rel=\"canonical\" href=\"https:\/\/www.renouvelle.be\/fr\/a-grez-doiceau-des-pannes-delectricite-dues-a-une-installation-non-conforme\/\" \/>\n<meta property=\"og:locale\" content=\"fr_FR\" \/>\n<meta property=\"og:type\" content=\"article\" \/>\n<meta property=\"og:title\" content=\"A Grez-Doiceau, des pannes d\u2019\u00e9lectricit\u00e9 dues \u00e0 une installation non conforme - Renouvelle\" \/>\n<meta property=\"og:description\" content=\"Des pannes d&#039;\u00e9lectricit\u00e9s r\u00e9currentes se produisant depuis deux semaines \u00e0 Grez-Doiceau. Une installation non conforme en serait l&#039;origine.\" \/>\n<meta property=\"og:url\" content=\"https:\/\/www.renouvelle.be\/fr\/a-grez-doiceau-des-pannes-delectricite-dues-a-une-installation-non-conforme\/\" \/>\n<meta property=\"og:site_name\" content=\"Renouvelle\" \/>\n<meta property=\"article:published_time\" content=\"2025-05-21T12:39:25+00:00\" \/>\n<meta property=\"article:modified_time\" content=\"2025-05-21T12:39:27+00:00\" \/>\n<meta property=\"og:image\" content=\"https:\/\/www.renouvelle.be\/wp-content\/uploads\/2025\/05\/AdobeStock_515198032-scaled.jpeg\" \/>\n\t<meta property=\"og:image:width\" content=\"2560\" \/>\n\t<meta property=\"og:image:height\" content=\"1440\" \/>\n\t<meta property=\"og:image:type\" content=\"image\/jpeg\" \/>\n<meta name=\"author\" content=\"Samuel Alves\" \/>\n<meta name=\"twitter:card\" content=\"summary_large_image\" \/>\n<script type=\"application\/ld+json\" class=\"yoast-schema-graph\">{\"@context\":\"https:\\\/\\\/schema.org\",\"@graph\":[{\"@type\":\"Article\",\"@id\":\"https:\\\/\\\/www.renouvelle.be\\\/fr\\\/a-grez-doiceau-des-pannes-delectricite-dues-a-une-installation-non-conforme\\\/#article\",\"isPartOf\":{\"@id\":\"https:\\\/\\\/www.renouvelle.be\\\/fr\\\/a-grez-doiceau-des-pannes-delectricite-dues-a-une-installation-non-conforme\\\/\"},\"author\":{\"name\":\"Samuel Alves\",\"@id\":\"https:\\\/\\\/www.renouvelle.be\\\/fr\\\/#\\\/schema\\\/person\\\/9d743366fb269eeceaa8d60e98d289d3\"},\"headline\":\"A Grez-Doiceau, des pannes d\u2019\u00e9lectricit\u00e9 dues \u00e0 une installation non conforme\",\"datePublished\":\"2025-05-21T12:39:25+00:00\",\"dateModified\":\"2025-05-21T12:39:27+00:00\",\"mainEntityOfPage\":{\"@id\":\"https:\\\/\\\/www.renouvelle.be\\\/fr\\\/a-grez-doiceau-des-pannes-delectricite-dues-a-une-installation-non-conforme\\\/\"},\"wordCount\":211,\"image\":{\"@id\":\"https:\\\/\\\/www.renouvelle.be\\\/fr\\\/a-grez-doiceau-des-pannes-delectricite-dues-a-une-installation-non-conforme\\\/#primaryimage\"},\"thumbnailUrl\":\"https:\\\/\\\/www.renouvelle.be\\\/wp-content\\\/uploads\\\/2025\\\/05\\\/AdobeStock_515198032-scaled.jpeg\",\"articleSection\":[\"Actualit\u00e9\",\"Actualit\u00e9 en Belgique\"],\"inLanguage\":\"fr-FR\"},{\"@type\":\"WebPage\",\"@id\":\"https:\\\/\\\/www.renouvelle.be\\\/fr\\\/a-grez-doiceau-des-pannes-delectricite-dues-a-une-installation-non-conforme\\\/\",\"url\":\"https:\\\/\\\/www.renouvelle.be\\\/fr\\\/a-grez-doiceau-des-pannes-delectricite-dues-a-une-installation-non-conforme\\\/\",\"name\":\"A Grez-Doiceau, des pannes d\u2019\u00e9lectricit\u00e9 dues \u00e0 une installation non conforme - Renouvelle\",\"isPartOf\":{\"@id\":\"https:\\\/\\\/www.renouvelle.be\\\/fr\\\/#website\"},\"primaryImageOfPage\":{\"@id\":\"https:\\\/\\\/www.renouvelle.be\\\/fr\\\/a-grez-doiceau-des-pannes-delectricite-dues-a-une-installation-non-conforme\\\/#primaryimage\"},\"image\":{\"@id\":\"https:\\\/\\\/www.renouvelle.be\\\/fr\\\/a-grez-doiceau-des-pannes-delectricite-dues-a-une-installation-non-conforme\\\/#primaryimage\"},\"thumbnailUrl\":\"https:\\\/\\\/www.renouvelle.be\\\/wp-content\\\/uploads\\\/2025\\\/05\\\/AdobeStock_515198032-scaled.jpeg\",\"datePublished\":\"2025-05-21T12:39:25+00:00\",\"dateModified\":\"2025-05-21T12:39:27+00:00\",\"author\":{\"@id\":\"https:\\\/\\\/www.renouvelle.be\\\/fr\\\/#\\\/schema\\\/person\\\/9d743366fb269eeceaa8d60e98d289d3\"},\"description\":\"Des pannes d'\u00e9lectricit\u00e9s r\u00e9currentes se produisant depuis deux semaines \u00e0 Grez-Doiceau. Une installation non conforme en serait l'origine.\",\"breadcrumb\":{\"@id\":\"https:\\\/\\\/www.renouvelle.be\\\/fr\\\/a-grez-doiceau-des-pannes-delectricite-dues-a-une-installation-non-conforme\\\/#breadcrumb\"},\"inLanguage\":\"fr-FR\",\"potentialAction\":[{\"@type\":\"ReadAction\",\"target\":[\"https:\\\/\\\/www.renouvelle.be\\\/fr\\\/a-grez-doiceau-des-pannes-delectricite-dues-a-une-installation-non-conforme\\\/\"]}]},{\"@type\":\"ImageObject\",\"inLanguage\":\"fr-FR\",\"@id\":\"https:\\\/\\\/www.renouvelle.be\\\/fr\\\/a-grez-doiceau-des-pannes-delectricite-dues-a-une-installation-non-conforme\\\/#primaryimage\",\"url\":\"https:\\\/\\\/www.renouvelle.be\\\/wp-content\\\/uploads\\\/2025\\\/05\\\/AdobeStock_515198032-scaled.jpeg\",\"contentUrl\":\"https:\\\/\\\/www.renouvelle.be\\\/wp-content\\\/uploads\\\/2025\\\/05\\\/AdobeStock_515198032-scaled.jpeg\",\"width\":2560,\"height\":1440,\"caption\":\"Grez-Doiceau pannes \u00e9lectricit\u00e9\"},{\"@type\":\"BreadcrumbList\",\"@id\":\"https:\\\/\\\/www.renouvelle.be\\\/fr\\\/a-grez-doiceau-des-pannes-delectricite-dues-a-une-installation-non-conforme\\\/#breadcrumb\",\"itemListElement\":[{\"@type\":\"ListItem\",\"position\":1,\"name\":\"Accueil\",\"item\":\"https:\\\/\\\/www.renouvelle.be\\\/fr\\\/\"},{\"@type\":\"ListItem\",\"position\":2,\"name\":\"A Grez-Doiceau, des pannes d\u2019\u00e9lectricit\u00e9 dues \u00e0 une installation non conforme\"}]},{\"@type\":\"WebSite\",\"@id\":\"https:\\\/\\\/www.renouvelle.be\\\/fr\\\/#website\",\"url\":\"https:\\\/\\\/www.renouvelle.be\\\/fr\\\/\",\"name\":\"Renouvelle\",\"description\":\"L&#039;actualit\u00e9 de l&#039;\u00e9nergie durable\",\"potentialAction\":[{\"@type\":\"SearchAction\",\"target\":{\"@type\":\"EntryPoint\",\"urlTemplate\":\"https:\\\/\\\/www.renouvelle.be\\\/fr\\\/?s={search_term_string}\"},\"query-input\":{\"@type\":\"PropertyValueSpecification\",\"valueRequired\":true,\"valueName\":\"search_term_string\"}}],\"inLanguage\":\"fr-FR\"},{\"@type\":\"Person\",\"@id\":\"https:\\\/\\\/www.renouvelle.be\\\/fr\\\/#\\\/schema\\\/person\\\/9d743366fb269eeceaa8d60e98d289d3\",\"name\":\"Samuel Alves\",\"url\":\"https:\\\/\\\/www.renouvelle.be\\\/fr\\\/author\\\/salves\\\/\"}]}<\/script>\n<!-- \/ Yoast SEO plugin. -->","yoast_head_json":{"title":"A Grez-Doiceau, des pannes d\u2019\u00e9lectricit\u00e9 dues \u00e0 une installation non conforme - Renouvelle","description":"Des pannes d'\u00e9lectricit\u00e9s r\u00e9currentes se produisant depuis deux semaines \u00e0 Grez-Doiceau. Une installation non conforme en serait l'origine.","robots":{"index":"index","follow":"follow","max-snippet":"max-snippet:-1","max-image-preview":"max-image-preview:large","max-video-preview":"max-video-preview:-1"},"canonical":"https:\/\/www.renouvelle.be\/fr\/a-grez-doiceau-des-pannes-delectricite-dues-a-une-installation-non-conforme\/","og_locale":"fr_FR","og_type":"article","og_title":"A Grez-Doiceau, des pannes d\u2019\u00e9lectricit\u00e9 dues \u00e0 une installation non conforme - Renouvelle","og_description":"Des pannes d'\u00e9lectricit\u00e9s r\u00e9currentes se produisant depuis deux semaines \u00e0 Grez-Doiceau. Une installation non conforme en serait l'origine.","og_url":"https:\/\/www.renouvelle.be\/fr\/a-grez-doiceau-des-pannes-delectricite-dues-a-une-installation-non-conforme\/","og_site_name":"Renouvelle","article_published_time":"2025-05-21T12:39:25+00:00","article_modified_time":"2025-05-21T12:39:27+00:00","og_image":[{"width":2560,"height":1440,"url":"https:\/\/www.renouvelle.be\/wp-content\/uploads\/2025\/05\/AdobeStock_515198032-scaled.jpeg","type":"image\/jpeg"}],"author":"Samuel Alves","twitter_card":"summary_large_image","schema":{"@context":"https:\/\/schema.org","@graph":[{"@type":"Article","@id":"https:\/\/www.renouvelle.be\/fr\/a-grez-doiceau-des-pannes-delectricite-dues-a-une-installation-non-conforme\/#article","isPartOf":{"@id":"https:\/\/www.renouvelle.be\/fr\/a-grez-doiceau-des-pannes-delectricite-dues-a-une-installation-non-conforme\/"},"author":{"name":"Samuel Alves","@id":"https:\/\/www.renouvelle.be\/fr\/#\/schema\/person\/9d743366fb269eeceaa8d60e98d289d3"},"headline":"A Grez-Doiceau, des pannes d\u2019\u00e9lectricit\u00e9 dues \u00e0 une installation non conforme","datePublished":"2025-05-21T12:39:25+00:00","dateModified":"2025-05-21T12:39:27+00:00","mainEntityOfPage":{"@id":"https:\/\/www.renouvelle.be\/fr\/a-grez-doiceau-des-pannes-delectricite-dues-a-une-installation-non-conforme\/"},"wordCount":211,"image":{"@id":"https:\/\/www.renouvelle.be\/fr\/a-grez-doiceau-des-pannes-delectricite-dues-a-une-installation-non-conforme\/#primaryimage"},"thumbnailUrl":"https:\/\/www.renouvelle.be\/wp-content\/uploads\/2025\/05\/AdobeStock_515198032-scaled.jpeg","articleSection":["Actualit\u00e9","Actualit\u00e9 en Belgique"],"inLanguage":"fr-FR"},{"@type":"WebPage","@id":"https:\/\/www.renouvelle.be\/fr\/a-grez-doiceau-des-pannes-delectricite-dues-a-une-installation-non-conforme\/","url":"https:\/\/www.renouvelle.be\/fr\/a-grez-doiceau-des-pannes-delectricite-dues-a-une-installation-non-conforme\/","name":"A Grez-Doiceau, des pannes d\u2019\u00e9lectricit\u00e9 dues \u00e0 une installation non conforme - Renouvelle","isPartOf":{"@id":"https:\/\/www.renouvelle.be\/fr\/#website"},"primaryImageOfPage":{"@id":"https:\/\/www.renouvelle.be\/fr\/a-grez-doiceau-des-pannes-delectricite-dues-a-une-installation-non-conforme\/#primaryimage"},"image":{"@id":"https:\/\/www.renouvelle.be\/fr\/a-grez-doiceau-des-pannes-delectricite-dues-a-une-installation-non-conforme\/#primaryimage"},"thumbnailUrl":"https:\/\/www.renouvelle.be\/wp-content\/uploads\/2025\/05\/AdobeStock_515198032-scaled.jpeg","datePublished":"2025-05-21T12:39:25+00:00","dateModified":"2025-05-21T12:39:27+00:00","author":{"@id":"https:\/\/www.renouvelle.be\/fr\/#\/schema\/person\/9d743366fb269eeceaa8d60e98d289d3"},"description":"Des pannes d'\u00e9lectricit\u00e9s r\u00e9currentes se produisant depuis deux semaines \u00e0 Grez-Doiceau. Une installation non conforme en serait l'origine.","breadcrumb":{"@id":"https:\/\/www.renouvelle.be\/fr\/a-grez-doiceau-des-pannes-delectricite-dues-a-une-installation-non-conforme\/#breadcrumb"},"inLanguage":"fr-FR","potentialAction":[{"@type":"ReadAction","target":["https:\/\/www.renouvelle.be\/fr\/a-grez-doiceau-des-pannes-delectricite-dues-a-une-installation-non-conforme\/"]}]},{"@type":"ImageObject","inLanguage":"fr-FR","@id":"https:\/\/www.renouvelle.be\/fr\/a-grez-doiceau-des-pannes-delectricite-dues-a-une-installation-non-conforme\/#primaryimage","url":"https:\/\/www.renouvelle.be\/wp-content\/uploads\/2025\/05\/AdobeStock_515198032-scaled.jpeg","contentUrl":"https:\/\/www.renouvelle.be\/wp-content\/uploads\/2025\/05\/AdobeStock_515198032-scaled.jpeg","width":2560,"height":1440,"caption":"Grez-Doiceau pannes \u00e9lectricit\u00e9"},{"@type":"BreadcrumbList","@id":"https:\/\/www.renouvelle.be\/fr\/a-grez-doiceau-des-pannes-delectricite-dues-a-une-installation-non-conforme\/#breadcrumb","itemListElement":[{"@type":"ListItem","position":1,"name":"Accueil","item":"https:\/\/www.renouvelle.be\/fr\/"},{"@type":"ListItem","position":2,"name":"A Grez-Doiceau, des pannes d\u2019\u00e9lectricit\u00e9 dues \u00e0 une installation non conforme"}]},{"@type":"WebSite","@id":"https:\/\/www.renouvelle.be\/fr\/#website","url":"https:\/\/www.renouvelle.be\/fr\/","name":"Renouvelle","description":"L&#039;actualit\u00e9 de l&#039;\u00e9nergie durable","potentialAction":[{"@type":"SearchAction","target":{"@type":"EntryPoint","urlTemplate":"https:\/\/www.renouvelle.be\/fr\/?s={search_term_string}"},"query-input":{"@type":"PropertyValueSpecification","valueRequired":true,"valueName":"search_term_string"}}],"inLanguage":"fr-FR"},{"@type":"Person","@id":"https:\/\/www.renouvelle.be\/fr\/#\/schema\/person\/9d743366fb269eeceaa8d60e98d289d3","name":"Samuel Alves","url":"https:\/\/www.renouvelle.be\/fr\/author\/salves\/"}]}},"_links":{"self":[{"href":"https:\/\/www.renouvelle.be\/fr\/wp-json\/wp\/v2\/posts\/15134","targetHints":{"allow":["GET"]}}],"collection":[{"href":"https:\/\/www.renouvelle.be\/fr\/wp-json\/wp\/v2\/posts"}],"about":[{"href":"https:\/\/www.renouvelle.be\/fr\/wp-json\/wp\/v2\/types\/post"}],"author":[{"embeddable":true,"href":"https:\/\/www.renouvelle.be\/fr\/wp-json\/wp\/v2\/users\/38"}],"replies":[{"embeddable":true,"href":"https:\/\/www.renouvelle.be\/fr\/wp-json\/wp\/v2\/comments?post=15134"}],"version-history":[{"count":3,"href":"https:\/\/www.renouvelle.be\/fr\/wp-json\/wp\/v2\/posts\/15134\/revisions"}],"predecessor-version":[{"id":15137,"href":"https:\/\/www.renouvelle.be\/fr\/wp-json\/wp\/v2\/posts\/15134\/revisions\/15137"}],"wp:featuredmedia":[{"embeddable":true,"href":"https:\/\/www.renouvelle.be\/fr\/wp-json\/wp\/v2\/media\/15138"}],"wp:attachment":[{"href":"https:\/\/www.renouvelle.be\/fr\/wp-json\/wp\/v2\/media?parent=15134"}],"wp:term":[{"taxonomy":"category","embeddable":true,"href":"https:\/\/www.renouvelle.be\/fr\/wp-json\/wp\/v2\/categories?post=15134"},{"taxonomy":"post_tag","embeddable":true,"href":"https:\/\/www.renouvelle.be\/fr\/wp-json\/wp\/v2\/tags?post=15134"},{"taxonomy":"section","embeddable":true,"href":"https:\/\/www.renouvelle.be\/fr\/wp-json\/wp\/v2\/section?post=15134"}],"curies":[{"name":"wp","href":"https:\/\/api.w.org\/{rel}","templated":true}]}}