{"id":15123,"date":"2025-05-21T09:30:53","date_gmt":"2025-05-21T07:30:53","guid":{"rendered":"https:\/\/www.renouvelle.be\/?p=15123"},"modified":"2025-06-16T09:20:33","modified_gmt":"2025-06-16T07:20:33","slug":"volta-1-le-premier-bateau-remorqueur-100-electrique-europe","status":"publish","type":"post","link":"https:\/\/www.renouvelle.be\/fr\/volta-1-le-premier-bateau-remorqueur-100-electrique-europe\/","title":{"rendered":"Volta 1\u00a0: le premier bateau-remorqueur 100% \u00e9lectrique d\u2019Europe"},"content":{"rendered":"\n<p>Mis en service d\u00e9but de semaine, le Volta 1 est le tout premier bateau-remorqueur 100% \u00e9lectrique d\u2019Europe. Pour le port d\u2019Anvers-Bruges, qui compte une vingtaine de ces bateaux, il s\u2019agit de la suite logique de sa modernisation en cours.<\/p>\n\n\n\n<p>Le bateau-remorqueur est un rouage essentiel d\u2019un <a href=\"https:\/\/newsroom.portofantwerpbruges.com\/port-of-antwerp-bruges-lance-le-volta-1-le-premier-remorqueur-electrique-en-europe\" target=\"_blank\" rel=\"noreferrer noopener\">port<\/a> comme celui d\u2019Anvers-Bruges car il assite les autres navires lors de l\u2019amarrage ou de l\u2019accostage, entre autres man\u0153uvres d\u00e9licates. Le service de remorquage du port y est responsable d\u2019environ 85% des \u00e9missions de CO<sub>2<\/sub>, la mise \u00e0 l\u2019<a href=\"https:\/\/www.renouvelle.be\/fr\/le-swac-une-pompe-a-fraicheur-venue-de-la-mer\/\">eau<\/a> du Volta 1 est donc un pas de plus vers l\u2019objectif, que s\u2019est fix\u00e9 le port, d\u2019un fonctionnement neutre en carbone d\u2019ici 2050.<\/p>\n\n\n\n<p>Le Volta 1 poss\u00e8de une puissance de traction de 70 tonnes. La capacit\u00e9 de sa batterie est de 2782 MWh et peut \u00eatre recharg\u00e9e en deux heures pour lui permettre de naviguer pendant 12 heures.<\/p>\n\n\n\n<p><em>Source image : Port d&rsquo;Anvers-Bruges<\/em><\/p>\n","protected":false},"excerpt":{"rendered":"<p>Mis en service d\u00e9but de semaine, le Volta 1 est le tout premier bateau-remorqueur 100% \u00e9lectrique d\u2019Europe. Pour le port d\u2019Anvers-Bruges, qui compte une vingtaine de ces bateaux, il s\u2019agit de la suite logique de sa modernisation en cours. Le bateau-remorqueur est un rouage essentiel d\u2019un port comme celui d\u2019Anvers-Bruges car il assite les autres navires lors de l\u2019amarrage ou de l\u2019accostage, entre autres man\u0153uvres d\u00e9licates. Le service de remorquage du port y est responsable d\u2019environ 85% des \u00e9missions de CO2, la mise \u00e0 l\u2019eau du Volta 1 est donc un pas de plus vers l\u2019objectif, que s\u2019est fix\u00e9 le port, d\u2019un fonctionnement neutre en carbone d\u2019ici 2050. Le Volta 1 poss\u00e8de une puissance de traction de 70 tonnes. La capacit\u00e9 de sa batterie est de 2782 MWh et peut \u00eatre recharg\u00e9e en deux heures pour lui permettre de naviguer pendant 12 heures. Source image : Port d&rsquo;Anvers-Bruges<\/p>\n","protected":false},"author":38,"featured_media":15130,"comment_status":"closed","ping_status":"closed","sticky":false,"template":"","format":"standard","meta":{"_acf_changed":false,"footnotes":""},"categories":[16,17],"tags":[],"section":[8,12],"class_list":["post-15123","post","type-post","status-publish","format-standard","has-post-thumbnail","hentry","category-actualite","category-actualite-en-belgique","section-energie-renouvelables","section-mobilite"],"acf":[],"yoast_head":"<!-- This site is optimized with the Yoast SEO plugin v27.4 - https:\/\/yoast.com\/product\/yoast-seo-wordpress\/ -->\n<title>Volta 1\u00a0: le premier bateau-remorqueur 100% \u00e9lectrique d\u2019Europe - Renouvelle<\/title>\n<meta name=\"description\" content=\"Le port d&#039;Anvers-Bruges poursuit son \u00e9cologisation avec la mise \u00e0 l&#039;eau du Volta 1, premier bateau-remorqueur 100% \u00e9lectrique d&#039;Europe.\" \/>\n<meta name=\"robots\" content=\"index, follow, max-snippet:-1, max-image-preview:large, max-video-preview:-1\" \/>\n<link rel=\"canonical\" href=\"https:\/\/www.renouvelle.be\/fr\/volta-1-le-premier-bateau-remorqueur-100-electrique-europe\/\" \/>\n<meta property=\"og:locale\" content=\"fr_FR\" \/>\n<meta property=\"og:type\" content=\"article\" \/>\n<meta property=\"og:title\" content=\"Volta 1\u00a0: le premier bateau-remorqueur 100% \u00e9lectrique d\u2019Europe - Renouvelle\" \/>\n<meta property=\"og:description\" content=\"Le port d&#039;Anvers-Bruges poursuit son \u00e9cologisation avec la mise \u00e0 l&#039;eau du Volta 1, premier bateau-remorqueur 100% \u00e9lectrique d&#039;Europe.\" \/>\n<meta property=\"og:url\" content=\"https:\/\/www.renouvelle.be\/fr\/volta-1-le-premier-bateau-remorqueur-100-electrique-europe\/\" \/>\n<meta property=\"og:site_name\" content=\"Renouvelle\" \/>\n<meta property=\"article:published_time\" content=\"2025-05-21T07:30:53+00:00\" \/>\n<meta property=\"article:modified_time\" content=\"2025-06-16T07:20:33+00:00\" \/>\n<meta property=\"og:image\" content=\"https:\/\/www.renouvelle.be\/wp-content\/uploads\/2025\/05\/Volta-1_2025-scaled.jpg\" \/>\n\t<meta property=\"og:image:width\" content=\"2560\" \/>\n\t<meta property=\"og:image:height\" content=\"1705\" \/>\n\t<meta property=\"og:image:type\" content=\"image\/jpeg\" \/>\n<meta name=\"author\" content=\"Samuel Alves\" \/>\n<meta name=\"twitter:card\" content=\"summary_large_image\" \/>\n<script type=\"application\/ld+json\" class=\"yoast-schema-graph\">{\"@context\":\"https:\\\/\\\/schema.org\",\"@graph\":[{\"@type\":\"Article\",\"@id\":\"https:\\\/\\\/www.renouvelle.be\\\/fr\\\/volta-1-le-premier-bateau-remorqueur-100-electrique-europe\\\/#article\",\"isPartOf\":{\"@id\":\"https:\\\/\\\/www.renouvelle.be\\\/fr\\\/volta-1-le-premier-bateau-remorqueur-100-electrique-europe\\\/\"},\"author\":{\"name\":\"Samuel Alves\",\"@id\":\"https:\\\/\\\/www.renouvelle.be\\\/fr\\\/#\\\/schema\\\/person\\\/9d743366fb269eeceaa8d60e98d289d3\"},\"headline\":\"Volta 1\u00a0: le premier bateau-remorqueur 100% \u00e9lectrique d\u2019Europe\",\"datePublished\":\"2025-05-21T07:30:53+00:00\",\"dateModified\":\"2025-06-16T07:20:33+00:00\",\"mainEntityOfPage\":{\"@id\":\"https:\\\/\\\/www.renouvelle.be\\\/fr\\\/volta-1-le-premier-bateau-remorqueur-100-electrique-europe\\\/\"},\"wordCount\":163,\"image\":{\"@id\":\"https:\\\/\\\/www.renouvelle.be\\\/fr\\\/volta-1-le-premier-bateau-remorqueur-100-electrique-europe\\\/#primaryimage\"},\"thumbnailUrl\":\"https:\\\/\\\/www.renouvelle.be\\\/wp-content\\\/uploads\\\/2025\\\/05\\\/Volta-1_2025-scaled.jpg\",\"articleSection\":[\"Actualit\u00e9\",\"Actualit\u00e9 en Belgique\"],\"inLanguage\":\"fr-FR\"},{\"@type\":\"WebPage\",\"@id\":\"https:\\\/\\\/www.renouvelle.be\\\/fr\\\/volta-1-le-premier-bateau-remorqueur-100-electrique-europe\\\/\",\"url\":\"https:\\\/\\\/www.renouvelle.be\\\/fr\\\/volta-1-le-premier-bateau-remorqueur-100-electrique-europe\\\/\",\"name\":\"Volta 1\u00a0: le premier bateau-remorqueur 100% \u00e9lectrique d\u2019Europe - Renouvelle\",\"isPartOf\":{\"@id\":\"https:\\\/\\\/www.renouvelle.be\\\/fr\\\/#website\"},\"primaryImageOfPage\":{\"@id\":\"https:\\\/\\\/www.renouvelle.be\\\/fr\\\/volta-1-le-premier-bateau-remorqueur-100-electrique-europe\\\/#primaryimage\"},\"image\":{\"@id\":\"https:\\\/\\\/www.renouvelle.be\\\/fr\\\/volta-1-le-premier-bateau-remorqueur-100-electrique-europe\\\/#primaryimage\"},\"thumbnailUrl\":\"https:\\\/\\\/www.renouvelle.be\\\/wp-content\\\/uploads\\\/2025\\\/05\\\/Volta-1_2025-scaled.jpg\",\"datePublished\":\"2025-05-21T07:30:53+00:00\",\"dateModified\":\"2025-06-16T07:20:33+00:00\",\"author\":{\"@id\":\"https:\\\/\\\/www.renouvelle.be\\\/fr\\\/#\\\/schema\\\/person\\\/9d743366fb269eeceaa8d60e98d289d3\"},\"description\":\"Le port d'Anvers-Bruges poursuit son \u00e9cologisation avec la mise \u00e0 l'eau du Volta 1, premier bateau-remorqueur 100% \u00e9lectrique d'Europe.\",\"breadcrumb\":{\"@id\":\"https:\\\/\\\/www.renouvelle.be\\\/fr\\\/volta-1-le-premier-bateau-remorqueur-100-electrique-europe\\\/#breadcrumb\"},\"inLanguage\":\"fr-FR\",\"potentialAction\":[{\"@type\":\"ReadAction\",\"target\":[\"https:\\\/\\\/www.renouvelle.be\\\/fr\\\/volta-1-le-premier-bateau-remorqueur-100-electrique-europe\\\/\"]}]},{\"@type\":\"ImageObject\",\"inLanguage\":\"fr-FR\",\"@id\":\"https:\\\/\\\/www.renouvelle.be\\\/fr\\\/volta-1-le-premier-bateau-remorqueur-100-electrique-europe\\\/#primaryimage\",\"url\":\"https:\\\/\\\/www.renouvelle.be\\\/wp-content\\\/uploads\\\/2025\\\/05\\\/Volta-1_2025-scaled.jpg\",\"contentUrl\":\"https:\\\/\\\/www.renouvelle.be\\\/wp-content\\\/uploads\\\/2025\\\/05\\\/Volta-1_2025-scaled.jpg\",\"width\":2560,\"height\":1705,\"caption\":\"Volta 1 bateau-remorqueur Europe\"},{\"@type\":\"BreadcrumbList\",\"@id\":\"https:\\\/\\\/www.renouvelle.be\\\/fr\\\/volta-1-le-premier-bateau-remorqueur-100-electrique-europe\\\/#breadcrumb\",\"itemListElement\":[{\"@type\":\"ListItem\",\"position\":1,\"name\":\"Accueil\",\"item\":\"https:\\\/\\\/www.renouvelle.be\\\/fr\\\/\"},{\"@type\":\"ListItem\",\"position\":2,\"name\":\"Volta 1\u00a0: le premier bateau-remorqueur 100% \u00e9lectrique d\u2019Europe\"}]},{\"@type\":\"WebSite\",\"@id\":\"https:\\\/\\\/www.renouvelle.be\\\/fr\\\/#website\",\"url\":\"https:\\\/\\\/www.renouvelle.be\\\/fr\\\/\",\"name\":\"Renouvelle\",\"description\":\"L&#039;actualit\u00e9 de l&#039;\u00e9nergie durable\",\"potentialAction\":[{\"@type\":\"SearchAction\",\"target\":{\"@type\":\"EntryPoint\",\"urlTemplate\":\"https:\\\/\\\/www.renouvelle.be\\\/fr\\\/?s={search_term_string}\"},\"query-input\":{\"@type\":\"PropertyValueSpecification\",\"valueRequired\":true,\"valueName\":\"search_term_string\"}}],\"inLanguage\":\"fr-FR\"},{\"@type\":\"Person\",\"@id\":\"https:\\\/\\\/www.renouvelle.be\\\/fr\\\/#\\\/schema\\\/person\\\/9d743366fb269eeceaa8d60e98d289d3\",\"name\":\"Samuel Alves\",\"url\":\"https:\\\/\\\/www.renouvelle.be\\\/fr\\\/author\\\/salves\\\/\"}]}<\/script>\n<!-- \/ Yoast SEO plugin. -->","yoast_head_json":{"title":"Volta 1\u00a0: le premier bateau-remorqueur 100% \u00e9lectrique d\u2019Europe - Renouvelle","description":"Le port d'Anvers-Bruges poursuit son \u00e9cologisation avec la mise \u00e0 l'eau du Volta 1, premier bateau-remorqueur 100% \u00e9lectrique d'Europe.","robots":{"index":"index","follow":"follow","max-snippet":"max-snippet:-1","max-image-preview":"max-image-preview:large","max-video-preview":"max-video-preview:-1"},"canonical":"https:\/\/www.renouvelle.be\/fr\/volta-1-le-premier-bateau-remorqueur-100-electrique-europe\/","og_locale":"fr_FR","og_type":"article","og_title":"Volta 1\u00a0: le premier bateau-remorqueur 100% \u00e9lectrique d\u2019Europe - Renouvelle","og_description":"Le port d'Anvers-Bruges poursuit son \u00e9cologisation avec la mise \u00e0 l'eau du Volta 1, premier bateau-remorqueur 100% \u00e9lectrique d'Europe.","og_url":"https:\/\/www.renouvelle.be\/fr\/volta-1-le-premier-bateau-remorqueur-100-electrique-europe\/","og_site_name":"Renouvelle","article_published_time":"2025-05-21T07:30:53+00:00","article_modified_time":"2025-06-16T07:20:33+00:00","og_image":[{"width":2560,"height":1705,"url":"https:\/\/www.renouvelle.be\/wp-content\/uploads\/2025\/05\/Volta-1_2025-scaled.jpg","type":"image\/jpeg"}],"author":"Samuel Alves","twitter_card":"summary_large_image","schema":{"@context":"https:\/\/schema.org","@graph":[{"@type":"Article","@id":"https:\/\/www.renouvelle.be\/fr\/volta-1-le-premier-bateau-remorqueur-100-electrique-europe\/#article","isPartOf":{"@id":"https:\/\/www.renouvelle.be\/fr\/volta-1-le-premier-bateau-remorqueur-100-electrique-europe\/"},"author":{"name":"Samuel Alves","@id":"https:\/\/www.renouvelle.be\/fr\/#\/schema\/person\/9d743366fb269eeceaa8d60e98d289d3"},"headline":"Volta 1\u00a0: le premier bateau-remorqueur 100% \u00e9lectrique d\u2019Europe","datePublished":"2025-05-21T07:30:53+00:00","dateModified":"2025-06-16T07:20:33+00:00","mainEntityOfPage":{"@id":"https:\/\/www.renouvelle.be\/fr\/volta-1-le-premier-bateau-remorqueur-100-electrique-europe\/"},"wordCount":163,"image":{"@id":"https:\/\/www.renouvelle.be\/fr\/volta-1-le-premier-bateau-remorqueur-100-electrique-europe\/#primaryimage"},"thumbnailUrl":"https:\/\/www.renouvelle.be\/wp-content\/uploads\/2025\/05\/Volta-1_2025-scaled.jpg","articleSection":["Actualit\u00e9","Actualit\u00e9 en Belgique"],"inLanguage":"fr-FR"},{"@type":"WebPage","@id":"https:\/\/www.renouvelle.be\/fr\/volta-1-le-premier-bateau-remorqueur-100-electrique-europe\/","url":"https:\/\/www.renouvelle.be\/fr\/volta-1-le-premier-bateau-remorqueur-100-electrique-europe\/","name":"Volta 1\u00a0: le premier bateau-remorqueur 100% \u00e9lectrique d\u2019Europe - Renouvelle","isPartOf":{"@id":"https:\/\/www.renouvelle.be\/fr\/#website"},"primaryImageOfPage":{"@id":"https:\/\/www.renouvelle.be\/fr\/volta-1-le-premier-bateau-remorqueur-100-electrique-europe\/#primaryimage"},"image":{"@id":"https:\/\/www.renouvelle.be\/fr\/volta-1-le-premier-bateau-remorqueur-100-electrique-europe\/#primaryimage"},"thumbnailUrl":"https:\/\/www.renouvelle.be\/wp-content\/uploads\/2025\/05\/Volta-1_2025-scaled.jpg","datePublished":"2025-05-21T07:30:53+00:00","dateModified":"2025-06-16T07:20:33+00:00","author":{"@id":"https:\/\/www.renouvelle.be\/fr\/#\/schema\/person\/9d743366fb269eeceaa8d60e98d289d3"},"description":"Le port d'Anvers-Bruges poursuit son \u00e9cologisation avec la mise \u00e0 l'eau du Volta 1, premier bateau-remorqueur 100% \u00e9lectrique d'Europe.","breadcrumb":{"@id":"https:\/\/www.renouvelle.be\/fr\/volta-1-le-premier-bateau-remorqueur-100-electrique-europe\/#breadcrumb"},"inLanguage":"fr-FR","potentialAction":[{"@type":"ReadAction","target":["https:\/\/www.renouvelle.be\/fr\/volta-1-le-premier-bateau-remorqueur-100-electrique-europe\/"]}]},{"@type":"ImageObject","inLanguage":"fr-FR","@id":"https:\/\/www.renouvelle.be\/fr\/volta-1-le-premier-bateau-remorqueur-100-electrique-europe\/#primaryimage","url":"https:\/\/www.renouvelle.be\/wp-content\/uploads\/2025\/05\/Volta-1_2025-scaled.jpg","contentUrl":"https:\/\/www.renouvelle.be\/wp-content\/uploads\/2025\/05\/Volta-1_2025-scaled.jpg","width":2560,"height":1705,"caption":"Volta 1 bateau-remorqueur Europe"},{"@type":"BreadcrumbList","@id":"https:\/\/www.renouvelle.be\/fr\/volta-1-le-premier-bateau-remorqueur-100-electrique-europe\/#breadcrumb","itemListElement":[{"@type":"ListItem","position":1,"name":"Accueil","item":"https:\/\/www.renouvelle.be\/fr\/"},{"@type":"ListItem","position":2,"name":"Volta 1\u00a0: le premier bateau-remorqueur 100% \u00e9lectrique d\u2019Europe"}]},{"@type":"WebSite","@id":"https:\/\/www.renouvelle.be\/fr\/#website","url":"https:\/\/www.renouvelle.be\/fr\/","name":"Renouvelle","description":"L&#039;actualit\u00e9 de l&#039;\u00e9nergie durable","potentialAction":[{"@type":"SearchAction","target":{"@type":"EntryPoint","urlTemplate":"https:\/\/www.renouvelle.be\/fr\/?s={search_term_string}"},"query-input":{"@type":"PropertyValueSpecification","valueRequired":true,"valueName":"search_term_string"}}],"inLanguage":"fr-FR"},{"@type":"Person","@id":"https:\/\/www.renouvelle.be\/fr\/#\/schema\/person\/9d743366fb269eeceaa8d60e98d289d3","name":"Samuel Alves","url":"https:\/\/www.renouvelle.be\/fr\/author\/salves\/"}]}},"_links":{"self":[{"href":"https:\/\/www.renouvelle.be\/fr\/wp-json\/wp\/v2\/posts\/15123","targetHints":{"allow":["GET"]}}],"collection":[{"href":"https:\/\/www.renouvelle.be\/fr\/wp-json\/wp\/v2\/posts"}],"about":[{"href":"https:\/\/www.renouvelle.be\/fr\/wp-json\/wp\/v2\/types\/post"}],"author":[{"embeddable":true,"href":"https:\/\/www.renouvelle.be\/fr\/wp-json\/wp\/v2\/users\/38"}],"replies":[{"embeddable":true,"href":"https:\/\/www.renouvelle.be\/fr\/wp-json\/wp\/v2\/comments?post=15123"}],"version-history":[{"count":6,"href":"https:\/\/www.renouvelle.be\/fr\/wp-json\/wp\/v2\/posts\/15123\/revisions"}],"predecessor-version":[{"id":15251,"href":"https:\/\/www.renouvelle.be\/fr\/wp-json\/wp\/v2\/posts\/15123\/revisions\/15251"}],"wp:featuredmedia":[{"embeddable":true,"href":"https:\/\/www.renouvelle.be\/fr\/wp-json\/wp\/v2\/media\/15130"}],"wp:attachment":[{"href":"https:\/\/www.renouvelle.be\/fr\/wp-json\/wp\/v2\/media?parent=15123"}],"wp:term":[{"taxonomy":"category","embeddable":true,"href":"https:\/\/www.renouvelle.be\/fr\/wp-json\/wp\/v2\/categories?post=15123"},{"taxonomy":"post_tag","embeddable":true,"href":"https:\/\/www.renouvelle.be\/fr\/wp-json\/wp\/v2\/tags?post=15123"},{"taxonomy":"section","embeddable":true,"href":"https:\/\/www.renouvelle.be\/fr\/wp-json\/wp\/v2\/section?post=15123"}],"curies":[{"name":"wp","href":"https:\/\/api.w.org\/{rel}","templated":true}]}}