{"id":15110,"date":"2025-05-19T16:28:46","date_gmt":"2025-05-19T14:28:46","guid":{"rendered":"https:\/\/www.renouvelle.be\/?p=15110"},"modified":"2025-05-19T16:28:49","modified_gmt":"2025-05-19T14:28:49","slug":"gouy-lez-pieton-a-inaugure-son-premier-parc-eolien","status":"publish","type":"post","link":"https:\/\/www.renouvelle.be\/fr\/gouy-lez-pieton-a-inaugure-son-premier-parc-eolien\/","title":{"rendered":"Gouy-lez-Pi\u00e9ton a inaugur\u00e9 son premier parc \u00e9olien"},"content":{"rendered":"\n<p>L\u2019\u00e9nergie \u00e9olienne continue donc son bonhomme de chemin en Wallonie avec le lancement d\u2019un nouveau parc \u00e9olien \u00e0 Gouy-lez-Pi\u00e9ton. Huit turbines, chacune d\u2019une puissance de 3,6 MW, produiront annuellement 51 GWh soit l\u2019\u00e9quivalent de la consommation d\u2019environ 15.000 m\u00e9nages. Un parc \u00e9olien qui \u00e9vitera l\u2019\u00e9mission de 20.000 de CO2 par an.<\/p>\n\n\n\n<p>Il s\u2019agit d\u2019un partenariat associant ENGIE et Ventis, chacun respectivement propri\u00e9taire de 2 et 6 \u00e9oliennes. Mais les habitants pourront aussi s\u2019investir durablement \u00e0 travers une participation citoyenne gr\u00e2ce \u00e0 la <a href=\"https:\/\/cooperativedespietons.be\/\" target=\"_blank\" rel=\"noreferrer noopener\">Coop\u00e9rative des Pi\u00e9tons<\/a>.<\/p>\n\n\n\n<p>Le projet de Gouy-lez-Pi\u00e9ton a \u00e9galement \u00e9t\u00e9 pens\u00e9 pour \u00eatre respectueux de l\u2019environnement puisqu\u2019un syst\u00e8me automatis\u00e9 pourra stopper temporairement les turbines lors des p\u00e9riodes \u00e0 risque pour les chauves-souris. Un espace de 8 hectares a \u00e9t\u00e9 mis en place favorisant un habitat adapt\u00e9 \u00e0 certaines esp\u00e8ces d\u2019oiseaux.<\/p>\n\n\n\n<p>Il ne faudra pas s\u2019inqui\u00e9ter du niveau sonore des <a href=\"https:\/\/www.renouvelle.be\/fr\/notre-energie-ou-comment-devenir-proprietaire-eolienne-en-mer\/\" target=\"_blank\" rel=\"noreferrer noopener\">\u00e9oliennes<\/a> puisque celui-ci sera suivi par un bureau d\u2019\u00e9tude ind\u00e9pendant afin d\u2019en garantir les normes.<\/p>\n","protected":false},"excerpt":{"rendered":"<p>L\u2019\u00e9nergie \u00e9olienne continue donc son bonhomme de chemin en Wallonie avec le lancement d\u2019un nouveau parc \u00e9olien \u00e0 Gouy-lez-Pi\u00e9ton. Huit turbines, chacune d\u2019une puissance de 3,6 MW, produiront annuellement 51 GWh soit l\u2019\u00e9quivalent de la consommation d\u2019environ 15.000 m\u00e9nages. Un parc \u00e9olien qui \u00e9vitera l\u2019\u00e9mission de 20.000 de CO2 par an. Il s\u2019agit d\u2019un partenariat associant ENGIE et Ventis, chacun respectivement propri\u00e9taire de 2 et 6 \u00e9oliennes. Mais les habitants pourront aussi s\u2019investir durablement \u00e0 travers une participation citoyenne gr\u00e2ce \u00e0 la Coop\u00e9rative des Pi\u00e9tons. Le projet de Gouy-lez-Pi\u00e9ton a \u00e9galement \u00e9t\u00e9 pens\u00e9 pour \u00eatre respectueux de l\u2019environnement puisqu\u2019un syst\u00e8me automatis\u00e9 pourra stopper temporairement les turbines lors des p\u00e9riodes \u00e0 risque pour les chauves-souris. Un espace de 8 hectares a \u00e9t\u00e9 mis en place favorisant un habitat adapt\u00e9 \u00e0 certaines esp\u00e8ces d\u2019oiseaux. Il ne faudra pas s\u2019inqui\u00e9ter du niveau sonore des \u00e9oliennes puisque celui-ci sera suivi par un bureau d\u2019\u00e9tude ind\u00e9pendant afin d\u2019en garantir les normes.<\/p>\n","protected":false},"author":38,"featured_media":15112,"comment_status":"closed","ping_status":"closed","sticky":false,"template":"","format":"standard","meta":{"_acf_changed":false,"footnotes":""},"categories":[16,17],"tags":[],"section":[6],"class_list":["post-15110","post","type-post","status-publish","format-standard","has-post-thumbnail","hentry","category-actualite","category-actualite-en-belgique","section-eolien"],"acf":[],"yoast_head":"<!-- This site is optimized with the Yoast SEO plugin v27.5 - https:\/\/yoast.com\/product\/yoast-seo-wordpress\/ -->\n<title>Gouy-lez-Pi\u00e9ton a inaugur\u00e9 son premier parc \u00e9olien - Renouvelle<\/title>\n<meta name=\"description\" content=\"A Gouy-lez-Pi\u00e9ton, 8 \u00e9oliennes fourniront l&#039;\u00e9quivalent de la consommation \u00e9lectrique de pr\u00e8s de 15.000 m\u00e9nages.\" \/>\n<meta name=\"robots\" content=\"index, follow, max-snippet:-1, max-image-preview:large, max-video-preview:-1\" \/>\n<link rel=\"canonical\" href=\"https:\/\/www.renouvelle.be\/fr\/gouy-lez-pieton-a-inaugure-son-premier-parc-eolien\/\" \/>\n<meta property=\"og:locale\" content=\"fr_FR\" \/>\n<meta property=\"og:type\" content=\"article\" \/>\n<meta property=\"og:title\" content=\"Gouy-lez-Pi\u00e9ton a inaugur\u00e9 son premier parc \u00e9olien - Renouvelle\" \/>\n<meta property=\"og:description\" content=\"A Gouy-lez-Pi\u00e9ton, 8 \u00e9oliennes fourniront l&#039;\u00e9quivalent de la consommation \u00e9lectrique de pr\u00e8s de 15.000 m\u00e9nages.\" \/>\n<meta property=\"og:url\" content=\"https:\/\/www.renouvelle.be\/fr\/gouy-lez-pieton-a-inaugure-son-premier-parc-eolien\/\" \/>\n<meta property=\"og:site_name\" content=\"Renouvelle\" \/>\n<meta property=\"article:published_time\" content=\"2025-05-19T14:28:46+00:00\" \/>\n<meta property=\"article:modified_time\" content=\"2025-05-19T14:28:49+00:00\" \/>\n<meta property=\"og:image\" content=\"https:\/\/www.renouvelle.be\/wp-content\/uploads\/2025\/05\/AdobeStock_442906722-scaled-e1747664626681.jpeg\" \/>\n\t<meta property=\"og:image:width\" content=\"2334\" \/>\n\t<meta property=\"og:image:height\" content=\"1417\" \/>\n\t<meta property=\"og:image:type\" content=\"image\/jpeg\" \/>\n<meta name=\"author\" content=\"Samuel Alves\" \/>\n<meta name=\"twitter:card\" content=\"summary_large_image\" \/>\n<script type=\"application\/ld+json\" class=\"yoast-schema-graph\">{\"@context\":\"https:\\\/\\\/schema.org\",\"@graph\":[{\"@type\":\"Article\",\"@id\":\"https:\\\/\\\/www.renouvelle.be\\\/fr\\\/gouy-lez-pieton-a-inaugure-son-premier-parc-eolien\\\/#article\",\"isPartOf\":{\"@id\":\"https:\\\/\\\/www.renouvelle.be\\\/fr\\\/gouy-lez-pieton-a-inaugure-son-premier-parc-eolien\\\/\"},\"author\":{\"name\":\"Samuel Alves\",\"@id\":\"https:\\\/\\\/www.renouvelle.be\\\/fr\\\/#\\\/schema\\\/person\\\/9d743366fb269eeceaa8d60e98d289d3\"},\"headline\":\"Gouy-lez-Pi\u00e9ton a inaugur\u00e9 son premier parc \u00e9olien\",\"datePublished\":\"2025-05-19T14:28:46+00:00\",\"dateModified\":\"2025-05-19T14:28:49+00:00\",\"mainEntityOfPage\":{\"@id\":\"https:\\\/\\\/www.renouvelle.be\\\/fr\\\/gouy-lez-pieton-a-inaugure-son-premier-parc-eolien\\\/\"},\"wordCount\":179,\"image\":{\"@id\":\"https:\\\/\\\/www.renouvelle.be\\\/fr\\\/gouy-lez-pieton-a-inaugure-son-premier-parc-eolien\\\/#primaryimage\"},\"thumbnailUrl\":\"https:\\\/\\\/www.renouvelle.be\\\/wp-content\\\/uploads\\\/2025\\\/05\\\/AdobeStock_442906722-scaled-e1747664626681.jpeg\",\"articleSection\":[\"Actualit\u00e9\",\"Actualit\u00e9 en Belgique\"],\"inLanguage\":\"fr-FR\"},{\"@type\":\"WebPage\",\"@id\":\"https:\\\/\\\/www.renouvelle.be\\\/fr\\\/gouy-lez-pieton-a-inaugure-son-premier-parc-eolien\\\/\",\"url\":\"https:\\\/\\\/www.renouvelle.be\\\/fr\\\/gouy-lez-pieton-a-inaugure-son-premier-parc-eolien\\\/\",\"name\":\"Gouy-lez-Pi\u00e9ton a inaugur\u00e9 son premier parc \u00e9olien - Renouvelle\",\"isPartOf\":{\"@id\":\"https:\\\/\\\/www.renouvelle.be\\\/fr\\\/#website\"},\"primaryImageOfPage\":{\"@id\":\"https:\\\/\\\/www.renouvelle.be\\\/fr\\\/gouy-lez-pieton-a-inaugure-son-premier-parc-eolien\\\/#primaryimage\"},\"image\":{\"@id\":\"https:\\\/\\\/www.renouvelle.be\\\/fr\\\/gouy-lez-pieton-a-inaugure-son-premier-parc-eolien\\\/#primaryimage\"},\"thumbnailUrl\":\"https:\\\/\\\/www.renouvelle.be\\\/wp-content\\\/uploads\\\/2025\\\/05\\\/AdobeStock_442906722-scaled-e1747664626681.jpeg\",\"datePublished\":\"2025-05-19T14:28:46+00:00\",\"dateModified\":\"2025-05-19T14:28:49+00:00\",\"author\":{\"@id\":\"https:\\\/\\\/www.renouvelle.be\\\/fr\\\/#\\\/schema\\\/person\\\/9d743366fb269eeceaa8d60e98d289d3\"},\"description\":\"A Gouy-lez-Pi\u00e9ton, 8 \u00e9oliennes fourniront l'\u00e9quivalent de la consommation \u00e9lectrique de pr\u00e8s de 15.000 m\u00e9nages.\",\"breadcrumb\":{\"@id\":\"https:\\\/\\\/www.renouvelle.be\\\/fr\\\/gouy-lez-pieton-a-inaugure-son-premier-parc-eolien\\\/#breadcrumb\"},\"inLanguage\":\"fr-FR\",\"potentialAction\":[{\"@type\":\"ReadAction\",\"target\":[\"https:\\\/\\\/www.renouvelle.be\\\/fr\\\/gouy-lez-pieton-a-inaugure-son-premier-parc-eolien\\\/\"]}]},{\"@type\":\"ImageObject\",\"inLanguage\":\"fr-FR\",\"@id\":\"https:\\\/\\\/www.renouvelle.be\\\/fr\\\/gouy-lez-pieton-a-inaugure-son-premier-parc-eolien\\\/#primaryimage\",\"url\":\"https:\\\/\\\/www.renouvelle.be\\\/wp-content\\\/uploads\\\/2025\\\/05\\\/AdobeStock_442906722-scaled-e1747664626681.jpeg\",\"contentUrl\":\"https:\\\/\\\/www.renouvelle.be\\\/wp-content\\\/uploads\\\/2025\\\/05\\\/AdobeStock_442906722-scaled-e1747664626681.jpeg\",\"width\":2334,\"height\":1417,\"caption\":\"Gouy-Lez-Pi\u00e9ton\"},{\"@type\":\"BreadcrumbList\",\"@id\":\"https:\\\/\\\/www.renouvelle.be\\\/fr\\\/gouy-lez-pieton-a-inaugure-son-premier-parc-eolien\\\/#breadcrumb\",\"itemListElement\":[{\"@type\":\"ListItem\",\"position\":1,\"name\":\"Accueil\",\"item\":\"https:\\\/\\\/www.renouvelle.be\\\/fr\\\/\"},{\"@type\":\"ListItem\",\"position\":2,\"name\":\"Gouy-lez-Pi\u00e9ton a inaugur\u00e9 son premier parc \u00e9olien\"}]},{\"@type\":\"WebSite\",\"@id\":\"https:\\\/\\\/www.renouvelle.be\\\/fr\\\/#website\",\"url\":\"https:\\\/\\\/www.renouvelle.be\\\/fr\\\/\",\"name\":\"Renouvelle\",\"description\":\"L&#039;actualit\u00e9 de l&#039;\u00e9nergie durable\",\"potentialAction\":[{\"@type\":\"SearchAction\",\"target\":{\"@type\":\"EntryPoint\",\"urlTemplate\":\"https:\\\/\\\/www.renouvelle.be\\\/fr\\\/?s={search_term_string}\"},\"query-input\":{\"@type\":\"PropertyValueSpecification\",\"valueRequired\":true,\"valueName\":\"search_term_string\"}}],\"inLanguage\":\"fr-FR\"},{\"@type\":\"Person\",\"@id\":\"https:\\\/\\\/www.renouvelle.be\\\/fr\\\/#\\\/schema\\\/person\\\/9d743366fb269eeceaa8d60e98d289d3\",\"name\":\"Samuel Alves\",\"url\":\"https:\\\/\\\/www.renouvelle.be\\\/fr\\\/author\\\/salves\\\/\"}]}<\/script>\n<!-- \/ Yoast SEO plugin. -->","yoast_head_json":{"title":"Gouy-lez-Pi\u00e9ton a inaugur\u00e9 son premier parc \u00e9olien - Renouvelle","description":"A Gouy-lez-Pi\u00e9ton, 8 \u00e9oliennes fourniront l'\u00e9quivalent de la consommation \u00e9lectrique de pr\u00e8s de 15.000 m\u00e9nages.","robots":{"index":"index","follow":"follow","max-snippet":"max-snippet:-1","max-image-preview":"max-image-preview:large","max-video-preview":"max-video-preview:-1"},"canonical":"https:\/\/www.renouvelle.be\/fr\/gouy-lez-pieton-a-inaugure-son-premier-parc-eolien\/","og_locale":"fr_FR","og_type":"article","og_title":"Gouy-lez-Pi\u00e9ton a inaugur\u00e9 son premier parc \u00e9olien - Renouvelle","og_description":"A Gouy-lez-Pi\u00e9ton, 8 \u00e9oliennes fourniront l'\u00e9quivalent de la consommation \u00e9lectrique de pr\u00e8s de 15.000 m\u00e9nages.","og_url":"https:\/\/www.renouvelle.be\/fr\/gouy-lez-pieton-a-inaugure-son-premier-parc-eolien\/","og_site_name":"Renouvelle","article_published_time":"2025-05-19T14:28:46+00:00","article_modified_time":"2025-05-19T14:28:49+00:00","og_image":[{"width":2334,"height":1417,"url":"https:\/\/www.renouvelle.be\/wp-content\/uploads\/2025\/05\/AdobeStock_442906722-scaled-e1747664626681.jpeg","type":"image\/jpeg"}],"author":"Samuel Alves","twitter_card":"summary_large_image","schema":{"@context":"https:\/\/schema.org","@graph":[{"@type":"Article","@id":"https:\/\/www.renouvelle.be\/fr\/gouy-lez-pieton-a-inaugure-son-premier-parc-eolien\/#article","isPartOf":{"@id":"https:\/\/www.renouvelle.be\/fr\/gouy-lez-pieton-a-inaugure-son-premier-parc-eolien\/"},"author":{"name":"Samuel Alves","@id":"https:\/\/www.renouvelle.be\/fr\/#\/schema\/person\/9d743366fb269eeceaa8d60e98d289d3"},"headline":"Gouy-lez-Pi\u00e9ton a inaugur\u00e9 son premier parc \u00e9olien","datePublished":"2025-05-19T14:28:46+00:00","dateModified":"2025-05-19T14:28:49+00:00","mainEntityOfPage":{"@id":"https:\/\/www.renouvelle.be\/fr\/gouy-lez-pieton-a-inaugure-son-premier-parc-eolien\/"},"wordCount":179,"image":{"@id":"https:\/\/www.renouvelle.be\/fr\/gouy-lez-pieton-a-inaugure-son-premier-parc-eolien\/#primaryimage"},"thumbnailUrl":"https:\/\/www.renouvelle.be\/wp-content\/uploads\/2025\/05\/AdobeStock_442906722-scaled-e1747664626681.jpeg","articleSection":["Actualit\u00e9","Actualit\u00e9 en Belgique"],"inLanguage":"fr-FR"},{"@type":"WebPage","@id":"https:\/\/www.renouvelle.be\/fr\/gouy-lez-pieton-a-inaugure-son-premier-parc-eolien\/","url":"https:\/\/www.renouvelle.be\/fr\/gouy-lez-pieton-a-inaugure-son-premier-parc-eolien\/","name":"Gouy-lez-Pi\u00e9ton a inaugur\u00e9 son premier parc \u00e9olien - Renouvelle","isPartOf":{"@id":"https:\/\/www.renouvelle.be\/fr\/#website"},"primaryImageOfPage":{"@id":"https:\/\/www.renouvelle.be\/fr\/gouy-lez-pieton-a-inaugure-son-premier-parc-eolien\/#primaryimage"},"image":{"@id":"https:\/\/www.renouvelle.be\/fr\/gouy-lez-pieton-a-inaugure-son-premier-parc-eolien\/#primaryimage"},"thumbnailUrl":"https:\/\/www.renouvelle.be\/wp-content\/uploads\/2025\/05\/AdobeStock_442906722-scaled-e1747664626681.jpeg","datePublished":"2025-05-19T14:28:46+00:00","dateModified":"2025-05-19T14:28:49+00:00","author":{"@id":"https:\/\/www.renouvelle.be\/fr\/#\/schema\/person\/9d743366fb269eeceaa8d60e98d289d3"},"description":"A Gouy-lez-Pi\u00e9ton, 8 \u00e9oliennes fourniront l'\u00e9quivalent de la consommation \u00e9lectrique de pr\u00e8s de 15.000 m\u00e9nages.","breadcrumb":{"@id":"https:\/\/www.renouvelle.be\/fr\/gouy-lez-pieton-a-inaugure-son-premier-parc-eolien\/#breadcrumb"},"inLanguage":"fr-FR","potentialAction":[{"@type":"ReadAction","target":["https:\/\/www.renouvelle.be\/fr\/gouy-lez-pieton-a-inaugure-son-premier-parc-eolien\/"]}]},{"@type":"ImageObject","inLanguage":"fr-FR","@id":"https:\/\/www.renouvelle.be\/fr\/gouy-lez-pieton-a-inaugure-son-premier-parc-eolien\/#primaryimage","url":"https:\/\/www.renouvelle.be\/wp-content\/uploads\/2025\/05\/AdobeStock_442906722-scaled-e1747664626681.jpeg","contentUrl":"https:\/\/www.renouvelle.be\/wp-content\/uploads\/2025\/05\/AdobeStock_442906722-scaled-e1747664626681.jpeg","width":2334,"height":1417,"caption":"Gouy-Lez-Pi\u00e9ton"},{"@type":"BreadcrumbList","@id":"https:\/\/www.renouvelle.be\/fr\/gouy-lez-pieton-a-inaugure-son-premier-parc-eolien\/#breadcrumb","itemListElement":[{"@type":"ListItem","position":1,"name":"Accueil","item":"https:\/\/www.renouvelle.be\/fr\/"},{"@type":"ListItem","position":2,"name":"Gouy-lez-Pi\u00e9ton a inaugur\u00e9 son premier parc \u00e9olien"}]},{"@type":"WebSite","@id":"https:\/\/www.renouvelle.be\/fr\/#website","url":"https:\/\/www.renouvelle.be\/fr\/","name":"Renouvelle","description":"L&#039;actualit\u00e9 de l&#039;\u00e9nergie durable","potentialAction":[{"@type":"SearchAction","target":{"@type":"EntryPoint","urlTemplate":"https:\/\/www.renouvelle.be\/fr\/?s={search_term_string}"},"query-input":{"@type":"PropertyValueSpecification","valueRequired":true,"valueName":"search_term_string"}}],"inLanguage":"fr-FR"},{"@type":"Person","@id":"https:\/\/www.renouvelle.be\/fr\/#\/schema\/person\/9d743366fb269eeceaa8d60e98d289d3","name":"Samuel Alves","url":"https:\/\/www.renouvelle.be\/fr\/author\/salves\/"}]}},"_links":{"self":[{"href":"https:\/\/www.renouvelle.be\/fr\/wp-json\/wp\/v2\/posts\/15110","targetHints":{"allow":["GET"]}}],"collection":[{"href":"https:\/\/www.renouvelle.be\/fr\/wp-json\/wp\/v2\/posts"}],"about":[{"href":"https:\/\/www.renouvelle.be\/fr\/wp-json\/wp\/v2\/types\/post"}],"author":[{"embeddable":true,"href":"https:\/\/www.renouvelle.be\/fr\/wp-json\/wp\/v2\/users\/38"}],"replies":[{"embeddable":true,"href":"https:\/\/www.renouvelle.be\/fr\/wp-json\/wp\/v2\/comments?post=15110"}],"version-history":[{"count":7,"href":"https:\/\/www.renouvelle.be\/fr\/wp-json\/wp\/v2\/posts\/15110\/revisions"}],"predecessor-version":[{"id":15119,"href":"https:\/\/www.renouvelle.be\/fr\/wp-json\/wp\/v2\/posts\/15110\/revisions\/15119"}],"wp:featuredmedia":[{"embeddable":true,"href":"https:\/\/www.renouvelle.be\/fr\/wp-json\/wp\/v2\/media\/15112"}],"wp:attachment":[{"href":"https:\/\/www.renouvelle.be\/fr\/wp-json\/wp\/v2\/media?parent=15110"}],"wp:term":[{"taxonomy":"category","embeddable":true,"href":"https:\/\/www.renouvelle.be\/fr\/wp-json\/wp\/v2\/categories?post=15110"},{"taxonomy":"post_tag","embeddable":true,"href":"https:\/\/www.renouvelle.be\/fr\/wp-json\/wp\/v2\/tags?post=15110"},{"taxonomy":"section","embeddable":true,"href":"https:\/\/www.renouvelle.be\/fr\/wp-json\/wp\/v2\/section?post=15110"}],"curies":[{"name":"wp","href":"https:\/\/api.w.org\/{rel}","templated":true}]}}