{"id":15099,"date":"2025-05-20T09:55:08","date_gmt":"2025-05-20T07:55:08","guid":{"rendered":"https:\/\/www.renouvelle.be\/?p=15099"},"modified":"2025-05-20T09:55:11","modified_gmt":"2025-05-20T07:55:11","slug":"europe-voit-grand-pour-avenir-des-batteries-de-stockage","status":"publish","type":"post","link":"https:\/\/www.renouvelle.be\/fr\/europe-voit-grand-pour-avenir-des-batteries-de-stockage\/","title":{"rendered":"L&rsquo;Europe voit grand pour l&rsquo;avenir des batteries de stockage"},"content":{"rendered":"\n<p>Avec l\u2019essor des \u00e9nergies renouvelables, il devient essentiel de repenser la mani\u00e8re dont nous utilisons et consommons l\u2019\u00e9nergie. La fluctuation de leur production pose un d\u00e9fi quant \u00e0 leur int\u00e9gration dans nos r\u00e9seaux \u00e9lectriques. Pour profiter pleinement de ces sources d\u2019\u00e9nergie durable et en \u00e9viter le gaspillage, il faudra rendre nos r\u00e9seaux, et notre consommation, plus flexibles. &nbsp;Mais que faire lorsqu\u2019il reste malgr\u00e9 tout un exc\u00e9dent&nbsp;? Le d\u00e9ploiement massif de batteries, observ\u00e9 l\u2019ann\u00e9e derni\u00e8re, apporte d\u00e9j\u00e0 un d\u00e9but de r\u00e9ponse. Une tendance \u00e0 l\u2019acc\u00e9l\u00e9ration qui ne devrait pas faiblir, comme nous le partage SolarPower Europe dans un r\u00e9cent rapport sur le march\u00e9 du stockage en Europe.<\/p>\n\n\n\n<p>Qu\u2019elles soient domestiques ou \u00e0 grande \u00e9chelle, les installations de batteries ont atteint un nouveau record en 2024. Bien que la croissance soit l\u00e9g\u00e8rement au ralenti, la capacit\u00e9 install\u00e9e a tout de m\u00eame augment\u00e9 de 15%, soit 22 GWh suppl\u00e9mentaires, portant le total du parc europ\u00e9en de batteries \u00e0 61 GWh (dont 49,1 GWh dans l\u2019UE). D\u2019ici 2029, ce chiffre pourrait \u00eatre multipli\u00e9 par plus de six, atteignant 400 GWh, dont 334 GWh dans l\u2019UE.<\/p>\n\n\n\n<p>L\u2019ann\u00e9e pass\u00e9e, les installations de stockage d\u2019\u00e9nergie \u00e0 grande \u00e9chelle ont fortement progress\u00e9 et repr\u00e9sentent d\u00e9sormais 40 % du march\u00e9. \u00c0 l\u2019inverse, la demande r\u00e9sidentielle a, elle, baiss\u00e9 apr\u00e8s avoir connue une forte expansion entre 2021 et 2023, en r\u00e9ponse \u00e0 l\u2019inflation des prix de l\u2019\u00e9nergie.<\/p>\n\n\n\n<figure class=\"wp-block-image size-large\"><img loading=\"lazy\" decoding=\"async\" width=\"1024\" height=\"538\" src=\"https:\/\/www.renouvelle.be\/wp-content\/uploads\/2025\/05\/Fig_1_7_Europe_annual_BESS_capacity_2015_2024_3c53eb1569-scaled-e1747659069562-1024x538.png\" alt=\"batteries stockage Europe\" class=\"wp-image-15107\" srcset=\"https:\/\/www.renouvelle.be\/wp-content\/uploads\/2025\/05\/Fig_1_7_Europe_annual_BESS_capacity_2015_2024_3c53eb1569-scaled-e1747659069562-1024x538.png 1024w, https:\/\/www.renouvelle.be\/wp-content\/uploads\/2025\/05\/Fig_1_7_Europe_annual_BESS_capacity_2015_2024_3c53eb1569-scaled-e1747659069562-300x158.png 300w, https:\/\/www.renouvelle.be\/wp-content\/uploads\/2025\/05\/Fig_1_7_Europe_annual_BESS_capacity_2015_2024_3c53eb1569-scaled-e1747659069562-768x403.png 768w, https:\/\/www.renouvelle.be\/wp-content\/uploads\/2025\/05\/Fig_1_7_Europe_annual_BESS_capacity_2015_2024_3c53eb1569-scaled-e1747659069562-1536x806.png 1536w, https:\/\/www.renouvelle.be\/wp-content\/uploads\/2025\/05\/Fig_1_7_Europe_annual_BESS_capacity_2015_2024_3c53eb1569-scaled-e1747659069562-2048x1075.png 2048w, https:\/\/www.renouvelle.be\/wp-content\/uploads\/2025\/05\/Fig_1_7_Europe_annual_BESS_capacity_2015_2024_3c53eb1569-scaled-e1747659069562-1200x630.png 1200w\" sizes=\"auto, (max-width: 1024px) 100vw, 1024px\" \/><figcaption class=\"wp-element-caption\">Capacit\u00e9 annuelle des syst\u00e8mes de stockage d&rsquo;\u00e9nergie par batterie 2015-2024. Source : SolarPower Europe<\/figcaption><\/figure>\n\n\n\n<p>Trois march\u00e9s se sont particuli\u00e8rement distingu\u00e9s en 2024\u00a0: l\u2019Allemagne, l\u2019Italie et le <a href=\"https:\/\/www.renouvelle.be\/fr\/la-plus-grand-parc-de-batteries-europe-mis-en-service-en-ecosse\/\" target=\"_blank\" rel=\"noreferrer noopener\">Royaume-Uni<\/a> qui repr\u00e9sentent \u00e0 eux seuls environ 70% de la capacit\u00e9 install\u00e9e.<\/p>\n\n\n\n<p>Les batteries \u00e0 grande \u00e9chelle devraient devenir le principal moteur du march\u00e9 europ\u00e9en, d\u00e8s cette ann\u00e9e. Selon SolarPower, un peu plus de 29 GWh suppl\u00e9mentaires seront d\u00e9ploy\u00e9s en 2025, soit pr\u00e8s de la moiti\u00e9 de la capacit\u00e9 totale d\u00e9j\u00e0 op\u00e9rationnelle fin 2024.<\/p>\n\n\n\n<p>Une dynamique qui devrait conna\u00eetre une forte acc\u00e9l\u00e9ration. Les projections pr\u00e9voient 41,9 GWh de nouvelles capacit\u00e9s en 2026, 68 GWh en 2027, 90,8 GWh en 2028 et jusqu\u2019\u00e0 118 GWh en 2029. Et cette m\u00eame derni\u00e8re ann\u00e9e, les batteries \u00e0 grande \u00e9chelle pourraient repr\u00e9senter 68% des nouvelles installations, contre moins d\u2019un tiers pour les syst\u00e8mes r\u00e9sidentiels.<\/p>\n\n\n\n<p>Dans le sc\u00e9nario plus ambitieux, port\u00e9 par un soutien politique renforc\u00e9 et un cadre r\u00e9glementaire plus favorable, l\u2019Europe pourrait atteindre une capacit\u00e9 totale de 600 GWh d\u2019ici 2029. Soit un r\u00e9sultat plus en phase avec les besoins en flexibilit\u00e9 du syst\u00e8me \u00e9nerg\u00e9tique europ\u00e9en \u00e0 l\u2019horizon 2030.<\/p>\n\n\n\n<p>L&rsquo;int\u00e9gralit\u00e9 du rapport de SolarPower Europe est \u00e0 lire <a href=\"https:\/\/www.solarpowereurope.org\/insights\/outlooks\/european-market-outlook-for-battery-storage-2025-2029\/detail#foreword\" target=\"_blank\" rel=\"noreferrer noopener\">ici<\/a>.<\/p>\n\n\n\n<p><\/p>\n","protected":false},"excerpt":{"rendered":"<p>Avec l\u2019essor des \u00e9nergies renouvelables, il devient essentiel de repenser la mani\u00e8re dont nous utilisons et consommons l\u2019\u00e9nergie. La fluctuation de leur production pose un d\u00e9fi quant \u00e0 leur int\u00e9gration dans nos r\u00e9seaux \u00e9lectriques. Pour profiter pleinement de ces sources d\u2019\u00e9nergie durable et en \u00e9viter le gaspillage, il faudra rendre nos r\u00e9seaux, et notre consommation, plus flexibles. &nbsp;Mais que faire lorsqu\u2019il reste malgr\u00e9 tout un exc\u00e9dent&nbsp;? Le d\u00e9ploiement massif de batteries, observ\u00e9 l\u2019ann\u00e9e derni\u00e8re, apporte d\u00e9j\u00e0 un d\u00e9but de r\u00e9ponse. Une tendance \u00e0 l\u2019acc\u00e9l\u00e9ration qui ne devrait pas faiblir, comme nous le partage SolarPower Europe dans un r\u00e9cent rapport sur le march\u00e9 du stockage en Europe. Qu\u2019elles soient domestiques ou \u00e0 grande \u00e9chelle, les installations de batteries ont atteint un nouveau record en 2024. Bien que la croissance soit l\u00e9g\u00e8rement au ralenti, la capacit\u00e9 install\u00e9e a tout de m\u00eame augment\u00e9 de 15%, soit 22 GWh suppl\u00e9mentaires, portant le total du parc europ\u00e9en de batteries \u00e0 61 GWh (dont 49,1 GWh dans l\u2019UE). D\u2019ici 2029, ce chiffre pourrait \u00eatre multipli\u00e9 par plus de six, atteignant 400 GWh, dont 334 GWh dans l\u2019UE. L\u2019ann\u00e9e pass\u00e9e, les installations de stockage d\u2019\u00e9nergie \u00e0 grande \u00e9chelle ont fortement progress\u00e9 et repr\u00e9sentent d\u00e9sormais 40 % du march\u00e9. \u00c0 l\u2019inverse, la demande r\u00e9sidentielle a, elle, baiss\u00e9 apr\u00e8s avoir connue une forte expansion entre 2021 et 2023, en r\u00e9ponse \u00e0 l\u2019inflation des prix de l\u2019\u00e9nergie. Trois march\u00e9s se sont particuli\u00e8rement distingu\u00e9s en 2024\u00a0: l\u2019Allemagne, l\u2019Italie et le Royaume-Uni qui repr\u00e9sentent \u00e0 eux seuls environ 70% de la capacit\u00e9 install\u00e9e. Les batteries \u00e0 grande \u00e9chelle devraient devenir le principal moteur du march\u00e9 europ\u00e9en, d\u00e8s cette ann\u00e9e. Selon SolarPower, un peu plus de 29 GWh suppl\u00e9mentaires seront d\u00e9ploy\u00e9s en 2025, soit pr\u00e8s de la moiti\u00e9 de la capacit\u00e9 totale d\u00e9j\u00e0 &hellip; <a href=\"https:\/\/www.renouvelle.be\/fr\/europe-voit-grand-pour-avenir-des-batteries-de-stockage\/\" class=\"more-link\">Continue reading<span class=\"screen-reader-text\"> \u00ab\u00a0L&rsquo;Europe voit grand pour l&rsquo;avenir des batteries de stockage\u00a0\u00bb<\/span><\/a><\/p>\n","protected":false},"author":38,"featured_media":15105,"comment_status":"closed","ping_status":"closed","sticky":false,"template":"","format":"standard","meta":{"_acf_changed":false,"footnotes":""},"categories":[16,18],"tags":[],"section":[8,14],"class_list":["post-15099","post","type-post","status-publish","format-standard","has-post-thumbnail","hentry","category-actualite","category-actualite-internationale","section-energie-renouvelables","section-stockage"],"acf":[],"yoast_head":"<!-- This site is optimized with the Yoast SEO plugin v27.5 - https:\/\/yoast.com\/product\/yoast-seo-wordpress\/ -->\n<title>L&#039;Europe voit grand pour l&#039;avenir des batteries de stockage - Renouvelle<\/title>\n<meta name=\"description\" content=\"Les batteries de stockage d&#039;\u00e9nergie \u00e0 grande \u00e9chelle devraient conna\u00eetre une croissance importante en Europe, d&#039;ici 2029.\" \/>\n<meta name=\"robots\" content=\"index, follow, max-snippet:-1, max-image-preview:large, max-video-preview:-1\" \/>\n<link rel=\"canonical\" href=\"https:\/\/www.renouvelle.be\/fr\/europe-voit-grand-pour-avenir-des-batteries-de-stockage\/\" \/>\n<meta property=\"og:locale\" content=\"fr_FR\" \/>\n<meta property=\"og:type\" content=\"article\" \/>\n<meta property=\"og:title\" content=\"L&#039;Europe voit grand pour l&#039;avenir des batteries de stockage - Renouvelle\" \/>\n<meta property=\"og:description\" content=\"Les batteries de stockage d&#039;\u00e9nergie \u00e0 grande \u00e9chelle devraient conna\u00eetre une croissance importante en Europe, d&#039;ici 2029.\" \/>\n<meta property=\"og:url\" content=\"https:\/\/www.renouvelle.be\/fr\/europe-voit-grand-pour-avenir-des-batteries-de-stockage\/\" \/>\n<meta property=\"og:site_name\" content=\"Renouvelle\" \/>\n<meta property=\"article:published_time\" content=\"2025-05-20T07:55:08+00:00\" \/>\n<meta property=\"article:modified_time\" content=\"2025-05-20T07:55:11+00:00\" \/>\n<meta property=\"og:image\" content=\"https:\/\/www.renouvelle.be\/wp-content\/uploads\/2025\/05\/AdobeStock_483410630-scaled-e1747658891929.jpeg\" \/>\n\t<meta property=\"og:image:width\" content=\"2453\" \/>\n\t<meta property=\"og:image:height\" content=\"1536\" \/>\n\t<meta property=\"og:image:type\" content=\"image\/jpeg\" \/>\n<meta name=\"author\" content=\"Samuel Alves\" \/>\n<meta name=\"twitter:card\" content=\"summary_large_image\" \/>\n<script type=\"application\/ld+json\" class=\"yoast-schema-graph\">{\"@context\":\"https:\\\/\\\/schema.org\",\"@graph\":[{\"@type\":\"Article\",\"@id\":\"https:\\\/\\\/www.renouvelle.be\\\/fr\\\/europe-voit-grand-pour-avenir-des-batteries-de-stockage\\\/#article\",\"isPartOf\":{\"@id\":\"https:\\\/\\\/www.renouvelle.be\\\/fr\\\/europe-voit-grand-pour-avenir-des-batteries-de-stockage\\\/\"},\"author\":{\"name\":\"Samuel Alves\",\"@id\":\"https:\\\/\\\/www.renouvelle.be\\\/fr\\\/#\\\/schema\\\/person\\\/9d743366fb269eeceaa8d60e98d289d3\"},\"headline\":\"L&rsquo;Europe voit grand pour l&rsquo;avenir des batteries de stockage\",\"datePublished\":\"2025-05-20T07:55:08+00:00\",\"dateModified\":\"2025-05-20T07:55:11+00:00\",\"mainEntityOfPage\":{\"@id\":\"https:\\\/\\\/www.renouvelle.be\\\/fr\\\/europe-voit-grand-pour-avenir-des-batteries-de-stockage\\\/\"},\"wordCount\":474,\"image\":{\"@id\":\"https:\\\/\\\/www.renouvelle.be\\\/fr\\\/europe-voit-grand-pour-avenir-des-batteries-de-stockage\\\/#primaryimage\"},\"thumbnailUrl\":\"https:\\\/\\\/www.renouvelle.be\\\/wp-content\\\/uploads\\\/2025\\\/05\\\/AdobeStock_483410630-scaled-e1747658891929.jpeg\",\"articleSection\":[\"Actualit\u00e9\",\"Actualit\u00e9 internationale\"],\"inLanguage\":\"fr-FR\"},{\"@type\":\"WebPage\",\"@id\":\"https:\\\/\\\/www.renouvelle.be\\\/fr\\\/europe-voit-grand-pour-avenir-des-batteries-de-stockage\\\/\",\"url\":\"https:\\\/\\\/www.renouvelle.be\\\/fr\\\/europe-voit-grand-pour-avenir-des-batteries-de-stockage\\\/\",\"name\":\"L'Europe voit grand pour l'avenir des batteries de stockage - Renouvelle\",\"isPartOf\":{\"@id\":\"https:\\\/\\\/www.renouvelle.be\\\/fr\\\/#website\"},\"primaryImageOfPage\":{\"@id\":\"https:\\\/\\\/www.renouvelle.be\\\/fr\\\/europe-voit-grand-pour-avenir-des-batteries-de-stockage\\\/#primaryimage\"},\"image\":{\"@id\":\"https:\\\/\\\/www.renouvelle.be\\\/fr\\\/europe-voit-grand-pour-avenir-des-batteries-de-stockage\\\/#primaryimage\"},\"thumbnailUrl\":\"https:\\\/\\\/www.renouvelle.be\\\/wp-content\\\/uploads\\\/2025\\\/05\\\/AdobeStock_483410630-scaled-e1747658891929.jpeg\",\"datePublished\":\"2025-05-20T07:55:08+00:00\",\"dateModified\":\"2025-05-20T07:55:11+00:00\",\"author\":{\"@id\":\"https:\\\/\\\/www.renouvelle.be\\\/fr\\\/#\\\/schema\\\/person\\\/9d743366fb269eeceaa8d60e98d289d3\"},\"description\":\"Les batteries de stockage d'\u00e9nergie \u00e0 grande \u00e9chelle devraient conna\u00eetre une croissance importante en Europe, d'ici 2029.\",\"breadcrumb\":{\"@id\":\"https:\\\/\\\/www.renouvelle.be\\\/fr\\\/europe-voit-grand-pour-avenir-des-batteries-de-stockage\\\/#breadcrumb\"},\"inLanguage\":\"fr-FR\",\"potentialAction\":[{\"@type\":\"ReadAction\",\"target\":[\"https:\\\/\\\/www.renouvelle.be\\\/fr\\\/europe-voit-grand-pour-avenir-des-batteries-de-stockage\\\/\"]}]},{\"@type\":\"ImageObject\",\"inLanguage\":\"fr-FR\",\"@id\":\"https:\\\/\\\/www.renouvelle.be\\\/fr\\\/europe-voit-grand-pour-avenir-des-batteries-de-stockage\\\/#primaryimage\",\"url\":\"https:\\\/\\\/www.renouvelle.be\\\/wp-content\\\/uploads\\\/2025\\\/05\\\/AdobeStock_483410630-scaled-e1747658891929.jpeg\",\"contentUrl\":\"https:\\\/\\\/www.renouvelle.be\\\/wp-content\\\/uploads\\\/2025\\\/05\\\/AdobeStock_483410630-scaled-e1747658891929.jpeg\",\"width\":2453,\"height\":1536,\"caption\":\"batteries stockage Europe\"},{\"@type\":\"BreadcrumbList\",\"@id\":\"https:\\\/\\\/www.renouvelle.be\\\/fr\\\/europe-voit-grand-pour-avenir-des-batteries-de-stockage\\\/#breadcrumb\",\"itemListElement\":[{\"@type\":\"ListItem\",\"position\":1,\"name\":\"Accueil\",\"item\":\"https:\\\/\\\/www.renouvelle.be\\\/fr\\\/\"},{\"@type\":\"ListItem\",\"position\":2,\"name\":\"L&rsquo;Europe voit grand pour l&rsquo;avenir des batteries de stockage\"}]},{\"@type\":\"WebSite\",\"@id\":\"https:\\\/\\\/www.renouvelle.be\\\/fr\\\/#website\",\"url\":\"https:\\\/\\\/www.renouvelle.be\\\/fr\\\/\",\"name\":\"Renouvelle\",\"description\":\"L&#039;actualit\u00e9 de l&#039;\u00e9nergie durable\",\"potentialAction\":[{\"@type\":\"SearchAction\",\"target\":{\"@type\":\"EntryPoint\",\"urlTemplate\":\"https:\\\/\\\/www.renouvelle.be\\\/fr\\\/?s={search_term_string}\"},\"query-input\":{\"@type\":\"PropertyValueSpecification\",\"valueRequired\":true,\"valueName\":\"search_term_string\"}}],\"inLanguage\":\"fr-FR\"},{\"@type\":\"Person\",\"@id\":\"https:\\\/\\\/www.renouvelle.be\\\/fr\\\/#\\\/schema\\\/person\\\/9d743366fb269eeceaa8d60e98d289d3\",\"name\":\"Samuel Alves\",\"url\":\"https:\\\/\\\/www.renouvelle.be\\\/fr\\\/author\\\/salves\\\/\"}]}<\/script>\n<!-- \/ Yoast SEO plugin. -->","yoast_head_json":{"title":"L'Europe voit grand pour l'avenir des batteries de stockage - Renouvelle","description":"Les batteries de stockage d'\u00e9nergie \u00e0 grande \u00e9chelle devraient conna\u00eetre une croissance importante en Europe, d'ici 2029.","robots":{"index":"index","follow":"follow","max-snippet":"max-snippet:-1","max-image-preview":"max-image-preview:large","max-video-preview":"max-video-preview:-1"},"canonical":"https:\/\/www.renouvelle.be\/fr\/europe-voit-grand-pour-avenir-des-batteries-de-stockage\/","og_locale":"fr_FR","og_type":"article","og_title":"L'Europe voit grand pour l'avenir des batteries de stockage - Renouvelle","og_description":"Les batteries de stockage d'\u00e9nergie \u00e0 grande \u00e9chelle devraient conna\u00eetre une croissance importante en Europe, d'ici 2029.","og_url":"https:\/\/www.renouvelle.be\/fr\/europe-voit-grand-pour-avenir-des-batteries-de-stockage\/","og_site_name":"Renouvelle","article_published_time":"2025-05-20T07:55:08+00:00","article_modified_time":"2025-05-20T07:55:11+00:00","og_image":[{"width":2453,"height":1536,"url":"https:\/\/www.renouvelle.be\/wp-content\/uploads\/2025\/05\/AdobeStock_483410630-scaled-e1747658891929.jpeg","type":"image\/jpeg"}],"author":"Samuel Alves","twitter_card":"summary_large_image","schema":{"@context":"https:\/\/schema.org","@graph":[{"@type":"Article","@id":"https:\/\/www.renouvelle.be\/fr\/europe-voit-grand-pour-avenir-des-batteries-de-stockage\/#article","isPartOf":{"@id":"https:\/\/www.renouvelle.be\/fr\/europe-voit-grand-pour-avenir-des-batteries-de-stockage\/"},"author":{"name":"Samuel Alves","@id":"https:\/\/www.renouvelle.be\/fr\/#\/schema\/person\/9d743366fb269eeceaa8d60e98d289d3"},"headline":"L&rsquo;Europe voit grand pour l&rsquo;avenir des batteries de stockage","datePublished":"2025-05-20T07:55:08+00:00","dateModified":"2025-05-20T07:55:11+00:00","mainEntityOfPage":{"@id":"https:\/\/www.renouvelle.be\/fr\/europe-voit-grand-pour-avenir-des-batteries-de-stockage\/"},"wordCount":474,"image":{"@id":"https:\/\/www.renouvelle.be\/fr\/europe-voit-grand-pour-avenir-des-batteries-de-stockage\/#primaryimage"},"thumbnailUrl":"https:\/\/www.renouvelle.be\/wp-content\/uploads\/2025\/05\/AdobeStock_483410630-scaled-e1747658891929.jpeg","articleSection":["Actualit\u00e9","Actualit\u00e9 internationale"],"inLanguage":"fr-FR"},{"@type":"WebPage","@id":"https:\/\/www.renouvelle.be\/fr\/europe-voit-grand-pour-avenir-des-batteries-de-stockage\/","url":"https:\/\/www.renouvelle.be\/fr\/europe-voit-grand-pour-avenir-des-batteries-de-stockage\/","name":"L'Europe voit grand pour l'avenir des batteries de stockage - Renouvelle","isPartOf":{"@id":"https:\/\/www.renouvelle.be\/fr\/#website"},"primaryImageOfPage":{"@id":"https:\/\/www.renouvelle.be\/fr\/europe-voit-grand-pour-avenir-des-batteries-de-stockage\/#primaryimage"},"image":{"@id":"https:\/\/www.renouvelle.be\/fr\/europe-voit-grand-pour-avenir-des-batteries-de-stockage\/#primaryimage"},"thumbnailUrl":"https:\/\/www.renouvelle.be\/wp-content\/uploads\/2025\/05\/AdobeStock_483410630-scaled-e1747658891929.jpeg","datePublished":"2025-05-20T07:55:08+00:00","dateModified":"2025-05-20T07:55:11+00:00","author":{"@id":"https:\/\/www.renouvelle.be\/fr\/#\/schema\/person\/9d743366fb269eeceaa8d60e98d289d3"},"description":"Les batteries de stockage d'\u00e9nergie \u00e0 grande \u00e9chelle devraient conna\u00eetre une croissance importante en Europe, d'ici 2029.","breadcrumb":{"@id":"https:\/\/www.renouvelle.be\/fr\/europe-voit-grand-pour-avenir-des-batteries-de-stockage\/#breadcrumb"},"inLanguage":"fr-FR","potentialAction":[{"@type":"ReadAction","target":["https:\/\/www.renouvelle.be\/fr\/europe-voit-grand-pour-avenir-des-batteries-de-stockage\/"]}]},{"@type":"ImageObject","inLanguage":"fr-FR","@id":"https:\/\/www.renouvelle.be\/fr\/europe-voit-grand-pour-avenir-des-batteries-de-stockage\/#primaryimage","url":"https:\/\/www.renouvelle.be\/wp-content\/uploads\/2025\/05\/AdobeStock_483410630-scaled-e1747658891929.jpeg","contentUrl":"https:\/\/www.renouvelle.be\/wp-content\/uploads\/2025\/05\/AdobeStock_483410630-scaled-e1747658891929.jpeg","width":2453,"height":1536,"caption":"batteries stockage Europe"},{"@type":"BreadcrumbList","@id":"https:\/\/www.renouvelle.be\/fr\/europe-voit-grand-pour-avenir-des-batteries-de-stockage\/#breadcrumb","itemListElement":[{"@type":"ListItem","position":1,"name":"Accueil","item":"https:\/\/www.renouvelle.be\/fr\/"},{"@type":"ListItem","position":2,"name":"L&rsquo;Europe voit grand pour l&rsquo;avenir des batteries de stockage"}]},{"@type":"WebSite","@id":"https:\/\/www.renouvelle.be\/fr\/#website","url":"https:\/\/www.renouvelle.be\/fr\/","name":"Renouvelle","description":"L&#039;actualit\u00e9 de l&#039;\u00e9nergie durable","potentialAction":[{"@type":"SearchAction","target":{"@type":"EntryPoint","urlTemplate":"https:\/\/www.renouvelle.be\/fr\/?s={search_term_string}"},"query-input":{"@type":"PropertyValueSpecification","valueRequired":true,"valueName":"search_term_string"}}],"inLanguage":"fr-FR"},{"@type":"Person","@id":"https:\/\/www.renouvelle.be\/fr\/#\/schema\/person\/9d743366fb269eeceaa8d60e98d289d3","name":"Samuel Alves","url":"https:\/\/www.renouvelle.be\/fr\/author\/salves\/"}]}},"_links":{"self":[{"href":"https:\/\/www.renouvelle.be\/fr\/wp-json\/wp\/v2\/posts\/15099","targetHints":{"allow":["GET"]}}],"collection":[{"href":"https:\/\/www.renouvelle.be\/fr\/wp-json\/wp\/v2\/posts"}],"about":[{"href":"https:\/\/www.renouvelle.be\/fr\/wp-json\/wp\/v2\/types\/post"}],"author":[{"embeddable":true,"href":"https:\/\/www.renouvelle.be\/fr\/wp-json\/wp\/v2\/users\/38"}],"replies":[{"embeddable":true,"href":"https:\/\/www.renouvelle.be\/fr\/wp-json\/wp\/v2\/comments?post=15099"}],"version-history":[{"count":6,"href":"https:\/\/www.renouvelle.be\/fr\/wp-json\/wp\/v2\/posts\/15099\/revisions"}],"predecessor-version":[{"id":15109,"href":"https:\/\/www.renouvelle.be\/fr\/wp-json\/wp\/v2\/posts\/15099\/revisions\/15109"}],"wp:featuredmedia":[{"embeddable":true,"href":"https:\/\/www.renouvelle.be\/fr\/wp-json\/wp\/v2\/media\/15105"}],"wp:attachment":[{"href":"https:\/\/www.renouvelle.be\/fr\/wp-json\/wp\/v2\/media?parent=15099"}],"wp:term":[{"taxonomy":"category","embeddable":true,"href":"https:\/\/www.renouvelle.be\/fr\/wp-json\/wp\/v2\/categories?post=15099"},{"taxonomy":"post_tag","embeddable":true,"href":"https:\/\/www.renouvelle.be\/fr\/wp-json\/wp\/v2\/tags?post=15099"},{"taxonomy":"section","embeddable":true,"href":"https:\/\/www.renouvelle.be\/fr\/wp-json\/wp\/v2\/section?post=15099"}],"curies":[{"name":"wp","href":"https:\/\/api.w.org\/{rel}","templated":true}]}}