{"id":15086,"date":"2025-05-13T13:57:59","date_gmt":"2025-05-13T11:57:59","guid":{"rendered":"https:\/\/www.renouvelle.be\/?p=15086"},"modified":"2025-05-13T13:58:01","modified_gmt":"2025-05-13T11:58:01","slug":"un-avenir-houleux-pour-lile-energetique-princesse-elisabeth","status":"publish","type":"post","link":"https:\/\/www.renouvelle.be\/fr\/un-avenir-houleux-pour-lile-energetique-princesse-elisabeth\/","title":{"rendered":"Un avenir houleux pour l&rsquo;\u00eele \u00e9nerg\u00e9tique Princesse Elisabeth"},"content":{"rendered":"\n<p>Les craintes se confirment de plus en plus quant \u00e0 la suite donn\u00e9e aux futures phases de l\u2019\u00eele \u00e9nerg\u00e9tique, notamment celle concernant l\u2019infrastructure en courant continu. Apr\u00e8s plusieurs renvois de balle entre la CREG, Elia et le gouvernement, une d\u00e9cision semble avoir \u00e9t\u00e9 prise, et c\u2019est Bart De Wever qui l\u2019a annonc\u00e9e \u00e0 l\u2019occasion d\u2019une interview marquant ses 100 premiers jours en tant que Premier ministre.<\/p>\n\n\n\n<p>En effet, seule la premi\u00e8re phase sera achev\u00e9e, importante pour la connexion des parcs offshore belges ainsi que pour le raccordement avec le Royaume-Uni. Un d\u00e9rapage trop important des co\u00fbts aurait donc eu raison des prochaines phases du projet mais peut-\u00eatre pas d\u00e9finitivement. Le gouvernement doit encore d\u00e9cider, dans les semaines \u00e0 venir (fin mai), s\u2019il choisit l\u2019option du report de l\u2019infrastructure en courant continu ou s\u2019il y renonce.<\/p>\n\n\n\n<p>Pour rappel, le budget initial \u00e9tait estim\u00e9 \u00e0 2,2 milliards d\u2019euros ; il avoisinerait d\u00e9sormais les 8 milliards, dont pr\u00e8s de la moiti\u00e9 concerne cette infrastructure sp\u00e9cifique.<\/p>\n\n\n\n<p>Coup du sort, la nouvelle tombe alors que les premiers caissons de l\u2019\u00eele \u00e9nerg\u00e9tique <a href=\"https:\/\/www.renouvelle.be\/fr\/hausse-des-couts-pour-lile-energetique-princesse-elisabeth\/\" target=\"_blank\" rel=\"noreferrer noopener\">Princesse Elisabeth<\/a> ont \u00e9t\u00e9 plac\u00e9s fin avril.<\/p>\n","protected":false},"excerpt":{"rendered":"<p>Les craintes se confirment de plus en plus quant \u00e0 la suite donn\u00e9e aux futures phases de l\u2019\u00eele \u00e9nerg\u00e9tique, notamment celle concernant l\u2019infrastructure en courant continu. Apr\u00e8s plusieurs renvois de balle entre la CREG, Elia et le gouvernement, une d\u00e9cision semble avoir \u00e9t\u00e9 prise, et c\u2019est Bart De Wever qui l\u2019a annonc\u00e9e \u00e0 l\u2019occasion d\u2019une interview marquant ses 100 premiers jours en tant que Premier ministre. En effet, seule la premi\u00e8re phase sera achev\u00e9e, importante pour la connexion des parcs offshore belges ainsi que pour le raccordement avec le Royaume-Uni. Un d\u00e9rapage trop important des co\u00fbts aurait donc eu raison des prochaines phases du projet mais peut-\u00eatre pas d\u00e9finitivement. Le gouvernement doit encore d\u00e9cider, dans les semaines \u00e0 venir (fin mai), s\u2019il choisit l\u2019option du report de l\u2019infrastructure en courant continu ou s\u2019il y renonce. Pour rappel, le budget initial \u00e9tait estim\u00e9 \u00e0 2,2 milliards d\u2019euros ; il avoisinerait d\u00e9sormais les 8 milliards, dont pr\u00e8s de la moiti\u00e9 concerne cette infrastructure sp\u00e9cifique. Coup du sort, la nouvelle tombe alors que les premiers caissons de l\u2019\u00eele \u00e9nerg\u00e9tique Princesse Elisabeth ont \u00e9t\u00e9 plac\u00e9s fin avril.<\/p>\n","protected":false},"author":38,"featured_media":15088,"comment_status":"closed","ping_status":"closed","sticky":false,"template":"","format":"standard","meta":{"_acf_changed":false,"footnotes":""},"categories":[16,17],"tags":[],"section":[8,6],"class_list":["post-15086","post","type-post","status-publish","format-standard","has-post-thumbnail","hentry","category-actualite","category-actualite-en-belgique","section-energie-renouvelables","section-eolien"],"acf":[],"yoast_head":"<!-- This site is optimized with the Yoast SEO plugin v27.5 - https:\/\/yoast.com\/product\/yoast-seo-wordpress\/ -->\n<title>Un avenir houleux pour l&#039;\u00eele \u00e9nerg\u00e9tique Princesse Elisabeth - Renouvelle<\/title>\n<meta name=\"description\" content=\"Face \u00e0 l&#039;explosion des co\u00fbts de l&#039;\u00eele \u00e9nerg\u00e9tique Princesse Elisabeth, la construction de l&#039;infrastructure de courant continu est compromise.\" \/>\n<meta name=\"robots\" content=\"index, follow, max-snippet:-1, max-image-preview:large, max-video-preview:-1\" \/>\n<link rel=\"canonical\" href=\"https:\/\/www.renouvelle.be\/fr\/un-avenir-houleux-pour-lile-energetique-princesse-elisabeth\/\" \/>\n<meta property=\"og:locale\" content=\"fr_FR\" \/>\n<meta property=\"og:type\" content=\"article\" \/>\n<meta property=\"og:title\" content=\"Un avenir houleux pour l&#039;\u00eele \u00e9nerg\u00e9tique Princesse Elisabeth - Renouvelle\" \/>\n<meta property=\"og:description\" content=\"Face \u00e0 l&#039;explosion des co\u00fbts de l&#039;\u00eele \u00e9nerg\u00e9tique Princesse Elisabeth, la construction de l&#039;infrastructure de courant continu est compromise.\" \/>\n<meta property=\"og:url\" content=\"https:\/\/www.renouvelle.be\/fr\/un-avenir-houleux-pour-lile-energetique-princesse-elisabeth\/\" \/>\n<meta property=\"og:site_name\" content=\"Renouvelle\" \/>\n<meta property=\"article:published_time\" content=\"2025-05-13T11:57:59+00:00\" \/>\n<meta property=\"article:modified_time\" content=\"2025-05-13T11:58:01+00:00\" \/>\n<meta property=\"og:image\" content=\"https:\/\/www.renouvelle.be\/wp-content\/uploads\/2025\/05\/AdobeStock_506115908-scaled-e1747137463909.jpeg\" \/>\n\t<meta property=\"og:image:width\" content=\"2560\" \/>\n\t<meta property=\"og:image:height\" content=\"1536\" \/>\n\t<meta property=\"og:image:type\" content=\"image\/jpeg\" \/>\n<meta name=\"author\" content=\"Samuel Alves\" \/>\n<meta name=\"twitter:card\" content=\"summary_large_image\" \/>\n<script type=\"application\/ld+json\" class=\"yoast-schema-graph\">{\"@context\":\"https:\\\/\\\/schema.org\",\"@graph\":[{\"@type\":\"Article\",\"@id\":\"https:\\\/\\\/www.renouvelle.be\\\/fr\\\/un-avenir-houleux-pour-lile-energetique-princesse-elisabeth\\\/#article\",\"isPartOf\":{\"@id\":\"https:\\\/\\\/www.renouvelle.be\\\/fr\\\/un-avenir-houleux-pour-lile-energetique-princesse-elisabeth\\\/\"},\"author\":{\"name\":\"Samuel Alves\",\"@id\":\"https:\\\/\\\/www.renouvelle.be\\\/fr\\\/#\\\/schema\\\/person\\\/9d743366fb269eeceaa8d60e98d289d3\"},\"headline\":\"Un avenir houleux pour l&rsquo;\u00eele \u00e9nerg\u00e9tique Princesse Elisabeth\",\"datePublished\":\"2025-05-13T11:57:59+00:00\",\"dateModified\":\"2025-05-13T11:58:01+00:00\",\"mainEntityOfPage\":{\"@id\":\"https:\\\/\\\/www.renouvelle.be\\\/fr\\\/un-avenir-houleux-pour-lile-energetique-princesse-elisabeth\\\/\"},\"wordCount\":214,\"image\":{\"@id\":\"https:\\\/\\\/www.renouvelle.be\\\/fr\\\/un-avenir-houleux-pour-lile-energetique-princesse-elisabeth\\\/#primaryimage\"},\"thumbnailUrl\":\"https:\\\/\\\/www.renouvelle.be\\\/wp-content\\\/uploads\\\/2025\\\/05\\\/AdobeStock_506115908-scaled-e1747137463909.jpeg\",\"articleSection\":[\"Actualit\u00e9\",\"Actualit\u00e9 en Belgique\"],\"inLanguage\":\"fr-FR\"},{\"@type\":\"WebPage\",\"@id\":\"https:\\\/\\\/www.renouvelle.be\\\/fr\\\/un-avenir-houleux-pour-lile-energetique-princesse-elisabeth\\\/\",\"url\":\"https:\\\/\\\/www.renouvelle.be\\\/fr\\\/un-avenir-houleux-pour-lile-energetique-princesse-elisabeth\\\/\",\"name\":\"Un avenir houleux pour l'\u00eele \u00e9nerg\u00e9tique Princesse Elisabeth - Renouvelle\",\"isPartOf\":{\"@id\":\"https:\\\/\\\/www.renouvelle.be\\\/fr\\\/#website\"},\"primaryImageOfPage\":{\"@id\":\"https:\\\/\\\/www.renouvelle.be\\\/fr\\\/un-avenir-houleux-pour-lile-energetique-princesse-elisabeth\\\/#primaryimage\"},\"image\":{\"@id\":\"https:\\\/\\\/www.renouvelle.be\\\/fr\\\/un-avenir-houleux-pour-lile-energetique-princesse-elisabeth\\\/#primaryimage\"},\"thumbnailUrl\":\"https:\\\/\\\/www.renouvelle.be\\\/wp-content\\\/uploads\\\/2025\\\/05\\\/AdobeStock_506115908-scaled-e1747137463909.jpeg\",\"datePublished\":\"2025-05-13T11:57:59+00:00\",\"dateModified\":\"2025-05-13T11:58:01+00:00\",\"author\":{\"@id\":\"https:\\\/\\\/www.renouvelle.be\\\/fr\\\/#\\\/schema\\\/person\\\/9d743366fb269eeceaa8d60e98d289d3\"},\"description\":\"Face \u00e0 l'explosion des co\u00fbts de l'\u00eele \u00e9nerg\u00e9tique Princesse Elisabeth, la construction de l'infrastructure de courant continu est compromise.\",\"breadcrumb\":{\"@id\":\"https:\\\/\\\/www.renouvelle.be\\\/fr\\\/un-avenir-houleux-pour-lile-energetique-princesse-elisabeth\\\/#breadcrumb\"},\"inLanguage\":\"fr-FR\",\"potentialAction\":[{\"@type\":\"ReadAction\",\"target\":[\"https:\\\/\\\/www.renouvelle.be\\\/fr\\\/un-avenir-houleux-pour-lile-energetique-princesse-elisabeth\\\/\"]}]},{\"@type\":\"ImageObject\",\"inLanguage\":\"fr-FR\",\"@id\":\"https:\\\/\\\/www.renouvelle.be\\\/fr\\\/un-avenir-houleux-pour-lile-energetique-princesse-elisabeth\\\/#primaryimage\",\"url\":\"https:\\\/\\\/www.renouvelle.be\\\/wp-content\\\/uploads\\\/2025\\\/05\\\/AdobeStock_506115908-scaled-e1747137463909.jpeg\",\"contentUrl\":\"https:\\\/\\\/www.renouvelle.be\\\/wp-content\\\/uploads\\\/2025\\\/05\\\/AdobeStock_506115908-scaled-e1747137463909.jpeg\",\"width\":2560,\"height\":1536,\"caption\":\"\u00eele \u00e9nerg\u00e9tique\"},{\"@type\":\"BreadcrumbList\",\"@id\":\"https:\\\/\\\/www.renouvelle.be\\\/fr\\\/un-avenir-houleux-pour-lile-energetique-princesse-elisabeth\\\/#breadcrumb\",\"itemListElement\":[{\"@type\":\"ListItem\",\"position\":1,\"name\":\"Accueil\",\"item\":\"https:\\\/\\\/www.renouvelle.be\\\/fr\\\/\"},{\"@type\":\"ListItem\",\"position\":2,\"name\":\"Un avenir houleux pour l&rsquo;\u00eele \u00e9nerg\u00e9tique Princesse Elisabeth\"}]},{\"@type\":\"WebSite\",\"@id\":\"https:\\\/\\\/www.renouvelle.be\\\/fr\\\/#website\",\"url\":\"https:\\\/\\\/www.renouvelle.be\\\/fr\\\/\",\"name\":\"Renouvelle\",\"description\":\"L&#039;actualit\u00e9 de l&#039;\u00e9nergie durable\",\"potentialAction\":[{\"@type\":\"SearchAction\",\"target\":{\"@type\":\"EntryPoint\",\"urlTemplate\":\"https:\\\/\\\/www.renouvelle.be\\\/fr\\\/?s={search_term_string}\"},\"query-input\":{\"@type\":\"PropertyValueSpecification\",\"valueRequired\":true,\"valueName\":\"search_term_string\"}}],\"inLanguage\":\"fr-FR\"},{\"@type\":\"Person\",\"@id\":\"https:\\\/\\\/www.renouvelle.be\\\/fr\\\/#\\\/schema\\\/person\\\/9d743366fb269eeceaa8d60e98d289d3\",\"name\":\"Samuel Alves\",\"url\":\"https:\\\/\\\/www.renouvelle.be\\\/fr\\\/author\\\/salves\\\/\"}]}<\/script>\n<!-- \/ Yoast SEO plugin. -->","yoast_head_json":{"title":"Un avenir houleux pour l'\u00eele \u00e9nerg\u00e9tique Princesse Elisabeth - Renouvelle","description":"Face \u00e0 l'explosion des co\u00fbts de l'\u00eele \u00e9nerg\u00e9tique Princesse Elisabeth, la construction de l'infrastructure de courant continu est compromise.","robots":{"index":"index","follow":"follow","max-snippet":"max-snippet:-1","max-image-preview":"max-image-preview:large","max-video-preview":"max-video-preview:-1"},"canonical":"https:\/\/www.renouvelle.be\/fr\/un-avenir-houleux-pour-lile-energetique-princesse-elisabeth\/","og_locale":"fr_FR","og_type":"article","og_title":"Un avenir houleux pour l'\u00eele \u00e9nerg\u00e9tique Princesse Elisabeth - Renouvelle","og_description":"Face \u00e0 l'explosion des co\u00fbts de l'\u00eele \u00e9nerg\u00e9tique Princesse Elisabeth, la construction de l'infrastructure de courant continu est compromise.","og_url":"https:\/\/www.renouvelle.be\/fr\/un-avenir-houleux-pour-lile-energetique-princesse-elisabeth\/","og_site_name":"Renouvelle","article_published_time":"2025-05-13T11:57:59+00:00","article_modified_time":"2025-05-13T11:58:01+00:00","og_image":[{"width":2560,"height":1536,"url":"https:\/\/www.renouvelle.be\/wp-content\/uploads\/2025\/05\/AdobeStock_506115908-scaled-e1747137463909.jpeg","type":"image\/jpeg"}],"author":"Samuel Alves","twitter_card":"summary_large_image","schema":{"@context":"https:\/\/schema.org","@graph":[{"@type":"Article","@id":"https:\/\/www.renouvelle.be\/fr\/un-avenir-houleux-pour-lile-energetique-princesse-elisabeth\/#article","isPartOf":{"@id":"https:\/\/www.renouvelle.be\/fr\/un-avenir-houleux-pour-lile-energetique-princesse-elisabeth\/"},"author":{"name":"Samuel Alves","@id":"https:\/\/www.renouvelle.be\/fr\/#\/schema\/person\/9d743366fb269eeceaa8d60e98d289d3"},"headline":"Un avenir houleux pour l&rsquo;\u00eele \u00e9nerg\u00e9tique Princesse Elisabeth","datePublished":"2025-05-13T11:57:59+00:00","dateModified":"2025-05-13T11:58:01+00:00","mainEntityOfPage":{"@id":"https:\/\/www.renouvelle.be\/fr\/un-avenir-houleux-pour-lile-energetique-princesse-elisabeth\/"},"wordCount":214,"image":{"@id":"https:\/\/www.renouvelle.be\/fr\/un-avenir-houleux-pour-lile-energetique-princesse-elisabeth\/#primaryimage"},"thumbnailUrl":"https:\/\/www.renouvelle.be\/wp-content\/uploads\/2025\/05\/AdobeStock_506115908-scaled-e1747137463909.jpeg","articleSection":["Actualit\u00e9","Actualit\u00e9 en Belgique"],"inLanguage":"fr-FR"},{"@type":"WebPage","@id":"https:\/\/www.renouvelle.be\/fr\/un-avenir-houleux-pour-lile-energetique-princesse-elisabeth\/","url":"https:\/\/www.renouvelle.be\/fr\/un-avenir-houleux-pour-lile-energetique-princesse-elisabeth\/","name":"Un avenir houleux pour l'\u00eele \u00e9nerg\u00e9tique Princesse Elisabeth - Renouvelle","isPartOf":{"@id":"https:\/\/www.renouvelle.be\/fr\/#website"},"primaryImageOfPage":{"@id":"https:\/\/www.renouvelle.be\/fr\/un-avenir-houleux-pour-lile-energetique-princesse-elisabeth\/#primaryimage"},"image":{"@id":"https:\/\/www.renouvelle.be\/fr\/un-avenir-houleux-pour-lile-energetique-princesse-elisabeth\/#primaryimage"},"thumbnailUrl":"https:\/\/www.renouvelle.be\/wp-content\/uploads\/2025\/05\/AdobeStock_506115908-scaled-e1747137463909.jpeg","datePublished":"2025-05-13T11:57:59+00:00","dateModified":"2025-05-13T11:58:01+00:00","author":{"@id":"https:\/\/www.renouvelle.be\/fr\/#\/schema\/person\/9d743366fb269eeceaa8d60e98d289d3"},"description":"Face \u00e0 l'explosion des co\u00fbts de l'\u00eele \u00e9nerg\u00e9tique Princesse Elisabeth, la construction de l'infrastructure de courant continu est compromise.","breadcrumb":{"@id":"https:\/\/www.renouvelle.be\/fr\/un-avenir-houleux-pour-lile-energetique-princesse-elisabeth\/#breadcrumb"},"inLanguage":"fr-FR","potentialAction":[{"@type":"ReadAction","target":["https:\/\/www.renouvelle.be\/fr\/un-avenir-houleux-pour-lile-energetique-princesse-elisabeth\/"]}]},{"@type":"ImageObject","inLanguage":"fr-FR","@id":"https:\/\/www.renouvelle.be\/fr\/un-avenir-houleux-pour-lile-energetique-princesse-elisabeth\/#primaryimage","url":"https:\/\/www.renouvelle.be\/wp-content\/uploads\/2025\/05\/AdobeStock_506115908-scaled-e1747137463909.jpeg","contentUrl":"https:\/\/www.renouvelle.be\/wp-content\/uploads\/2025\/05\/AdobeStock_506115908-scaled-e1747137463909.jpeg","width":2560,"height":1536,"caption":"\u00eele \u00e9nerg\u00e9tique"},{"@type":"BreadcrumbList","@id":"https:\/\/www.renouvelle.be\/fr\/un-avenir-houleux-pour-lile-energetique-princesse-elisabeth\/#breadcrumb","itemListElement":[{"@type":"ListItem","position":1,"name":"Accueil","item":"https:\/\/www.renouvelle.be\/fr\/"},{"@type":"ListItem","position":2,"name":"Un avenir houleux pour l&rsquo;\u00eele \u00e9nerg\u00e9tique Princesse Elisabeth"}]},{"@type":"WebSite","@id":"https:\/\/www.renouvelle.be\/fr\/#website","url":"https:\/\/www.renouvelle.be\/fr\/","name":"Renouvelle","description":"L&#039;actualit\u00e9 de l&#039;\u00e9nergie durable","potentialAction":[{"@type":"SearchAction","target":{"@type":"EntryPoint","urlTemplate":"https:\/\/www.renouvelle.be\/fr\/?s={search_term_string}"},"query-input":{"@type":"PropertyValueSpecification","valueRequired":true,"valueName":"search_term_string"}}],"inLanguage":"fr-FR"},{"@type":"Person","@id":"https:\/\/www.renouvelle.be\/fr\/#\/schema\/person\/9d743366fb269eeceaa8d60e98d289d3","name":"Samuel Alves","url":"https:\/\/www.renouvelle.be\/fr\/author\/salves\/"}]}},"_links":{"self":[{"href":"https:\/\/www.renouvelle.be\/fr\/wp-json\/wp\/v2\/posts\/15086","targetHints":{"allow":["GET"]}}],"collection":[{"href":"https:\/\/www.renouvelle.be\/fr\/wp-json\/wp\/v2\/posts"}],"about":[{"href":"https:\/\/www.renouvelle.be\/fr\/wp-json\/wp\/v2\/types\/post"}],"author":[{"embeddable":true,"href":"https:\/\/www.renouvelle.be\/fr\/wp-json\/wp\/v2\/users\/38"}],"replies":[{"embeddable":true,"href":"https:\/\/www.renouvelle.be\/fr\/wp-json\/wp\/v2\/comments?post=15086"}],"version-history":[{"count":1,"href":"https:\/\/www.renouvelle.be\/fr\/wp-json\/wp\/v2\/posts\/15086\/revisions"}],"predecessor-version":[{"id":15087,"href":"https:\/\/www.renouvelle.be\/fr\/wp-json\/wp\/v2\/posts\/15086\/revisions\/15087"}],"wp:featuredmedia":[{"embeddable":true,"href":"https:\/\/www.renouvelle.be\/fr\/wp-json\/wp\/v2\/media\/15088"}],"wp:attachment":[{"href":"https:\/\/www.renouvelle.be\/fr\/wp-json\/wp\/v2\/media?parent=15086"}],"wp:term":[{"taxonomy":"category","embeddable":true,"href":"https:\/\/www.renouvelle.be\/fr\/wp-json\/wp\/v2\/categories?post=15086"},{"taxonomy":"post_tag","embeddable":true,"href":"https:\/\/www.renouvelle.be\/fr\/wp-json\/wp\/v2\/tags?post=15086"},{"taxonomy":"section","embeddable":true,"href":"https:\/\/www.renouvelle.be\/fr\/wp-json\/wp\/v2\/section?post=15086"}],"curies":[{"name":"wp","href":"https:\/\/api.w.org\/{rel}","templated":true}]}}