{"id":15016,"date":"2025-04-30T11:56:30","date_gmt":"2025-04-30T09:56:30","guid":{"rendered":"https:\/\/www.renouvelle.be\/?p=15016"},"modified":"2025-04-30T15:21:13","modified_gmt":"2025-04-30T13:21:13","slug":"bruxelles-des-amendes-pour-les-panneaux-solaires-non-declares","status":"publish","type":"post","link":"https:\/\/www.renouvelle.be\/fr\/bruxelles-des-amendes-pour-les-panneaux-solaires-non-declares\/","title":{"rendered":"Bruxelles : des amendes pour les panneaux solaires non d\u00e9clar\u00e9s"},"content":{"rendered":"\n<p>Cette obligation concerne aussi bien les panneaux solaires que les batteries de stockage et les bornes de recharge. \u00c0 Bruxelles, les habitants disposent d\u2019un d\u00e9lai de 30 jours pour d\u00e9clarer leur installation. Pass\u00e9 ce d\u00e9lai, Sibelga, le gestionnaire bruxellois des r\u00e9seaux de distribution d\u2019\u00e9lectricit\u00e9 et de gaz naturel, pourra infliger des p\u00e9nalit\u00e9s sous la forme d\u2019un tarif de non-d\u00e9claration. Celui-ci s\u2019\u00e9l\u00e8vera \u00e0 700 euros.<\/p>\n\n\n\n<p>Mais attention, cela ne s\u2019arr\u00eate pas l\u00e0 : si vous \u00eates prosumer et poss\u00e9dez un compteur classique, pensez \u00e9galement \u00e0 le faire r\u00e9gulariser, sous peine de voir votre consommation ajust\u00e9e comme si l\u2019\u00e9lectricit\u00e9 n\u2019avait \u00e9t\u00e9 ni autoconsomm\u00e9e ni inject\u00e9e sur le r\u00e9seau.<\/p>\n\n\n\n<p>Pourquoi est-il important de d\u00e9clarer votre installation ? Avec <a href=\"https:\/\/www.renouvelle.be\/fr\/en-2024-union-europeenne-a-installe-plus-de-65-gw-de-capacite-solaire\/\" target=\"_blank\" rel=\"noreferrer noopener\">l\u2019essor<\/a> de l\u2019\u00e9nergie solaire, de plus en plus de personnes optent pour la pose de panneaux photovolta\u00efques. Mais ne pas pr\u00e9venir son gestionnaire de r\u00e9seau fait courir le risque d\u2019une congestion locale du r\u00e9seau, ce qui pourrait entra\u00eener des d\u00e9crochages d\u2019onduleurs et des d\u00e9t\u00e9riorations des infrastructures.<\/p>\n\n\n\n<p>Si vous avez acquis des panneaux solaires dans le but de faire des \u00e9conomies d\u2019\u00e9nergie, il serait dommage de voir ces \u00e9conomies amoindries par des amendes. Alors, n&rsquo;oubliez pas de les d\u00e9clarer.<\/p>\n\n\n\n<p>Et pour le faire, \u00e7a se passe sur <a href=\"https:\/\/www.sibelga.be\/fr\/raccordements-compteurs\/mon-raccordement\/demande-de-travaux\/demande\/declaration-pv-cogen\" target=\"_blank\" rel=\"noreferrer noopener\">ce lien<\/a>.<\/p>\n","protected":false},"excerpt":{"rendered":"<p>Cette obligation concerne aussi bien les panneaux solaires que les batteries de stockage et les bornes de recharge. \u00c0 Bruxelles, les habitants disposent d\u2019un d\u00e9lai de 30 jours pour d\u00e9clarer leur installation. Pass\u00e9 ce d\u00e9lai, Sibelga, le gestionnaire bruxellois des r\u00e9seaux de distribution d\u2019\u00e9lectricit\u00e9 et de gaz naturel, pourra infliger des p\u00e9nalit\u00e9s sous la forme d\u2019un tarif de non-d\u00e9claration. Celui-ci s\u2019\u00e9l\u00e8vera \u00e0 700 euros. Mais attention, cela ne s\u2019arr\u00eate pas l\u00e0 : si vous \u00eates prosumer et poss\u00e9dez un compteur classique, pensez \u00e9galement \u00e0 le faire r\u00e9gulariser, sous peine de voir votre consommation ajust\u00e9e comme si l\u2019\u00e9lectricit\u00e9 n\u2019avait \u00e9t\u00e9 ni autoconsomm\u00e9e ni inject\u00e9e sur le r\u00e9seau. Pourquoi est-il important de d\u00e9clarer votre installation ? Avec l\u2019essor de l\u2019\u00e9nergie solaire, de plus en plus de personnes optent pour la pose de panneaux photovolta\u00efques. Mais ne pas pr\u00e9venir son gestionnaire de r\u00e9seau fait courir le risque d\u2019une congestion locale du r\u00e9seau, ce qui pourrait entra\u00eener des d\u00e9crochages d\u2019onduleurs et des d\u00e9t\u00e9riorations des infrastructures. Si vous avez acquis des panneaux solaires dans le but de faire des \u00e9conomies d\u2019\u00e9nergie, il serait dommage de voir ces \u00e9conomies amoindries par des amendes. Alors, n&rsquo;oubliez pas de les d\u00e9clarer. Et pour le faire, \u00e7a se passe sur ce lien.<\/p>\n","protected":false},"author":38,"featured_media":15021,"comment_status":"closed","ping_status":"closed","sticky":false,"template":"","format":"standard","meta":{"_acf_changed":false,"footnotes":""},"categories":[16,17],"tags":[],"section":[13],"class_list":["post-15016","post","type-post","status-publish","format-standard","has-post-thumbnail","hentry","category-actualite","category-actualite-en-belgique","section-solaire"],"acf":[],"yoast_head":"<!-- This site is optimized with the Yoast SEO plugin v27.4 - https:\/\/yoast.com\/product\/yoast-seo-wordpress\/ -->\n<title>Bruxelles : des amendes pour les panneaux solaires non d\u00e9clar\u00e9s - Renouvelle<\/title>\n<meta name=\"description\" content=\"Si vous habitez Bruxelles, n&#039;oubliez pas de penser \u00e0 la d\u00e9claration de votre installation de panneaux solaires. Elle est obligatoire.\" \/>\n<meta name=\"robots\" content=\"index, follow, max-snippet:-1, max-image-preview:large, max-video-preview:-1\" \/>\n<link rel=\"canonical\" href=\"https:\/\/www.renouvelle.be\/fr\/bruxelles-des-amendes-pour-les-panneaux-solaires-non-declares\/\" \/>\n<meta property=\"og:locale\" content=\"fr_FR\" \/>\n<meta property=\"og:type\" content=\"article\" \/>\n<meta property=\"og:title\" content=\"Bruxelles : des amendes pour les panneaux solaires non d\u00e9clar\u00e9s - Renouvelle\" \/>\n<meta property=\"og:description\" content=\"Si vous habitez Bruxelles, n&#039;oubliez pas de penser \u00e0 la d\u00e9claration de votre installation de panneaux solaires. Elle est obligatoire.\" \/>\n<meta property=\"og:url\" content=\"https:\/\/www.renouvelle.be\/fr\/bruxelles-des-amendes-pour-les-panneaux-solaires-non-declares\/\" \/>\n<meta property=\"og:site_name\" content=\"Renouvelle\" \/>\n<meta property=\"article:published_time\" content=\"2025-04-30T09:56:30+00:00\" \/>\n<meta property=\"article:modified_time\" content=\"2025-04-30T13:21:13+00:00\" \/>\n<meta property=\"og:image\" content=\"https:\/\/www.renouvelle.be\/wp-content\/uploads\/2025\/04\/AdobeStock_460299152-scaled.jpeg\" \/>\n\t<meta property=\"og:image:width\" content=\"2560\" \/>\n\t<meta property=\"og:image:height\" content=\"1707\" \/>\n\t<meta property=\"og:image:type\" content=\"image\/jpeg\" \/>\n<meta name=\"author\" content=\"Samuel Alves\" \/>\n<meta name=\"twitter:card\" content=\"summary_large_image\" \/>\n<script type=\"application\/ld+json\" class=\"yoast-schema-graph\">{\"@context\":\"https:\\\/\\\/schema.org\",\"@graph\":[{\"@type\":\"Article\",\"@id\":\"https:\\\/\\\/www.renouvelle.be\\\/fr\\\/bruxelles-des-amendes-pour-les-panneaux-solaires-non-declares\\\/#article\",\"isPartOf\":{\"@id\":\"https:\\\/\\\/www.renouvelle.be\\\/fr\\\/bruxelles-des-amendes-pour-les-panneaux-solaires-non-declares\\\/\"},\"author\":{\"name\":\"Samuel Alves\",\"@id\":\"https:\\\/\\\/www.renouvelle.be\\\/fr\\\/#\\\/schema\\\/person\\\/9d743366fb269eeceaa8d60e98d289d3\"},\"headline\":\"Bruxelles : des amendes pour les panneaux solaires non d\u00e9clar\u00e9s\",\"datePublished\":\"2025-04-30T09:56:30+00:00\",\"dateModified\":\"2025-04-30T13:21:13+00:00\",\"mainEntityOfPage\":{\"@id\":\"https:\\\/\\\/www.renouvelle.be\\\/fr\\\/bruxelles-des-amendes-pour-les-panneaux-solaires-non-declares\\\/\"},\"wordCount\":245,\"image\":{\"@id\":\"https:\\\/\\\/www.renouvelle.be\\\/fr\\\/bruxelles-des-amendes-pour-les-panneaux-solaires-non-declares\\\/#primaryimage\"},\"thumbnailUrl\":\"https:\\\/\\\/www.renouvelle.be\\\/wp-content\\\/uploads\\\/2025\\\/04\\\/AdobeStock_460299152-scaled.jpeg\",\"articleSection\":[\"Actualit\u00e9\",\"Actualit\u00e9 en Belgique\"],\"inLanguage\":\"fr-FR\"},{\"@type\":\"WebPage\",\"@id\":\"https:\\\/\\\/www.renouvelle.be\\\/fr\\\/bruxelles-des-amendes-pour-les-panneaux-solaires-non-declares\\\/\",\"url\":\"https:\\\/\\\/www.renouvelle.be\\\/fr\\\/bruxelles-des-amendes-pour-les-panneaux-solaires-non-declares\\\/\",\"name\":\"Bruxelles : des amendes pour les panneaux solaires non d\u00e9clar\u00e9s - Renouvelle\",\"isPartOf\":{\"@id\":\"https:\\\/\\\/www.renouvelle.be\\\/fr\\\/#website\"},\"primaryImageOfPage\":{\"@id\":\"https:\\\/\\\/www.renouvelle.be\\\/fr\\\/bruxelles-des-amendes-pour-les-panneaux-solaires-non-declares\\\/#primaryimage\"},\"image\":{\"@id\":\"https:\\\/\\\/www.renouvelle.be\\\/fr\\\/bruxelles-des-amendes-pour-les-panneaux-solaires-non-declares\\\/#primaryimage\"},\"thumbnailUrl\":\"https:\\\/\\\/www.renouvelle.be\\\/wp-content\\\/uploads\\\/2025\\\/04\\\/AdobeStock_460299152-scaled.jpeg\",\"datePublished\":\"2025-04-30T09:56:30+00:00\",\"dateModified\":\"2025-04-30T13:21:13+00:00\",\"author\":{\"@id\":\"https:\\\/\\\/www.renouvelle.be\\\/fr\\\/#\\\/schema\\\/person\\\/9d743366fb269eeceaa8d60e98d289d3\"},\"description\":\"Si vous habitez Bruxelles, n'oubliez pas de penser \u00e0 la d\u00e9claration de votre installation de panneaux solaires. Elle est obligatoire.\",\"breadcrumb\":{\"@id\":\"https:\\\/\\\/www.renouvelle.be\\\/fr\\\/bruxelles-des-amendes-pour-les-panneaux-solaires-non-declares\\\/#breadcrumb\"},\"inLanguage\":\"fr-FR\",\"potentialAction\":[{\"@type\":\"ReadAction\",\"target\":[\"https:\\\/\\\/www.renouvelle.be\\\/fr\\\/bruxelles-des-amendes-pour-les-panneaux-solaires-non-declares\\\/\"]}]},{\"@type\":\"ImageObject\",\"inLanguage\":\"fr-FR\",\"@id\":\"https:\\\/\\\/www.renouvelle.be\\\/fr\\\/bruxelles-des-amendes-pour-les-panneaux-solaires-non-declares\\\/#primaryimage\",\"url\":\"https:\\\/\\\/www.renouvelle.be\\\/wp-content\\\/uploads\\\/2025\\\/04\\\/AdobeStock_460299152-scaled.jpeg\",\"contentUrl\":\"https:\\\/\\\/www.renouvelle.be\\\/wp-content\\\/uploads\\\/2025\\\/04\\\/AdobeStock_460299152-scaled.jpeg\",\"width\":2560,\"height\":1707,\"caption\":\"Bruxelles d\u00e9claration panneaux solaires\"},{\"@type\":\"BreadcrumbList\",\"@id\":\"https:\\\/\\\/www.renouvelle.be\\\/fr\\\/bruxelles-des-amendes-pour-les-panneaux-solaires-non-declares\\\/#breadcrumb\",\"itemListElement\":[{\"@type\":\"ListItem\",\"position\":1,\"name\":\"Accueil\",\"item\":\"https:\\\/\\\/www.renouvelle.be\\\/fr\\\/\"},{\"@type\":\"ListItem\",\"position\":2,\"name\":\"Bruxelles : des amendes pour les panneaux solaires non d\u00e9clar\u00e9s\"}]},{\"@type\":\"WebSite\",\"@id\":\"https:\\\/\\\/www.renouvelle.be\\\/fr\\\/#website\",\"url\":\"https:\\\/\\\/www.renouvelle.be\\\/fr\\\/\",\"name\":\"Renouvelle\",\"description\":\"L&#039;actualit\u00e9 de l&#039;\u00e9nergie durable\",\"potentialAction\":[{\"@type\":\"SearchAction\",\"target\":{\"@type\":\"EntryPoint\",\"urlTemplate\":\"https:\\\/\\\/www.renouvelle.be\\\/fr\\\/?s={search_term_string}\"},\"query-input\":{\"@type\":\"PropertyValueSpecification\",\"valueRequired\":true,\"valueName\":\"search_term_string\"}}],\"inLanguage\":\"fr-FR\"},{\"@type\":\"Person\",\"@id\":\"https:\\\/\\\/www.renouvelle.be\\\/fr\\\/#\\\/schema\\\/person\\\/9d743366fb269eeceaa8d60e98d289d3\",\"name\":\"Samuel Alves\",\"url\":\"https:\\\/\\\/www.renouvelle.be\\\/fr\\\/author\\\/salves\\\/\"}]}<\/script>\n<!-- \/ Yoast SEO plugin. -->","yoast_head_json":{"title":"Bruxelles : des amendes pour les panneaux solaires non d\u00e9clar\u00e9s - Renouvelle","description":"Si vous habitez Bruxelles, n'oubliez pas de penser \u00e0 la d\u00e9claration de votre installation de panneaux solaires. Elle est obligatoire.","robots":{"index":"index","follow":"follow","max-snippet":"max-snippet:-1","max-image-preview":"max-image-preview:large","max-video-preview":"max-video-preview:-1"},"canonical":"https:\/\/www.renouvelle.be\/fr\/bruxelles-des-amendes-pour-les-panneaux-solaires-non-declares\/","og_locale":"fr_FR","og_type":"article","og_title":"Bruxelles : des amendes pour les panneaux solaires non d\u00e9clar\u00e9s - Renouvelle","og_description":"Si vous habitez Bruxelles, n'oubliez pas de penser \u00e0 la d\u00e9claration de votre installation de panneaux solaires. Elle est obligatoire.","og_url":"https:\/\/www.renouvelle.be\/fr\/bruxelles-des-amendes-pour-les-panneaux-solaires-non-declares\/","og_site_name":"Renouvelle","article_published_time":"2025-04-30T09:56:30+00:00","article_modified_time":"2025-04-30T13:21:13+00:00","og_image":[{"width":2560,"height":1707,"url":"https:\/\/www.renouvelle.be\/wp-content\/uploads\/2025\/04\/AdobeStock_460299152-scaled.jpeg","type":"image\/jpeg"}],"author":"Samuel Alves","twitter_card":"summary_large_image","schema":{"@context":"https:\/\/schema.org","@graph":[{"@type":"Article","@id":"https:\/\/www.renouvelle.be\/fr\/bruxelles-des-amendes-pour-les-panneaux-solaires-non-declares\/#article","isPartOf":{"@id":"https:\/\/www.renouvelle.be\/fr\/bruxelles-des-amendes-pour-les-panneaux-solaires-non-declares\/"},"author":{"name":"Samuel Alves","@id":"https:\/\/www.renouvelle.be\/fr\/#\/schema\/person\/9d743366fb269eeceaa8d60e98d289d3"},"headline":"Bruxelles : des amendes pour les panneaux solaires non d\u00e9clar\u00e9s","datePublished":"2025-04-30T09:56:30+00:00","dateModified":"2025-04-30T13:21:13+00:00","mainEntityOfPage":{"@id":"https:\/\/www.renouvelle.be\/fr\/bruxelles-des-amendes-pour-les-panneaux-solaires-non-declares\/"},"wordCount":245,"image":{"@id":"https:\/\/www.renouvelle.be\/fr\/bruxelles-des-amendes-pour-les-panneaux-solaires-non-declares\/#primaryimage"},"thumbnailUrl":"https:\/\/www.renouvelle.be\/wp-content\/uploads\/2025\/04\/AdobeStock_460299152-scaled.jpeg","articleSection":["Actualit\u00e9","Actualit\u00e9 en Belgique"],"inLanguage":"fr-FR"},{"@type":"WebPage","@id":"https:\/\/www.renouvelle.be\/fr\/bruxelles-des-amendes-pour-les-panneaux-solaires-non-declares\/","url":"https:\/\/www.renouvelle.be\/fr\/bruxelles-des-amendes-pour-les-panneaux-solaires-non-declares\/","name":"Bruxelles : des amendes pour les panneaux solaires non d\u00e9clar\u00e9s - Renouvelle","isPartOf":{"@id":"https:\/\/www.renouvelle.be\/fr\/#website"},"primaryImageOfPage":{"@id":"https:\/\/www.renouvelle.be\/fr\/bruxelles-des-amendes-pour-les-panneaux-solaires-non-declares\/#primaryimage"},"image":{"@id":"https:\/\/www.renouvelle.be\/fr\/bruxelles-des-amendes-pour-les-panneaux-solaires-non-declares\/#primaryimage"},"thumbnailUrl":"https:\/\/www.renouvelle.be\/wp-content\/uploads\/2025\/04\/AdobeStock_460299152-scaled.jpeg","datePublished":"2025-04-30T09:56:30+00:00","dateModified":"2025-04-30T13:21:13+00:00","author":{"@id":"https:\/\/www.renouvelle.be\/fr\/#\/schema\/person\/9d743366fb269eeceaa8d60e98d289d3"},"description":"Si vous habitez Bruxelles, n'oubliez pas de penser \u00e0 la d\u00e9claration de votre installation de panneaux solaires. Elle est obligatoire.","breadcrumb":{"@id":"https:\/\/www.renouvelle.be\/fr\/bruxelles-des-amendes-pour-les-panneaux-solaires-non-declares\/#breadcrumb"},"inLanguage":"fr-FR","potentialAction":[{"@type":"ReadAction","target":["https:\/\/www.renouvelle.be\/fr\/bruxelles-des-amendes-pour-les-panneaux-solaires-non-declares\/"]}]},{"@type":"ImageObject","inLanguage":"fr-FR","@id":"https:\/\/www.renouvelle.be\/fr\/bruxelles-des-amendes-pour-les-panneaux-solaires-non-declares\/#primaryimage","url":"https:\/\/www.renouvelle.be\/wp-content\/uploads\/2025\/04\/AdobeStock_460299152-scaled.jpeg","contentUrl":"https:\/\/www.renouvelle.be\/wp-content\/uploads\/2025\/04\/AdobeStock_460299152-scaled.jpeg","width":2560,"height":1707,"caption":"Bruxelles d\u00e9claration panneaux solaires"},{"@type":"BreadcrumbList","@id":"https:\/\/www.renouvelle.be\/fr\/bruxelles-des-amendes-pour-les-panneaux-solaires-non-declares\/#breadcrumb","itemListElement":[{"@type":"ListItem","position":1,"name":"Accueil","item":"https:\/\/www.renouvelle.be\/fr\/"},{"@type":"ListItem","position":2,"name":"Bruxelles : des amendes pour les panneaux solaires non d\u00e9clar\u00e9s"}]},{"@type":"WebSite","@id":"https:\/\/www.renouvelle.be\/fr\/#website","url":"https:\/\/www.renouvelle.be\/fr\/","name":"Renouvelle","description":"L&#039;actualit\u00e9 de l&#039;\u00e9nergie durable","potentialAction":[{"@type":"SearchAction","target":{"@type":"EntryPoint","urlTemplate":"https:\/\/www.renouvelle.be\/fr\/?s={search_term_string}"},"query-input":{"@type":"PropertyValueSpecification","valueRequired":true,"valueName":"search_term_string"}}],"inLanguage":"fr-FR"},{"@type":"Person","@id":"https:\/\/www.renouvelle.be\/fr\/#\/schema\/person\/9d743366fb269eeceaa8d60e98d289d3","name":"Samuel Alves","url":"https:\/\/www.renouvelle.be\/fr\/author\/salves\/"}]}},"_links":{"self":[{"href":"https:\/\/www.renouvelle.be\/fr\/wp-json\/wp\/v2\/posts\/15016","targetHints":{"allow":["GET"]}}],"collection":[{"href":"https:\/\/www.renouvelle.be\/fr\/wp-json\/wp\/v2\/posts"}],"about":[{"href":"https:\/\/www.renouvelle.be\/fr\/wp-json\/wp\/v2\/types\/post"}],"author":[{"embeddable":true,"href":"https:\/\/www.renouvelle.be\/fr\/wp-json\/wp\/v2\/users\/38"}],"replies":[{"embeddable":true,"href":"https:\/\/www.renouvelle.be\/fr\/wp-json\/wp\/v2\/comments?post=15016"}],"version-history":[{"count":8,"href":"https:\/\/www.renouvelle.be\/fr\/wp-json\/wp\/v2\/posts\/15016\/revisions"}],"predecessor-version":[{"id":15027,"href":"https:\/\/www.renouvelle.be\/fr\/wp-json\/wp\/v2\/posts\/15016\/revisions\/15027"}],"wp:featuredmedia":[{"embeddable":true,"href":"https:\/\/www.renouvelle.be\/fr\/wp-json\/wp\/v2\/media\/15021"}],"wp:attachment":[{"href":"https:\/\/www.renouvelle.be\/fr\/wp-json\/wp\/v2\/media?parent=15016"}],"wp:term":[{"taxonomy":"category","embeddable":true,"href":"https:\/\/www.renouvelle.be\/fr\/wp-json\/wp\/v2\/categories?post=15016"},{"taxonomy":"post_tag","embeddable":true,"href":"https:\/\/www.renouvelle.be\/fr\/wp-json\/wp\/v2\/tags?post=15016"},{"taxonomy":"section","embeddable":true,"href":"https:\/\/www.renouvelle.be\/fr\/wp-json\/wp\/v2\/section?post=15016"}],"curies":[{"name":"wp","href":"https:\/\/api.w.org\/{rel}","templated":true}]}}