{"id":14975,"date":"2025-05-06T13:27:15","date_gmt":"2025-05-06T11:27:15","guid":{"rendered":"https:\/\/www.renouvelle.be\/?p=14975"},"modified":"2025-05-08T14:32:29","modified_gmt":"2025-05-08T12:32:29","slug":"decarboner-notre-electricite-grace-a-la-biomethanisation","status":"publish","type":"post","link":"https:\/\/www.renouvelle.be\/fr\/decarboner-notre-electricite-grace-a-la-biomethanisation\/","title":{"rendered":"D\u00e9carboner notre \u00e9lectricit\u00e9 gr\u00e2ce \u00e0 la biom\u00e9thanisation ?"},"content":{"rendered":"\n<p>La biom\u00e9thanisation consiste en la fermentation de mati\u00e8res organiques (effluents d\u2019\u00e9levage, d\u00e9chets agroalimentaires, cultures d\u00e9di\u00e9es) pour en produire du biogaz qui pourra \u00eatre valoris\u00e9 sous forme de chaleur, d\u2019\u00e9lectricit\u00e9 ou en cog\u00e9n\u00e9ration (\u00e9lectricit\u00e9 et chaleur). \u00c9pur\u00e9 en biom\u00e9thane (on retire le CO\u2082), il peut \u00eatre inject\u00e9 dans le r\u00e9seau de gaz naturel.<\/p>\n\n\n\n<p>En Wallonie et en Flandre, les installations ont surtout pr\u00e9f\u00e9r\u00e9 la cog\u00e9n\u00e9ration, soutenues par le syst\u00e8me de certificats verts li\u00e9 \u00e0 la production d\u2019\u00e9lectricit\u00e9 verte. Faute de m\u00e9canisme d\u00e9di\u00e9 au gaz vert, la r\u00e9mun\u00e9ration du biom\u00e9thane en Wallonie s\u2019appuie \u00e9galement sur ces certificats. Cette d\u00e9pendance est li\u00e9e \u00e0 l\u2019am\u00e9lioration du bilan carbone d\u2019une cog\u00e9n\u00e9ration fossile qui consommerait le biom\u00e9thane inject\u00e9 sur le r\u00e9seau pour substituer, au moins en partie, sa consommation en gaz fossile.<\/p>\n\n\n\n<p>La premi\u00e8re injection de biom\u00e9thane sur le r\u00e9seau wallon date seulement de 2021, bien apr\u00e8s les premi\u00e8res unit\u00e9s de cog\u00e9n\u00e9ration des ann\u00e9es 2000. Mais comment la biom\u00e9thanisation peut-elle fournir de l\u2019\u00e9lectricit\u00e9 verte en valorisant les r\u00e9sidus agricoles ? C\u2019est ce qu\u2019on vous explique dans cet article.<\/p>\n\n\n\n<h2 class=\"wp-block-heading\">La biom\u00e9thanisation en Wallonie<\/h2>\n\n\n\n<p>En 2024, on comptait <a href=\"https:\/\/www.renouvelle.be\/fr\/la-biomethanisation-reprend-sa-progression-en-wallonie\/\" target=\"_blank\" rel=\"noreferrer noopener\">63 unit\u00e9s<\/a> de biom\u00e9thanisation, pour la plupart agricoles. Parmi les nouveaux projets figure celui de Walvert, inaugur\u00e9 en janvier 2024 \u00e0 Mettet. Cette unit\u00e9 agricole de taille moyenne (600 kW \u00e9lectrique), install\u00e9e en pleine campagne, fonctionne en circuit court avec plus de 20 agriculteurs et PME situ\u00e9s dans un rayon de 15 km. <\/p>\n\n\n\n<p>Le principe de fonctionnement est le m\u00eame que partout ailleurs. L\u2019\u00e9l\u00e9ment central de la biom\u00e9thanisation est le digesteur, sorte de grande cuve o\u00f9 la mati\u00e8re organique broy\u00e9e, d\u00e9compos\u00e9e par des micro-organismes, fermente sans oxyg\u00e8ne, produisant ainsi un biogaz riche en m\u00e9thane (50 \u00e0 60 %). Il faut environ 6 mois pour extraire tout le gaz d\u2019un m\u00b3 de mati\u00e8re. Stock\u00e9 dans un d\u00f4me en plastique (surplombant le digesteur), le biogaz sera ensuite pr\u00e9trait\u00e9, puis envoy\u00e9 \u00e0 l\u2019unit\u00e9 de cog\u00e9n\u00e9ration. Le r\u00e9sidu, appel\u00e9 digestat, est conserv\u00e9 sur place et utilis\u00e9 comme engrais par les agriculteurs, gr\u00e2ce \u00e0 sa richesse en carbone et en azote.<\/p>\n\n\n<div class=\"wp-block-image\">\n<figure class=\"aligncenter size-full\"><img loading=\"lazy\" decoding=\"async\" width=\"557\" height=\"332\" src=\"https:\/\/www.renouvelle.be\/wp-content\/uploads\/2025\/04\/Image1.png\" alt=\"biom\u00e9thanisation \u00e9lectricit\u00e9\" class=\"wp-image-14985\" srcset=\"https:\/\/www.renouvelle.be\/wp-content\/uploads\/2025\/04\/Image1.png 557w, https:\/\/www.renouvelle.be\/wp-content\/uploads\/2025\/04\/Image1-300x179.png 300w\" sizes=\"auto, (max-width: 557px) 100vw, 557px\" \/><figcaption class=\"wp-element-caption\">Cycle de production du biogaz par une unit\u00e9 de biom\u00e9thanisation agricole. Source : Valbiom<\/figcaption><\/figure>\n<\/div>\n\n\n<h2 class=\"wp-block-heading\">Production d\u2019\u00e9lectricit\u00e9<\/h2>\n\n\n\n<p>Le biogaz est d\u2019abord pr\u00e9trait\u00e9 pour en retirer la vapeur d\u2019eau et les sulfures d\u2019hydrog\u00e8ne, puis br\u00fbl\u00e9 en cog\u00e9n\u00e9ration pour produire de l\u2019\u00e9lectricit\u00e9 (g\u00e9n\u00e9rateur). La chaleur issue des gaz d\u2019\u00e9chappement, des circuits de refroidissement et du moteur est partiellement utilis\u00e9e pour chauffer le digesteur \u00e0 38\u202f\u00b0C. Le reste est souvent perdu, faute de valorisation. \u00c0 Mettet, deux projets sont \u00e0 l\u2019\u00e9tude : un r\u00e9seau de chaleur vers le zoning industriel \u00e0 proximit\u00e9 et un autre pour chauffer une serre mara\u00eech\u00e8re.<\/p>\n\n\n\n<p>En valorisant \u00e0 la fois l\u2019\u00e9lectricit\u00e9 et la chaleur, une cog\u00e9n\u00e9ration peut atteindre un rendement global de 80 \u00e0 90 % (rendement \u00e9lec 20 \u00e0 40 % + rendement chauffage entre 40 \u00e0 60 %), sup\u00e9rieur \u00e0 celui d\u2019une centrale classique (~55\u202f%). \u00c0 Mettet, la production annuelle estim\u00e9e couvrirait les besoins en \u00e9lectricit\u00e9 de 3\u202f500 foyers (4\u202f500 MWh) et de chauffage de 300 foyers (5\u202f400 MWh). L\u2019alternative aurait \u00e9t\u00e9 d\u2019\u00e9purer le biogaz en biom\u00e9thane (98 % CH\u2084) pour l\u2019injecter dans le r\u00e9seau ou le convertir en biocarburant (bioGNC\/bioGNL), mais cela n\u00e9cessite des infrastructures et un raccordement gazier. Le sujet est abord\u00e9 dans l\u2019article suivant.<\/p>\n\n\n\n<h2 class=\"wp-block-heading\"> Est-ce rentable\u00a0?<\/h2>\n\n\n\n<p>Pour rentabiliser l\u2019investissement, l\u2019\u00e9lectricit\u00e9 produite doit au moins couvrir son co\u00fbt de production, qui varie selon la taille de l\u2019installation, la technologie, les co\u00fbts d\u2019exploitation, les intrants et les charges financi\u00e8res.<\/p>\n\n\n\n<ul class=\"wp-block-list\">\n<li><strong>Investissement initial : <\/strong>infrastructure (zone de stockage, b\u00e2timents, digesteur, cog\u00e9n\u00e9ration, raccordement, etc.), entre 4 000 et 12 000 \u20ac\/kWe<\/li>\n\n\n\n<li><strong>Co\u00fbts d\u2019exploitation : <\/strong>maintenance du site et du cycle de digestion, op\u00e9rateurs internes et externes qui monitorent et interviennent en cas de d\u00e9faillance.<\/li>\n\n\n\n<li><strong>Co\u00fbts des intrants : <\/strong>achat des intrants et revente du digestat, incluant le co\u00fbt du transport de la mati\u00e8re.<\/li>\n\n\n\n<li><strong>Charges financi\u00e8res : <\/strong>poids du capital ou de l\u2019emprunt mobilis\u00e9 (pr\u00eat, actionnariat)<\/li>\n<\/ul>\n\n\n\n<p>Le co\u00fbt de production pour une rentabilit\u00e9 en 7 \u00e0 15 ans se situe autour de 250 \u00e0 300\u202f\u20ac\/MWh, bien qu\u2019il varie selon les projets. Une exploitation \u00e0 la ferme a l\u2019avantage de r\u00e9duire ses co\u00fbts gr\u00e2ce \u00e0 ses ressources propres et \u00e0 l\u2019usage direct de l\u2019\u00e9nergie produite, mais sans b\u00e9n\u00e9ficier des \u00e9conomies d\u2019\u00e9chelle. Outre les \u00e9conomies r\u00e9alis\u00e9es, des m\u00e9canismes de soutien public et de march\u00e9 permettent de compenser le co\u00fbt de production. D&rsquo;autres pistes de valorisation sont \u00e9galement \u00e0 l\u2019\u00e9tude.<a id=\"_msocom_1\"><\/a><\/p>\n\n\n\n<h2 class=\"wp-block-heading\">La vente d\u2019\u00e9lectricit\u00e9 sur le march\u00e9<\/h2>\n\n\n\n<p>Les exploitants de centrales peuvent aujourd\u2019hui revendre leur \u00e9lectricit\u00e9 inject\u00e9e sur le r\u00e9seau \u00e0 des fournisseurs d\u2019\u00e9lectricit\u00e9. Ceux-ci proposent des contrats de rachat de plusieurs types :<\/p>\n\n\n\n<p><strong>Contrat dynamique&nbsp;: <\/strong>Le prix de rachat de l\u2019injection d\u2019\u00e9lectricit\u00e9 du producteur par son fournisseur varie chaque heure selon le march\u00e9 SPOT (day-ahead\/intraday). Dans ce type de contrat, le prix peut jouer aux montagnes russes en fonction de l\u2019abondance\/la p\u00e9nurie d\u2019\u00e9lectricit\u00e9 sur le r\u00e9seau. Ce type de contrat pousse le producteur \u00e0 jouer sur la flexibilit\u00e9 de sa centrale pour que celle-ci optimise la revente de l\u2019\u00e9lectricit\u00e9 aux meilleurs prix de la journ\u00e9e, mais en s\u2019exposant \u00e9galement aux prix n\u00e9gatifs et \u00e0 la marge que prend les n\u00e9gociants. Il prend donc une plus grande partie du risque.<\/p>\n\n\n\n<p><strong>Les prix variables mensuels-trimestriels&nbsp;:<\/strong> Le prix suit toujours le march\u00e9, mais avec plus de stabilit\u00e9 gr\u00e2ce \u00e0 des moyennes journali\u00e8res. Moins volatil que le contrat dynamique, il convient aux centrales moins flexibles. Le fournisseur prend une part plus importante du risque, ce qui se refl\u00e8te dans sa marge plus \u00e9lev\u00e9e.<\/p>\n\n\n\n<p><strong>Les prix fixe&nbsp;:<\/strong> Le tarif est d\u00e9fini d\u00e8s la signature du contrat, offrant au producteur une visibilit\u00e9 \u00e0 long terme, le risque de volatilit\u00e9 \u00e9tant transf\u00e9r\u00e9 au fournisseur. Ce type de contrat s\u00e9curise les revenus, mais ne permet pas de profiter des pics de prix. Il est id\u00e9al pour une production r\u00e9guli\u00e8re.<\/p>\n\n\n\n<h2 class=\"wp-block-heading\">M\u00e9canisme de certificats verts<\/h2>\n\n\n\n<p>Les cog\u00e9n\u00e9rations au biogaz sont soutenues par le syst\u00e8me des certificats verts avec 2,5 CV attribu\u00e9s par MWh produit et inject\u00e9, soit un compl\u00e9ment moyen de 163 \u20ac\/MWh pendant 15 ans (suivant une moyenne de 65 \u20ac par CV). Ce soutien constitue une base de revenus, compl\u00e9t\u00e9e par la vente d\u2019\u00e9lectricit\u00e9. Depuis janvier 2025, un nouveau calcul bas\u00e9 sur le CPMA (Co\u00fbt de Production Moyen Actualis\u00e9) adapte l\u2019aide selon la taille de l\u2019installation et la valorisation sur le march\u00e9. Ce syst\u00e8me, cependant, prendra fin en 2028 sous l\u2019impulsion europ\u00e9enne, obligeant la Wallonie \u00e0 d\u00e9velopper un nouveau m\u00e9canisme de soutien.<\/p>\n\n\n\n<figure class=\"wp-block-image size-large\"><img loading=\"lazy\" decoding=\"async\" width=\"1024\" height=\"517\" src=\"https:\/\/www.renouvelle.be\/wp-content\/uploads\/2025\/04\/AdobeStock_378422996-1-scaled-e1745590120792-1024x517.jpeg\" alt=\"biom\u00e9thanisation \u00e9lectricit\u00e9\" class=\"wp-image-14996\" srcset=\"https:\/\/www.renouvelle.be\/wp-content\/uploads\/2025\/04\/AdobeStock_378422996-1-scaled-e1745590120792-1024x517.jpeg 1024w, https:\/\/www.renouvelle.be\/wp-content\/uploads\/2025\/04\/AdobeStock_378422996-1-scaled-e1745590120792-300x152.jpeg 300w, https:\/\/www.renouvelle.be\/wp-content\/uploads\/2025\/04\/AdobeStock_378422996-1-scaled-e1745590120792-768x388.jpeg 768w, https:\/\/www.renouvelle.be\/wp-content\/uploads\/2025\/04\/AdobeStock_378422996-1-scaled-e1745590120792-1536x776.jpeg 1536w, https:\/\/www.renouvelle.be\/wp-content\/uploads\/2025\/04\/AdobeStock_378422996-1-scaled-e1745590120792-2048x1034.jpeg 2048w, https:\/\/www.renouvelle.be\/wp-content\/uploads\/2025\/04\/AdobeStock_378422996-1-scaled-e1745590120792-1200x606.jpeg 1200w\" sizes=\"auto, (max-width: 1024px) 100vw, 1024px\" \/><\/figure>\n\n\n\n<h2 class=\"wp-block-heading\">Contract for difference (CFD)<\/h2>\n\n\n\n<p>Le Contract for Difference (CFD) est une alternative aux certificats verts : les producteurs participent \u00e0 un appel d\u2019offres des autorit\u00e9s publiques en proposant un prix de r\u00e9f\u00e9rence bas\u00e9 sur leurs co\u00fbts de production. Ensuite, le producteur s\u00e9lectionn\u00e9 vend son \u00e9lectricit\u00e9 sur le march\u00e9 et re\u00e7oit (ou rembourse) la diff\u00e9rence avec ce prix de r\u00e9f\u00e9rence selon les fluctuations du march\u00e9.<\/p>\n\n\n\n<p>Aucun projet de biom\u00e9thanisation sous CFD n\u2019existe encore en Wallonie, \u00e0 notre connaissance, mais ce mod\u00e8le se d\u00e9veloppe en Europe. S\u2019il n\u2019est pas adapt\u00e9, il pourrait exclure les petites exploitations moins rentables.<\/p>\n\n\n\n<h2 class=\"wp-block-heading\">Feed-In Tariff (FiT)<\/h2>\n\n\n\n<p>Le Feed-in Tariff est un soutien aux \u00e9nergies renouvelables, garantissant un prix fixe pour l\u2019\u00e9lectricit\u00e9 ou le gaz vert inject\u00e9 dans le r\u00e9seau sur une p\u00e9riode d\u00e9finie. L\u2019objectif est de s\u00e9curiser les investissements et de compenser les surco\u00fbts face aux \u00e9nergies fossiles. Pour le biom\u00e9thane, cela signifie un tarif d\u2019achat par MWh inject\u00e9.<\/p>\n\n\n\n<p>En Allemagne, ce syst\u00e8me soutient le march\u00e9 du bioGNL gr\u00e2ce \u00e0 une obligation d\u2019incorporation de biocarburants avanc\u00e9s dans les transports. Cette demande croissante rend le biom\u00e9thane produit en Europe plus rentable, y compris pour les producteurs wallons. Bien que non encore appliqu\u00e9 en Wallonie, le FiT repr\u00e9sente une piste de soutien \u00e0 explorer.<\/p>\n\n\n\n<h2 class=\"wp-block-heading\">Participer \u00e0 des m\u00e9canismes de flexibilit\u00e9<\/h2>\n\n\n\n<p>Avec la croissance des \u00e9nergies renouvelables intermittentes et l\u2019\u00e9lectrification de nos usages, l\u2019\u00e9quilibre entre l\u2019offre et la demande d\u2019\u00e9lectricit\u00e9 devient plus fluctuant. Pour garantir cet \u00e9quilibre, les gestionnaires de r\u00e9seau auront recours \u00e0 des capacit\u00e9s de \u00ab flexibilit\u00e9 \u00bb, r\u00e9parties en deux cat\u00e9gories : <strong>la flexibilit\u00e9 par le bas (flex down),<\/strong> qui consiste \u00e0 r\u00e9duire la production lorsque l\u2019offre d\u00e9passe la demande, comme lors d\u2019un apr\u00e8s-midi tr\u00e8s ensoleill\u00e9 ; et <strong>la flexibilit\u00e9 par le haut (flex up)<\/strong>, qui mobilise une r\u00e9serve de puissance disponible en cas de besoin. Ces m\u00e9canismes sont d\u00e9j\u00e0 utilis\u00e9s dans les barrages de pompage-turbinage. Dans le cas de la biom\u00e9thanisation, on pourrait imaginer une flexibilit\u00e9 bas\u00e9e sur le stockage du biogaz dans le digesteur ou du biom\u00e9thane comprim\u00e9 avant son injection ou sa valorisation. Ce type de r\u00e9serve n\u2019est pas encore pratiqu\u00e9 dans le secteur, mais la flex down semble la plus facilement mobilisable, car elle permet de maintenir la production maximale hors p\u00e9riodes de r\u00e9gulation.<\/p>\n\n\n\n<h2 class=\"wp-block-heading\">Le partage d\u2019\u00e9nergie et la biom\u00e9thanisation<\/h2>\n\n\n\n<p>Le partage d\u2019\u00e9nergie est une activit\u00e9 qui se d\u00e9veloppe progressivement en Wallonie, notamment \u00e0 travers l\u2019\u00e9mergence de communaut\u00e9s d\u2019\u00e9nergie (<a href=\"https:\/\/www.renouvelle.be\/fr\/communaute-energie-renouvelable-a-aubange-une-premiere-en-wallonie\/\" target=\"_blank\" rel=\"noreferrer noopener\">voir notre article sur le sujet<\/a>). Ce m\u00e9canisme permet \u00e0 diff\u00e9rents acteurs (citoyens, pouvoirs publics, entreprises) de se r\u00e9partir de l\u2019\u00e9lectricit\u00e9 produite localement (panneaux solaires, \u00e9oliennes, biom\u00e9thanisation), sans devoir obtenir de licence de fournisseur. Les producteurs injectent sur le r\u00e9seau l\u2019\u00e9lectricit\u00e9 qu\u2019ils ne consomment pas eux-m\u00eames, et des consommateurs la r\u00e9cup\u00e8rent via des contrats de partage, et dans certains cas au sein d\u2019une communaut\u00e9 d\u2019\u00e9nergie.<\/p>\n\n\n\n<p>Pour une centrale de biom\u00e9thanisation, cela repr\u00e9senterait une opportunit\u00e9 de vendre son \u00e9lectricit\u00e9 \u00e0 un prix n\u00e9goci\u00e9 directement avec les b\u00e9n\u00e9ficiaires du partage, en dehors de la volatilit\u00e9 du march\u00e9. Bien qu\u2019aucun exemple de ce type n\u2019existe encore en Wallonie, cette approche pourrait favoriser le d\u00e9veloppement de circuits courts de l\u2019\u00e9nergie en milieu rural, en lien direct avec les unit\u00e9s agricoles de production.<\/p>\n\n\n\n<h2 class=\"wp-block-heading\">Les perspectives du biogaz et de la cog\u00e9n\u00e9ration en Wallonie<\/h2>\n\n\n\n<p>La biom\u00e9thanisation a un r\u00f4le \u00e0 jouer dans la production d\u2019\u00e9lectricit\u00e9 renouvelable en Wallonie, notamment en apportant de la flexibilit\u00e9 au r\u00e9seau en p\u00e9riode de surplus ou de p\u00e9nurie. Toutefois, sans un march\u00e9 adapt\u00e9 aux petites unit\u00e9s ni des prix garantis, il sera difficile d\u2019assurer la rentabilit\u00e9 des exploitations, surtout apr\u00e8s la disparition des certificats verts. Les projets capables de valoriser la chaleur fatale \u00e0 proximit\u00e9 resteront les plus viables, bien que certains puissent b\u00e9n\u00e9ficier ponctuellement de subsides \u00e0 l\u2019investissement.<\/p>\n\n\n\n<p>Pour assurer leur p\u00e9rennit\u00e9, les unit\u00e9s de biom\u00e9thanisation pourront s\u2019appuyer sur de nouveaux m\u00e9canismes de soutien test\u00e9s ailleurs en Europe, comme le Contract for Difference (CFD) ou le Feed-in Tariff. D\u2019autres opportunit\u00e9s \u00e9mergent \u00e9galement via des m\u00e9canismes de march\u00e9 : contrats de flexibilit\u00e9, PPA (Power Purchase Agreements) ou encore le partage d\u2019\u00e9nergie, qui commence doucement \u00e0 se d\u00e9velopper en Wallonie.<\/p>\n\n\n\n<p><br>Article co\u00e9crit avec <a href=\"https:\/\/www.valbiom.be\/\" target=\"_blank\" rel=\"noreferrer noopener\">Valbiom<\/a><\/p>\n","protected":false},"excerpt":{"rendered":"<p>La biom\u00e9thanisation consiste en la fermentation de mati\u00e8res organiques (effluents d\u2019\u00e9levage, d\u00e9chets agroalimentaires, cultures d\u00e9di\u00e9es) pour en produire du biogaz qui pourra \u00eatre valoris\u00e9 sous forme de chaleur, d\u2019\u00e9lectricit\u00e9 ou en cog\u00e9n\u00e9ration (\u00e9lectricit\u00e9 et chaleur). \u00c9pur\u00e9 en biom\u00e9thane (on retire le CO\u2082), il peut \u00eatre inject\u00e9 dans le r\u00e9seau de gaz naturel. En Wallonie et en Flandre, les installations ont surtout pr\u00e9f\u00e9r\u00e9 la cog\u00e9n\u00e9ration, soutenues par le syst\u00e8me de certificats verts li\u00e9 \u00e0 la production d\u2019\u00e9lectricit\u00e9 verte. Faute de m\u00e9canisme d\u00e9di\u00e9 au gaz vert, la r\u00e9mun\u00e9ration du biom\u00e9thane en Wallonie s\u2019appuie \u00e9galement sur ces certificats. Cette d\u00e9pendance est li\u00e9e \u00e0 l\u2019am\u00e9lioration du bilan carbone d\u2019une cog\u00e9n\u00e9ration fossile qui consommerait le biom\u00e9thane inject\u00e9 sur le r\u00e9seau pour substituer, au moins en partie, sa consommation en gaz fossile. La premi\u00e8re injection de biom\u00e9thane sur le r\u00e9seau wallon date seulement de 2021, bien apr\u00e8s les premi\u00e8res unit\u00e9s de cog\u00e9n\u00e9ration des ann\u00e9es 2000. Mais comment la biom\u00e9thanisation peut-elle fournir de l\u2019\u00e9lectricit\u00e9 verte en valorisant les r\u00e9sidus agricoles ? C\u2019est ce qu\u2019on vous explique dans cet article. La biom\u00e9thanisation en Wallonie En 2024, on comptait 63 unit\u00e9s de biom\u00e9thanisation, pour la plupart agricoles. Parmi les nouveaux projets figure celui de Walvert, inaugur\u00e9 en janvier 2024 \u00e0 Mettet. Cette unit\u00e9 agricole de taille moyenne (600 kW \u00e9lectrique), install\u00e9e en pleine campagne, fonctionne en circuit court avec plus de 20 agriculteurs et PME situ\u00e9s dans un rayon de 15 km. Le principe de fonctionnement est le m\u00eame que partout ailleurs. L\u2019\u00e9l\u00e9ment central de la biom\u00e9thanisation est le digesteur, sorte de grande cuve o\u00f9 la mati\u00e8re organique broy\u00e9e, d\u00e9compos\u00e9e par des micro-organismes, fermente sans oxyg\u00e8ne, produisant ainsi un biogaz riche en m\u00e9thane (50 \u00e0 60 %). Il faut environ 6 mois pour extraire tout le gaz d\u2019un m\u00b3 &hellip; <a href=\"https:\/\/www.renouvelle.be\/fr\/decarboner-notre-electricite-grace-a-la-biomethanisation\/\" class=\"more-link\">Continue reading<span class=\"screen-reader-text\"> \u00ab\u00a0D\u00e9carboner notre \u00e9lectricit\u00e9 gr\u00e2ce \u00e0 la biom\u00e9thanisation ?\u00a0\u00bb<\/span><\/a><\/p>\n","protected":false},"author":27,"featured_media":14982,"comment_status":"closed","ping_status":"closed","sticky":false,"template":"","format":"standard","meta":{"_acf_changed":false,"footnotes":""},"categories":[63],"tags":[],"section":[8,4],"class_list":["post-14975","post","type-post","status-publish","format-standard","has-post-thumbnail","hentry","category-analyses","section-energie-renouvelables","section-biomasse-energie"],"acf":[],"yoast_head":"<!-- This site is optimized with the Yoast SEO plugin v27.5 - https:\/\/yoast.com\/product\/yoast-seo-wordpress\/ -->\n<title>D\u00e9carboner notre \u00e9lectricit\u00e9 gr\u00e2ce \u00e0 la biom\u00e9thanisation ? - Renouvelle<\/title>\n<meta name=\"description\" content=\"Et si la biom\u00e9thanisation \u00e9tait une solution pour d\u00e9carboner la consommation d&#039;\u00e9lectricit\u00e9 en Wallonie ? Analyse.\" \/>\n<meta name=\"robots\" content=\"index, follow, max-snippet:-1, max-image-preview:large, max-video-preview:-1\" \/>\n<link rel=\"canonical\" href=\"https:\/\/www.renouvelle.be\/fr\/decarboner-notre-electricite-grace-a-la-biomethanisation\/\" \/>\n<meta property=\"og:locale\" content=\"fr_FR\" \/>\n<meta property=\"og:type\" content=\"article\" \/>\n<meta property=\"og:title\" content=\"D\u00e9carboner notre \u00e9lectricit\u00e9 gr\u00e2ce \u00e0 la biom\u00e9thanisation ? - Renouvelle\" \/>\n<meta property=\"og:description\" content=\"Et si la biom\u00e9thanisation \u00e9tait une solution pour d\u00e9carboner la consommation d&#039;\u00e9lectricit\u00e9 en Wallonie ? Analyse.\" \/>\n<meta property=\"og:url\" content=\"https:\/\/www.renouvelle.be\/fr\/decarboner-notre-electricite-grace-a-la-biomethanisation\/\" \/>\n<meta property=\"og:site_name\" content=\"Renouvelle\" \/>\n<meta property=\"article:published_time\" content=\"2025-05-06T11:27:15+00:00\" \/>\n<meta property=\"article:modified_time\" content=\"2025-05-08T12:32:29+00:00\" \/>\n<meta property=\"og:image\" content=\"https:\/\/www.renouvelle.be\/wp-content\/uploads\/2025\/04\/AdobeStock_158290689-e1745589299178.jpeg\" \/>\n\t<meta property=\"og:image:width\" content=\"2500\" \/>\n\t<meta property=\"og:image:height\" content=\"1538\" \/>\n\t<meta property=\"og:image:type\" content=\"image\/jpeg\" \/>\n<meta name=\"author\" content=\"Jean Frippiat\" \/>\n<meta name=\"twitter:card\" content=\"summary_large_image\" \/>\n<script type=\"application\/ld+json\" class=\"yoast-schema-graph\">{\"@context\":\"https:\\\/\\\/schema.org\",\"@graph\":[{\"@type\":\"Article\",\"@id\":\"https:\\\/\\\/www.renouvelle.be\\\/fr\\\/decarboner-notre-electricite-grace-a-la-biomethanisation\\\/#article\",\"isPartOf\":{\"@id\":\"https:\\\/\\\/www.renouvelle.be\\\/fr\\\/decarboner-notre-electricite-grace-a-la-biomethanisation\\\/\"},\"author\":{\"name\":\"Jean Frippiat\",\"@id\":\"https:\\\/\\\/www.renouvelle.be\\\/fr\\\/#\\\/schema\\\/person\\\/2b8afd89c9b7934d06ad7db3417abc38\"},\"headline\":\"D\u00e9carboner notre \u00e9lectricit\u00e9 gr\u00e2ce \u00e0 la biom\u00e9thanisation ?\",\"datePublished\":\"2025-05-06T11:27:15+00:00\",\"dateModified\":\"2025-05-08T12:32:29+00:00\",\"mainEntityOfPage\":{\"@id\":\"https:\\\/\\\/www.renouvelle.be\\\/fr\\\/decarboner-notre-electricite-grace-a-la-biomethanisation\\\/\"},\"wordCount\":1947,\"image\":{\"@id\":\"https:\\\/\\\/www.renouvelle.be\\\/fr\\\/decarboner-notre-electricite-grace-a-la-biomethanisation\\\/#primaryimage\"},\"thumbnailUrl\":\"https:\\\/\\\/www.renouvelle.be\\\/wp-content\\\/uploads\\\/2025\\\/04\\\/AdobeStock_158290689-e1745589299178.jpeg\",\"articleSection\":[\"Analyses\"],\"inLanguage\":\"fr-FR\"},{\"@type\":\"WebPage\",\"@id\":\"https:\\\/\\\/www.renouvelle.be\\\/fr\\\/decarboner-notre-electricite-grace-a-la-biomethanisation\\\/\",\"url\":\"https:\\\/\\\/www.renouvelle.be\\\/fr\\\/decarboner-notre-electricite-grace-a-la-biomethanisation\\\/\",\"name\":\"D\u00e9carboner notre \u00e9lectricit\u00e9 gr\u00e2ce \u00e0 la biom\u00e9thanisation ? - Renouvelle\",\"isPartOf\":{\"@id\":\"https:\\\/\\\/www.renouvelle.be\\\/fr\\\/#website\"},\"primaryImageOfPage\":{\"@id\":\"https:\\\/\\\/www.renouvelle.be\\\/fr\\\/decarboner-notre-electricite-grace-a-la-biomethanisation\\\/#primaryimage\"},\"image\":{\"@id\":\"https:\\\/\\\/www.renouvelle.be\\\/fr\\\/decarboner-notre-electricite-grace-a-la-biomethanisation\\\/#primaryimage\"},\"thumbnailUrl\":\"https:\\\/\\\/www.renouvelle.be\\\/wp-content\\\/uploads\\\/2025\\\/04\\\/AdobeStock_158290689-e1745589299178.jpeg\",\"datePublished\":\"2025-05-06T11:27:15+00:00\",\"dateModified\":\"2025-05-08T12:32:29+00:00\",\"author\":{\"@id\":\"https:\\\/\\\/www.renouvelle.be\\\/fr\\\/#\\\/schema\\\/person\\\/2b8afd89c9b7934d06ad7db3417abc38\"},\"description\":\"Et si la biom\u00e9thanisation \u00e9tait une solution pour d\u00e9carboner la consommation d'\u00e9lectricit\u00e9 en Wallonie ? Analyse.\",\"breadcrumb\":{\"@id\":\"https:\\\/\\\/www.renouvelle.be\\\/fr\\\/decarboner-notre-electricite-grace-a-la-biomethanisation\\\/#breadcrumb\"},\"inLanguage\":\"fr-FR\",\"potentialAction\":[{\"@type\":\"ReadAction\",\"target\":[\"https:\\\/\\\/www.renouvelle.be\\\/fr\\\/decarboner-notre-electricite-grace-a-la-biomethanisation\\\/\"]}]},{\"@type\":\"ImageObject\",\"inLanguage\":\"fr-FR\",\"@id\":\"https:\\\/\\\/www.renouvelle.be\\\/fr\\\/decarboner-notre-electricite-grace-a-la-biomethanisation\\\/#primaryimage\",\"url\":\"https:\\\/\\\/www.renouvelle.be\\\/wp-content\\\/uploads\\\/2025\\\/04\\\/AdobeStock_158290689-e1745589299178.jpeg\",\"contentUrl\":\"https:\\\/\\\/www.renouvelle.be\\\/wp-content\\\/uploads\\\/2025\\\/04\\\/AdobeStock_158290689-e1745589299178.jpeg\",\"width\":2500,\"height\":1538,\"caption\":\"biom\u00e9thanisation \u00e9lectricit\u00e9\"},{\"@type\":\"BreadcrumbList\",\"@id\":\"https:\\\/\\\/www.renouvelle.be\\\/fr\\\/decarboner-notre-electricite-grace-a-la-biomethanisation\\\/#breadcrumb\",\"itemListElement\":[{\"@type\":\"ListItem\",\"position\":1,\"name\":\"Accueil\",\"item\":\"https:\\\/\\\/www.renouvelle.be\\\/fr\\\/\"},{\"@type\":\"ListItem\",\"position\":2,\"name\":\"D\u00e9carboner notre \u00e9lectricit\u00e9 gr\u00e2ce \u00e0 la biom\u00e9thanisation ?\"}]},{\"@type\":\"WebSite\",\"@id\":\"https:\\\/\\\/www.renouvelle.be\\\/fr\\\/#website\",\"url\":\"https:\\\/\\\/www.renouvelle.be\\\/fr\\\/\",\"name\":\"Renouvelle\",\"description\":\"L&#039;actualit\u00e9 de l&#039;\u00e9nergie durable\",\"potentialAction\":[{\"@type\":\"SearchAction\",\"target\":{\"@type\":\"EntryPoint\",\"urlTemplate\":\"https:\\\/\\\/www.renouvelle.be\\\/fr\\\/?s={search_term_string}\"},\"query-input\":{\"@type\":\"PropertyValueSpecification\",\"valueRequired\":true,\"valueName\":\"search_term_string\"}}],\"inLanguage\":\"fr-FR\"},{\"@type\":\"Person\",\"@id\":\"https:\\\/\\\/www.renouvelle.be\\\/fr\\\/#\\\/schema\\\/person\\\/2b8afd89c9b7934d06ad7db3417abc38\",\"name\":\"Jean Frippiat\",\"url\":\"https:\\\/\\\/www.renouvelle.be\\\/fr\\\/author\\\/jeanfrippiat\\\/\"}]}<\/script>\n<!-- \/ Yoast SEO plugin. -->","yoast_head_json":{"title":"D\u00e9carboner notre \u00e9lectricit\u00e9 gr\u00e2ce \u00e0 la biom\u00e9thanisation ? - Renouvelle","description":"Et si la biom\u00e9thanisation \u00e9tait une solution pour d\u00e9carboner la consommation d'\u00e9lectricit\u00e9 en Wallonie ? Analyse.","robots":{"index":"index","follow":"follow","max-snippet":"max-snippet:-1","max-image-preview":"max-image-preview:large","max-video-preview":"max-video-preview:-1"},"canonical":"https:\/\/www.renouvelle.be\/fr\/decarboner-notre-electricite-grace-a-la-biomethanisation\/","og_locale":"fr_FR","og_type":"article","og_title":"D\u00e9carboner notre \u00e9lectricit\u00e9 gr\u00e2ce \u00e0 la biom\u00e9thanisation ? - Renouvelle","og_description":"Et si la biom\u00e9thanisation \u00e9tait une solution pour d\u00e9carboner la consommation d'\u00e9lectricit\u00e9 en Wallonie ? Analyse.","og_url":"https:\/\/www.renouvelle.be\/fr\/decarboner-notre-electricite-grace-a-la-biomethanisation\/","og_site_name":"Renouvelle","article_published_time":"2025-05-06T11:27:15+00:00","article_modified_time":"2025-05-08T12:32:29+00:00","og_image":[{"width":2500,"height":1538,"url":"https:\/\/www.renouvelle.be\/wp-content\/uploads\/2025\/04\/AdobeStock_158290689-e1745589299178.jpeg","type":"image\/jpeg"}],"author":"Jean Frippiat","twitter_card":"summary_large_image","schema":{"@context":"https:\/\/schema.org","@graph":[{"@type":"Article","@id":"https:\/\/www.renouvelle.be\/fr\/decarboner-notre-electricite-grace-a-la-biomethanisation\/#article","isPartOf":{"@id":"https:\/\/www.renouvelle.be\/fr\/decarboner-notre-electricite-grace-a-la-biomethanisation\/"},"author":{"name":"Jean Frippiat","@id":"https:\/\/www.renouvelle.be\/fr\/#\/schema\/person\/2b8afd89c9b7934d06ad7db3417abc38"},"headline":"D\u00e9carboner notre \u00e9lectricit\u00e9 gr\u00e2ce \u00e0 la biom\u00e9thanisation ?","datePublished":"2025-05-06T11:27:15+00:00","dateModified":"2025-05-08T12:32:29+00:00","mainEntityOfPage":{"@id":"https:\/\/www.renouvelle.be\/fr\/decarboner-notre-electricite-grace-a-la-biomethanisation\/"},"wordCount":1947,"image":{"@id":"https:\/\/www.renouvelle.be\/fr\/decarboner-notre-electricite-grace-a-la-biomethanisation\/#primaryimage"},"thumbnailUrl":"https:\/\/www.renouvelle.be\/wp-content\/uploads\/2025\/04\/AdobeStock_158290689-e1745589299178.jpeg","articleSection":["Analyses"],"inLanguage":"fr-FR"},{"@type":"WebPage","@id":"https:\/\/www.renouvelle.be\/fr\/decarboner-notre-electricite-grace-a-la-biomethanisation\/","url":"https:\/\/www.renouvelle.be\/fr\/decarboner-notre-electricite-grace-a-la-biomethanisation\/","name":"D\u00e9carboner notre \u00e9lectricit\u00e9 gr\u00e2ce \u00e0 la biom\u00e9thanisation ? - Renouvelle","isPartOf":{"@id":"https:\/\/www.renouvelle.be\/fr\/#website"},"primaryImageOfPage":{"@id":"https:\/\/www.renouvelle.be\/fr\/decarboner-notre-electricite-grace-a-la-biomethanisation\/#primaryimage"},"image":{"@id":"https:\/\/www.renouvelle.be\/fr\/decarboner-notre-electricite-grace-a-la-biomethanisation\/#primaryimage"},"thumbnailUrl":"https:\/\/www.renouvelle.be\/wp-content\/uploads\/2025\/04\/AdobeStock_158290689-e1745589299178.jpeg","datePublished":"2025-05-06T11:27:15+00:00","dateModified":"2025-05-08T12:32:29+00:00","author":{"@id":"https:\/\/www.renouvelle.be\/fr\/#\/schema\/person\/2b8afd89c9b7934d06ad7db3417abc38"},"description":"Et si la biom\u00e9thanisation \u00e9tait une solution pour d\u00e9carboner la consommation d'\u00e9lectricit\u00e9 en Wallonie ? Analyse.","breadcrumb":{"@id":"https:\/\/www.renouvelle.be\/fr\/decarboner-notre-electricite-grace-a-la-biomethanisation\/#breadcrumb"},"inLanguage":"fr-FR","potentialAction":[{"@type":"ReadAction","target":["https:\/\/www.renouvelle.be\/fr\/decarboner-notre-electricite-grace-a-la-biomethanisation\/"]}]},{"@type":"ImageObject","inLanguage":"fr-FR","@id":"https:\/\/www.renouvelle.be\/fr\/decarboner-notre-electricite-grace-a-la-biomethanisation\/#primaryimage","url":"https:\/\/www.renouvelle.be\/wp-content\/uploads\/2025\/04\/AdobeStock_158290689-e1745589299178.jpeg","contentUrl":"https:\/\/www.renouvelle.be\/wp-content\/uploads\/2025\/04\/AdobeStock_158290689-e1745589299178.jpeg","width":2500,"height":1538,"caption":"biom\u00e9thanisation \u00e9lectricit\u00e9"},{"@type":"BreadcrumbList","@id":"https:\/\/www.renouvelle.be\/fr\/decarboner-notre-electricite-grace-a-la-biomethanisation\/#breadcrumb","itemListElement":[{"@type":"ListItem","position":1,"name":"Accueil","item":"https:\/\/www.renouvelle.be\/fr\/"},{"@type":"ListItem","position":2,"name":"D\u00e9carboner notre \u00e9lectricit\u00e9 gr\u00e2ce \u00e0 la biom\u00e9thanisation ?"}]},{"@type":"WebSite","@id":"https:\/\/www.renouvelle.be\/fr\/#website","url":"https:\/\/www.renouvelle.be\/fr\/","name":"Renouvelle","description":"L&#039;actualit\u00e9 de l&#039;\u00e9nergie durable","potentialAction":[{"@type":"SearchAction","target":{"@type":"EntryPoint","urlTemplate":"https:\/\/www.renouvelle.be\/fr\/?s={search_term_string}"},"query-input":{"@type":"PropertyValueSpecification","valueRequired":true,"valueName":"search_term_string"}}],"inLanguage":"fr-FR"},{"@type":"Person","@id":"https:\/\/www.renouvelle.be\/fr\/#\/schema\/person\/2b8afd89c9b7934d06ad7db3417abc38","name":"Jean Frippiat","url":"https:\/\/www.renouvelle.be\/fr\/author\/jeanfrippiat\/"}]}},"_links":{"self":[{"href":"https:\/\/www.renouvelle.be\/fr\/wp-json\/wp\/v2\/posts\/14975","targetHints":{"allow":["GET"]}}],"collection":[{"href":"https:\/\/www.renouvelle.be\/fr\/wp-json\/wp\/v2\/posts"}],"about":[{"href":"https:\/\/www.renouvelle.be\/fr\/wp-json\/wp\/v2\/types\/post"}],"author":[{"embeddable":true,"href":"https:\/\/www.renouvelle.be\/fr\/wp-json\/wp\/v2\/users\/27"}],"replies":[{"embeddable":true,"href":"https:\/\/www.renouvelle.be\/fr\/wp-json\/wp\/v2\/comments?post=14975"}],"version-history":[{"count":15,"href":"https:\/\/www.renouvelle.be\/fr\/wp-json\/wp\/v2\/posts\/14975\/revisions"}],"predecessor-version":[{"id":15083,"href":"https:\/\/www.renouvelle.be\/fr\/wp-json\/wp\/v2\/posts\/14975\/revisions\/15083"}],"wp:featuredmedia":[{"embeddable":true,"href":"https:\/\/www.renouvelle.be\/fr\/wp-json\/wp\/v2\/media\/14982"}],"wp:attachment":[{"href":"https:\/\/www.renouvelle.be\/fr\/wp-json\/wp\/v2\/media?parent=14975"}],"wp:term":[{"taxonomy":"category","embeddable":true,"href":"https:\/\/www.renouvelle.be\/fr\/wp-json\/wp\/v2\/categories?post=14975"},{"taxonomy":"post_tag","embeddable":true,"href":"https:\/\/www.renouvelle.be\/fr\/wp-json\/wp\/v2\/tags?post=14975"},{"taxonomy":"section","embeddable":true,"href":"https:\/\/www.renouvelle.be\/fr\/wp-json\/wp\/v2\/section?post=14975"}],"curies":[{"name":"wp","href":"https:\/\/api.w.org\/{rel}","templated":true}]}}