{"id":14937,"date":"2025-04-11T15:05:13","date_gmt":"2025-04-11T13:05:13","guid":{"rendered":"https:\/\/www.renouvelle.be\/?p=14937"},"modified":"2025-04-11T15:05:16","modified_gmt":"2025-04-11T13:05:16","slug":"40-delectricite-bas-carbone-dans-le-monde-en-2024","status":"publish","type":"post","link":"https:\/\/www.renouvelle.be\/fr\/40-delectricite-bas-carbone-dans-le-monde-en-2024\/","title":{"rendered":"40% d&rsquo;\u00e9lectricit\u00e9 bas carbone dans le monde en 2024"},"content":{"rendered":"\n<p><strong>40 % !<\/strong> C\u2019est la part de l\u2019\u00e9lectricit\u00e9 mondiale issue de sources bas carbone en 2024, selon le dernier rapport publi\u00e9 par le groupe de r\u00e9flexion EMBER.<\/p>\n\n\n\n<p>Les \u00e9nergies renouvelables ont largement contribu\u00e9 \u00e0 ce r\u00e9sultat, port\u00e9es par le d\u00e9veloppement de l\u2019\u00e9olien et, surtout, du solaire. La production d\u2019\u00e9lectricit\u00e9 d\u2019origine solaire a progress\u00e9 de 29 %. La hausse de la part des \u00e9nergies renouvelables dans cette production globale s\u2019explique par la croissance rapide de la production photovolta\u00efque, stimul\u00e9e par une acc\u00e9l\u00e9ration spectaculaire de nouvelle capacit\u00e9 install\u00e9e. Celle-ci atteignait d\u00e9j\u00e0 <a href=\"https:\/\/www.renouvelle.be\/fr\/2-tw-de-capacite-solaire-installee-dans-le-monde\/\" target=\"_blank\" rel=\"noreferrer noopener\">2 TW<\/a>, l\u2019ann\u00e9e derni\u00e8re, contre 1 TW en 2022. Il aura donc fallu \u00e0 peine deux ans pour la doubler.<\/p>\n\n\n\n<p>Depuis 3 ans, le solaire est la source d\u2019\u00e9nergie ayant g\u00e9n\u00e9r\u00e9 le plus d\u2019\u00e9lectricit\u00e9 sur la p\u00e9riode, d\u00e9passant m\u00eame le seuil des 2 000 t\u00e9rawattheures (TWh) gr\u00e2ce \u00e0 474 TWh suppl\u00e9mentaires en 2024 par rapport \u00e0 l\u2019ann\u00e9e pr\u00e9c\u00e9dente. Un bond gigantesque, quand on sait qu\u2019il y a trois ans, cette production s\u2019\u00e9levait \u00e0 1 000 TWh, tout en gardant \u00e0 l\u2019esprit qu\u2019il avait fallu 8 ans pour passer de 100 TWh \u00e0 ces 1000 TWh.<\/p>\n\n\n\n<p>Comme on le sait, la Chine est le pays qui a le plus install\u00e9 de capacit\u00e9 solaire jusqu\u2019\u00e0 pr\u00e9sent, c\u2019est donc sans surprise qu\u2019elle reste le principal moteur de cette croissance, concentrant \u00e0 elle seule 53 % de l\u2019augmentation de la production solaire mondiale.<\/p>\n\n\n\n<p>Au total, les \u00e9nergies renouvelables ont g\u00e9n\u00e9r\u00e9 858 TWh d\u2019\u00e9lectricit\u00e9, soit une hausse de 49 % par rapport au pr\u00e9c\u00e9dent record datant de 2022 (577 TWh). Par ailleurs, 80 pays ont d\u00e9sormais franchi le cap des 50 % d\u2019\u00e9lectricit\u00e9 produite \u00e0 partir de sources bas carbones, dont 47 d\u00e9passent m\u00eame les 75 %.<\/p>\n\n\n\n<p>Pour r\u00e9sumer, l\u2019hydro\u00e9lectricit\u00e9 reste la premi\u00e8re source bas carbone avec 14 % de la production, suivie du nucl\u00e9aire (9 %), de l\u2019\u00e9olien (8 %) et du solaire (7 %).<\/p>\n\n\n<div class=\"wp-block-image\">\n<figure class=\"aligncenter size-full is-resized\"><img loading=\"lazy\" decoding=\"async\" width=\"1000\" height=\"589\" src=\"https:\/\/www.renouvelle.be\/wp-content\/uploads\/2025\/04\/40_electricite_bas_carbone.png\" alt=\"40% \u00e9lectricit\u00e9 bas carbone\" class=\"wp-image-14942\" style=\"width:718px;height:auto\" srcset=\"https:\/\/www.renouvelle.be\/wp-content\/uploads\/2025\/04\/40_electricite_bas_carbone.png 1000w, https:\/\/www.renouvelle.be\/wp-content\/uploads\/2025\/04\/40_electricite_bas_carbone-300x177.png 300w, https:\/\/www.renouvelle.be\/wp-content\/uploads\/2025\/04\/40_electricite_bas_carbone-768x452.png 768w\" sizes=\"auto, (max-width: 1000px) 100vw, 1000px\" \/><\/figure>\n<\/div>\n\n\n<p>La demande mondiale en \u00e9lectricit\u00e9, quant \u00e0 elle, a l\u00e9g\u00e8rement progress\u00e9, et notamment sous l\u2019effet des vagues de chaleur r\u00e9p\u00e9t\u00e9es qui ont marqu\u00e9 2024, ann\u00e9e la plus chaude jamais enregistr\u00e9e. L\u2019utilisation plus intense des syst\u00e8mes de climatisation a donc fait gonfler la consommation \u00e9nerg\u00e9tique. Cette hausse, \u00e9valu\u00e9e \u00e0 4 %, s\u2019explique aussi, et entre autres, par la croissance de l\u2019utilisation de l\u2019intelligence artificielle et des data centers, particuli\u00e8rement \u00e9nergivores.<\/p>\n\n\n\n<p>Bien que la production bas carbone ait su r\u00e9pondre \u00e0 une grande partie de cette demande, la production issue des \u00e9nergies fossiles a elle aussi l\u00e9g\u00e8rement augment\u00e9 (+1,4 %).<\/p>\n\n\n\n<p>En conclusion, <a href=\"https:\/\/www.renouvelle.be\/fr\/energie-renouvelable-47-de-lelectricite-en-est-issue-en-europe\/\" target=\"_blank\" rel=\"noreferrer noopener\">les \u00e9nergies renouvelables<\/a> et le nucl\u00e9aire ont permis de couvrir 79% des besoins de la hausse de la demande en \u00e9lectricit\u00e9.<\/p>\n\n\n\n<p>Le rapport complet d\u2019EMBER est \u00e0 d\u00e9couvrir <a href=\"https:\/\/ember-energy.org\/latest-insights\/global-electricity-review-2025\/\" target=\"_blank\" rel=\"noreferrer noopener\">ici<\/a>.<\/p>\n","protected":false},"excerpt":{"rendered":"<p>40 % ! C\u2019est la part de l\u2019\u00e9lectricit\u00e9 mondiale issue de sources bas carbone en 2024, selon le dernier rapport publi\u00e9 par le groupe de r\u00e9flexion EMBER. Les \u00e9nergies renouvelables ont largement contribu\u00e9 \u00e0 ce r\u00e9sultat, port\u00e9es par le d\u00e9veloppement de l\u2019\u00e9olien et, surtout, du solaire. La production d\u2019\u00e9lectricit\u00e9 d\u2019origine solaire a progress\u00e9 de 29 %. La hausse de la part des \u00e9nergies renouvelables dans cette production globale s\u2019explique par la croissance rapide de la production photovolta\u00efque, stimul\u00e9e par une acc\u00e9l\u00e9ration spectaculaire de nouvelle capacit\u00e9 install\u00e9e. Celle-ci atteignait d\u00e9j\u00e0 2 TW, l\u2019ann\u00e9e derni\u00e8re, contre 1 TW en 2022. Il aura donc fallu \u00e0 peine deux ans pour la doubler. Depuis 3 ans, le solaire est la source d\u2019\u00e9nergie ayant g\u00e9n\u00e9r\u00e9 le plus d\u2019\u00e9lectricit\u00e9 sur la p\u00e9riode, d\u00e9passant m\u00eame le seuil des 2 000 t\u00e9rawattheures (TWh) gr\u00e2ce \u00e0 474 TWh suppl\u00e9mentaires en 2024 par rapport \u00e0 l\u2019ann\u00e9e pr\u00e9c\u00e9dente. Un bond gigantesque, quand on sait qu\u2019il y a trois ans, cette production s\u2019\u00e9levait \u00e0 1 000 TWh, tout en gardant \u00e0 l\u2019esprit qu\u2019il avait fallu 8 ans pour passer de 100 TWh \u00e0 ces 1000 TWh. Comme on le sait, la Chine est le pays qui a le plus install\u00e9 de capacit\u00e9 solaire jusqu\u2019\u00e0 pr\u00e9sent, c\u2019est donc sans surprise qu\u2019elle reste le principal moteur de cette croissance, concentrant \u00e0 elle seule 53 % de l\u2019augmentation de la production solaire mondiale. Au total, les \u00e9nergies renouvelables ont g\u00e9n\u00e9r\u00e9 858 TWh d\u2019\u00e9lectricit\u00e9, soit une hausse de 49 % par rapport au pr\u00e9c\u00e9dent record datant de 2022 (577 TWh). Par ailleurs, 80 pays ont d\u00e9sormais franchi le cap des 50 % d\u2019\u00e9lectricit\u00e9 produite \u00e0 partir de sources bas carbones, dont 47 d\u00e9passent m\u00eame les 75 %. Pour r\u00e9sumer, l\u2019hydro\u00e9lectricit\u00e9 reste la premi\u00e8re source bas carbone &hellip; <a href=\"https:\/\/www.renouvelle.be\/fr\/40-delectricite-bas-carbone-dans-le-monde-en-2024\/\" class=\"more-link\">Continue reading<span class=\"screen-reader-text\"> \u00ab\u00a040% d&rsquo;\u00e9lectricit\u00e9 bas carbone dans le monde en 2024\u00a0\u00bb<\/span><\/a><\/p>\n","protected":false},"author":38,"featured_media":14939,"comment_status":"closed","ping_status":"closed","sticky":false,"template":"","format":"standard","meta":{"_acf_changed":false,"footnotes":""},"categories":[16,18],"tags":[],"section":[8,13],"class_list":["post-14937","post","type-post","status-publish","format-standard","has-post-thumbnail","hentry","category-actualite","category-actualite-internationale","section-energie-renouvelables","section-solaire"],"acf":[],"yoast_head":"<!-- This site is optimized with the Yoast SEO plugin v27.4 - https:\/\/yoast.com\/product\/yoast-seo-wordpress\/ -->\n<title>40% d&#039;\u00e9lectricit\u00e9 bas carbone dans le monde en 2024 - Renouvelle<\/title>\n<meta name=\"description\" content=\"40% d&#039;\u00e9lectricit\u00e9 \u00e9tait issue de sources bas carbone actant une nette progression des \u00e9nergies renouvelables dont le solaire en t\u00eate.\" \/>\n<meta name=\"robots\" content=\"index, follow, max-snippet:-1, max-image-preview:large, max-video-preview:-1\" \/>\n<link rel=\"canonical\" href=\"https:\/\/www.renouvelle.be\/fr\/40-delectricite-bas-carbone-dans-le-monde-en-2024\/\" \/>\n<meta property=\"og:locale\" content=\"fr_FR\" \/>\n<meta property=\"og:type\" content=\"article\" \/>\n<meta property=\"og:title\" content=\"40% d&#039;\u00e9lectricit\u00e9 bas carbone dans le monde en 2024 - Renouvelle\" \/>\n<meta property=\"og:description\" content=\"40% d&#039;\u00e9lectricit\u00e9 \u00e9tait issue de sources bas carbone actant une nette progression des \u00e9nergies renouvelables dont le solaire en t\u00eate.\" \/>\n<meta property=\"og:url\" content=\"https:\/\/www.renouvelle.be\/fr\/40-delectricite-bas-carbone-dans-le-monde-en-2024\/\" \/>\n<meta property=\"og:site_name\" content=\"Renouvelle\" \/>\n<meta property=\"article:published_time\" content=\"2025-04-11T13:05:13+00:00\" \/>\n<meta property=\"article:modified_time\" content=\"2025-04-11T13:05:16+00:00\" \/>\n<meta property=\"og:image\" content=\"https:\/\/www.renouvelle.be\/wp-content\/uploads\/2025\/04\/AdobeStock_481302474-1-scaled.jpeg\" \/>\n\t<meta property=\"og:image:width\" content=\"2560\" \/>\n\t<meta property=\"og:image:height\" content=\"1707\" \/>\n\t<meta property=\"og:image:type\" content=\"image\/jpeg\" \/>\n<meta name=\"author\" content=\"Samuel Alves\" \/>\n<meta name=\"twitter:card\" content=\"summary_large_image\" \/>\n<script type=\"application\/ld+json\" class=\"yoast-schema-graph\">{\"@context\":\"https:\\\/\\\/schema.org\",\"@graph\":[{\"@type\":\"Article\",\"@id\":\"https:\\\/\\\/www.renouvelle.be\\\/fr\\\/40-delectricite-bas-carbone-dans-le-monde-en-2024\\\/#article\",\"isPartOf\":{\"@id\":\"https:\\\/\\\/www.renouvelle.be\\\/fr\\\/40-delectricite-bas-carbone-dans-le-monde-en-2024\\\/\"},\"author\":{\"name\":\"Samuel Alves\",\"@id\":\"https:\\\/\\\/www.renouvelle.be\\\/fr\\\/#\\\/schema\\\/person\\\/9d743366fb269eeceaa8d60e98d289d3\"},\"headline\":\"40% d&rsquo;\u00e9lectricit\u00e9 bas carbone dans le monde en 2024\",\"datePublished\":\"2025-04-11T13:05:13+00:00\",\"dateModified\":\"2025-04-11T13:05:16+00:00\",\"mainEntityOfPage\":{\"@id\":\"https:\\\/\\\/www.renouvelle.be\\\/fr\\\/40-delectricite-bas-carbone-dans-le-monde-en-2024\\\/\"},\"wordCount\":466,\"image\":{\"@id\":\"https:\\\/\\\/www.renouvelle.be\\\/fr\\\/40-delectricite-bas-carbone-dans-le-monde-en-2024\\\/#primaryimage\"},\"thumbnailUrl\":\"https:\\\/\\\/www.renouvelle.be\\\/wp-content\\\/uploads\\\/2025\\\/04\\\/AdobeStock_481302474-1-scaled.jpeg\",\"articleSection\":[\"Actualit\u00e9\",\"Actualit\u00e9 internationale\"],\"inLanguage\":\"fr-FR\"},{\"@type\":\"WebPage\",\"@id\":\"https:\\\/\\\/www.renouvelle.be\\\/fr\\\/40-delectricite-bas-carbone-dans-le-monde-en-2024\\\/\",\"url\":\"https:\\\/\\\/www.renouvelle.be\\\/fr\\\/40-delectricite-bas-carbone-dans-le-monde-en-2024\\\/\",\"name\":\"40% d'\u00e9lectricit\u00e9 bas carbone dans le monde en 2024 - Renouvelle\",\"isPartOf\":{\"@id\":\"https:\\\/\\\/www.renouvelle.be\\\/fr\\\/#website\"},\"primaryImageOfPage\":{\"@id\":\"https:\\\/\\\/www.renouvelle.be\\\/fr\\\/40-delectricite-bas-carbone-dans-le-monde-en-2024\\\/#primaryimage\"},\"image\":{\"@id\":\"https:\\\/\\\/www.renouvelle.be\\\/fr\\\/40-delectricite-bas-carbone-dans-le-monde-en-2024\\\/#primaryimage\"},\"thumbnailUrl\":\"https:\\\/\\\/www.renouvelle.be\\\/wp-content\\\/uploads\\\/2025\\\/04\\\/AdobeStock_481302474-1-scaled.jpeg\",\"datePublished\":\"2025-04-11T13:05:13+00:00\",\"dateModified\":\"2025-04-11T13:05:16+00:00\",\"author\":{\"@id\":\"https:\\\/\\\/www.renouvelle.be\\\/fr\\\/#\\\/schema\\\/person\\\/9d743366fb269eeceaa8d60e98d289d3\"},\"description\":\"40% d'\u00e9lectricit\u00e9 \u00e9tait issue de sources bas carbone actant une nette progression des \u00e9nergies renouvelables dont le solaire en t\u00eate.\",\"breadcrumb\":{\"@id\":\"https:\\\/\\\/www.renouvelle.be\\\/fr\\\/40-delectricite-bas-carbone-dans-le-monde-en-2024\\\/#breadcrumb\"},\"inLanguage\":\"fr-FR\",\"potentialAction\":[{\"@type\":\"ReadAction\",\"target\":[\"https:\\\/\\\/www.renouvelle.be\\\/fr\\\/40-delectricite-bas-carbone-dans-le-monde-en-2024\\\/\"]}]},{\"@type\":\"ImageObject\",\"inLanguage\":\"fr-FR\",\"@id\":\"https:\\\/\\\/www.renouvelle.be\\\/fr\\\/40-delectricite-bas-carbone-dans-le-monde-en-2024\\\/#primaryimage\",\"url\":\"https:\\\/\\\/www.renouvelle.be\\\/wp-content\\\/uploads\\\/2025\\\/04\\\/AdobeStock_481302474-1-scaled.jpeg\",\"contentUrl\":\"https:\\\/\\\/www.renouvelle.be\\\/wp-content\\\/uploads\\\/2025\\\/04\\\/AdobeStock_481302474-1-scaled.jpeg\",\"width\":2560,\"height\":1707,\"caption\":\"40% \u00e9lectricit\u00e9 bas carbone\"},{\"@type\":\"BreadcrumbList\",\"@id\":\"https:\\\/\\\/www.renouvelle.be\\\/fr\\\/40-delectricite-bas-carbone-dans-le-monde-en-2024\\\/#breadcrumb\",\"itemListElement\":[{\"@type\":\"ListItem\",\"position\":1,\"name\":\"Accueil\",\"item\":\"https:\\\/\\\/www.renouvelle.be\\\/fr\\\/\"},{\"@type\":\"ListItem\",\"position\":2,\"name\":\"40% d&rsquo;\u00e9lectricit\u00e9 bas carbone dans le monde en 2024\"}]},{\"@type\":\"WebSite\",\"@id\":\"https:\\\/\\\/www.renouvelle.be\\\/fr\\\/#website\",\"url\":\"https:\\\/\\\/www.renouvelle.be\\\/fr\\\/\",\"name\":\"Renouvelle\",\"description\":\"L&#039;actualit\u00e9 de l&#039;\u00e9nergie durable\",\"potentialAction\":[{\"@type\":\"SearchAction\",\"target\":{\"@type\":\"EntryPoint\",\"urlTemplate\":\"https:\\\/\\\/www.renouvelle.be\\\/fr\\\/?s={search_term_string}\"},\"query-input\":{\"@type\":\"PropertyValueSpecification\",\"valueRequired\":true,\"valueName\":\"search_term_string\"}}],\"inLanguage\":\"fr-FR\"},{\"@type\":\"Person\",\"@id\":\"https:\\\/\\\/www.renouvelle.be\\\/fr\\\/#\\\/schema\\\/person\\\/9d743366fb269eeceaa8d60e98d289d3\",\"name\":\"Samuel Alves\",\"url\":\"https:\\\/\\\/www.renouvelle.be\\\/fr\\\/author\\\/salves\\\/\"}]}<\/script>\n<!-- \/ Yoast SEO plugin. -->","yoast_head_json":{"title":"40% d'\u00e9lectricit\u00e9 bas carbone dans le monde en 2024 - Renouvelle","description":"40% d'\u00e9lectricit\u00e9 \u00e9tait issue de sources bas carbone actant une nette progression des \u00e9nergies renouvelables dont le solaire en t\u00eate.","robots":{"index":"index","follow":"follow","max-snippet":"max-snippet:-1","max-image-preview":"max-image-preview:large","max-video-preview":"max-video-preview:-1"},"canonical":"https:\/\/www.renouvelle.be\/fr\/40-delectricite-bas-carbone-dans-le-monde-en-2024\/","og_locale":"fr_FR","og_type":"article","og_title":"40% d'\u00e9lectricit\u00e9 bas carbone dans le monde en 2024 - Renouvelle","og_description":"40% d'\u00e9lectricit\u00e9 \u00e9tait issue de sources bas carbone actant une nette progression des \u00e9nergies renouvelables dont le solaire en t\u00eate.","og_url":"https:\/\/www.renouvelle.be\/fr\/40-delectricite-bas-carbone-dans-le-monde-en-2024\/","og_site_name":"Renouvelle","article_published_time":"2025-04-11T13:05:13+00:00","article_modified_time":"2025-04-11T13:05:16+00:00","og_image":[{"width":2560,"height":1707,"url":"https:\/\/www.renouvelle.be\/wp-content\/uploads\/2025\/04\/AdobeStock_481302474-1-scaled.jpeg","type":"image\/jpeg"}],"author":"Samuel Alves","twitter_card":"summary_large_image","schema":{"@context":"https:\/\/schema.org","@graph":[{"@type":"Article","@id":"https:\/\/www.renouvelle.be\/fr\/40-delectricite-bas-carbone-dans-le-monde-en-2024\/#article","isPartOf":{"@id":"https:\/\/www.renouvelle.be\/fr\/40-delectricite-bas-carbone-dans-le-monde-en-2024\/"},"author":{"name":"Samuel Alves","@id":"https:\/\/www.renouvelle.be\/fr\/#\/schema\/person\/9d743366fb269eeceaa8d60e98d289d3"},"headline":"40% d&rsquo;\u00e9lectricit\u00e9 bas carbone dans le monde en 2024","datePublished":"2025-04-11T13:05:13+00:00","dateModified":"2025-04-11T13:05:16+00:00","mainEntityOfPage":{"@id":"https:\/\/www.renouvelle.be\/fr\/40-delectricite-bas-carbone-dans-le-monde-en-2024\/"},"wordCount":466,"image":{"@id":"https:\/\/www.renouvelle.be\/fr\/40-delectricite-bas-carbone-dans-le-monde-en-2024\/#primaryimage"},"thumbnailUrl":"https:\/\/www.renouvelle.be\/wp-content\/uploads\/2025\/04\/AdobeStock_481302474-1-scaled.jpeg","articleSection":["Actualit\u00e9","Actualit\u00e9 internationale"],"inLanguage":"fr-FR"},{"@type":"WebPage","@id":"https:\/\/www.renouvelle.be\/fr\/40-delectricite-bas-carbone-dans-le-monde-en-2024\/","url":"https:\/\/www.renouvelle.be\/fr\/40-delectricite-bas-carbone-dans-le-monde-en-2024\/","name":"40% d'\u00e9lectricit\u00e9 bas carbone dans le monde en 2024 - Renouvelle","isPartOf":{"@id":"https:\/\/www.renouvelle.be\/fr\/#website"},"primaryImageOfPage":{"@id":"https:\/\/www.renouvelle.be\/fr\/40-delectricite-bas-carbone-dans-le-monde-en-2024\/#primaryimage"},"image":{"@id":"https:\/\/www.renouvelle.be\/fr\/40-delectricite-bas-carbone-dans-le-monde-en-2024\/#primaryimage"},"thumbnailUrl":"https:\/\/www.renouvelle.be\/wp-content\/uploads\/2025\/04\/AdobeStock_481302474-1-scaled.jpeg","datePublished":"2025-04-11T13:05:13+00:00","dateModified":"2025-04-11T13:05:16+00:00","author":{"@id":"https:\/\/www.renouvelle.be\/fr\/#\/schema\/person\/9d743366fb269eeceaa8d60e98d289d3"},"description":"40% d'\u00e9lectricit\u00e9 \u00e9tait issue de sources bas carbone actant une nette progression des \u00e9nergies renouvelables dont le solaire en t\u00eate.","breadcrumb":{"@id":"https:\/\/www.renouvelle.be\/fr\/40-delectricite-bas-carbone-dans-le-monde-en-2024\/#breadcrumb"},"inLanguage":"fr-FR","potentialAction":[{"@type":"ReadAction","target":["https:\/\/www.renouvelle.be\/fr\/40-delectricite-bas-carbone-dans-le-monde-en-2024\/"]}]},{"@type":"ImageObject","inLanguage":"fr-FR","@id":"https:\/\/www.renouvelle.be\/fr\/40-delectricite-bas-carbone-dans-le-monde-en-2024\/#primaryimage","url":"https:\/\/www.renouvelle.be\/wp-content\/uploads\/2025\/04\/AdobeStock_481302474-1-scaled.jpeg","contentUrl":"https:\/\/www.renouvelle.be\/wp-content\/uploads\/2025\/04\/AdobeStock_481302474-1-scaled.jpeg","width":2560,"height":1707,"caption":"40% \u00e9lectricit\u00e9 bas carbone"},{"@type":"BreadcrumbList","@id":"https:\/\/www.renouvelle.be\/fr\/40-delectricite-bas-carbone-dans-le-monde-en-2024\/#breadcrumb","itemListElement":[{"@type":"ListItem","position":1,"name":"Accueil","item":"https:\/\/www.renouvelle.be\/fr\/"},{"@type":"ListItem","position":2,"name":"40% d&rsquo;\u00e9lectricit\u00e9 bas carbone dans le monde en 2024"}]},{"@type":"WebSite","@id":"https:\/\/www.renouvelle.be\/fr\/#website","url":"https:\/\/www.renouvelle.be\/fr\/","name":"Renouvelle","description":"L&#039;actualit\u00e9 de l&#039;\u00e9nergie durable","potentialAction":[{"@type":"SearchAction","target":{"@type":"EntryPoint","urlTemplate":"https:\/\/www.renouvelle.be\/fr\/?s={search_term_string}"},"query-input":{"@type":"PropertyValueSpecification","valueRequired":true,"valueName":"search_term_string"}}],"inLanguage":"fr-FR"},{"@type":"Person","@id":"https:\/\/www.renouvelle.be\/fr\/#\/schema\/person\/9d743366fb269eeceaa8d60e98d289d3","name":"Samuel Alves","url":"https:\/\/www.renouvelle.be\/fr\/author\/salves\/"}]}},"_links":{"self":[{"href":"https:\/\/www.renouvelle.be\/fr\/wp-json\/wp\/v2\/posts\/14937","targetHints":{"allow":["GET"]}}],"collection":[{"href":"https:\/\/www.renouvelle.be\/fr\/wp-json\/wp\/v2\/posts"}],"about":[{"href":"https:\/\/www.renouvelle.be\/fr\/wp-json\/wp\/v2\/types\/post"}],"author":[{"embeddable":true,"href":"https:\/\/www.renouvelle.be\/fr\/wp-json\/wp\/v2\/users\/38"}],"replies":[{"embeddable":true,"href":"https:\/\/www.renouvelle.be\/fr\/wp-json\/wp\/v2\/comments?post=14937"}],"version-history":[{"count":3,"href":"https:\/\/www.renouvelle.be\/fr\/wp-json\/wp\/v2\/posts\/14937\/revisions"}],"predecessor-version":[{"id":14944,"href":"https:\/\/www.renouvelle.be\/fr\/wp-json\/wp\/v2\/posts\/14937\/revisions\/14944"}],"wp:featuredmedia":[{"embeddable":true,"href":"https:\/\/www.renouvelle.be\/fr\/wp-json\/wp\/v2\/media\/14939"}],"wp:attachment":[{"href":"https:\/\/www.renouvelle.be\/fr\/wp-json\/wp\/v2\/media?parent=14937"}],"wp:term":[{"taxonomy":"category","embeddable":true,"href":"https:\/\/www.renouvelle.be\/fr\/wp-json\/wp\/v2\/categories?post=14937"},{"taxonomy":"post_tag","embeddable":true,"href":"https:\/\/www.renouvelle.be\/fr\/wp-json\/wp\/v2\/tags?post=14937"},{"taxonomy":"section","embeddable":true,"href":"https:\/\/www.renouvelle.be\/fr\/wp-json\/wp\/v2\/section?post=14937"}],"curies":[{"name":"wp","href":"https:\/\/api.w.org\/{rel}","templated":true}]}}