{"id":14915,"date":"2025-04-03T09:03:06","date_gmt":"2025-04-03T07:03:06","guid":{"rendered":"https:\/\/www.renouvelle.be\/?p=14915"},"modified":"2025-04-03T09:03:08","modified_gmt":"2025-04-03T07:03:08","slug":"materiaux-strategiques-et-terres-rares-europe-mise-sur-47-projets","status":"publish","type":"post","link":"https:\/\/www.renouvelle.be\/fr\/materiaux-strategiques-et-terres-rares-europe-mise-sur-47-projets\/","title":{"rendered":"Mat\u00e9riaux strat\u00e9giques et terres rares : l&rsquo;Europe mise sur 47 projets"},"content":{"rendered":"\n<p>Pour r\u00e9duire sa d\u00e9pendance aux mat\u00e9riaux strat\u00e9giques chinois, \u00e0 l\u2019instar de celle au gaz russe, l\u2019Europe mise sur 47 projets miniers afin de garantir son approvisionnement en terres rares et ainsi renforcer sa souverainet\u00e9 \u00e9nerg\u00e9tique et technologique.<\/p>\n\n\n\n<p>Car rappelons-le&nbsp;: ces ressources sont essentielles et entrent dans la fabrication des technologies renouvelables, dans les infrastructures du r\u00e9seau \u00e9lectrique (comme le cuivre, indispensable au transport d&rsquo;\u00e9lectricit\u00e9), ainsi que, malheureusement d\u2019actualit\u00e9, dans les syst\u00e8mes de d\u00e9fense.<\/p>\n\n\n\n<p>22 de ces projets portent sur le<a href=\"https:\/\/www.renouvelle.be\/fr\/mines-de-lithium-en-europe-casse-tete-de-la-transition-energetique\/\" target=\"_blank\" rel=\"noreferrer noopener\"> lithium<\/a>, un \u00e9l\u00e9ment aux centres de beaucoup de convoitises, notamment pour la production de batteries destin\u00e9es aux v\u00e9hicules \u00e9lectriques. 12 autres se concentrent sur le nickel, 10 sur le cobalt, 7 sur le mangan\u00e8se et, enfin, 11 sur le graphite.<\/p>\n\n\n\n<p>Mais <a href=\"https:\/\/ec.europa.eu\/commission\/presscorner\/detail\/fr\/ip_25_864\" target=\"_blank\" rel=\"noreferrer noopener\">l\u2019initiative europ\u00e9enne<\/a> ne concerne pas uniquement l\u2019extraction, puisqu\u2019elle concerne aussi le traitement desdits mat\u00e9riaux ainsi que de leur recyclage, afin de couvrir l\u2019ensemble de la cha\u00eene de valeur.<\/p>\n\n\n\n<p>Dans une perspective plus large, l\u2019Union europ\u00e9enne vise, d\u2019ici 2030, \u00e0 assurer 10 % de ses besoins en extraction, 40 % en raffinage et 25 % en recyclage. De plus, aucun pays tiers ne pourra repr\u00e9senter plus de 65 % de l\u2019approvisionnement de l\u2019UE.<\/p>\n\n\n\n<p>Mais comment l\u2019Europe compte-t-elle concr\u00e9tiser ces ambitions ? En simplifiant les d\u00e9marches administratives, souvent longues et complexes, et en r\u00e9duisant les d\u00e9lais d\u2019octroi des permis pour ces 47 projets. Actuellement compris entre 5 et 10 ans, ces d\u00e9lais ne devront pas exc\u00e9der 27 mois pour les projets d\u2019extraction et 15 mois pour ceux de raffinage et de recyclage.<\/p>\n\n\n\n<p>Bien s\u00fbr, la mise en \u0153uvre de ces projets n\u00e9cessite un financement. Et ce dernier s\u2019\u00e9l\u00e8vera, cette ann\u00e9e, \u00e0 hauteur de deux milliards d\u2019euros. R\u00e9partis sur l\u2019ensemble du territoire europ\u00e9en, 13 \u00c9tats membres sont concern\u00e9s : la Gr\u00e8ce, la France, l\u2019Italie, l\u2019Allemagne, l\u2019Espagne, l\u2019Estonie, la R\u00e9publique tch\u00e8que, la Su\u00e8de, la Finlande, le Portugal, la Pologne, la Roumanie et la Belgique. En effet, notre plat pays accueillera deux projets de traitement et de substitution de germanium, ces derniers seront d\u00e9velopp\u00e9s par Umicore. Le germanium est utilis\u00e9 dans les cellules photovolta\u00efques, pour la fabrication de fibres optiques ou encore dans des technologies infrarouges.<\/p>\n","protected":false},"excerpt":{"rendered":"<p>Pour r\u00e9duire sa d\u00e9pendance aux mat\u00e9riaux strat\u00e9giques chinois, \u00e0 l\u2019instar de celle au gaz russe, l\u2019Europe mise sur 47 projets miniers afin de garantir son approvisionnement en terres rares et ainsi renforcer sa souverainet\u00e9 \u00e9nerg\u00e9tique et technologique. Car rappelons-le&nbsp;: ces ressources sont essentielles et entrent dans la fabrication des technologies renouvelables, dans les infrastructures du r\u00e9seau \u00e9lectrique (comme le cuivre, indispensable au transport d&rsquo;\u00e9lectricit\u00e9), ainsi que, malheureusement d\u2019actualit\u00e9, dans les syst\u00e8mes de d\u00e9fense. 22 de ces projets portent sur le lithium, un \u00e9l\u00e9ment aux centres de beaucoup de convoitises, notamment pour la production de batteries destin\u00e9es aux v\u00e9hicules \u00e9lectriques. 12 autres se concentrent sur le nickel, 10 sur le cobalt, 7 sur le mangan\u00e8se et, enfin, 11 sur le graphite. Mais l\u2019initiative europ\u00e9enne ne concerne pas uniquement l\u2019extraction, puisqu\u2019elle concerne aussi le traitement desdits mat\u00e9riaux ainsi que de leur recyclage, afin de couvrir l\u2019ensemble de la cha\u00eene de valeur. Dans une perspective plus large, l\u2019Union europ\u00e9enne vise, d\u2019ici 2030, \u00e0 assurer 10 % de ses besoins en extraction, 40 % en raffinage et 25 % en recyclage. De plus, aucun pays tiers ne pourra repr\u00e9senter plus de 65 % de l\u2019approvisionnement de l\u2019UE. Mais comment l\u2019Europe compte-t-elle concr\u00e9tiser ces ambitions ? En simplifiant les d\u00e9marches administratives, souvent longues et complexes, et en r\u00e9duisant les d\u00e9lais d\u2019octroi des permis pour ces 47 projets. Actuellement compris entre 5 et 10 ans, ces d\u00e9lais ne devront pas exc\u00e9der 27 mois pour les projets d\u2019extraction et 15 mois pour ceux de raffinage et de recyclage. Bien s\u00fbr, la mise en \u0153uvre de ces projets n\u00e9cessite un financement. Et ce dernier s\u2019\u00e9l\u00e8vera, cette ann\u00e9e, \u00e0 hauteur de deux milliards d\u2019euros. R\u00e9partis sur l\u2019ensemble du territoire europ\u00e9en, 13 \u00c9tats membres sont concern\u00e9s : la Gr\u00e8ce, la &hellip; <a href=\"https:\/\/www.renouvelle.be\/fr\/materiaux-strategiques-et-terres-rares-europe-mise-sur-47-projets\/\" class=\"more-link\">Continue reading<span class=\"screen-reader-text\"> \u00ab\u00a0Mat\u00e9riaux strat\u00e9giques et terres rares : l&rsquo;Europe mise sur 47 projets\u00a0\u00bb<\/span><\/a><\/p>\n","protected":false},"author":38,"featured_media":14920,"comment_status":"closed","ping_status":"closed","sticky":false,"template":"","format":"standard","meta":{"_acf_changed":false,"footnotes":""},"categories":[16,18],"tags":[],"section":[8],"class_list":["post-14915","post","type-post","status-publish","format-standard","has-post-thumbnail","hentry","category-actualite","category-actualite-internationale","section-energie-renouvelables"],"acf":[],"yoast_head":"<!-- This site is optimized with the Yoast SEO plugin v27.5 - https:\/\/yoast.com\/product\/yoast-seo-wordpress\/ -->\n<title>Mat\u00e9riaux strat\u00e9giques et terres rares : l&#039;Europe mise sur 47 projets - Renouvelle<\/title>\n<meta name=\"description\" content=\"Avec 47 projets miniers, l&#039;Europe compte devenir moins d\u00e9pendante \u00e0 des pays tiers en mati\u00e8re de mat\u00e9riaux strat\u00e9giques.\" \/>\n<meta name=\"robots\" content=\"index, follow, max-snippet:-1, max-image-preview:large, max-video-preview:-1\" \/>\n<link rel=\"canonical\" href=\"https:\/\/www.renouvelle.be\/fr\/materiaux-strategiques-et-terres-rares-europe-mise-sur-47-projets\/\" \/>\n<meta property=\"og:locale\" content=\"fr_FR\" \/>\n<meta property=\"og:type\" content=\"article\" \/>\n<meta property=\"og:title\" content=\"Mat\u00e9riaux strat\u00e9giques et terres rares : l&#039;Europe mise sur 47 projets - Renouvelle\" \/>\n<meta property=\"og:description\" content=\"Avec 47 projets miniers, l&#039;Europe compte devenir moins d\u00e9pendante \u00e0 des pays tiers en mati\u00e8re de mat\u00e9riaux strat\u00e9giques.\" \/>\n<meta property=\"og:url\" content=\"https:\/\/www.renouvelle.be\/fr\/materiaux-strategiques-et-terres-rares-europe-mise-sur-47-projets\/\" \/>\n<meta property=\"og:site_name\" content=\"Renouvelle\" \/>\n<meta property=\"article:published_time\" content=\"2025-04-03T07:03:06+00:00\" \/>\n<meta property=\"article:modified_time\" content=\"2025-04-03T07:03:08+00:00\" \/>\n<meta property=\"og:image\" content=\"https:\/\/www.renouvelle.be\/wp-content\/uploads\/2025\/04\/AdobeStock_507125405-scaled.jpeg\" \/>\n\t<meta property=\"og:image:width\" content=\"2560\" \/>\n\t<meta property=\"og:image:height\" content=\"1707\" \/>\n\t<meta property=\"og:image:type\" content=\"image\/jpeg\" \/>\n<meta name=\"author\" content=\"Samuel Alves\" \/>\n<meta name=\"twitter:card\" content=\"summary_large_image\" \/>\n<script type=\"application\/ld+json\" class=\"yoast-schema-graph\">{\"@context\":\"https:\\\/\\\/schema.org\",\"@graph\":[{\"@type\":\"Article\",\"@id\":\"https:\\\/\\\/www.renouvelle.be\\\/fr\\\/materiaux-strategiques-et-terres-rares-europe-mise-sur-47-projets\\\/#article\",\"isPartOf\":{\"@id\":\"https:\\\/\\\/www.renouvelle.be\\\/fr\\\/materiaux-strategiques-et-terres-rares-europe-mise-sur-47-projets\\\/\"},\"author\":{\"name\":\"Samuel Alves\",\"@id\":\"https:\\\/\\\/www.renouvelle.be\\\/fr\\\/#\\\/schema\\\/person\\\/9d743366fb269eeceaa8d60e98d289d3\"},\"headline\":\"Mat\u00e9riaux strat\u00e9giques et terres rares : l&rsquo;Europe mise sur 47 projets\",\"datePublished\":\"2025-04-03T07:03:06+00:00\",\"dateModified\":\"2025-04-03T07:03:08+00:00\",\"mainEntityOfPage\":{\"@id\":\"https:\\\/\\\/www.renouvelle.be\\\/fr\\\/materiaux-strategiques-et-terres-rares-europe-mise-sur-47-projets\\\/\"},\"wordCount\":398,\"image\":{\"@id\":\"https:\\\/\\\/www.renouvelle.be\\\/fr\\\/materiaux-strategiques-et-terres-rares-europe-mise-sur-47-projets\\\/#primaryimage\"},\"thumbnailUrl\":\"https:\\\/\\\/www.renouvelle.be\\\/wp-content\\\/uploads\\\/2025\\\/04\\\/AdobeStock_507125405-scaled.jpeg\",\"articleSection\":[\"Actualit\u00e9\",\"Actualit\u00e9 internationale\"],\"inLanguage\":\"fr-FR\"},{\"@type\":\"WebPage\",\"@id\":\"https:\\\/\\\/www.renouvelle.be\\\/fr\\\/materiaux-strategiques-et-terres-rares-europe-mise-sur-47-projets\\\/\",\"url\":\"https:\\\/\\\/www.renouvelle.be\\\/fr\\\/materiaux-strategiques-et-terres-rares-europe-mise-sur-47-projets\\\/\",\"name\":\"Mat\u00e9riaux strat\u00e9giques et terres rares : l'Europe mise sur 47 projets - Renouvelle\",\"isPartOf\":{\"@id\":\"https:\\\/\\\/www.renouvelle.be\\\/fr\\\/#website\"},\"primaryImageOfPage\":{\"@id\":\"https:\\\/\\\/www.renouvelle.be\\\/fr\\\/materiaux-strategiques-et-terres-rares-europe-mise-sur-47-projets\\\/#primaryimage\"},\"image\":{\"@id\":\"https:\\\/\\\/www.renouvelle.be\\\/fr\\\/materiaux-strategiques-et-terres-rares-europe-mise-sur-47-projets\\\/#primaryimage\"},\"thumbnailUrl\":\"https:\\\/\\\/www.renouvelle.be\\\/wp-content\\\/uploads\\\/2025\\\/04\\\/AdobeStock_507125405-scaled.jpeg\",\"datePublished\":\"2025-04-03T07:03:06+00:00\",\"dateModified\":\"2025-04-03T07:03:08+00:00\",\"author\":{\"@id\":\"https:\\\/\\\/www.renouvelle.be\\\/fr\\\/#\\\/schema\\\/person\\\/9d743366fb269eeceaa8d60e98d289d3\"},\"description\":\"Avec 47 projets miniers, l'Europe compte devenir moins d\u00e9pendante \u00e0 des pays tiers en mati\u00e8re de mat\u00e9riaux strat\u00e9giques.\",\"breadcrumb\":{\"@id\":\"https:\\\/\\\/www.renouvelle.be\\\/fr\\\/materiaux-strategiques-et-terres-rares-europe-mise-sur-47-projets\\\/#breadcrumb\"},\"inLanguage\":\"fr-FR\",\"potentialAction\":[{\"@type\":\"ReadAction\",\"target\":[\"https:\\\/\\\/www.renouvelle.be\\\/fr\\\/materiaux-strategiques-et-terres-rares-europe-mise-sur-47-projets\\\/\"]}]},{\"@type\":\"ImageObject\",\"inLanguage\":\"fr-FR\",\"@id\":\"https:\\\/\\\/www.renouvelle.be\\\/fr\\\/materiaux-strategiques-et-terres-rares-europe-mise-sur-47-projets\\\/#primaryimage\",\"url\":\"https:\\\/\\\/www.renouvelle.be\\\/wp-content\\\/uploads\\\/2025\\\/04\\\/AdobeStock_507125405-scaled.jpeg\",\"contentUrl\":\"https:\\\/\\\/www.renouvelle.be\\\/wp-content\\\/uploads\\\/2025\\\/04\\\/AdobeStock_507125405-scaled.jpeg\",\"width\":2560,\"height\":1707,\"caption\":\"mat\u00e9riaux 47 Europe\"},{\"@type\":\"BreadcrumbList\",\"@id\":\"https:\\\/\\\/www.renouvelle.be\\\/fr\\\/materiaux-strategiques-et-terres-rares-europe-mise-sur-47-projets\\\/#breadcrumb\",\"itemListElement\":[{\"@type\":\"ListItem\",\"position\":1,\"name\":\"Accueil\",\"item\":\"https:\\\/\\\/www.renouvelle.be\\\/fr\\\/\"},{\"@type\":\"ListItem\",\"position\":2,\"name\":\"Mat\u00e9riaux strat\u00e9giques et terres rares : l&rsquo;Europe mise sur 47 projets\"}]},{\"@type\":\"WebSite\",\"@id\":\"https:\\\/\\\/www.renouvelle.be\\\/fr\\\/#website\",\"url\":\"https:\\\/\\\/www.renouvelle.be\\\/fr\\\/\",\"name\":\"Renouvelle\",\"description\":\"L&#039;actualit\u00e9 de l&#039;\u00e9nergie durable\",\"potentialAction\":[{\"@type\":\"SearchAction\",\"target\":{\"@type\":\"EntryPoint\",\"urlTemplate\":\"https:\\\/\\\/www.renouvelle.be\\\/fr\\\/?s={search_term_string}\"},\"query-input\":{\"@type\":\"PropertyValueSpecification\",\"valueRequired\":true,\"valueName\":\"search_term_string\"}}],\"inLanguage\":\"fr-FR\"},{\"@type\":\"Person\",\"@id\":\"https:\\\/\\\/www.renouvelle.be\\\/fr\\\/#\\\/schema\\\/person\\\/9d743366fb269eeceaa8d60e98d289d3\",\"name\":\"Samuel Alves\",\"url\":\"https:\\\/\\\/www.renouvelle.be\\\/fr\\\/author\\\/salves\\\/\"}]}<\/script>\n<!-- \/ Yoast SEO plugin. -->","yoast_head_json":{"title":"Mat\u00e9riaux strat\u00e9giques et terres rares : l'Europe mise sur 47 projets - Renouvelle","description":"Avec 47 projets miniers, l'Europe compte devenir moins d\u00e9pendante \u00e0 des pays tiers en mati\u00e8re de mat\u00e9riaux strat\u00e9giques.","robots":{"index":"index","follow":"follow","max-snippet":"max-snippet:-1","max-image-preview":"max-image-preview:large","max-video-preview":"max-video-preview:-1"},"canonical":"https:\/\/www.renouvelle.be\/fr\/materiaux-strategiques-et-terres-rares-europe-mise-sur-47-projets\/","og_locale":"fr_FR","og_type":"article","og_title":"Mat\u00e9riaux strat\u00e9giques et terres rares : l'Europe mise sur 47 projets - Renouvelle","og_description":"Avec 47 projets miniers, l'Europe compte devenir moins d\u00e9pendante \u00e0 des pays tiers en mati\u00e8re de mat\u00e9riaux strat\u00e9giques.","og_url":"https:\/\/www.renouvelle.be\/fr\/materiaux-strategiques-et-terres-rares-europe-mise-sur-47-projets\/","og_site_name":"Renouvelle","article_published_time":"2025-04-03T07:03:06+00:00","article_modified_time":"2025-04-03T07:03:08+00:00","og_image":[{"width":2560,"height":1707,"url":"https:\/\/www.renouvelle.be\/wp-content\/uploads\/2025\/04\/AdobeStock_507125405-scaled.jpeg","type":"image\/jpeg"}],"author":"Samuel Alves","twitter_card":"summary_large_image","schema":{"@context":"https:\/\/schema.org","@graph":[{"@type":"Article","@id":"https:\/\/www.renouvelle.be\/fr\/materiaux-strategiques-et-terres-rares-europe-mise-sur-47-projets\/#article","isPartOf":{"@id":"https:\/\/www.renouvelle.be\/fr\/materiaux-strategiques-et-terres-rares-europe-mise-sur-47-projets\/"},"author":{"name":"Samuel Alves","@id":"https:\/\/www.renouvelle.be\/fr\/#\/schema\/person\/9d743366fb269eeceaa8d60e98d289d3"},"headline":"Mat\u00e9riaux strat\u00e9giques et terres rares : l&rsquo;Europe mise sur 47 projets","datePublished":"2025-04-03T07:03:06+00:00","dateModified":"2025-04-03T07:03:08+00:00","mainEntityOfPage":{"@id":"https:\/\/www.renouvelle.be\/fr\/materiaux-strategiques-et-terres-rares-europe-mise-sur-47-projets\/"},"wordCount":398,"image":{"@id":"https:\/\/www.renouvelle.be\/fr\/materiaux-strategiques-et-terres-rares-europe-mise-sur-47-projets\/#primaryimage"},"thumbnailUrl":"https:\/\/www.renouvelle.be\/wp-content\/uploads\/2025\/04\/AdobeStock_507125405-scaled.jpeg","articleSection":["Actualit\u00e9","Actualit\u00e9 internationale"],"inLanguage":"fr-FR"},{"@type":"WebPage","@id":"https:\/\/www.renouvelle.be\/fr\/materiaux-strategiques-et-terres-rares-europe-mise-sur-47-projets\/","url":"https:\/\/www.renouvelle.be\/fr\/materiaux-strategiques-et-terres-rares-europe-mise-sur-47-projets\/","name":"Mat\u00e9riaux strat\u00e9giques et terres rares : l'Europe mise sur 47 projets - Renouvelle","isPartOf":{"@id":"https:\/\/www.renouvelle.be\/fr\/#website"},"primaryImageOfPage":{"@id":"https:\/\/www.renouvelle.be\/fr\/materiaux-strategiques-et-terres-rares-europe-mise-sur-47-projets\/#primaryimage"},"image":{"@id":"https:\/\/www.renouvelle.be\/fr\/materiaux-strategiques-et-terres-rares-europe-mise-sur-47-projets\/#primaryimage"},"thumbnailUrl":"https:\/\/www.renouvelle.be\/wp-content\/uploads\/2025\/04\/AdobeStock_507125405-scaled.jpeg","datePublished":"2025-04-03T07:03:06+00:00","dateModified":"2025-04-03T07:03:08+00:00","author":{"@id":"https:\/\/www.renouvelle.be\/fr\/#\/schema\/person\/9d743366fb269eeceaa8d60e98d289d3"},"description":"Avec 47 projets miniers, l'Europe compte devenir moins d\u00e9pendante \u00e0 des pays tiers en mati\u00e8re de mat\u00e9riaux strat\u00e9giques.","breadcrumb":{"@id":"https:\/\/www.renouvelle.be\/fr\/materiaux-strategiques-et-terres-rares-europe-mise-sur-47-projets\/#breadcrumb"},"inLanguage":"fr-FR","potentialAction":[{"@type":"ReadAction","target":["https:\/\/www.renouvelle.be\/fr\/materiaux-strategiques-et-terres-rares-europe-mise-sur-47-projets\/"]}]},{"@type":"ImageObject","inLanguage":"fr-FR","@id":"https:\/\/www.renouvelle.be\/fr\/materiaux-strategiques-et-terres-rares-europe-mise-sur-47-projets\/#primaryimage","url":"https:\/\/www.renouvelle.be\/wp-content\/uploads\/2025\/04\/AdobeStock_507125405-scaled.jpeg","contentUrl":"https:\/\/www.renouvelle.be\/wp-content\/uploads\/2025\/04\/AdobeStock_507125405-scaled.jpeg","width":2560,"height":1707,"caption":"mat\u00e9riaux 47 Europe"},{"@type":"BreadcrumbList","@id":"https:\/\/www.renouvelle.be\/fr\/materiaux-strategiques-et-terres-rares-europe-mise-sur-47-projets\/#breadcrumb","itemListElement":[{"@type":"ListItem","position":1,"name":"Accueil","item":"https:\/\/www.renouvelle.be\/fr\/"},{"@type":"ListItem","position":2,"name":"Mat\u00e9riaux strat\u00e9giques et terres rares : l&rsquo;Europe mise sur 47 projets"}]},{"@type":"WebSite","@id":"https:\/\/www.renouvelle.be\/fr\/#website","url":"https:\/\/www.renouvelle.be\/fr\/","name":"Renouvelle","description":"L&#039;actualit\u00e9 de l&#039;\u00e9nergie durable","potentialAction":[{"@type":"SearchAction","target":{"@type":"EntryPoint","urlTemplate":"https:\/\/www.renouvelle.be\/fr\/?s={search_term_string}"},"query-input":{"@type":"PropertyValueSpecification","valueRequired":true,"valueName":"search_term_string"}}],"inLanguage":"fr-FR"},{"@type":"Person","@id":"https:\/\/www.renouvelle.be\/fr\/#\/schema\/person\/9d743366fb269eeceaa8d60e98d289d3","name":"Samuel Alves","url":"https:\/\/www.renouvelle.be\/fr\/author\/salves\/"}]}},"_links":{"self":[{"href":"https:\/\/www.renouvelle.be\/fr\/wp-json\/wp\/v2\/posts\/14915","targetHints":{"allow":["GET"]}}],"collection":[{"href":"https:\/\/www.renouvelle.be\/fr\/wp-json\/wp\/v2\/posts"}],"about":[{"href":"https:\/\/www.renouvelle.be\/fr\/wp-json\/wp\/v2\/types\/post"}],"author":[{"embeddable":true,"href":"https:\/\/www.renouvelle.be\/fr\/wp-json\/wp\/v2\/users\/38"}],"replies":[{"embeddable":true,"href":"https:\/\/www.renouvelle.be\/fr\/wp-json\/wp\/v2\/comments?post=14915"}],"version-history":[{"count":5,"href":"https:\/\/www.renouvelle.be\/fr\/wp-json\/wp\/v2\/posts\/14915\/revisions"}],"predecessor-version":[{"id":14922,"href":"https:\/\/www.renouvelle.be\/fr\/wp-json\/wp\/v2\/posts\/14915\/revisions\/14922"}],"wp:featuredmedia":[{"embeddable":true,"href":"https:\/\/www.renouvelle.be\/fr\/wp-json\/wp\/v2\/media\/14920"}],"wp:attachment":[{"href":"https:\/\/www.renouvelle.be\/fr\/wp-json\/wp\/v2\/media?parent=14915"}],"wp:term":[{"taxonomy":"category","embeddable":true,"href":"https:\/\/www.renouvelle.be\/fr\/wp-json\/wp\/v2\/categories?post=14915"},{"taxonomy":"post_tag","embeddable":true,"href":"https:\/\/www.renouvelle.be\/fr\/wp-json\/wp\/v2\/tags?post=14915"},{"taxonomy":"section","embeddable":true,"href":"https:\/\/www.renouvelle.be\/fr\/wp-json\/wp\/v2\/section?post=14915"}],"curies":[{"name":"wp","href":"https:\/\/api.w.org\/{rel}","templated":true}]}}