{"id":14902,"date":"2025-04-01T09:02:50","date_gmt":"2025-04-01T07:02:50","guid":{"rendered":"https:\/\/www.renouvelle.be\/?p=14902"},"modified":"2025-04-01T09:02:53","modified_gmt":"2025-04-01T07:02:53","slug":"golf-ou-energies-renouvelables-une-question-de-priorite-fonciere","status":"publish","type":"post","link":"https:\/\/www.renouvelle.be\/fr\/golf-ou-energies-renouvelables-une-question-de-priorite-fonciere\/","title":{"rendered":"Golf ou \u00e9nergies renouvelables : une question de priorit\u00e9 fonci\u00e8re"},"content":{"rendered":"\n<p>Bien qu\u2019indispensables, les \u00e9nergies renouvelables sont souvent per\u00e7ues comme de grandes consommatrices d\u2019espace. Au-del\u00e0 de leurs b\u00e9n\u00e9fices, certains s\u2019acharnent \u00e0 se concentrer uniquement sur la surface n\u00e9cessaire \u00e0 leur implantation. Mais qu\u2019en est-il d\u2019autres usages du sol, comme celui d\u00e9di\u00e9 aux terrains de golf qui ne semble, pourtant, pas provoquer plus d\u2019\u00e9mois que \u00e7a ? Contrairement aux \u00e9nergies renouvelables, qui profitent \u00e0 l\u2019ensemble de la soci\u00e9t\u00e9, ces infrastructures ne concernent qu\u2019une tr\u00e8s infime partie de la population.<\/p>\n\n\n\n<p>C\u2019est la question que s\u2019est pos\u00e9e <a href=\"https:\/\/www.fz-juelich.de\/en\" target=\"_blank\" rel=\"noreferrer noopener\">FZ J\u00fclich<\/a>, un centre de recherche interdisciplinaire allemand, qui a analys\u00e9 la proportion de surfaces allou\u00e9es aux parcours de golf dans les dix pays qui en comptent le plus. En s\u2019appuyant sur les donn\u00e9es d\u2019OpenStreetMap, l\u2019\u00e9tude r\u00e9v\u00e8le que les \u00c9tats-Unis arrivent en t\u00eate avec 16 000 parcours de golf, suivis du Royaume-Uni et du Japon, qui en comptent chacun environ 3 000.<\/p>\n\n\n\n<p>Premier constat : la surface occup\u00e9e par ces parcours de golf d\u00e9passe celle d\u00e9di\u00e9e \u00e0 la production d\u2019\u00e9nergies renouvelables. En Allemagne, elle est sup\u00e9rieure de 25 % \u00e0 celle des infrastructures photovolta\u00efques. Au Royaume-Uni, elle est six fois plus grande, et au Canada, jusqu\u2019\u00e0 seize fois plus.<\/p>\n\n\n\n<p>Mais quelle aurait \u00e9t\u00e9 la capacit\u00e9 install\u00e9e si ces surfaces \u00e9taient consacr\u00e9es aux \u00e9nergies renouvelables ? En utilisant seulement 25 % de la superficie \u00e9tudi\u00e9e, on pourrait installer des capacit\u00e9s de 174 GW pour l\u2019\u00e9olien et 281 GW pour le photovolta\u00efque. En portant cette proportion \u00e0 75 %, ces chiffres grimperaient respectivement \u00e0 659 GW et 842 GW, soit davantage que les capacit\u00e9s totales combin\u00e9es des dix pays \u00e9tudi\u00e9s, qui s\u2019\u00e9l\u00e8vent actuellement \u00e0 646 GW.<\/p>\n\n\n\n<p>L\u2019objectif de cette \u00e9tude n\u2019est pas d\u2019appeler \u00e0 transformer tous les terrains de golf en centrales solaires ou en parcs \u00e9oliens, mais de souligner que, dans un contexte o\u00f9 l\u2019utilisation des terres est d\u00e9j\u00e0 sous tension, l\u2019espace occup\u00e9 par ces infrastructures, r\u00e9serv\u00e9es \u00e0 une minorit\u00e9 privil\u00e9gi\u00e9e, pourrait \u00eatre r\u00e9orient\u00e9 vers des usages plus essentiels et <a href=\"https:\/\/www.renouvelle.be\/fr\/energie-renouvelable-47-de-lelectricite-en-est-issue-en-europe\/\" target=\"_blank\" rel=\"noreferrer noopener\">b\u00e9n\u00e9fiques<\/a> au bien commun.<\/p>\n\n\n\n<p>Retrouvez l&rsquo;\u00e9tude dans son int\u00e9gralit\u00e9 <a href=\"https:\/\/iopscience.iop.org\/article\/10.1088\/2515-7620\/adb7bd\">ici<\/a>.<\/p>\n","protected":false},"excerpt":{"rendered":"<p>Bien qu\u2019indispensables, les \u00e9nergies renouvelables sont souvent per\u00e7ues comme de grandes consommatrices d\u2019espace. Au-del\u00e0 de leurs b\u00e9n\u00e9fices, certains s\u2019acharnent \u00e0 se concentrer uniquement sur la surface n\u00e9cessaire \u00e0 leur implantation. Mais qu\u2019en est-il d\u2019autres usages du sol, comme celui d\u00e9di\u00e9 aux terrains de golf qui ne semble, pourtant, pas provoquer plus d\u2019\u00e9mois que \u00e7a ? Contrairement aux \u00e9nergies renouvelables, qui profitent \u00e0 l\u2019ensemble de la soci\u00e9t\u00e9, ces infrastructures ne concernent qu\u2019une tr\u00e8s infime partie de la population. C\u2019est la question que s\u2019est pos\u00e9e FZ J\u00fclich, un centre de recherche interdisciplinaire allemand, qui a analys\u00e9 la proportion de surfaces allou\u00e9es aux parcours de golf dans les dix pays qui en comptent le plus. En s\u2019appuyant sur les donn\u00e9es d\u2019OpenStreetMap, l\u2019\u00e9tude r\u00e9v\u00e8le que les \u00c9tats-Unis arrivent en t\u00eate avec 16 000 parcours de golf, suivis du Royaume-Uni et du Japon, qui en comptent chacun environ 3 000. Premier constat : la surface occup\u00e9e par ces parcours de golf d\u00e9passe celle d\u00e9di\u00e9e \u00e0 la production d\u2019\u00e9nergies renouvelables. En Allemagne, elle est sup\u00e9rieure de 25 % \u00e0 celle des infrastructures photovolta\u00efques. Au Royaume-Uni, elle est six fois plus grande, et au Canada, jusqu\u2019\u00e0 seize fois plus. Mais quelle aurait \u00e9t\u00e9 la capacit\u00e9 install\u00e9e si ces surfaces \u00e9taient consacr\u00e9es aux \u00e9nergies renouvelables ? En utilisant seulement 25 % de la superficie \u00e9tudi\u00e9e, on pourrait installer des capacit\u00e9s de 174 GW pour l\u2019\u00e9olien et 281 GW pour le photovolta\u00efque. En portant cette proportion \u00e0 75 %, ces chiffres grimperaient respectivement \u00e0 659 GW et 842 GW, soit davantage que les capacit\u00e9s totales combin\u00e9es des dix pays \u00e9tudi\u00e9s, qui s\u2019\u00e9l\u00e8vent actuellement \u00e0 646 GW. L\u2019objectif de cette \u00e9tude n\u2019est pas d\u2019appeler \u00e0 transformer tous les terrains de golf en centrales solaires ou en parcs \u00e9oliens, mais de &hellip; <a href=\"https:\/\/www.renouvelle.be\/fr\/golf-ou-energies-renouvelables-une-question-de-priorite-fonciere\/\" class=\"more-link\">Continue reading<span class=\"screen-reader-text\"> \u00ab\u00a0Golf ou \u00e9nergies renouvelables : une question de priorit\u00e9 fonci\u00e8re\u00a0\u00bb<\/span><\/a><\/p>\n","protected":false},"author":38,"featured_media":14903,"comment_status":"closed","ping_status":"closed","sticky":false,"template":"","format":"standard","meta":{"_acf_changed":false,"footnotes":""},"categories":[16,18],"tags":[],"section":[8,13,6],"class_list":["post-14902","post","type-post","status-publish","format-standard","has-post-thumbnail","hentry","category-actualite","category-actualite-internationale","section-energie-renouvelables","section-solaire","section-eolien"],"acf":[],"yoast_head":"<!-- This site is optimized with the Yoast SEO plugin v27.5 - https:\/\/yoast.com\/product\/yoast-seo-wordpress\/ -->\n<title>Golf ou \u00e9nergies renouvelables : une question de priorit\u00e9 fonci\u00e8re - Renouvelle<\/title>\n<meta name=\"description\" content=\"Dans le monde, les terrains de golf occupent plus de surface que les \u00e9nergies renouvelables. Et si on revoyait les priorit\u00e9s fonci\u00e8res ?\" \/>\n<meta name=\"robots\" content=\"index, follow, max-snippet:-1, max-image-preview:large, max-video-preview:-1\" \/>\n<link rel=\"canonical\" href=\"https:\/\/www.renouvelle.be\/fr\/golf-ou-energies-renouvelables-une-question-de-priorite-fonciere\/\" \/>\n<meta property=\"og:locale\" content=\"fr_FR\" \/>\n<meta property=\"og:type\" content=\"article\" \/>\n<meta property=\"og:title\" content=\"Golf ou \u00e9nergies renouvelables : une question de priorit\u00e9 fonci\u00e8re - Renouvelle\" \/>\n<meta property=\"og:description\" content=\"Dans le monde, les terrains de golf occupent plus de surface que les \u00e9nergies renouvelables. Et si on revoyait les priorit\u00e9s fonci\u00e8res ?\" \/>\n<meta property=\"og:url\" content=\"https:\/\/www.renouvelle.be\/fr\/golf-ou-energies-renouvelables-une-question-de-priorite-fonciere\/\" \/>\n<meta property=\"og:site_name\" content=\"Renouvelle\" \/>\n<meta property=\"article:published_time\" content=\"2025-04-01T07:02:50+00:00\" \/>\n<meta property=\"article:modified_time\" content=\"2025-04-01T07:02:53+00:00\" \/>\n<meta property=\"og:image\" content=\"https:\/\/www.renouvelle.be\/wp-content\/uploads\/2025\/03\/AdobeStock_238128993-scaled-e1742912191565.jpeg\" \/>\n\t<meta property=\"og:image:width\" content=\"2560\" \/>\n\t<meta property=\"og:image:height\" content=\"1463\" \/>\n\t<meta property=\"og:image:type\" content=\"image\/jpeg\" \/>\n<meta name=\"author\" content=\"Samuel Alves\" \/>\n<meta name=\"twitter:card\" content=\"summary_large_image\" \/>\n<script type=\"application\/ld+json\" class=\"yoast-schema-graph\">{\"@context\":\"https:\\\/\\\/schema.org\",\"@graph\":[{\"@type\":\"Article\",\"@id\":\"https:\\\/\\\/www.renouvelle.be\\\/fr\\\/golf-ou-energies-renouvelables-une-question-de-priorite-fonciere\\\/#article\",\"isPartOf\":{\"@id\":\"https:\\\/\\\/www.renouvelle.be\\\/fr\\\/golf-ou-energies-renouvelables-une-question-de-priorite-fonciere\\\/\"},\"author\":{\"name\":\"Samuel Alves\",\"@id\":\"https:\\\/\\\/www.renouvelle.be\\\/fr\\\/#\\\/schema\\\/person\\\/9d743366fb269eeceaa8d60e98d289d3\"},\"headline\":\"Golf ou \u00e9nergies renouvelables : une question de priorit\u00e9 fonci\u00e8re\",\"datePublished\":\"2025-04-01T07:02:50+00:00\",\"dateModified\":\"2025-04-01T07:02:53+00:00\",\"mainEntityOfPage\":{\"@id\":\"https:\\\/\\\/www.renouvelle.be\\\/fr\\\/golf-ou-energies-renouvelables-une-question-de-priorite-fonciere\\\/\"},\"wordCount\":374,\"image\":{\"@id\":\"https:\\\/\\\/www.renouvelle.be\\\/fr\\\/golf-ou-energies-renouvelables-une-question-de-priorite-fonciere\\\/#primaryimage\"},\"thumbnailUrl\":\"https:\\\/\\\/www.renouvelle.be\\\/wp-content\\\/uploads\\\/2025\\\/03\\\/AdobeStock_238128993-scaled-e1742912191565.jpeg\",\"articleSection\":[\"Actualit\u00e9\",\"Actualit\u00e9 internationale\"],\"inLanguage\":\"fr-FR\"},{\"@type\":\"WebPage\",\"@id\":\"https:\\\/\\\/www.renouvelle.be\\\/fr\\\/golf-ou-energies-renouvelables-une-question-de-priorite-fonciere\\\/\",\"url\":\"https:\\\/\\\/www.renouvelle.be\\\/fr\\\/golf-ou-energies-renouvelables-une-question-de-priorite-fonciere\\\/\",\"name\":\"Golf ou \u00e9nergies renouvelables : une question de priorit\u00e9 fonci\u00e8re - Renouvelle\",\"isPartOf\":{\"@id\":\"https:\\\/\\\/www.renouvelle.be\\\/fr\\\/#website\"},\"primaryImageOfPage\":{\"@id\":\"https:\\\/\\\/www.renouvelle.be\\\/fr\\\/golf-ou-energies-renouvelables-une-question-de-priorite-fonciere\\\/#primaryimage\"},\"image\":{\"@id\":\"https:\\\/\\\/www.renouvelle.be\\\/fr\\\/golf-ou-energies-renouvelables-une-question-de-priorite-fonciere\\\/#primaryimage\"},\"thumbnailUrl\":\"https:\\\/\\\/www.renouvelle.be\\\/wp-content\\\/uploads\\\/2025\\\/03\\\/AdobeStock_238128993-scaled-e1742912191565.jpeg\",\"datePublished\":\"2025-04-01T07:02:50+00:00\",\"dateModified\":\"2025-04-01T07:02:53+00:00\",\"author\":{\"@id\":\"https:\\\/\\\/www.renouvelle.be\\\/fr\\\/#\\\/schema\\\/person\\\/9d743366fb269eeceaa8d60e98d289d3\"},\"description\":\"Dans le monde, les terrains de golf occupent plus de surface que les \u00e9nergies renouvelables. Et si on revoyait les priorit\u00e9s fonci\u00e8res ?\",\"breadcrumb\":{\"@id\":\"https:\\\/\\\/www.renouvelle.be\\\/fr\\\/golf-ou-energies-renouvelables-une-question-de-priorite-fonciere\\\/#breadcrumb\"},\"inLanguage\":\"fr-FR\",\"potentialAction\":[{\"@type\":\"ReadAction\",\"target\":[\"https:\\\/\\\/www.renouvelle.be\\\/fr\\\/golf-ou-energies-renouvelables-une-question-de-priorite-fonciere\\\/\"]}]},{\"@type\":\"ImageObject\",\"inLanguage\":\"fr-FR\",\"@id\":\"https:\\\/\\\/www.renouvelle.be\\\/fr\\\/golf-ou-energies-renouvelables-une-question-de-priorite-fonciere\\\/#primaryimage\",\"url\":\"https:\\\/\\\/www.renouvelle.be\\\/wp-content\\\/uploads\\\/2025\\\/03\\\/AdobeStock_238128993-scaled-e1742912191565.jpeg\",\"contentUrl\":\"https:\\\/\\\/www.renouvelle.be\\\/wp-content\\\/uploads\\\/2025\\\/03\\\/AdobeStock_238128993-scaled-e1742912191565.jpeg\",\"width\":2560,\"height\":1463,\"caption\":\"golf \u00e9nergies renouvelables\"},{\"@type\":\"BreadcrumbList\",\"@id\":\"https:\\\/\\\/www.renouvelle.be\\\/fr\\\/golf-ou-energies-renouvelables-une-question-de-priorite-fonciere\\\/#breadcrumb\",\"itemListElement\":[{\"@type\":\"ListItem\",\"position\":1,\"name\":\"Accueil\",\"item\":\"https:\\\/\\\/www.renouvelle.be\\\/fr\\\/\"},{\"@type\":\"ListItem\",\"position\":2,\"name\":\"Golf ou \u00e9nergies renouvelables : une question de priorit\u00e9 fonci\u00e8re\"}]},{\"@type\":\"WebSite\",\"@id\":\"https:\\\/\\\/www.renouvelle.be\\\/fr\\\/#website\",\"url\":\"https:\\\/\\\/www.renouvelle.be\\\/fr\\\/\",\"name\":\"Renouvelle\",\"description\":\"L&#039;actualit\u00e9 de l&#039;\u00e9nergie durable\",\"potentialAction\":[{\"@type\":\"SearchAction\",\"target\":{\"@type\":\"EntryPoint\",\"urlTemplate\":\"https:\\\/\\\/www.renouvelle.be\\\/fr\\\/?s={search_term_string}\"},\"query-input\":{\"@type\":\"PropertyValueSpecification\",\"valueRequired\":true,\"valueName\":\"search_term_string\"}}],\"inLanguage\":\"fr-FR\"},{\"@type\":\"Person\",\"@id\":\"https:\\\/\\\/www.renouvelle.be\\\/fr\\\/#\\\/schema\\\/person\\\/9d743366fb269eeceaa8d60e98d289d3\",\"name\":\"Samuel Alves\",\"url\":\"https:\\\/\\\/www.renouvelle.be\\\/fr\\\/author\\\/salves\\\/\"}]}<\/script>\n<!-- \/ Yoast SEO plugin. -->","yoast_head_json":{"title":"Golf ou \u00e9nergies renouvelables : une question de priorit\u00e9 fonci\u00e8re - Renouvelle","description":"Dans le monde, les terrains de golf occupent plus de surface que les \u00e9nergies renouvelables. Et si on revoyait les priorit\u00e9s fonci\u00e8res ?","robots":{"index":"index","follow":"follow","max-snippet":"max-snippet:-1","max-image-preview":"max-image-preview:large","max-video-preview":"max-video-preview:-1"},"canonical":"https:\/\/www.renouvelle.be\/fr\/golf-ou-energies-renouvelables-une-question-de-priorite-fonciere\/","og_locale":"fr_FR","og_type":"article","og_title":"Golf ou \u00e9nergies renouvelables : une question de priorit\u00e9 fonci\u00e8re - Renouvelle","og_description":"Dans le monde, les terrains de golf occupent plus de surface que les \u00e9nergies renouvelables. Et si on revoyait les priorit\u00e9s fonci\u00e8res ?","og_url":"https:\/\/www.renouvelle.be\/fr\/golf-ou-energies-renouvelables-une-question-de-priorite-fonciere\/","og_site_name":"Renouvelle","article_published_time":"2025-04-01T07:02:50+00:00","article_modified_time":"2025-04-01T07:02:53+00:00","og_image":[{"width":2560,"height":1463,"url":"https:\/\/www.renouvelle.be\/wp-content\/uploads\/2025\/03\/AdobeStock_238128993-scaled-e1742912191565.jpeg","type":"image\/jpeg"}],"author":"Samuel Alves","twitter_card":"summary_large_image","schema":{"@context":"https:\/\/schema.org","@graph":[{"@type":"Article","@id":"https:\/\/www.renouvelle.be\/fr\/golf-ou-energies-renouvelables-une-question-de-priorite-fonciere\/#article","isPartOf":{"@id":"https:\/\/www.renouvelle.be\/fr\/golf-ou-energies-renouvelables-une-question-de-priorite-fonciere\/"},"author":{"name":"Samuel Alves","@id":"https:\/\/www.renouvelle.be\/fr\/#\/schema\/person\/9d743366fb269eeceaa8d60e98d289d3"},"headline":"Golf ou \u00e9nergies renouvelables : une question de priorit\u00e9 fonci\u00e8re","datePublished":"2025-04-01T07:02:50+00:00","dateModified":"2025-04-01T07:02:53+00:00","mainEntityOfPage":{"@id":"https:\/\/www.renouvelle.be\/fr\/golf-ou-energies-renouvelables-une-question-de-priorite-fonciere\/"},"wordCount":374,"image":{"@id":"https:\/\/www.renouvelle.be\/fr\/golf-ou-energies-renouvelables-une-question-de-priorite-fonciere\/#primaryimage"},"thumbnailUrl":"https:\/\/www.renouvelle.be\/wp-content\/uploads\/2025\/03\/AdobeStock_238128993-scaled-e1742912191565.jpeg","articleSection":["Actualit\u00e9","Actualit\u00e9 internationale"],"inLanguage":"fr-FR"},{"@type":"WebPage","@id":"https:\/\/www.renouvelle.be\/fr\/golf-ou-energies-renouvelables-une-question-de-priorite-fonciere\/","url":"https:\/\/www.renouvelle.be\/fr\/golf-ou-energies-renouvelables-une-question-de-priorite-fonciere\/","name":"Golf ou \u00e9nergies renouvelables : une question de priorit\u00e9 fonci\u00e8re - Renouvelle","isPartOf":{"@id":"https:\/\/www.renouvelle.be\/fr\/#website"},"primaryImageOfPage":{"@id":"https:\/\/www.renouvelle.be\/fr\/golf-ou-energies-renouvelables-une-question-de-priorite-fonciere\/#primaryimage"},"image":{"@id":"https:\/\/www.renouvelle.be\/fr\/golf-ou-energies-renouvelables-une-question-de-priorite-fonciere\/#primaryimage"},"thumbnailUrl":"https:\/\/www.renouvelle.be\/wp-content\/uploads\/2025\/03\/AdobeStock_238128993-scaled-e1742912191565.jpeg","datePublished":"2025-04-01T07:02:50+00:00","dateModified":"2025-04-01T07:02:53+00:00","author":{"@id":"https:\/\/www.renouvelle.be\/fr\/#\/schema\/person\/9d743366fb269eeceaa8d60e98d289d3"},"description":"Dans le monde, les terrains de golf occupent plus de surface que les \u00e9nergies renouvelables. Et si on revoyait les priorit\u00e9s fonci\u00e8res ?","breadcrumb":{"@id":"https:\/\/www.renouvelle.be\/fr\/golf-ou-energies-renouvelables-une-question-de-priorite-fonciere\/#breadcrumb"},"inLanguage":"fr-FR","potentialAction":[{"@type":"ReadAction","target":["https:\/\/www.renouvelle.be\/fr\/golf-ou-energies-renouvelables-une-question-de-priorite-fonciere\/"]}]},{"@type":"ImageObject","inLanguage":"fr-FR","@id":"https:\/\/www.renouvelle.be\/fr\/golf-ou-energies-renouvelables-une-question-de-priorite-fonciere\/#primaryimage","url":"https:\/\/www.renouvelle.be\/wp-content\/uploads\/2025\/03\/AdobeStock_238128993-scaled-e1742912191565.jpeg","contentUrl":"https:\/\/www.renouvelle.be\/wp-content\/uploads\/2025\/03\/AdobeStock_238128993-scaled-e1742912191565.jpeg","width":2560,"height":1463,"caption":"golf \u00e9nergies renouvelables"},{"@type":"BreadcrumbList","@id":"https:\/\/www.renouvelle.be\/fr\/golf-ou-energies-renouvelables-une-question-de-priorite-fonciere\/#breadcrumb","itemListElement":[{"@type":"ListItem","position":1,"name":"Accueil","item":"https:\/\/www.renouvelle.be\/fr\/"},{"@type":"ListItem","position":2,"name":"Golf ou \u00e9nergies renouvelables : une question de priorit\u00e9 fonci\u00e8re"}]},{"@type":"WebSite","@id":"https:\/\/www.renouvelle.be\/fr\/#website","url":"https:\/\/www.renouvelle.be\/fr\/","name":"Renouvelle","description":"L&#039;actualit\u00e9 de l&#039;\u00e9nergie durable","potentialAction":[{"@type":"SearchAction","target":{"@type":"EntryPoint","urlTemplate":"https:\/\/www.renouvelle.be\/fr\/?s={search_term_string}"},"query-input":{"@type":"PropertyValueSpecification","valueRequired":true,"valueName":"search_term_string"}}],"inLanguage":"fr-FR"},{"@type":"Person","@id":"https:\/\/www.renouvelle.be\/fr\/#\/schema\/person\/9d743366fb269eeceaa8d60e98d289d3","name":"Samuel Alves","url":"https:\/\/www.renouvelle.be\/fr\/author\/salves\/"}]}},"_links":{"self":[{"href":"https:\/\/www.renouvelle.be\/fr\/wp-json\/wp\/v2\/posts\/14902","targetHints":{"allow":["GET"]}}],"collection":[{"href":"https:\/\/www.renouvelle.be\/fr\/wp-json\/wp\/v2\/posts"}],"about":[{"href":"https:\/\/www.renouvelle.be\/fr\/wp-json\/wp\/v2\/types\/post"}],"author":[{"embeddable":true,"href":"https:\/\/www.renouvelle.be\/fr\/wp-json\/wp\/v2\/users\/38"}],"replies":[{"embeddable":true,"href":"https:\/\/www.renouvelle.be\/fr\/wp-json\/wp\/v2\/comments?post=14902"}],"version-history":[{"count":7,"href":"https:\/\/www.renouvelle.be\/fr\/wp-json\/wp\/v2\/posts\/14902\/revisions"}],"predecessor-version":[{"id":14913,"href":"https:\/\/www.renouvelle.be\/fr\/wp-json\/wp\/v2\/posts\/14902\/revisions\/14913"}],"wp:featuredmedia":[{"embeddable":true,"href":"https:\/\/www.renouvelle.be\/fr\/wp-json\/wp\/v2\/media\/14903"}],"wp:attachment":[{"href":"https:\/\/www.renouvelle.be\/fr\/wp-json\/wp\/v2\/media?parent=14902"}],"wp:term":[{"taxonomy":"category","embeddable":true,"href":"https:\/\/www.renouvelle.be\/fr\/wp-json\/wp\/v2\/categories?post=14902"},{"taxonomy":"post_tag","embeddable":true,"href":"https:\/\/www.renouvelle.be\/fr\/wp-json\/wp\/v2\/tags?post=14902"},{"taxonomy":"section","embeddable":true,"href":"https:\/\/www.renouvelle.be\/fr\/wp-json\/wp\/v2\/section?post=14902"}],"curies":[{"name":"wp","href":"https:\/\/api.w.org\/{rel}","templated":true}]}}