{"id":14880,"date":"2025-03-21T09:26:21","date_gmt":"2025-03-21T08:26:21","guid":{"rendered":"https:\/\/www.renouvelle.be\/?p=14880"},"modified":"2025-03-21T14:23:24","modified_gmt":"2025-03-21T13:23:24","slug":"la-plus-grand-parc-de-batteries-europe-mis-en-service-en-ecosse","status":"publish","type":"post","link":"https:\/\/www.renouvelle.be\/fr\/la-plus-grand-parc-de-batteries-europe-mis-en-service-en-ecosse\/","title":{"rendered":"Le plus grand parc de batteries d&rsquo;Europe mis en service en \u00c9cosse"},"content":{"rendered":"\n<p>Le plus puissant parc de batteries en activit\u00e9 d\u2019Europe se situe en \u00c9cosse, et plus pr\u00e9cis\u00e9ment \u00e0 Blackhillock, o\u00f9 sa mise en service aura lieu en deux phases pour une puissance totale de 300 MW.<\/p>\n\n\n\n<p><a href=\"https:\/\/www.zenobe.com\/news-and-events\/blackhillock-battery-storage-launch\/\" target=\"_blank\" rel=\"noreferrer noopener\">Zenob\u0113<\/a>, principal propri\u00e9taire et exploitant de batteries \u00e0 grande \u00e9chelle sur le r\u00e9seau britannique, a annonc\u00e9 que 200 MW sont d\u00e9sormais op\u00e9rationnels pour une capacit\u00e9 de 400 MWh. Cette puissance sera augment\u00e9e de 100 MW en 2026 et atteindra donc les 300 MW\/600 MWh, soit de quoi r\u00e9pondre aux besoins en \u00e9lectricit\u00e9 de plus de 3,1 millions de foyers pendant une heure.<\/p>\n\n\n\n<p>Le lancement de ce parc de batteries est une \u00e9tape importante pour le Royaume-Uni, qui vise une production \u00e9nerg\u00e9tique d\u00e9carbon\u00e9e d\u2019ici 2030. Et notamment gr\u00e2ce, entre autres, au d\u00e9veloppement de l\u2019\u00e9nergie \u00e9olienne, qui lui a permis de g\u00e9n\u00e9rer <a href=\"https:\/\/www.renouvelle.be\/fr\/au-royaume-uni-electricite-bas-carbone-a-atteint-un-record-58-2024\/\" target=\"_blank\" rel=\"noreferrer noopener\">58 % d\u2019\u00e9lectricit\u00e9 bas carbone<\/a> en 2024, l\u2019\u00e9olien prenant une part de 26 % dans le mix \u00e9nerg\u00e9tique britannique.<\/p>\n\n\n\n<p>Au cours des 15 ann\u00e9es \u00e0 venir, les consommateurs devraient profiter d\u2019une \u00e9conomie de 170 millions de livres sterling sur leurs factures d\u2019\u00e9nergie. Toute l\u2019\u00e9nergie \u00e9olienne qui sera stock\u00e9e et redistribu\u00e9e ensuite sur le r\u00e9seau permettra d\u2019\u00e9viter l\u2019\u00e9mission de 2,6 millions de tonnes de gaz \u00e0 effet de serre.<\/p>\n\n\n\n<p>Cependant, le site de Blackhillock ne devrait garder la palme du plus grand parc de batteries que jusqu&rsquo;en 2028, ann\u00e9e pr\u00e9vue pour la mise en service de Green Turtle, projet gargantuesque de <a href=\"https:\/\/www.renouvelle.be\/fr\/lancement-du-plus-grand-parc-de-batteries-de-belgique\/\" target=\"_blank\" rel=\"noreferrer noopener\">Giga Storage Belgium<\/a>.<\/p>\n\n\n\n<p><em>Source image : Zenob\u0113<\/em><\/p>\n","protected":false},"excerpt":{"rendered":"<p>Le plus puissant parc de batteries en activit\u00e9 d\u2019Europe se situe en \u00c9cosse, et plus pr\u00e9cis\u00e9ment \u00e0 Blackhillock, o\u00f9 sa mise en service aura lieu en deux phases pour une puissance totale de 300 MW. Zenob\u0113, principal propri\u00e9taire et exploitant de batteries \u00e0 grande \u00e9chelle sur le r\u00e9seau britannique, a annonc\u00e9 que 200 MW sont d\u00e9sormais op\u00e9rationnels pour une capacit\u00e9 de 400 MWh. Cette puissance sera augment\u00e9e de 100 MW en 2026 et atteindra donc les 300 MW\/600 MWh, soit de quoi r\u00e9pondre aux besoins en \u00e9lectricit\u00e9 de plus de 3,1 millions de foyers pendant une heure. Le lancement de ce parc de batteries est une \u00e9tape importante pour le Royaume-Uni, qui vise une production \u00e9nerg\u00e9tique d\u00e9carbon\u00e9e d\u2019ici 2030. Et notamment gr\u00e2ce, entre autres, au d\u00e9veloppement de l\u2019\u00e9nergie \u00e9olienne, qui lui a permis de g\u00e9n\u00e9rer 58 % d\u2019\u00e9lectricit\u00e9 bas carbone en 2024, l\u2019\u00e9olien prenant une part de 26 % dans le mix \u00e9nerg\u00e9tique britannique. Au cours des 15 ann\u00e9es \u00e0 venir, les consommateurs devraient profiter d\u2019une \u00e9conomie de 170 millions de livres sterling sur leurs factures d\u2019\u00e9nergie. Toute l\u2019\u00e9nergie \u00e9olienne qui sera stock\u00e9e et redistribu\u00e9e ensuite sur le r\u00e9seau permettra d\u2019\u00e9viter l\u2019\u00e9mission de 2,6 millions de tonnes de gaz \u00e0 effet de serre. Cependant, le site de Blackhillock ne devrait garder la palme du plus grand parc de batteries que jusqu&rsquo;en 2028, ann\u00e9e pr\u00e9vue pour la mise en service de Green Turtle, projet gargantuesque de Giga Storage Belgium. Source image : Zenob\u0113<\/p>\n","protected":false},"author":38,"featured_media":14884,"comment_status":"closed","ping_status":"closed","sticky":false,"template":"","format":"standard","meta":{"_acf_changed":false,"footnotes":""},"categories":[16,17],"tags":[],"section":[8,14],"class_list":["post-14880","post","type-post","status-publish","format-standard","has-post-thumbnail","hentry","category-actualite","category-actualite-en-belgique","section-energie-renouvelables","section-stockage"],"acf":[],"yoast_head":"<!-- This site is optimized with the Yoast SEO plugin v27.5 - https:\/\/yoast.com\/product\/yoast-seo-wordpress\/ -->\n<title>Le plus grand parc de batteries d&#039;Europe mis en service en \u00c9cosse - Renouvelle<\/title>\n<meta name=\"description\" content=\"Le plus grand parc de batteries en Europe se situe en \u00c9cosse, \u00e0 Blackhillock. D&#039;ici 2026, sa puissance install\u00e9e s&#039;\u00e9l\u00e8vera \u00e0 300MW.\" \/>\n<meta name=\"robots\" content=\"index, follow, max-snippet:-1, max-image-preview:large, max-video-preview:-1\" \/>\n<link rel=\"canonical\" href=\"https:\/\/www.renouvelle.be\/fr\/la-plus-grand-parc-de-batteries-europe-mis-en-service-en-ecosse\/\" \/>\n<meta property=\"og:locale\" content=\"fr_FR\" \/>\n<meta property=\"og:type\" content=\"article\" \/>\n<meta property=\"og:title\" content=\"Le plus grand parc de batteries d&#039;Europe mis en service en \u00c9cosse - Renouvelle\" \/>\n<meta property=\"og:description\" content=\"Le plus grand parc de batteries en Europe se situe en \u00c9cosse, \u00e0 Blackhillock. D&#039;ici 2026, sa puissance install\u00e9e s&#039;\u00e9l\u00e8vera \u00e0 300MW.\" \/>\n<meta property=\"og:url\" content=\"https:\/\/www.renouvelle.be\/fr\/la-plus-grand-parc-de-batteries-europe-mis-en-service-en-ecosse\/\" \/>\n<meta property=\"og:site_name\" content=\"Renouvelle\" \/>\n<meta property=\"article:published_time\" content=\"2025-03-21T08:26:21+00:00\" \/>\n<meta property=\"article:modified_time\" content=\"2025-03-21T13:23:24+00:00\" \/>\n<meta property=\"og:image\" content=\"https:\/\/www.renouvelle.be\/wp-content\/uploads\/2025\/03\/Blackhillock-aerial-photo-1.jpg\" \/>\n\t<meta property=\"og:image:width\" content=\"1400\" \/>\n\t<meta property=\"og:image:height\" content=\"840\" \/>\n\t<meta property=\"og:image:type\" content=\"image\/jpeg\" \/>\n<meta name=\"author\" content=\"Samuel Alves\" \/>\n<meta name=\"twitter:card\" content=\"summary_large_image\" \/>\n<script type=\"application\/ld+json\" class=\"yoast-schema-graph\">{\"@context\":\"https:\\\/\\\/schema.org\",\"@graph\":[{\"@type\":\"Article\",\"@id\":\"https:\\\/\\\/www.renouvelle.be\\\/fr\\\/la-plus-grand-parc-de-batteries-europe-mis-en-service-en-ecosse\\\/#article\",\"isPartOf\":{\"@id\":\"https:\\\/\\\/www.renouvelle.be\\\/fr\\\/la-plus-grand-parc-de-batteries-europe-mis-en-service-en-ecosse\\\/\"},\"author\":{\"name\":\"Samuel Alves\",\"@id\":\"https:\\\/\\\/www.renouvelle.be\\\/fr\\\/#\\\/schema\\\/person\\\/9d743366fb269eeceaa8d60e98d289d3\"},\"headline\":\"Le plus grand parc de batteries d&rsquo;Europe mis en service en \u00c9cosse\",\"datePublished\":\"2025-03-21T08:26:21+00:00\",\"dateModified\":\"2025-03-21T13:23:24+00:00\",\"mainEntityOfPage\":{\"@id\":\"https:\\\/\\\/www.renouvelle.be\\\/fr\\\/la-plus-grand-parc-de-batteries-europe-mis-en-service-en-ecosse\\\/\"},\"wordCount\":266,\"image\":{\"@id\":\"https:\\\/\\\/www.renouvelle.be\\\/fr\\\/la-plus-grand-parc-de-batteries-europe-mis-en-service-en-ecosse\\\/#primaryimage\"},\"thumbnailUrl\":\"https:\\\/\\\/www.renouvelle.be\\\/wp-content\\\/uploads\\\/2025\\\/03\\\/Blackhillock-aerial-photo-1.jpg\",\"articleSection\":[\"Actualit\u00e9\",\"Actualit\u00e9 en Belgique\"],\"inLanguage\":\"fr-FR\"},{\"@type\":\"WebPage\",\"@id\":\"https:\\\/\\\/www.renouvelle.be\\\/fr\\\/la-plus-grand-parc-de-batteries-europe-mis-en-service-en-ecosse\\\/\",\"url\":\"https:\\\/\\\/www.renouvelle.be\\\/fr\\\/la-plus-grand-parc-de-batteries-europe-mis-en-service-en-ecosse\\\/\",\"name\":\"Le plus grand parc de batteries d'Europe mis en service en \u00c9cosse - Renouvelle\",\"isPartOf\":{\"@id\":\"https:\\\/\\\/www.renouvelle.be\\\/fr\\\/#website\"},\"primaryImageOfPage\":{\"@id\":\"https:\\\/\\\/www.renouvelle.be\\\/fr\\\/la-plus-grand-parc-de-batteries-europe-mis-en-service-en-ecosse\\\/#primaryimage\"},\"image\":{\"@id\":\"https:\\\/\\\/www.renouvelle.be\\\/fr\\\/la-plus-grand-parc-de-batteries-europe-mis-en-service-en-ecosse\\\/#primaryimage\"},\"thumbnailUrl\":\"https:\\\/\\\/www.renouvelle.be\\\/wp-content\\\/uploads\\\/2025\\\/03\\\/Blackhillock-aerial-photo-1.jpg\",\"datePublished\":\"2025-03-21T08:26:21+00:00\",\"dateModified\":\"2025-03-21T13:23:24+00:00\",\"author\":{\"@id\":\"https:\\\/\\\/www.renouvelle.be\\\/fr\\\/#\\\/schema\\\/person\\\/9d743366fb269eeceaa8d60e98d289d3\"},\"description\":\"Le plus grand parc de batteries en Europe se situe en \u00c9cosse, \u00e0 Blackhillock. D'ici 2026, sa puissance install\u00e9e s'\u00e9l\u00e8vera \u00e0 300MW.\",\"breadcrumb\":{\"@id\":\"https:\\\/\\\/www.renouvelle.be\\\/fr\\\/la-plus-grand-parc-de-batteries-europe-mis-en-service-en-ecosse\\\/#breadcrumb\"},\"inLanguage\":\"fr-FR\",\"potentialAction\":[{\"@type\":\"ReadAction\",\"target\":[\"https:\\\/\\\/www.renouvelle.be\\\/fr\\\/la-plus-grand-parc-de-batteries-europe-mis-en-service-en-ecosse\\\/\"]}]},{\"@type\":\"ImageObject\",\"inLanguage\":\"fr-FR\",\"@id\":\"https:\\\/\\\/www.renouvelle.be\\\/fr\\\/la-plus-grand-parc-de-batteries-europe-mis-en-service-en-ecosse\\\/#primaryimage\",\"url\":\"https:\\\/\\\/www.renouvelle.be\\\/wp-content\\\/uploads\\\/2025\\\/03\\\/Blackhillock-aerial-photo-1.jpg\",\"contentUrl\":\"https:\\\/\\\/www.renouvelle.be\\\/wp-content\\\/uploads\\\/2025\\\/03\\\/Blackhillock-aerial-photo-1.jpg\",\"width\":1400,\"height\":840,\"caption\":\"parc batteries \u00c9cosse\"},{\"@type\":\"BreadcrumbList\",\"@id\":\"https:\\\/\\\/www.renouvelle.be\\\/fr\\\/la-plus-grand-parc-de-batteries-europe-mis-en-service-en-ecosse\\\/#breadcrumb\",\"itemListElement\":[{\"@type\":\"ListItem\",\"position\":1,\"name\":\"Accueil\",\"item\":\"https:\\\/\\\/www.renouvelle.be\\\/fr\\\/\"},{\"@type\":\"ListItem\",\"position\":2,\"name\":\"Le plus grand parc de batteries d&rsquo;Europe mis en service en \u00c9cosse\"}]},{\"@type\":\"WebSite\",\"@id\":\"https:\\\/\\\/www.renouvelle.be\\\/fr\\\/#website\",\"url\":\"https:\\\/\\\/www.renouvelle.be\\\/fr\\\/\",\"name\":\"Renouvelle\",\"description\":\"L&#039;actualit\u00e9 de l&#039;\u00e9nergie durable\",\"potentialAction\":[{\"@type\":\"SearchAction\",\"target\":{\"@type\":\"EntryPoint\",\"urlTemplate\":\"https:\\\/\\\/www.renouvelle.be\\\/fr\\\/?s={search_term_string}\"},\"query-input\":{\"@type\":\"PropertyValueSpecification\",\"valueRequired\":true,\"valueName\":\"search_term_string\"}}],\"inLanguage\":\"fr-FR\"},{\"@type\":\"Person\",\"@id\":\"https:\\\/\\\/www.renouvelle.be\\\/fr\\\/#\\\/schema\\\/person\\\/9d743366fb269eeceaa8d60e98d289d3\",\"name\":\"Samuel Alves\",\"url\":\"https:\\\/\\\/www.renouvelle.be\\\/fr\\\/author\\\/salves\\\/\"}]}<\/script>\n<!-- \/ Yoast SEO plugin. -->","yoast_head_json":{"title":"Le plus grand parc de batteries d'Europe mis en service en \u00c9cosse - Renouvelle","description":"Le plus grand parc de batteries en Europe se situe en \u00c9cosse, \u00e0 Blackhillock. D'ici 2026, sa puissance install\u00e9e s'\u00e9l\u00e8vera \u00e0 300MW.","robots":{"index":"index","follow":"follow","max-snippet":"max-snippet:-1","max-image-preview":"max-image-preview:large","max-video-preview":"max-video-preview:-1"},"canonical":"https:\/\/www.renouvelle.be\/fr\/la-plus-grand-parc-de-batteries-europe-mis-en-service-en-ecosse\/","og_locale":"fr_FR","og_type":"article","og_title":"Le plus grand parc de batteries d'Europe mis en service en \u00c9cosse - Renouvelle","og_description":"Le plus grand parc de batteries en Europe se situe en \u00c9cosse, \u00e0 Blackhillock. D'ici 2026, sa puissance install\u00e9e s'\u00e9l\u00e8vera \u00e0 300MW.","og_url":"https:\/\/www.renouvelle.be\/fr\/la-plus-grand-parc-de-batteries-europe-mis-en-service-en-ecosse\/","og_site_name":"Renouvelle","article_published_time":"2025-03-21T08:26:21+00:00","article_modified_time":"2025-03-21T13:23:24+00:00","og_image":[{"width":1400,"height":840,"url":"https:\/\/www.renouvelle.be\/wp-content\/uploads\/2025\/03\/Blackhillock-aerial-photo-1.jpg","type":"image\/jpeg"}],"author":"Samuel Alves","twitter_card":"summary_large_image","schema":{"@context":"https:\/\/schema.org","@graph":[{"@type":"Article","@id":"https:\/\/www.renouvelle.be\/fr\/la-plus-grand-parc-de-batteries-europe-mis-en-service-en-ecosse\/#article","isPartOf":{"@id":"https:\/\/www.renouvelle.be\/fr\/la-plus-grand-parc-de-batteries-europe-mis-en-service-en-ecosse\/"},"author":{"name":"Samuel Alves","@id":"https:\/\/www.renouvelle.be\/fr\/#\/schema\/person\/9d743366fb269eeceaa8d60e98d289d3"},"headline":"Le plus grand parc de batteries d&rsquo;Europe mis en service en \u00c9cosse","datePublished":"2025-03-21T08:26:21+00:00","dateModified":"2025-03-21T13:23:24+00:00","mainEntityOfPage":{"@id":"https:\/\/www.renouvelle.be\/fr\/la-plus-grand-parc-de-batteries-europe-mis-en-service-en-ecosse\/"},"wordCount":266,"image":{"@id":"https:\/\/www.renouvelle.be\/fr\/la-plus-grand-parc-de-batteries-europe-mis-en-service-en-ecosse\/#primaryimage"},"thumbnailUrl":"https:\/\/www.renouvelle.be\/wp-content\/uploads\/2025\/03\/Blackhillock-aerial-photo-1.jpg","articleSection":["Actualit\u00e9","Actualit\u00e9 en Belgique"],"inLanguage":"fr-FR"},{"@type":"WebPage","@id":"https:\/\/www.renouvelle.be\/fr\/la-plus-grand-parc-de-batteries-europe-mis-en-service-en-ecosse\/","url":"https:\/\/www.renouvelle.be\/fr\/la-plus-grand-parc-de-batteries-europe-mis-en-service-en-ecosse\/","name":"Le plus grand parc de batteries d'Europe mis en service en \u00c9cosse - Renouvelle","isPartOf":{"@id":"https:\/\/www.renouvelle.be\/fr\/#website"},"primaryImageOfPage":{"@id":"https:\/\/www.renouvelle.be\/fr\/la-plus-grand-parc-de-batteries-europe-mis-en-service-en-ecosse\/#primaryimage"},"image":{"@id":"https:\/\/www.renouvelle.be\/fr\/la-plus-grand-parc-de-batteries-europe-mis-en-service-en-ecosse\/#primaryimage"},"thumbnailUrl":"https:\/\/www.renouvelle.be\/wp-content\/uploads\/2025\/03\/Blackhillock-aerial-photo-1.jpg","datePublished":"2025-03-21T08:26:21+00:00","dateModified":"2025-03-21T13:23:24+00:00","author":{"@id":"https:\/\/www.renouvelle.be\/fr\/#\/schema\/person\/9d743366fb269eeceaa8d60e98d289d3"},"description":"Le plus grand parc de batteries en Europe se situe en \u00c9cosse, \u00e0 Blackhillock. D'ici 2026, sa puissance install\u00e9e s'\u00e9l\u00e8vera \u00e0 300MW.","breadcrumb":{"@id":"https:\/\/www.renouvelle.be\/fr\/la-plus-grand-parc-de-batteries-europe-mis-en-service-en-ecosse\/#breadcrumb"},"inLanguage":"fr-FR","potentialAction":[{"@type":"ReadAction","target":["https:\/\/www.renouvelle.be\/fr\/la-plus-grand-parc-de-batteries-europe-mis-en-service-en-ecosse\/"]}]},{"@type":"ImageObject","inLanguage":"fr-FR","@id":"https:\/\/www.renouvelle.be\/fr\/la-plus-grand-parc-de-batteries-europe-mis-en-service-en-ecosse\/#primaryimage","url":"https:\/\/www.renouvelle.be\/wp-content\/uploads\/2025\/03\/Blackhillock-aerial-photo-1.jpg","contentUrl":"https:\/\/www.renouvelle.be\/wp-content\/uploads\/2025\/03\/Blackhillock-aerial-photo-1.jpg","width":1400,"height":840,"caption":"parc batteries \u00c9cosse"},{"@type":"BreadcrumbList","@id":"https:\/\/www.renouvelle.be\/fr\/la-plus-grand-parc-de-batteries-europe-mis-en-service-en-ecosse\/#breadcrumb","itemListElement":[{"@type":"ListItem","position":1,"name":"Accueil","item":"https:\/\/www.renouvelle.be\/fr\/"},{"@type":"ListItem","position":2,"name":"Le plus grand parc de batteries d&rsquo;Europe mis en service en \u00c9cosse"}]},{"@type":"WebSite","@id":"https:\/\/www.renouvelle.be\/fr\/#website","url":"https:\/\/www.renouvelle.be\/fr\/","name":"Renouvelle","description":"L&#039;actualit\u00e9 de l&#039;\u00e9nergie durable","potentialAction":[{"@type":"SearchAction","target":{"@type":"EntryPoint","urlTemplate":"https:\/\/www.renouvelle.be\/fr\/?s={search_term_string}"},"query-input":{"@type":"PropertyValueSpecification","valueRequired":true,"valueName":"search_term_string"}}],"inLanguage":"fr-FR"},{"@type":"Person","@id":"https:\/\/www.renouvelle.be\/fr\/#\/schema\/person\/9d743366fb269eeceaa8d60e98d289d3","name":"Samuel Alves","url":"https:\/\/www.renouvelle.be\/fr\/author\/salves\/"}]}},"_links":{"self":[{"href":"https:\/\/www.renouvelle.be\/fr\/wp-json\/wp\/v2\/posts\/14880","targetHints":{"allow":["GET"]}}],"collection":[{"href":"https:\/\/www.renouvelle.be\/fr\/wp-json\/wp\/v2\/posts"}],"about":[{"href":"https:\/\/www.renouvelle.be\/fr\/wp-json\/wp\/v2\/types\/post"}],"author":[{"embeddable":true,"href":"https:\/\/www.renouvelle.be\/fr\/wp-json\/wp\/v2\/users\/38"}],"replies":[{"embeddable":true,"href":"https:\/\/www.renouvelle.be\/fr\/wp-json\/wp\/v2\/comments?post=14880"}],"version-history":[{"count":6,"href":"https:\/\/www.renouvelle.be\/fr\/wp-json\/wp\/v2\/posts\/14880\/revisions"}],"predecessor-version":[{"id":14897,"href":"https:\/\/www.renouvelle.be\/fr\/wp-json\/wp\/v2\/posts\/14880\/revisions\/14897"}],"wp:featuredmedia":[{"embeddable":true,"href":"https:\/\/www.renouvelle.be\/fr\/wp-json\/wp\/v2\/media\/14884"}],"wp:attachment":[{"href":"https:\/\/www.renouvelle.be\/fr\/wp-json\/wp\/v2\/media?parent=14880"}],"wp:term":[{"taxonomy":"category","embeddable":true,"href":"https:\/\/www.renouvelle.be\/fr\/wp-json\/wp\/v2\/categories?post=14880"},{"taxonomy":"post_tag","embeddable":true,"href":"https:\/\/www.renouvelle.be\/fr\/wp-json\/wp\/v2\/tags?post=14880"},{"taxonomy":"section","embeddable":true,"href":"https:\/\/www.renouvelle.be\/fr\/wp-json\/wp\/v2\/section?post=14880"}],"curies":[{"name":"wp","href":"https:\/\/api.w.org\/{rel}","templated":true}]}}