{"id":14856,"date":"2025-03-20T09:02:51","date_gmt":"2025-03-20T08:02:51","guid":{"rendered":"https:\/\/www.renouvelle.be\/?p=14856"},"modified":"2025-03-20T09:02:53","modified_gmt":"2025-03-20T08:02:53","slug":"solaire-et-eolien-projets-en-hausse-mais-construction-a-la-traine","status":"publish","type":"post","link":"https:\/\/www.renouvelle.be\/fr\/solaire-et-eolien-projets-en-hausse-mais-construction-a-la-traine\/","title":{"rendered":"Solaire et \u00e9olien : projets en hausse mais construction \u00e0 la tra\u00eene"},"content":{"rendered":"\n<p>Cependant, cette croissance n&rsquo;a pas \u00e9t\u00e9 uniforme d&rsquo;apr\u00e8s un rapport du Global Energy Monitor (GEM). Si la Chine et les pays du G7 poursuivent leurs investissements, que \u00e7a soit pour le solaire ou l&rsquo;\u00e9olien, la majorit\u00e9 des autres pays peinent \u00e0 mener leurs projets \u00e0 terme. Pour ces derniers, seuls 50 % des projets solaires et \u00e9oliens ont \u00e9t\u00e9 finalis\u00e9s en 2024, mettant en \u00e9vidence les d\u00e9fis persistants en mati\u00e8re de financement, d\u2019infrastructures et de r\u00e9glementation.<\/p>\n\n\n\n<p>Le GEM a analys\u00e9 la capacit\u00e9 prospective des \u00e9nergies solaires et \u00e9oliennes, incluant les projets annonc\u00e9s, en pr\u00e9-construction ou en construction, et d\u2019une capacit\u00e9 sup\u00e9rieure \u00e0 1 MW pour le solaire et 10 MW pour l\u2019\u00e9olien. Comme d\u00e9j\u00e0 \u00e9voqu\u00e9 dans Renouvelle, le photovolta\u00efque devrait \u00eatre le moteur principal de la transition \u00e9nerg\u00e9tique, repr\u00e9sentant 80 % de la croissance mondiale des capacit\u00e9s renouvelables d\u2019ici 2030, notamment gr\u00e2ce \u00e0 des projets \u00e0 grande \u00e9chelle.<\/p>\n\n\n\n<p>Malgr\u00e9 cette hausse de 20%, m\u00eame si la globalit\u00e9 des projets en cours devenait op\u00e9rationnelle d\u2019ici la fin de la d\u00e9cennie, le <a href=\"https:\/\/globalenergymonitor.org\/report\/wind-and-solar-year-in-review-2024\/\" target=\"_blank\" rel=\"noreferrer noopener\">GEM<\/a> estime que cela serait insuffisant pour atteindre l\u2019objectif de la COP28 de tripler les capacit\u00e9s renouvelables, fix\u00e9 \u00e0 9 TW.<\/p>\n\n\n\n<p>Comme \u00e0 son habitude, la Chine poss\u00e8de la capacit\u00e9 prospective la plus importante puisqu\u2019elle s\u2019\u00e9levait \u00e0 plus de 1,3 TW en 2024. Plus d\u2019un tiers de ces projets (36%) sont d\u00e9j\u00e0 en construction, un chiffre bien au-del\u00e0 de la moyenne mondiale situ\u00e9e \u00e0 7 %. L&rsquo;Inde suit avec 30% de projets en cours et pr\u00e9voie l\u2019ajout d\u2019environ 130 GW de capacit\u00e9 solaire et \u00e9olienne \u00e0 grande \u00e9chelle.<\/p>\n\n\n\n<p>Les retards, \u00e9voqu\u00e9s pr\u00e9c\u00e9demment, de fa\u00e7on plus g\u00e9n\u00e9rale, se traduisent par des obstacles li\u00e9s aux infrastructures des r\u00e9seaux \u00e9lectriques, aux lenteurs administratives et \u00e0 la complexit\u00e9 des proc\u00e9dures d\u2019octroi de permis, sans oublier le manque important de soutien financier pour le d\u00e9veloppement du renouvelable.<\/p>\n\n\n\n<p>Ce rapport du GEM met \u00e9galement en lumi\u00e8re une forte disparit\u00e9 entre les pays les plus riches et le reste du monde. En effet, les pays du G7, qui poss\u00e8dent environ 45% du PIB monidal, ne pr\u00e9voient de construire que 10 % des nouvelles capacit\u00e9s solaires et \u00e9oliennes. Avec la moiti\u00e9 de la richesse mondiale, ils ne d\u00e9ploient que 59 GW de nouvelles capacit\u00e9s.<\/p>\n\n\n\n<figure class=\"wp-block-image size-large\"><img loading=\"lazy\" decoding=\"async\" width=\"1024\" height=\"468\" src=\"https:\/\/www.renouvelle.be\/wp-content\/uploads\/2025\/03\/erhausseconstruction-1024x468.jpg\" alt=\"solaire \u00e9olien projets\" class=\"wp-image-14874\" srcset=\"https:\/\/www.renouvelle.be\/wp-content\/uploads\/2025\/03\/erhausseconstruction-1024x468.jpg 1024w, https:\/\/www.renouvelle.be\/wp-content\/uploads\/2025\/03\/erhausseconstruction-300x137.jpg 300w, https:\/\/www.renouvelle.be\/wp-content\/uploads\/2025\/03\/erhausseconstruction-768x351.jpg 768w, https:\/\/www.renouvelle.be\/wp-content\/uploads\/2025\/03\/erhausseconstruction.jpg 1178w\" sizes=\"auto, (max-width: 1024px) 100vw, 1024px\" \/><\/figure>\n\n\n\n<p>Malgr\u00e9 tout, \u00e0 l\u2019\u00e9chelle mondiale, <a href=\"https:\/\/www.renouvelle.be\/fr\/2-tw-de-capacite-solaire-installee-dans-le-monde\/\" target=\"_blank\" rel=\"noreferrer noopener\">la capacit\u00e9<\/a> op\u00e9rationnelle du solaire et de l\u2019\u00e9olien a progress\u00e9 de 14 % en 2024, soit 240 GW suppl\u00e9mentaires raccord\u00e9s aux diff\u00e9rents r\u00e9seaux.<\/p>\n\n\n\n<p>D\u00e9couvrez le rapport dans son int\u00e9gralit\u00e9 <a href=\"https:\/\/globalenergymonitor.org\/wp-content\/uploads\/2025\/01\/GEM-briefing_-2024-wind-and-solar-year-in-review-Feb-2025.pdf\" target=\"_blank\" rel=\"noreferrer noopener\">ici<\/a>.<\/p>\n","protected":false},"excerpt":{"rendered":"<p>Cependant, cette croissance n&rsquo;a pas \u00e9t\u00e9 uniforme d&rsquo;apr\u00e8s un rapport du Global Energy Monitor (GEM). Si la Chine et les pays du G7 poursuivent leurs investissements, que \u00e7a soit pour le solaire ou l&rsquo;\u00e9olien, la majorit\u00e9 des autres pays peinent \u00e0 mener leurs projets \u00e0 terme. Pour ces derniers, seuls 50 % des projets solaires et \u00e9oliens ont \u00e9t\u00e9 finalis\u00e9s en 2024, mettant en \u00e9vidence les d\u00e9fis persistants en mati\u00e8re de financement, d\u2019infrastructures et de r\u00e9glementation. Le GEM a analys\u00e9 la capacit\u00e9 prospective des \u00e9nergies solaires et \u00e9oliennes, incluant les projets annonc\u00e9s, en pr\u00e9-construction ou en construction, et d\u2019une capacit\u00e9 sup\u00e9rieure \u00e0 1 MW pour le solaire et 10 MW pour l\u2019\u00e9olien. Comme d\u00e9j\u00e0 \u00e9voqu\u00e9 dans Renouvelle, le photovolta\u00efque devrait \u00eatre le moteur principal de la transition \u00e9nerg\u00e9tique, repr\u00e9sentant 80 % de la croissance mondiale des capacit\u00e9s renouvelables d\u2019ici 2030, notamment gr\u00e2ce \u00e0 des projets \u00e0 grande \u00e9chelle. Malgr\u00e9 cette hausse de 20%, m\u00eame si la globalit\u00e9 des projets en cours devenait op\u00e9rationnelle d\u2019ici la fin de la d\u00e9cennie, le GEM estime que cela serait insuffisant pour atteindre l\u2019objectif de la COP28 de tripler les capacit\u00e9s renouvelables, fix\u00e9 \u00e0 9 TW. Comme \u00e0 son habitude, la Chine poss\u00e8de la capacit\u00e9 prospective la plus importante puisqu\u2019elle s\u2019\u00e9levait \u00e0 plus de 1,3 TW en 2024. Plus d\u2019un tiers de ces projets (36%) sont d\u00e9j\u00e0 en construction, un chiffre bien au-del\u00e0 de la moyenne mondiale situ\u00e9e \u00e0 7 %. L&rsquo;Inde suit avec 30% de projets en cours et pr\u00e9voie l\u2019ajout d\u2019environ 130 GW de capacit\u00e9 solaire et \u00e9olienne \u00e0 grande \u00e9chelle. Les retards, \u00e9voqu\u00e9s pr\u00e9c\u00e9demment, de fa\u00e7on plus g\u00e9n\u00e9rale, se traduisent par des obstacles li\u00e9s aux infrastructures des r\u00e9seaux \u00e9lectriques, aux lenteurs administratives et \u00e0 la complexit\u00e9 des proc\u00e9dures d\u2019octroi de permis, sans &hellip; <a href=\"https:\/\/www.renouvelle.be\/fr\/solaire-et-eolien-projets-en-hausse-mais-construction-a-la-traine\/\" class=\"more-link\">Continue reading<span class=\"screen-reader-text\"> \u00ab\u00a0Solaire et \u00e9olien : projets en hausse mais construction \u00e0 la tra\u00eene\u00a0\u00bb<\/span><\/a><\/p>\n","protected":false},"author":38,"featured_media":14869,"comment_status":"closed","ping_status":"closed","sticky":false,"template":"","format":"standard","meta":{"_acf_changed":false,"footnotes":""},"categories":[16,18],"tags":[],"section":[8,13,6],"class_list":["post-14856","post","type-post","status-publish","format-standard","has-post-thumbnail","hentry","category-actualite","category-actualite-internationale","section-energie-renouvelables","section-solaire","section-eolien"],"acf":[],"yoast_head":"<!-- This site is optimized with the Yoast SEO plugin v27.5 - https:\/\/yoast.com\/product\/yoast-seo-wordpress\/ -->\n<title>Solaire et \u00e9olien : projets en hausse mais construction \u00e0 la tra\u00eene - Renouvelle<\/title>\n<meta name=\"description\" content=\"En 2024, le solaire et l&#039;\u00e9olien ont vu une progression de 20% de nouveaux projets mais la construction de ceux-ci reste \u00e0 la tra\u00eene.\" \/>\n<meta name=\"robots\" content=\"index, follow, max-snippet:-1, max-image-preview:large, max-video-preview:-1\" \/>\n<link rel=\"canonical\" href=\"https:\/\/www.renouvelle.be\/fr\/solaire-et-eolien-projets-en-hausse-mais-construction-a-la-traine\/\" \/>\n<meta property=\"og:locale\" content=\"fr_FR\" \/>\n<meta property=\"og:type\" content=\"article\" \/>\n<meta property=\"og:title\" content=\"Solaire et \u00e9olien : projets en hausse mais construction \u00e0 la tra\u00eene - Renouvelle\" \/>\n<meta property=\"og:description\" content=\"En 2024, le solaire et l&#039;\u00e9olien ont vu une progression de 20% de nouveaux projets mais la construction de ceux-ci reste \u00e0 la tra\u00eene.\" \/>\n<meta property=\"og:url\" content=\"https:\/\/www.renouvelle.be\/fr\/solaire-et-eolien-projets-en-hausse-mais-construction-a-la-traine\/\" \/>\n<meta property=\"og:site_name\" content=\"Renouvelle\" \/>\n<meta property=\"article:published_time\" content=\"2025-03-20T08:02:51+00:00\" \/>\n<meta property=\"article:modified_time\" content=\"2025-03-20T08:02:53+00:00\" \/>\n<meta property=\"og:image\" content=\"https:\/\/www.renouvelle.be\/wp-content\/uploads\/2025\/03\/AdobeStock_270792071-scaled-e1742225778677.jpeg\" \/>\n\t<meta property=\"og:image:width\" content=\"2560\" \/>\n\t<meta property=\"og:image:height\" content=\"1566\" \/>\n\t<meta property=\"og:image:type\" content=\"image\/jpeg\" \/>\n<meta name=\"author\" content=\"Samuel Alves\" \/>\n<meta name=\"twitter:card\" content=\"summary_large_image\" \/>\n<script type=\"application\/ld+json\" class=\"yoast-schema-graph\">{\"@context\":\"https:\\\/\\\/schema.org\",\"@graph\":[{\"@type\":\"Article\",\"@id\":\"https:\\\/\\\/www.renouvelle.be\\\/fr\\\/solaire-et-eolien-projets-en-hausse-mais-construction-a-la-traine\\\/#article\",\"isPartOf\":{\"@id\":\"https:\\\/\\\/www.renouvelle.be\\\/fr\\\/solaire-et-eolien-projets-en-hausse-mais-construction-a-la-traine\\\/\"},\"author\":{\"name\":\"Samuel Alves\",\"@id\":\"https:\\\/\\\/www.renouvelle.be\\\/fr\\\/#\\\/schema\\\/person\\\/d80a3b0a9adb0ea8a0a381df27edcd74\"},\"headline\":\"Solaire et \u00e9olien : projets en hausse mais construction \u00e0 la tra\u00eene\",\"datePublished\":\"2025-03-20T08:02:51+00:00\",\"dateModified\":\"2025-03-20T08:02:53+00:00\",\"mainEntityOfPage\":{\"@id\":\"https:\\\/\\\/www.renouvelle.be\\\/fr\\\/solaire-et-eolien-projets-en-hausse-mais-construction-a-la-traine\\\/\"},\"wordCount\":438,\"image\":{\"@id\":\"https:\\\/\\\/www.renouvelle.be\\\/fr\\\/solaire-et-eolien-projets-en-hausse-mais-construction-a-la-traine\\\/#primaryimage\"},\"thumbnailUrl\":\"https:\\\/\\\/www.renouvelle.be\\\/wp-content\\\/uploads\\\/2025\\\/03\\\/AdobeStock_270792071-scaled-e1742225778677.jpeg\",\"articleSection\":[\"Actualit\u00e9\",\"Actualit\u00e9 internationale\"],\"inLanguage\":\"fr-FR\"},{\"@type\":\"WebPage\",\"@id\":\"https:\\\/\\\/www.renouvelle.be\\\/fr\\\/solaire-et-eolien-projets-en-hausse-mais-construction-a-la-traine\\\/\",\"url\":\"https:\\\/\\\/www.renouvelle.be\\\/fr\\\/solaire-et-eolien-projets-en-hausse-mais-construction-a-la-traine\\\/\",\"name\":\"Solaire et \u00e9olien : projets en hausse mais construction \u00e0 la tra\u00eene - Renouvelle\",\"isPartOf\":{\"@id\":\"https:\\\/\\\/www.renouvelle.be\\\/fr\\\/#website\"},\"primaryImageOfPage\":{\"@id\":\"https:\\\/\\\/www.renouvelle.be\\\/fr\\\/solaire-et-eolien-projets-en-hausse-mais-construction-a-la-traine\\\/#primaryimage\"},\"image\":{\"@id\":\"https:\\\/\\\/www.renouvelle.be\\\/fr\\\/solaire-et-eolien-projets-en-hausse-mais-construction-a-la-traine\\\/#primaryimage\"},\"thumbnailUrl\":\"https:\\\/\\\/www.renouvelle.be\\\/wp-content\\\/uploads\\\/2025\\\/03\\\/AdobeStock_270792071-scaled-e1742225778677.jpeg\",\"datePublished\":\"2025-03-20T08:02:51+00:00\",\"dateModified\":\"2025-03-20T08:02:53+00:00\",\"author\":{\"@id\":\"https:\\\/\\\/www.renouvelle.be\\\/fr\\\/#\\\/schema\\\/person\\\/d80a3b0a9adb0ea8a0a381df27edcd74\"},\"description\":\"En 2024, le solaire et l'\u00e9olien ont vu une progression de 20% de nouveaux projets mais la construction de ceux-ci reste \u00e0 la tra\u00eene.\",\"breadcrumb\":{\"@id\":\"https:\\\/\\\/www.renouvelle.be\\\/fr\\\/solaire-et-eolien-projets-en-hausse-mais-construction-a-la-traine\\\/#breadcrumb\"},\"inLanguage\":\"fr-FR\",\"potentialAction\":[{\"@type\":\"ReadAction\",\"target\":[\"https:\\\/\\\/www.renouvelle.be\\\/fr\\\/solaire-et-eolien-projets-en-hausse-mais-construction-a-la-traine\\\/\"]}]},{\"@type\":\"ImageObject\",\"inLanguage\":\"fr-FR\",\"@id\":\"https:\\\/\\\/www.renouvelle.be\\\/fr\\\/solaire-et-eolien-projets-en-hausse-mais-construction-a-la-traine\\\/#primaryimage\",\"url\":\"https:\\\/\\\/www.renouvelle.be\\\/wp-content\\\/uploads\\\/2025\\\/03\\\/AdobeStock_270792071-scaled-e1742225778677.jpeg\",\"contentUrl\":\"https:\\\/\\\/www.renouvelle.be\\\/wp-content\\\/uploads\\\/2025\\\/03\\\/AdobeStock_270792071-scaled-e1742225778677.jpeg\",\"width\":2560,\"height\":1566,\"caption\":\"solaire \u00e9olien projets\"},{\"@type\":\"BreadcrumbList\",\"@id\":\"https:\\\/\\\/www.renouvelle.be\\\/fr\\\/solaire-et-eolien-projets-en-hausse-mais-construction-a-la-traine\\\/#breadcrumb\",\"itemListElement\":[{\"@type\":\"ListItem\",\"position\":1,\"name\":\"Accueil\",\"item\":\"https:\\\/\\\/www.renouvelle.be\\\/fr\\\/\"},{\"@type\":\"ListItem\",\"position\":2,\"name\":\"Solaire et \u00e9olien : projets en hausse mais construction \u00e0 la tra\u00eene\"}]},{\"@type\":\"WebSite\",\"@id\":\"https:\\\/\\\/www.renouvelle.be\\\/fr\\\/#website\",\"url\":\"https:\\\/\\\/www.renouvelle.be\\\/fr\\\/\",\"name\":\"Renouvelle\",\"description\":\"L&#039;actualit\u00e9 de l&#039;\u00e9nergie durable\",\"potentialAction\":[{\"@type\":\"SearchAction\",\"target\":{\"@type\":\"EntryPoint\",\"urlTemplate\":\"https:\\\/\\\/www.renouvelle.be\\\/fr\\\/?s={search_term_string}\"},\"query-input\":{\"@type\":\"PropertyValueSpecification\",\"valueRequired\":true,\"valueName\":\"search_term_string\"}}],\"inLanguage\":\"fr-FR\"},{\"@type\":\"Person\",\"@id\":\"https:\\\/\\\/www.renouvelle.be\\\/fr\\\/#\\\/schema\\\/person\\\/d80a3b0a9adb0ea8a0a381df27edcd74\",\"name\":\"Samuel Alves\",\"url\":\"https:\\\/\\\/www.renouvelle.be\\\/fr\\\/author\\\/salves\\\/\"}]}<\/script>\n<!-- \/ Yoast SEO plugin. -->","yoast_head_json":{"title":"Solaire et \u00e9olien : projets en hausse mais construction \u00e0 la tra\u00eene - Renouvelle","description":"En 2024, le solaire et l'\u00e9olien ont vu une progression de 20% de nouveaux projets mais la construction de ceux-ci reste \u00e0 la tra\u00eene.","robots":{"index":"index","follow":"follow","max-snippet":"max-snippet:-1","max-image-preview":"max-image-preview:large","max-video-preview":"max-video-preview:-1"},"canonical":"https:\/\/www.renouvelle.be\/fr\/solaire-et-eolien-projets-en-hausse-mais-construction-a-la-traine\/","og_locale":"fr_FR","og_type":"article","og_title":"Solaire et \u00e9olien : projets en hausse mais construction \u00e0 la tra\u00eene - Renouvelle","og_description":"En 2024, le solaire et l'\u00e9olien ont vu une progression de 20% de nouveaux projets mais la construction de ceux-ci reste \u00e0 la tra\u00eene.","og_url":"https:\/\/www.renouvelle.be\/fr\/solaire-et-eolien-projets-en-hausse-mais-construction-a-la-traine\/","og_site_name":"Renouvelle","article_published_time":"2025-03-20T08:02:51+00:00","article_modified_time":"2025-03-20T08:02:53+00:00","og_image":[{"width":2560,"height":1566,"url":"https:\/\/www.renouvelle.be\/wp-content\/uploads\/2025\/03\/AdobeStock_270792071-scaled-e1742225778677.jpeg","type":"image\/jpeg"}],"author":"Samuel Alves","twitter_card":"summary_large_image","schema":{"@context":"https:\/\/schema.org","@graph":[{"@type":"Article","@id":"https:\/\/www.renouvelle.be\/fr\/solaire-et-eolien-projets-en-hausse-mais-construction-a-la-traine\/#article","isPartOf":{"@id":"https:\/\/www.renouvelle.be\/fr\/solaire-et-eolien-projets-en-hausse-mais-construction-a-la-traine\/"},"author":{"name":"Samuel Alves","@id":"https:\/\/www.renouvelle.be\/fr\/#\/schema\/person\/d80a3b0a9adb0ea8a0a381df27edcd74"},"headline":"Solaire et \u00e9olien : projets en hausse mais construction \u00e0 la tra\u00eene","datePublished":"2025-03-20T08:02:51+00:00","dateModified":"2025-03-20T08:02:53+00:00","mainEntityOfPage":{"@id":"https:\/\/www.renouvelle.be\/fr\/solaire-et-eolien-projets-en-hausse-mais-construction-a-la-traine\/"},"wordCount":438,"image":{"@id":"https:\/\/www.renouvelle.be\/fr\/solaire-et-eolien-projets-en-hausse-mais-construction-a-la-traine\/#primaryimage"},"thumbnailUrl":"https:\/\/www.renouvelle.be\/wp-content\/uploads\/2025\/03\/AdobeStock_270792071-scaled-e1742225778677.jpeg","articleSection":["Actualit\u00e9","Actualit\u00e9 internationale"],"inLanguage":"fr-FR"},{"@type":"WebPage","@id":"https:\/\/www.renouvelle.be\/fr\/solaire-et-eolien-projets-en-hausse-mais-construction-a-la-traine\/","url":"https:\/\/www.renouvelle.be\/fr\/solaire-et-eolien-projets-en-hausse-mais-construction-a-la-traine\/","name":"Solaire et \u00e9olien : projets en hausse mais construction \u00e0 la tra\u00eene - Renouvelle","isPartOf":{"@id":"https:\/\/www.renouvelle.be\/fr\/#website"},"primaryImageOfPage":{"@id":"https:\/\/www.renouvelle.be\/fr\/solaire-et-eolien-projets-en-hausse-mais-construction-a-la-traine\/#primaryimage"},"image":{"@id":"https:\/\/www.renouvelle.be\/fr\/solaire-et-eolien-projets-en-hausse-mais-construction-a-la-traine\/#primaryimage"},"thumbnailUrl":"https:\/\/www.renouvelle.be\/wp-content\/uploads\/2025\/03\/AdobeStock_270792071-scaled-e1742225778677.jpeg","datePublished":"2025-03-20T08:02:51+00:00","dateModified":"2025-03-20T08:02:53+00:00","author":{"@id":"https:\/\/www.renouvelle.be\/fr\/#\/schema\/person\/d80a3b0a9adb0ea8a0a381df27edcd74"},"description":"En 2024, le solaire et l'\u00e9olien ont vu une progression de 20% de nouveaux projets mais la construction de ceux-ci reste \u00e0 la tra\u00eene.","breadcrumb":{"@id":"https:\/\/www.renouvelle.be\/fr\/solaire-et-eolien-projets-en-hausse-mais-construction-a-la-traine\/#breadcrumb"},"inLanguage":"fr-FR","potentialAction":[{"@type":"ReadAction","target":["https:\/\/www.renouvelle.be\/fr\/solaire-et-eolien-projets-en-hausse-mais-construction-a-la-traine\/"]}]},{"@type":"ImageObject","inLanguage":"fr-FR","@id":"https:\/\/www.renouvelle.be\/fr\/solaire-et-eolien-projets-en-hausse-mais-construction-a-la-traine\/#primaryimage","url":"https:\/\/www.renouvelle.be\/wp-content\/uploads\/2025\/03\/AdobeStock_270792071-scaled-e1742225778677.jpeg","contentUrl":"https:\/\/www.renouvelle.be\/wp-content\/uploads\/2025\/03\/AdobeStock_270792071-scaled-e1742225778677.jpeg","width":2560,"height":1566,"caption":"solaire \u00e9olien projets"},{"@type":"BreadcrumbList","@id":"https:\/\/www.renouvelle.be\/fr\/solaire-et-eolien-projets-en-hausse-mais-construction-a-la-traine\/#breadcrumb","itemListElement":[{"@type":"ListItem","position":1,"name":"Accueil","item":"https:\/\/www.renouvelle.be\/fr\/"},{"@type":"ListItem","position":2,"name":"Solaire et \u00e9olien : projets en hausse mais construction \u00e0 la tra\u00eene"}]},{"@type":"WebSite","@id":"https:\/\/www.renouvelle.be\/fr\/#website","url":"https:\/\/www.renouvelle.be\/fr\/","name":"Renouvelle","description":"L&#039;actualit\u00e9 de l&#039;\u00e9nergie durable","potentialAction":[{"@type":"SearchAction","target":{"@type":"EntryPoint","urlTemplate":"https:\/\/www.renouvelle.be\/fr\/?s={search_term_string}"},"query-input":{"@type":"PropertyValueSpecification","valueRequired":true,"valueName":"search_term_string"}}],"inLanguage":"fr-FR"},{"@type":"Person","@id":"https:\/\/www.renouvelle.be\/fr\/#\/schema\/person\/d80a3b0a9adb0ea8a0a381df27edcd74","name":"Samuel Alves","url":"https:\/\/www.renouvelle.be\/fr\/author\/salves\/"}]}},"_links":{"self":[{"href":"https:\/\/www.renouvelle.be\/fr\/wp-json\/wp\/v2\/posts\/14856","targetHints":{"allow":["GET"]}}],"collection":[{"href":"https:\/\/www.renouvelle.be\/fr\/wp-json\/wp\/v2\/posts"}],"about":[{"href":"https:\/\/www.renouvelle.be\/fr\/wp-json\/wp\/v2\/types\/post"}],"author":[{"embeddable":true,"href":"https:\/\/www.renouvelle.be\/fr\/wp-json\/wp\/v2\/users\/38"}],"replies":[{"embeddable":true,"href":"https:\/\/www.renouvelle.be\/fr\/wp-json\/wp\/v2\/comments?post=14856"}],"version-history":[{"count":9,"href":"https:\/\/www.renouvelle.be\/fr\/wp-json\/wp\/v2\/posts\/14856\/revisions"}],"predecessor-version":[{"id":14878,"href":"https:\/\/www.renouvelle.be\/fr\/wp-json\/wp\/v2\/posts\/14856\/revisions\/14878"}],"wp:featuredmedia":[{"embeddable":true,"href":"https:\/\/www.renouvelle.be\/fr\/wp-json\/wp\/v2\/media\/14869"}],"wp:attachment":[{"href":"https:\/\/www.renouvelle.be\/fr\/wp-json\/wp\/v2\/media?parent=14856"}],"wp:term":[{"taxonomy":"category","embeddable":true,"href":"https:\/\/www.renouvelle.be\/fr\/wp-json\/wp\/v2\/categories?post=14856"},{"taxonomy":"post_tag","embeddable":true,"href":"https:\/\/www.renouvelle.be\/fr\/wp-json\/wp\/v2\/tags?post=14856"},{"taxonomy":"section","embeddable":true,"href":"https:\/\/www.renouvelle.be\/fr\/wp-json\/wp\/v2\/section?post=14856"}],"curies":[{"name":"wp","href":"https:\/\/api.w.org\/{rel}","templated":true}]}}