{"id":14825,"date":"2025-03-18T11:25:49","date_gmt":"2025-03-18T10:25:49","guid":{"rendered":"https:\/\/www.renouvelle.be\/?p=14825"},"modified":"2025-03-18T11:25:51","modified_gmt":"2025-03-18T10:25:51","slug":"partage-et-communautes-energie-en-wallonie-avis-de-la-cwape","status":"publish","type":"post","link":"https:\/\/www.renouvelle.be\/fr\/partage-et-communautes-energie-en-wallonie-avis-de-la-cwape\/","title":{"rendered":"Partage et communaut\u00e9s d\u2019\u00e9nergie en Wallonie\u00a0: l\u2019avis de la CWaPE"},"content":{"rendered":"\n<p>Le rapport, que nous vous r\u00e9sumons, s\u2019inscrit dans le contexte d\u2019une large consultation et d\u2019une obligation gouvernementale de transposition en droit wallon de la Directive EU de 2024\/1711 de juin 2024.<\/p>\n\n\n\n<p>La CWaPE souligne les freins&nbsp;au d\u00e9veloppement massif du partage d\u2019\u00e9lectricit\u00e9 renouvelable en Wallonie : lourdeur des proc\u00e9dures, cadre juridique complexe, statut restrictif des installations de production, participation limit\u00e9e pour les grandes entreprises, et processus de march\u00e9 inadapt\u00e9s, rendent le mod\u00e8le peu attractif.<\/p>\n\n\n\n<p>Une premi\u00e8re observation partag\u00e9e par celle-ci est qu\u2019\u00ab&nbsp;Au vu du faible nombre d\u2019activit\u00e9s de partage recens\u00e9es, que ce soit au sein d\u2019un m\u00eame b\u00e2timent (4) ou au sein d\u2019une communaut\u00e9 d\u2019\u00e9nergie (3), force est de constater que ces nouveaux dispositifs ne rencontrent pas le succ\u00e8s escompt\u00e9 en R\u00e9gion wallonne.&nbsp;\u00bb<\/p>\n\n\n\n<p>Elle souligne ensuite qu\u2019\u00ab&nbsp;Au vu de ces \u00e9l\u00e9ments, les objectifs poursuivis par les directives europ\u00e9ennes en termes d\u2019accessibilit\u00e9 et d\u2019implication des citoyens dans ces nouveaux modes de partage, encore renforc\u00e9s \u00e0 la suite de l\u2019adoption de la directive (UE) 2024\/1711, ne sont pas atteints.&nbsp;\u00bb Un bulletin peu brillant donc.<\/p>\n\n\n\n<p>La CWaPE, qui rappelons-le est un <a href=\"https:\/\/www.cwape.be\/\" target=\"_blank\" rel=\"noreferrer noopener\">organisme ind\u00e9pendant<\/a>, neutre et sans comp\u00e9tences f\u00e9d\u00e9rales, cite cependant un grand nombre de recommandations que nous vous r\u00e9sumons et classons ici selon l\u2019ordre d\u2019assertivit\u00e9 que nous pensons lire :<\/p>\n\n\n\n<ol class=\"wp-block-list\">\n<li><strong>La r\u00e9vision des processus de march\u00e9 afin de mieux consid\u00e9rer les fournisseurs (74 mentions)\u00a0: <\/strong>il s\u2019agit de mieux informer ces derniers, des volumes dont ils n\u2019ont en r\u00e9alit\u00e9 plus la responsabilit\u00e9 d\u00e8s lors qu\u2019un de leur client participe \u00e0 un partage d\u2019\u00e9lectricit\u00e9. Les solutions sont l\u00e9gales et r\u00e9glementaires, c\u2019est donc \u00e9galement au sein des acteurs de march\u00e9s, de Synergrid et de la plateforme Atrias qu\u2019il y a des initiatives \u00e0 prendre.<br><\/li>\n\n\n\n<li><strong>Le lancement des possibilit\u00e9s de partage de pair \u00e0 pair (33 mentions)\u00a0:<\/strong> la CWaPE \u00e9voque l\u2019urgence de compl\u00e9ter le cadre l\u00e9gal de cette possibilit\u00e9 et rappelle qu\u2019elle dispose, en son sein, d\u2019une \u00e9tude r\u00e9alis\u00e9e par un consultant externe.<br><\/li>\n\n\n\n<li><strong>La restitution des certificats verts (CV) pour les volumes partag\u00e9s\u00a0(24 mentions): <\/strong>la CWaPE r\u00e9it\u00e8re son interrogation sur le bienfond\u00e9 de cette mesure exprimant qu\u2019il parait insens\u00e9 d\u2019impos\u00e9 cette obligation sur des volumes qui ne b\u00e9n\u00e9ficient aujourd\u2019hui plus de certificats verts (en cas de nouvelles installations) alors m\u00eame que l\u2019\u00e9lectricit\u00e9 est garantie 100% d\u2019origine renouvelable (et locale). Une piste concr\u00e8te est propos\u00e9e en \u00e9voquant l\u2019actuelle exon\u00e9ration de restitution dont b\u00e9n\u00e9ficient actuellement la fourniture d\u2019\u00e9lectricit\u00e9 verte en ligne directe.<br><\/li>\n\n\n\n<li><strong>La d\u00e9signation d\u2019un facilitateur \u00ab\u00a0partage et communaut\u00e9 d\u2019\u00e9nergie\u00a0\u00bb (23 citations) :<\/strong> qualifi\u00e9e comme une mesure d\u2019accompagnement \u00ab\u00a0appel\u00e9e de ses v\u0153ux\u00a0\u2026 de mani\u00e8re importante et urgente \u00bb par la CWaPE, en pr\u00e9cisant que\u00a0: <strong><em>\u00ab\u00a0La mission du facilitateur devrait davantage \u00eatre d\u2019\u00e9pauler au mieux ceux-ci, en leur prodiguant des conseils, que ce soit en ligne ou par t\u00e9l\u00e9phone, tout en laissant les participants autonomes dans l\u2019accomplissement des diff\u00e9rentes d\u00e9marches<\/em><\/strong>. \u00bb<br><\/li>\n\n\n\n<li><strong>La simplification administrative (13 mentions) :<\/strong> ce sujet est un des grands gagnants de l\u2019avis de la CWaPE et comprends diverses recommandations qui vont de la suppression \u00e0 la diminution de d\u00e9lais en passant par le changement de statuts de proc\u00e9dures (une notification plut\u00f4t qu\u2019une demande d\u2019autorisation par exemple) et qui devraient, si elles sont suivies, constituer une r\u00e9elle avanc\u00e9e dans la bonne direction.<br><\/li>\n\n\n\n<li><strong>La r\u00e9vision, assouplie, du statut des installations de production<\/strong><\/li>\n<\/ol>\n\n\n\n<figure class=\"wp-block-image size-large\"><img loading=\"lazy\" decoding=\"async\" width=\"1024\" height=\"584\" src=\"https:\/\/www.renouvelle.be\/wp-content\/uploads\/2025\/03\/AdobeStock_565830245-scaled-e1741959966568-1024x584.jpeg\" alt=\"partage communaut\u00e9s CWaPE\" class=\"wp-image-14835\" srcset=\"https:\/\/www.renouvelle.be\/wp-content\/uploads\/2025\/03\/AdobeStock_565830245-scaled-e1741959966568-1024x584.jpeg 1024w, https:\/\/www.renouvelle.be\/wp-content\/uploads\/2025\/03\/AdobeStock_565830245-scaled-e1741959966568-300x171.jpeg 300w, https:\/\/www.renouvelle.be\/wp-content\/uploads\/2025\/03\/AdobeStock_565830245-scaled-e1741959966568-768x438.jpeg 768w, https:\/\/www.renouvelle.be\/wp-content\/uploads\/2025\/03\/AdobeStock_565830245-scaled-e1741959966568-1536x876.jpeg 1536w, https:\/\/www.renouvelle.be\/wp-content\/uploads\/2025\/03\/AdobeStock_565830245-scaled-e1741959966568-2048x1168.jpeg 2048w, https:\/\/www.renouvelle.be\/wp-content\/uploads\/2025\/03\/AdobeStock_565830245-scaled-e1741959966568-1200x684.jpeg 1200w\" sizes=\"auto, (max-width: 1024px) 100vw, 1024px\" \/><\/figure>\n\n\n\n<h2 class=\"wp-block-heading\">Ce que la CWaPE \u00e9voque comme pistes<\/h2>\n\n\n\n<ul class=\"wp-block-list\">\n<li>Elle conseille une clarification, de la part de l\u2019autorit\u00e9 politique comp\u00e9tente, sur les r\u00e8gles applicables pour la participation des pouvoirs publics afin qu\u2019ils endossent un r\u00f4le essentiel en mati\u00e8re d\u2019accessibilit\u00e9 pour les clients vuln\u00e9rables ou en situation de pr\u00e9carit\u00e9 \u00e9nerg\u00e9tique. La derni\u00e8re directive europ\u00e9enne \u00e9tant claire et permissive en la mati\u00e8re, sa bonne transposition devrait d\u00e8s lors lever les obstacles existants (r\u00f4le, march\u00e9s publics, \u2026)<br><\/li>\n\n\n\n<li>Afin de promouvoir ces nouveaux mod\u00e8les d\u2019\u00e9changes d\u2019\u00e9nergie, la mise en place d\u2019un syst\u00e8me de soutien serait n\u00e9cessaire et pourrait rev\u00eatir les formes suivantes\u00a0:\n<ul class=\"wp-block-list\">\n<li>Un soutien compl\u00e9mentaire \u00e0 la production d\u2019\u00e9lectricit\u00e9 renouvelable (ndlr\u00a0: actuellement le niveau de soutien au solaire PV est nul),<\/li>\n\n\n\n<li>Une prime \u00e0 l\u2019investissement couvrant des frais sp\u00e9cifiques \u00e0 un partage d\u2019\u00e9lectricit\u00e9 (mat\u00e9riel, administratif, \u2026)<\/li>\n\n\n\n<li>Une prime pour les \u00e9tudes de faisabilit\u00e9 quant \u00e0 la mise en place d\u2019un tel partage<\/li>\n\n\n\n<li>Des incitants financiers sp\u00e9cifiques aux projets de partage int\u00e9grant des publics vuln\u00e9rables et pr\u00e9caris\u00e9s.<\/li>\n<\/ul>\n<\/li>\n<\/ul>\n\n\n\n<h2 class=\"wp-block-heading\">Ce que la CWaPE ne recommande pas<\/h2>\n\n\n\n<ol class=\"wp-block-list\">\n<li><strong>La participation des grandes entreprises (23 citations) au sein des communaut\u00e9s d\u2019\u00e9nergie, les directives \u00e9tant claires en la mati\u00e8re<\/strong><br><br>N\u00e9anmoins, elle sugg\u00e8re que le l\u00e9gislateur leur permette de participer \u00e0 des op\u00e9rations de partage d\u2019\u00e9nergie, comme l\u2019autoriserait la transposition de la directive (UE) 2024\/1711 (en dehors du cadre des communaut\u00e9s d\u2019\u00e9nergie).<br><\/li>\n\n\n\n<li><strong>La modification de la cascade tarifaire<\/strong><br><br>Argumentant d\u2019exp\u00e9rience plus importante dans l\u2019application de la collecte des frais r\u00e9seaux par les fournisseurs, elle pr\u00e9conise de maintenir la facturation des frais de r\u00e9seaux exclusivement par les fournisseurs des volumes dits r\u00e9siduels, sur l\u2019ensemble des volumes pr\u00e9lev\u00e9s.<br><\/li>\n\n\n\n<li><strong>Le maintien de l\u2019acc\u00e8s au <a href=\"https:\/\/www.renouvelle.be\/fr\/electricite-une-tarification-incitative-des-2026-en-wallonie\/\" target=\"_blank\" rel=\"noreferrer noopener\">tarif<\/a> social (11 citations), pour les personnes qui en b\u00e9n\u00e9ficient, \u00e9galement pour les volumes partag\u00e9s<\/strong><br><br>Arguant l\u2019impossibilit\u00e9 de pr\u00e9voir l\u2019application du tarif social sur les volumes partag\u00e9s, la CWaPE pr\u00f4ne le status-co tout en encourageant les \u00e9changes CONCERE afin de mieux consid\u00e9rer ces consommateurs.<\/li>\n<\/ol>\n\n\n\n<h2 class=\"wp-block-heading\">Les recommandations qui ne sont pas sp\u00e9cifiquement de comp\u00e9tences r\u00e9gionales<\/h2>\n\n\n\n<ul class=\"wp-block-list\">\n<li>Une fiscalit\u00e9 \u00e0 simplifier quant \u00e0 ses proc\u00e9dures et des seuils de montants \u00e0 d\u00e9finir, dans certains cas, par l\u2019\u00e9tat f\u00e9d\u00e9ral quant \u00e0 son application des r\u00e8gles fiscales.<br><\/li>\n\n\n\n<li>Des processus d\u2019\u00e9changes d\u2019\u00e9lectricit\u00e9 possible entre r\u00e9gions et niveaux de tension via la conclusion d\u2019un accord de coop\u00e9ration inter-r\u00e9gional et f\u00e9d\u00e9ral.<\/li>\n<\/ul>\n\n\n\n<p>Le rapport est \u00e0 lire dans son int\u00e9gralit\u00e9 <a href=\"https:\/\/www.cwape.be\/documents-recents\/communautes-denergie-partage-denergie-et-autoconsommation-rapport-devaluation\" target=\"_blank\" rel=\"noreferrer noopener\">ici<\/a>.<\/p>\n","protected":false},"excerpt":{"rendered":"<p>Le rapport, que nous vous r\u00e9sumons, s\u2019inscrit dans le contexte d\u2019une large consultation et d\u2019une obligation gouvernementale de transposition en droit wallon de la Directive EU de 2024\/1711 de juin 2024. La CWaPE souligne les freins&nbsp;au d\u00e9veloppement massif du partage d\u2019\u00e9lectricit\u00e9 renouvelable en Wallonie : lourdeur des proc\u00e9dures, cadre juridique complexe, statut restrictif des installations de production, participation limit\u00e9e pour les grandes entreprises, et processus de march\u00e9 inadapt\u00e9s, rendent le mod\u00e8le peu attractif. Une premi\u00e8re observation partag\u00e9e par celle-ci est qu\u2019\u00ab&nbsp;Au vu du faible nombre d\u2019activit\u00e9s de partage recens\u00e9es, que ce soit au sein d\u2019un m\u00eame b\u00e2timent (4) ou au sein d\u2019une communaut\u00e9 d\u2019\u00e9nergie (3), force est de constater que ces nouveaux dispositifs ne rencontrent pas le succ\u00e8s escompt\u00e9 en R\u00e9gion wallonne.&nbsp;\u00bb Elle souligne ensuite qu\u2019\u00ab&nbsp;Au vu de ces \u00e9l\u00e9ments, les objectifs poursuivis par les directives europ\u00e9ennes en termes d\u2019accessibilit\u00e9 et d\u2019implication des citoyens dans ces nouveaux modes de partage, encore renforc\u00e9s \u00e0 la suite de l\u2019adoption de la directive (UE) 2024\/1711, ne sont pas atteints.&nbsp;\u00bb Un bulletin peu brillant donc. La CWaPE, qui rappelons-le est un organisme ind\u00e9pendant, neutre et sans comp\u00e9tences f\u00e9d\u00e9rales, cite cependant un grand nombre de recommandations que nous vous r\u00e9sumons et classons ici selon l\u2019ordre d\u2019assertivit\u00e9 que nous pensons lire : Ce que la CWaPE \u00e9voque comme pistes Ce que la CWaPE ne recommande pas Les recommandations qui ne sont pas sp\u00e9cifiquement de comp\u00e9tences r\u00e9gionales Le rapport est \u00e0 lire dans son int\u00e9gralit\u00e9 ici.<\/p>\n","protected":false},"author":17,"featured_media":14833,"comment_status":"closed","ping_status":"closed","sticky":false,"template":"","format":"standard","meta":{"_acf_changed":false,"footnotes":""},"categories":[16,17],"tags":[],"section":[8,5,13],"class_list":["post-14825","post","type-post","status-publish","format-standard","has-post-thumbnail","hentry","category-actualite","category-actualite-en-belgique","section-energie-renouvelables","section-communaute-denergie","section-solaire"],"acf":[],"yoast_head":"<!-- This site is optimized with the Yoast SEO plugin v27.4 - https:\/\/yoast.com\/product\/yoast-seo-wordpress\/ -->\n<title>Partage et communaut\u00e9s d\u2019\u00e9nergie en Wallonie\u00a0: l\u2019avis de la CWaPE<\/title>\n<meta name=\"description\" content=\"Comment d\u00e9velopper le partage et les communaut\u00e9s d&#039;\u00e9nergie en Wallonie ? Quels en sont les freins ? La CWaPE rend son avis.\" \/>\n<meta name=\"robots\" content=\"index, follow, max-snippet:-1, max-image-preview:large, max-video-preview:-1\" \/>\n<link rel=\"canonical\" href=\"https:\/\/www.renouvelle.be\/fr\/partage-et-communautes-energie-en-wallonie-avis-de-la-cwape\/\" \/>\n<meta property=\"og:locale\" content=\"fr_FR\" \/>\n<meta property=\"og:type\" content=\"article\" \/>\n<meta property=\"og:title\" content=\"Partage et communaut\u00e9s d\u2019\u00e9nergie en Wallonie\u00a0: l\u2019avis de la CWaPE\" \/>\n<meta property=\"og:description\" content=\"Comment d\u00e9velopper le partage et les communaut\u00e9s d&#039;\u00e9nergie en Wallonie ? Quels en sont les freins ? La CWaPE rend son avis.\" \/>\n<meta property=\"og:url\" content=\"https:\/\/www.renouvelle.be\/fr\/partage-et-communautes-energie-en-wallonie-avis-de-la-cwape\/\" \/>\n<meta property=\"og:site_name\" content=\"Renouvelle\" \/>\n<meta property=\"article:published_time\" content=\"2025-03-18T10:25:49+00:00\" \/>\n<meta property=\"article:modified_time\" content=\"2025-03-18T10:25:51+00:00\" \/>\n<meta property=\"og:image\" content=\"https:\/\/www.renouvelle.be\/wp-content\/uploads\/2025\/03\/AdobeStock_333108652-scaled.jpeg\" \/>\n\t<meta property=\"og:image:width\" content=\"2560\" \/>\n\t<meta property=\"og:image:height\" content=\"1440\" \/>\n\t<meta property=\"og:image:type\" content=\"image\/jpeg\" \/>\n<meta name=\"author\" content=\"Benjamin WILKIN\" \/>\n<meta name=\"twitter:card\" content=\"summary_large_image\" \/>\n<script type=\"application\/ld+json\" class=\"yoast-schema-graph\">{\"@context\":\"https:\\\/\\\/schema.org\",\"@graph\":[{\"@type\":\"Article\",\"@id\":\"https:\\\/\\\/www.renouvelle.be\\\/fr\\\/partage-et-communautes-energie-en-wallonie-avis-de-la-cwape\\\/#article\",\"isPartOf\":{\"@id\":\"https:\\\/\\\/www.renouvelle.be\\\/fr\\\/partage-et-communautes-energie-en-wallonie-avis-de-la-cwape\\\/\"},\"author\":{\"name\":\"Benjamin WILKIN\",\"@id\":\"https:\\\/\\\/www.renouvelle.be\\\/fr\\\/#\\\/schema\\\/person\\\/20d41a25c5a48ee6500cc1a14288f058\"},\"headline\":\"Partage et communaut\u00e9s d\u2019\u00e9nergie en Wallonie\u00a0: l\u2019avis de la CWaPE\",\"datePublished\":\"2025-03-18T10:25:49+00:00\",\"dateModified\":\"2025-03-18T10:25:51+00:00\",\"mainEntityOfPage\":{\"@id\":\"https:\\\/\\\/www.renouvelle.be\\\/fr\\\/partage-et-communautes-energie-en-wallonie-avis-de-la-cwape\\\/\"},\"wordCount\":1080,\"image\":{\"@id\":\"https:\\\/\\\/www.renouvelle.be\\\/fr\\\/partage-et-communautes-energie-en-wallonie-avis-de-la-cwape\\\/#primaryimage\"},\"thumbnailUrl\":\"https:\\\/\\\/www.renouvelle.be\\\/wp-content\\\/uploads\\\/2025\\\/03\\\/AdobeStock_333108652-scaled.jpeg\",\"articleSection\":[\"Actualit\u00e9\",\"Actualit\u00e9 en Belgique\"],\"inLanguage\":\"fr-FR\"},{\"@type\":\"WebPage\",\"@id\":\"https:\\\/\\\/www.renouvelle.be\\\/fr\\\/partage-et-communautes-energie-en-wallonie-avis-de-la-cwape\\\/\",\"url\":\"https:\\\/\\\/www.renouvelle.be\\\/fr\\\/partage-et-communautes-energie-en-wallonie-avis-de-la-cwape\\\/\",\"name\":\"Partage et communaut\u00e9s d\u2019\u00e9nergie en Wallonie\u00a0: l\u2019avis de la CWaPE\",\"isPartOf\":{\"@id\":\"https:\\\/\\\/www.renouvelle.be\\\/fr\\\/#website\"},\"primaryImageOfPage\":{\"@id\":\"https:\\\/\\\/www.renouvelle.be\\\/fr\\\/partage-et-communautes-energie-en-wallonie-avis-de-la-cwape\\\/#primaryimage\"},\"image\":{\"@id\":\"https:\\\/\\\/www.renouvelle.be\\\/fr\\\/partage-et-communautes-energie-en-wallonie-avis-de-la-cwape\\\/#primaryimage\"},\"thumbnailUrl\":\"https:\\\/\\\/www.renouvelle.be\\\/wp-content\\\/uploads\\\/2025\\\/03\\\/AdobeStock_333108652-scaled.jpeg\",\"datePublished\":\"2025-03-18T10:25:49+00:00\",\"dateModified\":\"2025-03-18T10:25:51+00:00\",\"author\":{\"@id\":\"https:\\\/\\\/www.renouvelle.be\\\/fr\\\/#\\\/schema\\\/person\\\/20d41a25c5a48ee6500cc1a14288f058\"},\"description\":\"Comment d\u00e9velopper le partage et les communaut\u00e9s d'\u00e9nergie en Wallonie ? Quels en sont les freins ? La CWaPE rend son avis.\",\"breadcrumb\":{\"@id\":\"https:\\\/\\\/www.renouvelle.be\\\/fr\\\/partage-et-communautes-energie-en-wallonie-avis-de-la-cwape\\\/#breadcrumb\"},\"inLanguage\":\"fr-FR\",\"potentialAction\":[{\"@type\":\"ReadAction\",\"target\":[\"https:\\\/\\\/www.renouvelle.be\\\/fr\\\/partage-et-communautes-energie-en-wallonie-avis-de-la-cwape\\\/\"]}]},{\"@type\":\"ImageObject\",\"inLanguage\":\"fr-FR\",\"@id\":\"https:\\\/\\\/www.renouvelle.be\\\/fr\\\/partage-et-communautes-energie-en-wallonie-avis-de-la-cwape\\\/#primaryimage\",\"url\":\"https:\\\/\\\/www.renouvelle.be\\\/wp-content\\\/uploads\\\/2025\\\/03\\\/AdobeStock_333108652-scaled.jpeg\",\"contentUrl\":\"https:\\\/\\\/www.renouvelle.be\\\/wp-content\\\/uploads\\\/2025\\\/03\\\/AdobeStock_333108652-scaled.jpeg\",\"width\":2560,\"height\":1440,\"caption\":\"partage communaut\u00e9s CWaPE\"},{\"@type\":\"BreadcrumbList\",\"@id\":\"https:\\\/\\\/www.renouvelle.be\\\/fr\\\/partage-et-communautes-energie-en-wallonie-avis-de-la-cwape\\\/#breadcrumb\",\"itemListElement\":[{\"@type\":\"ListItem\",\"position\":1,\"name\":\"Accueil\",\"item\":\"https:\\\/\\\/www.renouvelle.be\\\/fr\\\/\"},{\"@type\":\"ListItem\",\"position\":2,\"name\":\"Partage et communaut\u00e9s d\u2019\u00e9nergie en Wallonie\u00a0: l\u2019avis de la CWaPE\"}]},{\"@type\":\"WebSite\",\"@id\":\"https:\\\/\\\/www.renouvelle.be\\\/fr\\\/#website\",\"url\":\"https:\\\/\\\/www.renouvelle.be\\\/fr\\\/\",\"name\":\"Renouvelle\",\"description\":\"L&#039;actualit\u00e9 de l&#039;\u00e9nergie durable\",\"potentialAction\":[{\"@type\":\"SearchAction\",\"target\":{\"@type\":\"EntryPoint\",\"urlTemplate\":\"https:\\\/\\\/www.renouvelle.be\\\/fr\\\/?s={search_term_string}\"},\"query-input\":{\"@type\":\"PropertyValueSpecification\",\"valueRequired\":true,\"valueName\":\"search_term_string\"}}],\"inLanguage\":\"fr-FR\"},{\"@type\":\"Person\",\"@id\":\"https:\\\/\\\/www.renouvelle.be\\\/fr\\\/#\\\/schema\\\/person\\\/20d41a25c5a48ee6500cc1a14288f058\",\"name\":\"Benjamin WILKIN\",\"url\":\"https:\\\/\\\/www.renouvelle.be\\\/fr\\\/author\\\/benjaminwilkin\\\/\"}]}<\/script>\n<!-- \/ Yoast SEO plugin. -->","yoast_head_json":{"title":"Partage et communaut\u00e9s d\u2019\u00e9nergie en Wallonie\u00a0: l\u2019avis de la CWaPE","description":"Comment d\u00e9velopper le partage et les communaut\u00e9s d'\u00e9nergie en Wallonie ? Quels en sont les freins ? La CWaPE rend son avis.","robots":{"index":"index","follow":"follow","max-snippet":"max-snippet:-1","max-image-preview":"max-image-preview:large","max-video-preview":"max-video-preview:-1"},"canonical":"https:\/\/www.renouvelle.be\/fr\/partage-et-communautes-energie-en-wallonie-avis-de-la-cwape\/","og_locale":"fr_FR","og_type":"article","og_title":"Partage et communaut\u00e9s d\u2019\u00e9nergie en Wallonie\u00a0: l\u2019avis de la CWaPE","og_description":"Comment d\u00e9velopper le partage et les communaut\u00e9s d'\u00e9nergie en Wallonie ? Quels en sont les freins ? La CWaPE rend son avis.","og_url":"https:\/\/www.renouvelle.be\/fr\/partage-et-communautes-energie-en-wallonie-avis-de-la-cwape\/","og_site_name":"Renouvelle","article_published_time":"2025-03-18T10:25:49+00:00","article_modified_time":"2025-03-18T10:25:51+00:00","og_image":[{"width":2560,"height":1440,"url":"https:\/\/www.renouvelle.be\/wp-content\/uploads\/2025\/03\/AdobeStock_333108652-scaled.jpeg","type":"image\/jpeg"}],"author":"Benjamin WILKIN","twitter_card":"summary_large_image","schema":{"@context":"https:\/\/schema.org","@graph":[{"@type":"Article","@id":"https:\/\/www.renouvelle.be\/fr\/partage-et-communautes-energie-en-wallonie-avis-de-la-cwape\/#article","isPartOf":{"@id":"https:\/\/www.renouvelle.be\/fr\/partage-et-communautes-energie-en-wallonie-avis-de-la-cwape\/"},"author":{"name":"Benjamin WILKIN","@id":"https:\/\/www.renouvelle.be\/fr\/#\/schema\/person\/20d41a25c5a48ee6500cc1a14288f058"},"headline":"Partage et communaut\u00e9s d\u2019\u00e9nergie en Wallonie\u00a0: l\u2019avis de la CWaPE","datePublished":"2025-03-18T10:25:49+00:00","dateModified":"2025-03-18T10:25:51+00:00","mainEntityOfPage":{"@id":"https:\/\/www.renouvelle.be\/fr\/partage-et-communautes-energie-en-wallonie-avis-de-la-cwape\/"},"wordCount":1080,"image":{"@id":"https:\/\/www.renouvelle.be\/fr\/partage-et-communautes-energie-en-wallonie-avis-de-la-cwape\/#primaryimage"},"thumbnailUrl":"https:\/\/www.renouvelle.be\/wp-content\/uploads\/2025\/03\/AdobeStock_333108652-scaled.jpeg","articleSection":["Actualit\u00e9","Actualit\u00e9 en Belgique"],"inLanguage":"fr-FR"},{"@type":"WebPage","@id":"https:\/\/www.renouvelle.be\/fr\/partage-et-communautes-energie-en-wallonie-avis-de-la-cwape\/","url":"https:\/\/www.renouvelle.be\/fr\/partage-et-communautes-energie-en-wallonie-avis-de-la-cwape\/","name":"Partage et communaut\u00e9s d\u2019\u00e9nergie en Wallonie\u00a0: l\u2019avis de la CWaPE","isPartOf":{"@id":"https:\/\/www.renouvelle.be\/fr\/#website"},"primaryImageOfPage":{"@id":"https:\/\/www.renouvelle.be\/fr\/partage-et-communautes-energie-en-wallonie-avis-de-la-cwape\/#primaryimage"},"image":{"@id":"https:\/\/www.renouvelle.be\/fr\/partage-et-communautes-energie-en-wallonie-avis-de-la-cwape\/#primaryimage"},"thumbnailUrl":"https:\/\/www.renouvelle.be\/wp-content\/uploads\/2025\/03\/AdobeStock_333108652-scaled.jpeg","datePublished":"2025-03-18T10:25:49+00:00","dateModified":"2025-03-18T10:25:51+00:00","author":{"@id":"https:\/\/www.renouvelle.be\/fr\/#\/schema\/person\/20d41a25c5a48ee6500cc1a14288f058"},"description":"Comment d\u00e9velopper le partage et les communaut\u00e9s d'\u00e9nergie en Wallonie ? Quels en sont les freins ? La CWaPE rend son avis.","breadcrumb":{"@id":"https:\/\/www.renouvelle.be\/fr\/partage-et-communautes-energie-en-wallonie-avis-de-la-cwape\/#breadcrumb"},"inLanguage":"fr-FR","potentialAction":[{"@type":"ReadAction","target":["https:\/\/www.renouvelle.be\/fr\/partage-et-communautes-energie-en-wallonie-avis-de-la-cwape\/"]}]},{"@type":"ImageObject","inLanguage":"fr-FR","@id":"https:\/\/www.renouvelle.be\/fr\/partage-et-communautes-energie-en-wallonie-avis-de-la-cwape\/#primaryimage","url":"https:\/\/www.renouvelle.be\/wp-content\/uploads\/2025\/03\/AdobeStock_333108652-scaled.jpeg","contentUrl":"https:\/\/www.renouvelle.be\/wp-content\/uploads\/2025\/03\/AdobeStock_333108652-scaled.jpeg","width":2560,"height":1440,"caption":"partage communaut\u00e9s CWaPE"},{"@type":"BreadcrumbList","@id":"https:\/\/www.renouvelle.be\/fr\/partage-et-communautes-energie-en-wallonie-avis-de-la-cwape\/#breadcrumb","itemListElement":[{"@type":"ListItem","position":1,"name":"Accueil","item":"https:\/\/www.renouvelle.be\/fr\/"},{"@type":"ListItem","position":2,"name":"Partage et communaut\u00e9s d\u2019\u00e9nergie en Wallonie\u00a0: l\u2019avis de la CWaPE"}]},{"@type":"WebSite","@id":"https:\/\/www.renouvelle.be\/fr\/#website","url":"https:\/\/www.renouvelle.be\/fr\/","name":"Renouvelle","description":"L&#039;actualit\u00e9 de l&#039;\u00e9nergie durable","potentialAction":[{"@type":"SearchAction","target":{"@type":"EntryPoint","urlTemplate":"https:\/\/www.renouvelle.be\/fr\/?s={search_term_string}"},"query-input":{"@type":"PropertyValueSpecification","valueRequired":true,"valueName":"search_term_string"}}],"inLanguage":"fr-FR"},{"@type":"Person","@id":"https:\/\/www.renouvelle.be\/fr\/#\/schema\/person\/20d41a25c5a48ee6500cc1a14288f058","name":"Benjamin WILKIN","url":"https:\/\/www.renouvelle.be\/fr\/author\/benjaminwilkin\/"}]}},"_links":{"self":[{"href":"https:\/\/www.renouvelle.be\/fr\/wp-json\/wp\/v2\/posts\/14825","targetHints":{"allow":["GET"]}}],"collection":[{"href":"https:\/\/www.renouvelle.be\/fr\/wp-json\/wp\/v2\/posts"}],"about":[{"href":"https:\/\/www.renouvelle.be\/fr\/wp-json\/wp\/v2\/types\/post"}],"author":[{"embeddable":true,"href":"https:\/\/www.renouvelle.be\/fr\/wp-json\/wp\/v2\/users\/17"}],"replies":[{"embeddable":true,"href":"https:\/\/www.renouvelle.be\/fr\/wp-json\/wp\/v2\/comments?post=14825"}],"version-history":[{"count":10,"href":"https:\/\/www.renouvelle.be\/fr\/wp-json\/wp\/v2\/posts\/14825\/revisions"}],"predecessor-version":[{"id":14877,"href":"https:\/\/www.renouvelle.be\/fr\/wp-json\/wp\/v2\/posts\/14825\/revisions\/14877"}],"wp:featuredmedia":[{"embeddable":true,"href":"https:\/\/www.renouvelle.be\/fr\/wp-json\/wp\/v2\/media\/14833"}],"wp:attachment":[{"href":"https:\/\/www.renouvelle.be\/fr\/wp-json\/wp\/v2\/media?parent=14825"}],"wp:term":[{"taxonomy":"category","embeddable":true,"href":"https:\/\/www.renouvelle.be\/fr\/wp-json\/wp\/v2\/categories?post=14825"},{"taxonomy":"post_tag","embeddable":true,"href":"https:\/\/www.renouvelle.be\/fr\/wp-json\/wp\/v2\/tags?post=14825"},{"taxonomy":"section","embeddable":true,"href":"https:\/\/www.renouvelle.be\/fr\/wp-json\/wp\/v2\/section?post=14825"}],"curies":[{"name":"wp","href":"https:\/\/api.w.org\/{rel}","templated":true}]}}