{"id":14816,"date":"2025-03-13T10:00:47","date_gmt":"2025-03-13T09:00:47","guid":{"rendered":"https:\/\/www.renouvelle.be\/?p=14816"},"modified":"2025-03-13T10:00:49","modified_gmt":"2025-03-13T09:00:49","slug":"la-wallonie-davantage-touchee-par-la-precarite-energetique","status":"publish","type":"post","link":"https:\/\/www.renouvelle.be\/fr\/la-wallonie-davantage-touchee-par-la-precarite-energetique\/","title":{"rendered":"La Wallonie davantage touch\u00e9e par la pr\u00e9carit\u00e9 \u00e9nerg\u00e9tique"},"content":{"rendered":"\n<p>La pr\u00e9carit\u00e9 \u00e9nerg\u00e9tique ne date certainement pas d\u2019hier et il a, malheureusement, fallu la crise des prix de l\u2019\u00e9nergie, en 2021, pour qu\u2019elle soit mise plus en avant, dans le d\u00e9bat public.<\/p>\n\n\n\n<p>En Belgique, cette pr\u00e9carit\u00e9 \u00e9nerg\u00e9tique atteignait 11,3% en Wallonie, en 2023. Un constat loin d\u2019\u00eatre anecdotique puisque Bruxelles obtient, habituellement, les r\u00e9sultats les plus n\u00e9gatifs en la mati\u00e8re, selon une \u00e9tude de l\u2019Iweps. Pour avoir une id\u00e9e plus concr\u00e8te de son ampleur en Wallonie, ce chiffre \u00e9quivaut \u00e0 environ 410 000 personnes. \u00c0 Bruxelles, 10% de personnes d\u00e9claraient rencontrer des difficult\u00e9s financi\u00e8res pour se chauffer contre 2,3% en Flandre.<\/p>\n\n\n\n<p>L\u2019\u00e9tude, men\u00e9e au pr\u00e8s de 6428 m\u00e9nages belges, dont 2331 en Wallonie, s\u2019est bas\u00e9e sur trois indicateurs li\u00e9s aux d\u00e9penses \u00e9nerg\u00e9tiques\u00a0: le montant <a href=\"https:\/\/www.renouvelle.be\/fr\/la-precarite-energetique-touche-de-plus-en-plus-de-foyers-belges\/\" target=\"_blank\" rel=\"noreferrer noopener\">des factures d\u2019\u00e9nergie<\/a>, la part des revenus consacr\u00e9e \u00e0 ces factures et, enfin, la privation \u00e9nerg\u00e9tique.<\/p>\n\n\n\n<p>En ce qui concerne l\u2019analyse du co\u00fbt des factures d\u2019\u00e9nergie. Ces derni\u00e8res s\u2019\u00e9levaient \u00e0 220 euros mensuels, au sud du pays, et ce, pour la moiti\u00e9 des m\u00e9nages wallons.<\/p>\n\n\n\n<p>Les d\u00e9penses, compar\u00e9es ensuite \u00e0 leurs revenus, montrent qu\u2019en 2023, la moiti\u00e9 des foyers wallons consacraient moins de 7,1% de celles-ci \u00e0 l\u2019\u00e9nergie. L\u2019<a href=\"https:\/\/www.iweps.be\/publication\/les-depenses-et-la-privation-energetiques-en-wallonie\/\" target=\"_blank\" rel=\"noreferrer noopener\">Iweps<\/a> mesure, enfin, la privation \u00e9nerg\u00e9tique (autrement dit, la difficult\u00e9 \u00e0 chauffer son logement ou \u00e0 payer les factures d&rsquo;\u00e9nergie) et selon les r\u00e9sultats, 6,4% des m\u00e9nages avaient des retards de paiement, 11,6% d\u00e9claraient ne pas pouvoir chauffer correctement leur habitation.<\/p>\n\n\n\n<p>Un constat qui rappelle, encore et toujours, que la lutte pour les \u00e9nergies renouvelables ne se limite pas aux gaz \u00e0 effet de serre, mais concerne aussi, et avant tout, les citoyens et citoyennes derri\u00e8re ces chiffres interpellants, pour qui l&rsquo;acc\u00e8s \u00e0 une \u00e9nergie plus verte et abordable devrait \u00eatre un droit.<\/p>\n\n\n\n<p>L&rsquo;\u00e9tude est \u00e0 lire dans son int\u00e9gralit\u00e9 <a href=\"https:\/\/www.iweps.be\/wp-content\/uploads\/2025\/03\/RS15.pdf\" target=\"_blank\" rel=\"noreferrer noopener\">ici<\/a>.<\/p>\n\n\n\n<p><\/p>\n","protected":false},"excerpt":{"rendered":"<p>La pr\u00e9carit\u00e9 \u00e9nerg\u00e9tique ne date certainement pas d\u2019hier et il a, malheureusement, fallu la crise des prix de l\u2019\u00e9nergie, en 2021, pour qu\u2019elle soit mise plus en avant, dans le d\u00e9bat public. En Belgique, cette pr\u00e9carit\u00e9 \u00e9nerg\u00e9tique atteignait 11,3% en Wallonie, en 2023. Un constat loin d\u2019\u00eatre anecdotique puisque Bruxelles obtient, habituellement, les r\u00e9sultats les plus n\u00e9gatifs en la mati\u00e8re, selon une \u00e9tude de l\u2019Iweps. Pour avoir une id\u00e9e plus concr\u00e8te de son ampleur en Wallonie, ce chiffre \u00e9quivaut \u00e0 environ 410 000 personnes. \u00c0 Bruxelles, 10% de personnes d\u00e9claraient rencontrer des difficult\u00e9s financi\u00e8res pour se chauffer contre 2,3% en Flandre. L\u2019\u00e9tude, men\u00e9e au pr\u00e8s de 6428 m\u00e9nages belges, dont 2331 en Wallonie, s\u2019est bas\u00e9e sur trois indicateurs li\u00e9s aux d\u00e9penses \u00e9nerg\u00e9tiques\u00a0: le montant des factures d\u2019\u00e9nergie, la part des revenus consacr\u00e9e \u00e0 ces factures et, enfin, la privation \u00e9nerg\u00e9tique. En ce qui concerne l\u2019analyse du co\u00fbt des factures d\u2019\u00e9nergie. Ces derni\u00e8res s\u2019\u00e9levaient \u00e0 220 euros mensuels, au sud du pays, et ce, pour la moiti\u00e9 des m\u00e9nages wallons. Les d\u00e9penses, compar\u00e9es ensuite \u00e0 leurs revenus, montrent qu\u2019en 2023, la moiti\u00e9 des foyers wallons consacraient moins de 7,1% de celles-ci \u00e0 l\u2019\u00e9nergie. L\u2019Iweps mesure, enfin, la privation \u00e9nerg\u00e9tique (autrement dit, la difficult\u00e9 \u00e0 chauffer son logement ou \u00e0 payer les factures d&rsquo;\u00e9nergie) et selon les r\u00e9sultats, 6,4% des m\u00e9nages avaient des retards de paiement, 11,6% d\u00e9claraient ne pas pouvoir chauffer correctement leur habitation. Un constat qui rappelle, encore et toujours, que la lutte pour les \u00e9nergies renouvelables ne se limite pas aux gaz \u00e0 effet de serre, mais concerne aussi, et avant tout, les citoyens et citoyennes derri\u00e8re ces chiffres interpellants, pour qui l&rsquo;acc\u00e8s \u00e0 une \u00e9nergie plus verte et abordable devrait \u00eatre un droit. L&rsquo;\u00e9tude est \u00e0 lire dans &hellip; <a href=\"https:\/\/www.renouvelle.be\/fr\/la-wallonie-davantage-touchee-par-la-precarite-energetique\/\" class=\"more-link\">Continue reading<span class=\"screen-reader-text\"> \u00ab\u00a0La Wallonie davantage touch\u00e9e par la pr\u00e9carit\u00e9 \u00e9nerg\u00e9tique\u00a0\u00bb<\/span><\/a><\/p>\n","protected":false},"author":38,"featured_media":14819,"comment_status":"closed","ping_status":"closed","sticky":false,"template":"","format":"standard","meta":{"_acf_changed":false,"footnotes":""},"categories":[16,17],"tags":[],"section":[8],"class_list":["post-14816","post","type-post","status-publish","format-standard","has-post-thumbnail","hentry","category-actualite","category-actualite-en-belgique","section-energie-renouvelables"],"acf":[],"yoast_head":"<!-- This site is optimized with the Yoast SEO plugin v27.4 - https:\/\/yoast.com\/product\/yoast-seo-wordpress\/ -->\n<title>La Wallonie davantage touch\u00e9e par la pr\u00e9carit\u00e9 \u00e9nerg\u00e9tique - Renouvelle<\/title>\n<meta name=\"description\" content=\"Selon une \u00e9tude de l&#039;Iweps, en 2023 la pr\u00e9carit\u00e9 \u00e9nerg\u00e9tique touchait plus la Wallonie que Bruxelles ou la Flandre.\" \/>\n<meta name=\"robots\" content=\"index, follow, max-snippet:-1, max-image-preview:large, max-video-preview:-1\" \/>\n<link rel=\"canonical\" href=\"https:\/\/www.renouvelle.be\/fr\/la-wallonie-davantage-touchee-par-la-precarite-energetique\/\" \/>\n<meta property=\"og:locale\" content=\"fr_FR\" \/>\n<meta property=\"og:type\" content=\"article\" \/>\n<meta property=\"og:title\" content=\"La Wallonie davantage touch\u00e9e par la pr\u00e9carit\u00e9 \u00e9nerg\u00e9tique - Renouvelle\" \/>\n<meta property=\"og:description\" content=\"Selon une \u00e9tude de l&#039;Iweps, en 2023 la pr\u00e9carit\u00e9 \u00e9nerg\u00e9tique touchait plus la Wallonie que Bruxelles ou la Flandre.\" \/>\n<meta property=\"og:url\" content=\"https:\/\/www.renouvelle.be\/fr\/la-wallonie-davantage-touchee-par-la-precarite-energetique\/\" \/>\n<meta property=\"og:site_name\" content=\"Renouvelle\" \/>\n<meta property=\"article:published_time\" content=\"2025-03-13T09:00:47+00:00\" \/>\n<meta property=\"article:modified_time\" content=\"2025-03-13T09:00:49+00:00\" \/>\n<meta property=\"og:image\" content=\"https:\/\/www.renouvelle.be\/wp-content\/uploads\/2025\/03\/AdobeStock_393501231-scaled-e1741783094546.jpeg\" \/>\n\t<meta property=\"og:image:width\" content=\"2560\" \/>\n\t<meta property=\"og:image:height\" content=\"1620\" \/>\n\t<meta property=\"og:image:type\" content=\"image\/jpeg\" \/>\n<meta name=\"author\" content=\"Samuel Alves\" \/>\n<meta name=\"twitter:card\" content=\"summary_large_image\" \/>\n<script type=\"application\/ld+json\" class=\"yoast-schema-graph\">{\"@context\":\"https:\\\/\\\/schema.org\",\"@graph\":[{\"@type\":\"Article\",\"@id\":\"https:\\\/\\\/www.renouvelle.be\\\/fr\\\/la-wallonie-davantage-touchee-par-la-precarite-energetique\\\/#article\",\"isPartOf\":{\"@id\":\"https:\\\/\\\/www.renouvelle.be\\\/fr\\\/la-wallonie-davantage-touchee-par-la-precarite-energetique\\\/\"},\"author\":{\"name\":\"Samuel Alves\",\"@id\":\"https:\\\/\\\/www.renouvelle.be\\\/fr\\\/#\\\/schema\\\/person\\\/9d743366fb269eeceaa8d60e98d289d3\"},\"headline\":\"La Wallonie davantage touch\u00e9e par la pr\u00e9carit\u00e9 \u00e9nerg\u00e9tique\",\"datePublished\":\"2025-03-13T09:00:47+00:00\",\"dateModified\":\"2025-03-13T09:00:49+00:00\",\"mainEntityOfPage\":{\"@id\":\"https:\\\/\\\/www.renouvelle.be\\\/fr\\\/la-wallonie-davantage-touchee-par-la-precarite-energetique\\\/\"},\"wordCount\":330,\"image\":{\"@id\":\"https:\\\/\\\/www.renouvelle.be\\\/fr\\\/la-wallonie-davantage-touchee-par-la-precarite-energetique\\\/#primaryimage\"},\"thumbnailUrl\":\"https:\\\/\\\/www.renouvelle.be\\\/wp-content\\\/uploads\\\/2025\\\/03\\\/AdobeStock_393501231-scaled-e1741783094546.jpeg\",\"articleSection\":[\"Actualit\u00e9\",\"Actualit\u00e9 en Belgique\"],\"inLanguage\":\"fr-FR\"},{\"@type\":\"WebPage\",\"@id\":\"https:\\\/\\\/www.renouvelle.be\\\/fr\\\/la-wallonie-davantage-touchee-par-la-precarite-energetique\\\/\",\"url\":\"https:\\\/\\\/www.renouvelle.be\\\/fr\\\/la-wallonie-davantage-touchee-par-la-precarite-energetique\\\/\",\"name\":\"La Wallonie davantage touch\u00e9e par la pr\u00e9carit\u00e9 \u00e9nerg\u00e9tique - Renouvelle\",\"isPartOf\":{\"@id\":\"https:\\\/\\\/www.renouvelle.be\\\/fr\\\/#website\"},\"primaryImageOfPage\":{\"@id\":\"https:\\\/\\\/www.renouvelle.be\\\/fr\\\/la-wallonie-davantage-touchee-par-la-precarite-energetique\\\/#primaryimage\"},\"image\":{\"@id\":\"https:\\\/\\\/www.renouvelle.be\\\/fr\\\/la-wallonie-davantage-touchee-par-la-precarite-energetique\\\/#primaryimage\"},\"thumbnailUrl\":\"https:\\\/\\\/www.renouvelle.be\\\/wp-content\\\/uploads\\\/2025\\\/03\\\/AdobeStock_393501231-scaled-e1741783094546.jpeg\",\"datePublished\":\"2025-03-13T09:00:47+00:00\",\"dateModified\":\"2025-03-13T09:00:49+00:00\",\"author\":{\"@id\":\"https:\\\/\\\/www.renouvelle.be\\\/fr\\\/#\\\/schema\\\/person\\\/9d743366fb269eeceaa8d60e98d289d3\"},\"description\":\"Selon une \u00e9tude de l'Iweps, en 2023 la pr\u00e9carit\u00e9 \u00e9nerg\u00e9tique touchait plus la Wallonie que Bruxelles ou la Flandre.\",\"breadcrumb\":{\"@id\":\"https:\\\/\\\/www.renouvelle.be\\\/fr\\\/la-wallonie-davantage-touchee-par-la-precarite-energetique\\\/#breadcrumb\"},\"inLanguage\":\"fr-FR\",\"potentialAction\":[{\"@type\":\"ReadAction\",\"target\":[\"https:\\\/\\\/www.renouvelle.be\\\/fr\\\/la-wallonie-davantage-touchee-par-la-precarite-energetique\\\/\"]}]},{\"@type\":\"ImageObject\",\"inLanguage\":\"fr-FR\",\"@id\":\"https:\\\/\\\/www.renouvelle.be\\\/fr\\\/la-wallonie-davantage-touchee-par-la-precarite-energetique\\\/#primaryimage\",\"url\":\"https:\\\/\\\/www.renouvelle.be\\\/wp-content\\\/uploads\\\/2025\\\/03\\\/AdobeStock_393501231-scaled-e1741783094546.jpeg\",\"contentUrl\":\"https:\\\/\\\/www.renouvelle.be\\\/wp-content\\\/uploads\\\/2025\\\/03\\\/AdobeStock_393501231-scaled-e1741783094546.jpeg\",\"width\":2560,\"height\":1620},{\"@type\":\"BreadcrumbList\",\"@id\":\"https:\\\/\\\/www.renouvelle.be\\\/fr\\\/la-wallonie-davantage-touchee-par-la-precarite-energetique\\\/#breadcrumb\",\"itemListElement\":[{\"@type\":\"ListItem\",\"position\":1,\"name\":\"Accueil\",\"item\":\"https:\\\/\\\/www.renouvelle.be\\\/fr\\\/\"},{\"@type\":\"ListItem\",\"position\":2,\"name\":\"La Wallonie davantage touch\u00e9e par la pr\u00e9carit\u00e9 \u00e9nerg\u00e9tique\"}]},{\"@type\":\"WebSite\",\"@id\":\"https:\\\/\\\/www.renouvelle.be\\\/fr\\\/#website\",\"url\":\"https:\\\/\\\/www.renouvelle.be\\\/fr\\\/\",\"name\":\"Renouvelle\",\"description\":\"L&#039;actualit\u00e9 de l&#039;\u00e9nergie durable\",\"potentialAction\":[{\"@type\":\"SearchAction\",\"target\":{\"@type\":\"EntryPoint\",\"urlTemplate\":\"https:\\\/\\\/www.renouvelle.be\\\/fr\\\/?s={search_term_string}\"},\"query-input\":{\"@type\":\"PropertyValueSpecification\",\"valueRequired\":true,\"valueName\":\"search_term_string\"}}],\"inLanguage\":\"fr-FR\"},{\"@type\":\"Person\",\"@id\":\"https:\\\/\\\/www.renouvelle.be\\\/fr\\\/#\\\/schema\\\/person\\\/9d743366fb269eeceaa8d60e98d289d3\",\"name\":\"Samuel Alves\",\"url\":\"https:\\\/\\\/www.renouvelle.be\\\/fr\\\/author\\\/salves\\\/\"}]}<\/script>\n<!-- \/ Yoast SEO plugin. -->","yoast_head_json":{"title":"La Wallonie davantage touch\u00e9e par la pr\u00e9carit\u00e9 \u00e9nerg\u00e9tique - Renouvelle","description":"Selon une \u00e9tude de l'Iweps, en 2023 la pr\u00e9carit\u00e9 \u00e9nerg\u00e9tique touchait plus la Wallonie que Bruxelles ou la Flandre.","robots":{"index":"index","follow":"follow","max-snippet":"max-snippet:-1","max-image-preview":"max-image-preview:large","max-video-preview":"max-video-preview:-1"},"canonical":"https:\/\/www.renouvelle.be\/fr\/la-wallonie-davantage-touchee-par-la-precarite-energetique\/","og_locale":"fr_FR","og_type":"article","og_title":"La Wallonie davantage touch\u00e9e par la pr\u00e9carit\u00e9 \u00e9nerg\u00e9tique - Renouvelle","og_description":"Selon une \u00e9tude de l'Iweps, en 2023 la pr\u00e9carit\u00e9 \u00e9nerg\u00e9tique touchait plus la Wallonie que Bruxelles ou la Flandre.","og_url":"https:\/\/www.renouvelle.be\/fr\/la-wallonie-davantage-touchee-par-la-precarite-energetique\/","og_site_name":"Renouvelle","article_published_time":"2025-03-13T09:00:47+00:00","article_modified_time":"2025-03-13T09:00:49+00:00","og_image":[{"width":2560,"height":1620,"url":"https:\/\/www.renouvelle.be\/wp-content\/uploads\/2025\/03\/AdobeStock_393501231-scaled-e1741783094546.jpeg","type":"image\/jpeg"}],"author":"Samuel Alves","twitter_card":"summary_large_image","schema":{"@context":"https:\/\/schema.org","@graph":[{"@type":"Article","@id":"https:\/\/www.renouvelle.be\/fr\/la-wallonie-davantage-touchee-par-la-precarite-energetique\/#article","isPartOf":{"@id":"https:\/\/www.renouvelle.be\/fr\/la-wallonie-davantage-touchee-par-la-precarite-energetique\/"},"author":{"name":"Samuel Alves","@id":"https:\/\/www.renouvelle.be\/fr\/#\/schema\/person\/9d743366fb269eeceaa8d60e98d289d3"},"headline":"La Wallonie davantage touch\u00e9e par la pr\u00e9carit\u00e9 \u00e9nerg\u00e9tique","datePublished":"2025-03-13T09:00:47+00:00","dateModified":"2025-03-13T09:00:49+00:00","mainEntityOfPage":{"@id":"https:\/\/www.renouvelle.be\/fr\/la-wallonie-davantage-touchee-par-la-precarite-energetique\/"},"wordCount":330,"image":{"@id":"https:\/\/www.renouvelle.be\/fr\/la-wallonie-davantage-touchee-par-la-precarite-energetique\/#primaryimage"},"thumbnailUrl":"https:\/\/www.renouvelle.be\/wp-content\/uploads\/2025\/03\/AdobeStock_393501231-scaled-e1741783094546.jpeg","articleSection":["Actualit\u00e9","Actualit\u00e9 en Belgique"],"inLanguage":"fr-FR"},{"@type":"WebPage","@id":"https:\/\/www.renouvelle.be\/fr\/la-wallonie-davantage-touchee-par-la-precarite-energetique\/","url":"https:\/\/www.renouvelle.be\/fr\/la-wallonie-davantage-touchee-par-la-precarite-energetique\/","name":"La Wallonie davantage touch\u00e9e par la pr\u00e9carit\u00e9 \u00e9nerg\u00e9tique - Renouvelle","isPartOf":{"@id":"https:\/\/www.renouvelle.be\/fr\/#website"},"primaryImageOfPage":{"@id":"https:\/\/www.renouvelle.be\/fr\/la-wallonie-davantage-touchee-par-la-precarite-energetique\/#primaryimage"},"image":{"@id":"https:\/\/www.renouvelle.be\/fr\/la-wallonie-davantage-touchee-par-la-precarite-energetique\/#primaryimage"},"thumbnailUrl":"https:\/\/www.renouvelle.be\/wp-content\/uploads\/2025\/03\/AdobeStock_393501231-scaled-e1741783094546.jpeg","datePublished":"2025-03-13T09:00:47+00:00","dateModified":"2025-03-13T09:00:49+00:00","author":{"@id":"https:\/\/www.renouvelle.be\/fr\/#\/schema\/person\/9d743366fb269eeceaa8d60e98d289d3"},"description":"Selon une \u00e9tude de l'Iweps, en 2023 la pr\u00e9carit\u00e9 \u00e9nerg\u00e9tique touchait plus la Wallonie que Bruxelles ou la Flandre.","breadcrumb":{"@id":"https:\/\/www.renouvelle.be\/fr\/la-wallonie-davantage-touchee-par-la-precarite-energetique\/#breadcrumb"},"inLanguage":"fr-FR","potentialAction":[{"@type":"ReadAction","target":["https:\/\/www.renouvelle.be\/fr\/la-wallonie-davantage-touchee-par-la-precarite-energetique\/"]}]},{"@type":"ImageObject","inLanguage":"fr-FR","@id":"https:\/\/www.renouvelle.be\/fr\/la-wallonie-davantage-touchee-par-la-precarite-energetique\/#primaryimage","url":"https:\/\/www.renouvelle.be\/wp-content\/uploads\/2025\/03\/AdobeStock_393501231-scaled-e1741783094546.jpeg","contentUrl":"https:\/\/www.renouvelle.be\/wp-content\/uploads\/2025\/03\/AdobeStock_393501231-scaled-e1741783094546.jpeg","width":2560,"height":1620},{"@type":"BreadcrumbList","@id":"https:\/\/www.renouvelle.be\/fr\/la-wallonie-davantage-touchee-par-la-precarite-energetique\/#breadcrumb","itemListElement":[{"@type":"ListItem","position":1,"name":"Accueil","item":"https:\/\/www.renouvelle.be\/fr\/"},{"@type":"ListItem","position":2,"name":"La Wallonie davantage touch\u00e9e par la pr\u00e9carit\u00e9 \u00e9nerg\u00e9tique"}]},{"@type":"WebSite","@id":"https:\/\/www.renouvelle.be\/fr\/#website","url":"https:\/\/www.renouvelle.be\/fr\/","name":"Renouvelle","description":"L&#039;actualit\u00e9 de l&#039;\u00e9nergie durable","potentialAction":[{"@type":"SearchAction","target":{"@type":"EntryPoint","urlTemplate":"https:\/\/www.renouvelle.be\/fr\/?s={search_term_string}"},"query-input":{"@type":"PropertyValueSpecification","valueRequired":true,"valueName":"search_term_string"}}],"inLanguage":"fr-FR"},{"@type":"Person","@id":"https:\/\/www.renouvelle.be\/fr\/#\/schema\/person\/9d743366fb269eeceaa8d60e98d289d3","name":"Samuel Alves","url":"https:\/\/www.renouvelle.be\/fr\/author\/salves\/"}]}},"_links":{"self":[{"href":"https:\/\/www.renouvelle.be\/fr\/wp-json\/wp\/v2\/posts\/14816","targetHints":{"allow":["GET"]}}],"collection":[{"href":"https:\/\/www.renouvelle.be\/fr\/wp-json\/wp\/v2\/posts"}],"about":[{"href":"https:\/\/www.renouvelle.be\/fr\/wp-json\/wp\/v2\/types\/post"}],"author":[{"embeddable":true,"href":"https:\/\/www.renouvelle.be\/fr\/wp-json\/wp\/v2\/users\/38"}],"replies":[{"embeddable":true,"href":"https:\/\/www.renouvelle.be\/fr\/wp-json\/wp\/v2\/comments?post=14816"}],"version-history":[{"count":6,"href":"https:\/\/www.renouvelle.be\/fr\/wp-json\/wp\/v2\/posts\/14816\/revisions"}],"predecessor-version":[{"id":14824,"href":"https:\/\/www.renouvelle.be\/fr\/wp-json\/wp\/v2\/posts\/14816\/revisions\/14824"}],"wp:featuredmedia":[{"embeddable":true,"href":"https:\/\/www.renouvelle.be\/fr\/wp-json\/wp\/v2\/media\/14819"}],"wp:attachment":[{"href":"https:\/\/www.renouvelle.be\/fr\/wp-json\/wp\/v2\/media?parent=14816"}],"wp:term":[{"taxonomy":"category","embeddable":true,"href":"https:\/\/www.renouvelle.be\/fr\/wp-json\/wp\/v2\/categories?post=14816"},{"taxonomy":"post_tag","embeddable":true,"href":"https:\/\/www.renouvelle.be\/fr\/wp-json\/wp\/v2\/tags?post=14816"},{"taxonomy":"section","embeddable":true,"href":"https:\/\/www.renouvelle.be\/fr\/wp-json\/wp\/v2\/section?post=14816"}],"curies":[{"name":"wp","href":"https:\/\/api.w.org\/{rel}","templated":true}]}}