{"id":14798,"date":"2025-03-11T13:43:40","date_gmt":"2025-03-11T12:43:40","guid":{"rendered":"https:\/\/www.renouvelle.be\/?p=14798"},"modified":"2025-03-11T13:43:42","modified_gmt":"2025-03-11T12:43:42","slug":"le-photovoltaique-en-belgique-atteint-le-cap-de-1-kwc-par-habitant","status":"publish","type":"post","link":"https:\/\/www.renouvelle.be\/fr\/le-photovoltaique-en-belgique-atteint-le-cap-de-1-kwc-par-habitant\/","title":{"rendered":"Le photovolta\u00efque en Belgique atteint le cap de 1 kWc par habitant"},"content":{"rendered":"\n<p>Cette avanc\u00e9e est port\u00e9e par <a href=\"https:\/\/www.renouvelle.be\/fr\/belgique-2023-record-installations-photovoltaiques\/\" target=\"_blank\" rel=\"noreferrer noopener\">une ann\u00e9e 2023 record<\/a>, marqu\u00e9e par l\u2019installation de 2,4 GWc. Toutefois, l\u2019ann\u00e9e 2024 affiche un net ralentissement, avec seulement 1 GWc install\u00e9.<\/p>\n\n\n\n<p>Fin 2024, la Belgique compte donc 12 GWc de solaire photovolta\u00efque, permettant d\u2019assurer 13% de la consommation annuelle actuelle d\u2019\u00e9lectricit\u00e9 du territoire. Le recul observ\u00e9 en 2024, attendu apr\u00e8s l&rsquo;\u00e9lan marqu\u00e9 de 2023 d\u00fb \u00e0 des incitations d\u00e9sormais supprim\u00e9es en Flandre comme en Wallonie, s&rsquo;av\u00e8re toutefois bien plus prononc\u00e9 en Wallonie, o\u00f9 le ralentissement du rythme d\u2019\u00e9quipement devient pr\u00e9occupant.<\/p>\n\n\n\n<figure class=\"wp-block-image size-large\"><img loading=\"lazy\" decoding=\"async\" width=\"1024\" height=\"599\" src=\"https:\/\/www.renouvelle.be\/wp-content\/uploads\/2025\/03\/EvolutionPuisancesInstallees-1024x599.png\" alt=\"\" class=\"wp-image-14802\" srcset=\"https:\/\/www.renouvelle.be\/wp-content\/uploads\/2025\/03\/EvolutionPuisancesInstallees-1024x599.png 1024w, https:\/\/www.renouvelle.be\/wp-content\/uploads\/2025\/03\/EvolutionPuisancesInstallees-300x175.png 300w, https:\/\/www.renouvelle.be\/wp-content\/uploads\/2025\/03\/EvolutionPuisancesInstallees-768x449.png 768w, https:\/\/www.renouvelle.be\/wp-content\/uploads\/2025\/03\/EvolutionPuisancesInstallees-1200x702.png 1200w, https:\/\/www.renouvelle.be\/wp-content\/uploads\/2025\/03\/EvolutionPuisancesInstallees.png 1260w\" sizes=\"auto, (max-width: 1024px) 100vw, 1024px\" \/><figcaption class=\"wp-element-caption\">Evolution des puissances install\u00e9s en Belgique &#8211; <a href=\"https:\/\/www.renouvelle.be\/fr\/faits-chiffres\/observatoire-photovoltaique\" target=\"_blank\" rel=\"noreferrer noopener\">Observatoire Photovolta\u00efque<\/a><\/figcaption><\/figure>\n\n\n\n<h2 class=\"wp-block-heading\">Un ralentissement marqu\u00e9 du secteur r\u00e9sidentiel<\/h2>\n\n\n\n<p>Habituellement moteur du photovolta\u00efque en Belgique, le secteur r\u00e9sidentiel a connu une chute spectaculaire en 2024 (-68 % par rapport \u00e0 2023), principalement due \u00e0 :<\/p>\n\n\n\n<ul class=\"wp-block-list\">\n<li>La fin des primes \u00e0 l\u2019installation en Flandre fin 2023.<\/li>\n\n\n\n<li>La suppression de la compensation en Wallonie, entra\u00eenant un effondrement des nouvelles installations.<\/li>\n<\/ul>\n\n\n\n<p>Seule exception : Bruxelles, qui maintient une croissance stable gr\u00e2ce \u00e0 son syst\u00e8me de certificats verts et \u00e0 des mod\u00e8les innovants de partage d\u2019\u00e9lectricit\u00e9, notamment en copropri\u00e9t\u00e9.<\/p>\n\n\n\n<h2 class=\"wp-block-heading\">Le secteur commercial et industriel r\u00e9siste<\/h2>\n\n\n\n<p>Contrairement au segment r\u00e9sidentiel, les installations photovolta\u00efques dans le secteur commercial et industriel restent solides. Cette stabilit\u00e9 s\u2019explique par :<\/p>\n\n\n\n<ul class=\"wp-block-list\">\n<li>Un int\u00e9r\u00eat croissant des entreprises pour l\u2019autoconsommation, face \u00e0 des prix de l\u2019\u00e9lectricit\u00e9 toujours \u00e9lev\u00e9s.<\/li>\n\n\n\n<li>L\u2019anticipation des entreprises flamandes, qui se pr\u00e9parent \u00e0 l\u2019obligation d\u2019\u00e9quipement d\u00e8s 2025.<\/li>\n\n\n\n<li>En Wallonie, une baisse mod\u00e9r\u00e9e due aux tarifs de rachat moins attractifs et aux difficult\u00e9s de raccordement des grandes installations.<\/li>\n<\/ul>\n\n\n\n<h2 class=\"wp-block-heading\">Perspectives 2025 : un secteur \u00e0 relancer en Wallonie\u00a0<\/h2>\n\n\n\n<p>La Belgique figure d\u00e9sormais parmi les cinq pays europ\u00e9ens ayant atteint le cap symbolique de 1 kWc par habitant. Mais ce sont essentiellement la Flandre et Bruxelles qui tirent la dynamique, tandis que la Wallonie accuse un retard alarmant : en 2024, un seul panneau sur dix y a \u00e9t\u00e9 install\u00e9.<\/p>\n\n\n\n<p>Pour respecter ses objectifs, la Wallonie devra ajouter environ <strong>450 MWc par an jusqu\u2019en 2030<\/strong>. Cela implique des mesures ambitieuses :<\/p>\n\n\n\n<ul class=\"wp-block-list\">\n<li><strong>D\u00e9velopper l\u2019agrivolta\u00efsme<\/strong>, qui pourrait repr\u00e9senter entre 100 et 200 MWc\/an, selon le livre blanc sur le sujet.<\/li>\n\n\n\n<li><strong>Faciliter l\u2019installation de solutions Plug &amp; Play<\/strong> (balcons photovolta\u00efques) avec un cadre s\u00e9curis\u00e9 et accessible.<\/li>\n\n\n\n<li><strong>\u00c9quiper syst\u00e9matiquement les b\u00e2timents publics<\/strong> disposant d\u2019une performance \u00e9nerg\u00e9tique suffisante (\u00e9coles, logements sociaux, infrastructures communales\u2026).<\/li>\n\n\n\n<li><strong>Instaurer une obligation d\u2019\u00e9quipement photovolta\u00efque<\/strong> pour les gros consommateurs (comme en Flandre),<\/li>\n\n\n\n<li><strong>Instaurer une obligation d\u2019installation d\u2019ombri\u00e8res solaires<\/strong> sur les parkings d\u2019une certaine dimension (comme en France).<\/li>\n\n\n\n<li><strong>Lever les blocages l\u00e9gaux, fiscaux et techniques du partage d\u2019\u00e9lectricit\u00e9<\/strong>, notamment pour les entreprises, les pouvoirs publics et les copropri\u00e9t\u00e9s.<\/li>\n<\/ul>\n\n\n\n<p><a href=\"https:\/\/energiecommune.be\/\" target=\"_blank\" rel=\"noreferrer noopener\">Energie Commune<\/a> appelle \u00e0 un engagement plus fort en faveur du photovolta\u00efque. Alors que les co\u00fbts de la technologie sont aujourd\u2019hui tr\u00e8s comp\u00e9titifs, l\u2019Europe reste vuln\u00e9rable aux fluctuations du march\u00e9 de l\u2019\u00e9nergie, accentu\u00e9es par le contexte g\u00e9opolitique actuel.<strong> Il est temps d\u2019agir !\u00a0<\/strong><\/p>\n","protected":false},"excerpt":{"rendered":"<p>Cette avanc\u00e9e est port\u00e9e par une ann\u00e9e 2023 record, marqu\u00e9e par l\u2019installation de 2,4 GWc. Toutefois, l\u2019ann\u00e9e 2024 affiche un net ralentissement, avec seulement 1 GWc install\u00e9. Fin 2024, la Belgique compte donc 12 GWc de solaire photovolta\u00efque, permettant d\u2019assurer 13% de la consommation annuelle actuelle d\u2019\u00e9lectricit\u00e9 du territoire. Le recul observ\u00e9 en 2024, attendu apr\u00e8s l&rsquo;\u00e9lan marqu\u00e9 de 2023 d\u00fb \u00e0 des incitations d\u00e9sormais supprim\u00e9es en Flandre comme en Wallonie, s&rsquo;av\u00e8re toutefois bien plus prononc\u00e9 en Wallonie, o\u00f9 le ralentissement du rythme d\u2019\u00e9quipement devient pr\u00e9occupant. Un ralentissement marqu\u00e9 du secteur r\u00e9sidentiel Habituellement moteur du photovolta\u00efque en Belgique, le secteur r\u00e9sidentiel a connu une chute spectaculaire en 2024 (-68 % par rapport \u00e0 2023), principalement due \u00e0 : Seule exception : Bruxelles, qui maintient une croissance stable gr\u00e2ce \u00e0 son syst\u00e8me de certificats verts et \u00e0 des mod\u00e8les innovants de partage d\u2019\u00e9lectricit\u00e9, notamment en copropri\u00e9t\u00e9. Le secteur commercial et industriel r\u00e9siste Contrairement au segment r\u00e9sidentiel, les installations photovolta\u00efques dans le secteur commercial et industriel restent solides. Cette stabilit\u00e9 s\u2019explique par : Perspectives 2025 : un secteur \u00e0 relancer en Wallonie\u00a0 La Belgique figure d\u00e9sormais parmi les cinq pays europ\u00e9ens ayant atteint le cap symbolique de 1 kWc par habitant. Mais ce sont essentiellement la Flandre et Bruxelles qui tirent la dynamique, tandis que la Wallonie accuse un retard alarmant : en 2024, un seul panneau sur dix y a \u00e9t\u00e9 install\u00e9. Pour respecter ses objectifs, la Wallonie devra ajouter environ 450 MWc par an jusqu\u2019en 2030. Cela implique des mesures ambitieuses : Energie Commune appelle \u00e0 un engagement plus fort en faveur du photovolta\u00efque. Alors que les co\u00fbts de la technologie sont aujourd\u2019hui tr\u00e8s comp\u00e9titifs, l\u2019Europe reste vuln\u00e9rable aux fluctuations du march\u00e9 de l\u2019\u00e9nergie, accentu\u00e9es par le contexte g\u00e9opolitique actuel. &hellip; <a href=\"https:\/\/www.renouvelle.be\/fr\/le-photovoltaique-en-belgique-atteint-le-cap-de-1-kwc-par-habitant\/\" class=\"more-link\">Continue reading<span class=\"screen-reader-text\"> \u00ab\u00a0Le photovolta\u00efque en Belgique atteint le cap de 1 kWc par habitant\u00a0\u00bb<\/span><\/a><\/p>\n","protected":false},"author":17,"featured_media":14809,"comment_status":"closed","ping_status":"closed","sticky":false,"template":"","format":"standard","meta":{"_acf_changed":false,"footnotes":""},"categories":[16,17],"tags":[],"section":[13],"class_list":["post-14798","post","type-post","status-publish","format-standard","has-post-thumbnail","hentry","category-actualite","category-actualite-en-belgique","section-solaire"],"acf":[],"yoast_head":"<!-- This site is optimized with the Yoast SEO plugin v27.4 - https:\/\/yoast.com\/product\/yoast-seo-wordpress\/ -->\n<title>Le photovolta\u00efque en Belgique atteint le cap de 1 kWc par habitant - Renouvelle<\/title>\n<meta name=\"description\" content=\"Energie Commune partage son bilan du photovolta\u00efque en Belgique pour 2024. Un cap symbolique a \u00e9t\u00e9 atteint celui de 1 kWc par habitant.\" \/>\n<meta name=\"robots\" content=\"index, follow, max-snippet:-1, max-image-preview:large, max-video-preview:-1\" \/>\n<link rel=\"canonical\" href=\"https:\/\/www.renouvelle.be\/fr\/le-photovoltaique-en-belgique-atteint-le-cap-de-1-kwc-par-habitant\/\" \/>\n<meta property=\"og:locale\" content=\"fr_FR\" \/>\n<meta property=\"og:type\" content=\"article\" \/>\n<meta property=\"og:title\" content=\"Le photovolta\u00efque en Belgique atteint le cap de 1 kWc par habitant - Renouvelle\" \/>\n<meta property=\"og:description\" content=\"Energie Commune partage son bilan du photovolta\u00efque en Belgique pour 2024. Un cap symbolique a \u00e9t\u00e9 atteint celui de 1 kWc par habitant.\" \/>\n<meta property=\"og:url\" content=\"https:\/\/www.renouvelle.be\/fr\/le-photovoltaique-en-belgique-atteint-le-cap-de-1-kwc-par-habitant\/\" \/>\n<meta property=\"og:site_name\" content=\"Renouvelle\" \/>\n<meta property=\"article:published_time\" content=\"2025-03-11T12:43:40+00:00\" \/>\n<meta property=\"article:modified_time\" content=\"2025-03-11T12:43:42+00:00\" \/>\n<meta property=\"og:image\" content=\"https:\/\/www.renouvelle.be\/wp-content\/uploads\/2025\/03\/AdobeStock_317773570-scaled-e1741683438504.jpeg\" \/>\n\t<meta property=\"og:image:width\" content=\"2560\" \/>\n\t<meta property=\"og:image:height\" content=\"1493\" \/>\n\t<meta property=\"og:image:type\" content=\"image\/jpeg\" \/>\n<meta name=\"author\" content=\"Benjamin WILKIN\" \/>\n<meta name=\"twitter:card\" content=\"summary_large_image\" \/>\n<script type=\"application\/ld+json\" class=\"yoast-schema-graph\">{\"@context\":\"https:\\\/\\\/schema.org\",\"@graph\":[{\"@type\":\"Article\",\"@id\":\"https:\\\/\\\/www.renouvelle.be\\\/fr\\\/le-photovoltaique-en-belgique-atteint-le-cap-de-1-kwc-par-habitant\\\/#article\",\"isPartOf\":{\"@id\":\"https:\\\/\\\/www.renouvelle.be\\\/fr\\\/le-photovoltaique-en-belgique-atteint-le-cap-de-1-kwc-par-habitant\\\/\"},\"author\":{\"name\":\"Benjamin WILKIN\",\"@id\":\"https:\\\/\\\/www.renouvelle.be\\\/fr\\\/#\\\/schema\\\/person\\\/20d41a25c5a48ee6500cc1a14288f058\"},\"headline\":\"Le photovolta\u00efque en Belgique atteint le cap de 1 kWc par habitant\",\"datePublished\":\"2025-03-11T12:43:40+00:00\",\"dateModified\":\"2025-03-11T12:43:42+00:00\",\"mainEntityOfPage\":{\"@id\":\"https:\\\/\\\/www.renouvelle.be\\\/fr\\\/le-photovoltaique-en-belgique-atteint-le-cap-de-1-kwc-par-habitant\\\/\"},\"wordCount\":525,\"image\":{\"@id\":\"https:\\\/\\\/www.renouvelle.be\\\/fr\\\/le-photovoltaique-en-belgique-atteint-le-cap-de-1-kwc-par-habitant\\\/#primaryimage\"},\"thumbnailUrl\":\"https:\\\/\\\/www.renouvelle.be\\\/wp-content\\\/uploads\\\/2025\\\/03\\\/AdobeStock_317773570-scaled-e1741683438504.jpeg\",\"articleSection\":[\"Actualit\u00e9\",\"Actualit\u00e9 en Belgique\"],\"inLanguage\":\"fr-FR\"},{\"@type\":\"WebPage\",\"@id\":\"https:\\\/\\\/www.renouvelle.be\\\/fr\\\/le-photovoltaique-en-belgique-atteint-le-cap-de-1-kwc-par-habitant\\\/\",\"url\":\"https:\\\/\\\/www.renouvelle.be\\\/fr\\\/le-photovoltaique-en-belgique-atteint-le-cap-de-1-kwc-par-habitant\\\/\",\"name\":\"Le photovolta\u00efque en Belgique atteint le cap de 1 kWc par habitant - Renouvelle\",\"isPartOf\":{\"@id\":\"https:\\\/\\\/www.renouvelle.be\\\/fr\\\/#website\"},\"primaryImageOfPage\":{\"@id\":\"https:\\\/\\\/www.renouvelle.be\\\/fr\\\/le-photovoltaique-en-belgique-atteint-le-cap-de-1-kwc-par-habitant\\\/#primaryimage\"},\"image\":{\"@id\":\"https:\\\/\\\/www.renouvelle.be\\\/fr\\\/le-photovoltaique-en-belgique-atteint-le-cap-de-1-kwc-par-habitant\\\/#primaryimage\"},\"thumbnailUrl\":\"https:\\\/\\\/www.renouvelle.be\\\/wp-content\\\/uploads\\\/2025\\\/03\\\/AdobeStock_317773570-scaled-e1741683438504.jpeg\",\"datePublished\":\"2025-03-11T12:43:40+00:00\",\"dateModified\":\"2025-03-11T12:43:42+00:00\",\"author\":{\"@id\":\"https:\\\/\\\/www.renouvelle.be\\\/fr\\\/#\\\/schema\\\/person\\\/20d41a25c5a48ee6500cc1a14288f058\"},\"description\":\"Energie Commune partage son bilan du photovolta\u00efque en Belgique pour 2024. Un cap symbolique a \u00e9t\u00e9 atteint celui de 1 kWc par habitant.\",\"breadcrumb\":{\"@id\":\"https:\\\/\\\/www.renouvelle.be\\\/fr\\\/le-photovoltaique-en-belgique-atteint-le-cap-de-1-kwc-par-habitant\\\/#breadcrumb\"},\"inLanguage\":\"fr-FR\",\"potentialAction\":[{\"@type\":\"ReadAction\",\"target\":[\"https:\\\/\\\/www.renouvelle.be\\\/fr\\\/le-photovoltaique-en-belgique-atteint-le-cap-de-1-kwc-par-habitant\\\/\"]}]},{\"@type\":\"ImageObject\",\"inLanguage\":\"fr-FR\",\"@id\":\"https:\\\/\\\/www.renouvelle.be\\\/fr\\\/le-photovoltaique-en-belgique-atteint-le-cap-de-1-kwc-par-habitant\\\/#primaryimage\",\"url\":\"https:\\\/\\\/www.renouvelle.be\\\/wp-content\\\/uploads\\\/2025\\\/03\\\/AdobeStock_317773570-scaled-e1741683438504.jpeg\",\"contentUrl\":\"https:\\\/\\\/www.renouvelle.be\\\/wp-content\\\/uploads\\\/2025\\\/03\\\/AdobeStock_317773570-scaled-e1741683438504.jpeg\",\"width\":2560,\"height\":1493},{\"@type\":\"BreadcrumbList\",\"@id\":\"https:\\\/\\\/www.renouvelle.be\\\/fr\\\/le-photovoltaique-en-belgique-atteint-le-cap-de-1-kwc-par-habitant\\\/#breadcrumb\",\"itemListElement\":[{\"@type\":\"ListItem\",\"position\":1,\"name\":\"Accueil\",\"item\":\"https:\\\/\\\/www.renouvelle.be\\\/fr\\\/\"},{\"@type\":\"ListItem\",\"position\":2,\"name\":\"Le photovolta\u00efque en Belgique atteint le cap de 1 kWc par habitant\"}]},{\"@type\":\"WebSite\",\"@id\":\"https:\\\/\\\/www.renouvelle.be\\\/fr\\\/#website\",\"url\":\"https:\\\/\\\/www.renouvelle.be\\\/fr\\\/\",\"name\":\"Renouvelle\",\"description\":\"L&#039;actualit\u00e9 de l&#039;\u00e9nergie durable\",\"potentialAction\":[{\"@type\":\"SearchAction\",\"target\":{\"@type\":\"EntryPoint\",\"urlTemplate\":\"https:\\\/\\\/www.renouvelle.be\\\/fr\\\/?s={search_term_string}\"},\"query-input\":{\"@type\":\"PropertyValueSpecification\",\"valueRequired\":true,\"valueName\":\"search_term_string\"}}],\"inLanguage\":\"fr-FR\"},{\"@type\":\"Person\",\"@id\":\"https:\\\/\\\/www.renouvelle.be\\\/fr\\\/#\\\/schema\\\/person\\\/20d41a25c5a48ee6500cc1a14288f058\",\"name\":\"Benjamin WILKIN\",\"url\":\"https:\\\/\\\/www.renouvelle.be\\\/fr\\\/author\\\/benjaminwilkin\\\/\"}]}<\/script>\n<!-- \/ Yoast SEO plugin. -->","yoast_head_json":{"title":"Le photovolta\u00efque en Belgique atteint le cap de 1 kWc par habitant - Renouvelle","description":"Energie Commune partage son bilan du photovolta\u00efque en Belgique pour 2024. Un cap symbolique a \u00e9t\u00e9 atteint celui de 1 kWc par habitant.","robots":{"index":"index","follow":"follow","max-snippet":"max-snippet:-1","max-image-preview":"max-image-preview:large","max-video-preview":"max-video-preview:-1"},"canonical":"https:\/\/www.renouvelle.be\/fr\/le-photovoltaique-en-belgique-atteint-le-cap-de-1-kwc-par-habitant\/","og_locale":"fr_FR","og_type":"article","og_title":"Le photovolta\u00efque en Belgique atteint le cap de 1 kWc par habitant - Renouvelle","og_description":"Energie Commune partage son bilan du photovolta\u00efque en Belgique pour 2024. Un cap symbolique a \u00e9t\u00e9 atteint celui de 1 kWc par habitant.","og_url":"https:\/\/www.renouvelle.be\/fr\/le-photovoltaique-en-belgique-atteint-le-cap-de-1-kwc-par-habitant\/","og_site_name":"Renouvelle","article_published_time":"2025-03-11T12:43:40+00:00","article_modified_time":"2025-03-11T12:43:42+00:00","og_image":[{"width":2560,"height":1493,"url":"https:\/\/www.renouvelle.be\/wp-content\/uploads\/2025\/03\/AdobeStock_317773570-scaled-e1741683438504.jpeg","type":"image\/jpeg"}],"author":"Benjamin WILKIN","twitter_card":"summary_large_image","schema":{"@context":"https:\/\/schema.org","@graph":[{"@type":"Article","@id":"https:\/\/www.renouvelle.be\/fr\/le-photovoltaique-en-belgique-atteint-le-cap-de-1-kwc-par-habitant\/#article","isPartOf":{"@id":"https:\/\/www.renouvelle.be\/fr\/le-photovoltaique-en-belgique-atteint-le-cap-de-1-kwc-par-habitant\/"},"author":{"name":"Benjamin WILKIN","@id":"https:\/\/www.renouvelle.be\/fr\/#\/schema\/person\/20d41a25c5a48ee6500cc1a14288f058"},"headline":"Le photovolta\u00efque en Belgique atteint le cap de 1 kWc par habitant","datePublished":"2025-03-11T12:43:40+00:00","dateModified":"2025-03-11T12:43:42+00:00","mainEntityOfPage":{"@id":"https:\/\/www.renouvelle.be\/fr\/le-photovoltaique-en-belgique-atteint-le-cap-de-1-kwc-par-habitant\/"},"wordCount":525,"image":{"@id":"https:\/\/www.renouvelle.be\/fr\/le-photovoltaique-en-belgique-atteint-le-cap-de-1-kwc-par-habitant\/#primaryimage"},"thumbnailUrl":"https:\/\/www.renouvelle.be\/wp-content\/uploads\/2025\/03\/AdobeStock_317773570-scaled-e1741683438504.jpeg","articleSection":["Actualit\u00e9","Actualit\u00e9 en Belgique"],"inLanguage":"fr-FR"},{"@type":"WebPage","@id":"https:\/\/www.renouvelle.be\/fr\/le-photovoltaique-en-belgique-atteint-le-cap-de-1-kwc-par-habitant\/","url":"https:\/\/www.renouvelle.be\/fr\/le-photovoltaique-en-belgique-atteint-le-cap-de-1-kwc-par-habitant\/","name":"Le photovolta\u00efque en Belgique atteint le cap de 1 kWc par habitant - Renouvelle","isPartOf":{"@id":"https:\/\/www.renouvelle.be\/fr\/#website"},"primaryImageOfPage":{"@id":"https:\/\/www.renouvelle.be\/fr\/le-photovoltaique-en-belgique-atteint-le-cap-de-1-kwc-par-habitant\/#primaryimage"},"image":{"@id":"https:\/\/www.renouvelle.be\/fr\/le-photovoltaique-en-belgique-atteint-le-cap-de-1-kwc-par-habitant\/#primaryimage"},"thumbnailUrl":"https:\/\/www.renouvelle.be\/wp-content\/uploads\/2025\/03\/AdobeStock_317773570-scaled-e1741683438504.jpeg","datePublished":"2025-03-11T12:43:40+00:00","dateModified":"2025-03-11T12:43:42+00:00","author":{"@id":"https:\/\/www.renouvelle.be\/fr\/#\/schema\/person\/20d41a25c5a48ee6500cc1a14288f058"},"description":"Energie Commune partage son bilan du photovolta\u00efque en Belgique pour 2024. Un cap symbolique a \u00e9t\u00e9 atteint celui de 1 kWc par habitant.","breadcrumb":{"@id":"https:\/\/www.renouvelle.be\/fr\/le-photovoltaique-en-belgique-atteint-le-cap-de-1-kwc-par-habitant\/#breadcrumb"},"inLanguage":"fr-FR","potentialAction":[{"@type":"ReadAction","target":["https:\/\/www.renouvelle.be\/fr\/le-photovoltaique-en-belgique-atteint-le-cap-de-1-kwc-par-habitant\/"]}]},{"@type":"ImageObject","inLanguage":"fr-FR","@id":"https:\/\/www.renouvelle.be\/fr\/le-photovoltaique-en-belgique-atteint-le-cap-de-1-kwc-par-habitant\/#primaryimage","url":"https:\/\/www.renouvelle.be\/wp-content\/uploads\/2025\/03\/AdobeStock_317773570-scaled-e1741683438504.jpeg","contentUrl":"https:\/\/www.renouvelle.be\/wp-content\/uploads\/2025\/03\/AdobeStock_317773570-scaled-e1741683438504.jpeg","width":2560,"height":1493},{"@type":"BreadcrumbList","@id":"https:\/\/www.renouvelle.be\/fr\/le-photovoltaique-en-belgique-atteint-le-cap-de-1-kwc-par-habitant\/#breadcrumb","itemListElement":[{"@type":"ListItem","position":1,"name":"Accueil","item":"https:\/\/www.renouvelle.be\/fr\/"},{"@type":"ListItem","position":2,"name":"Le photovolta\u00efque en Belgique atteint le cap de 1 kWc par habitant"}]},{"@type":"WebSite","@id":"https:\/\/www.renouvelle.be\/fr\/#website","url":"https:\/\/www.renouvelle.be\/fr\/","name":"Renouvelle","description":"L&#039;actualit\u00e9 de l&#039;\u00e9nergie durable","potentialAction":[{"@type":"SearchAction","target":{"@type":"EntryPoint","urlTemplate":"https:\/\/www.renouvelle.be\/fr\/?s={search_term_string}"},"query-input":{"@type":"PropertyValueSpecification","valueRequired":true,"valueName":"search_term_string"}}],"inLanguage":"fr-FR"},{"@type":"Person","@id":"https:\/\/www.renouvelle.be\/fr\/#\/schema\/person\/20d41a25c5a48ee6500cc1a14288f058","name":"Benjamin WILKIN","url":"https:\/\/www.renouvelle.be\/fr\/author\/benjaminwilkin\/"}]}},"_links":{"self":[{"href":"https:\/\/www.renouvelle.be\/fr\/wp-json\/wp\/v2\/posts\/14798","targetHints":{"allow":["GET"]}}],"collection":[{"href":"https:\/\/www.renouvelle.be\/fr\/wp-json\/wp\/v2\/posts"}],"about":[{"href":"https:\/\/www.renouvelle.be\/fr\/wp-json\/wp\/v2\/types\/post"}],"author":[{"embeddable":true,"href":"https:\/\/www.renouvelle.be\/fr\/wp-json\/wp\/v2\/users\/17"}],"replies":[{"embeddable":true,"href":"https:\/\/www.renouvelle.be\/fr\/wp-json\/wp\/v2\/comments?post=14798"}],"version-history":[{"count":10,"href":"https:\/\/www.renouvelle.be\/fr\/wp-json\/wp\/v2\/posts\/14798\/revisions"}],"predecessor-version":[{"id":14815,"href":"https:\/\/www.renouvelle.be\/fr\/wp-json\/wp\/v2\/posts\/14798\/revisions\/14815"}],"wp:featuredmedia":[{"embeddable":true,"href":"https:\/\/www.renouvelle.be\/fr\/wp-json\/wp\/v2\/media\/14809"}],"wp:attachment":[{"href":"https:\/\/www.renouvelle.be\/fr\/wp-json\/wp\/v2\/media?parent=14798"}],"wp:term":[{"taxonomy":"category","embeddable":true,"href":"https:\/\/www.renouvelle.be\/fr\/wp-json\/wp\/v2\/categories?post=14798"},{"taxonomy":"post_tag","embeddable":true,"href":"https:\/\/www.renouvelle.be\/fr\/wp-json\/wp\/v2\/tags?post=14798"},{"taxonomy":"section","embeddable":true,"href":"https:\/\/www.renouvelle.be\/fr\/wp-json\/wp\/v2\/section?post=14798"}],"curies":[{"name":"wp","href":"https:\/\/api.w.org\/{rel}","templated":true}]}}