{"id":14785,"date":"2025-03-25T10:15:15","date_gmt":"2025-03-25T09:15:15","guid":{"rendered":"https:\/\/www.renouvelle.be\/?p=14785"},"modified":"2025-03-25T10:15:18","modified_gmt":"2025-03-25T09:15:18","slug":"lenergie-et-le-climat-ca-passe-aussi-par-lechelon-local","status":"publish","type":"post","link":"https:\/\/www.renouvelle.be\/fr\/lenergie-et-le-climat-ca-passe-aussi-par-lechelon-local\/","title":{"rendered":"L\u2019\u00e9nergie et le climat\u00a0: \u00e7a passe aussi par l\u2019\u00e9chelon local\u00a0!"},"content":{"rendered":"\n<p>Face aux actualit\u00e9s g\u00e9opolitiques et \u00e9conomiques qui tombent chaque jour, en Belgique et \u00e0 l\u2019\u00e9tranger, on est en droit de se sentir, parfois, sid\u00e9r\u00e9.<\/p>\n\n\n\n<p>Noy\u00e9s dans ce flux constant d\u2019informations, les alertes des scientifiques sur l\u2019urgence environnementale ont eu tendance \u00e0 \u00eatre \u00e9clips\u00e9es. Selon l\u2019Emissions Gap Report 2024 des Nations Unies, avec les politiques actuelles, il y a deux chances sur trois que le r\u00e9chauffement mondial d\u00e9passe les 3,1\u00b0C. Or, \u00e0 ce niveau, la Belgique pourrait se r\u00e9chauffer de plus de 4\u00b0C.<\/p>\n\n\n\n<p>Ces chiffres donnent le tournis. \u00c0 force de voir les choses au niveau global, on perd autant en compr\u00e9hension qu\u2019en capacit\u00e9 d\u2019action. On per\u00e7oit le danger, mais beaucoup moins les solutions&nbsp;! Et si on changeait d\u2019\u00e9chelle ? Plut\u00f4t que de concentrer notre \u00e9nergie sur ce qui nous \u00e9chappe, nous pourrions plut\u00f4t l\u2019investir l\u00e0 o\u00f9 elle peut r\u00e9ellement peser : dans nos territoires, nos communes, nos quartiers.<\/p>\n\n\n\n<p>Le local, parent pauvre de l\u2019attention public et m\u00e9diatique, est pourtant le<strong> niveau d\u2019action le plus concret et le plus puissant<\/strong>. Certes, une commune ne bouleversera pas seule la courbe des \u00e9missions mondiales. Mais elle peut transformer le quotidien de ses habitants, organiser la r\u00e9silience face aux crises climatiques, et inspirer d\u2019autres territoires. <strong>C\u2019est \u00e0 cette \u00e9chelle que se joue l\u2019adaptation et que se construit la transition, avec des choix concrets sur le logement, la mobilit\u00e9, l\u2019alimentation, la solidarit\u00e9, notre rapport \u00e0 la nature\u2026<\/strong><strong><\/strong><\/p>\n\n\n\n<p>Mais rien de tout cela ne se fera sans l\u2019implication active des citoyens. Il est donc grand temps de muscler ce rez-de-chauss\u00e9e de la transition et de la d\u00e9mocratie : comit\u00e9s de quartier, groupes de voisins, communs, initiatives citoyennes, coop\u00e9ratives, associations, luttes locales, \u2026 Les alternatives existent, elles n\u2019attendent qu\u2019\u00e0 monter en puissance, et de nombreux collectifs ont besoin de renforts !<\/p>\n\n\n\n<p>Sans nier l\u2019importance de voir grand, nous vous proposons 3 mani\u00e8res de commencer petit pour vous impliquer localement dans la transition&nbsp;!<\/p>\n\n\n\n<figure class=\"wp-block-image size-large\"><img loading=\"lazy\" decoding=\"async\" width=\"1024\" height=\"582\" src=\"https:\/\/www.renouvelle.be\/wp-content\/uploads\/2025\/03\/AdobeStock_548182772-scaled-e1741275775840-1024x582.jpeg\" alt=\"\" class=\"wp-image-14794\" srcset=\"https:\/\/www.renouvelle.be\/wp-content\/uploads\/2025\/03\/AdobeStock_548182772-scaled-e1741275775840-1024x582.jpeg 1024w, https:\/\/www.renouvelle.be\/wp-content\/uploads\/2025\/03\/AdobeStock_548182772-scaled-e1741275775840-300x171.jpeg 300w, https:\/\/www.renouvelle.be\/wp-content\/uploads\/2025\/03\/AdobeStock_548182772-scaled-e1741275775840-768x437.jpeg 768w, https:\/\/www.renouvelle.be\/wp-content\/uploads\/2025\/03\/AdobeStock_548182772-scaled-e1741275775840-1536x873.jpeg 1536w, https:\/\/www.renouvelle.be\/wp-content\/uploads\/2025\/03\/AdobeStock_548182772-scaled-e1741275775840-2048x1164.jpeg 2048w, https:\/\/www.renouvelle.be\/wp-content\/uploads\/2025\/03\/AdobeStock_548182772-scaled-e1741275775840-1200x682.jpeg 1200w\" sizes=\"auto, (max-width: 1024px) 100vw, 1024px\" \/><\/figure>\n\n\n\n<h2 class=\"wp-block-heading\"><strong>Interpellez vos \u00e9lus<\/strong><\/h2>\n\n\n\n<ol class=\"wp-block-list\">\n<li><\/li>\n<\/ol>\n\n\n\n<p>On l\u2019ignore souvent, mais chaque habitant peut interpeller directement le coll\u00e8ge communal lors des s\u00e9ances publiques du conseil. Pourtant, ce droit est tr\u00e8s peu utilis\u00e9. Bien qu\u2019une r\u00e9ponse ou action imm\u00e9diate ne sont pas garanties, cet outil a l\u2019avantage d\u2019\u00eatre simple d\u2019acc\u00e8s et de vous donner une voix dans le d\u00e9bat public.<\/p>\n\n\n\n<p>Le collectif Occupons le terrain a d\u2019ailleurs r\u00e9alis\u00e9 une <a href=\"https:\/\/occuponsleterrain.be\/wp-content\/uploads\/2021\/02\/fiche-2-interpeller.pdf\" target=\"_blank\" rel=\"noreferrer noopener\">fiche pratique pour vous guider dans cette d\u00e9marche&nbsp;<\/a>.<\/p>\n\n\n\n<h2 class=\"wp-block-heading\"><strong>Impliquez-vous dans un processus participatif local &nbsp;<\/strong><\/h2>\n\n\n\n<p>Budget participatif, commission locale de d\u00e9veloppement rural, comit\u00e9 de pilotage du plan \u00e9nergie-climat\u2026 Les processus participatifs ne manquent pas \u00e0 l\u2019\u00e9chelle communale. Ils sont loin d\u2019\u00eatre parfaits, mais ils ont le m\u00e9rite d\u2019exister et d\u2019initier une nouvelle culture de la participation citoyenne.<\/p>\n\n\n\n<p>Pourquoi s\u2019y investir ?<\/p>\n\n\n\n<ul class=\"wp-block-list\">\n<li>C\u2019est au niveau communal que la confiance envers les institutions est la plus forte.<\/li>\n\n\n\n<li>Les citoyens veulent s\u2019impliquer ! <a href=\"https:\/\/www.rtbf.be\/article\/sondage-rtbf-la-libre-bye-bye-la-democratie-un-belge-sur-quatre-donnerait-le-pouvoir-a-un-leader-unique-11100798\" target=\"_blank\" rel=\"noreferrer noopener\">Un sondage RTBF\/La Libre<\/a> montre que 60% des Wallons sont pr\u00eats \u00e0 s\u2019investir dans la gestion communale\u2026 \u00e0 condition qu\u2019on leur en donne les moyens.<\/li>\n\n\n\n<li>A cet \u00e9gard, la R\u00e9gion wallonne teste actuellement 20 comit\u00e9s de pilotage \u00e9nergie-climat dans des communes pilotes. Leur objectif ? Associer citoyens, associations et \u00e9lus pour coconstruire des plans climats locaux, r\u00e9duire les \u00e9missions, s\u2019adapter aux crises climatiques et am\u00e9liorer la qualit\u00e9 de vie.<\/li>\n\n\n\n<li>Envie de vous lancer ? Consultez le site de votre commune pour voir quelles commissions consultatives existent pr\u00e8s de chez vous.<\/li>\n<\/ul>\n\n\n\n<h2 class=\"wp-block-heading\"><strong>Rejoignez une association ou un collectif pr\u00e8s de chez vous<\/strong><\/h2>\n\n\n\n<p>La vraie d\u00e9mocratie ne se joue pas uniquement dans les urnes, elle se construit chaque jour, quand chacun met son \u00e9nergie au service du bien commun. Alors, commencez petit :<\/p>\n\n\n\n<ul class=\"wp-block-list\">\n<li>Promenez-vous dans votre commune et rep\u00e9rez ce qui pourrait \u00eatre am\u00e9lior\u00e9.<\/li>\n\n\n\n<li>Discutez avec vos voisins, soutenez les projets locaux.<\/li>\n\n\n\n<li>Engagez-vous sur les enjeux qui comptent pour vous : mobilit\u00e9, logement, climat, justice sociale\u2026<\/li>\n<\/ul>\n\n\n\n<p>Aujourd\u2019hui, la soci\u00e9t\u00e9 civile a d\u00fb prendre le pas sur l\u2019Etat, dans bien des domaines, \u00e0 travers des associations qui assurent l\u2019acc\u00e8s au logement, l\u2019aide alimentaire, la lutte contre les discriminations, la transition \u00e9cologique\u2026 Mais elles manquent cruellement de bras !<\/p>\n\n\n\n<p>Trouvez une cause qui vous tient \u00e0 c\u0153ur et proposez votre aide. Toute contribution, m\u00eame minime, fait la diff\u00e9rence. Voici quelques ressources pour identifier les initiatives locales :<\/p>\n\n\n\n<ul class=\"wp-block-list\">\n<li>Collectif 5C&nbsp;: <a href=\"https:\/\/www.collectif5c.be\/\" target=\"_blank\" rel=\"noreferrer noopener\">https:\/\/www.collectif5c.be\/<\/a><\/li>\n\n\n\n<li>RCR&nbsp;: <a href=\"https:\/\/asblrcr.be\/cartographie\/\" target=\"_blank\" rel=\"noreferrer noopener\">https:\/\/asblrcr.be\/cartographie\/<\/a><\/li>\n\n\n\n<li>R\u00e9seau transition&nbsp;: <a href=\"https:\/\/www.reseautransition.be\/les-initiatives\/\">https:\/\/www.res<\/a><a href=\"https:\/\/www.reseautransition.be\/les-initiatives\/\" target=\"_blank\" rel=\"noreferrer noopener\">e<\/a><a href=\"https:\/\/www.reseautransition.be\/les-initiatives\/\">autransition.be\/les-initiatives\/<\/a><\/li>\n\n\n\n<li>Alternatives et projets locaux qui contribuent \u00e0 la transition \u00e9cologique et sociale : <a href=\"https:\/\/lacartedestransitions.gogocarto.fr\/map#\/carte\/@50.42,4.32,9z?cat=all\" target=\"_blank\" rel=\"noreferrer noopener\">La carte des transitions &#8211; Carte des acteurs<\/a><\/li>\n<\/ul>\n\n\n\n<h2 class=\"wp-block-heading\"><strong>Et si on atteignait un point de bascule ?<\/strong><\/h2>\n\n\n\n<p>On parle souvent des points de bascule climatiques, ces seuils critiques au-del\u00e0 desquels le syst\u00e8me Terre s\u2019emballe. Mais connaissez-vous les points de bascule sociaux ? Des \u00e9tudes montrent qu\u2019il suffit que 10% de la population adh\u00e8re \u00e0 une nouvelle norme pour qu\u2019elle devienne majoritaire.<\/p>\n\n\n\n<p>Mais attention : pour que les initiatives citoyennes tiennent dans la dur\u00e9e, elles doivent nouer des alliances, notamment avec le pouvoir public. C\u2019est ce qui ressort d\u2019une \u00e9tude men\u00e9e par Michel Bauwens \u00e0 Gand. Il d\u00e9montre que beaucoup d\u2019initiatives s\u2019essoufflent apr\u00e8s 2 ou 3 ans faute de soutien. Ce qui fonctionne, ce sont les alliances entre citoyens, communes et acteurs priv\u00e9s.<\/p>\n\n\n\n<p>C\u2019est l\u00e0 que l\u2019interpellation communale et la participation aux commissions prennent tout leur sens pour relayer vos demandes ! La commune a tout \u00e0 gagner \u00e0 encourager ces dynamiques, en soutenant des habitants qui deviennent aussi des acteurs du changement.<\/p>\n\n\n\n<p><strong>Alors, vous commencez quand ?<\/strong><\/p>\n","protected":false},"excerpt":{"rendered":"<p>Face aux actualit\u00e9s g\u00e9opolitiques et \u00e9conomiques qui tombent chaque jour, en Belgique et \u00e0 l\u2019\u00e9tranger, on est en droit de se sentir, parfois, sid\u00e9r\u00e9. Noy\u00e9s dans ce flux constant d\u2019informations, les alertes des scientifiques sur l\u2019urgence environnementale ont eu tendance \u00e0 \u00eatre \u00e9clips\u00e9es. Selon l\u2019Emissions Gap Report 2024 des Nations Unies, avec les politiques actuelles, il y a deux chances sur trois que le r\u00e9chauffement mondial d\u00e9passe les 3,1\u00b0C. Or, \u00e0 ce niveau, la Belgique pourrait se r\u00e9chauffer de plus de 4\u00b0C. Ces chiffres donnent le tournis. \u00c0 force de voir les choses au niveau global, on perd autant en compr\u00e9hension qu\u2019en capacit\u00e9 d\u2019action. On per\u00e7oit le danger, mais beaucoup moins les solutions&nbsp;! Et si on changeait d\u2019\u00e9chelle ? Plut\u00f4t que de concentrer notre \u00e9nergie sur ce qui nous \u00e9chappe, nous pourrions plut\u00f4t l\u2019investir l\u00e0 o\u00f9 elle peut r\u00e9ellement peser : dans nos territoires, nos communes, nos quartiers. Le local, parent pauvre de l\u2019attention public et m\u00e9diatique, est pourtant le niveau d\u2019action le plus concret et le plus puissant. Certes, une commune ne bouleversera pas seule la courbe des \u00e9missions mondiales. Mais elle peut transformer le quotidien de ses habitants, organiser la r\u00e9silience face aux crises climatiques, et inspirer d\u2019autres territoires. C\u2019est \u00e0 cette \u00e9chelle que se joue l\u2019adaptation et que se construit la transition, avec des choix concrets sur le logement, la mobilit\u00e9, l\u2019alimentation, la solidarit\u00e9, notre rapport \u00e0 la nature\u2026 Mais rien de tout cela ne se fera sans l\u2019implication active des citoyens. Il est donc grand temps de muscler ce rez-de-chauss\u00e9e de la transition et de la d\u00e9mocratie : comit\u00e9s de quartier, groupes de voisins, communs, initiatives citoyennes, coop\u00e9ratives, associations, luttes locales, \u2026 Les alternatives existent, elles n\u2019attendent qu\u2019\u00e0 monter en puissance, et de nombreux collectifs ont &hellip; <a href=\"https:\/\/www.renouvelle.be\/fr\/lenergie-et-le-climat-ca-passe-aussi-par-lechelon-local\/\" class=\"more-link\">Continue reading<span class=\"screen-reader-text\"> \u00ab\u00a0L\u2019\u00e9nergie et le climat\u00a0: \u00e7a passe aussi par l\u2019\u00e9chelon local\u00a0!\u00a0\u00bb<\/span><\/a><\/p>\n","protected":false},"author":39,"featured_media":14791,"comment_status":"closed","ping_status":"closed","sticky":false,"template":"","format":"standard","meta":{"_acf_changed":false,"footnotes":""},"categories":[16,17],"tags":[],"section":[8],"class_list":["post-14785","post","type-post","status-publish","format-standard","has-post-thumbnail","hentry","category-actualite","category-actualite-en-belgique","section-energie-renouvelables"],"acf":[],"yoast_head":"<!-- This site is optimized with the Yoast SEO plugin v27.5 - https:\/\/yoast.com\/product\/yoast-seo-wordpress\/ -->\n<title>L\u2019\u00e9nergie et le climat\u00a0: \u00e7a passe aussi par l\u2019\u00e9chelon local\u00a0! - Renouvelle<\/title>\n<meta name=\"robots\" content=\"index, follow, max-snippet:-1, max-image-preview:large, max-video-preview:-1\" \/>\n<link rel=\"canonical\" href=\"https:\/\/www.renouvelle.be\/fr\/lenergie-et-le-climat-ca-passe-aussi-par-lechelon-local\/\" \/>\n<meta property=\"og:locale\" content=\"fr_FR\" \/>\n<meta property=\"og:type\" content=\"article\" \/>\n<meta property=\"og:title\" content=\"L\u2019\u00e9nergie et le climat\u00a0: \u00e7a passe aussi par l\u2019\u00e9chelon local\u00a0! - Renouvelle\" \/>\n<meta property=\"og:description\" content=\"Face aux actualit\u00e9s g\u00e9opolitiques et \u00e9conomiques qui tombent chaque jour, en Belgique et \u00e0 l\u2019\u00e9tranger, on est en droit de se sentir, parfois, sid\u00e9r\u00e9. Noy\u00e9s dans ce flux constant d\u2019informations, les alertes des scientifiques sur l\u2019urgence environnementale ont eu tendance \u00e0 \u00eatre \u00e9clips\u00e9es. Selon l\u2019Emissions Gap Report 2024 des Nations Unies, avec les politiques actuelles, il y a deux chances sur trois que le r\u00e9chauffement mondial d\u00e9passe les 3,1\u00b0C. Or, \u00e0 ce niveau, la Belgique pourrait se r\u00e9chauffer de plus de 4\u00b0C. Ces chiffres donnent le tournis. \u00c0 force de voir les choses au niveau global, on perd autant en compr\u00e9hension qu\u2019en capacit\u00e9 d\u2019action. On per\u00e7oit le danger, mais beaucoup moins les solutions&nbsp;! Et si on changeait d\u2019\u00e9chelle ? Plut\u00f4t que de concentrer notre \u00e9nergie sur ce qui nous \u00e9chappe, nous pourrions plut\u00f4t l\u2019investir l\u00e0 o\u00f9 elle peut r\u00e9ellement peser : dans nos territoires, nos communes, nos quartiers. Le local, parent pauvre de l\u2019attention public et m\u00e9diatique, est pourtant le niveau d\u2019action le plus concret et le plus puissant. Certes, une commune ne bouleversera pas seule la courbe des \u00e9missions mondiales. Mais elle peut transformer le quotidien de ses habitants, organiser la r\u00e9silience face aux crises climatiques, et inspirer d\u2019autres territoires. C\u2019est \u00e0 cette \u00e9chelle que se joue l\u2019adaptation et que se construit la transition, avec des choix concrets sur le logement, la mobilit\u00e9, l\u2019alimentation, la solidarit\u00e9, notre rapport \u00e0 la nature\u2026 Mais rien de tout cela ne se fera sans l\u2019implication active des citoyens. Il est donc grand temps de muscler ce rez-de-chauss\u00e9e de la transition et de la d\u00e9mocratie : comit\u00e9s de quartier, groupes de voisins, communs, initiatives citoyennes, coop\u00e9ratives, associations, luttes locales, \u2026 Les alternatives existent, elles n\u2019attendent qu\u2019\u00e0 monter en puissance, et de nombreux collectifs ont &hellip; Continue reading &quot;L\u2019\u00e9nergie et le climat\u00a0: \u00e7a passe aussi par l\u2019\u00e9chelon local\u00a0!&quot;\" \/>\n<meta property=\"og:url\" content=\"https:\/\/www.renouvelle.be\/fr\/lenergie-et-le-climat-ca-passe-aussi-par-lechelon-local\/\" \/>\n<meta property=\"og:site_name\" content=\"Renouvelle\" \/>\n<meta property=\"article:published_time\" content=\"2025-03-25T09:15:15+00:00\" \/>\n<meta property=\"article:modified_time\" content=\"2025-03-25T09:15:18+00:00\" \/>\n<meta property=\"og:image\" content=\"https:\/\/www.renouvelle.be\/wp-content\/uploads\/2025\/03\/AdobeStock_349822845-scaled-e1741274636374.jpeg\" \/>\n\t<meta property=\"og:image:width\" content=\"2560\" \/>\n\t<meta property=\"og:image:height\" content=\"1643\" \/>\n\t<meta property=\"og:image:type\" content=\"image\/jpeg\" \/>\n<meta name=\"author\" content=\"Nicolas Hubert\" \/>\n<meta name=\"twitter:card\" content=\"summary_large_image\" \/>\n<script type=\"application\/ld+json\" class=\"yoast-schema-graph\">{\"@context\":\"https:\\\/\\\/schema.org\",\"@graph\":[{\"@type\":\"Article\",\"@id\":\"https:\\\/\\\/www.renouvelle.be\\\/fr\\\/lenergie-et-le-climat-ca-passe-aussi-par-lechelon-local\\\/#article\",\"isPartOf\":{\"@id\":\"https:\\\/\\\/www.renouvelle.be\\\/fr\\\/lenergie-et-le-climat-ca-passe-aussi-par-lechelon-local\\\/\"},\"author\":{\"name\":\"Nicolas Hubert\",\"@id\":\"https:\\\/\\\/www.renouvelle.be\\\/fr\\\/#\\\/schema\\\/person\\\/2f8776071d07c029365db2eee4a0d3cf\"},\"headline\":\"L\u2019\u00e9nergie et le climat\u00a0: \u00e7a passe aussi par l\u2019\u00e9chelon local\u00a0!\",\"datePublished\":\"2025-03-25T09:15:15+00:00\",\"dateModified\":\"2025-03-25T09:15:18+00:00\",\"mainEntityOfPage\":{\"@id\":\"https:\\\/\\\/www.renouvelle.be\\\/fr\\\/lenergie-et-le-climat-ca-passe-aussi-par-lechelon-local\\\/\"},\"wordCount\":969,\"image\":{\"@id\":\"https:\\\/\\\/www.renouvelle.be\\\/fr\\\/lenergie-et-le-climat-ca-passe-aussi-par-lechelon-local\\\/#primaryimage\"},\"thumbnailUrl\":\"https:\\\/\\\/www.renouvelle.be\\\/wp-content\\\/uploads\\\/2025\\\/03\\\/AdobeStock_349822845-scaled-e1741274636374.jpeg\",\"articleSection\":[\"Actualit\u00e9\",\"Actualit\u00e9 en Belgique\"],\"inLanguage\":\"fr-FR\"},{\"@type\":\"WebPage\",\"@id\":\"https:\\\/\\\/www.renouvelle.be\\\/fr\\\/lenergie-et-le-climat-ca-passe-aussi-par-lechelon-local\\\/\",\"url\":\"https:\\\/\\\/www.renouvelle.be\\\/fr\\\/lenergie-et-le-climat-ca-passe-aussi-par-lechelon-local\\\/\",\"name\":\"L\u2019\u00e9nergie et le climat\u00a0: \u00e7a passe aussi par l\u2019\u00e9chelon local\u00a0! - Renouvelle\",\"isPartOf\":{\"@id\":\"https:\\\/\\\/www.renouvelle.be\\\/fr\\\/#website\"},\"primaryImageOfPage\":{\"@id\":\"https:\\\/\\\/www.renouvelle.be\\\/fr\\\/lenergie-et-le-climat-ca-passe-aussi-par-lechelon-local\\\/#primaryimage\"},\"image\":{\"@id\":\"https:\\\/\\\/www.renouvelle.be\\\/fr\\\/lenergie-et-le-climat-ca-passe-aussi-par-lechelon-local\\\/#primaryimage\"},\"thumbnailUrl\":\"https:\\\/\\\/www.renouvelle.be\\\/wp-content\\\/uploads\\\/2025\\\/03\\\/AdobeStock_349822845-scaled-e1741274636374.jpeg\",\"datePublished\":\"2025-03-25T09:15:15+00:00\",\"dateModified\":\"2025-03-25T09:15:18+00:00\",\"author\":{\"@id\":\"https:\\\/\\\/www.renouvelle.be\\\/fr\\\/#\\\/schema\\\/person\\\/2f8776071d07c029365db2eee4a0d3cf\"},\"breadcrumb\":{\"@id\":\"https:\\\/\\\/www.renouvelle.be\\\/fr\\\/lenergie-et-le-climat-ca-passe-aussi-par-lechelon-local\\\/#breadcrumb\"},\"inLanguage\":\"fr-FR\",\"potentialAction\":[{\"@type\":\"ReadAction\",\"target\":[\"https:\\\/\\\/www.renouvelle.be\\\/fr\\\/lenergie-et-le-climat-ca-passe-aussi-par-lechelon-local\\\/\"]}]},{\"@type\":\"ImageObject\",\"inLanguage\":\"fr-FR\",\"@id\":\"https:\\\/\\\/www.renouvelle.be\\\/fr\\\/lenergie-et-le-climat-ca-passe-aussi-par-lechelon-local\\\/#primaryimage\",\"url\":\"https:\\\/\\\/www.renouvelle.be\\\/wp-content\\\/uploads\\\/2025\\\/03\\\/AdobeStock_349822845-scaled-e1741274636374.jpeg\",\"contentUrl\":\"https:\\\/\\\/www.renouvelle.be\\\/wp-content\\\/uploads\\\/2025\\\/03\\\/AdobeStock_349822845-scaled-e1741274636374.jpeg\",\"width\":2560,\"height\":1643},{\"@type\":\"BreadcrumbList\",\"@id\":\"https:\\\/\\\/www.renouvelle.be\\\/fr\\\/lenergie-et-le-climat-ca-passe-aussi-par-lechelon-local\\\/#breadcrumb\",\"itemListElement\":[{\"@type\":\"ListItem\",\"position\":1,\"name\":\"Accueil\",\"item\":\"https:\\\/\\\/www.renouvelle.be\\\/fr\\\/\"},{\"@type\":\"ListItem\",\"position\":2,\"name\":\"L\u2019\u00e9nergie et le climat\u00a0: \u00e7a passe aussi par l\u2019\u00e9chelon local\u00a0!\"}]},{\"@type\":\"WebSite\",\"@id\":\"https:\\\/\\\/www.renouvelle.be\\\/fr\\\/#website\",\"url\":\"https:\\\/\\\/www.renouvelle.be\\\/fr\\\/\",\"name\":\"Renouvelle\",\"description\":\"L&#039;actualit\u00e9 de l&#039;\u00e9nergie durable\",\"potentialAction\":[{\"@type\":\"SearchAction\",\"target\":{\"@type\":\"EntryPoint\",\"urlTemplate\":\"https:\\\/\\\/www.renouvelle.be\\\/fr\\\/?s={search_term_string}\"},\"query-input\":{\"@type\":\"PropertyValueSpecification\",\"valueRequired\":true,\"valueName\":\"search_term_string\"}}],\"inLanguage\":\"fr-FR\"},{\"@type\":\"Person\",\"@id\":\"https:\\\/\\\/www.renouvelle.be\\\/fr\\\/#\\\/schema\\\/person\\\/2f8776071d07c029365db2eee4a0d3cf\",\"name\":\"Nicolas Hubert\",\"url\":\"https:\\\/\\\/www.renouvelle.be\\\/fr\\\/author\\\/nhubert\\\/\"}]}<\/script>\n<!-- \/ Yoast SEO plugin. -->","yoast_head_json":{"title":"L\u2019\u00e9nergie et le climat\u00a0: \u00e7a passe aussi par l\u2019\u00e9chelon local\u00a0! - Renouvelle","robots":{"index":"index","follow":"follow","max-snippet":"max-snippet:-1","max-image-preview":"max-image-preview:large","max-video-preview":"max-video-preview:-1"},"canonical":"https:\/\/www.renouvelle.be\/fr\/lenergie-et-le-climat-ca-passe-aussi-par-lechelon-local\/","og_locale":"fr_FR","og_type":"article","og_title":"L\u2019\u00e9nergie et le climat\u00a0: \u00e7a passe aussi par l\u2019\u00e9chelon local\u00a0! - Renouvelle","og_description":"Face aux actualit\u00e9s g\u00e9opolitiques et \u00e9conomiques qui tombent chaque jour, en Belgique et \u00e0 l\u2019\u00e9tranger, on est en droit de se sentir, parfois, sid\u00e9r\u00e9. Noy\u00e9s dans ce flux constant d\u2019informations, les alertes des scientifiques sur l\u2019urgence environnementale ont eu tendance \u00e0 \u00eatre \u00e9clips\u00e9es. Selon l\u2019Emissions Gap Report 2024 des Nations Unies, avec les politiques actuelles, il y a deux chances sur trois que le r\u00e9chauffement mondial d\u00e9passe les 3,1\u00b0C. Or, \u00e0 ce niveau, la Belgique pourrait se r\u00e9chauffer de plus de 4\u00b0C. Ces chiffres donnent le tournis. \u00c0 force de voir les choses au niveau global, on perd autant en compr\u00e9hension qu\u2019en capacit\u00e9 d\u2019action. On per\u00e7oit le danger, mais beaucoup moins les solutions&nbsp;! Et si on changeait d\u2019\u00e9chelle ? Plut\u00f4t que de concentrer notre \u00e9nergie sur ce qui nous \u00e9chappe, nous pourrions plut\u00f4t l\u2019investir l\u00e0 o\u00f9 elle peut r\u00e9ellement peser : dans nos territoires, nos communes, nos quartiers. Le local, parent pauvre de l\u2019attention public et m\u00e9diatique, est pourtant le niveau d\u2019action le plus concret et le plus puissant. Certes, une commune ne bouleversera pas seule la courbe des \u00e9missions mondiales. Mais elle peut transformer le quotidien de ses habitants, organiser la r\u00e9silience face aux crises climatiques, et inspirer d\u2019autres territoires. C\u2019est \u00e0 cette \u00e9chelle que se joue l\u2019adaptation et que se construit la transition, avec des choix concrets sur le logement, la mobilit\u00e9, l\u2019alimentation, la solidarit\u00e9, notre rapport \u00e0 la nature\u2026 Mais rien de tout cela ne se fera sans l\u2019implication active des citoyens. Il est donc grand temps de muscler ce rez-de-chauss\u00e9e de la transition et de la d\u00e9mocratie : comit\u00e9s de quartier, groupes de voisins, communs, initiatives citoyennes, coop\u00e9ratives, associations, luttes locales, \u2026 Les alternatives existent, elles n\u2019attendent qu\u2019\u00e0 monter en puissance, et de nombreux collectifs ont &hellip; Continue reading \"L\u2019\u00e9nergie et le climat\u00a0: \u00e7a passe aussi par l\u2019\u00e9chelon local\u00a0!\"","og_url":"https:\/\/www.renouvelle.be\/fr\/lenergie-et-le-climat-ca-passe-aussi-par-lechelon-local\/","og_site_name":"Renouvelle","article_published_time":"2025-03-25T09:15:15+00:00","article_modified_time":"2025-03-25T09:15:18+00:00","og_image":[{"width":2560,"height":1643,"url":"https:\/\/www.renouvelle.be\/wp-content\/uploads\/2025\/03\/AdobeStock_349822845-scaled-e1741274636374.jpeg","type":"image\/jpeg"}],"author":"Nicolas Hubert","twitter_card":"summary_large_image","schema":{"@context":"https:\/\/schema.org","@graph":[{"@type":"Article","@id":"https:\/\/www.renouvelle.be\/fr\/lenergie-et-le-climat-ca-passe-aussi-par-lechelon-local\/#article","isPartOf":{"@id":"https:\/\/www.renouvelle.be\/fr\/lenergie-et-le-climat-ca-passe-aussi-par-lechelon-local\/"},"author":{"name":"Nicolas Hubert","@id":"https:\/\/www.renouvelle.be\/fr\/#\/schema\/person\/2f8776071d07c029365db2eee4a0d3cf"},"headline":"L\u2019\u00e9nergie et le climat\u00a0: \u00e7a passe aussi par l\u2019\u00e9chelon local\u00a0!","datePublished":"2025-03-25T09:15:15+00:00","dateModified":"2025-03-25T09:15:18+00:00","mainEntityOfPage":{"@id":"https:\/\/www.renouvelle.be\/fr\/lenergie-et-le-climat-ca-passe-aussi-par-lechelon-local\/"},"wordCount":969,"image":{"@id":"https:\/\/www.renouvelle.be\/fr\/lenergie-et-le-climat-ca-passe-aussi-par-lechelon-local\/#primaryimage"},"thumbnailUrl":"https:\/\/www.renouvelle.be\/wp-content\/uploads\/2025\/03\/AdobeStock_349822845-scaled-e1741274636374.jpeg","articleSection":["Actualit\u00e9","Actualit\u00e9 en Belgique"],"inLanguage":"fr-FR"},{"@type":"WebPage","@id":"https:\/\/www.renouvelle.be\/fr\/lenergie-et-le-climat-ca-passe-aussi-par-lechelon-local\/","url":"https:\/\/www.renouvelle.be\/fr\/lenergie-et-le-climat-ca-passe-aussi-par-lechelon-local\/","name":"L\u2019\u00e9nergie et le climat\u00a0: \u00e7a passe aussi par l\u2019\u00e9chelon local\u00a0! - Renouvelle","isPartOf":{"@id":"https:\/\/www.renouvelle.be\/fr\/#website"},"primaryImageOfPage":{"@id":"https:\/\/www.renouvelle.be\/fr\/lenergie-et-le-climat-ca-passe-aussi-par-lechelon-local\/#primaryimage"},"image":{"@id":"https:\/\/www.renouvelle.be\/fr\/lenergie-et-le-climat-ca-passe-aussi-par-lechelon-local\/#primaryimage"},"thumbnailUrl":"https:\/\/www.renouvelle.be\/wp-content\/uploads\/2025\/03\/AdobeStock_349822845-scaled-e1741274636374.jpeg","datePublished":"2025-03-25T09:15:15+00:00","dateModified":"2025-03-25T09:15:18+00:00","author":{"@id":"https:\/\/www.renouvelle.be\/fr\/#\/schema\/person\/2f8776071d07c029365db2eee4a0d3cf"},"breadcrumb":{"@id":"https:\/\/www.renouvelle.be\/fr\/lenergie-et-le-climat-ca-passe-aussi-par-lechelon-local\/#breadcrumb"},"inLanguage":"fr-FR","potentialAction":[{"@type":"ReadAction","target":["https:\/\/www.renouvelle.be\/fr\/lenergie-et-le-climat-ca-passe-aussi-par-lechelon-local\/"]}]},{"@type":"ImageObject","inLanguage":"fr-FR","@id":"https:\/\/www.renouvelle.be\/fr\/lenergie-et-le-climat-ca-passe-aussi-par-lechelon-local\/#primaryimage","url":"https:\/\/www.renouvelle.be\/wp-content\/uploads\/2025\/03\/AdobeStock_349822845-scaled-e1741274636374.jpeg","contentUrl":"https:\/\/www.renouvelle.be\/wp-content\/uploads\/2025\/03\/AdobeStock_349822845-scaled-e1741274636374.jpeg","width":2560,"height":1643},{"@type":"BreadcrumbList","@id":"https:\/\/www.renouvelle.be\/fr\/lenergie-et-le-climat-ca-passe-aussi-par-lechelon-local\/#breadcrumb","itemListElement":[{"@type":"ListItem","position":1,"name":"Accueil","item":"https:\/\/www.renouvelle.be\/fr\/"},{"@type":"ListItem","position":2,"name":"L\u2019\u00e9nergie et le climat\u00a0: \u00e7a passe aussi par l\u2019\u00e9chelon local\u00a0!"}]},{"@type":"WebSite","@id":"https:\/\/www.renouvelle.be\/fr\/#website","url":"https:\/\/www.renouvelle.be\/fr\/","name":"Renouvelle","description":"L&#039;actualit\u00e9 de l&#039;\u00e9nergie durable","potentialAction":[{"@type":"SearchAction","target":{"@type":"EntryPoint","urlTemplate":"https:\/\/www.renouvelle.be\/fr\/?s={search_term_string}"},"query-input":{"@type":"PropertyValueSpecification","valueRequired":true,"valueName":"search_term_string"}}],"inLanguage":"fr-FR"},{"@type":"Person","@id":"https:\/\/www.renouvelle.be\/fr\/#\/schema\/person\/2f8776071d07c029365db2eee4a0d3cf","name":"Nicolas Hubert","url":"https:\/\/www.renouvelle.be\/fr\/author\/nhubert\/"}]}},"_links":{"self":[{"href":"https:\/\/www.renouvelle.be\/fr\/wp-json\/wp\/v2\/posts\/14785","targetHints":{"allow":["GET"]}}],"collection":[{"href":"https:\/\/www.renouvelle.be\/fr\/wp-json\/wp\/v2\/posts"}],"about":[{"href":"https:\/\/www.renouvelle.be\/fr\/wp-json\/wp\/v2\/types\/post"}],"author":[{"embeddable":true,"href":"https:\/\/www.renouvelle.be\/fr\/wp-json\/wp\/v2\/users\/39"}],"replies":[{"embeddable":true,"href":"https:\/\/www.renouvelle.be\/fr\/wp-json\/wp\/v2\/comments?post=14785"}],"version-history":[{"count":10,"href":"https:\/\/www.renouvelle.be\/fr\/wp-json\/wp\/v2\/posts\/14785\/revisions"}],"predecessor-version":[{"id":14901,"href":"https:\/\/www.renouvelle.be\/fr\/wp-json\/wp\/v2\/posts\/14785\/revisions\/14901"}],"wp:featuredmedia":[{"embeddable":true,"href":"https:\/\/www.renouvelle.be\/fr\/wp-json\/wp\/v2\/media\/14791"}],"wp:attachment":[{"href":"https:\/\/www.renouvelle.be\/fr\/wp-json\/wp\/v2\/media?parent=14785"}],"wp:term":[{"taxonomy":"category","embeddable":true,"href":"https:\/\/www.renouvelle.be\/fr\/wp-json\/wp\/v2\/categories?post=14785"},{"taxonomy":"post_tag","embeddable":true,"href":"https:\/\/www.renouvelle.be\/fr\/wp-json\/wp\/v2\/tags?post=14785"},{"taxonomy":"section","embeddable":true,"href":"https:\/\/www.renouvelle.be\/fr\/wp-json\/wp\/v2\/section?post=14785"}],"curies":[{"name":"wp","href":"https:\/\/api.w.org\/{rel}","templated":true}]}}