{"id":14767,"date":"2025-03-06T11:16:39","date_gmt":"2025-03-06T10:16:39","guid":{"rendered":"https:\/\/www.renouvelle.be\/?p=14767"},"modified":"2025-03-06T12:02:57","modified_gmt":"2025-03-06T11:02:57","slug":"plus-energie-renouvelable-dans-le-transport-en-europe","status":"publish","type":"post","link":"https:\/\/www.renouvelle.be\/fr\/plus-energie-renouvelable-dans-le-transport-en-europe\/","title":{"rendered":"En Europe, l&rsquo;\u00e9nergie renouvelable progresse dans le transport"},"content":{"rendered":"\n<p>Le secteur des transports est l\u2019un des plus grands \u00e9metteurs de gaz \u00e0 effet de serre, au m\u00eame titre que l\u2019industrie. Encore tr\u00e8s grand consommateur de combustibles fossiles, il en reste fort d\u00e9pendant mais il \u00e9volue n\u00e9anmoins, petit \u00e0 petit, comme le montrent les chiffres publi\u00e9s par Eurostat pour l\u2019ann\u00e9e 2023.<\/p>\n\n\n\n<p>Dans l\u2019Union europ\u00e9enne, la part des \u00e9nergies renouvelables dans le secteur des transports atteignait 10,8 %, contre 9,6 % en 2022. Un r\u00e9sultat \u00e0 remettre en perspective avec l\u2019objectif global de 29 % fix\u00e9 pour 2030. Car, bien que cette part de renouvelable croisse r\u00e9guli\u00e8rement, il faudrait d\u00e9sormais qu\u2019elle progresse de 2,6% par an pour atteindre cet objectif. Un v\u00e9ritable d\u00e9fi, \u00e9tant donn\u00e9 que l\u2019augmentation annuelle moyenne n\u2019\u00e9tait que de 0,43% entre 2014 et 2023.<\/p>\n\n\n\n<p>Si les \u00e9nergies renouvelables sont de plus en plus adopt\u00e9es dans le secteur, tous les pays de l\u2019UE ne progressent pas au m\u00eame rythme.<\/p>\n\n\n\n<p>En t\u00eate du classement, la Su\u00e8de affiche une part de 33,7 %, d\u00e9passant ainsi, \u00e0 elle seule, l\u2019objectif europ\u00e9en (+4,9 points par rapport \u00e0 2022). Elle est suivie par la Finlande (20,7 %), les Pays-Bas (13,4 %) et l\u2019Autriche (13,2 %).<\/p>\n\n\n\n<p>Notons que certains pays, comme l\u2019Autriche et le Portugal, enregistrent de fortes progressions (+2,5 points).<\/p>\n\n\n<div class=\"wp-block-image\">\n<figure class=\"aligncenter size-full\"><img loading=\"lazy\" decoding=\"async\" width=\"728\" height=\"456\" src=\"https:\/\/www.renouvelle.be\/wp-content\/uploads\/2025\/03\/eu-re-transport.jpg\" alt=\"\" class=\"wp-image-14769\" srcset=\"https:\/\/www.renouvelle.be\/wp-content\/uploads\/2025\/03\/eu-re-transport.jpg 728w, https:\/\/www.renouvelle.be\/wp-content\/uploads\/2025\/03\/eu-re-transport-300x188.jpg 300w\" sizes=\"auto, (max-width: 728px) 100vw, 728px\" \/><\/figure>\n<\/div>\n\n\n<p>\u00c0 l\u2019inverse, <a href=\"https:\/\/ec.europa.eu\/eurostat\/fr\/web\/products-eurostat-news\/w\/ddn-20250207-1\" target=\"_blank\" rel=\"noreferrer noopener\">d\u2019autres peinent \u00e0 avancer<\/a>, \u00e0 l\u2019image de la Croatie, qui affiche une part de seulement 0,9 %, ou encore de la Lettonie, avec 1,4 %. Ces r\u00e9sultats soulignent la n\u00e9cessit\u00e9 de politiques plus ambitieuses et d\u2019un soutien renforc\u00e9 pour accompagner les \u00c9tats qui rencontrent des difficult\u00e9s dans <a href=\"https:\/\/www.renouvelle.be\/fr\/les-voitures-thermiques-toujours-aussi-polluantes\/\" target=\"_blank\" rel=\"noreferrer noopener\">cette transition<\/a>.<\/p>\n\n\n\n<p><\/p>\n","protected":false},"excerpt":{"rendered":"<p>Le secteur des transports est l\u2019un des plus grands \u00e9metteurs de gaz \u00e0 effet de serre, au m\u00eame titre que l\u2019industrie. Encore tr\u00e8s grand consommateur de combustibles fossiles, il en reste fort d\u00e9pendant mais il \u00e9volue n\u00e9anmoins, petit \u00e0 petit, comme le montrent les chiffres publi\u00e9s par Eurostat pour l\u2019ann\u00e9e 2023. Dans l\u2019Union europ\u00e9enne, la part des \u00e9nergies renouvelables dans le secteur des transports atteignait 10,8 %, contre 9,6 % en 2022. Un r\u00e9sultat \u00e0 remettre en perspective avec l\u2019objectif global de 29 % fix\u00e9 pour 2030. Car, bien que cette part de renouvelable croisse r\u00e9guli\u00e8rement, il faudrait d\u00e9sormais qu\u2019elle progresse de 2,6% par an pour atteindre cet objectif. Un v\u00e9ritable d\u00e9fi, \u00e9tant donn\u00e9 que l\u2019augmentation annuelle moyenne n\u2019\u00e9tait que de 0,43% entre 2014 et 2023. Si les \u00e9nergies renouvelables sont de plus en plus adopt\u00e9es dans le secteur, tous les pays de l\u2019UE ne progressent pas au m\u00eame rythme. En t\u00eate du classement, la Su\u00e8de affiche une part de 33,7 %, d\u00e9passant ainsi, \u00e0 elle seule, l\u2019objectif europ\u00e9en (+4,9 points par rapport \u00e0 2022). Elle est suivie par la Finlande (20,7 %), les Pays-Bas (13,4 %) et l\u2019Autriche (13,2 %). Notons que certains pays, comme l\u2019Autriche et le Portugal, enregistrent de fortes progressions (+2,5 points). \u00c0 l\u2019inverse, d\u2019autres peinent \u00e0 avancer, \u00e0 l\u2019image de la Croatie, qui affiche une part de seulement 0,9 %, ou encore de la Lettonie, avec 1,4 %. Ces r\u00e9sultats soulignent la n\u00e9cessit\u00e9 de politiques plus ambitieuses et d\u2019un soutien renforc\u00e9 pour accompagner les \u00c9tats qui rencontrent des difficult\u00e9s dans cette transition.<\/p>\n","protected":false},"author":38,"featured_media":14772,"comment_status":"closed","ping_status":"closed","sticky":false,"template":"","format":"standard","meta":{"_acf_changed":false,"footnotes":""},"categories":[16,18],"tags":[],"section":[8,12],"class_list":["post-14767","post","type-post","status-publish","format-standard","has-post-thumbnail","hentry","category-actualite","category-actualite-internationale","section-energie-renouvelables","section-mobilite"],"acf":[],"yoast_head":"<!-- This site is optimized with the Yoast SEO plugin v27.5 - https:\/\/yoast.com\/product\/yoast-seo-wordpress\/ -->\n<title>En Europe, l&#039;\u00e9nergie renouvelable progresse dans le transport - Renouvelle<\/title>\n<meta name=\"description\" content=\"Atteindra-t-on 29% de part d&#039;\u00e9nergie renouvelable dans le secteur du transport en Europe, d&#039;ici 2030 ? Quelques chiffres !\" \/>\n<meta name=\"robots\" content=\"index, follow, max-snippet:-1, max-image-preview:large, max-video-preview:-1\" \/>\n<link rel=\"canonical\" href=\"https:\/\/www.renouvelle.be\/fr\/plus-energie-renouvelable-dans-le-transport-en-europe\/\" \/>\n<meta property=\"og:locale\" content=\"fr_FR\" \/>\n<meta property=\"og:type\" content=\"article\" \/>\n<meta property=\"og:title\" content=\"En Europe, l&#039;\u00e9nergie renouvelable progresse dans le transport - Renouvelle\" \/>\n<meta property=\"og:description\" content=\"Atteindra-t-on 29% de part d&#039;\u00e9nergie renouvelable dans le secteur du transport en Europe, d&#039;ici 2030 ? Quelques chiffres !\" \/>\n<meta property=\"og:url\" content=\"https:\/\/www.renouvelle.be\/fr\/plus-energie-renouvelable-dans-le-transport-en-europe\/\" \/>\n<meta property=\"og:site_name\" content=\"Renouvelle\" \/>\n<meta property=\"article:published_time\" content=\"2025-03-06T10:16:39+00:00\" \/>\n<meta property=\"article:modified_time\" content=\"2025-03-06T11:02:57+00:00\" \/>\n<meta property=\"og:image\" content=\"https:\/\/www.renouvelle.be\/wp-content\/uploads\/2025\/03\/AdobeStock_271892769-scaled-e1741250875617.jpeg\" \/>\n\t<meta property=\"og:image:width\" content=\"2560\" \/>\n\t<meta property=\"og:image:height\" content=\"1476\" \/>\n\t<meta property=\"og:image:type\" content=\"image\/jpeg\" \/>\n<meta name=\"author\" content=\"Samuel Alves\" \/>\n<meta name=\"twitter:card\" content=\"summary_large_image\" \/>\n<script type=\"application\/ld+json\" class=\"yoast-schema-graph\">{\"@context\":\"https:\\\/\\\/schema.org\",\"@graph\":[{\"@type\":\"Article\",\"@id\":\"https:\\\/\\\/www.renouvelle.be\\\/fr\\\/plus-energie-renouvelable-dans-le-transport-en-europe\\\/#article\",\"isPartOf\":{\"@id\":\"https:\\\/\\\/www.renouvelle.be\\\/fr\\\/plus-energie-renouvelable-dans-le-transport-en-europe\\\/\"},\"author\":{\"name\":\"Samuel Alves\",\"@id\":\"https:\\\/\\\/www.renouvelle.be\\\/fr\\\/#\\\/schema\\\/person\\\/9d743366fb269eeceaa8d60e98d289d3\"},\"headline\":\"En Europe, l&rsquo;\u00e9nergie renouvelable progresse dans le transport\",\"datePublished\":\"2025-03-06T10:16:39+00:00\",\"dateModified\":\"2025-03-06T11:02:57+00:00\",\"mainEntityOfPage\":{\"@id\":\"https:\\\/\\\/www.renouvelle.be\\\/fr\\\/plus-energie-renouvelable-dans-le-transport-en-europe\\\/\"},\"wordCount\":268,\"image\":{\"@id\":\"https:\\\/\\\/www.renouvelle.be\\\/fr\\\/plus-energie-renouvelable-dans-le-transport-en-europe\\\/#primaryimage\"},\"thumbnailUrl\":\"https:\\\/\\\/www.renouvelle.be\\\/wp-content\\\/uploads\\\/2025\\\/03\\\/AdobeStock_271892769-scaled-e1741250875617.jpeg\",\"articleSection\":[\"Actualit\u00e9\",\"Actualit\u00e9 internationale\"],\"inLanguage\":\"fr-FR\"},{\"@type\":\"WebPage\",\"@id\":\"https:\\\/\\\/www.renouvelle.be\\\/fr\\\/plus-energie-renouvelable-dans-le-transport-en-europe\\\/\",\"url\":\"https:\\\/\\\/www.renouvelle.be\\\/fr\\\/plus-energie-renouvelable-dans-le-transport-en-europe\\\/\",\"name\":\"En Europe, l'\u00e9nergie renouvelable progresse dans le transport - Renouvelle\",\"isPartOf\":{\"@id\":\"https:\\\/\\\/www.renouvelle.be\\\/fr\\\/#website\"},\"primaryImageOfPage\":{\"@id\":\"https:\\\/\\\/www.renouvelle.be\\\/fr\\\/plus-energie-renouvelable-dans-le-transport-en-europe\\\/#primaryimage\"},\"image\":{\"@id\":\"https:\\\/\\\/www.renouvelle.be\\\/fr\\\/plus-energie-renouvelable-dans-le-transport-en-europe\\\/#primaryimage\"},\"thumbnailUrl\":\"https:\\\/\\\/www.renouvelle.be\\\/wp-content\\\/uploads\\\/2025\\\/03\\\/AdobeStock_271892769-scaled-e1741250875617.jpeg\",\"datePublished\":\"2025-03-06T10:16:39+00:00\",\"dateModified\":\"2025-03-06T11:02:57+00:00\",\"author\":{\"@id\":\"https:\\\/\\\/www.renouvelle.be\\\/fr\\\/#\\\/schema\\\/person\\\/9d743366fb269eeceaa8d60e98d289d3\"},\"description\":\"Atteindra-t-on 29% de part d'\u00e9nergie renouvelable dans le secteur du transport en Europe, d'ici 2030 ? Quelques chiffres !\",\"breadcrumb\":{\"@id\":\"https:\\\/\\\/www.renouvelle.be\\\/fr\\\/plus-energie-renouvelable-dans-le-transport-en-europe\\\/#breadcrumb\"},\"inLanguage\":\"fr-FR\",\"potentialAction\":[{\"@type\":\"ReadAction\",\"target\":[\"https:\\\/\\\/www.renouvelle.be\\\/fr\\\/plus-energie-renouvelable-dans-le-transport-en-europe\\\/\"]}]},{\"@type\":\"ImageObject\",\"inLanguage\":\"fr-FR\",\"@id\":\"https:\\\/\\\/www.renouvelle.be\\\/fr\\\/plus-energie-renouvelable-dans-le-transport-en-europe\\\/#primaryimage\",\"url\":\"https:\\\/\\\/www.renouvelle.be\\\/wp-content\\\/uploads\\\/2025\\\/03\\\/AdobeStock_271892769-scaled-e1741250875617.jpeg\",\"contentUrl\":\"https:\\\/\\\/www.renouvelle.be\\\/wp-content\\\/uploads\\\/2025\\\/03\\\/AdobeStock_271892769-scaled-e1741250875617.jpeg\",\"width\":2560,\"height\":1476},{\"@type\":\"BreadcrumbList\",\"@id\":\"https:\\\/\\\/www.renouvelle.be\\\/fr\\\/plus-energie-renouvelable-dans-le-transport-en-europe\\\/#breadcrumb\",\"itemListElement\":[{\"@type\":\"ListItem\",\"position\":1,\"name\":\"Accueil\",\"item\":\"https:\\\/\\\/www.renouvelle.be\\\/fr\\\/\"},{\"@type\":\"ListItem\",\"position\":2,\"name\":\"En Europe, l&rsquo;\u00e9nergie renouvelable progresse dans le transport\"}]},{\"@type\":\"WebSite\",\"@id\":\"https:\\\/\\\/www.renouvelle.be\\\/fr\\\/#website\",\"url\":\"https:\\\/\\\/www.renouvelle.be\\\/fr\\\/\",\"name\":\"Renouvelle\",\"description\":\"L&#039;actualit\u00e9 de l&#039;\u00e9nergie durable\",\"potentialAction\":[{\"@type\":\"SearchAction\",\"target\":{\"@type\":\"EntryPoint\",\"urlTemplate\":\"https:\\\/\\\/www.renouvelle.be\\\/fr\\\/?s={search_term_string}\"},\"query-input\":{\"@type\":\"PropertyValueSpecification\",\"valueRequired\":true,\"valueName\":\"search_term_string\"}}],\"inLanguage\":\"fr-FR\"},{\"@type\":\"Person\",\"@id\":\"https:\\\/\\\/www.renouvelle.be\\\/fr\\\/#\\\/schema\\\/person\\\/9d743366fb269eeceaa8d60e98d289d3\",\"name\":\"Samuel Alves\",\"url\":\"https:\\\/\\\/www.renouvelle.be\\\/fr\\\/author\\\/salves\\\/\"}]}<\/script>\n<!-- \/ Yoast SEO plugin. -->","yoast_head_json":{"title":"En Europe, l'\u00e9nergie renouvelable progresse dans le transport - Renouvelle","description":"Atteindra-t-on 29% de part d'\u00e9nergie renouvelable dans le secteur du transport en Europe, d'ici 2030 ? Quelques chiffres !","robots":{"index":"index","follow":"follow","max-snippet":"max-snippet:-1","max-image-preview":"max-image-preview:large","max-video-preview":"max-video-preview:-1"},"canonical":"https:\/\/www.renouvelle.be\/fr\/plus-energie-renouvelable-dans-le-transport-en-europe\/","og_locale":"fr_FR","og_type":"article","og_title":"En Europe, l'\u00e9nergie renouvelable progresse dans le transport - Renouvelle","og_description":"Atteindra-t-on 29% de part d'\u00e9nergie renouvelable dans le secteur du transport en Europe, d'ici 2030 ? Quelques chiffres !","og_url":"https:\/\/www.renouvelle.be\/fr\/plus-energie-renouvelable-dans-le-transport-en-europe\/","og_site_name":"Renouvelle","article_published_time":"2025-03-06T10:16:39+00:00","article_modified_time":"2025-03-06T11:02:57+00:00","og_image":[{"width":2560,"height":1476,"url":"https:\/\/www.renouvelle.be\/wp-content\/uploads\/2025\/03\/AdobeStock_271892769-scaled-e1741250875617.jpeg","type":"image\/jpeg"}],"author":"Samuel Alves","twitter_card":"summary_large_image","schema":{"@context":"https:\/\/schema.org","@graph":[{"@type":"Article","@id":"https:\/\/www.renouvelle.be\/fr\/plus-energie-renouvelable-dans-le-transport-en-europe\/#article","isPartOf":{"@id":"https:\/\/www.renouvelle.be\/fr\/plus-energie-renouvelable-dans-le-transport-en-europe\/"},"author":{"name":"Samuel Alves","@id":"https:\/\/www.renouvelle.be\/fr\/#\/schema\/person\/9d743366fb269eeceaa8d60e98d289d3"},"headline":"En Europe, l&rsquo;\u00e9nergie renouvelable progresse dans le transport","datePublished":"2025-03-06T10:16:39+00:00","dateModified":"2025-03-06T11:02:57+00:00","mainEntityOfPage":{"@id":"https:\/\/www.renouvelle.be\/fr\/plus-energie-renouvelable-dans-le-transport-en-europe\/"},"wordCount":268,"image":{"@id":"https:\/\/www.renouvelle.be\/fr\/plus-energie-renouvelable-dans-le-transport-en-europe\/#primaryimage"},"thumbnailUrl":"https:\/\/www.renouvelle.be\/wp-content\/uploads\/2025\/03\/AdobeStock_271892769-scaled-e1741250875617.jpeg","articleSection":["Actualit\u00e9","Actualit\u00e9 internationale"],"inLanguage":"fr-FR"},{"@type":"WebPage","@id":"https:\/\/www.renouvelle.be\/fr\/plus-energie-renouvelable-dans-le-transport-en-europe\/","url":"https:\/\/www.renouvelle.be\/fr\/plus-energie-renouvelable-dans-le-transport-en-europe\/","name":"En Europe, l'\u00e9nergie renouvelable progresse dans le transport - Renouvelle","isPartOf":{"@id":"https:\/\/www.renouvelle.be\/fr\/#website"},"primaryImageOfPage":{"@id":"https:\/\/www.renouvelle.be\/fr\/plus-energie-renouvelable-dans-le-transport-en-europe\/#primaryimage"},"image":{"@id":"https:\/\/www.renouvelle.be\/fr\/plus-energie-renouvelable-dans-le-transport-en-europe\/#primaryimage"},"thumbnailUrl":"https:\/\/www.renouvelle.be\/wp-content\/uploads\/2025\/03\/AdobeStock_271892769-scaled-e1741250875617.jpeg","datePublished":"2025-03-06T10:16:39+00:00","dateModified":"2025-03-06T11:02:57+00:00","author":{"@id":"https:\/\/www.renouvelle.be\/fr\/#\/schema\/person\/9d743366fb269eeceaa8d60e98d289d3"},"description":"Atteindra-t-on 29% de part d'\u00e9nergie renouvelable dans le secteur du transport en Europe, d'ici 2030 ? Quelques chiffres !","breadcrumb":{"@id":"https:\/\/www.renouvelle.be\/fr\/plus-energie-renouvelable-dans-le-transport-en-europe\/#breadcrumb"},"inLanguage":"fr-FR","potentialAction":[{"@type":"ReadAction","target":["https:\/\/www.renouvelle.be\/fr\/plus-energie-renouvelable-dans-le-transport-en-europe\/"]}]},{"@type":"ImageObject","inLanguage":"fr-FR","@id":"https:\/\/www.renouvelle.be\/fr\/plus-energie-renouvelable-dans-le-transport-en-europe\/#primaryimage","url":"https:\/\/www.renouvelle.be\/wp-content\/uploads\/2025\/03\/AdobeStock_271892769-scaled-e1741250875617.jpeg","contentUrl":"https:\/\/www.renouvelle.be\/wp-content\/uploads\/2025\/03\/AdobeStock_271892769-scaled-e1741250875617.jpeg","width":2560,"height":1476},{"@type":"BreadcrumbList","@id":"https:\/\/www.renouvelle.be\/fr\/plus-energie-renouvelable-dans-le-transport-en-europe\/#breadcrumb","itemListElement":[{"@type":"ListItem","position":1,"name":"Accueil","item":"https:\/\/www.renouvelle.be\/fr\/"},{"@type":"ListItem","position":2,"name":"En Europe, l&rsquo;\u00e9nergie renouvelable progresse dans le transport"}]},{"@type":"WebSite","@id":"https:\/\/www.renouvelle.be\/fr\/#website","url":"https:\/\/www.renouvelle.be\/fr\/","name":"Renouvelle","description":"L&#039;actualit\u00e9 de l&#039;\u00e9nergie durable","potentialAction":[{"@type":"SearchAction","target":{"@type":"EntryPoint","urlTemplate":"https:\/\/www.renouvelle.be\/fr\/?s={search_term_string}"},"query-input":{"@type":"PropertyValueSpecification","valueRequired":true,"valueName":"search_term_string"}}],"inLanguage":"fr-FR"},{"@type":"Person","@id":"https:\/\/www.renouvelle.be\/fr\/#\/schema\/person\/9d743366fb269eeceaa8d60e98d289d3","name":"Samuel Alves","url":"https:\/\/www.renouvelle.be\/fr\/author\/salves\/"}]}},"_links":{"self":[{"href":"https:\/\/www.renouvelle.be\/fr\/wp-json\/wp\/v2\/posts\/14767","targetHints":{"allow":["GET"]}}],"collection":[{"href":"https:\/\/www.renouvelle.be\/fr\/wp-json\/wp\/v2\/posts"}],"about":[{"href":"https:\/\/www.renouvelle.be\/fr\/wp-json\/wp\/v2\/types\/post"}],"author":[{"embeddable":true,"href":"https:\/\/www.renouvelle.be\/fr\/wp-json\/wp\/v2\/users\/38"}],"replies":[{"embeddable":true,"href":"https:\/\/www.renouvelle.be\/fr\/wp-json\/wp\/v2\/comments?post=14767"}],"version-history":[{"count":11,"href":"https:\/\/www.renouvelle.be\/fr\/wp-json\/wp\/v2\/posts\/14767\/revisions"}],"predecessor-version":[{"id":14783,"href":"https:\/\/www.renouvelle.be\/fr\/wp-json\/wp\/v2\/posts\/14767\/revisions\/14783"}],"wp:featuredmedia":[{"embeddable":true,"href":"https:\/\/www.renouvelle.be\/fr\/wp-json\/wp\/v2\/media\/14772"}],"wp:attachment":[{"href":"https:\/\/www.renouvelle.be\/fr\/wp-json\/wp\/v2\/media?parent=14767"}],"wp:term":[{"taxonomy":"category","embeddable":true,"href":"https:\/\/www.renouvelle.be\/fr\/wp-json\/wp\/v2\/categories?post=14767"},{"taxonomy":"post_tag","embeddable":true,"href":"https:\/\/www.renouvelle.be\/fr\/wp-json\/wp\/v2\/tags?post=14767"},{"taxonomy":"section","embeddable":true,"href":"https:\/\/www.renouvelle.be\/fr\/wp-json\/wp\/v2\/section?post=14767"}],"curies":[{"name":"wp","href":"https:\/\/api.w.org\/{rel}","templated":true}]}}