{"id":14758,"date":"2025-03-04T14:27:18","date_gmt":"2025-03-04T13:27:18","guid":{"rendered":"https:\/\/www.renouvelle.be\/?p=14758"},"modified":"2025-03-04T14:35:07","modified_gmt":"2025-03-04T13:35:07","slug":"interdiction-du-chauffage-a-bois-souffle-sur-les-braises-en-europe","status":"publish","type":"post","link":"https:\/\/www.renouvelle.be\/fr\/interdiction-du-chauffage-a-bois-souffle-sur-les-braises-en-europe\/","title":{"rendered":"L\u2019interdiction du chauffage \u00e0 bois souffle sur les braises en Europe"},"content":{"rendered":"\n<p>Avec l\u2019objectif d\u2019atteindre la neutralit\u00e9 carbone d\u2019ici 2050, l\u2019Union europ\u00e9enne continue de travailler \u00e0 sa transition \u00e9nerg\u00e9tique. Cette transition entra\u00eene n\u00e9cessairement une modification de notre fa\u00e7on de consommer l\u2019\u00e9nergie afin de r\u00e9duire les \u00e9missions de gaz \u00e0 effet de serre, responsables, entre autres, de la pollution atmosph\u00e9rique contre laquelle la Commission veut, en toute logique, lutter.<\/p>\n\n\n\n<p>Dans le viseur de sa directive <a href=\"https:\/\/energy-efficient-products.ec.europa.eu\/ecodesign-and-energy-label\/legislative-framework_en?prefLang=fr\" target=\"_blank\" rel=\"noreferrer noopener\">Ecodesign 2022<\/a> : les appareils de chauffage au bois. Mais pourquoi ? Parce que ces syst\u00e8mes de chauffage sont de grands \u00e9metteurs de particules fines en Europe, devenant donc une question de sant\u00e9 publique en raison des cons\u00e9quences entrain\u00e9es telles que les affections et maladies pulmonaires.<\/p>\n\n\n\n<p>Cependant, l\u2019arriv\u00e9e en 2027 de nouvelles mesures strictes qui en limiteraient fortement l\u2019usage (et non les interdiraient) devra encore attendre un peu. L\u2019Union europ\u00e9enne est compos\u00e9e d\u2019autant d\u2019\u00c9tats que de besoins \u00e9nerg\u00e9tiques sp\u00e9cifiques, notamment en R\u00e9publique tch\u00e8que et en Allemagne, deux pays qui se sont vivement oppos\u00e9s au projet. En effet, ce dernier semble ne pas avoir pris en compte certaines difficult\u00e9s, puisque ces deux pays d\u00e9pendent encore beaucoup de ce moyen de chauffage, particuli\u00e8rement dans les zones rurales, o\u00f9 le syst\u00e8me de chauffage par biomasse repr\u00e9sente une part significative de leur transition \u00e9nerg\u00e9tique.<\/p>\n\n\n\n<p>Une des exigences de la directive est l\u2019\u00e9quipement de ces syst\u00e8mes de chauffage au bois d\u2019une r\u00e9gulation automatique, les rendant alors d\u00e9pendants de l\u2019\u00e9lectricit\u00e9 pour pouvoir fonctionner. Une mesure difficilement applicable dans les r\u00e9gions manquant d\u2019infrastructures \u00e9lectriques suffisamment robustes.<\/p>\n\n\n\n<p>Face aux inqui\u00e9tudes soulev\u00e9es par la proposition de la Commission, celle-ci, qui devait la pr\u00e9senter mi-f\u00e9vrier, a finalement d\u00e9cid\u00e9 de la reporter afin d\u2019approfondir les travaux techniques et de mieux l\u2019adapter aux r\u00e9alit\u00e9s du terrain pour att\u00e9nuer l\u2019impact sur les consommateurs. Mais attention, cette directive n\u2019est pas pour autant abandonn\u00e9e, et la Commission compte bien l\u2019appliquer. Toutefois, comme dit plus haut, son but n\u2019est pas l\u2019interdiction totale du chauffage \u00e0 bois mais elle veut, par cette directive, am\u00e9liorer leur performance \u00e9nerg\u00e9tique et encourager l\u2019usage d\u2019appareils plus modernes et plus propres.<\/p>\n\n\n\n<p>En Belgique, cette interdiction n\u2019est pas encore d\u2019actualit\u00e9, mais l\u2019am\u00e9lioration des appareils de chauffage \u00e0 bois l\u2019est, elle, bel et bien, comme \u00e0 <a href=\"https:\/\/www.renouvelle.be\/fr\/se-chauffer-plus-durablement-a-bruxelles-de-nouvelles-regles-en-2025\/\" target=\"_blank\" rel=\"noreferrer noopener\">Bruxelles<\/a>, par exemple.<\/p>\n\n\n\n<p><\/p>\n","protected":false},"excerpt":{"rendered":"<p>Avec l\u2019objectif d\u2019atteindre la neutralit\u00e9 carbone d\u2019ici 2050, l\u2019Union europ\u00e9enne continue de travailler \u00e0 sa transition \u00e9nerg\u00e9tique. Cette transition entra\u00eene n\u00e9cessairement une modification de notre fa\u00e7on de consommer l\u2019\u00e9nergie afin de r\u00e9duire les \u00e9missions de gaz \u00e0 effet de serre, responsables, entre autres, de la pollution atmosph\u00e9rique contre laquelle la Commission veut, en toute logique, lutter. Dans le viseur de sa directive Ecodesign 2022 : les appareils de chauffage au bois. Mais pourquoi ? Parce que ces syst\u00e8mes de chauffage sont de grands \u00e9metteurs de particules fines en Europe, devenant donc une question de sant\u00e9 publique en raison des cons\u00e9quences entrain\u00e9es telles que les affections et maladies pulmonaires. Cependant, l\u2019arriv\u00e9e en 2027 de nouvelles mesures strictes qui en limiteraient fortement l\u2019usage (et non les interdiraient) devra encore attendre un peu. L\u2019Union europ\u00e9enne est compos\u00e9e d\u2019autant d\u2019\u00c9tats que de besoins \u00e9nerg\u00e9tiques sp\u00e9cifiques, notamment en R\u00e9publique tch\u00e8que et en Allemagne, deux pays qui se sont vivement oppos\u00e9s au projet. En effet, ce dernier semble ne pas avoir pris en compte certaines difficult\u00e9s, puisque ces deux pays d\u00e9pendent encore beaucoup de ce moyen de chauffage, particuli\u00e8rement dans les zones rurales, o\u00f9 le syst\u00e8me de chauffage par biomasse repr\u00e9sente une part significative de leur transition \u00e9nerg\u00e9tique. Une des exigences de la directive est l\u2019\u00e9quipement de ces syst\u00e8mes de chauffage au bois d\u2019une r\u00e9gulation automatique, les rendant alors d\u00e9pendants de l\u2019\u00e9lectricit\u00e9 pour pouvoir fonctionner. Une mesure difficilement applicable dans les r\u00e9gions manquant d\u2019infrastructures \u00e9lectriques suffisamment robustes. Face aux inqui\u00e9tudes soulev\u00e9es par la proposition de la Commission, celle-ci, qui devait la pr\u00e9senter mi-f\u00e9vrier, a finalement d\u00e9cid\u00e9 de la reporter afin d\u2019approfondir les travaux techniques et de mieux l\u2019adapter aux r\u00e9alit\u00e9s du terrain pour att\u00e9nuer l\u2019impact sur les consommateurs. Mais attention, cette directive n\u2019est pas pour autant &hellip; <a href=\"https:\/\/www.renouvelle.be\/fr\/interdiction-du-chauffage-a-bois-souffle-sur-les-braises-en-europe\/\" class=\"more-link\">Continue reading<span class=\"screen-reader-text\"> \u00ab\u00a0L\u2019interdiction du chauffage \u00e0 bois souffle sur les braises en Europe\u00a0\u00bb<\/span><\/a><\/p>\n","protected":false},"author":38,"featured_media":14761,"comment_status":"closed","ping_status":"closed","sticky":false,"template":"","format":"standard","meta":{"_acf_changed":false,"footnotes":""},"categories":[16,18],"tags":[],"section":[8,4],"class_list":["post-14758","post","type-post","status-publish","format-standard","has-post-thumbnail","hentry","category-actualite","category-actualite-internationale","section-energie-renouvelables","section-biomasse-energie"],"acf":[],"yoast_head":"<!-- This site is optimized with the Yoast SEO plugin v27.5 - https:\/\/yoast.com\/product\/yoast-seo-wordpress\/ -->\n<title>L\u2019interdiction du chauffage \u00e0 bois souffle sur les braises en Europe - Renouvelle<\/title>\n<meta name=\"description\" content=\"Le chauffage au bois en Europe, c&#039;est bient\u00f4t fini mais pas encore pour tout de suite. La Commission a report\u00e9 sa nouvelle directive.\" \/>\n<meta name=\"robots\" content=\"index, follow, max-snippet:-1, max-image-preview:large, max-video-preview:-1\" \/>\n<link rel=\"canonical\" href=\"https:\/\/www.renouvelle.be\/fr\/interdiction-du-chauffage-a-bois-souffle-sur-les-braises-en-europe\/\" \/>\n<meta property=\"og:locale\" content=\"fr_FR\" \/>\n<meta property=\"og:type\" content=\"article\" \/>\n<meta property=\"og:title\" content=\"L\u2019interdiction du chauffage \u00e0 bois souffle sur les braises en Europe - Renouvelle\" \/>\n<meta property=\"og:description\" content=\"Le chauffage au bois en Europe, c&#039;est bient\u00f4t fini mais pas encore pour tout de suite. La Commission a report\u00e9 sa nouvelle directive.\" \/>\n<meta property=\"og:url\" content=\"https:\/\/www.renouvelle.be\/fr\/interdiction-du-chauffage-a-bois-souffle-sur-les-braises-en-europe\/\" \/>\n<meta property=\"og:site_name\" content=\"Renouvelle\" \/>\n<meta property=\"article:published_time\" content=\"2025-03-04T13:27:18+00:00\" \/>\n<meta property=\"article:modified_time\" content=\"2025-03-04T13:35:07+00:00\" \/>\n<meta property=\"og:image\" content=\"https:\/\/www.renouvelle.be\/wp-content\/uploads\/2025\/03\/AdobeStock_503507598-scaled-e1741094751197.jpeg\" \/>\n\t<meta property=\"og:image:width\" content=\"2560\" \/>\n\t<meta property=\"og:image:height\" content=\"1502\" \/>\n\t<meta property=\"og:image:type\" content=\"image\/jpeg\" \/>\n<meta name=\"author\" content=\"Samuel Alves\" \/>\n<meta name=\"twitter:card\" content=\"summary_large_image\" \/>\n<script type=\"application\/ld+json\" class=\"yoast-schema-graph\">{\"@context\":\"https:\\\/\\\/schema.org\",\"@graph\":[{\"@type\":\"Article\",\"@id\":\"https:\\\/\\\/www.renouvelle.be\\\/fr\\\/interdiction-du-chauffage-a-bois-souffle-sur-les-braises-en-europe\\\/#article\",\"isPartOf\":{\"@id\":\"https:\\\/\\\/www.renouvelle.be\\\/fr\\\/interdiction-du-chauffage-a-bois-souffle-sur-les-braises-en-europe\\\/\"},\"author\":{\"name\":\"Samuel Alves\",\"@id\":\"https:\\\/\\\/www.renouvelle.be\\\/fr\\\/#\\\/schema\\\/person\\\/9d743366fb269eeceaa8d60e98d289d3\"},\"headline\":\"L\u2019interdiction du chauffage \u00e0 bois souffle sur les braises en Europe\",\"datePublished\":\"2025-03-04T13:27:18+00:00\",\"dateModified\":\"2025-03-04T13:35:07+00:00\",\"mainEntityOfPage\":{\"@id\":\"https:\\\/\\\/www.renouvelle.be\\\/fr\\\/interdiction-du-chauffage-a-bois-souffle-sur-les-braises-en-europe\\\/\"},\"wordCount\":425,\"image\":{\"@id\":\"https:\\\/\\\/www.renouvelle.be\\\/fr\\\/interdiction-du-chauffage-a-bois-souffle-sur-les-braises-en-europe\\\/#primaryimage\"},\"thumbnailUrl\":\"https:\\\/\\\/www.renouvelle.be\\\/wp-content\\\/uploads\\\/2025\\\/03\\\/AdobeStock_503507598-scaled-e1741094751197.jpeg\",\"articleSection\":[\"Actualit\u00e9\",\"Actualit\u00e9 internationale\"],\"inLanguage\":\"fr-FR\"},{\"@type\":\"WebPage\",\"@id\":\"https:\\\/\\\/www.renouvelle.be\\\/fr\\\/interdiction-du-chauffage-a-bois-souffle-sur-les-braises-en-europe\\\/\",\"url\":\"https:\\\/\\\/www.renouvelle.be\\\/fr\\\/interdiction-du-chauffage-a-bois-souffle-sur-les-braises-en-europe\\\/\",\"name\":\"L\u2019interdiction du chauffage \u00e0 bois souffle sur les braises en Europe - Renouvelle\",\"isPartOf\":{\"@id\":\"https:\\\/\\\/www.renouvelle.be\\\/fr\\\/#website\"},\"primaryImageOfPage\":{\"@id\":\"https:\\\/\\\/www.renouvelle.be\\\/fr\\\/interdiction-du-chauffage-a-bois-souffle-sur-les-braises-en-europe\\\/#primaryimage\"},\"image\":{\"@id\":\"https:\\\/\\\/www.renouvelle.be\\\/fr\\\/interdiction-du-chauffage-a-bois-souffle-sur-les-braises-en-europe\\\/#primaryimage\"},\"thumbnailUrl\":\"https:\\\/\\\/www.renouvelle.be\\\/wp-content\\\/uploads\\\/2025\\\/03\\\/AdobeStock_503507598-scaled-e1741094751197.jpeg\",\"datePublished\":\"2025-03-04T13:27:18+00:00\",\"dateModified\":\"2025-03-04T13:35:07+00:00\",\"author\":{\"@id\":\"https:\\\/\\\/www.renouvelle.be\\\/fr\\\/#\\\/schema\\\/person\\\/9d743366fb269eeceaa8d60e98d289d3\"},\"description\":\"Le chauffage au bois en Europe, c'est bient\u00f4t fini mais pas encore pour tout de suite. La Commission a report\u00e9 sa nouvelle directive.\",\"breadcrumb\":{\"@id\":\"https:\\\/\\\/www.renouvelle.be\\\/fr\\\/interdiction-du-chauffage-a-bois-souffle-sur-les-braises-en-europe\\\/#breadcrumb\"},\"inLanguage\":\"fr-FR\",\"potentialAction\":[{\"@type\":\"ReadAction\",\"target\":[\"https:\\\/\\\/www.renouvelle.be\\\/fr\\\/interdiction-du-chauffage-a-bois-souffle-sur-les-braises-en-europe\\\/\"]}]},{\"@type\":\"ImageObject\",\"inLanguage\":\"fr-FR\",\"@id\":\"https:\\\/\\\/www.renouvelle.be\\\/fr\\\/interdiction-du-chauffage-a-bois-souffle-sur-les-braises-en-europe\\\/#primaryimage\",\"url\":\"https:\\\/\\\/www.renouvelle.be\\\/wp-content\\\/uploads\\\/2025\\\/03\\\/AdobeStock_503507598-scaled-e1741094751197.jpeg\",\"contentUrl\":\"https:\\\/\\\/www.renouvelle.be\\\/wp-content\\\/uploads\\\/2025\\\/03\\\/AdobeStock_503507598-scaled-e1741094751197.jpeg\",\"width\":2560,\"height\":1502},{\"@type\":\"BreadcrumbList\",\"@id\":\"https:\\\/\\\/www.renouvelle.be\\\/fr\\\/interdiction-du-chauffage-a-bois-souffle-sur-les-braises-en-europe\\\/#breadcrumb\",\"itemListElement\":[{\"@type\":\"ListItem\",\"position\":1,\"name\":\"Accueil\",\"item\":\"https:\\\/\\\/www.renouvelle.be\\\/fr\\\/\"},{\"@type\":\"ListItem\",\"position\":2,\"name\":\"L\u2019interdiction du chauffage \u00e0 bois souffle sur les braises en Europe\"}]},{\"@type\":\"WebSite\",\"@id\":\"https:\\\/\\\/www.renouvelle.be\\\/fr\\\/#website\",\"url\":\"https:\\\/\\\/www.renouvelle.be\\\/fr\\\/\",\"name\":\"Renouvelle\",\"description\":\"L&#039;actualit\u00e9 de l&#039;\u00e9nergie durable\",\"potentialAction\":[{\"@type\":\"SearchAction\",\"target\":{\"@type\":\"EntryPoint\",\"urlTemplate\":\"https:\\\/\\\/www.renouvelle.be\\\/fr\\\/?s={search_term_string}\"},\"query-input\":{\"@type\":\"PropertyValueSpecification\",\"valueRequired\":true,\"valueName\":\"search_term_string\"}}],\"inLanguage\":\"fr-FR\"},{\"@type\":\"Person\",\"@id\":\"https:\\\/\\\/www.renouvelle.be\\\/fr\\\/#\\\/schema\\\/person\\\/9d743366fb269eeceaa8d60e98d289d3\",\"name\":\"Samuel Alves\",\"url\":\"https:\\\/\\\/www.renouvelle.be\\\/fr\\\/author\\\/salves\\\/\"}]}<\/script>\n<!-- \/ Yoast SEO plugin. -->","yoast_head_json":{"title":"L\u2019interdiction du chauffage \u00e0 bois souffle sur les braises en Europe - Renouvelle","description":"Le chauffage au bois en Europe, c'est bient\u00f4t fini mais pas encore pour tout de suite. La Commission a report\u00e9 sa nouvelle directive.","robots":{"index":"index","follow":"follow","max-snippet":"max-snippet:-1","max-image-preview":"max-image-preview:large","max-video-preview":"max-video-preview:-1"},"canonical":"https:\/\/www.renouvelle.be\/fr\/interdiction-du-chauffage-a-bois-souffle-sur-les-braises-en-europe\/","og_locale":"fr_FR","og_type":"article","og_title":"L\u2019interdiction du chauffage \u00e0 bois souffle sur les braises en Europe - Renouvelle","og_description":"Le chauffage au bois en Europe, c'est bient\u00f4t fini mais pas encore pour tout de suite. La Commission a report\u00e9 sa nouvelle directive.","og_url":"https:\/\/www.renouvelle.be\/fr\/interdiction-du-chauffage-a-bois-souffle-sur-les-braises-en-europe\/","og_site_name":"Renouvelle","article_published_time":"2025-03-04T13:27:18+00:00","article_modified_time":"2025-03-04T13:35:07+00:00","og_image":[{"width":2560,"height":1502,"url":"https:\/\/www.renouvelle.be\/wp-content\/uploads\/2025\/03\/AdobeStock_503507598-scaled-e1741094751197.jpeg","type":"image\/jpeg"}],"author":"Samuel Alves","twitter_card":"summary_large_image","schema":{"@context":"https:\/\/schema.org","@graph":[{"@type":"Article","@id":"https:\/\/www.renouvelle.be\/fr\/interdiction-du-chauffage-a-bois-souffle-sur-les-braises-en-europe\/#article","isPartOf":{"@id":"https:\/\/www.renouvelle.be\/fr\/interdiction-du-chauffage-a-bois-souffle-sur-les-braises-en-europe\/"},"author":{"name":"Samuel Alves","@id":"https:\/\/www.renouvelle.be\/fr\/#\/schema\/person\/9d743366fb269eeceaa8d60e98d289d3"},"headline":"L\u2019interdiction du chauffage \u00e0 bois souffle sur les braises en Europe","datePublished":"2025-03-04T13:27:18+00:00","dateModified":"2025-03-04T13:35:07+00:00","mainEntityOfPage":{"@id":"https:\/\/www.renouvelle.be\/fr\/interdiction-du-chauffage-a-bois-souffle-sur-les-braises-en-europe\/"},"wordCount":425,"image":{"@id":"https:\/\/www.renouvelle.be\/fr\/interdiction-du-chauffage-a-bois-souffle-sur-les-braises-en-europe\/#primaryimage"},"thumbnailUrl":"https:\/\/www.renouvelle.be\/wp-content\/uploads\/2025\/03\/AdobeStock_503507598-scaled-e1741094751197.jpeg","articleSection":["Actualit\u00e9","Actualit\u00e9 internationale"],"inLanguage":"fr-FR"},{"@type":"WebPage","@id":"https:\/\/www.renouvelle.be\/fr\/interdiction-du-chauffage-a-bois-souffle-sur-les-braises-en-europe\/","url":"https:\/\/www.renouvelle.be\/fr\/interdiction-du-chauffage-a-bois-souffle-sur-les-braises-en-europe\/","name":"L\u2019interdiction du chauffage \u00e0 bois souffle sur les braises en Europe - Renouvelle","isPartOf":{"@id":"https:\/\/www.renouvelle.be\/fr\/#website"},"primaryImageOfPage":{"@id":"https:\/\/www.renouvelle.be\/fr\/interdiction-du-chauffage-a-bois-souffle-sur-les-braises-en-europe\/#primaryimage"},"image":{"@id":"https:\/\/www.renouvelle.be\/fr\/interdiction-du-chauffage-a-bois-souffle-sur-les-braises-en-europe\/#primaryimage"},"thumbnailUrl":"https:\/\/www.renouvelle.be\/wp-content\/uploads\/2025\/03\/AdobeStock_503507598-scaled-e1741094751197.jpeg","datePublished":"2025-03-04T13:27:18+00:00","dateModified":"2025-03-04T13:35:07+00:00","author":{"@id":"https:\/\/www.renouvelle.be\/fr\/#\/schema\/person\/9d743366fb269eeceaa8d60e98d289d3"},"description":"Le chauffage au bois en Europe, c'est bient\u00f4t fini mais pas encore pour tout de suite. La Commission a report\u00e9 sa nouvelle directive.","breadcrumb":{"@id":"https:\/\/www.renouvelle.be\/fr\/interdiction-du-chauffage-a-bois-souffle-sur-les-braises-en-europe\/#breadcrumb"},"inLanguage":"fr-FR","potentialAction":[{"@type":"ReadAction","target":["https:\/\/www.renouvelle.be\/fr\/interdiction-du-chauffage-a-bois-souffle-sur-les-braises-en-europe\/"]}]},{"@type":"ImageObject","inLanguage":"fr-FR","@id":"https:\/\/www.renouvelle.be\/fr\/interdiction-du-chauffage-a-bois-souffle-sur-les-braises-en-europe\/#primaryimage","url":"https:\/\/www.renouvelle.be\/wp-content\/uploads\/2025\/03\/AdobeStock_503507598-scaled-e1741094751197.jpeg","contentUrl":"https:\/\/www.renouvelle.be\/wp-content\/uploads\/2025\/03\/AdobeStock_503507598-scaled-e1741094751197.jpeg","width":2560,"height":1502},{"@type":"BreadcrumbList","@id":"https:\/\/www.renouvelle.be\/fr\/interdiction-du-chauffage-a-bois-souffle-sur-les-braises-en-europe\/#breadcrumb","itemListElement":[{"@type":"ListItem","position":1,"name":"Accueil","item":"https:\/\/www.renouvelle.be\/fr\/"},{"@type":"ListItem","position":2,"name":"L\u2019interdiction du chauffage \u00e0 bois souffle sur les braises en Europe"}]},{"@type":"WebSite","@id":"https:\/\/www.renouvelle.be\/fr\/#website","url":"https:\/\/www.renouvelle.be\/fr\/","name":"Renouvelle","description":"L&#039;actualit\u00e9 de l&#039;\u00e9nergie durable","potentialAction":[{"@type":"SearchAction","target":{"@type":"EntryPoint","urlTemplate":"https:\/\/www.renouvelle.be\/fr\/?s={search_term_string}"},"query-input":{"@type":"PropertyValueSpecification","valueRequired":true,"valueName":"search_term_string"}}],"inLanguage":"fr-FR"},{"@type":"Person","@id":"https:\/\/www.renouvelle.be\/fr\/#\/schema\/person\/9d743366fb269eeceaa8d60e98d289d3","name":"Samuel Alves","url":"https:\/\/www.renouvelle.be\/fr\/author\/salves\/"}]}},"_links":{"self":[{"href":"https:\/\/www.renouvelle.be\/fr\/wp-json\/wp\/v2\/posts\/14758","targetHints":{"allow":["GET"]}}],"collection":[{"href":"https:\/\/www.renouvelle.be\/fr\/wp-json\/wp\/v2\/posts"}],"about":[{"href":"https:\/\/www.renouvelle.be\/fr\/wp-json\/wp\/v2\/types\/post"}],"author":[{"embeddable":true,"href":"https:\/\/www.renouvelle.be\/fr\/wp-json\/wp\/v2\/users\/38"}],"replies":[{"embeddable":true,"href":"https:\/\/www.renouvelle.be\/fr\/wp-json\/wp\/v2\/comments?post=14758"}],"version-history":[{"count":5,"href":"https:\/\/www.renouvelle.be\/fr\/wp-json\/wp\/v2\/posts\/14758\/revisions"}],"predecessor-version":[{"id":14766,"href":"https:\/\/www.renouvelle.be\/fr\/wp-json\/wp\/v2\/posts\/14758\/revisions\/14766"}],"wp:featuredmedia":[{"embeddable":true,"href":"https:\/\/www.renouvelle.be\/fr\/wp-json\/wp\/v2\/media\/14761"}],"wp:attachment":[{"href":"https:\/\/www.renouvelle.be\/fr\/wp-json\/wp\/v2\/media?parent=14758"}],"wp:term":[{"taxonomy":"category","embeddable":true,"href":"https:\/\/www.renouvelle.be\/fr\/wp-json\/wp\/v2\/categories?post=14758"},{"taxonomy":"post_tag","embeddable":true,"href":"https:\/\/www.renouvelle.be\/fr\/wp-json\/wp\/v2\/tags?post=14758"},{"taxonomy":"section","embeddable":true,"href":"https:\/\/www.renouvelle.be\/fr\/wp-json\/wp\/v2\/section?post=14758"}],"curies":[{"name":"wp","href":"https:\/\/api.w.org\/{rel}","templated":true}]}}