{"id":14737,"date":"2025-02-20T15:49:28","date_gmt":"2025-02-20T14:49:28","guid":{"rendered":"https:\/\/www.renouvelle.be\/?p=14737"},"modified":"2025-02-20T15:49:30","modified_gmt":"2025-02-20T14:49:30","slug":"notre-energie-ou-comment-devenir-proprietaire-eolienne-en-mer","status":"publish","type":"post","link":"https:\/\/www.renouvelle.be\/fr\/notre-energie-ou-comment-devenir-proprietaire-eolienne-en-mer\/","title":{"rendered":"Notre \u00c9nergie ou comment devenir propri\u00e9taire d\u2019\u00e9oliennes en mer"},"content":{"rendered":"\n<p>Le savoir, c\u2019est le pouvoir. C\u2019est sans nul doute sur cette base que Notre \u00c9nergie a \u00e9t\u00e9 cr\u00e9\u00e9e \u00e0 l\u2019initiative de SeaCoop, qui regroupe 34 coop\u00e9ratives d\u2019\u00e9nergie. Mais avec quel objectif ? Celui d\u2019informer les citoyens pour leur permettre de prendre part \u00e0 la production et \u00e0 la vente d\u2019une \u00e9nergie 100 % verte. Comment ? En investissant, via une des 34 coop\u00e9ratives, pour que Notre \u00c9nergie devienne, en gros, propri\u00e9taire d\u2019\u00e9oliennes en mer.<\/p>\n\n\n\n<p>En effet, \u00e9tant partenaire du consortium Haddock Wind (avec Otary, Ocean Winds et Eneco), Notre \u00c9nergie compte participer \u00e0 l\u2019appel d\u2019offres pour la concession du premier parc \u00e9olien de la zone <a href=\"https:\/\/www.renouvelle.be\/fr\/parc-eolien-offshore-appel-doffres-pour-700-mw-en-mer-du-nord\/\" target=\"_blank\" rel=\"noreferrer noopener\">Princesse Elisabeth<\/a>. Rien que \u00e7a ! La plateforme compte, d\u00e9j\u00e0, plus de 115 000 Belges qui se sont d\u00e9cid\u00e9s \u00e0 reprendre le contr\u00f4le sur la fa\u00e7on dont ils produisent et consomment l\u2019\u00e9nergie, mais elle ne compte certainement pas s\u2019arr\u00eater l\u00e0 puisqu\u2019elle vise la participation de 500 000 citoyens d\u2019ici 2030, toujours via ses coop\u00e9ratives.<\/p>\n\n\n\n<p>Mais ce n\u2019est pas tout, puisque ces derni\u00e8res, \u00e0 travers SeaCoop, rach\u00e8teront 10 % du capital d\u2019Aspiravi Offshore, d\u00e9tenteur de 70 % du parc \u00e9olien offshore Northwind. Un capital \u00e9quivalent \u00e0 5 \u00e9oliennes pour une production d\u2019\u00e9lectricit\u00e9 renouvelable pour 15 000 foyers.<\/p>\n\n\n\n<p>Autant d\u2019actions pour impliquer toujours plus les citoyens dans la transition \u00e9nerg\u00e9tique !<\/p>\n\n\n\n<p>Le communiqu\u00e9 de presse est \u00e0 lire dans son int\u00e9gralit\u00e9 <a href=\"https:\/\/seacoop.be\/cooperatives-citoyennes-energies-renouvelables-notre-energie-demi-million-de-belges\/\" target=\"_blank\" rel=\"noreferrer noopener\">ici<\/a>.<\/p>\n","protected":false},"excerpt":{"rendered":"<p>Le savoir, c\u2019est le pouvoir. C\u2019est sans nul doute sur cette base que Notre \u00c9nergie a \u00e9t\u00e9 cr\u00e9\u00e9e \u00e0 l\u2019initiative de SeaCoop, qui regroupe 34 coop\u00e9ratives d\u2019\u00e9nergie. Mais avec quel objectif ? Celui d\u2019informer les citoyens pour leur permettre de prendre part \u00e0 la production et \u00e0 la vente d\u2019une \u00e9nergie 100 % verte. Comment ? En investissant, via une des 34 coop\u00e9ratives, pour que Notre \u00c9nergie devienne, en gros, propri\u00e9taire d\u2019\u00e9oliennes en mer. En effet, \u00e9tant partenaire du consortium Haddock Wind (avec Otary, Ocean Winds et Eneco), Notre \u00c9nergie compte participer \u00e0 l\u2019appel d\u2019offres pour la concession du premier parc \u00e9olien de la zone Princesse Elisabeth. Rien que \u00e7a ! La plateforme compte, d\u00e9j\u00e0, plus de 115 000 Belges qui se sont d\u00e9cid\u00e9s \u00e0 reprendre le contr\u00f4le sur la fa\u00e7on dont ils produisent et consomment l\u2019\u00e9nergie, mais elle ne compte certainement pas s\u2019arr\u00eater l\u00e0 puisqu\u2019elle vise la participation de 500 000 citoyens d\u2019ici 2030, toujours via ses coop\u00e9ratives. Mais ce n\u2019est pas tout, puisque ces derni\u00e8res, \u00e0 travers SeaCoop, rach\u00e8teront 10 % du capital d\u2019Aspiravi Offshore, d\u00e9tenteur de 70 % du parc \u00e9olien offshore Northwind. Un capital \u00e9quivalent \u00e0 5 \u00e9oliennes pour une production d\u2019\u00e9lectricit\u00e9 renouvelable pour 15 000 foyers. Autant d\u2019actions pour impliquer toujours plus les citoyens dans la transition \u00e9nerg\u00e9tique ! Le communiqu\u00e9 de presse est \u00e0 lire dans son int\u00e9gralit\u00e9 ici.<\/p>\n","protected":false},"author":38,"featured_media":14741,"comment_status":"closed","ping_status":"closed","sticky":false,"template":"","format":"standard","meta":{"_acf_changed":false,"footnotes":""},"categories":[16,17],"tags":[],"section":[8,6],"class_list":["post-14737","post","type-post","status-publish","format-standard","has-post-thumbnail","hentry","category-actualite","category-actualite-en-belgique","section-energie-renouvelables","section-eolien"],"acf":[],"yoast_head":"<!-- This site is optimized with the Yoast SEO plugin v27.5 - https:\/\/yoast.com\/product\/yoast-seo-wordpress\/ -->\n<title>Notre \u00c9nergie ou comment devenir propri\u00e9taire d\u2019\u00e9oliennes en mer - Renouvelle<\/title>\n<meta name=\"description\" content=\"Devenir propri\u00e9taire d&#039;une \u00e9olienne offshore ? C&#039;est possible en participant au projet Notre \u00c9nergie, lanc\u00e9 par 34 coop\u00e9ratives d&#039;\u00e9nergie.\" \/>\n<meta name=\"robots\" content=\"index, follow, max-snippet:-1, max-image-preview:large, max-video-preview:-1\" \/>\n<link rel=\"canonical\" href=\"https:\/\/www.renouvelle.be\/fr\/notre-energie-ou-comment-devenir-proprietaire-eolienne-en-mer\/\" \/>\n<meta property=\"og:locale\" content=\"fr_FR\" \/>\n<meta property=\"og:type\" content=\"article\" \/>\n<meta property=\"og:title\" content=\"Notre \u00c9nergie ou comment devenir propri\u00e9taire d\u2019\u00e9oliennes en mer - Renouvelle\" \/>\n<meta property=\"og:description\" content=\"Devenir propri\u00e9taire d&#039;une \u00e9olienne offshore ? C&#039;est possible en participant au projet Notre \u00c9nergie, lanc\u00e9 par 34 coop\u00e9ratives d&#039;\u00e9nergie.\" \/>\n<meta property=\"og:url\" content=\"https:\/\/www.renouvelle.be\/fr\/notre-energie-ou-comment-devenir-proprietaire-eolienne-en-mer\/\" \/>\n<meta property=\"og:site_name\" content=\"Renouvelle\" \/>\n<meta property=\"article:published_time\" content=\"2025-02-20T14:49:28+00:00\" \/>\n<meta property=\"article:modified_time\" content=\"2025-02-20T14:49:30+00:00\" \/>\n<meta property=\"og:image\" content=\"https:\/\/www.renouvelle.be\/wp-content\/uploads\/2025\/02\/AdobeStock_373445602-scaled.jpeg\" \/>\n\t<meta property=\"og:image:width\" content=\"2560\" \/>\n\t<meta property=\"og:image:height\" content=\"1673\" \/>\n\t<meta property=\"og:image:type\" content=\"image\/jpeg\" \/>\n<meta name=\"author\" content=\"Samuel Alves\" \/>\n<meta name=\"twitter:card\" content=\"summary_large_image\" \/>\n<script type=\"application\/ld+json\" class=\"yoast-schema-graph\">{\"@context\":\"https:\\\/\\\/schema.org\",\"@graph\":[{\"@type\":\"Article\",\"@id\":\"https:\\\/\\\/www.renouvelle.be\\\/fr\\\/notre-energie-ou-comment-devenir-proprietaire-eolienne-en-mer\\\/#article\",\"isPartOf\":{\"@id\":\"https:\\\/\\\/www.renouvelle.be\\\/fr\\\/notre-energie-ou-comment-devenir-proprietaire-eolienne-en-mer\\\/\"},\"author\":{\"name\":\"Samuel Alves\",\"@id\":\"https:\\\/\\\/www.renouvelle.be\\\/fr\\\/#\\\/schema\\\/person\\\/9d743366fb269eeceaa8d60e98d289d3\"},\"headline\":\"Notre \u00c9nergie ou comment devenir propri\u00e9taire d\u2019\u00e9oliennes en mer\",\"datePublished\":\"2025-02-20T14:49:28+00:00\",\"dateModified\":\"2025-02-20T14:49:30+00:00\",\"mainEntityOfPage\":{\"@id\":\"https:\\\/\\\/www.renouvelle.be\\\/fr\\\/notre-energie-ou-comment-devenir-proprietaire-eolienne-en-mer\\\/\"},\"wordCount\":241,\"image\":{\"@id\":\"https:\\\/\\\/www.renouvelle.be\\\/fr\\\/notre-energie-ou-comment-devenir-proprietaire-eolienne-en-mer\\\/#primaryimage\"},\"thumbnailUrl\":\"https:\\\/\\\/www.renouvelle.be\\\/wp-content\\\/uploads\\\/2025\\\/02\\\/AdobeStock_373445602-scaled.jpeg\",\"articleSection\":[\"Actualit\u00e9\",\"Actualit\u00e9 en Belgique\"],\"inLanguage\":\"fr-FR\"},{\"@type\":\"WebPage\",\"@id\":\"https:\\\/\\\/www.renouvelle.be\\\/fr\\\/notre-energie-ou-comment-devenir-proprietaire-eolienne-en-mer\\\/\",\"url\":\"https:\\\/\\\/www.renouvelle.be\\\/fr\\\/notre-energie-ou-comment-devenir-proprietaire-eolienne-en-mer\\\/\",\"name\":\"Notre \u00c9nergie ou comment devenir propri\u00e9taire d\u2019\u00e9oliennes en mer - Renouvelle\",\"isPartOf\":{\"@id\":\"https:\\\/\\\/www.renouvelle.be\\\/fr\\\/#website\"},\"primaryImageOfPage\":{\"@id\":\"https:\\\/\\\/www.renouvelle.be\\\/fr\\\/notre-energie-ou-comment-devenir-proprietaire-eolienne-en-mer\\\/#primaryimage\"},\"image\":{\"@id\":\"https:\\\/\\\/www.renouvelle.be\\\/fr\\\/notre-energie-ou-comment-devenir-proprietaire-eolienne-en-mer\\\/#primaryimage\"},\"thumbnailUrl\":\"https:\\\/\\\/www.renouvelle.be\\\/wp-content\\\/uploads\\\/2025\\\/02\\\/AdobeStock_373445602-scaled.jpeg\",\"datePublished\":\"2025-02-20T14:49:28+00:00\",\"dateModified\":\"2025-02-20T14:49:30+00:00\",\"author\":{\"@id\":\"https:\\\/\\\/www.renouvelle.be\\\/fr\\\/#\\\/schema\\\/person\\\/9d743366fb269eeceaa8d60e98d289d3\"},\"description\":\"Devenir propri\u00e9taire d'une \u00e9olienne offshore ? C'est possible en participant au projet Notre \u00c9nergie, lanc\u00e9 par 34 coop\u00e9ratives d'\u00e9nergie.\",\"breadcrumb\":{\"@id\":\"https:\\\/\\\/www.renouvelle.be\\\/fr\\\/notre-energie-ou-comment-devenir-proprietaire-eolienne-en-mer\\\/#breadcrumb\"},\"inLanguage\":\"fr-FR\",\"potentialAction\":[{\"@type\":\"ReadAction\",\"target\":[\"https:\\\/\\\/www.renouvelle.be\\\/fr\\\/notre-energie-ou-comment-devenir-proprietaire-eolienne-en-mer\\\/\"]}]},{\"@type\":\"ImageObject\",\"inLanguage\":\"fr-FR\",\"@id\":\"https:\\\/\\\/www.renouvelle.be\\\/fr\\\/notre-energie-ou-comment-devenir-proprietaire-eolienne-en-mer\\\/#primaryimage\",\"url\":\"https:\\\/\\\/www.renouvelle.be\\\/wp-content\\\/uploads\\\/2025\\\/02\\\/AdobeStock_373445602-scaled.jpeg\",\"contentUrl\":\"https:\\\/\\\/www.renouvelle.be\\\/wp-content\\\/uploads\\\/2025\\\/02\\\/AdobeStock_373445602-scaled.jpeg\",\"width\":2560,\"height\":1673},{\"@type\":\"BreadcrumbList\",\"@id\":\"https:\\\/\\\/www.renouvelle.be\\\/fr\\\/notre-energie-ou-comment-devenir-proprietaire-eolienne-en-mer\\\/#breadcrumb\",\"itemListElement\":[{\"@type\":\"ListItem\",\"position\":1,\"name\":\"Accueil\",\"item\":\"https:\\\/\\\/www.renouvelle.be\\\/fr\\\/\"},{\"@type\":\"ListItem\",\"position\":2,\"name\":\"Notre \u00c9nergie ou comment devenir propri\u00e9taire d\u2019\u00e9oliennes en mer\"}]},{\"@type\":\"WebSite\",\"@id\":\"https:\\\/\\\/www.renouvelle.be\\\/fr\\\/#website\",\"url\":\"https:\\\/\\\/www.renouvelle.be\\\/fr\\\/\",\"name\":\"Renouvelle\",\"description\":\"L&#039;actualit\u00e9 de l&#039;\u00e9nergie durable\",\"potentialAction\":[{\"@type\":\"SearchAction\",\"target\":{\"@type\":\"EntryPoint\",\"urlTemplate\":\"https:\\\/\\\/www.renouvelle.be\\\/fr\\\/?s={search_term_string}\"},\"query-input\":{\"@type\":\"PropertyValueSpecification\",\"valueRequired\":true,\"valueName\":\"search_term_string\"}}],\"inLanguage\":\"fr-FR\"},{\"@type\":\"Person\",\"@id\":\"https:\\\/\\\/www.renouvelle.be\\\/fr\\\/#\\\/schema\\\/person\\\/9d743366fb269eeceaa8d60e98d289d3\",\"name\":\"Samuel Alves\",\"url\":\"https:\\\/\\\/www.renouvelle.be\\\/fr\\\/author\\\/salves\\\/\"}]}<\/script>\n<!-- \/ Yoast SEO plugin. -->","yoast_head_json":{"title":"Notre \u00c9nergie ou comment devenir propri\u00e9taire d\u2019\u00e9oliennes en mer - Renouvelle","description":"Devenir propri\u00e9taire d'une \u00e9olienne offshore ? C'est possible en participant au projet Notre \u00c9nergie, lanc\u00e9 par 34 coop\u00e9ratives d'\u00e9nergie.","robots":{"index":"index","follow":"follow","max-snippet":"max-snippet:-1","max-image-preview":"max-image-preview:large","max-video-preview":"max-video-preview:-1"},"canonical":"https:\/\/www.renouvelle.be\/fr\/notre-energie-ou-comment-devenir-proprietaire-eolienne-en-mer\/","og_locale":"fr_FR","og_type":"article","og_title":"Notre \u00c9nergie ou comment devenir propri\u00e9taire d\u2019\u00e9oliennes en mer - Renouvelle","og_description":"Devenir propri\u00e9taire d'une \u00e9olienne offshore ? C'est possible en participant au projet Notre \u00c9nergie, lanc\u00e9 par 34 coop\u00e9ratives d'\u00e9nergie.","og_url":"https:\/\/www.renouvelle.be\/fr\/notre-energie-ou-comment-devenir-proprietaire-eolienne-en-mer\/","og_site_name":"Renouvelle","article_published_time":"2025-02-20T14:49:28+00:00","article_modified_time":"2025-02-20T14:49:30+00:00","og_image":[{"width":2560,"height":1673,"url":"https:\/\/www.renouvelle.be\/wp-content\/uploads\/2025\/02\/AdobeStock_373445602-scaled.jpeg","type":"image\/jpeg"}],"author":"Samuel Alves","twitter_card":"summary_large_image","schema":{"@context":"https:\/\/schema.org","@graph":[{"@type":"Article","@id":"https:\/\/www.renouvelle.be\/fr\/notre-energie-ou-comment-devenir-proprietaire-eolienne-en-mer\/#article","isPartOf":{"@id":"https:\/\/www.renouvelle.be\/fr\/notre-energie-ou-comment-devenir-proprietaire-eolienne-en-mer\/"},"author":{"name":"Samuel Alves","@id":"https:\/\/www.renouvelle.be\/fr\/#\/schema\/person\/9d743366fb269eeceaa8d60e98d289d3"},"headline":"Notre \u00c9nergie ou comment devenir propri\u00e9taire d\u2019\u00e9oliennes en mer","datePublished":"2025-02-20T14:49:28+00:00","dateModified":"2025-02-20T14:49:30+00:00","mainEntityOfPage":{"@id":"https:\/\/www.renouvelle.be\/fr\/notre-energie-ou-comment-devenir-proprietaire-eolienne-en-mer\/"},"wordCount":241,"image":{"@id":"https:\/\/www.renouvelle.be\/fr\/notre-energie-ou-comment-devenir-proprietaire-eolienne-en-mer\/#primaryimage"},"thumbnailUrl":"https:\/\/www.renouvelle.be\/wp-content\/uploads\/2025\/02\/AdobeStock_373445602-scaled.jpeg","articleSection":["Actualit\u00e9","Actualit\u00e9 en Belgique"],"inLanguage":"fr-FR"},{"@type":"WebPage","@id":"https:\/\/www.renouvelle.be\/fr\/notre-energie-ou-comment-devenir-proprietaire-eolienne-en-mer\/","url":"https:\/\/www.renouvelle.be\/fr\/notre-energie-ou-comment-devenir-proprietaire-eolienne-en-mer\/","name":"Notre \u00c9nergie ou comment devenir propri\u00e9taire d\u2019\u00e9oliennes en mer - Renouvelle","isPartOf":{"@id":"https:\/\/www.renouvelle.be\/fr\/#website"},"primaryImageOfPage":{"@id":"https:\/\/www.renouvelle.be\/fr\/notre-energie-ou-comment-devenir-proprietaire-eolienne-en-mer\/#primaryimage"},"image":{"@id":"https:\/\/www.renouvelle.be\/fr\/notre-energie-ou-comment-devenir-proprietaire-eolienne-en-mer\/#primaryimage"},"thumbnailUrl":"https:\/\/www.renouvelle.be\/wp-content\/uploads\/2025\/02\/AdobeStock_373445602-scaled.jpeg","datePublished":"2025-02-20T14:49:28+00:00","dateModified":"2025-02-20T14:49:30+00:00","author":{"@id":"https:\/\/www.renouvelle.be\/fr\/#\/schema\/person\/9d743366fb269eeceaa8d60e98d289d3"},"description":"Devenir propri\u00e9taire d'une \u00e9olienne offshore ? C'est possible en participant au projet Notre \u00c9nergie, lanc\u00e9 par 34 coop\u00e9ratives d'\u00e9nergie.","breadcrumb":{"@id":"https:\/\/www.renouvelle.be\/fr\/notre-energie-ou-comment-devenir-proprietaire-eolienne-en-mer\/#breadcrumb"},"inLanguage":"fr-FR","potentialAction":[{"@type":"ReadAction","target":["https:\/\/www.renouvelle.be\/fr\/notre-energie-ou-comment-devenir-proprietaire-eolienne-en-mer\/"]}]},{"@type":"ImageObject","inLanguage":"fr-FR","@id":"https:\/\/www.renouvelle.be\/fr\/notre-energie-ou-comment-devenir-proprietaire-eolienne-en-mer\/#primaryimage","url":"https:\/\/www.renouvelle.be\/wp-content\/uploads\/2025\/02\/AdobeStock_373445602-scaled.jpeg","contentUrl":"https:\/\/www.renouvelle.be\/wp-content\/uploads\/2025\/02\/AdobeStock_373445602-scaled.jpeg","width":2560,"height":1673},{"@type":"BreadcrumbList","@id":"https:\/\/www.renouvelle.be\/fr\/notre-energie-ou-comment-devenir-proprietaire-eolienne-en-mer\/#breadcrumb","itemListElement":[{"@type":"ListItem","position":1,"name":"Accueil","item":"https:\/\/www.renouvelle.be\/fr\/"},{"@type":"ListItem","position":2,"name":"Notre \u00c9nergie ou comment devenir propri\u00e9taire d\u2019\u00e9oliennes en mer"}]},{"@type":"WebSite","@id":"https:\/\/www.renouvelle.be\/fr\/#website","url":"https:\/\/www.renouvelle.be\/fr\/","name":"Renouvelle","description":"L&#039;actualit\u00e9 de l&#039;\u00e9nergie durable","potentialAction":[{"@type":"SearchAction","target":{"@type":"EntryPoint","urlTemplate":"https:\/\/www.renouvelle.be\/fr\/?s={search_term_string}"},"query-input":{"@type":"PropertyValueSpecification","valueRequired":true,"valueName":"search_term_string"}}],"inLanguage":"fr-FR"},{"@type":"Person","@id":"https:\/\/www.renouvelle.be\/fr\/#\/schema\/person\/9d743366fb269eeceaa8d60e98d289d3","name":"Samuel Alves","url":"https:\/\/www.renouvelle.be\/fr\/author\/salves\/"}]}},"_links":{"self":[{"href":"https:\/\/www.renouvelle.be\/fr\/wp-json\/wp\/v2\/posts\/14737","targetHints":{"allow":["GET"]}}],"collection":[{"href":"https:\/\/www.renouvelle.be\/fr\/wp-json\/wp\/v2\/posts"}],"about":[{"href":"https:\/\/www.renouvelle.be\/fr\/wp-json\/wp\/v2\/types\/post"}],"author":[{"embeddable":true,"href":"https:\/\/www.renouvelle.be\/fr\/wp-json\/wp\/v2\/users\/38"}],"replies":[{"embeddable":true,"href":"https:\/\/www.renouvelle.be\/fr\/wp-json\/wp\/v2\/comments?post=14737"}],"version-history":[{"count":5,"href":"https:\/\/www.renouvelle.be\/fr\/wp-json\/wp\/v2\/posts\/14737\/revisions"}],"predecessor-version":[{"id":14744,"href":"https:\/\/www.renouvelle.be\/fr\/wp-json\/wp\/v2\/posts\/14737\/revisions\/14744"}],"wp:featuredmedia":[{"embeddable":true,"href":"https:\/\/www.renouvelle.be\/fr\/wp-json\/wp\/v2\/media\/14741"}],"wp:attachment":[{"href":"https:\/\/www.renouvelle.be\/fr\/wp-json\/wp\/v2\/media?parent=14737"}],"wp:term":[{"taxonomy":"category","embeddable":true,"href":"https:\/\/www.renouvelle.be\/fr\/wp-json\/wp\/v2\/categories?post=14737"},{"taxonomy":"post_tag","embeddable":true,"href":"https:\/\/www.renouvelle.be\/fr\/wp-json\/wp\/v2\/tags?post=14737"},{"taxonomy":"section","embeddable":true,"href":"https:\/\/www.renouvelle.be\/fr\/wp-json\/wp\/v2\/section?post=14737"}],"curies":[{"name":"wp","href":"https:\/\/api.w.org\/{rel}","templated":true}]}}