{"id":14706,"date":"2025-02-14T15:27:21","date_gmt":"2025-02-14T14:27:21","guid":{"rendered":"https:\/\/www.renouvelle.be\/?p=14706"},"modified":"2025-02-14T16:54:10","modified_gmt":"2025-02-14T15:54:10","slug":"wallonie-diminution-de-60-pour-les-primes-a-la-renovation","status":"publish","type":"post","link":"https:\/\/www.renouvelle.be\/fr\/wallonie-diminution-de-60-pour-les-primes-a-la-renovation\/","title":{"rendered":"Wallonie\u00a0: diminution de 60% pour les primes \u00e0 la r\u00e9novation"},"content":{"rendered":"\n<p>Le Gouvernement wallon a act\u00e9 et lanc\u00e9 sa r\u00e9forme des primes \u00e0 la r\u00e9novation. En attendant une refonte compl\u00e8te du syst\u00e8me en octobre 2026, une <a href=\"https:\/\/www.wallonie.be\/fr\/demarches\/obtenir-une-prime-pour-son-habitation-partir-du-14-fevrier-2025\">p\u00e9riode transitoire<\/a> est mise en place d\u00e8s ce vendredi 14 f\u00e9vrier. Les personnes ayant introduit un dossier avant cette date b\u00e9n\u00e9ficieront du maintien du r\u00e9gime actuel et conserveront les conditions en vigueur au moment du d\u00e9p\u00f4t de leur demande.<\/p>\n\n\n\n<p>Et qu\u2019en est-il de ceux qui ont d\u00e9j\u00e0 entam\u00e9 des travaux avec l\u2019intention de demander une prime ? Ils pourront \u00e9galement en b\u00e9n\u00e9ficier, \u00e0 condition d\u2019avoir vers\u00e9, avant le 14 f\u00e9vrier, au moins 20 % d\u2019acompte pour les travaux et aussi d\u2019avoir introduit leur demande avant le 28 f\u00e9vrier 2025 \u00e0 23h59. Cette phase transitoire concerne aussi bien les primes habitation (avec audit) que les aides pour les petits travaux et les r\u00e9novations de toiture.<\/p>\n\n\n\n<p><strong>Que pr\u00e9voit la phase transitoire appliqu\u00e9e depuis ce vendredi ?<\/strong><\/p>\n\n\n\n<p>Valable jusqu\u2019au <a href=\"https:\/\/www.wallonie.be\/fr\/actualites\/le-gouvernement-wallon-adopte-un-nouveau-regime-de-soutien-temporaire-des-primes-energie?utm_source=chatgpt.com\">1er octobre 2026<\/a>, cette p\u00e9riode se traduit par une diminution de <strong>60 %<\/strong> des montants de base des primes. Les plafonds de remboursement, quant \u00e0 eux, passent de 90 \u00e0 70% du montant des investissements pour les cat\u00e9gories de revenus R1 et R2, et de 90 \u00e0 50% pour les cat\u00e9gories R3 et R4. Enfin, l\u2019obligation de r\u00e9aliser un audit pour les travaux de toiture, y compris l\u2019isolation thermique, est supprim\u00e9e. Sans surprise, suite \u00e0 l\u2019annonce de cette r\u00e9forme, <a href=\"https:\/\/www.rtbf.be\/article\/reforme-des-primes-energie-en-wallonie-les-guichets-energie-debordes-par-les-demandes-d-information-11504058\">les guichets \u00e9nergie croulent<\/a> sous les appels de citoyens inquiets qui comptaient sur ces primes pour la r\u00e9alisation de leurs travaux. De son c\u00f4te, le Gouvernement wallon pr\u00e9voit une am\u00e9lioration des d\u00e9lais de traitement d\u2019ici avril 2025.<\/p>\n\n\n\n<p><em>*Revenu de r\u00e9f\u00e9rence : R1 = inf\u00e9rieur ou \u00e9gal \u00e0 26 900 \u20ac, R2 = compris entre 26 900 \u20ac et 38 300 \u20ac, R3 = compris entre 38 300 \u20ac et 50 600 \u20ac, R4 = compris entre 50 600 \u20ac et 114 400 \u20ac, R5 = sup\u00e9rieur \u00e0 114 400 \u20ac<\/em><\/p>\n\n\n\n<p><\/p>\n","protected":false},"excerpt":{"rendered":"<p>Le Gouvernement wallon a act\u00e9 et lanc\u00e9 sa r\u00e9forme des primes \u00e0 la r\u00e9novation. En attendant une refonte compl\u00e8te du syst\u00e8me en octobre 2026, une p\u00e9riode transitoire est mise en place d\u00e8s ce vendredi 14 f\u00e9vrier. Les personnes ayant introduit un dossier avant cette date b\u00e9n\u00e9ficieront du maintien du r\u00e9gime actuel et conserveront les conditions en vigueur au moment du d\u00e9p\u00f4t de leur demande. Et qu\u2019en est-il de ceux qui ont d\u00e9j\u00e0 entam\u00e9 des travaux avec l\u2019intention de demander une prime ? Ils pourront \u00e9galement en b\u00e9n\u00e9ficier, \u00e0 condition d\u2019avoir vers\u00e9, avant le 14 f\u00e9vrier, au moins 20 % d\u2019acompte pour les travaux et aussi d\u2019avoir introduit leur demande avant le 28 f\u00e9vrier 2025 \u00e0 23h59. Cette phase transitoire concerne aussi bien les primes habitation (avec audit) que les aides pour les petits travaux et les r\u00e9novations de toiture. Que pr\u00e9voit la phase transitoire appliqu\u00e9e depuis ce vendredi ? Valable jusqu\u2019au 1er octobre 2026, cette p\u00e9riode se traduit par une diminution de 60 % des montants de base des primes. Les plafonds de remboursement, quant \u00e0 eux, passent de 90 \u00e0 70% du montant des investissements pour les cat\u00e9gories de revenus R1 et R2, et de 90 \u00e0 50% pour les cat\u00e9gories R3 et R4. Enfin, l\u2019obligation de r\u00e9aliser un audit pour les travaux de toiture, y compris l\u2019isolation thermique, est supprim\u00e9e. Sans surprise, suite \u00e0 l\u2019annonce de cette r\u00e9forme, les guichets \u00e9nergie croulent sous les appels de citoyens inquiets qui comptaient sur ces primes pour la r\u00e9alisation de leurs travaux. De son c\u00f4te, le Gouvernement wallon pr\u00e9voit une am\u00e9lioration des d\u00e9lais de traitement d\u2019ici avril 2025. *Revenu de r\u00e9f\u00e9rence : R1 = inf\u00e9rieur ou \u00e9gal \u00e0 26 900 \u20ac, R2 = compris entre 26 900 \u20ac et 38 300 &hellip; <a href=\"https:\/\/www.renouvelle.be\/fr\/wallonie-diminution-de-60-pour-les-primes-a-la-renovation\/\" class=\"more-link\">Continue reading<span class=\"screen-reader-text\"> \u00ab\u00a0Wallonie\u00a0: diminution de 60% pour les primes \u00e0 la r\u00e9novation\u00a0\u00bb<\/span><\/a><\/p>\n","protected":false},"author":38,"featured_media":14709,"comment_status":"closed","ping_status":"closed","sticky":false,"template":"","format":"standard","meta":{"_acf_changed":false,"footnotes":""},"categories":[16,17],"tags":[],"section":[8],"class_list":["post-14706","post","type-post","status-publish","format-standard","has-post-thumbnail","hentry","category-actualite","category-actualite-en-belgique","section-energie-renouvelables"],"acf":[],"yoast_head":"<!-- This site is optimized with the Yoast SEO plugin v27.5 - https:\/\/yoast.com\/product\/yoast-seo-wordpress\/ -->\n<title>Wallonie\u00a0: diminution de 60% pour les primes \u00e0 la r\u00e9novation - Renouvelle<\/title>\n<meta name=\"description\" content=\"Vous habitez en Wallonie et comptiez sur les primes \u00e0 la r\u00e9novation ? Il va falloir vous d\u00e9p\u00eacher pour b\u00e9n\u00e9ficier du r\u00e9gime actuel !\" \/>\n<meta name=\"robots\" content=\"index, follow, max-snippet:-1, max-image-preview:large, max-video-preview:-1\" \/>\n<link rel=\"canonical\" href=\"https:\/\/www.renouvelle.be\/fr\/wallonie-diminution-de-60-pour-les-primes-a-la-renovation\/\" \/>\n<meta property=\"og:locale\" content=\"fr_FR\" \/>\n<meta property=\"og:type\" content=\"article\" \/>\n<meta property=\"og:title\" content=\"Wallonie\u00a0: diminution de 60% pour les primes \u00e0 la r\u00e9novation - Renouvelle\" \/>\n<meta property=\"og:description\" content=\"Vous habitez en Wallonie et comptiez sur les primes \u00e0 la r\u00e9novation ? Il va falloir vous d\u00e9p\u00eacher pour b\u00e9n\u00e9ficier du r\u00e9gime actuel !\" \/>\n<meta property=\"og:url\" content=\"https:\/\/www.renouvelle.be\/fr\/wallonie-diminution-de-60-pour-les-primes-a-la-renovation\/\" \/>\n<meta property=\"og:site_name\" content=\"Renouvelle\" \/>\n<meta property=\"article:published_time\" content=\"2025-02-14T14:27:21+00:00\" \/>\n<meta property=\"article:modified_time\" content=\"2025-02-14T15:54:10+00:00\" \/>\n<meta property=\"og:image\" content=\"https:\/\/www.renouvelle.be\/wp-content\/uploads\/2025\/02\/AdobeStock_600066902-scaled-e1739543203321.jpeg\" \/>\n\t<meta property=\"og:image:width\" content=\"2560\" \/>\n\t<meta property=\"og:image:height\" content=\"1587\" \/>\n\t<meta property=\"og:image:type\" content=\"image\/jpeg\" \/>\n<meta name=\"author\" content=\"Samuel Alves\" \/>\n<meta name=\"twitter:card\" content=\"summary_large_image\" \/>\n<script type=\"application\/ld+json\" class=\"yoast-schema-graph\">{\"@context\":\"https:\\\/\\\/schema.org\",\"@graph\":[{\"@type\":\"Article\",\"@id\":\"https:\\\/\\\/www.renouvelle.be\\\/fr\\\/wallonie-diminution-de-60-pour-les-primes-a-la-renovation\\\/#article\",\"isPartOf\":{\"@id\":\"https:\\\/\\\/www.renouvelle.be\\\/fr\\\/wallonie-diminution-de-60-pour-les-primes-a-la-renovation\\\/\"},\"author\":{\"name\":\"Samuel Alves\",\"@id\":\"https:\\\/\\\/www.renouvelle.be\\\/fr\\\/#\\\/schema\\\/person\\\/9d743366fb269eeceaa8d60e98d289d3\"},\"headline\":\"Wallonie\u00a0: diminution de 60% pour les primes \u00e0 la r\u00e9novation\",\"datePublished\":\"2025-02-14T14:27:21+00:00\",\"dateModified\":\"2025-02-14T15:54:10+00:00\",\"mainEntityOfPage\":{\"@id\":\"https:\\\/\\\/www.renouvelle.be\\\/fr\\\/wallonie-diminution-de-60-pour-les-primes-a-la-renovation\\\/\"},\"wordCount\":318,\"image\":{\"@id\":\"https:\\\/\\\/www.renouvelle.be\\\/fr\\\/wallonie-diminution-de-60-pour-les-primes-a-la-renovation\\\/#primaryimage\"},\"thumbnailUrl\":\"https:\\\/\\\/www.renouvelle.be\\\/wp-content\\\/uploads\\\/2025\\\/02\\\/AdobeStock_600066902-scaled-e1739543203321.jpeg\",\"articleSection\":[\"Actualit\u00e9\",\"Actualit\u00e9 en Belgique\"],\"inLanguage\":\"fr-FR\"},{\"@type\":\"WebPage\",\"@id\":\"https:\\\/\\\/www.renouvelle.be\\\/fr\\\/wallonie-diminution-de-60-pour-les-primes-a-la-renovation\\\/\",\"url\":\"https:\\\/\\\/www.renouvelle.be\\\/fr\\\/wallonie-diminution-de-60-pour-les-primes-a-la-renovation\\\/\",\"name\":\"Wallonie\u00a0: diminution de 60% pour les primes \u00e0 la r\u00e9novation - Renouvelle\",\"isPartOf\":{\"@id\":\"https:\\\/\\\/www.renouvelle.be\\\/fr\\\/#website\"},\"primaryImageOfPage\":{\"@id\":\"https:\\\/\\\/www.renouvelle.be\\\/fr\\\/wallonie-diminution-de-60-pour-les-primes-a-la-renovation\\\/#primaryimage\"},\"image\":{\"@id\":\"https:\\\/\\\/www.renouvelle.be\\\/fr\\\/wallonie-diminution-de-60-pour-les-primes-a-la-renovation\\\/#primaryimage\"},\"thumbnailUrl\":\"https:\\\/\\\/www.renouvelle.be\\\/wp-content\\\/uploads\\\/2025\\\/02\\\/AdobeStock_600066902-scaled-e1739543203321.jpeg\",\"datePublished\":\"2025-02-14T14:27:21+00:00\",\"dateModified\":\"2025-02-14T15:54:10+00:00\",\"author\":{\"@id\":\"https:\\\/\\\/www.renouvelle.be\\\/fr\\\/#\\\/schema\\\/person\\\/9d743366fb269eeceaa8d60e98d289d3\"},\"description\":\"Vous habitez en Wallonie et comptiez sur les primes \u00e0 la r\u00e9novation ? Il va falloir vous d\u00e9p\u00eacher pour b\u00e9n\u00e9ficier du r\u00e9gime actuel !\",\"breadcrumb\":{\"@id\":\"https:\\\/\\\/www.renouvelle.be\\\/fr\\\/wallonie-diminution-de-60-pour-les-primes-a-la-renovation\\\/#breadcrumb\"},\"inLanguage\":\"fr-FR\",\"potentialAction\":[{\"@type\":\"ReadAction\",\"target\":[\"https:\\\/\\\/www.renouvelle.be\\\/fr\\\/wallonie-diminution-de-60-pour-les-primes-a-la-renovation\\\/\"]}]},{\"@type\":\"ImageObject\",\"inLanguage\":\"fr-FR\",\"@id\":\"https:\\\/\\\/www.renouvelle.be\\\/fr\\\/wallonie-diminution-de-60-pour-les-primes-a-la-renovation\\\/#primaryimage\",\"url\":\"https:\\\/\\\/www.renouvelle.be\\\/wp-content\\\/uploads\\\/2025\\\/02\\\/AdobeStock_600066902-scaled-e1739543203321.jpeg\",\"contentUrl\":\"https:\\\/\\\/www.renouvelle.be\\\/wp-content\\\/uploads\\\/2025\\\/02\\\/AdobeStock_600066902-scaled-e1739543203321.jpeg\",\"width\":2560,\"height\":1587},{\"@type\":\"BreadcrumbList\",\"@id\":\"https:\\\/\\\/www.renouvelle.be\\\/fr\\\/wallonie-diminution-de-60-pour-les-primes-a-la-renovation\\\/#breadcrumb\",\"itemListElement\":[{\"@type\":\"ListItem\",\"position\":1,\"name\":\"Accueil\",\"item\":\"https:\\\/\\\/www.renouvelle.be\\\/fr\\\/\"},{\"@type\":\"ListItem\",\"position\":2,\"name\":\"Wallonie\u00a0: diminution de 60% pour les primes \u00e0 la r\u00e9novation\"}]},{\"@type\":\"WebSite\",\"@id\":\"https:\\\/\\\/www.renouvelle.be\\\/fr\\\/#website\",\"url\":\"https:\\\/\\\/www.renouvelle.be\\\/fr\\\/\",\"name\":\"Renouvelle\",\"description\":\"L&#039;actualit\u00e9 de l&#039;\u00e9nergie durable\",\"potentialAction\":[{\"@type\":\"SearchAction\",\"target\":{\"@type\":\"EntryPoint\",\"urlTemplate\":\"https:\\\/\\\/www.renouvelle.be\\\/fr\\\/?s={search_term_string}\"},\"query-input\":{\"@type\":\"PropertyValueSpecification\",\"valueRequired\":true,\"valueName\":\"search_term_string\"}}],\"inLanguage\":\"fr-FR\"},{\"@type\":\"Person\",\"@id\":\"https:\\\/\\\/www.renouvelle.be\\\/fr\\\/#\\\/schema\\\/person\\\/9d743366fb269eeceaa8d60e98d289d3\",\"name\":\"Samuel Alves\",\"url\":\"https:\\\/\\\/www.renouvelle.be\\\/fr\\\/author\\\/salves\\\/\"}]}<\/script>\n<!-- \/ Yoast SEO plugin. -->","yoast_head_json":{"title":"Wallonie\u00a0: diminution de 60% pour les primes \u00e0 la r\u00e9novation - Renouvelle","description":"Vous habitez en Wallonie et comptiez sur les primes \u00e0 la r\u00e9novation ? Il va falloir vous d\u00e9p\u00eacher pour b\u00e9n\u00e9ficier du r\u00e9gime actuel !","robots":{"index":"index","follow":"follow","max-snippet":"max-snippet:-1","max-image-preview":"max-image-preview:large","max-video-preview":"max-video-preview:-1"},"canonical":"https:\/\/www.renouvelle.be\/fr\/wallonie-diminution-de-60-pour-les-primes-a-la-renovation\/","og_locale":"fr_FR","og_type":"article","og_title":"Wallonie\u00a0: diminution de 60% pour les primes \u00e0 la r\u00e9novation - Renouvelle","og_description":"Vous habitez en Wallonie et comptiez sur les primes \u00e0 la r\u00e9novation ? Il va falloir vous d\u00e9p\u00eacher pour b\u00e9n\u00e9ficier du r\u00e9gime actuel !","og_url":"https:\/\/www.renouvelle.be\/fr\/wallonie-diminution-de-60-pour-les-primes-a-la-renovation\/","og_site_name":"Renouvelle","article_published_time":"2025-02-14T14:27:21+00:00","article_modified_time":"2025-02-14T15:54:10+00:00","og_image":[{"width":2560,"height":1587,"url":"https:\/\/www.renouvelle.be\/wp-content\/uploads\/2025\/02\/AdobeStock_600066902-scaled-e1739543203321.jpeg","type":"image\/jpeg"}],"author":"Samuel Alves","twitter_card":"summary_large_image","schema":{"@context":"https:\/\/schema.org","@graph":[{"@type":"Article","@id":"https:\/\/www.renouvelle.be\/fr\/wallonie-diminution-de-60-pour-les-primes-a-la-renovation\/#article","isPartOf":{"@id":"https:\/\/www.renouvelle.be\/fr\/wallonie-diminution-de-60-pour-les-primes-a-la-renovation\/"},"author":{"name":"Samuel Alves","@id":"https:\/\/www.renouvelle.be\/fr\/#\/schema\/person\/9d743366fb269eeceaa8d60e98d289d3"},"headline":"Wallonie\u00a0: diminution de 60% pour les primes \u00e0 la r\u00e9novation","datePublished":"2025-02-14T14:27:21+00:00","dateModified":"2025-02-14T15:54:10+00:00","mainEntityOfPage":{"@id":"https:\/\/www.renouvelle.be\/fr\/wallonie-diminution-de-60-pour-les-primes-a-la-renovation\/"},"wordCount":318,"image":{"@id":"https:\/\/www.renouvelle.be\/fr\/wallonie-diminution-de-60-pour-les-primes-a-la-renovation\/#primaryimage"},"thumbnailUrl":"https:\/\/www.renouvelle.be\/wp-content\/uploads\/2025\/02\/AdobeStock_600066902-scaled-e1739543203321.jpeg","articleSection":["Actualit\u00e9","Actualit\u00e9 en Belgique"],"inLanguage":"fr-FR"},{"@type":"WebPage","@id":"https:\/\/www.renouvelle.be\/fr\/wallonie-diminution-de-60-pour-les-primes-a-la-renovation\/","url":"https:\/\/www.renouvelle.be\/fr\/wallonie-diminution-de-60-pour-les-primes-a-la-renovation\/","name":"Wallonie\u00a0: diminution de 60% pour les primes \u00e0 la r\u00e9novation - Renouvelle","isPartOf":{"@id":"https:\/\/www.renouvelle.be\/fr\/#website"},"primaryImageOfPage":{"@id":"https:\/\/www.renouvelle.be\/fr\/wallonie-diminution-de-60-pour-les-primes-a-la-renovation\/#primaryimage"},"image":{"@id":"https:\/\/www.renouvelle.be\/fr\/wallonie-diminution-de-60-pour-les-primes-a-la-renovation\/#primaryimage"},"thumbnailUrl":"https:\/\/www.renouvelle.be\/wp-content\/uploads\/2025\/02\/AdobeStock_600066902-scaled-e1739543203321.jpeg","datePublished":"2025-02-14T14:27:21+00:00","dateModified":"2025-02-14T15:54:10+00:00","author":{"@id":"https:\/\/www.renouvelle.be\/fr\/#\/schema\/person\/9d743366fb269eeceaa8d60e98d289d3"},"description":"Vous habitez en Wallonie et comptiez sur les primes \u00e0 la r\u00e9novation ? Il va falloir vous d\u00e9p\u00eacher pour b\u00e9n\u00e9ficier du r\u00e9gime actuel !","breadcrumb":{"@id":"https:\/\/www.renouvelle.be\/fr\/wallonie-diminution-de-60-pour-les-primes-a-la-renovation\/#breadcrumb"},"inLanguage":"fr-FR","potentialAction":[{"@type":"ReadAction","target":["https:\/\/www.renouvelle.be\/fr\/wallonie-diminution-de-60-pour-les-primes-a-la-renovation\/"]}]},{"@type":"ImageObject","inLanguage":"fr-FR","@id":"https:\/\/www.renouvelle.be\/fr\/wallonie-diminution-de-60-pour-les-primes-a-la-renovation\/#primaryimage","url":"https:\/\/www.renouvelle.be\/wp-content\/uploads\/2025\/02\/AdobeStock_600066902-scaled-e1739543203321.jpeg","contentUrl":"https:\/\/www.renouvelle.be\/wp-content\/uploads\/2025\/02\/AdobeStock_600066902-scaled-e1739543203321.jpeg","width":2560,"height":1587},{"@type":"BreadcrumbList","@id":"https:\/\/www.renouvelle.be\/fr\/wallonie-diminution-de-60-pour-les-primes-a-la-renovation\/#breadcrumb","itemListElement":[{"@type":"ListItem","position":1,"name":"Accueil","item":"https:\/\/www.renouvelle.be\/fr\/"},{"@type":"ListItem","position":2,"name":"Wallonie\u00a0: diminution de 60% pour les primes \u00e0 la r\u00e9novation"}]},{"@type":"WebSite","@id":"https:\/\/www.renouvelle.be\/fr\/#website","url":"https:\/\/www.renouvelle.be\/fr\/","name":"Renouvelle","description":"L&#039;actualit\u00e9 de l&#039;\u00e9nergie durable","potentialAction":[{"@type":"SearchAction","target":{"@type":"EntryPoint","urlTemplate":"https:\/\/www.renouvelle.be\/fr\/?s={search_term_string}"},"query-input":{"@type":"PropertyValueSpecification","valueRequired":true,"valueName":"search_term_string"}}],"inLanguage":"fr-FR"},{"@type":"Person","@id":"https:\/\/www.renouvelle.be\/fr\/#\/schema\/person\/9d743366fb269eeceaa8d60e98d289d3","name":"Samuel Alves","url":"https:\/\/www.renouvelle.be\/fr\/author\/salves\/"}]}},"_links":{"self":[{"href":"https:\/\/www.renouvelle.be\/fr\/wp-json\/wp\/v2\/posts\/14706","targetHints":{"allow":["GET"]}}],"collection":[{"href":"https:\/\/www.renouvelle.be\/fr\/wp-json\/wp\/v2\/posts"}],"about":[{"href":"https:\/\/www.renouvelle.be\/fr\/wp-json\/wp\/v2\/types\/post"}],"author":[{"embeddable":true,"href":"https:\/\/www.renouvelle.be\/fr\/wp-json\/wp\/v2\/users\/38"}],"replies":[{"embeddable":true,"href":"https:\/\/www.renouvelle.be\/fr\/wp-json\/wp\/v2\/comments?post=14706"}],"version-history":[{"count":7,"href":"https:\/\/www.renouvelle.be\/fr\/wp-json\/wp\/v2\/posts\/14706\/revisions"}],"predecessor-version":[{"id":14720,"href":"https:\/\/www.renouvelle.be\/fr\/wp-json\/wp\/v2\/posts\/14706\/revisions\/14720"}],"wp:featuredmedia":[{"embeddable":true,"href":"https:\/\/www.renouvelle.be\/fr\/wp-json\/wp\/v2\/media\/14709"}],"wp:attachment":[{"href":"https:\/\/www.renouvelle.be\/fr\/wp-json\/wp\/v2\/media?parent=14706"}],"wp:term":[{"taxonomy":"category","embeddable":true,"href":"https:\/\/www.renouvelle.be\/fr\/wp-json\/wp\/v2\/categories?post=14706"},{"taxonomy":"post_tag","embeddable":true,"href":"https:\/\/www.renouvelle.be\/fr\/wp-json\/wp\/v2\/tags?post=14706"},{"taxonomy":"section","embeddable":true,"href":"https:\/\/www.renouvelle.be\/fr\/wp-json\/wp\/v2\/section?post=14706"}],"curies":[{"name":"wp","href":"https:\/\/api.w.org\/{rel}","templated":true}]}}