{"id":14695,"date":"2025-02-13T11:14:23","date_gmt":"2025-02-13T10:14:23","guid":{"rendered":"https:\/\/www.renouvelle.be\/?p=14695"},"modified":"2025-02-14T15:41:09","modified_gmt":"2025-02-14T14:41:09","slug":"flandre-les-panneaux-solaires-obligatoires-pour-les-entreprises","status":"publish","type":"post","link":"https:\/\/www.renouvelle.be\/fr\/flandre-les-panneaux-solaires-obligatoires-pour-les-entreprises\/","title":{"rendered":"Flandre\u00a0: les panneaux solaires obligatoires pour les entreprises"},"content":{"rendered":"\n<p>S\u2019inscrivant dans un objectif de neutralit\u00e9 carbone d\u2019ici 2050, la Flandre cherche \u00e0 mieux utiliser l\u2019\u00e9nergie, notamment gr\u00e2ce \u00e0 une consommation plus largement issue du renouvelable. C\u2019est pour cela que, d\u2019ici le 1<sup>er<\/sup> juillet 2025, toute entreprise consommant plus de 1 GWh par an, depuis 2021 et\/ou dans les ann\u00e9es \u00e0 venir, sera tenue d\u2019installer des panneaux solaires.<\/p>\n\n\n\n<p><a href=\"https:\/\/www.veb.be\/fr\/nieuws\/panneaux-solaires-flandre#:~:text=%C3%80%20partir%20du%2030%20juillet,par%20m%C3%A8tre%20carr%C3%A9%20est%20requis.\" target=\"_blank\" rel=\"noreferrer noopener\">2 500 b\u00e2timents<\/a> d\u2019entreprises sont concern\u00e9s par cette directive et devront installer un minimum de 12,5 Wc par m\u00e8tre carr\u00e9 de toiture. Une norme qui augmentera progressivement dans le temps puisqu\u2019\u00e0 partir du 1er janvier 2030, elle passera \u00e0 18,75 Wc\/m\u00b2 et jusqu\u2019\u00e0 25 Wc\/m\u00b2 \u00e0 partir de 2035.<\/p>\n\n\n\n<p>Mais ce n\u2019est pas tout, puisque quelque 1 300 b\u00e2timents publics devront \u00e9galement fournir leur part d\u2019efforts pour la <a href=\"https:\/\/www.renouvelle.be\/fr\/les-kits-solaires-plug-play-bientot-autorises-en-belgique\/\" target=\"_blank\" rel=\"noreferrer noopener\">transition \u00e9nerg\u00e9tique<\/a>. Pour ces derniers, leur limite de consommation a \u00e9t\u00e9 fix\u00e9e \u00e0 250 MWh par an.<\/p>\n\n\n\n<p>Ces obligations s\u2019inscrivent dans un cadre plus large de nouvelles <a href=\"https:\/\/www.vlaanderen.be\/epb-pedia\/overzicht-van-epb-wijzigingen-per-jaar\/epb-wijzigingen-vanaf-2025\/epb-eisen-wijzigingen-vanaf-2025\" target=\"_blank\" rel=\"noreferrer noopener\">exigences \u00e9nerg\u00e9tiques<\/a>, comme celle pour les nouvelles constructions qui ne pourront plus \u00eatre raccord\u00e9es au gaz naturel, qu\u2019il s\u2019agisse de b\u00e2timents r\u00e9sidentiels ou non. Dor\u00e9navant, les nouvelles maisons devront \u00eatre \u00e9quip\u00e9es de panneaux solaires et produire au moins 15 kWh\/m\u00b2.<\/p>\n","protected":false},"excerpt":{"rendered":"<p>S\u2019inscrivant dans un objectif de neutralit\u00e9 carbone d\u2019ici 2050, la Flandre cherche \u00e0 mieux utiliser l\u2019\u00e9nergie, notamment gr\u00e2ce \u00e0 une consommation plus largement issue du renouvelable. C\u2019est pour cela que, d\u2019ici le 1er juillet 2025, toute entreprise consommant plus de 1 GWh par an, depuis 2021 et\/ou dans les ann\u00e9es \u00e0 venir, sera tenue d\u2019installer des panneaux solaires. 2 500 b\u00e2timents d\u2019entreprises sont concern\u00e9s par cette directive et devront installer un minimum de 12,5 Wc par m\u00e8tre carr\u00e9 de toiture. Une norme qui augmentera progressivement dans le temps puisqu\u2019\u00e0 partir du 1er janvier 2030, elle passera \u00e0 18,75 Wc\/m\u00b2 et jusqu\u2019\u00e0 25 Wc\/m\u00b2 \u00e0 partir de 2035. Mais ce n\u2019est pas tout, puisque quelque 1 300 b\u00e2timents publics devront \u00e9galement fournir leur part d\u2019efforts pour la transition \u00e9nerg\u00e9tique. Pour ces derniers, leur limite de consommation a \u00e9t\u00e9 fix\u00e9e \u00e0 250 MWh par an. Ces obligations s\u2019inscrivent dans un cadre plus large de nouvelles exigences \u00e9nerg\u00e9tiques, comme celle pour les nouvelles constructions qui ne pourront plus \u00eatre raccord\u00e9es au gaz naturel, qu\u2019il s\u2019agisse de b\u00e2timents r\u00e9sidentiels ou non. Dor\u00e9navant, les nouvelles maisons devront \u00eatre \u00e9quip\u00e9es de panneaux solaires et produire au moins 15 kWh\/m\u00b2.<\/p>\n","protected":false},"author":38,"featured_media":14697,"comment_status":"closed","ping_status":"closed","sticky":false,"template":"","format":"standard","meta":{"_acf_changed":false,"footnotes":""},"categories":[16,17],"tags":[],"section":[13],"class_list":["post-14695","post","type-post","status-publish","format-standard","has-post-thumbnail","hentry","category-actualite","category-actualite-en-belgique","section-solaire"],"acf":[],"yoast_head":"<!-- This site is optimized with the Yoast SEO plugin v27.5 - https:\/\/yoast.com\/product\/yoast-seo-wordpress\/ -->\n<title>Flandre\u00a0: les panneaux solaires obligatoires pour les entreprises - Renouvelle<\/title>\n<meta name=\"description\" content=\"En 2025, les entreprises qui consomment plus de 1 GWh d&#039;\u00e9lectricit\u00e9 devront obligatoirement installer des panneaux solaires.\" \/>\n<meta name=\"robots\" content=\"index, follow, max-snippet:-1, max-image-preview:large, max-video-preview:-1\" \/>\n<link rel=\"canonical\" href=\"https:\/\/www.renouvelle.be\/fr\/flandre-les-panneaux-solaires-obligatoires-pour-les-entreprises\/\" \/>\n<meta property=\"og:locale\" content=\"fr_FR\" \/>\n<meta property=\"og:type\" content=\"article\" \/>\n<meta property=\"og:title\" content=\"Flandre\u00a0: les panneaux solaires obligatoires pour les entreprises - Renouvelle\" \/>\n<meta property=\"og:description\" content=\"En 2025, les entreprises qui consomment plus de 1 GWh d&#039;\u00e9lectricit\u00e9 devront obligatoirement installer des panneaux solaires.\" \/>\n<meta property=\"og:url\" content=\"https:\/\/www.renouvelle.be\/fr\/flandre-les-panneaux-solaires-obligatoires-pour-les-entreprises\/\" \/>\n<meta property=\"og:site_name\" content=\"Renouvelle\" \/>\n<meta property=\"article:published_time\" content=\"2025-02-13T10:14:23+00:00\" \/>\n<meta property=\"article:modified_time\" content=\"2025-02-14T14:41:09+00:00\" \/>\n<meta property=\"og:image\" content=\"https:\/\/www.renouvelle.be\/wp-content\/uploads\/2025\/02\/AdobeStock_470714998-scaled-e1739373090510.jpeg\" \/>\n\t<meta property=\"og:image:width\" content=\"2560\" \/>\n\t<meta property=\"og:image:height\" content=\"1553\" \/>\n\t<meta property=\"og:image:type\" content=\"image\/jpeg\" \/>\n<meta name=\"author\" content=\"Samuel Alves\" \/>\n<meta name=\"twitter:card\" content=\"summary_large_image\" \/>\n<script type=\"application\/ld+json\" class=\"yoast-schema-graph\">{\"@context\":\"https:\\\/\\\/schema.org\",\"@graph\":[{\"@type\":\"Article\",\"@id\":\"https:\\\/\\\/www.renouvelle.be\\\/fr\\\/flandre-les-panneaux-solaires-obligatoires-pour-les-entreprises\\\/#article\",\"isPartOf\":{\"@id\":\"https:\\\/\\\/www.renouvelle.be\\\/fr\\\/flandre-les-panneaux-solaires-obligatoires-pour-les-entreprises\\\/\"},\"author\":{\"name\":\"Samuel Alves\",\"@id\":\"https:\\\/\\\/www.renouvelle.be\\\/fr\\\/#\\\/schema\\\/person\\\/9d743366fb269eeceaa8d60e98d289d3\"},\"headline\":\"Flandre\u00a0: les panneaux solaires obligatoires pour les entreprises\",\"datePublished\":\"2025-02-13T10:14:23+00:00\",\"dateModified\":\"2025-02-14T14:41:09+00:00\",\"mainEntityOfPage\":{\"@id\":\"https:\\\/\\\/www.renouvelle.be\\\/fr\\\/flandre-les-panneaux-solaires-obligatoires-pour-les-entreprises\\\/\"},\"wordCount\":210,\"image\":{\"@id\":\"https:\\\/\\\/www.renouvelle.be\\\/fr\\\/flandre-les-panneaux-solaires-obligatoires-pour-les-entreprises\\\/#primaryimage\"},\"thumbnailUrl\":\"https:\\\/\\\/www.renouvelle.be\\\/wp-content\\\/uploads\\\/2025\\\/02\\\/AdobeStock_470714998-scaled-e1739373090510.jpeg\",\"articleSection\":[\"Actualit\u00e9\",\"Actualit\u00e9 en Belgique\"],\"inLanguage\":\"fr-FR\"},{\"@type\":\"WebPage\",\"@id\":\"https:\\\/\\\/www.renouvelle.be\\\/fr\\\/flandre-les-panneaux-solaires-obligatoires-pour-les-entreprises\\\/\",\"url\":\"https:\\\/\\\/www.renouvelle.be\\\/fr\\\/flandre-les-panneaux-solaires-obligatoires-pour-les-entreprises\\\/\",\"name\":\"Flandre\u00a0: les panneaux solaires obligatoires pour les entreprises - Renouvelle\",\"isPartOf\":{\"@id\":\"https:\\\/\\\/www.renouvelle.be\\\/fr\\\/#website\"},\"primaryImageOfPage\":{\"@id\":\"https:\\\/\\\/www.renouvelle.be\\\/fr\\\/flandre-les-panneaux-solaires-obligatoires-pour-les-entreprises\\\/#primaryimage\"},\"image\":{\"@id\":\"https:\\\/\\\/www.renouvelle.be\\\/fr\\\/flandre-les-panneaux-solaires-obligatoires-pour-les-entreprises\\\/#primaryimage\"},\"thumbnailUrl\":\"https:\\\/\\\/www.renouvelle.be\\\/wp-content\\\/uploads\\\/2025\\\/02\\\/AdobeStock_470714998-scaled-e1739373090510.jpeg\",\"datePublished\":\"2025-02-13T10:14:23+00:00\",\"dateModified\":\"2025-02-14T14:41:09+00:00\",\"author\":{\"@id\":\"https:\\\/\\\/www.renouvelle.be\\\/fr\\\/#\\\/schema\\\/person\\\/9d743366fb269eeceaa8d60e98d289d3\"},\"description\":\"En 2025, les entreprises qui consomment plus de 1 GWh d'\u00e9lectricit\u00e9 devront obligatoirement installer des panneaux solaires.\",\"breadcrumb\":{\"@id\":\"https:\\\/\\\/www.renouvelle.be\\\/fr\\\/flandre-les-panneaux-solaires-obligatoires-pour-les-entreprises\\\/#breadcrumb\"},\"inLanguage\":\"fr-FR\",\"potentialAction\":[{\"@type\":\"ReadAction\",\"target\":[\"https:\\\/\\\/www.renouvelle.be\\\/fr\\\/flandre-les-panneaux-solaires-obligatoires-pour-les-entreprises\\\/\"]}]},{\"@type\":\"ImageObject\",\"inLanguage\":\"fr-FR\",\"@id\":\"https:\\\/\\\/www.renouvelle.be\\\/fr\\\/flandre-les-panneaux-solaires-obligatoires-pour-les-entreprises\\\/#primaryimage\",\"url\":\"https:\\\/\\\/www.renouvelle.be\\\/wp-content\\\/uploads\\\/2025\\\/02\\\/AdobeStock_470714998-scaled-e1739373090510.jpeg\",\"contentUrl\":\"https:\\\/\\\/www.renouvelle.be\\\/wp-content\\\/uploads\\\/2025\\\/02\\\/AdobeStock_470714998-scaled-e1739373090510.jpeg\",\"width\":2560,\"height\":1553},{\"@type\":\"BreadcrumbList\",\"@id\":\"https:\\\/\\\/www.renouvelle.be\\\/fr\\\/flandre-les-panneaux-solaires-obligatoires-pour-les-entreprises\\\/#breadcrumb\",\"itemListElement\":[{\"@type\":\"ListItem\",\"position\":1,\"name\":\"Accueil\",\"item\":\"https:\\\/\\\/www.renouvelle.be\\\/fr\\\/\"},{\"@type\":\"ListItem\",\"position\":2,\"name\":\"Flandre\u00a0: les panneaux solaires obligatoires pour les entreprises\"}]},{\"@type\":\"WebSite\",\"@id\":\"https:\\\/\\\/www.renouvelle.be\\\/fr\\\/#website\",\"url\":\"https:\\\/\\\/www.renouvelle.be\\\/fr\\\/\",\"name\":\"Renouvelle\",\"description\":\"L&#039;actualit\u00e9 de l&#039;\u00e9nergie durable\",\"potentialAction\":[{\"@type\":\"SearchAction\",\"target\":{\"@type\":\"EntryPoint\",\"urlTemplate\":\"https:\\\/\\\/www.renouvelle.be\\\/fr\\\/?s={search_term_string}\"},\"query-input\":{\"@type\":\"PropertyValueSpecification\",\"valueRequired\":true,\"valueName\":\"search_term_string\"}}],\"inLanguage\":\"fr-FR\"},{\"@type\":\"Person\",\"@id\":\"https:\\\/\\\/www.renouvelle.be\\\/fr\\\/#\\\/schema\\\/person\\\/9d743366fb269eeceaa8d60e98d289d3\",\"name\":\"Samuel Alves\",\"url\":\"https:\\\/\\\/www.renouvelle.be\\\/fr\\\/author\\\/salves\\\/\"}]}<\/script>\n<!-- \/ Yoast SEO plugin. -->","yoast_head_json":{"title":"Flandre\u00a0: les panneaux solaires obligatoires pour les entreprises - Renouvelle","description":"En 2025, les entreprises qui consomment plus de 1 GWh d'\u00e9lectricit\u00e9 devront obligatoirement installer des panneaux solaires.","robots":{"index":"index","follow":"follow","max-snippet":"max-snippet:-1","max-image-preview":"max-image-preview:large","max-video-preview":"max-video-preview:-1"},"canonical":"https:\/\/www.renouvelle.be\/fr\/flandre-les-panneaux-solaires-obligatoires-pour-les-entreprises\/","og_locale":"fr_FR","og_type":"article","og_title":"Flandre\u00a0: les panneaux solaires obligatoires pour les entreprises - Renouvelle","og_description":"En 2025, les entreprises qui consomment plus de 1 GWh d'\u00e9lectricit\u00e9 devront obligatoirement installer des panneaux solaires.","og_url":"https:\/\/www.renouvelle.be\/fr\/flandre-les-panneaux-solaires-obligatoires-pour-les-entreprises\/","og_site_name":"Renouvelle","article_published_time":"2025-02-13T10:14:23+00:00","article_modified_time":"2025-02-14T14:41:09+00:00","og_image":[{"width":2560,"height":1553,"url":"https:\/\/www.renouvelle.be\/wp-content\/uploads\/2025\/02\/AdobeStock_470714998-scaled-e1739373090510.jpeg","type":"image\/jpeg"}],"author":"Samuel Alves","twitter_card":"summary_large_image","schema":{"@context":"https:\/\/schema.org","@graph":[{"@type":"Article","@id":"https:\/\/www.renouvelle.be\/fr\/flandre-les-panneaux-solaires-obligatoires-pour-les-entreprises\/#article","isPartOf":{"@id":"https:\/\/www.renouvelle.be\/fr\/flandre-les-panneaux-solaires-obligatoires-pour-les-entreprises\/"},"author":{"name":"Samuel Alves","@id":"https:\/\/www.renouvelle.be\/fr\/#\/schema\/person\/9d743366fb269eeceaa8d60e98d289d3"},"headline":"Flandre\u00a0: les panneaux solaires obligatoires pour les entreprises","datePublished":"2025-02-13T10:14:23+00:00","dateModified":"2025-02-14T14:41:09+00:00","mainEntityOfPage":{"@id":"https:\/\/www.renouvelle.be\/fr\/flandre-les-panneaux-solaires-obligatoires-pour-les-entreprises\/"},"wordCount":210,"image":{"@id":"https:\/\/www.renouvelle.be\/fr\/flandre-les-panneaux-solaires-obligatoires-pour-les-entreprises\/#primaryimage"},"thumbnailUrl":"https:\/\/www.renouvelle.be\/wp-content\/uploads\/2025\/02\/AdobeStock_470714998-scaled-e1739373090510.jpeg","articleSection":["Actualit\u00e9","Actualit\u00e9 en Belgique"],"inLanguage":"fr-FR"},{"@type":"WebPage","@id":"https:\/\/www.renouvelle.be\/fr\/flandre-les-panneaux-solaires-obligatoires-pour-les-entreprises\/","url":"https:\/\/www.renouvelle.be\/fr\/flandre-les-panneaux-solaires-obligatoires-pour-les-entreprises\/","name":"Flandre\u00a0: les panneaux solaires obligatoires pour les entreprises - Renouvelle","isPartOf":{"@id":"https:\/\/www.renouvelle.be\/fr\/#website"},"primaryImageOfPage":{"@id":"https:\/\/www.renouvelle.be\/fr\/flandre-les-panneaux-solaires-obligatoires-pour-les-entreprises\/#primaryimage"},"image":{"@id":"https:\/\/www.renouvelle.be\/fr\/flandre-les-panneaux-solaires-obligatoires-pour-les-entreprises\/#primaryimage"},"thumbnailUrl":"https:\/\/www.renouvelle.be\/wp-content\/uploads\/2025\/02\/AdobeStock_470714998-scaled-e1739373090510.jpeg","datePublished":"2025-02-13T10:14:23+00:00","dateModified":"2025-02-14T14:41:09+00:00","author":{"@id":"https:\/\/www.renouvelle.be\/fr\/#\/schema\/person\/9d743366fb269eeceaa8d60e98d289d3"},"description":"En 2025, les entreprises qui consomment plus de 1 GWh d'\u00e9lectricit\u00e9 devront obligatoirement installer des panneaux solaires.","breadcrumb":{"@id":"https:\/\/www.renouvelle.be\/fr\/flandre-les-panneaux-solaires-obligatoires-pour-les-entreprises\/#breadcrumb"},"inLanguage":"fr-FR","potentialAction":[{"@type":"ReadAction","target":["https:\/\/www.renouvelle.be\/fr\/flandre-les-panneaux-solaires-obligatoires-pour-les-entreprises\/"]}]},{"@type":"ImageObject","inLanguage":"fr-FR","@id":"https:\/\/www.renouvelle.be\/fr\/flandre-les-panneaux-solaires-obligatoires-pour-les-entreprises\/#primaryimage","url":"https:\/\/www.renouvelle.be\/wp-content\/uploads\/2025\/02\/AdobeStock_470714998-scaled-e1739373090510.jpeg","contentUrl":"https:\/\/www.renouvelle.be\/wp-content\/uploads\/2025\/02\/AdobeStock_470714998-scaled-e1739373090510.jpeg","width":2560,"height":1553},{"@type":"BreadcrumbList","@id":"https:\/\/www.renouvelle.be\/fr\/flandre-les-panneaux-solaires-obligatoires-pour-les-entreprises\/#breadcrumb","itemListElement":[{"@type":"ListItem","position":1,"name":"Accueil","item":"https:\/\/www.renouvelle.be\/fr\/"},{"@type":"ListItem","position":2,"name":"Flandre\u00a0: les panneaux solaires obligatoires pour les entreprises"}]},{"@type":"WebSite","@id":"https:\/\/www.renouvelle.be\/fr\/#website","url":"https:\/\/www.renouvelle.be\/fr\/","name":"Renouvelle","description":"L&#039;actualit\u00e9 de l&#039;\u00e9nergie durable","potentialAction":[{"@type":"SearchAction","target":{"@type":"EntryPoint","urlTemplate":"https:\/\/www.renouvelle.be\/fr\/?s={search_term_string}"},"query-input":{"@type":"PropertyValueSpecification","valueRequired":true,"valueName":"search_term_string"}}],"inLanguage":"fr-FR"},{"@type":"Person","@id":"https:\/\/www.renouvelle.be\/fr\/#\/schema\/person\/9d743366fb269eeceaa8d60e98d289d3","name":"Samuel Alves","url":"https:\/\/www.renouvelle.be\/fr\/author\/salves\/"}]}},"_links":{"self":[{"href":"https:\/\/www.renouvelle.be\/fr\/wp-json\/wp\/v2\/posts\/14695","targetHints":{"allow":["GET"]}}],"collection":[{"href":"https:\/\/www.renouvelle.be\/fr\/wp-json\/wp\/v2\/posts"}],"about":[{"href":"https:\/\/www.renouvelle.be\/fr\/wp-json\/wp\/v2\/types\/post"}],"author":[{"embeddable":true,"href":"https:\/\/www.renouvelle.be\/fr\/wp-json\/wp\/v2\/users\/38"}],"replies":[{"embeddable":true,"href":"https:\/\/www.renouvelle.be\/fr\/wp-json\/wp\/v2\/comments?post=14695"}],"version-history":[{"count":6,"href":"https:\/\/www.renouvelle.be\/fr\/wp-json\/wp\/v2\/posts\/14695\/revisions"}],"predecessor-version":[{"id":14714,"href":"https:\/\/www.renouvelle.be\/fr\/wp-json\/wp\/v2\/posts\/14695\/revisions\/14714"}],"wp:featuredmedia":[{"embeddable":true,"href":"https:\/\/www.renouvelle.be\/fr\/wp-json\/wp\/v2\/media\/14697"}],"wp:attachment":[{"href":"https:\/\/www.renouvelle.be\/fr\/wp-json\/wp\/v2\/media?parent=14695"}],"wp:term":[{"taxonomy":"category","embeddable":true,"href":"https:\/\/www.renouvelle.be\/fr\/wp-json\/wp\/v2\/categories?post=14695"},{"taxonomy":"post_tag","embeddable":true,"href":"https:\/\/www.renouvelle.be\/fr\/wp-json\/wp\/v2\/tags?post=14695"},{"taxonomy":"section","embeddable":true,"href":"https:\/\/www.renouvelle.be\/fr\/wp-json\/wp\/v2\/section?post=14695"}],"curies":[{"name":"wp","href":"https:\/\/api.w.org\/{rel}","templated":true}]}}