{"id":14658,"date":"2025-02-06T11:28:10","date_gmt":"2025-02-06T10:28:10","guid":{"rendered":"https:\/\/www.renouvelle.be\/?p=14658"},"modified":"2025-02-06T11:28:14","modified_gmt":"2025-02-06T10:28:14","slug":"en-2024-union-europeenne-a-installe-plus-de-65-gw-de-capacite-solaire","status":"publish","type":"post","link":"https:\/\/www.renouvelle.be\/fr\/en-2024-union-europeenne-a-installe-plus-de-65-gw-de-capacite-solaire\/","title":{"rendered":"En 2024, l\u2019UE a install\u00e9 plus de 65 GW de capacit\u00e9 solaire"},"content":{"rendered":"\n<p>L\u2019ann\u00e9e pass\u00e9e, 65,5 GW de nouvelle capacit\u00e9 solaire ont vu le jour, marquant un record d\u2019installation pour la 8\u1d49 ann\u00e9e cons\u00e9cutive. En l\u00e9g\u00e8re hausse par rapport aux 62,8 GW install\u00e9s en 2023, la capacit\u00e9 solaire op\u00e9rationnelle de l\u2019Union europ\u00e9enne s\u2019\u00e9l\u00e8ve \u00e0 un total de 338 GW.<\/p>\n\n\n\n<p>Cependant, l\u2019augmentation continue des installations ne doit pas occulter un plus faible taux de croissance annuelle. En effet, le d\u00e9ploiement du photovolta\u00efque conna\u00eet un certain ralentissement et s\u2019est traduit en 2024 par une croissance de 4,4 % contre 53 % en 2023. Cela dit, qu\u2019on se rassure, l\u2019\u00e9nergie solaire reste la technologie de production d\u2019\u00e9lectricit\u00e9 la plus install\u00e9e en 2024, et m\u00eame plus que toutes les autres r\u00e9unies.<\/p>\n\n\n\n<p><\/p>\n\n\n<div class=\"wp-block-image\">\n<figure class=\"aligncenter size-large is-resized\"><img loading=\"lazy\" decoding=\"async\" width=\"1024\" height=\"624\" src=\"https:\/\/www.renouvelle.be\/wp-content\/uploads\/2025\/02\/MarcheEU_InstallPV-1024x624.jpg\" alt=\"\" class=\"wp-image-14665\" style=\"width:712px;height:auto\" srcset=\"https:\/\/www.renouvelle.be\/wp-content\/uploads\/2025\/02\/MarcheEU_InstallPV-1024x624.jpg 1024w, https:\/\/www.renouvelle.be\/wp-content\/uploads\/2025\/02\/MarcheEU_InstallPV-300x183.jpg 300w, https:\/\/www.renouvelle.be\/wp-content\/uploads\/2025\/02\/MarcheEU_InstallPV-768x468.jpg 768w, https:\/\/www.renouvelle.be\/wp-content\/uploads\/2025\/02\/MarcheEU_InstallPV-330x200.jpg 330w, https:\/\/www.renouvelle.be\/wp-content\/uploads\/2025\/02\/MarcheEU_InstallPV-1200x731.jpg 1200w, https:\/\/www.renouvelle.be\/wp-content\/uploads\/2025\/02\/MarcheEU_InstallPV.jpg 1246w\" sizes=\"auto, (max-width: 1024px) 100vw, 1024px\" \/><figcaption class=\"wp-element-caption\">Capacit\u00e9 solaire annuelle install\u00e9e dans l&rsquo;Union europ\u00e9enne entre 2016 et 2024.<br>Source : SolarPower Europe.<\/figcaption><\/figure>\n<\/div>\n\n\n<p>Alors, comment expliquer ce ralentissement ? Ce dernier \u00e9tait de toute \u00e9vidence pr\u00e9visible, \u00e9tant donn\u00e9 que l\u2019essor du photovolta\u00efque en 2022-2023 a surtout \u00e9t\u00e9 boost\u00e9 par l\u2019inflation des prix lors de la crise \u00e9nerg\u00e9tique, les consommateurs cherchant \u00e0 r\u00e9duire leurs factures d&rsquo;\u00e9nergie. Maintenant que nous ne sommes plus au c\u0153ur de la temp\u00eate, il est donc logique d\u2019observer actuellement un essoufflement de la croissance solaire.<\/p>\n\n\n\n<p>Mais ce n\u2019est pas tout, puisque les r\u00e9seaux \u00e9lectriques sont confront\u00e9s au d\u00e9fi d\u2019absorber et de traiter toute cette nouvelle \u00e9nergie, surtout quand on conna\u00eet la <a href=\"https:\/\/www.renouvelle.be\/fr\/2-tw-de-capacite-solaire-installee-dans-le-monde\/\" target=\"_blank\" rel=\"noreferrer noopener\">cadence rapide<\/a> des nouvelles installations.<\/p>\n\n\n\n<p>Selon SolarPower Europe, bien que les taux de croissance annuels pr\u00e9vus soient faibles (on parle ici de 3 \u00e0 7 % d\u2019ici 2028), ils devraient suffire pour atteindre l\u2019objectif de <a href=\"https:\/\/commission.europa.eu\/strategy-and-policy\/priorities-2019-2024\/european-green-deal\/repowereu-affordable-secure-and-sustainable-energy-europe_en\" target=\"_blank\" rel=\"noreferrer noopener\">REPowerEU<\/a> d\u2019arriver \u00e0 750 GW de capacit\u00e9 solaire d\u2019ici 2030. Dans le meilleur des sc\u00e9narios, cet objectif pourrait m\u00eame \u00eatre d\u00e9pass\u00e9 et atteindre 816 GW. Dans le sc\u00e9nario plus pessimiste, on parle d\u2019un d\u00e9ficit de 100 GW.<\/p>\n\n\n\n<p>Pour \u00e9viter ce dernier, il faudra plus d\u2019investissements, eux aussi actuellement en diminution. En 2023, ils se chiffraient \u00e0 60 milliards d\u2019euros contre (malgr\u00e9 tout) 56 milliards l\u2019ann\u00e9e pass\u00e9e. Ces investissements devront se traduire par l\u2019\u00e9lectrification des r\u00e9seaux, qui reste stable \u00e0 23 %, alors que 35 % seraient n\u00e9cessaires dans les cinq ann\u00e9es \u00e0 venir.<\/p>\n\n\n\n<p>Fait marquant de l\u2019ann\u00e9e 2024 : l\u2019\u00e9nergie solaire \u00e0 grande \u00e9chelle est devenue le principal moteur du march\u00e9, tandis que le solaire r\u00e9sidentiel sur toiture a recul\u00e9. Apr\u00e8s une forte croissance en 2022 et 2023, la demande pour les installations r\u00e9sidentielles a baiss\u00e9 de pr\u00e8s de 5 GW, tombant \u00e0 12,8 GW, ce qui a r\u00e9duit leur part de march\u00e9 \u00e0 20 % contre 28 % en 2023. En parall\u00e8le, les installations photovolta\u00efques commerciales et industrielles ont progress\u00e9, atteignant 39 % du march\u00e9. Quant aux grandes centrales solaires, elles ont enregistr\u00e9 leur meilleure performance en cinq ans (42 % du march\u00e9 contre 36 % en 2023).<\/p>\n\n\n\n<p>L&rsquo;int\u00e9gralit\u00e9 du rapport est lire sur <a href=\"https:\/\/www.solarpowereurope.org\/insights\/outlooks\/eu-market-outlook-for-solar-power-2024-2028\/detail\" target=\"_blank\" rel=\"noreferrer noopener\">ce lien<\/a>.<\/p>\n","protected":false},"excerpt":{"rendered":"<p>L\u2019ann\u00e9e pass\u00e9e, 65,5 GW de nouvelle capacit\u00e9 solaire ont vu le jour, marquant un record d\u2019installation pour la 8\u1d49 ann\u00e9e cons\u00e9cutive. En l\u00e9g\u00e8re hausse par rapport aux 62,8 GW install\u00e9s en 2023, la capacit\u00e9 solaire op\u00e9rationnelle de l\u2019Union europ\u00e9enne s\u2019\u00e9l\u00e8ve \u00e0 un total de 338 GW. Cependant, l\u2019augmentation continue des installations ne doit pas occulter un plus faible taux de croissance annuelle. En effet, le d\u00e9ploiement du photovolta\u00efque conna\u00eet un certain ralentissement et s\u2019est traduit en 2024 par une croissance de 4,4 % contre 53 % en 2023. Cela dit, qu\u2019on se rassure, l\u2019\u00e9nergie solaire reste la technologie de production d\u2019\u00e9lectricit\u00e9 la plus install\u00e9e en 2024, et m\u00eame plus que toutes les autres r\u00e9unies. Alors, comment expliquer ce ralentissement ? Ce dernier \u00e9tait de toute \u00e9vidence pr\u00e9visible, \u00e9tant donn\u00e9 que l\u2019essor du photovolta\u00efque en 2022-2023 a surtout \u00e9t\u00e9 boost\u00e9 par l\u2019inflation des prix lors de la crise \u00e9nerg\u00e9tique, les consommateurs cherchant \u00e0 r\u00e9duire leurs factures d&rsquo;\u00e9nergie. Maintenant que nous ne sommes plus au c\u0153ur de la temp\u00eate, il est donc logique d\u2019observer actuellement un essoufflement de la croissance solaire. Mais ce n\u2019est pas tout, puisque les r\u00e9seaux \u00e9lectriques sont confront\u00e9s au d\u00e9fi d\u2019absorber et de traiter toute cette nouvelle \u00e9nergie, surtout quand on conna\u00eet la cadence rapide des nouvelles installations. Selon SolarPower Europe, bien que les taux de croissance annuels pr\u00e9vus soient faibles (on parle ici de 3 \u00e0 7 % d\u2019ici 2028), ils devraient suffire pour atteindre l\u2019objectif de REPowerEU d\u2019arriver \u00e0 750 GW de capacit\u00e9 solaire d\u2019ici 2030. Dans le meilleur des sc\u00e9narios, cet objectif pourrait m\u00eame \u00eatre d\u00e9pass\u00e9 et atteindre 816 GW. Dans le sc\u00e9nario plus pessimiste, on parle d\u2019un d\u00e9ficit de 100 GW. Pour \u00e9viter ce dernier, il faudra plus d\u2019investissements, eux aussi actuellement en diminution. &hellip; <a href=\"https:\/\/www.renouvelle.be\/fr\/en-2024-union-europeenne-a-installe-plus-de-65-gw-de-capacite-solaire\/\" class=\"more-link\">Continue reading<span class=\"screen-reader-text\"> \u00ab\u00a0En 2024, l\u2019UE a install\u00e9 plus de 65 GW de capacit\u00e9 solaire\u00a0\u00bb<\/span><\/a><\/p>\n","protected":false},"author":38,"featured_media":14661,"comment_status":"closed","ping_status":"closed","sticky":false,"template":"","format":"standard","meta":{"_acf_changed":false,"footnotes":""},"categories":[16,18],"tags":[],"section":[13],"class_list":["post-14658","post","type-post","status-publish","format-standard","has-post-thumbnail","hentry","category-actualite","category-actualite-internationale","section-solaire"],"acf":[],"yoast_head":"<!-- This site is optimized with the Yoast SEO plugin v27.5 - https:\/\/yoast.com\/product\/yoast-seo-wordpress\/ -->\n<title>En 2024, l\u2019UE a install\u00e9 plus de 65 GW de capacit\u00e9 solaire - Renouvelle<\/title>\n<meta name=\"description\" content=\"Les installations solaires continuent leur bonhomme de chemin dans l&#039;Union europ\u00e9enne avec plus de 65 GW de nouvelle capacit\u00e9 solaire en 2024.\" \/>\n<meta name=\"robots\" content=\"index, follow, max-snippet:-1, max-image-preview:large, max-video-preview:-1\" \/>\n<link rel=\"canonical\" href=\"https:\/\/www.renouvelle.be\/fr\/en-2024-union-europeenne-a-installe-plus-de-65-gw-de-capacite-solaire\/\" \/>\n<meta property=\"og:locale\" content=\"fr_FR\" \/>\n<meta property=\"og:type\" content=\"article\" \/>\n<meta property=\"og:title\" content=\"En 2024, l\u2019UE a install\u00e9 plus de 65 GW de capacit\u00e9 solaire - Renouvelle\" \/>\n<meta property=\"og:description\" content=\"Les installations solaires continuent leur bonhomme de chemin dans l&#039;Union europ\u00e9enne avec plus de 65 GW de nouvelle capacit\u00e9 solaire en 2024.\" \/>\n<meta property=\"og:url\" content=\"https:\/\/www.renouvelle.be\/fr\/en-2024-union-europeenne-a-installe-plus-de-65-gw-de-capacite-solaire\/\" \/>\n<meta property=\"og:site_name\" content=\"Renouvelle\" \/>\n<meta property=\"article:published_time\" content=\"2025-02-06T10:28:10+00:00\" \/>\n<meta property=\"article:modified_time\" content=\"2025-02-06T10:28:14+00:00\" \/>\n<meta property=\"og:image\" content=\"https:\/\/www.renouvelle.be\/wp-content\/uploads\/2025\/02\/AdobeStock_481635229-scaled-e1738764633795.jpeg\" \/>\n\t<meta property=\"og:image:width\" content=\"2560\" \/>\n\t<meta property=\"og:image:height\" content=\"1545\" \/>\n\t<meta property=\"og:image:type\" content=\"image\/jpeg\" \/>\n<meta name=\"author\" content=\"Samuel Alves\" \/>\n<meta name=\"twitter:card\" content=\"summary_large_image\" \/>\n<script type=\"application\/ld+json\" class=\"yoast-schema-graph\">{\"@context\":\"https:\\\/\\\/schema.org\",\"@graph\":[{\"@type\":\"Article\",\"@id\":\"https:\\\/\\\/www.renouvelle.be\\\/fr\\\/en-2024-union-europeenne-a-installe-plus-de-65-gw-de-capacite-solaire\\\/#article\",\"isPartOf\":{\"@id\":\"https:\\\/\\\/www.renouvelle.be\\\/fr\\\/en-2024-union-europeenne-a-installe-plus-de-65-gw-de-capacite-solaire\\\/\"},\"author\":{\"name\":\"Samuel Alves\",\"@id\":\"https:\\\/\\\/www.renouvelle.be\\\/fr\\\/#\\\/schema\\\/person\\\/9d743366fb269eeceaa8d60e98d289d3\"},\"headline\":\"En 2024, l\u2019UE a install\u00e9 plus de 65 GW de capacit\u00e9 solaire\",\"datePublished\":\"2025-02-06T10:28:10+00:00\",\"dateModified\":\"2025-02-06T10:28:14+00:00\",\"mainEntityOfPage\":{\"@id\":\"https:\\\/\\\/www.renouvelle.be\\\/fr\\\/en-2024-union-europeenne-a-installe-plus-de-65-gw-de-capacite-solaire\\\/\"},\"wordCount\":490,\"image\":{\"@id\":\"https:\\\/\\\/www.renouvelle.be\\\/fr\\\/en-2024-union-europeenne-a-installe-plus-de-65-gw-de-capacite-solaire\\\/#primaryimage\"},\"thumbnailUrl\":\"https:\\\/\\\/www.renouvelle.be\\\/wp-content\\\/uploads\\\/2025\\\/02\\\/AdobeStock_481635229-scaled-e1738764633795.jpeg\",\"articleSection\":[\"Actualit\u00e9\",\"Actualit\u00e9 internationale\"],\"inLanguage\":\"fr-FR\"},{\"@type\":\"WebPage\",\"@id\":\"https:\\\/\\\/www.renouvelle.be\\\/fr\\\/en-2024-union-europeenne-a-installe-plus-de-65-gw-de-capacite-solaire\\\/\",\"url\":\"https:\\\/\\\/www.renouvelle.be\\\/fr\\\/en-2024-union-europeenne-a-installe-plus-de-65-gw-de-capacite-solaire\\\/\",\"name\":\"En 2024, l\u2019UE a install\u00e9 plus de 65 GW de capacit\u00e9 solaire - Renouvelle\",\"isPartOf\":{\"@id\":\"https:\\\/\\\/www.renouvelle.be\\\/fr\\\/#website\"},\"primaryImageOfPage\":{\"@id\":\"https:\\\/\\\/www.renouvelle.be\\\/fr\\\/en-2024-union-europeenne-a-installe-plus-de-65-gw-de-capacite-solaire\\\/#primaryimage\"},\"image\":{\"@id\":\"https:\\\/\\\/www.renouvelle.be\\\/fr\\\/en-2024-union-europeenne-a-installe-plus-de-65-gw-de-capacite-solaire\\\/#primaryimage\"},\"thumbnailUrl\":\"https:\\\/\\\/www.renouvelle.be\\\/wp-content\\\/uploads\\\/2025\\\/02\\\/AdobeStock_481635229-scaled-e1738764633795.jpeg\",\"datePublished\":\"2025-02-06T10:28:10+00:00\",\"dateModified\":\"2025-02-06T10:28:14+00:00\",\"author\":{\"@id\":\"https:\\\/\\\/www.renouvelle.be\\\/fr\\\/#\\\/schema\\\/person\\\/9d743366fb269eeceaa8d60e98d289d3\"},\"description\":\"Les installations solaires continuent leur bonhomme de chemin dans l'Union europ\u00e9enne avec plus de 65 GW de nouvelle capacit\u00e9 solaire en 2024.\",\"breadcrumb\":{\"@id\":\"https:\\\/\\\/www.renouvelle.be\\\/fr\\\/en-2024-union-europeenne-a-installe-plus-de-65-gw-de-capacite-solaire\\\/#breadcrumb\"},\"inLanguage\":\"fr-FR\",\"potentialAction\":[{\"@type\":\"ReadAction\",\"target\":[\"https:\\\/\\\/www.renouvelle.be\\\/fr\\\/en-2024-union-europeenne-a-installe-plus-de-65-gw-de-capacite-solaire\\\/\"]}]},{\"@type\":\"ImageObject\",\"inLanguage\":\"fr-FR\",\"@id\":\"https:\\\/\\\/www.renouvelle.be\\\/fr\\\/en-2024-union-europeenne-a-installe-plus-de-65-gw-de-capacite-solaire\\\/#primaryimage\",\"url\":\"https:\\\/\\\/www.renouvelle.be\\\/wp-content\\\/uploads\\\/2025\\\/02\\\/AdobeStock_481635229-scaled-e1738764633795.jpeg\",\"contentUrl\":\"https:\\\/\\\/www.renouvelle.be\\\/wp-content\\\/uploads\\\/2025\\\/02\\\/AdobeStock_481635229-scaled-e1738764633795.jpeg\",\"width\":2560,\"height\":1545},{\"@type\":\"BreadcrumbList\",\"@id\":\"https:\\\/\\\/www.renouvelle.be\\\/fr\\\/en-2024-union-europeenne-a-installe-plus-de-65-gw-de-capacite-solaire\\\/#breadcrumb\",\"itemListElement\":[{\"@type\":\"ListItem\",\"position\":1,\"name\":\"Accueil\",\"item\":\"https:\\\/\\\/www.renouvelle.be\\\/fr\\\/\"},{\"@type\":\"ListItem\",\"position\":2,\"name\":\"En 2024, l\u2019UE a install\u00e9 plus de 65 GW de capacit\u00e9 solaire\"}]},{\"@type\":\"WebSite\",\"@id\":\"https:\\\/\\\/www.renouvelle.be\\\/fr\\\/#website\",\"url\":\"https:\\\/\\\/www.renouvelle.be\\\/fr\\\/\",\"name\":\"Renouvelle\",\"description\":\"L&#039;actualit\u00e9 de l&#039;\u00e9nergie durable\",\"potentialAction\":[{\"@type\":\"SearchAction\",\"target\":{\"@type\":\"EntryPoint\",\"urlTemplate\":\"https:\\\/\\\/www.renouvelle.be\\\/fr\\\/?s={search_term_string}\"},\"query-input\":{\"@type\":\"PropertyValueSpecification\",\"valueRequired\":true,\"valueName\":\"search_term_string\"}}],\"inLanguage\":\"fr-FR\"},{\"@type\":\"Person\",\"@id\":\"https:\\\/\\\/www.renouvelle.be\\\/fr\\\/#\\\/schema\\\/person\\\/9d743366fb269eeceaa8d60e98d289d3\",\"name\":\"Samuel Alves\",\"url\":\"https:\\\/\\\/www.renouvelle.be\\\/fr\\\/author\\\/salves\\\/\"}]}<\/script>\n<!-- \/ Yoast SEO plugin. -->","yoast_head_json":{"title":"En 2024, l\u2019UE a install\u00e9 plus de 65 GW de capacit\u00e9 solaire - Renouvelle","description":"Les installations solaires continuent leur bonhomme de chemin dans l'Union europ\u00e9enne avec plus de 65 GW de nouvelle capacit\u00e9 solaire en 2024.","robots":{"index":"index","follow":"follow","max-snippet":"max-snippet:-1","max-image-preview":"max-image-preview:large","max-video-preview":"max-video-preview:-1"},"canonical":"https:\/\/www.renouvelle.be\/fr\/en-2024-union-europeenne-a-installe-plus-de-65-gw-de-capacite-solaire\/","og_locale":"fr_FR","og_type":"article","og_title":"En 2024, l\u2019UE a install\u00e9 plus de 65 GW de capacit\u00e9 solaire - Renouvelle","og_description":"Les installations solaires continuent leur bonhomme de chemin dans l'Union europ\u00e9enne avec plus de 65 GW de nouvelle capacit\u00e9 solaire en 2024.","og_url":"https:\/\/www.renouvelle.be\/fr\/en-2024-union-europeenne-a-installe-plus-de-65-gw-de-capacite-solaire\/","og_site_name":"Renouvelle","article_published_time":"2025-02-06T10:28:10+00:00","article_modified_time":"2025-02-06T10:28:14+00:00","og_image":[{"width":2560,"height":1545,"url":"https:\/\/www.renouvelle.be\/wp-content\/uploads\/2025\/02\/AdobeStock_481635229-scaled-e1738764633795.jpeg","type":"image\/jpeg"}],"author":"Samuel Alves","twitter_card":"summary_large_image","schema":{"@context":"https:\/\/schema.org","@graph":[{"@type":"Article","@id":"https:\/\/www.renouvelle.be\/fr\/en-2024-union-europeenne-a-installe-plus-de-65-gw-de-capacite-solaire\/#article","isPartOf":{"@id":"https:\/\/www.renouvelle.be\/fr\/en-2024-union-europeenne-a-installe-plus-de-65-gw-de-capacite-solaire\/"},"author":{"name":"Samuel Alves","@id":"https:\/\/www.renouvelle.be\/fr\/#\/schema\/person\/9d743366fb269eeceaa8d60e98d289d3"},"headline":"En 2024, l\u2019UE a install\u00e9 plus de 65 GW de capacit\u00e9 solaire","datePublished":"2025-02-06T10:28:10+00:00","dateModified":"2025-02-06T10:28:14+00:00","mainEntityOfPage":{"@id":"https:\/\/www.renouvelle.be\/fr\/en-2024-union-europeenne-a-installe-plus-de-65-gw-de-capacite-solaire\/"},"wordCount":490,"image":{"@id":"https:\/\/www.renouvelle.be\/fr\/en-2024-union-europeenne-a-installe-plus-de-65-gw-de-capacite-solaire\/#primaryimage"},"thumbnailUrl":"https:\/\/www.renouvelle.be\/wp-content\/uploads\/2025\/02\/AdobeStock_481635229-scaled-e1738764633795.jpeg","articleSection":["Actualit\u00e9","Actualit\u00e9 internationale"],"inLanguage":"fr-FR"},{"@type":"WebPage","@id":"https:\/\/www.renouvelle.be\/fr\/en-2024-union-europeenne-a-installe-plus-de-65-gw-de-capacite-solaire\/","url":"https:\/\/www.renouvelle.be\/fr\/en-2024-union-europeenne-a-installe-plus-de-65-gw-de-capacite-solaire\/","name":"En 2024, l\u2019UE a install\u00e9 plus de 65 GW de capacit\u00e9 solaire - Renouvelle","isPartOf":{"@id":"https:\/\/www.renouvelle.be\/fr\/#website"},"primaryImageOfPage":{"@id":"https:\/\/www.renouvelle.be\/fr\/en-2024-union-europeenne-a-installe-plus-de-65-gw-de-capacite-solaire\/#primaryimage"},"image":{"@id":"https:\/\/www.renouvelle.be\/fr\/en-2024-union-europeenne-a-installe-plus-de-65-gw-de-capacite-solaire\/#primaryimage"},"thumbnailUrl":"https:\/\/www.renouvelle.be\/wp-content\/uploads\/2025\/02\/AdobeStock_481635229-scaled-e1738764633795.jpeg","datePublished":"2025-02-06T10:28:10+00:00","dateModified":"2025-02-06T10:28:14+00:00","author":{"@id":"https:\/\/www.renouvelle.be\/fr\/#\/schema\/person\/9d743366fb269eeceaa8d60e98d289d3"},"description":"Les installations solaires continuent leur bonhomme de chemin dans l'Union europ\u00e9enne avec plus de 65 GW de nouvelle capacit\u00e9 solaire en 2024.","breadcrumb":{"@id":"https:\/\/www.renouvelle.be\/fr\/en-2024-union-europeenne-a-installe-plus-de-65-gw-de-capacite-solaire\/#breadcrumb"},"inLanguage":"fr-FR","potentialAction":[{"@type":"ReadAction","target":["https:\/\/www.renouvelle.be\/fr\/en-2024-union-europeenne-a-installe-plus-de-65-gw-de-capacite-solaire\/"]}]},{"@type":"ImageObject","inLanguage":"fr-FR","@id":"https:\/\/www.renouvelle.be\/fr\/en-2024-union-europeenne-a-installe-plus-de-65-gw-de-capacite-solaire\/#primaryimage","url":"https:\/\/www.renouvelle.be\/wp-content\/uploads\/2025\/02\/AdobeStock_481635229-scaled-e1738764633795.jpeg","contentUrl":"https:\/\/www.renouvelle.be\/wp-content\/uploads\/2025\/02\/AdobeStock_481635229-scaled-e1738764633795.jpeg","width":2560,"height":1545},{"@type":"BreadcrumbList","@id":"https:\/\/www.renouvelle.be\/fr\/en-2024-union-europeenne-a-installe-plus-de-65-gw-de-capacite-solaire\/#breadcrumb","itemListElement":[{"@type":"ListItem","position":1,"name":"Accueil","item":"https:\/\/www.renouvelle.be\/fr\/"},{"@type":"ListItem","position":2,"name":"En 2024, l\u2019UE a install\u00e9 plus de 65 GW de capacit\u00e9 solaire"}]},{"@type":"WebSite","@id":"https:\/\/www.renouvelle.be\/fr\/#website","url":"https:\/\/www.renouvelle.be\/fr\/","name":"Renouvelle","description":"L&#039;actualit\u00e9 de l&#039;\u00e9nergie durable","potentialAction":[{"@type":"SearchAction","target":{"@type":"EntryPoint","urlTemplate":"https:\/\/www.renouvelle.be\/fr\/?s={search_term_string}"},"query-input":{"@type":"PropertyValueSpecification","valueRequired":true,"valueName":"search_term_string"}}],"inLanguage":"fr-FR"},{"@type":"Person","@id":"https:\/\/www.renouvelle.be\/fr\/#\/schema\/person\/9d743366fb269eeceaa8d60e98d289d3","name":"Samuel Alves","url":"https:\/\/www.renouvelle.be\/fr\/author\/salves\/"}]}},"_links":{"self":[{"href":"https:\/\/www.renouvelle.be\/fr\/wp-json\/wp\/v2\/posts\/14658","targetHints":{"allow":["GET"]}}],"collection":[{"href":"https:\/\/www.renouvelle.be\/fr\/wp-json\/wp\/v2\/posts"}],"about":[{"href":"https:\/\/www.renouvelle.be\/fr\/wp-json\/wp\/v2\/types\/post"}],"author":[{"embeddable":true,"href":"https:\/\/www.renouvelle.be\/fr\/wp-json\/wp\/v2\/users\/38"}],"replies":[{"embeddable":true,"href":"https:\/\/www.renouvelle.be\/fr\/wp-json\/wp\/v2\/comments?post=14658"}],"version-history":[{"count":9,"href":"https:\/\/www.renouvelle.be\/fr\/wp-json\/wp\/v2\/posts\/14658\/revisions"}],"predecessor-version":[{"id":14671,"href":"https:\/\/www.renouvelle.be\/fr\/wp-json\/wp\/v2\/posts\/14658\/revisions\/14671"}],"wp:featuredmedia":[{"embeddable":true,"href":"https:\/\/www.renouvelle.be\/fr\/wp-json\/wp\/v2\/media\/14661"}],"wp:attachment":[{"href":"https:\/\/www.renouvelle.be\/fr\/wp-json\/wp\/v2\/media?parent=14658"}],"wp:term":[{"taxonomy":"category","embeddable":true,"href":"https:\/\/www.renouvelle.be\/fr\/wp-json\/wp\/v2\/categories?post=14658"},{"taxonomy":"post_tag","embeddable":true,"href":"https:\/\/www.renouvelle.be\/fr\/wp-json\/wp\/v2\/tags?post=14658"},{"taxonomy":"section","embeddable":true,"href":"https:\/\/www.renouvelle.be\/fr\/wp-json\/wp\/v2\/section?post=14658"}],"curies":[{"name":"wp","href":"https:\/\/api.w.org\/{rel}","templated":true}]}}