{"id":14620,"date":"2025-01-28T10:54:11","date_gmt":"2025-01-28T09:54:11","guid":{"rendered":"https:\/\/www.renouvelle.be\/?p=14620"},"modified":"2025-01-28T10:54:17","modified_gmt":"2025-01-28T09:54:17","slug":"energie-renouvelable-47-de-lelectricite-en-est-issue-en-europe","status":"publish","type":"post","link":"https:\/\/www.renouvelle.be\/fr\/energie-renouvelable-47-de-lelectricite-en-est-issue-en-europe\/","title":{"rendered":"\u00c9nergie renouvelable\u00a0: 47% de l\u2019\u00e9lectricit\u00e9 en est issue en Europe"},"content":{"rendered":"\n<p>L\u2019ann\u00e9e pass\u00e9e, l\u2019\u00e9nergie solaire, en pleine expansion, a atteint une production de 304 TWh et, pour la premi\u00e8re fois, d\u00e9pass\u00e9 la production d\u2019\u00e9lectricit\u00e9 au charbon (269 TWh). La croissance des \u00e9nergies renouvelables a fait progresser leur part dans le mix \u00e9lectrique europ\u00e9en, qui est pass\u00e9e de 34 % en 2019 \u00e0 47 % en 2024. Parall\u00e8lement, la part des \u00e9nergies fossiles a diminu\u00e9, passant de 39 % \u00e0 29 %. Cette mont\u00e9e en puissance des renouvelables depuis 2019 a permis d\u2019\u00e9conomiser environ 59 milliards d\u2019euros en importations de combustibles fossiles.<\/p>\n\n\n\n<p>Comme nous l\u2019avons constat\u00e9 tout au long de l\u2019ann\u00e9e pass\u00e9e \u00e0 travers nos articles, l\u2019<a href=\"https:\/\/www.renouvelle.be\/fr\/belgique-2023-record-installations-photovoltaiques\/\" target=\"_blank\" rel=\"noreferrer noopener\">\u00e9nergie photovolta\u00efque<\/a> a connu une progression mondiale remarquable. En Europe, la capacit\u00e9 install\u00e9e a atteint un record de 65,5 GW, entra\u00eenant une augmentation de production de 22 % par rapport \u00e0 2023. En ce qui concerne le charbon, sa part dans le mix \u00e9lectrique europ\u00e9en est tomb\u00e9e sous la barre des 5 % et est m\u00eame inexistante dans plus de la moiti\u00e9 des pays. Cette dynamique pourrait bient\u00f4t concerner le gaz, qui d\u00e9cline constamment depuis cinq ann\u00e9es cons\u00e9cutives, et ce malgr\u00e9 une l\u00e9g\u00e8re hausse de la demande en \u00e9lectricit\u00e9.<\/p>\n\n\n\n<p>La production \u00e9olienne, quant \u00e0 elle, est rest\u00e9e stable par rapport \u00e0 2023, repr\u00e9sentant 17 % de la production europ\u00e9enne, soit 477 TWh. Enfin, l\u2019hydro\u00e9lectricit\u00e9 n\u2019a pas d\u00e9m\u00e9rit\u00e9, affichant une hausse de plus de 10 % (32 TWh), pour atteindre 13 % du mix \u00e9lectrique.<\/p>\n\n\n\n<p>Notons \u00e9galement que le nucl\u00e9aire a connu une progression de 5 %, lui permettant d\u2019occuper 24 % du mix \u00e9lectrique.<\/p>\n\n\n\n<p>La production issue des \u00e9nergies fossiles a, de son c\u00f4t\u00e9, chut\u00e9 de 9 %, atteignant son niveau le plus bas depuis plus de 40 ans, avec 793 TWh. En examinant cette baisse de plus pr\u00e8s, on observe une diminution de 16 % pour le charbon et de 6 % pour le gaz, contribuant \u00e0 une r\u00e9duction de 585 millions de tonnes d\u2019\u00e9missions de CO2.<\/p>\n\n\n\n<figure class=\"wp-block-image size-full\"><img loading=\"lazy\" decoding=\"async\" width=\"1021\" height=\"658\" src=\"https:\/\/www.renouvelle.be\/wp-content\/uploads\/2025\/01\/Capture-decran-2025-01-24-151929.jpg\" alt=\"\" class=\"wp-image-14629\" srcset=\"https:\/\/www.renouvelle.be\/wp-content\/uploads\/2025\/01\/Capture-decran-2025-01-24-151929.jpg 1021w, https:\/\/www.renouvelle.be\/wp-content\/uploads\/2025\/01\/Capture-decran-2025-01-24-151929-300x193.jpg 300w, https:\/\/www.renouvelle.be\/wp-content\/uploads\/2025\/01\/Capture-decran-2025-01-24-151929-768x495.jpg 768w, https:\/\/www.renouvelle.be\/wp-content\/uploads\/2025\/01\/Capture-decran-2025-01-24-151929-100x65.jpg 100w\" sizes=\"auto, (max-width: 1021px) 100vw, 1021px\" \/><figcaption class=\"wp-element-caption\">Depuis la mise en place du Green Deal europ\u00e9en, la croissance de l&rsquo;\u00e9nergie \u00e9olienne et solaire a entra\u00een\u00e9 une baisse de la consommation de charbon et de gaz dans l&rsquo;UE.<\/figcaption><\/figure>\n\n\n\n<p>Depuis 2019, la forte progression des \u00e9nergies renouvelables a \u00e9t\u00e9 port\u00e9e par l&rsquo;<a href=\"https:\/\/www.renouvelle.be\/fr\/2-tw-de-capacite-solaire-installee-dans-le-monde\/\" target=\"_blank\" rel=\"noreferrer noopener\">essor du photovolta\u00efque<\/a> et de l&rsquo;\u00e9olien. En cinq ans, leur part combin\u00e9e est pass\u00e9e de 17 % \u00e0 29 %. Cette \u00e9volution s&rsquo;explique notamment par une hausse de 179 TWh (+144 %) de la production solaire, soit l&rsquo;\u00e9quivalent de la production annuelle de 50 centrales \u00e0 charbon. Quant \u00e0 l&rsquo;\u00e9olien, sa production a augment\u00e9 de 110 TWh (+30 %) sur la m\u00eame p\u00e9riode, de 2019 \u00e0 2024. Des r\u00e9sultats qui attestent d\u2019une avanc\u00e9e importante de la transition \u00e9nerg\u00e9tique pour un avenir plus durable.<\/p>\n\n\n\n<p>Le rapport d&rsquo;Ember est \u00e0 lire dans son int\u00e9gralit\u00e9 <a href=\"https:\/\/ember-energy.org\/latest-insights\/european-electricity-review-2025\/\" target=\"_blank\" rel=\"noreferrer noopener\">ici<\/a>.<\/p>\n\n\n\n<p><\/p>\n","protected":false},"excerpt":{"rendered":"<p>L\u2019ann\u00e9e pass\u00e9e, l\u2019\u00e9nergie solaire, en pleine expansion, a atteint une production de 304 TWh et, pour la premi\u00e8re fois, d\u00e9pass\u00e9 la production d\u2019\u00e9lectricit\u00e9 au charbon (269 TWh). La croissance des \u00e9nergies renouvelables a fait progresser leur part dans le mix \u00e9lectrique europ\u00e9en, qui est pass\u00e9e de 34 % en 2019 \u00e0 47 % en 2024. Parall\u00e8lement, la part des \u00e9nergies fossiles a diminu\u00e9, passant de 39 % \u00e0 29 %. Cette mont\u00e9e en puissance des renouvelables depuis 2019 a permis d\u2019\u00e9conomiser environ 59 milliards d\u2019euros en importations de combustibles fossiles. Comme nous l\u2019avons constat\u00e9 tout au long de l\u2019ann\u00e9e pass\u00e9e \u00e0 travers nos articles, l\u2019\u00e9nergie photovolta\u00efque a connu une progression mondiale remarquable. En Europe, la capacit\u00e9 install\u00e9e a atteint un record de 65,5 GW, entra\u00eenant une augmentation de production de 22 % par rapport \u00e0 2023. En ce qui concerne le charbon, sa part dans le mix \u00e9lectrique europ\u00e9en est tomb\u00e9e sous la barre des 5 % et est m\u00eame inexistante dans plus de la moiti\u00e9 des pays. Cette dynamique pourrait bient\u00f4t concerner le gaz, qui d\u00e9cline constamment depuis cinq ann\u00e9es cons\u00e9cutives, et ce malgr\u00e9 une l\u00e9g\u00e8re hausse de la demande en \u00e9lectricit\u00e9. La production \u00e9olienne, quant \u00e0 elle, est rest\u00e9e stable par rapport \u00e0 2023, repr\u00e9sentant 17 % de la production europ\u00e9enne, soit 477 TWh. Enfin, l\u2019hydro\u00e9lectricit\u00e9 n\u2019a pas d\u00e9m\u00e9rit\u00e9, affichant une hausse de plus de 10 % (32 TWh), pour atteindre 13 % du mix \u00e9lectrique. Notons \u00e9galement que le nucl\u00e9aire a connu une progression de 5 %, lui permettant d\u2019occuper 24 % du mix \u00e9lectrique. La production issue des \u00e9nergies fossiles a, de son c\u00f4t\u00e9, chut\u00e9 de 9 %, atteignant son niveau le plus bas depuis plus de 40 ans, avec 793 TWh. En examinant cette baisse &hellip; <a href=\"https:\/\/www.renouvelle.be\/fr\/energie-renouvelable-47-de-lelectricite-en-est-issue-en-europe\/\" class=\"more-link\">Continue reading<span class=\"screen-reader-text\"> \u00ab\u00a0\u00c9nergie renouvelable\u00a0: 47% de l\u2019\u00e9lectricit\u00e9 en est issue en Europe\u00a0\u00bb<\/span><\/a><\/p>\n","protected":false},"author":38,"featured_media":14623,"comment_status":"closed","ping_status":"closed","sticky":false,"template":"","format":"standard","meta":{"_acf_changed":false,"footnotes":""},"categories":[16,18],"tags":[],"section":[8,13,6],"class_list":["post-14620","post","type-post","status-publish","format-standard","has-post-thumbnail","hentry","category-actualite","category-actualite-internationale","section-energie-renouvelables","section-solaire","section-eolien"],"acf":[],"yoast_head":"<!-- This site is optimized with the Yoast SEO plugin v27.4 - https:\/\/yoast.com\/product\/yoast-seo-wordpress\/ -->\n<title>\u00c9nergie renouvelable\u00a0: 47% de l\u2019\u00e9lectricit\u00e9 en est issue en Europe - Renouvelle<\/title>\n<meta name=\"description\" content=\"L&#039;\u00e9nergie renouvelable en plein essor en Europe ? Sa part dans le mix \u00e9lectrique grimpe \u00e0 47%. Une \u00e9volution fulgurante en l&#039;espace de 5 ans.\" \/>\n<meta name=\"robots\" content=\"index, follow, max-snippet:-1, max-image-preview:large, max-video-preview:-1\" \/>\n<link rel=\"canonical\" href=\"https:\/\/www.renouvelle.be\/fr\/energie-renouvelable-47-de-lelectricite-en-est-issue-en-europe\/\" \/>\n<meta property=\"og:locale\" content=\"fr_FR\" \/>\n<meta property=\"og:type\" content=\"article\" \/>\n<meta property=\"og:title\" content=\"\u00c9nergie renouvelable\u00a0: 47% de l\u2019\u00e9lectricit\u00e9 en est issue en Europe - Renouvelle\" \/>\n<meta property=\"og:description\" content=\"L&#039;\u00e9nergie renouvelable en plein essor en Europe ? Sa part dans le mix \u00e9lectrique grimpe \u00e0 47%. Une \u00e9volution fulgurante en l&#039;espace de 5 ans.\" \/>\n<meta property=\"og:url\" content=\"https:\/\/www.renouvelle.be\/fr\/energie-renouvelable-47-de-lelectricite-en-est-issue-en-europe\/\" \/>\n<meta property=\"og:site_name\" content=\"Renouvelle\" \/>\n<meta property=\"article:published_time\" content=\"2025-01-28T09:54:11+00:00\" \/>\n<meta property=\"article:modified_time\" content=\"2025-01-28T09:54:17+00:00\" \/>\n<meta property=\"og:image\" content=\"https:\/\/www.renouvelle.be\/wp-content\/uploads\/2025\/01\/AdobeStock_255981497-scaled-e1737726539450.jpeg\" \/>\n\t<meta property=\"og:image:width\" content=\"2560\" \/>\n\t<meta property=\"og:image:height\" content=\"1490\" \/>\n\t<meta property=\"og:image:type\" content=\"image\/jpeg\" \/>\n<meta name=\"author\" content=\"Samuel Alves\" \/>\n<meta name=\"twitter:card\" content=\"summary_large_image\" \/>\n<script type=\"application\/ld+json\" class=\"yoast-schema-graph\">{\"@context\":\"https:\\\/\\\/schema.org\",\"@graph\":[{\"@type\":\"Article\",\"@id\":\"https:\\\/\\\/www.renouvelle.be\\\/fr\\\/energie-renouvelable-47-de-lelectricite-en-est-issue-en-europe\\\/#article\",\"isPartOf\":{\"@id\":\"https:\\\/\\\/www.renouvelle.be\\\/fr\\\/energie-renouvelable-47-de-lelectricite-en-est-issue-en-europe\\\/\"},\"author\":{\"name\":\"Samuel Alves\",\"@id\":\"https:\\\/\\\/www.renouvelle.be\\\/fr\\\/#\\\/schema\\\/person\\\/9d743366fb269eeceaa8d60e98d289d3\"},\"headline\":\"\u00c9nergie renouvelable\u00a0: 47% de l\u2019\u00e9lectricit\u00e9 en est issue en Europe\",\"datePublished\":\"2025-01-28T09:54:11+00:00\",\"dateModified\":\"2025-01-28T09:54:17+00:00\",\"mainEntityOfPage\":{\"@id\":\"https:\\\/\\\/www.renouvelle.be\\\/fr\\\/energie-renouvelable-47-de-lelectricite-en-est-issue-en-europe\\\/\"},\"wordCount\":464,\"image\":{\"@id\":\"https:\\\/\\\/www.renouvelle.be\\\/fr\\\/energie-renouvelable-47-de-lelectricite-en-est-issue-en-europe\\\/#primaryimage\"},\"thumbnailUrl\":\"https:\\\/\\\/www.renouvelle.be\\\/wp-content\\\/uploads\\\/2025\\\/01\\\/AdobeStock_255981497-scaled-e1737726539450.jpeg\",\"articleSection\":[\"Actualit\u00e9\",\"Actualit\u00e9 internationale\"],\"inLanguage\":\"fr-FR\"},{\"@type\":\"WebPage\",\"@id\":\"https:\\\/\\\/www.renouvelle.be\\\/fr\\\/energie-renouvelable-47-de-lelectricite-en-est-issue-en-europe\\\/\",\"url\":\"https:\\\/\\\/www.renouvelle.be\\\/fr\\\/energie-renouvelable-47-de-lelectricite-en-est-issue-en-europe\\\/\",\"name\":\"\u00c9nergie renouvelable\u00a0: 47% de l\u2019\u00e9lectricit\u00e9 en est issue en Europe - Renouvelle\",\"isPartOf\":{\"@id\":\"https:\\\/\\\/www.renouvelle.be\\\/fr\\\/#website\"},\"primaryImageOfPage\":{\"@id\":\"https:\\\/\\\/www.renouvelle.be\\\/fr\\\/energie-renouvelable-47-de-lelectricite-en-est-issue-en-europe\\\/#primaryimage\"},\"image\":{\"@id\":\"https:\\\/\\\/www.renouvelle.be\\\/fr\\\/energie-renouvelable-47-de-lelectricite-en-est-issue-en-europe\\\/#primaryimage\"},\"thumbnailUrl\":\"https:\\\/\\\/www.renouvelle.be\\\/wp-content\\\/uploads\\\/2025\\\/01\\\/AdobeStock_255981497-scaled-e1737726539450.jpeg\",\"datePublished\":\"2025-01-28T09:54:11+00:00\",\"dateModified\":\"2025-01-28T09:54:17+00:00\",\"author\":{\"@id\":\"https:\\\/\\\/www.renouvelle.be\\\/fr\\\/#\\\/schema\\\/person\\\/9d743366fb269eeceaa8d60e98d289d3\"},\"description\":\"L'\u00e9nergie renouvelable en plein essor en Europe ? Sa part dans le mix \u00e9lectrique grimpe \u00e0 47%. Une \u00e9volution fulgurante en l'espace de 5 ans.\",\"breadcrumb\":{\"@id\":\"https:\\\/\\\/www.renouvelle.be\\\/fr\\\/energie-renouvelable-47-de-lelectricite-en-est-issue-en-europe\\\/#breadcrumb\"},\"inLanguage\":\"fr-FR\",\"potentialAction\":[{\"@type\":\"ReadAction\",\"target\":[\"https:\\\/\\\/www.renouvelle.be\\\/fr\\\/energie-renouvelable-47-de-lelectricite-en-est-issue-en-europe\\\/\"]}]},{\"@type\":\"ImageObject\",\"inLanguage\":\"fr-FR\",\"@id\":\"https:\\\/\\\/www.renouvelle.be\\\/fr\\\/energie-renouvelable-47-de-lelectricite-en-est-issue-en-europe\\\/#primaryimage\",\"url\":\"https:\\\/\\\/www.renouvelle.be\\\/wp-content\\\/uploads\\\/2025\\\/01\\\/AdobeStock_255981497-scaled-e1737726539450.jpeg\",\"contentUrl\":\"https:\\\/\\\/www.renouvelle.be\\\/wp-content\\\/uploads\\\/2025\\\/01\\\/AdobeStock_255981497-scaled-e1737726539450.jpeg\",\"width\":2560,\"height\":1490},{\"@type\":\"BreadcrumbList\",\"@id\":\"https:\\\/\\\/www.renouvelle.be\\\/fr\\\/energie-renouvelable-47-de-lelectricite-en-est-issue-en-europe\\\/#breadcrumb\",\"itemListElement\":[{\"@type\":\"ListItem\",\"position\":1,\"name\":\"Accueil\",\"item\":\"https:\\\/\\\/www.renouvelle.be\\\/fr\\\/\"},{\"@type\":\"ListItem\",\"position\":2,\"name\":\"\u00c9nergie renouvelable\u00a0: 47% de l\u2019\u00e9lectricit\u00e9 en est issue en Europe\"}]},{\"@type\":\"WebSite\",\"@id\":\"https:\\\/\\\/www.renouvelle.be\\\/fr\\\/#website\",\"url\":\"https:\\\/\\\/www.renouvelle.be\\\/fr\\\/\",\"name\":\"Renouvelle\",\"description\":\"L&#039;actualit\u00e9 de l&#039;\u00e9nergie durable\",\"potentialAction\":[{\"@type\":\"SearchAction\",\"target\":{\"@type\":\"EntryPoint\",\"urlTemplate\":\"https:\\\/\\\/www.renouvelle.be\\\/fr\\\/?s={search_term_string}\"},\"query-input\":{\"@type\":\"PropertyValueSpecification\",\"valueRequired\":true,\"valueName\":\"search_term_string\"}}],\"inLanguage\":\"fr-FR\"},{\"@type\":\"Person\",\"@id\":\"https:\\\/\\\/www.renouvelle.be\\\/fr\\\/#\\\/schema\\\/person\\\/9d743366fb269eeceaa8d60e98d289d3\",\"name\":\"Samuel Alves\",\"url\":\"https:\\\/\\\/www.renouvelle.be\\\/fr\\\/author\\\/salves\\\/\"}]}<\/script>\n<!-- \/ Yoast SEO plugin. -->","yoast_head_json":{"title":"\u00c9nergie renouvelable\u00a0: 47% de l\u2019\u00e9lectricit\u00e9 en est issue en Europe - Renouvelle","description":"L'\u00e9nergie renouvelable en plein essor en Europe ? Sa part dans le mix \u00e9lectrique grimpe \u00e0 47%. Une \u00e9volution fulgurante en l'espace de 5 ans.","robots":{"index":"index","follow":"follow","max-snippet":"max-snippet:-1","max-image-preview":"max-image-preview:large","max-video-preview":"max-video-preview:-1"},"canonical":"https:\/\/www.renouvelle.be\/fr\/energie-renouvelable-47-de-lelectricite-en-est-issue-en-europe\/","og_locale":"fr_FR","og_type":"article","og_title":"\u00c9nergie renouvelable\u00a0: 47% de l\u2019\u00e9lectricit\u00e9 en est issue en Europe - Renouvelle","og_description":"L'\u00e9nergie renouvelable en plein essor en Europe ? Sa part dans le mix \u00e9lectrique grimpe \u00e0 47%. Une \u00e9volution fulgurante en l'espace de 5 ans.","og_url":"https:\/\/www.renouvelle.be\/fr\/energie-renouvelable-47-de-lelectricite-en-est-issue-en-europe\/","og_site_name":"Renouvelle","article_published_time":"2025-01-28T09:54:11+00:00","article_modified_time":"2025-01-28T09:54:17+00:00","og_image":[{"width":2560,"height":1490,"url":"https:\/\/www.renouvelle.be\/wp-content\/uploads\/2025\/01\/AdobeStock_255981497-scaled-e1737726539450.jpeg","type":"image\/jpeg"}],"author":"Samuel Alves","twitter_card":"summary_large_image","schema":{"@context":"https:\/\/schema.org","@graph":[{"@type":"Article","@id":"https:\/\/www.renouvelle.be\/fr\/energie-renouvelable-47-de-lelectricite-en-est-issue-en-europe\/#article","isPartOf":{"@id":"https:\/\/www.renouvelle.be\/fr\/energie-renouvelable-47-de-lelectricite-en-est-issue-en-europe\/"},"author":{"name":"Samuel Alves","@id":"https:\/\/www.renouvelle.be\/fr\/#\/schema\/person\/9d743366fb269eeceaa8d60e98d289d3"},"headline":"\u00c9nergie renouvelable\u00a0: 47% de l\u2019\u00e9lectricit\u00e9 en est issue en Europe","datePublished":"2025-01-28T09:54:11+00:00","dateModified":"2025-01-28T09:54:17+00:00","mainEntityOfPage":{"@id":"https:\/\/www.renouvelle.be\/fr\/energie-renouvelable-47-de-lelectricite-en-est-issue-en-europe\/"},"wordCount":464,"image":{"@id":"https:\/\/www.renouvelle.be\/fr\/energie-renouvelable-47-de-lelectricite-en-est-issue-en-europe\/#primaryimage"},"thumbnailUrl":"https:\/\/www.renouvelle.be\/wp-content\/uploads\/2025\/01\/AdobeStock_255981497-scaled-e1737726539450.jpeg","articleSection":["Actualit\u00e9","Actualit\u00e9 internationale"],"inLanguage":"fr-FR"},{"@type":"WebPage","@id":"https:\/\/www.renouvelle.be\/fr\/energie-renouvelable-47-de-lelectricite-en-est-issue-en-europe\/","url":"https:\/\/www.renouvelle.be\/fr\/energie-renouvelable-47-de-lelectricite-en-est-issue-en-europe\/","name":"\u00c9nergie renouvelable\u00a0: 47% de l\u2019\u00e9lectricit\u00e9 en est issue en Europe - Renouvelle","isPartOf":{"@id":"https:\/\/www.renouvelle.be\/fr\/#website"},"primaryImageOfPage":{"@id":"https:\/\/www.renouvelle.be\/fr\/energie-renouvelable-47-de-lelectricite-en-est-issue-en-europe\/#primaryimage"},"image":{"@id":"https:\/\/www.renouvelle.be\/fr\/energie-renouvelable-47-de-lelectricite-en-est-issue-en-europe\/#primaryimage"},"thumbnailUrl":"https:\/\/www.renouvelle.be\/wp-content\/uploads\/2025\/01\/AdobeStock_255981497-scaled-e1737726539450.jpeg","datePublished":"2025-01-28T09:54:11+00:00","dateModified":"2025-01-28T09:54:17+00:00","author":{"@id":"https:\/\/www.renouvelle.be\/fr\/#\/schema\/person\/9d743366fb269eeceaa8d60e98d289d3"},"description":"L'\u00e9nergie renouvelable en plein essor en Europe ? Sa part dans le mix \u00e9lectrique grimpe \u00e0 47%. Une \u00e9volution fulgurante en l'espace de 5 ans.","breadcrumb":{"@id":"https:\/\/www.renouvelle.be\/fr\/energie-renouvelable-47-de-lelectricite-en-est-issue-en-europe\/#breadcrumb"},"inLanguage":"fr-FR","potentialAction":[{"@type":"ReadAction","target":["https:\/\/www.renouvelle.be\/fr\/energie-renouvelable-47-de-lelectricite-en-est-issue-en-europe\/"]}]},{"@type":"ImageObject","inLanguage":"fr-FR","@id":"https:\/\/www.renouvelle.be\/fr\/energie-renouvelable-47-de-lelectricite-en-est-issue-en-europe\/#primaryimage","url":"https:\/\/www.renouvelle.be\/wp-content\/uploads\/2025\/01\/AdobeStock_255981497-scaled-e1737726539450.jpeg","contentUrl":"https:\/\/www.renouvelle.be\/wp-content\/uploads\/2025\/01\/AdobeStock_255981497-scaled-e1737726539450.jpeg","width":2560,"height":1490},{"@type":"BreadcrumbList","@id":"https:\/\/www.renouvelle.be\/fr\/energie-renouvelable-47-de-lelectricite-en-est-issue-en-europe\/#breadcrumb","itemListElement":[{"@type":"ListItem","position":1,"name":"Accueil","item":"https:\/\/www.renouvelle.be\/fr\/"},{"@type":"ListItem","position":2,"name":"\u00c9nergie renouvelable\u00a0: 47% de l\u2019\u00e9lectricit\u00e9 en est issue en Europe"}]},{"@type":"WebSite","@id":"https:\/\/www.renouvelle.be\/fr\/#website","url":"https:\/\/www.renouvelle.be\/fr\/","name":"Renouvelle","description":"L&#039;actualit\u00e9 de l&#039;\u00e9nergie durable","potentialAction":[{"@type":"SearchAction","target":{"@type":"EntryPoint","urlTemplate":"https:\/\/www.renouvelle.be\/fr\/?s={search_term_string}"},"query-input":{"@type":"PropertyValueSpecification","valueRequired":true,"valueName":"search_term_string"}}],"inLanguage":"fr-FR"},{"@type":"Person","@id":"https:\/\/www.renouvelle.be\/fr\/#\/schema\/person\/9d743366fb269eeceaa8d60e98d289d3","name":"Samuel Alves","url":"https:\/\/www.renouvelle.be\/fr\/author\/salves\/"}]}},"_links":{"self":[{"href":"https:\/\/www.renouvelle.be\/fr\/wp-json\/wp\/v2\/posts\/14620","targetHints":{"allow":["GET"]}}],"collection":[{"href":"https:\/\/www.renouvelle.be\/fr\/wp-json\/wp\/v2\/posts"}],"about":[{"href":"https:\/\/www.renouvelle.be\/fr\/wp-json\/wp\/v2\/types\/post"}],"author":[{"embeddable":true,"href":"https:\/\/www.renouvelle.be\/fr\/wp-json\/wp\/v2\/users\/38"}],"replies":[{"embeddable":true,"href":"https:\/\/www.renouvelle.be\/fr\/wp-json\/wp\/v2\/comments?post=14620"}],"version-history":[{"count":12,"href":"https:\/\/www.renouvelle.be\/fr\/wp-json\/wp\/v2\/posts\/14620\/revisions"}],"predecessor-version":[{"id":14638,"href":"https:\/\/www.renouvelle.be\/fr\/wp-json\/wp\/v2\/posts\/14620\/revisions\/14638"}],"wp:featuredmedia":[{"embeddable":true,"href":"https:\/\/www.renouvelle.be\/fr\/wp-json\/wp\/v2\/media\/14623"}],"wp:attachment":[{"href":"https:\/\/www.renouvelle.be\/fr\/wp-json\/wp\/v2\/media?parent=14620"}],"wp:term":[{"taxonomy":"category","embeddable":true,"href":"https:\/\/www.renouvelle.be\/fr\/wp-json\/wp\/v2\/categories?post=14620"},{"taxonomy":"post_tag","embeddable":true,"href":"https:\/\/www.renouvelle.be\/fr\/wp-json\/wp\/v2\/tags?post=14620"},{"taxonomy":"section","embeddable":true,"href":"https:\/\/www.renouvelle.be\/fr\/wp-json\/wp\/v2\/section?post=14620"}],"curies":[{"name":"wp","href":"https:\/\/api.w.org\/{rel}","templated":true}]}}