{"id":14599,"date":"2025-01-16T11:38:55","date_gmt":"2025-01-16T10:38:55","guid":{"rendered":"https:\/\/www.renouvelle.be\/?p=14599"},"modified":"2025-08-22T16:10:50","modified_gmt":"2025-08-22T14:10:50","slug":"batteries-de-nouvelles-regles-a-respecter-en-europe","status":"publish","type":"post","link":"https:\/\/www.renouvelle.be\/fr\/batteries-de-nouvelles-regles-a-respecter-en-europe\/","title":{"rendered":"Batteries\u00a0: de nouvelles r\u00e8gles \u00e0 respecter en Europe"},"content":{"rendered":"\n<p>L\u2019Europe s\u2019appr\u00eate \u00e0 resserrer la vis en mati\u00e8re de batteries, obligeant les industries concern\u00e9es \u00e0 respecter un cahier des charges plus strict qu\u2019actuellement.<\/p>\n\n\n\n<p>\u00c0 partir d\u2019ao\u00fbt 2025, les fabricants et fournisseurs devront se plier \u00e0 la conformit\u00e9 du marquage CE. Celui-ci indique que les batteries s\u2019alignent bien sur les exigences europ\u00e9ennes, et ce, avant m\u00eame leur mise sur le march\u00e9.<\/p>\n\n\n\n<p>Ces nouvelles directives seront appliqu\u00e9es progressivement durant les deux ann\u00e9es \u00e0 venir, notamment l\u2019indication de l\u2019empreinte carbone ou encore l\u2019obligation d\u2019inclure un certain pourcentage de composants recycl\u00e9s dans le produit. L\u2019\u00e9valuation de l\u2019empreinte carbone inclut l\u2019extraction des mat\u00e9riaux, leur transport (et \u00e0 plus large \u00e9chelle, incluant aussi celui de tout le cycle de production) ainsi que le recyclage anticip\u00e9 lorsque la batterie arrivera en fin de vie.<\/p>\n\n\n\n<p>Mais ce n\u2019est pas tout, puisqu\u2019\u00e0 partir de f\u00e9vrier 2027, les constructeurs et fournisseurs devront \u00e9galement fournir un passeport num\u00e9rique sous forme de QR code, qui devra \u00eatre indiqu\u00e9 et accessible sur la batterie. Il devra inclure toute information relative \u00e0 la durabilit\u00e9, ou encore sur son \u00e9tat d\u2019usage, aux entreprises de recyclage.<\/p>\n\n\n\n<p>Les batteries devront \u00e9galement \u00eatre facilement rempla\u00e7ables par l\u2019utilisateur final (s\u2019il s\u2019agit de batteries portables) ou par des professionnels du secteur (s\u2019il s\u2019agit de batteries industrielles). En ce qui concerne le recyclage, des objectifs seront appliqu\u00e9s \u00e0 partir de d\u00e9cembre 2027 afin de (re)valoriser le plus de mat\u00e9riaux possibles. Une attention particuli\u00e8re sera aussi port\u00e9e \u00e0 la cha\u00eene d\u2019approvisionnement pour s\u2019assurer que celle-ci soit responsable et n\u2019entra\u00eene pas de cons\u00e9quences n\u00e9fastes sur les conditions de travail, les droits de l\u2019Homme et, bien s\u00fbr, l\u2019environnement.<\/p>\n\n\n\n<p>Bien que cela puisse sembler contraignant et repr\u00e9senter un important d\u00e9fi pour le secteur, il s\u2019agit surtout de renforcer la <a href=\"https:\/\/environment.ec.europa.eu\/topics\/waste-and-recycling\/batteries_en\" target=\"_blank\" rel=\"noreferrer noopener\">tra\u00e7abilit\u00e9 et la durabilit\u00e9<\/a> des batteries.<\/p>\n","protected":false},"excerpt":{"rendered":"<p>L\u2019Europe s\u2019appr\u00eate \u00e0 resserrer la vis en mati\u00e8re de batteries, obligeant les industries concern\u00e9es \u00e0 respecter un cahier des charges plus strict qu\u2019actuellement. \u00c0 partir d\u2019ao\u00fbt 2025, les fabricants et fournisseurs devront se plier \u00e0 la conformit\u00e9 du marquage CE. Celui-ci indique que les batteries s\u2019alignent bien sur les exigences europ\u00e9ennes, et ce, avant m\u00eame leur mise sur le march\u00e9. Ces nouvelles directives seront appliqu\u00e9es progressivement durant les deux ann\u00e9es \u00e0 venir, notamment l\u2019indication de l\u2019empreinte carbone ou encore l\u2019obligation d\u2019inclure un certain pourcentage de composants recycl\u00e9s dans le produit. L\u2019\u00e9valuation de l\u2019empreinte carbone inclut l\u2019extraction des mat\u00e9riaux, leur transport (et \u00e0 plus large \u00e9chelle, incluant aussi celui de tout le cycle de production) ainsi que le recyclage anticip\u00e9 lorsque la batterie arrivera en fin de vie. Mais ce n\u2019est pas tout, puisqu\u2019\u00e0 partir de f\u00e9vrier 2027, les constructeurs et fournisseurs devront \u00e9galement fournir un passeport num\u00e9rique sous forme de QR code, qui devra \u00eatre indiqu\u00e9 et accessible sur la batterie. Il devra inclure toute information relative \u00e0 la durabilit\u00e9, ou encore sur son \u00e9tat d\u2019usage, aux entreprises de recyclage. Les batteries devront \u00e9galement \u00eatre facilement rempla\u00e7ables par l\u2019utilisateur final (s\u2019il s\u2019agit de batteries portables) ou par des professionnels du secteur (s\u2019il s\u2019agit de batteries industrielles). En ce qui concerne le recyclage, des objectifs seront appliqu\u00e9s \u00e0 partir de d\u00e9cembre 2027 afin de (re)valoriser le plus de mat\u00e9riaux possibles. Une attention particuli\u00e8re sera aussi port\u00e9e \u00e0 la cha\u00eene d\u2019approvisionnement pour s\u2019assurer que celle-ci soit responsable et n\u2019entra\u00eene pas de cons\u00e9quences n\u00e9fastes sur les conditions de travail, les droits de l\u2019Homme et, bien s\u00fbr, l\u2019environnement. Bien que cela puisse sembler contraignant et repr\u00e9senter un important d\u00e9fi pour le secteur, il s\u2019agit surtout de renforcer la tra\u00e7abilit\u00e9 et la durabilit\u00e9 des batteries.<\/p>\n","protected":false},"author":38,"featured_media":14601,"comment_status":"closed","ping_status":"closed","sticky":false,"template":"","format":"standard","meta":{"_acf_changed":false,"footnotes":""},"categories":[16],"tags":[],"section":[8,13,14],"class_list":["post-14599","post","type-post","status-publish","format-standard","has-post-thumbnail","hentry","category-actualite","section-energie-renouvelables","section-solaire","section-stockage"],"acf":[],"yoast_head":"<!-- This site is optimized with the Yoast SEO plugin v27.5 - https:\/\/yoast.com\/product\/yoast-seo-wordpress\/ -->\n<title>Batteries\u00a0: de nouvelles r\u00e8gles \u00e0 respecter en Europe - Renouvelle<\/title>\n<meta name=\"description\" content=\"De nouvelles r\u00e8gles concernant les batteries s&#039;appr\u00eatent \u00e0 \u00eatre appliqu\u00e9es en Europe. Objectif ? Plus de tra\u00e7abilit\u00e9 et durabilit\u00e9.\" \/>\n<meta name=\"robots\" content=\"index, follow, max-snippet:-1, max-image-preview:large, max-video-preview:-1\" \/>\n<link rel=\"canonical\" href=\"https:\/\/www.renouvelle.be\/fr\/batteries-de-nouvelles-regles-a-respecter-en-europe\/\" \/>\n<meta property=\"og:locale\" content=\"fr_FR\" \/>\n<meta property=\"og:type\" content=\"article\" \/>\n<meta property=\"og:title\" content=\"Batteries\u00a0: de nouvelles r\u00e8gles \u00e0 respecter en Europe - Renouvelle\" \/>\n<meta property=\"og:description\" content=\"De nouvelles r\u00e8gles concernant les batteries s&#039;appr\u00eatent \u00e0 \u00eatre appliqu\u00e9es en Europe. Objectif ? Plus de tra\u00e7abilit\u00e9 et durabilit\u00e9.\" \/>\n<meta property=\"og:url\" content=\"https:\/\/www.renouvelle.be\/fr\/batteries-de-nouvelles-regles-a-respecter-en-europe\/\" \/>\n<meta property=\"og:site_name\" content=\"Renouvelle\" \/>\n<meta property=\"article:published_time\" content=\"2025-01-16T10:38:55+00:00\" \/>\n<meta property=\"article:modified_time\" content=\"2025-08-22T14:10:50+00:00\" \/>\n<meta property=\"og:image\" content=\"https:\/\/www.renouvelle.be\/wp-content\/uploads\/2025\/01\/AdobeStock_679256560-scaled-e1737023761448.jpeg\" \/>\n\t<meta property=\"og:image:width\" content=\"2560\" \/>\n\t<meta property=\"og:image:height\" content=\"1493\" \/>\n\t<meta property=\"og:image:type\" content=\"image\/jpeg\" \/>\n<meta name=\"author\" content=\"Samuel Alves\" \/>\n<meta name=\"twitter:card\" content=\"summary_large_image\" \/>\n<script type=\"application\/ld+json\" class=\"yoast-schema-graph\">{\"@context\":\"https:\\\/\\\/schema.org\",\"@graph\":[{\"@type\":\"Article\",\"@id\":\"https:\\\/\\\/www.renouvelle.be\\\/fr\\\/batteries-de-nouvelles-regles-a-respecter-en-europe\\\/#article\",\"isPartOf\":{\"@id\":\"https:\\\/\\\/www.renouvelle.be\\\/fr\\\/batteries-de-nouvelles-regles-a-respecter-en-europe\\\/\"},\"author\":{\"name\":\"Samuel Alves\",\"@id\":\"https:\\\/\\\/www.renouvelle.be\\\/fr\\\/#\\\/schema\\\/person\\\/9d743366fb269eeceaa8d60e98d289d3\"},\"headline\":\"Batteries\u00a0: de nouvelles r\u00e8gles \u00e0 respecter en Europe\",\"datePublished\":\"2025-01-16T10:38:55+00:00\",\"dateModified\":\"2025-08-22T14:10:50+00:00\",\"mainEntityOfPage\":{\"@id\":\"https:\\\/\\\/www.renouvelle.be\\\/fr\\\/batteries-de-nouvelles-regles-a-respecter-en-europe\\\/\"},\"wordCount\":338,\"image\":{\"@id\":\"https:\\\/\\\/www.renouvelle.be\\\/fr\\\/batteries-de-nouvelles-regles-a-respecter-en-europe\\\/#primaryimage\"},\"thumbnailUrl\":\"https:\\\/\\\/www.renouvelle.be\\\/wp-content\\\/uploads\\\/2025\\\/01\\\/AdobeStock_679256560-scaled-e1737023761448.jpeg\",\"articleSection\":[\"Actualit\u00e9\"],\"inLanguage\":\"fr-FR\"},{\"@type\":\"WebPage\",\"@id\":\"https:\\\/\\\/www.renouvelle.be\\\/fr\\\/batteries-de-nouvelles-regles-a-respecter-en-europe\\\/\",\"url\":\"https:\\\/\\\/www.renouvelle.be\\\/fr\\\/batteries-de-nouvelles-regles-a-respecter-en-europe\\\/\",\"name\":\"Batteries\u00a0: de nouvelles r\u00e8gles \u00e0 respecter en Europe - Renouvelle\",\"isPartOf\":{\"@id\":\"https:\\\/\\\/www.renouvelle.be\\\/fr\\\/#website\"},\"primaryImageOfPage\":{\"@id\":\"https:\\\/\\\/www.renouvelle.be\\\/fr\\\/batteries-de-nouvelles-regles-a-respecter-en-europe\\\/#primaryimage\"},\"image\":{\"@id\":\"https:\\\/\\\/www.renouvelle.be\\\/fr\\\/batteries-de-nouvelles-regles-a-respecter-en-europe\\\/#primaryimage\"},\"thumbnailUrl\":\"https:\\\/\\\/www.renouvelle.be\\\/wp-content\\\/uploads\\\/2025\\\/01\\\/AdobeStock_679256560-scaled-e1737023761448.jpeg\",\"datePublished\":\"2025-01-16T10:38:55+00:00\",\"dateModified\":\"2025-08-22T14:10:50+00:00\",\"author\":{\"@id\":\"https:\\\/\\\/www.renouvelle.be\\\/fr\\\/#\\\/schema\\\/person\\\/9d743366fb269eeceaa8d60e98d289d3\"},\"description\":\"De nouvelles r\u00e8gles concernant les batteries s'appr\u00eatent \u00e0 \u00eatre appliqu\u00e9es en Europe. Objectif ? Plus de tra\u00e7abilit\u00e9 et durabilit\u00e9.\",\"breadcrumb\":{\"@id\":\"https:\\\/\\\/www.renouvelle.be\\\/fr\\\/batteries-de-nouvelles-regles-a-respecter-en-europe\\\/#breadcrumb\"},\"inLanguage\":\"fr-FR\",\"potentialAction\":[{\"@type\":\"ReadAction\",\"target\":[\"https:\\\/\\\/www.renouvelle.be\\\/fr\\\/batteries-de-nouvelles-regles-a-respecter-en-europe\\\/\"]}]},{\"@type\":\"ImageObject\",\"inLanguage\":\"fr-FR\",\"@id\":\"https:\\\/\\\/www.renouvelle.be\\\/fr\\\/batteries-de-nouvelles-regles-a-respecter-en-europe\\\/#primaryimage\",\"url\":\"https:\\\/\\\/www.renouvelle.be\\\/wp-content\\\/uploads\\\/2025\\\/01\\\/AdobeStock_679256560-scaled-e1737023761448.jpeg\",\"contentUrl\":\"https:\\\/\\\/www.renouvelle.be\\\/wp-content\\\/uploads\\\/2025\\\/01\\\/AdobeStock_679256560-scaled-e1737023761448.jpeg\",\"width\":2560,\"height\":1493},{\"@type\":\"BreadcrumbList\",\"@id\":\"https:\\\/\\\/www.renouvelle.be\\\/fr\\\/batteries-de-nouvelles-regles-a-respecter-en-europe\\\/#breadcrumb\",\"itemListElement\":[{\"@type\":\"ListItem\",\"position\":1,\"name\":\"Accueil\",\"item\":\"https:\\\/\\\/www.renouvelle.be\\\/fr\\\/\"},{\"@type\":\"ListItem\",\"position\":2,\"name\":\"Batteries\u00a0: de nouvelles r\u00e8gles \u00e0 respecter en Europe\"}]},{\"@type\":\"WebSite\",\"@id\":\"https:\\\/\\\/www.renouvelle.be\\\/fr\\\/#website\",\"url\":\"https:\\\/\\\/www.renouvelle.be\\\/fr\\\/\",\"name\":\"Renouvelle\",\"description\":\"L&#039;actualit\u00e9 de l&#039;\u00e9nergie durable\",\"potentialAction\":[{\"@type\":\"SearchAction\",\"target\":{\"@type\":\"EntryPoint\",\"urlTemplate\":\"https:\\\/\\\/www.renouvelle.be\\\/fr\\\/?s={search_term_string}\"},\"query-input\":{\"@type\":\"PropertyValueSpecification\",\"valueRequired\":true,\"valueName\":\"search_term_string\"}}],\"inLanguage\":\"fr-FR\"},{\"@type\":\"Person\",\"@id\":\"https:\\\/\\\/www.renouvelle.be\\\/fr\\\/#\\\/schema\\\/person\\\/9d743366fb269eeceaa8d60e98d289d3\",\"name\":\"Samuel Alves\",\"url\":\"https:\\\/\\\/www.renouvelle.be\\\/fr\\\/author\\\/salves\\\/\"}]}<\/script>\n<!-- \/ Yoast SEO plugin. -->","yoast_head_json":{"title":"Batteries\u00a0: de nouvelles r\u00e8gles \u00e0 respecter en Europe - Renouvelle","description":"De nouvelles r\u00e8gles concernant les batteries s'appr\u00eatent \u00e0 \u00eatre appliqu\u00e9es en Europe. Objectif ? Plus de tra\u00e7abilit\u00e9 et durabilit\u00e9.","robots":{"index":"index","follow":"follow","max-snippet":"max-snippet:-1","max-image-preview":"max-image-preview:large","max-video-preview":"max-video-preview:-1"},"canonical":"https:\/\/www.renouvelle.be\/fr\/batteries-de-nouvelles-regles-a-respecter-en-europe\/","og_locale":"fr_FR","og_type":"article","og_title":"Batteries\u00a0: de nouvelles r\u00e8gles \u00e0 respecter en Europe - Renouvelle","og_description":"De nouvelles r\u00e8gles concernant les batteries s'appr\u00eatent \u00e0 \u00eatre appliqu\u00e9es en Europe. Objectif ? Plus de tra\u00e7abilit\u00e9 et durabilit\u00e9.","og_url":"https:\/\/www.renouvelle.be\/fr\/batteries-de-nouvelles-regles-a-respecter-en-europe\/","og_site_name":"Renouvelle","article_published_time":"2025-01-16T10:38:55+00:00","article_modified_time":"2025-08-22T14:10:50+00:00","og_image":[{"width":2560,"height":1493,"url":"https:\/\/www.renouvelle.be\/wp-content\/uploads\/2025\/01\/AdobeStock_679256560-scaled-e1737023761448.jpeg","type":"image\/jpeg"}],"author":"Samuel Alves","twitter_card":"summary_large_image","schema":{"@context":"https:\/\/schema.org","@graph":[{"@type":"Article","@id":"https:\/\/www.renouvelle.be\/fr\/batteries-de-nouvelles-regles-a-respecter-en-europe\/#article","isPartOf":{"@id":"https:\/\/www.renouvelle.be\/fr\/batteries-de-nouvelles-regles-a-respecter-en-europe\/"},"author":{"name":"Samuel Alves","@id":"https:\/\/www.renouvelle.be\/fr\/#\/schema\/person\/9d743366fb269eeceaa8d60e98d289d3"},"headline":"Batteries\u00a0: de nouvelles r\u00e8gles \u00e0 respecter en Europe","datePublished":"2025-01-16T10:38:55+00:00","dateModified":"2025-08-22T14:10:50+00:00","mainEntityOfPage":{"@id":"https:\/\/www.renouvelle.be\/fr\/batteries-de-nouvelles-regles-a-respecter-en-europe\/"},"wordCount":338,"image":{"@id":"https:\/\/www.renouvelle.be\/fr\/batteries-de-nouvelles-regles-a-respecter-en-europe\/#primaryimage"},"thumbnailUrl":"https:\/\/www.renouvelle.be\/wp-content\/uploads\/2025\/01\/AdobeStock_679256560-scaled-e1737023761448.jpeg","articleSection":["Actualit\u00e9"],"inLanguage":"fr-FR"},{"@type":"WebPage","@id":"https:\/\/www.renouvelle.be\/fr\/batteries-de-nouvelles-regles-a-respecter-en-europe\/","url":"https:\/\/www.renouvelle.be\/fr\/batteries-de-nouvelles-regles-a-respecter-en-europe\/","name":"Batteries\u00a0: de nouvelles r\u00e8gles \u00e0 respecter en Europe - Renouvelle","isPartOf":{"@id":"https:\/\/www.renouvelle.be\/fr\/#website"},"primaryImageOfPage":{"@id":"https:\/\/www.renouvelle.be\/fr\/batteries-de-nouvelles-regles-a-respecter-en-europe\/#primaryimage"},"image":{"@id":"https:\/\/www.renouvelle.be\/fr\/batteries-de-nouvelles-regles-a-respecter-en-europe\/#primaryimage"},"thumbnailUrl":"https:\/\/www.renouvelle.be\/wp-content\/uploads\/2025\/01\/AdobeStock_679256560-scaled-e1737023761448.jpeg","datePublished":"2025-01-16T10:38:55+00:00","dateModified":"2025-08-22T14:10:50+00:00","author":{"@id":"https:\/\/www.renouvelle.be\/fr\/#\/schema\/person\/9d743366fb269eeceaa8d60e98d289d3"},"description":"De nouvelles r\u00e8gles concernant les batteries s'appr\u00eatent \u00e0 \u00eatre appliqu\u00e9es en Europe. Objectif ? Plus de tra\u00e7abilit\u00e9 et durabilit\u00e9.","breadcrumb":{"@id":"https:\/\/www.renouvelle.be\/fr\/batteries-de-nouvelles-regles-a-respecter-en-europe\/#breadcrumb"},"inLanguage":"fr-FR","potentialAction":[{"@type":"ReadAction","target":["https:\/\/www.renouvelle.be\/fr\/batteries-de-nouvelles-regles-a-respecter-en-europe\/"]}]},{"@type":"ImageObject","inLanguage":"fr-FR","@id":"https:\/\/www.renouvelle.be\/fr\/batteries-de-nouvelles-regles-a-respecter-en-europe\/#primaryimage","url":"https:\/\/www.renouvelle.be\/wp-content\/uploads\/2025\/01\/AdobeStock_679256560-scaled-e1737023761448.jpeg","contentUrl":"https:\/\/www.renouvelle.be\/wp-content\/uploads\/2025\/01\/AdobeStock_679256560-scaled-e1737023761448.jpeg","width":2560,"height":1493},{"@type":"BreadcrumbList","@id":"https:\/\/www.renouvelle.be\/fr\/batteries-de-nouvelles-regles-a-respecter-en-europe\/#breadcrumb","itemListElement":[{"@type":"ListItem","position":1,"name":"Accueil","item":"https:\/\/www.renouvelle.be\/fr\/"},{"@type":"ListItem","position":2,"name":"Batteries\u00a0: de nouvelles r\u00e8gles \u00e0 respecter en Europe"}]},{"@type":"WebSite","@id":"https:\/\/www.renouvelle.be\/fr\/#website","url":"https:\/\/www.renouvelle.be\/fr\/","name":"Renouvelle","description":"L&#039;actualit\u00e9 de l&#039;\u00e9nergie durable","potentialAction":[{"@type":"SearchAction","target":{"@type":"EntryPoint","urlTemplate":"https:\/\/www.renouvelle.be\/fr\/?s={search_term_string}"},"query-input":{"@type":"PropertyValueSpecification","valueRequired":true,"valueName":"search_term_string"}}],"inLanguage":"fr-FR"},{"@type":"Person","@id":"https:\/\/www.renouvelle.be\/fr\/#\/schema\/person\/9d743366fb269eeceaa8d60e98d289d3","name":"Samuel Alves","url":"https:\/\/www.renouvelle.be\/fr\/author\/salves\/"}]}},"_links":{"self":[{"href":"https:\/\/www.renouvelle.be\/fr\/wp-json\/wp\/v2\/posts\/14599","targetHints":{"allow":["GET"]}}],"collection":[{"href":"https:\/\/www.renouvelle.be\/fr\/wp-json\/wp\/v2\/posts"}],"about":[{"href":"https:\/\/www.renouvelle.be\/fr\/wp-json\/wp\/v2\/types\/post"}],"author":[{"embeddable":true,"href":"https:\/\/www.renouvelle.be\/fr\/wp-json\/wp\/v2\/users\/38"}],"replies":[{"embeddable":true,"href":"https:\/\/www.renouvelle.be\/fr\/wp-json\/wp\/v2\/comments?post=14599"}],"version-history":[{"count":3,"href":"https:\/\/www.renouvelle.be\/fr\/wp-json\/wp\/v2\/posts\/14599\/revisions"}],"predecessor-version":[{"id":15548,"href":"https:\/\/www.renouvelle.be\/fr\/wp-json\/wp\/v2\/posts\/14599\/revisions\/15548"}],"wp:featuredmedia":[{"embeddable":true,"href":"https:\/\/www.renouvelle.be\/fr\/wp-json\/wp\/v2\/media\/14601"}],"wp:attachment":[{"href":"https:\/\/www.renouvelle.be\/fr\/wp-json\/wp\/v2\/media?parent=14599"}],"wp:term":[{"taxonomy":"category","embeddable":true,"href":"https:\/\/www.renouvelle.be\/fr\/wp-json\/wp\/v2\/categories?post=14599"},{"taxonomy":"post_tag","embeddable":true,"href":"https:\/\/www.renouvelle.be\/fr\/wp-json\/wp\/v2\/tags?post=14599"},{"taxonomy":"section","embeddable":true,"href":"https:\/\/www.renouvelle.be\/fr\/wp-json\/wp\/v2\/section?post=14599"}],"curies":[{"name":"wp","href":"https:\/\/api.w.org\/{rel}","templated":true}]}}