{"id":14588,"date":"2025-01-15T09:15:18","date_gmt":"2025-01-15T08:15:18","guid":{"rendered":"https:\/\/www.renouvelle.be\/?p=14588"},"modified":"2025-01-15T09:15:26","modified_gmt":"2025-01-15T08:15:26","slug":"fin-du-soutien-public-aux-energies-fossiles-pas-pour-locde","status":"publish","type":"post","link":"https:\/\/www.renouvelle.be\/fr\/fin-du-soutien-public-aux-energies-fossiles-pas-pour-locde\/","title":{"rendered":"Fin du soutien public aux \u00e9nergies fossiles\u00a0? Pas pour l\u2019OCDE."},"content":{"rendered":"\n<p>Apr\u00e8s plusieurs mois de discussions entre les pays de l\u2019<a href=\"https:\/\/www.oecd.org\/fr.html\" target=\"_blank\" rel=\"noreferrer noopener\">OCDE<\/a> participants, celles-ci se sont sold\u00e9es par un \u00e9chec, aucun accord n\u2019ayant pu \u00eatre trouv\u00e9. Cet \u00e9chec repr\u00e9sente un coup dur pour la transition \u00e9nerg\u00e9tique mondiale qui pourrait voir ses efforts ralentis.<\/p>\n\n\n\n<p>L\u2019objectif de ces n\u00e9gociations \u00e9tait d\u2019interdire, petit \u00e0 petit, le <a href=\"https:\/\/www.renouvelle.be\/fr\/en-belgique-les-energies-fossiles-carburent-aux-subventions\/\" target=\"_blank\" rel=\"noreferrer noopener\">soutien financier<\/a> allou\u00e9 aux \u00e9nergies fossiles via des subsides publics, et plus particuli\u00e8rement celui provenant des agences de cr\u00e9dit \u00e0 l\u2019exportation, en faveur donc des industries p\u00e9troli\u00e8res et gazi\u00e8res. D\u2019apr\u00e8s les organisations environnementales, ces agences en sont les principaux financeurs publics. Elles ont jou\u00e9 un r\u00f4le important dans le d\u00e9veloppement du gaz liqu\u00e9fi\u00e9, en aidant plus de 80% des nouveaux projets de terminaux d\u2019exportation de 2012 \u00e0 2022.<\/p>\n\n\n\n<p>Appuy\u00e9 par l\u2019Union europ\u00e9enne, le Royaume-Uni et le Canada, les \u00c9tats-Unis ont, eux, exprim\u00e9 leur opposition au projet. En cons\u00e9quence, le projet a \u00e9t\u00e9 report\u00e9, sans qu&rsquo;aucune nouvelle \u00e9ch\u00e9ance ne soit d\u00e9finie, laissant planer une incertitude sur l\u2019avenir de ce dernier.<\/p>\n","protected":false},"excerpt":{"rendered":"<p>Apr\u00e8s plusieurs mois de discussions entre les pays de l\u2019OCDE participants, celles-ci se sont sold\u00e9es par un \u00e9chec, aucun accord n\u2019ayant pu \u00eatre trouv\u00e9. Cet \u00e9chec repr\u00e9sente un coup dur pour la transition \u00e9nerg\u00e9tique mondiale qui pourrait voir ses efforts ralentis. L\u2019objectif de ces n\u00e9gociations \u00e9tait d\u2019interdire, petit \u00e0 petit, le soutien financier allou\u00e9 aux \u00e9nergies fossiles via des subsides publics, et plus particuli\u00e8rement celui provenant des agences de cr\u00e9dit \u00e0 l\u2019exportation, en faveur donc des industries p\u00e9troli\u00e8res et gazi\u00e8res. D\u2019apr\u00e8s les organisations environnementales, ces agences en sont les principaux financeurs publics. Elles ont jou\u00e9 un r\u00f4le important dans le d\u00e9veloppement du gaz liqu\u00e9fi\u00e9, en aidant plus de 80% des nouveaux projets de terminaux d\u2019exportation de 2012 \u00e0 2022. Appuy\u00e9 par l\u2019Union europ\u00e9enne, le Royaume-Uni et le Canada, les \u00c9tats-Unis ont, eux, exprim\u00e9 leur opposition au projet. En cons\u00e9quence, le projet a \u00e9t\u00e9 report\u00e9, sans qu&rsquo;aucune nouvelle \u00e9ch\u00e9ance ne soit d\u00e9finie, laissant planer une incertitude sur l\u2019avenir de ce dernier.<\/p>\n","protected":false},"author":38,"featured_media":14591,"comment_status":"closed","ping_status":"closed","sticky":false,"template":"","format":"standard","meta":{"_acf_changed":false,"footnotes":""},"categories":[16,18],"tags":[],"section":[8],"class_list":["post-14588","post","type-post","status-publish","format-standard","has-post-thumbnail","hentry","category-actualite","category-actualite-internationale","section-energie-renouvelables"],"acf":[],"yoast_head":"<!-- This site is optimized with the Yoast SEO plugin v27.5 - https:\/\/yoast.com\/product\/yoast-seo-wordpress\/ -->\n<title>Fin du soutien public aux \u00e9nergies fossiles\u00a0? Pas pour l\u2019OCDE. - Renouvelle<\/title>\n<meta name=\"description\" content=\"Les pays de l&#039;OCDE ne sont pas arriv\u00e9s \u00e0 se mettre d&#039;accord sur la fin du soutien public aux \u00e9nergies fossiles.\" \/>\n<meta name=\"robots\" content=\"index, follow, max-snippet:-1, max-image-preview:large, max-video-preview:-1\" \/>\n<link rel=\"canonical\" href=\"https:\/\/www.renouvelle.be\/fr\/fin-du-soutien-public-aux-energies-fossiles-pas-pour-locde\/\" \/>\n<meta property=\"og:locale\" content=\"fr_FR\" \/>\n<meta property=\"og:type\" content=\"article\" \/>\n<meta property=\"og:title\" content=\"Fin du soutien public aux \u00e9nergies fossiles\u00a0? Pas pour l\u2019OCDE. - Renouvelle\" \/>\n<meta property=\"og:description\" content=\"Les pays de l&#039;OCDE ne sont pas arriv\u00e9s \u00e0 se mettre d&#039;accord sur la fin du soutien public aux \u00e9nergies fossiles.\" \/>\n<meta property=\"og:url\" content=\"https:\/\/www.renouvelle.be\/fr\/fin-du-soutien-public-aux-energies-fossiles-pas-pour-locde\/\" \/>\n<meta property=\"og:site_name\" content=\"Renouvelle\" \/>\n<meta property=\"article:published_time\" content=\"2025-01-15T08:15:18+00:00\" \/>\n<meta property=\"article:modified_time\" content=\"2025-01-15T08:15:26+00:00\" \/>\n<meta property=\"og:image\" content=\"https:\/\/www.renouvelle.be\/wp-content\/uploads\/2025\/01\/AdobeStock_391022366-scaled-e1736866814605.jpeg\" \/>\n\t<meta property=\"og:image:width\" content=\"2560\" \/>\n\t<meta property=\"og:image:height\" content=\"1506\" \/>\n\t<meta property=\"og:image:type\" content=\"image\/jpeg\" \/>\n<meta name=\"author\" content=\"Samuel Alves\" \/>\n<meta name=\"twitter:card\" content=\"summary_large_image\" \/>\n<script type=\"application\/ld+json\" class=\"yoast-schema-graph\">{\"@context\":\"https:\\\/\\\/schema.org\",\"@graph\":[{\"@type\":\"Article\",\"@id\":\"https:\\\/\\\/www.renouvelle.be\\\/fr\\\/fin-du-soutien-public-aux-energies-fossiles-pas-pour-locde\\\/#article\",\"isPartOf\":{\"@id\":\"https:\\\/\\\/www.renouvelle.be\\\/fr\\\/fin-du-soutien-public-aux-energies-fossiles-pas-pour-locde\\\/\"},\"author\":{\"name\":\"Samuel Alves\",\"@id\":\"https:\\\/\\\/www.renouvelle.be\\\/fr\\\/#\\\/schema\\\/person\\\/9d743366fb269eeceaa8d60e98d289d3\"},\"headline\":\"Fin du soutien public aux \u00e9nergies fossiles\u00a0? Pas pour l\u2019OCDE.\",\"datePublished\":\"2025-01-15T08:15:18+00:00\",\"dateModified\":\"2025-01-15T08:15:26+00:00\",\"mainEntityOfPage\":{\"@id\":\"https:\\\/\\\/www.renouvelle.be\\\/fr\\\/fin-du-soutien-public-aux-energies-fossiles-pas-pour-locde\\\/\"},\"wordCount\":193,\"image\":{\"@id\":\"https:\\\/\\\/www.renouvelle.be\\\/fr\\\/fin-du-soutien-public-aux-energies-fossiles-pas-pour-locde\\\/#primaryimage\"},\"thumbnailUrl\":\"https:\\\/\\\/www.renouvelle.be\\\/wp-content\\\/uploads\\\/2025\\\/01\\\/AdobeStock_391022366-scaled-e1736866814605.jpeg\",\"articleSection\":[\"Actualit\u00e9\",\"Actualit\u00e9 internationale\"],\"inLanguage\":\"fr-FR\"},{\"@type\":\"WebPage\",\"@id\":\"https:\\\/\\\/www.renouvelle.be\\\/fr\\\/fin-du-soutien-public-aux-energies-fossiles-pas-pour-locde\\\/\",\"url\":\"https:\\\/\\\/www.renouvelle.be\\\/fr\\\/fin-du-soutien-public-aux-energies-fossiles-pas-pour-locde\\\/\",\"name\":\"Fin du soutien public aux \u00e9nergies fossiles\u00a0? Pas pour l\u2019OCDE. - Renouvelle\",\"isPartOf\":{\"@id\":\"https:\\\/\\\/www.renouvelle.be\\\/fr\\\/#website\"},\"primaryImageOfPage\":{\"@id\":\"https:\\\/\\\/www.renouvelle.be\\\/fr\\\/fin-du-soutien-public-aux-energies-fossiles-pas-pour-locde\\\/#primaryimage\"},\"image\":{\"@id\":\"https:\\\/\\\/www.renouvelle.be\\\/fr\\\/fin-du-soutien-public-aux-energies-fossiles-pas-pour-locde\\\/#primaryimage\"},\"thumbnailUrl\":\"https:\\\/\\\/www.renouvelle.be\\\/wp-content\\\/uploads\\\/2025\\\/01\\\/AdobeStock_391022366-scaled-e1736866814605.jpeg\",\"datePublished\":\"2025-01-15T08:15:18+00:00\",\"dateModified\":\"2025-01-15T08:15:26+00:00\",\"author\":{\"@id\":\"https:\\\/\\\/www.renouvelle.be\\\/fr\\\/#\\\/schema\\\/person\\\/9d743366fb269eeceaa8d60e98d289d3\"},\"description\":\"Les pays de l'OCDE ne sont pas arriv\u00e9s \u00e0 se mettre d'accord sur la fin du soutien public aux \u00e9nergies fossiles.\",\"breadcrumb\":{\"@id\":\"https:\\\/\\\/www.renouvelle.be\\\/fr\\\/fin-du-soutien-public-aux-energies-fossiles-pas-pour-locde\\\/#breadcrumb\"},\"inLanguage\":\"fr-FR\",\"potentialAction\":[{\"@type\":\"ReadAction\",\"target\":[\"https:\\\/\\\/www.renouvelle.be\\\/fr\\\/fin-du-soutien-public-aux-energies-fossiles-pas-pour-locde\\\/\"]}]},{\"@type\":\"ImageObject\",\"inLanguage\":\"fr-FR\",\"@id\":\"https:\\\/\\\/www.renouvelle.be\\\/fr\\\/fin-du-soutien-public-aux-energies-fossiles-pas-pour-locde\\\/#primaryimage\",\"url\":\"https:\\\/\\\/www.renouvelle.be\\\/wp-content\\\/uploads\\\/2025\\\/01\\\/AdobeStock_391022366-scaled-e1736866814605.jpeg\",\"contentUrl\":\"https:\\\/\\\/www.renouvelle.be\\\/wp-content\\\/uploads\\\/2025\\\/01\\\/AdobeStock_391022366-scaled-e1736866814605.jpeg\",\"width\":2560,\"height\":1506},{\"@type\":\"BreadcrumbList\",\"@id\":\"https:\\\/\\\/www.renouvelle.be\\\/fr\\\/fin-du-soutien-public-aux-energies-fossiles-pas-pour-locde\\\/#breadcrumb\",\"itemListElement\":[{\"@type\":\"ListItem\",\"position\":1,\"name\":\"Accueil\",\"item\":\"https:\\\/\\\/www.renouvelle.be\\\/fr\\\/\"},{\"@type\":\"ListItem\",\"position\":2,\"name\":\"Fin du soutien public aux \u00e9nergies fossiles\u00a0? Pas pour l\u2019OCDE.\"}]},{\"@type\":\"WebSite\",\"@id\":\"https:\\\/\\\/www.renouvelle.be\\\/fr\\\/#website\",\"url\":\"https:\\\/\\\/www.renouvelle.be\\\/fr\\\/\",\"name\":\"Renouvelle\",\"description\":\"L&#039;actualit\u00e9 de l&#039;\u00e9nergie durable\",\"potentialAction\":[{\"@type\":\"SearchAction\",\"target\":{\"@type\":\"EntryPoint\",\"urlTemplate\":\"https:\\\/\\\/www.renouvelle.be\\\/fr\\\/?s={search_term_string}\"},\"query-input\":{\"@type\":\"PropertyValueSpecification\",\"valueRequired\":true,\"valueName\":\"search_term_string\"}}],\"inLanguage\":\"fr-FR\"},{\"@type\":\"Person\",\"@id\":\"https:\\\/\\\/www.renouvelle.be\\\/fr\\\/#\\\/schema\\\/person\\\/9d743366fb269eeceaa8d60e98d289d3\",\"name\":\"Samuel Alves\",\"url\":\"https:\\\/\\\/www.renouvelle.be\\\/fr\\\/author\\\/salves\\\/\"}]}<\/script>\n<!-- \/ Yoast SEO plugin. -->","yoast_head_json":{"title":"Fin du soutien public aux \u00e9nergies fossiles\u00a0? Pas pour l\u2019OCDE. - Renouvelle","description":"Les pays de l'OCDE ne sont pas arriv\u00e9s \u00e0 se mettre d'accord sur la fin du soutien public aux \u00e9nergies fossiles.","robots":{"index":"index","follow":"follow","max-snippet":"max-snippet:-1","max-image-preview":"max-image-preview:large","max-video-preview":"max-video-preview:-1"},"canonical":"https:\/\/www.renouvelle.be\/fr\/fin-du-soutien-public-aux-energies-fossiles-pas-pour-locde\/","og_locale":"fr_FR","og_type":"article","og_title":"Fin du soutien public aux \u00e9nergies fossiles\u00a0? Pas pour l\u2019OCDE. - Renouvelle","og_description":"Les pays de l'OCDE ne sont pas arriv\u00e9s \u00e0 se mettre d'accord sur la fin du soutien public aux \u00e9nergies fossiles.","og_url":"https:\/\/www.renouvelle.be\/fr\/fin-du-soutien-public-aux-energies-fossiles-pas-pour-locde\/","og_site_name":"Renouvelle","article_published_time":"2025-01-15T08:15:18+00:00","article_modified_time":"2025-01-15T08:15:26+00:00","og_image":[{"width":2560,"height":1506,"url":"https:\/\/www.renouvelle.be\/wp-content\/uploads\/2025\/01\/AdobeStock_391022366-scaled-e1736866814605.jpeg","type":"image\/jpeg"}],"author":"Samuel Alves","twitter_card":"summary_large_image","schema":{"@context":"https:\/\/schema.org","@graph":[{"@type":"Article","@id":"https:\/\/www.renouvelle.be\/fr\/fin-du-soutien-public-aux-energies-fossiles-pas-pour-locde\/#article","isPartOf":{"@id":"https:\/\/www.renouvelle.be\/fr\/fin-du-soutien-public-aux-energies-fossiles-pas-pour-locde\/"},"author":{"name":"Samuel Alves","@id":"https:\/\/www.renouvelle.be\/fr\/#\/schema\/person\/9d743366fb269eeceaa8d60e98d289d3"},"headline":"Fin du soutien public aux \u00e9nergies fossiles\u00a0? Pas pour l\u2019OCDE.","datePublished":"2025-01-15T08:15:18+00:00","dateModified":"2025-01-15T08:15:26+00:00","mainEntityOfPage":{"@id":"https:\/\/www.renouvelle.be\/fr\/fin-du-soutien-public-aux-energies-fossiles-pas-pour-locde\/"},"wordCount":193,"image":{"@id":"https:\/\/www.renouvelle.be\/fr\/fin-du-soutien-public-aux-energies-fossiles-pas-pour-locde\/#primaryimage"},"thumbnailUrl":"https:\/\/www.renouvelle.be\/wp-content\/uploads\/2025\/01\/AdobeStock_391022366-scaled-e1736866814605.jpeg","articleSection":["Actualit\u00e9","Actualit\u00e9 internationale"],"inLanguage":"fr-FR"},{"@type":"WebPage","@id":"https:\/\/www.renouvelle.be\/fr\/fin-du-soutien-public-aux-energies-fossiles-pas-pour-locde\/","url":"https:\/\/www.renouvelle.be\/fr\/fin-du-soutien-public-aux-energies-fossiles-pas-pour-locde\/","name":"Fin du soutien public aux \u00e9nergies fossiles\u00a0? Pas pour l\u2019OCDE. - Renouvelle","isPartOf":{"@id":"https:\/\/www.renouvelle.be\/fr\/#website"},"primaryImageOfPage":{"@id":"https:\/\/www.renouvelle.be\/fr\/fin-du-soutien-public-aux-energies-fossiles-pas-pour-locde\/#primaryimage"},"image":{"@id":"https:\/\/www.renouvelle.be\/fr\/fin-du-soutien-public-aux-energies-fossiles-pas-pour-locde\/#primaryimage"},"thumbnailUrl":"https:\/\/www.renouvelle.be\/wp-content\/uploads\/2025\/01\/AdobeStock_391022366-scaled-e1736866814605.jpeg","datePublished":"2025-01-15T08:15:18+00:00","dateModified":"2025-01-15T08:15:26+00:00","author":{"@id":"https:\/\/www.renouvelle.be\/fr\/#\/schema\/person\/9d743366fb269eeceaa8d60e98d289d3"},"description":"Les pays de l'OCDE ne sont pas arriv\u00e9s \u00e0 se mettre d'accord sur la fin du soutien public aux \u00e9nergies fossiles.","breadcrumb":{"@id":"https:\/\/www.renouvelle.be\/fr\/fin-du-soutien-public-aux-energies-fossiles-pas-pour-locde\/#breadcrumb"},"inLanguage":"fr-FR","potentialAction":[{"@type":"ReadAction","target":["https:\/\/www.renouvelle.be\/fr\/fin-du-soutien-public-aux-energies-fossiles-pas-pour-locde\/"]}]},{"@type":"ImageObject","inLanguage":"fr-FR","@id":"https:\/\/www.renouvelle.be\/fr\/fin-du-soutien-public-aux-energies-fossiles-pas-pour-locde\/#primaryimage","url":"https:\/\/www.renouvelle.be\/wp-content\/uploads\/2025\/01\/AdobeStock_391022366-scaled-e1736866814605.jpeg","contentUrl":"https:\/\/www.renouvelle.be\/wp-content\/uploads\/2025\/01\/AdobeStock_391022366-scaled-e1736866814605.jpeg","width":2560,"height":1506},{"@type":"BreadcrumbList","@id":"https:\/\/www.renouvelle.be\/fr\/fin-du-soutien-public-aux-energies-fossiles-pas-pour-locde\/#breadcrumb","itemListElement":[{"@type":"ListItem","position":1,"name":"Accueil","item":"https:\/\/www.renouvelle.be\/fr\/"},{"@type":"ListItem","position":2,"name":"Fin du soutien public aux \u00e9nergies fossiles\u00a0? Pas pour l\u2019OCDE."}]},{"@type":"WebSite","@id":"https:\/\/www.renouvelle.be\/fr\/#website","url":"https:\/\/www.renouvelle.be\/fr\/","name":"Renouvelle","description":"L&#039;actualit\u00e9 de l&#039;\u00e9nergie durable","potentialAction":[{"@type":"SearchAction","target":{"@type":"EntryPoint","urlTemplate":"https:\/\/www.renouvelle.be\/fr\/?s={search_term_string}"},"query-input":{"@type":"PropertyValueSpecification","valueRequired":true,"valueName":"search_term_string"}}],"inLanguage":"fr-FR"},{"@type":"Person","@id":"https:\/\/www.renouvelle.be\/fr\/#\/schema\/person\/9d743366fb269eeceaa8d60e98d289d3","name":"Samuel Alves","url":"https:\/\/www.renouvelle.be\/fr\/author\/salves\/"}]}},"_links":{"self":[{"href":"https:\/\/www.renouvelle.be\/fr\/wp-json\/wp\/v2\/posts\/14588","targetHints":{"allow":["GET"]}}],"collection":[{"href":"https:\/\/www.renouvelle.be\/fr\/wp-json\/wp\/v2\/posts"}],"about":[{"href":"https:\/\/www.renouvelle.be\/fr\/wp-json\/wp\/v2\/types\/post"}],"author":[{"embeddable":true,"href":"https:\/\/www.renouvelle.be\/fr\/wp-json\/wp\/v2\/users\/38"}],"replies":[{"embeddable":true,"href":"https:\/\/www.renouvelle.be\/fr\/wp-json\/wp\/v2\/comments?post=14588"}],"version-history":[{"count":3,"href":"https:\/\/www.renouvelle.be\/fr\/wp-json\/wp\/v2\/posts\/14588\/revisions"}],"predecessor-version":[{"id":14593,"href":"https:\/\/www.renouvelle.be\/fr\/wp-json\/wp\/v2\/posts\/14588\/revisions\/14593"}],"wp:featuredmedia":[{"embeddable":true,"href":"https:\/\/www.renouvelle.be\/fr\/wp-json\/wp\/v2\/media\/14591"}],"wp:attachment":[{"href":"https:\/\/www.renouvelle.be\/fr\/wp-json\/wp\/v2\/media?parent=14588"}],"wp:term":[{"taxonomy":"category","embeddable":true,"href":"https:\/\/www.renouvelle.be\/fr\/wp-json\/wp\/v2\/categories?post=14588"},{"taxonomy":"post_tag","embeddable":true,"href":"https:\/\/www.renouvelle.be\/fr\/wp-json\/wp\/v2\/tags?post=14588"},{"taxonomy":"section","embeddable":true,"href":"https:\/\/www.renouvelle.be\/fr\/wp-json\/wp\/v2\/section?post=14588"}],"curies":[{"name":"wp","href":"https:\/\/api.w.org\/{rel}","templated":true}]}}