{"id":14574,"date":"2025-01-14T09:35:14","date_gmt":"2025-01-14T08:35:14","guid":{"rendered":"https:\/\/www.renouvelle.be\/?p=14574"},"modified":"2025-01-14T09:35:23","modified_gmt":"2025-01-14T08:35:23","slug":"30-de-renouvelables-dans-lelectricite-consommee-en-belgique-en-2024","status":"publish","type":"post","link":"https:\/\/www.renouvelle.be\/fr\/30-de-renouvelables-dans-lelectricite-consommee-en-belgique-en-2024\/","title":{"rendered":"30% de renouvelables dans l\u2019\u00e9lectricit\u00e9 consomm\u00e9e en Belgique en 2024\u00a0"},"content":{"rendered":"\n<p>En 2024, la consommation \u00e9lectrique totale en Belgique s\u2019est \u00e9tablie \u00e0 <strong>80 TWh<\/strong>, un chiffre stable par rapport \u00e0 l\u2019ann\u00e9e pr\u00e9c\u00e9dente. <strong>30% de cette consommation provient des sources d\u2019\u00e9nergie renouvelables<\/strong>, marquant une \u00e9tape significative dans la transition \u00e9nerg\u00e9tique belge.&nbsp;<\/p>\n\n\n\n<p>Cette stabilit\u00e9 est notable malgr\u00e9 une l\u00e9g\u00e8re baisse des prix de l\u2019\u00e9lectricit\u00e9, qui aurait pu encourager une augmentation de la demande.<\/p>\n\n\n\n<h2 class=\"wp-block-heading\"><strong>Bilan \u00e9nerg\u00e9tique 2024<\/strong><\/h2>\n\n\n\n<p>Nos pr\u00e9visions pour 2024 tablaient sur une augmentation significative de la contribution de l\u2019\u00e9nergie solaire, avec un objectif ambitieux de couvrir 11% de la consommation totale d\u2019\u00e9lectricit\u00e9. Toutefois, <strong>un manque d\u2019ensoleillement record, comparable aux plus bas niveaux observ\u00e9s <a href=\"https:\/\/www.meteo.be\/fr\/climat\/climat-de-la-belgique\/bilans-climatologiques\/2024\/annee?utm_source=brevo&amp;utm_campaign=CP%20-%2030%20de%20renouvelables%20dans%20llectricit%20consomme%20en%20Belgique%20en%202024&amp;utm_medium=email\" target=\"_blank\" rel=\"noreferrer noopener\">depuis 1998<\/a><\/strong>, a limit\u00e9 cette progression \u00e0 une hausse de 1%.\u00a0<\/p>\n\n\n\n<p>Malgr\u00e9 cette contrainte m\u00e9t\u00e9orologique, <strong>l\u2019\u00e9nergie solaire a tout de m\u00eame contribu\u00e9 \u00e0 hauteur de 10% des besoins \u00e9nerg\u00e9tiques du pays<\/strong>. L\u2019\u00e9olien, pour sa part, a jou\u00e9 un r\u00f4le cl\u00e9, couvrant <strong>16% de la consommation totale d\u2019\u00e9lectricit\u00e9 (18% en 2023)<\/strong>. La r\u00e9partition entre l\u2019\u00e9olien terrestre (<strong>7%<\/strong>) et offshore (<strong>9%<\/strong>) met en \u00e9vidence l\u2019importance strat\u00e9gique des parcs \u00e9oliens en mer dans le mix \u00e9nerg\u00e9tique belge.<br><\/p>\n\n\n<div class=\"wp-block-image\">\n<figure class=\"aligncenter size-full\"><img loading=\"lazy\" decoding=\"async\" width=\"687\" height=\"549\" src=\"https:\/\/www.renouvelle.be\/wp-content\/uploads\/2025\/01\/image01.png\" alt=\"\" class=\"wp-image-14577\" srcset=\"https:\/\/www.renouvelle.be\/wp-content\/uploads\/2025\/01\/image01.png 687w, https:\/\/www.renouvelle.be\/wp-content\/uploads\/2025\/01\/image01-300x240.png 300w\" sizes=\"auto, (max-width: 687px) 100vw, 687px\" \/><\/figure>\n<\/div>\n\n\n<h2 class=\"wp-block-heading\"><strong>Des \u00e9missions de CO<sub>2<\/sub> en diminution de 35% en 8 ans\u00a0<\/strong> <\/h2>\n\n\n\n<p>En diminution quasiment constante, les \u00e9missions de C0<sub>2<\/sub> li\u00e9es au mix \u00e9lectrique belge ont diminu\u00e9 de 35% depuis 2017 en passant de 226 grCO<sub>2<\/sub>\/kWh \u00e0 147 grCO<sub>2<\/sub>\/kWh en 2024.\u00a0<\/p>\n\n\n<div class=\"wp-block-image\">\n<figure class=\"aligncenter size-full\"><img loading=\"lazy\" decoding=\"async\" width=\"552\" height=\"306\" src=\"https:\/\/www.renouvelle.be\/wp-content\/uploads\/2025\/01\/image02.png\" alt=\"\" class=\"wp-image-14579\" srcset=\"https:\/\/www.renouvelle.be\/wp-content\/uploads\/2025\/01\/image02.png 552w, https:\/\/www.renouvelle.be\/wp-content\/uploads\/2025\/01\/image02-300x166.png 300w\" sizes=\"auto, (max-width: 552px) 100vw, 552px\" \/><figcaption class=\"wp-element-caption\">Source : Electricity Maps<\/figcaption><\/figure>\n<\/div>\n\n\n<h2 class=\"wp-block-heading\"><strong>Perspectives et enjeux pour 2025<\/strong>&nbsp;<\/h2>\n\n\n\n<p>Les r\u00e9sultats de 2024 confirment que la Belgique progresse vers une transition \u00e9nerg\u00e9tique durable, malgr\u00e9 des conditions climatiques exceptionnelles. Cependant, l\u2019annonce r\u00e9cente des r\u00e9gulateurs concernant une <strong>hausse des factures d\u2019\u00e9nergie pr\u00e9vue en 2025<\/strong> souligne la n\u00e9cessit\u00e9 de poursuivre nos efforts en mati\u00e8re de sensibilisation des consommateurs.&nbsp;<\/p>\n\n\n\n<p>Par ailleurs les diminutions des \u00e9missions de CO<sub>2<\/sub> devraient ralentir, en 2025, avec les arr\u00eats progressifs de 3 r\u00e9acteurs nucl\u00e9aires au 15 f\u00e9vrier pour Doel 1 (433 MW), 1er octobre pour Tihange 1 (962 MW) et 1er d\u00e9cembre pour Doel 2 (433 MW).&nbsp;<strong>Energie Commune appelle \u00e0 une consommation plus sobre et responsable<\/strong>, tout en acc\u00e9l\u00e9rant les investissements dans les infrastructures renouvelables pour atteindre les ambitions climatiques belges.&nbsp;<\/p>\n","protected":false},"excerpt":{"rendered":"<p>En 2024, la consommation \u00e9lectrique totale en Belgique s\u2019est \u00e9tablie \u00e0 80 TWh, un chiffre stable par rapport \u00e0 l\u2019ann\u00e9e pr\u00e9c\u00e9dente. 30% de cette consommation provient des sources d\u2019\u00e9nergie renouvelables, marquant une \u00e9tape significative dans la transition \u00e9nerg\u00e9tique belge.&nbsp; Cette stabilit\u00e9 est notable malgr\u00e9 une l\u00e9g\u00e8re baisse des prix de l\u2019\u00e9lectricit\u00e9, qui aurait pu encourager une augmentation de la demande. Bilan \u00e9nerg\u00e9tique 2024 Nos pr\u00e9visions pour 2024 tablaient sur une augmentation significative de la contribution de l\u2019\u00e9nergie solaire, avec un objectif ambitieux de couvrir 11% de la consommation totale d\u2019\u00e9lectricit\u00e9. Toutefois, un manque d\u2019ensoleillement record, comparable aux plus bas niveaux observ\u00e9s depuis 1998, a limit\u00e9 cette progression \u00e0 une hausse de 1%.\u00a0 Malgr\u00e9 cette contrainte m\u00e9t\u00e9orologique, l\u2019\u00e9nergie solaire a tout de m\u00eame contribu\u00e9 \u00e0 hauteur de 10% des besoins \u00e9nerg\u00e9tiques du pays. L\u2019\u00e9olien, pour sa part, a jou\u00e9 un r\u00f4le cl\u00e9, couvrant 16% de la consommation totale d\u2019\u00e9lectricit\u00e9 (18% en 2023). La r\u00e9partition entre l\u2019\u00e9olien terrestre (7%) et offshore (9%) met en \u00e9vidence l\u2019importance strat\u00e9gique des parcs \u00e9oliens en mer dans le mix \u00e9nerg\u00e9tique belge. Des \u00e9missions de CO2 en diminution de 35% en 8 ans\u00a0 En diminution quasiment constante, les \u00e9missions de C02 li\u00e9es au mix \u00e9lectrique belge ont diminu\u00e9 de 35% depuis 2017 en passant de 226 grCO2\/kWh \u00e0 147 grCO2\/kWh en 2024.\u00a0 Perspectives et enjeux pour 2025&nbsp; Les r\u00e9sultats de 2024 confirment que la Belgique progresse vers une transition \u00e9nerg\u00e9tique durable, malgr\u00e9 des conditions climatiques exceptionnelles. Cependant, l\u2019annonce r\u00e9cente des r\u00e9gulateurs concernant une hausse des factures d\u2019\u00e9nergie pr\u00e9vue en 2025 souligne la n\u00e9cessit\u00e9 de poursuivre nos efforts en mati\u00e8re de sensibilisation des consommateurs.&nbsp; Par ailleurs les diminutions des \u00e9missions de CO2 devraient ralentir, en 2025, avec les arr\u00eats progressifs de 3 r\u00e9acteurs nucl\u00e9aires au 15 f\u00e9vrier pour &hellip; <a href=\"https:\/\/www.renouvelle.be\/fr\/30-de-renouvelables-dans-lelectricite-consommee-en-belgique-en-2024\/\" class=\"more-link\">Continue reading<span class=\"screen-reader-text\"> \u00ab\u00a030% de renouvelables dans l\u2019\u00e9lectricit\u00e9 consomm\u00e9e en Belgique en 2024\u00a0\u00ab\u00a0<\/span><\/a><\/p>\n","protected":false},"author":22,"featured_media":14582,"comment_status":"closed","ping_status":"closed","sticky":false,"template":"","format":"standard","meta":{"_acf_changed":false,"footnotes":""},"categories":[16,17],"tags":[],"section":[8],"class_list":["post-14574","post","type-post","status-publish","format-standard","has-post-thumbnail","hentry","category-actualite","category-actualite-en-belgique","section-energie-renouvelables"],"acf":[],"yoast_head":"<!-- This site is optimized with the Yoast SEO plugin v27.5 - https:\/\/yoast.com\/product\/yoast-seo-wordpress\/ -->\n<title>30% de renouvelables dans l\u2019\u00e9lectricit\u00e9 consomm\u00e9e en Belgique en 2024\u00a0 - Renouvelle<\/title>\n<meta name=\"robots\" content=\"index, follow, max-snippet:-1, max-image-preview:large, max-video-preview:-1\" \/>\n<link rel=\"canonical\" href=\"https:\/\/www.renouvelle.be\/fr\/30-de-renouvelables-dans-lelectricite-consommee-en-belgique-en-2024\/\" \/>\n<meta property=\"og:locale\" content=\"fr_FR\" \/>\n<meta property=\"og:type\" content=\"article\" \/>\n<meta property=\"og:title\" content=\"30% de renouvelables dans l\u2019\u00e9lectricit\u00e9 consomm\u00e9e en Belgique en 2024\u00a0 - Renouvelle\" \/>\n<meta property=\"og:description\" content=\"En 2024, la consommation \u00e9lectrique totale en Belgique s\u2019est \u00e9tablie \u00e0 80 TWh, un chiffre stable par rapport \u00e0 l\u2019ann\u00e9e pr\u00e9c\u00e9dente. 30% de cette consommation provient des sources d\u2019\u00e9nergie renouvelables, marquant une \u00e9tape significative dans la transition \u00e9nerg\u00e9tique belge.&nbsp; Cette stabilit\u00e9 est notable malgr\u00e9 une l\u00e9g\u00e8re baisse des prix de l\u2019\u00e9lectricit\u00e9, qui aurait pu encourager une augmentation de la demande. Bilan \u00e9nerg\u00e9tique 2024 Nos pr\u00e9visions pour 2024 tablaient sur une augmentation significative de la contribution de l\u2019\u00e9nergie solaire, avec un objectif ambitieux de couvrir 11% de la consommation totale d\u2019\u00e9lectricit\u00e9. Toutefois, un manque d\u2019ensoleillement record, comparable aux plus bas niveaux observ\u00e9s depuis 1998, a limit\u00e9 cette progression \u00e0 une hausse de 1%.\u00a0 Malgr\u00e9 cette contrainte m\u00e9t\u00e9orologique, l\u2019\u00e9nergie solaire a tout de m\u00eame contribu\u00e9 \u00e0 hauteur de 10% des besoins \u00e9nerg\u00e9tiques du pays. L\u2019\u00e9olien, pour sa part, a jou\u00e9 un r\u00f4le cl\u00e9, couvrant 16% de la consommation totale d\u2019\u00e9lectricit\u00e9 (18% en 2023). La r\u00e9partition entre l\u2019\u00e9olien terrestre (7%) et offshore (9%) met en \u00e9vidence l\u2019importance strat\u00e9gique des parcs \u00e9oliens en mer dans le mix \u00e9nerg\u00e9tique belge. Des \u00e9missions de CO2 en diminution de 35% en 8 ans\u00a0 En diminution quasiment constante, les \u00e9missions de C02 li\u00e9es au mix \u00e9lectrique belge ont diminu\u00e9 de 35% depuis 2017 en passant de 226 grCO2\/kWh \u00e0 147 grCO2\/kWh en 2024.\u00a0 Perspectives et enjeux pour 2025&nbsp; Les r\u00e9sultats de 2024 confirment que la Belgique progresse vers une transition \u00e9nerg\u00e9tique durable, malgr\u00e9 des conditions climatiques exceptionnelles. Cependant, l\u2019annonce r\u00e9cente des r\u00e9gulateurs concernant une hausse des factures d\u2019\u00e9nergie pr\u00e9vue en 2025 souligne la n\u00e9cessit\u00e9 de poursuivre nos efforts en mati\u00e8re de sensibilisation des consommateurs.&nbsp; Par ailleurs les diminutions des \u00e9missions de CO2 devraient ralentir, en 2025, avec les arr\u00eats progressifs de 3 r\u00e9acteurs nucl\u00e9aires au 15 f\u00e9vrier pour &hellip; Continue reading &quot;30% de renouvelables dans l\u2019\u00e9lectricit\u00e9 consomm\u00e9e en Belgique en 2024\u00a0&quot;\" \/>\n<meta property=\"og:url\" content=\"https:\/\/www.renouvelle.be\/fr\/30-de-renouvelables-dans-lelectricite-consommee-en-belgique-en-2024\/\" \/>\n<meta property=\"og:site_name\" content=\"Renouvelle\" \/>\n<meta property=\"article:published_time\" content=\"2025-01-14T08:35:14+00:00\" \/>\n<meta property=\"article:modified_time\" content=\"2025-01-14T08:35:23+00:00\" \/>\n<meta property=\"og:image\" content=\"https:\/\/www.renouvelle.be\/wp-content\/uploads\/2025\/01\/image00.jpg\" \/>\n\t<meta property=\"og:image:width\" content=\"700\" \/>\n\t<meta property=\"og:image:height\" content=\"467\" \/>\n\t<meta property=\"og:image:type\" content=\"image\/jpeg\" \/>\n<meta name=\"author\" content=\"Minh Ch\u00e2u BUI\" \/>\n<meta name=\"twitter:card\" content=\"summary_large_image\" \/>\n<script type=\"application\/ld+json\" class=\"yoast-schema-graph\">{\"@context\":\"https:\\\/\\\/schema.org\",\"@graph\":[{\"@type\":\"Article\",\"@id\":\"https:\\\/\\\/www.renouvelle.be\\\/fr\\\/30-de-renouvelables-dans-lelectricite-consommee-en-belgique-en-2024\\\/#article\",\"isPartOf\":{\"@id\":\"https:\\\/\\\/www.renouvelle.be\\\/fr\\\/30-de-renouvelables-dans-lelectricite-consommee-en-belgique-en-2024\\\/\"},\"author\":{\"name\":\"Minh Ch\u00e2u BUI\",\"@id\":\"https:\\\/\\\/www.renouvelle.be\\\/fr\\\/#\\\/schema\\\/person\\\/e7a0c9d6fbb987de79ecd5ccdccec356\"},\"headline\":\"30% de renouvelables dans l\u2019\u00e9lectricit\u00e9 consomm\u00e9e en Belgique en 2024\u00a0\",\"datePublished\":\"2025-01-14T08:35:14+00:00\",\"dateModified\":\"2025-01-14T08:35:23+00:00\",\"mainEntityOfPage\":{\"@id\":\"https:\\\/\\\/www.renouvelle.be\\\/fr\\\/30-de-renouvelables-dans-lelectricite-consommee-en-belgique-en-2024\\\/\"},\"wordCount\":361,\"image\":{\"@id\":\"https:\\\/\\\/www.renouvelle.be\\\/fr\\\/30-de-renouvelables-dans-lelectricite-consommee-en-belgique-en-2024\\\/#primaryimage\"},\"thumbnailUrl\":\"https:\\\/\\\/www.renouvelle.be\\\/wp-content\\\/uploads\\\/2025\\\/01\\\/image00.jpg\",\"articleSection\":[\"Actualit\u00e9\",\"Actualit\u00e9 en Belgique\"],\"inLanguage\":\"fr-FR\"},{\"@type\":\"WebPage\",\"@id\":\"https:\\\/\\\/www.renouvelle.be\\\/fr\\\/30-de-renouvelables-dans-lelectricite-consommee-en-belgique-en-2024\\\/\",\"url\":\"https:\\\/\\\/www.renouvelle.be\\\/fr\\\/30-de-renouvelables-dans-lelectricite-consommee-en-belgique-en-2024\\\/\",\"name\":\"30% de renouvelables dans l\u2019\u00e9lectricit\u00e9 consomm\u00e9e en Belgique en 2024\u00a0 - Renouvelle\",\"isPartOf\":{\"@id\":\"https:\\\/\\\/www.renouvelle.be\\\/fr\\\/#website\"},\"primaryImageOfPage\":{\"@id\":\"https:\\\/\\\/www.renouvelle.be\\\/fr\\\/30-de-renouvelables-dans-lelectricite-consommee-en-belgique-en-2024\\\/#primaryimage\"},\"image\":{\"@id\":\"https:\\\/\\\/www.renouvelle.be\\\/fr\\\/30-de-renouvelables-dans-lelectricite-consommee-en-belgique-en-2024\\\/#primaryimage\"},\"thumbnailUrl\":\"https:\\\/\\\/www.renouvelle.be\\\/wp-content\\\/uploads\\\/2025\\\/01\\\/image00.jpg\",\"datePublished\":\"2025-01-14T08:35:14+00:00\",\"dateModified\":\"2025-01-14T08:35:23+00:00\",\"author\":{\"@id\":\"https:\\\/\\\/www.renouvelle.be\\\/fr\\\/#\\\/schema\\\/person\\\/e7a0c9d6fbb987de79ecd5ccdccec356\"},\"breadcrumb\":{\"@id\":\"https:\\\/\\\/www.renouvelle.be\\\/fr\\\/30-de-renouvelables-dans-lelectricite-consommee-en-belgique-en-2024\\\/#breadcrumb\"},\"inLanguage\":\"fr-FR\",\"potentialAction\":[{\"@type\":\"ReadAction\",\"target\":[\"https:\\\/\\\/www.renouvelle.be\\\/fr\\\/30-de-renouvelables-dans-lelectricite-consommee-en-belgique-en-2024\\\/\"]}]},{\"@type\":\"ImageObject\",\"inLanguage\":\"fr-FR\",\"@id\":\"https:\\\/\\\/www.renouvelle.be\\\/fr\\\/30-de-renouvelables-dans-lelectricite-consommee-en-belgique-en-2024\\\/#primaryimage\",\"url\":\"https:\\\/\\\/www.renouvelle.be\\\/wp-content\\\/uploads\\\/2025\\\/01\\\/image00.jpg\",\"contentUrl\":\"https:\\\/\\\/www.renouvelle.be\\\/wp-content\\\/uploads\\\/2025\\\/01\\\/image00.jpg\",\"width\":700,\"height\":467},{\"@type\":\"BreadcrumbList\",\"@id\":\"https:\\\/\\\/www.renouvelle.be\\\/fr\\\/30-de-renouvelables-dans-lelectricite-consommee-en-belgique-en-2024\\\/#breadcrumb\",\"itemListElement\":[{\"@type\":\"ListItem\",\"position\":1,\"name\":\"Accueil\",\"item\":\"https:\\\/\\\/www.renouvelle.be\\\/fr\\\/\"},{\"@type\":\"ListItem\",\"position\":2,\"name\":\"30% de renouvelables dans l\u2019\u00e9lectricit\u00e9 consomm\u00e9e en Belgique en 2024\u00a0\"}]},{\"@type\":\"WebSite\",\"@id\":\"https:\\\/\\\/www.renouvelle.be\\\/fr\\\/#website\",\"url\":\"https:\\\/\\\/www.renouvelle.be\\\/fr\\\/\",\"name\":\"Renouvelle\",\"description\":\"L&#039;actualit\u00e9 de l&#039;\u00e9nergie durable\",\"potentialAction\":[{\"@type\":\"SearchAction\",\"target\":{\"@type\":\"EntryPoint\",\"urlTemplate\":\"https:\\\/\\\/www.renouvelle.be\\\/fr\\\/?s={search_term_string}\"},\"query-input\":{\"@type\":\"PropertyValueSpecification\",\"valueRequired\":true,\"valueName\":\"search_term_string\"}}],\"inLanguage\":\"fr-FR\"},{\"@type\":\"Person\",\"@id\":\"https:\\\/\\\/www.renouvelle.be\\\/fr\\\/#\\\/schema\\\/person\\\/e7a0c9d6fbb987de79ecd5ccdccec356\",\"name\":\"Minh Ch\u00e2u BUI\",\"url\":\"https:\\\/\\\/www.renouvelle.be\\\/fr\\\/author\\\/minhchaubui\\\/\"}]}<\/script>\n<!-- \/ Yoast SEO plugin. -->","yoast_head_json":{"title":"30% de renouvelables dans l\u2019\u00e9lectricit\u00e9 consomm\u00e9e en Belgique en 2024\u00a0 - Renouvelle","robots":{"index":"index","follow":"follow","max-snippet":"max-snippet:-1","max-image-preview":"max-image-preview:large","max-video-preview":"max-video-preview:-1"},"canonical":"https:\/\/www.renouvelle.be\/fr\/30-de-renouvelables-dans-lelectricite-consommee-en-belgique-en-2024\/","og_locale":"fr_FR","og_type":"article","og_title":"30% de renouvelables dans l\u2019\u00e9lectricit\u00e9 consomm\u00e9e en Belgique en 2024\u00a0 - Renouvelle","og_description":"En 2024, la consommation \u00e9lectrique totale en Belgique s\u2019est \u00e9tablie \u00e0 80 TWh, un chiffre stable par rapport \u00e0 l\u2019ann\u00e9e pr\u00e9c\u00e9dente. 30% de cette consommation provient des sources d\u2019\u00e9nergie renouvelables, marquant une \u00e9tape significative dans la transition \u00e9nerg\u00e9tique belge.&nbsp; Cette stabilit\u00e9 est notable malgr\u00e9 une l\u00e9g\u00e8re baisse des prix de l\u2019\u00e9lectricit\u00e9, qui aurait pu encourager une augmentation de la demande. Bilan \u00e9nerg\u00e9tique 2024 Nos pr\u00e9visions pour 2024 tablaient sur une augmentation significative de la contribution de l\u2019\u00e9nergie solaire, avec un objectif ambitieux de couvrir 11% de la consommation totale d\u2019\u00e9lectricit\u00e9. Toutefois, un manque d\u2019ensoleillement record, comparable aux plus bas niveaux observ\u00e9s depuis 1998, a limit\u00e9 cette progression \u00e0 une hausse de 1%.\u00a0 Malgr\u00e9 cette contrainte m\u00e9t\u00e9orologique, l\u2019\u00e9nergie solaire a tout de m\u00eame contribu\u00e9 \u00e0 hauteur de 10% des besoins \u00e9nerg\u00e9tiques du pays. L\u2019\u00e9olien, pour sa part, a jou\u00e9 un r\u00f4le cl\u00e9, couvrant 16% de la consommation totale d\u2019\u00e9lectricit\u00e9 (18% en 2023). La r\u00e9partition entre l\u2019\u00e9olien terrestre (7%) et offshore (9%) met en \u00e9vidence l\u2019importance strat\u00e9gique des parcs \u00e9oliens en mer dans le mix \u00e9nerg\u00e9tique belge. Des \u00e9missions de CO2 en diminution de 35% en 8 ans\u00a0 En diminution quasiment constante, les \u00e9missions de C02 li\u00e9es au mix \u00e9lectrique belge ont diminu\u00e9 de 35% depuis 2017 en passant de 226 grCO2\/kWh \u00e0 147 grCO2\/kWh en 2024.\u00a0 Perspectives et enjeux pour 2025&nbsp; Les r\u00e9sultats de 2024 confirment que la Belgique progresse vers une transition \u00e9nerg\u00e9tique durable, malgr\u00e9 des conditions climatiques exceptionnelles. Cependant, l\u2019annonce r\u00e9cente des r\u00e9gulateurs concernant une hausse des factures d\u2019\u00e9nergie pr\u00e9vue en 2025 souligne la n\u00e9cessit\u00e9 de poursuivre nos efforts en mati\u00e8re de sensibilisation des consommateurs.&nbsp; Par ailleurs les diminutions des \u00e9missions de CO2 devraient ralentir, en 2025, avec les arr\u00eats progressifs de 3 r\u00e9acteurs nucl\u00e9aires au 15 f\u00e9vrier pour &hellip; Continue reading \"30% de renouvelables dans l\u2019\u00e9lectricit\u00e9 consomm\u00e9e en Belgique en 2024\u00a0\"","og_url":"https:\/\/www.renouvelle.be\/fr\/30-de-renouvelables-dans-lelectricite-consommee-en-belgique-en-2024\/","og_site_name":"Renouvelle","article_published_time":"2025-01-14T08:35:14+00:00","article_modified_time":"2025-01-14T08:35:23+00:00","og_image":[{"width":700,"height":467,"url":"https:\/\/www.renouvelle.be\/wp-content\/uploads\/2025\/01\/image00.jpg","type":"image\/jpeg"}],"author":"Minh Ch\u00e2u BUI","twitter_card":"summary_large_image","schema":{"@context":"https:\/\/schema.org","@graph":[{"@type":"Article","@id":"https:\/\/www.renouvelle.be\/fr\/30-de-renouvelables-dans-lelectricite-consommee-en-belgique-en-2024\/#article","isPartOf":{"@id":"https:\/\/www.renouvelle.be\/fr\/30-de-renouvelables-dans-lelectricite-consommee-en-belgique-en-2024\/"},"author":{"name":"Minh Ch\u00e2u BUI","@id":"https:\/\/www.renouvelle.be\/fr\/#\/schema\/person\/e7a0c9d6fbb987de79ecd5ccdccec356"},"headline":"30% de renouvelables dans l\u2019\u00e9lectricit\u00e9 consomm\u00e9e en Belgique en 2024\u00a0","datePublished":"2025-01-14T08:35:14+00:00","dateModified":"2025-01-14T08:35:23+00:00","mainEntityOfPage":{"@id":"https:\/\/www.renouvelle.be\/fr\/30-de-renouvelables-dans-lelectricite-consommee-en-belgique-en-2024\/"},"wordCount":361,"image":{"@id":"https:\/\/www.renouvelle.be\/fr\/30-de-renouvelables-dans-lelectricite-consommee-en-belgique-en-2024\/#primaryimage"},"thumbnailUrl":"https:\/\/www.renouvelle.be\/wp-content\/uploads\/2025\/01\/image00.jpg","articleSection":["Actualit\u00e9","Actualit\u00e9 en Belgique"],"inLanguage":"fr-FR"},{"@type":"WebPage","@id":"https:\/\/www.renouvelle.be\/fr\/30-de-renouvelables-dans-lelectricite-consommee-en-belgique-en-2024\/","url":"https:\/\/www.renouvelle.be\/fr\/30-de-renouvelables-dans-lelectricite-consommee-en-belgique-en-2024\/","name":"30% de renouvelables dans l\u2019\u00e9lectricit\u00e9 consomm\u00e9e en Belgique en 2024\u00a0 - Renouvelle","isPartOf":{"@id":"https:\/\/www.renouvelle.be\/fr\/#website"},"primaryImageOfPage":{"@id":"https:\/\/www.renouvelle.be\/fr\/30-de-renouvelables-dans-lelectricite-consommee-en-belgique-en-2024\/#primaryimage"},"image":{"@id":"https:\/\/www.renouvelle.be\/fr\/30-de-renouvelables-dans-lelectricite-consommee-en-belgique-en-2024\/#primaryimage"},"thumbnailUrl":"https:\/\/www.renouvelle.be\/wp-content\/uploads\/2025\/01\/image00.jpg","datePublished":"2025-01-14T08:35:14+00:00","dateModified":"2025-01-14T08:35:23+00:00","author":{"@id":"https:\/\/www.renouvelle.be\/fr\/#\/schema\/person\/e7a0c9d6fbb987de79ecd5ccdccec356"},"breadcrumb":{"@id":"https:\/\/www.renouvelle.be\/fr\/30-de-renouvelables-dans-lelectricite-consommee-en-belgique-en-2024\/#breadcrumb"},"inLanguage":"fr-FR","potentialAction":[{"@type":"ReadAction","target":["https:\/\/www.renouvelle.be\/fr\/30-de-renouvelables-dans-lelectricite-consommee-en-belgique-en-2024\/"]}]},{"@type":"ImageObject","inLanguage":"fr-FR","@id":"https:\/\/www.renouvelle.be\/fr\/30-de-renouvelables-dans-lelectricite-consommee-en-belgique-en-2024\/#primaryimage","url":"https:\/\/www.renouvelle.be\/wp-content\/uploads\/2025\/01\/image00.jpg","contentUrl":"https:\/\/www.renouvelle.be\/wp-content\/uploads\/2025\/01\/image00.jpg","width":700,"height":467},{"@type":"BreadcrumbList","@id":"https:\/\/www.renouvelle.be\/fr\/30-de-renouvelables-dans-lelectricite-consommee-en-belgique-en-2024\/#breadcrumb","itemListElement":[{"@type":"ListItem","position":1,"name":"Accueil","item":"https:\/\/www.renouvelle.be\/fr\/"},{"@type":"ListItem","position":2,"name":"30% de renouvelables dans l\u2019\u00e9lectricit\u00e9 consomm\u00e9e en Belgique en 2024\u00a0"}]},{"@type":"WebSite","@id":"https:\/\/www.renouvelle.be\/fr\/#website","url":"https:\/\/www.renouvelle.be\/fr\/","name":"Renouvelle","description":"L&#039;actualit\u00e9 de l&#039;\u00e9nergie durable","potentialAction":[{"@type":"SearchAction","target":{"@type":"EntryPoint","urlTemplate":"https:\/\/www.renouvelle.be\/fr\/?s={search_term_string}"},"query-input":{"@type":"PropertyValueSpecification","valueRequired":true,"valueName":"search_term_string"}}],"inLanguage":"fr-FR"},{"@type":"Person","@id":"https:\/\/www.renouvelle.be\/fr\/#\/schema\/person\/e7a0c9d6fbb987de79ecd5ccdccec356","name":"Minh Ch\u00e2u BUI","url":"https:\/\/www.renouvelle.be\/fr\/author\/minhchaubui\/"}]}},"_links":{"self":[{"href":"https:\/\/www.renouvelle.be\/fr\/wp-json\/wp\/v2\/posts\/14574","targetHints":{"allow":["GET"]}}],"collection":[{"href":"https:\/\/www.renouvelle.be\/fr\/wp-json\/wp\/v2\/posts"}],"about":[{"href":"https:\/\/www.renouvelle.be\/fr\/wp-json\/wp\/v2\/types\/post"}],"author":[{"embeddable":true,"href":"https:\/\/www.renouvelle.be\/fr\/wp-json\/wp\/v2\/users\/22"}],"replies":[{"embeddable":true,"href":"https:\/\/www.renouvelle.be\/fr\/wp-json\/wp\/v2\/comments?post=14574"}],"version-history":[{"count":4,"href":"https:\/\/www.renouvelle.be\/fr\/wp-json\/wp\/v2\/posts\/14574\/revisions"}],"predecessor-version":[{"id":14584,"href":"https:\/\/www.renouvelle.be\/fr\/wp-json\/wp\/v2\/posts\/14574\/revisions\/14584"}],"wp:featuredmedia":[{"embeddable":true,"href":"https:\/\/www.renouvelle.be\/fr\/wp-json\/wp\/v2\/media\/14582"}],"wp:attachment":[{"href":"https:\/\/www.renouvelle.be\/fr\/wp-json\/wp\/v2\/media?parent=14574"}],"wp:term":[{"taxonomy":"category","embeddable":true,"href":"https:\/\/www.renouvelle.be\/fr\/wp-json\/wp\/v2\/categories?post=14574"},{"taxonomy":"post_tag","embeddable":true,"href":"https:\/\/www.renouvelle.be\/fr\/wp-json\/wp\/v2\/tags?post=14574"},{"taxonomy":"section","embeddable":true,"href":"https:\/\/www.renouvelle.be\/fr\/wp-json\/wp\/v2\/section?post=14574"}],"curies":[{"name":"wp","href":"https:\/\/api.w.org\/{rel}","templated":true}]}}