{"id":14564,"date":"2025-01-14T14:57:53","date_gmt":"2025-01-14T13:57:53","guid":{"rendered":"https:\/\/www.renouvelle.be\/?p=14564"},"modified":"2025-01-15T09:20:23","modified_gmt":"2025-01-15T08:20:23","slug":"vers-un-encadrement-de-lagrivoltaisme-en-wallonie","status":"publish","type":"post","link":"https:\/\/www.renouvelle.be\/fr\/vers-un-encadrement-de-lagrivoltaisme-en-wallonie\/","title":{"rendered":"Vers un encadrement de l&rsquo;agrivolta\u00efsme en Wallonie ?"},"content":{"rendered":"\n<p>Il y a quelques semaines, <a href=\"https:\/\/www.renouvelle.be\/fr\/agrivoltaisme-un-enjeu-pour-la-transition-energetique-en-wallonie\/\" target=\"_blank\" rel=\"noreferrer noopener\">Renouvelle vous partageait les enjeux<\/a> de l\u2019agrivolta\u00efsme pour la Wallonie et avait fait mention du Livre Blanc publi\u00e9 par le Cluster Tweed, en ao\u00fbt de l\u2019ann\u00e9e pass\u00e9e.<\/p>\n\n\n\n<p>R\u00e9sultat d\u2019une concertation intersectorielle, celui-ci vient d\u2019\u00eatre compl\u00e9t\u00e9 d\u2019annexes dont deux tr\u00e8s attendues par les acteurs de terrain. Il s\u2019agit, pour la premi\u00e8re, de l\u2019annexe \u00ab&nbsp;Foncier&nbsp;\u00bb regroupant des recommandations pour limiter l\u2019impact sur la pression fonci\u00e8re et, pour la seconde, de l\u2019annexe \u00ab&nbsp;D\u00e9finition&nbsp;\u00bb ayant pour objectif d\u2019expliquer des concepts clefs comme la notion de pilote agrivolta\u00efque.<\/p>\n\n\n\n<h2 class=\"wp-block-heading\"><strong>L\u2019annexe \u00ab&nbsp;Foncier&nbsp;\u00bb<\/strong><\/h2>\n\n\n\n<p>L\u2019agrivolta\u00efsme suscite certaines inqui\u00e9tudes, l\u2019une d\u2019entre elles \u00e9tant la pression suppl\u00e9mentaire qu\u2019il pourrait exercer sur les terres agricoles, d\u00e9j\u00e0 soumises \u00e0 de fortes tensions. Bien qu\u2019il existe un important potentiel pour les projets agrivolta\u00efques, le Livre Blanc insiste sur la n\u00e9cessit\u00e9 de les encadrer en suivant des mesures strictes afin d\u2019\u00e9viter une concurrence avec son usage principal qui doit rester agricole.<\/p>\n\n\n\n<p>Les recommandations de l\u2019annexe \u00ab&nbsp;Foncier&nbsp;\u00bb ont pour but d\u2019assurer le maintien de l\u2019activit\u00e9 agricole comme priorit\u00e9, de prot\u00e9ger les exploitations, de veiller \u00e0 la r\u00e9partition \u00e9quitable des b\u00e9n\u00e9fices entre les parties prenantes ainsi que d\u2019\u00e9viter la sp\u00e9culation fonci\u00e8re.<\/p>\n\n\n\n<p>Mais quelles sont les mesures propos\u00e9es&nbsp;? En voici quelques unes en guise d\u2019exemples.<\/p>\n\n\n\n<p><strong>Mesures li\u00e9es aux acteurs :<\/strong><\/p>\n\n\n\n<ul class=\"wp-block-list\">\n<li>Accorder des permis uniquement aux projets port\u00e9s par des agriculteurs exploitants actifs, afin de garantir un lien direct avec l&rsquo;activit\u00e9 agricole et de limiter la sp\u00e9culation fonci\u00e8re<\/li>\n\n\n\n<li>Refuser tout permis \u00e0 un promoteur qui aurait achet\u00e9 directement ou indirectement la terre<\/li>\n\n\n\n<li>Imposer des contrats \u00e0 long terme entre les propri\u00e9taires, les exploitants et les d\u00e9veloppeurs d\u2019installations agrivolta\u00efques, afin de s\u00e9curiser les revenus des agriculteurs et de garantir la p\u00e9rennit\u00e9 des projets<\/li>\n<\/ul>\n\n\n\n<p><strong>Mesures li\u00e9es aux projets :<\/strong><\/p>\n\n\n\n<ul class=\"wp-block-list\">\n<li>Exiger que les projets agrivolta\u00efques soient compatibles avec les pratiques agricoles existantes tout en apportant des avantages suppl\u00e9mentaires \u00e0 l&rsquo;exploitation (ombrage, protection contre les al\u00e9as, etc.)<\/li>\n\n\n\n<li>Imposer que les structures soient adapt\u00e9es \u00e0 plusieurs usages agricoles, permettant l\u2019\u00e9levage d\u2019ovins ou de bovins par exemple<\/li>\n\n\n\n<li>Garantir la r\u00e9versibilit\u00e9 des installations pour permettre la remise en \u00e9tat des sols en cas d&rsquo;arr\u00eat de l&rsquo;exploitation<\/li>\n\n\n\n<li>Octroyer des permis conditionnels \u00e0 la mise en place d\u2019un suivi pour garantir que l\u2019exploitation agricole continue apr\u00e8s obtention du permis<\/li>\n<\/ul>\n\n\n\n<p><strong>Mesures li\u00e9es \u00e0 la gouvernance et \u00e0 la r\u00e9gulation :<\/strong><\/p>\n\n\n\n<ul class=\"wp-block-list\">\n<li>Assurer une r\u00e9partition plus juste des revenus de l\u2019agrivolta\u00efsme entre l\u2019exploitant, le propri\u00e9taire et le d\u00e9veloppeur, notamment en partageant les loyers ou les b\u00e9n\u00e9fices issus de la vente de l\u2019\u00e9lectricit\u00e9<\/li>\n\n\n\n<li>Cr\u00e9er un observatoire de l\u2019agrivolta\u00efsme pour suivre l&rsquo;\u00e9volution du secteur, \u00e9valuer les impacts des projets et formuler des recommandations.<\/li>\n<\/ul>\n\n\n\n<h2 class=\"wp-block-heading\"><strong>L\u2019annexe \u00ab&nbsp;D\u00e9finition&nbsp;\u00bb<\/strong><\/h2>\n\n\n\n<p>Cette annexe explique les concepts clefs du Livre Blanc, dont celui de \u00ab&nbsp;pilote agrivolta\u00efque&nbsp;\u00bb mentionn\u00e9 dans la circulaire.&nbsp; &nbsp;<\/p>\n\n\n\n<p>Un&nbsp;projet pilote d&rsquo;agrivolta\u00efsme en Wallonie&nbsp;consiste \u00e0 tester la combinaison d\u2019une production agricole principale et de la production d&rsquo;\u00e9nergie solaire sur une m\u00eame parcelle de terrain. L\u2019objectif est d\u2019\u00e9valuer les avantages et inconv\u00e9nients de cette synergie, en fonction des sp\u00e9cificit\u00e9s locales et des besoins des agriculteurs.<\/p>\n\n\n\n<p>Parmi les caract\u00e9ristiques d&rsquo;un projet pilote, on retiendra<\/p>\n\n\n\n<ul class=\"wp-block-list\">\n<li>Des principes de pr\u00e9caution&nbsp;comme\n<ul class=\"wp-block-list\">\n<li>un test pr\u00e9alable pour garantir que l\u2019installation permet de maintenir au moins 80% de l\u2019activit\u00e9 agricole, gr\u00e2ce \u00e0 un logiciel d\u00e9velopp\u00e9 par l\u2019universit\u00e9 de Gembloux<\/li>\n\n\n\n<li>un taux de couverture de 40% maximum<\/li>\n<\/ul>\n<\/li>\n\n\n\n<li>Implication d\u2019un acteur scientifique&nbsp;: en plus d\u2019un agriculteur, un partenariat avec un acteur scientifique est n\u00e9cessaire pour mener \u00e0 bien le projet.<\/li>\n\n\n\n<li>Alignement avec l&rsquo;agriculture wallonne : le projet doit \u00eatre compatible avec les objectifs du Code wallon de l&rsquo;Agriculture.<\/li>\n\n\n\n<li>Un protocole rigoureux et un suivi sur le long terme&nbsp;: le projet doit pr\u00e9voir un \u00e9tat de lieux initial, &nbsp;la liste des indicateurs \u00e0 suivre, le suivi pendant 5 ans et la publication p\u00e9riodique des r\u00e9sultats.<\/li>\n<\/ul>\n\n\n\n<p>Gr\u00e2ce aux annexes du <a href=\"https:\/\/fr.slideshare.net\/slideshow\/livre-blanc-agrivoltaisme-en-wallonie-2024-pdf\/274839955\" target=\"_blank\" rel=\"noreferrer noopener\">Livre Blanc<\/a>, l\u2019encadrement de l\u2019agrivolta\u00efsme devrait enfin trouver un terrain \u00e9quilibr\u00e9 et apais\u00e9 en Wallonie.<\/p>\n","protected":false},"excerpt":{"rendered":"<p>Il y a quelques semaines, Renouvelle vous partageait les enjeux de l\u2019agrivolta\u00efsme pour la Wallonie et avait fait mention du Livre Blanc publi\u00e9 par le Cluster Tweed, en ao\u00fbt de l\u2019ann\u00e9e pass\u00e9e. R\u00e9sultat d\u2019une concertation intersectorielle, celui-ci vient d\u2019\u00eatre compl\u00e9t\u00e9 d\u2019annexes dont deux tr\u00e8s attendues par les acteurs de terrain. Il s\u2019agit, pour la premi\u00e8re, de l\u2019annexe \u00ab&nbsp;Foncier&nbsp;\u00bb regroupant des recommandations pour limiter l\u2019impact sur la pression fonci\u00e8re et, pour la seconde, de l\u2019annexe \u00ab&nbsp;D\u00e9finition&nbsp;\u00bb ayant pour objectif d\u2019expliquer des concepts clefs comme la notion de pilote agrivolta\u00efque. L\u2019annexe \u00ab&nbsp;Foncier&nbsp;\u00bb L\u2019agrivolta\u00efsme suscite certaines inqui\u00e9tudes, l\u2019une d\u2019entre elles \u00e9tant la pression suppl\u00e9mentaire qu\u2019il pourrait exercer sur les terres agricoles, d\u00e9j\u00e0 soumises \u00e0 de fortes tensions. Bien qu\u2019il existe un important potentiel pour les projets agrivolta\u00efques, le Livre Blanc insiste sur la n\u00e9cessit\u00e9 de les encadrer en suivant des mesures strictes afin d\u2019\u00e9viter une concurrence avec son usage principal qui doit rester agricole. Les recommandations de l\u2019annexe \u00ab&nbsp;Foncier&nbsp;\u00bb ont pour but d\u2019assurer le maintien de l\u2019activit\u00e9 agricole comme priorit\u00e9, de prot\u00e9ger les exploitations, de veiller \u00e0 la r\u00e9partition \u00e9quitable des b\u00e9n\u00e9fices entre les parties prenantes ainsi que d\u2019\u00e9viter la sp\u00e9culation fonci\u00e8re. Mais quelles sont les mesures propos\u00e9es&nbsp;? En voici quelques unes en guise d\u2019exemples. Mesures li\u00e9es aux acteurs : Mesures li\u00e9es aux projets : Mesures li\u00e9es \u00e0 la gouvernance et \u00e0 la r\u00e9gulation : L\u2019annexe \u00ab&nbsp;D\u00e9finition&nbsp;\u00bb Cette annexe explique les concepts clefs du Livre Blanc, dont celui de \u00ab&nbsp;pilote agrivolta\u00efque&nbsp;\u00bb mentionn\u00e9 dans la circulaire.&nbsp; &nbsp; Un&nbsp;projet pilote d&rsquo;agrivolta\u00efsme en Wallonie&nbsp;consiste \u00e0 tester la combinaison d\u2019une production agricole principale et de la production d&rsquo;\u00e9nergie solaire sur une m\u00eame parcelle de terrain. L\u2019objectif est d\u2019\u00e9valuer les avantages et inconv\u00e9nients de cette synergie, en fonction des sp\u00e9cificit\u00e9s locales et des besoins des agriculteurs. Parmi les &hellip; <a href=\"https:\/\/www.renouvelle.be\/fr\/vers-un-encadrement-de-lagrivoltaisme-en-wallonie\/\" class=\"more-link\">Continue reading<span class=\"screen-reader-text\"> \u00ab\u00a0Vers un encadrement de l&rsquo;agrivolta\u00efsme en Wallonie ?\u00a0\u00bb<\/span><\/a><\/p>\n","protected":false},"author":38,"featured_media":14570,"comment_status":"closed","ping_status":"closed","sticky":false,"template":"","format":"standard","meta":{"_acf_changed":false,"footnotes":""},"categories":[],"tags":[],"section":[],"class_list":["post-14564","post","type-post","status-publish","format-standard","has-post-thumbnail","hentry"],"acf":[],"yoast_head":"<!-- This site is optimized with the Yoast SEO plugin v27.5 - https:\/\/yoast.com\/product\/yoast-seo-wordpress\/ -->\n<title>Vers un encadrement de l&#039;agrivolta\u00efsme en Wallonie ? - Renouvelle<\/title>\n<meta name=\"description\" content=\"Le Cluster Tweed enrichit son Livre Blanc sur l&#039;agrivolta\u00efsme en Wallonie afin de proposer un encadrement pour son d\u00e9veloppement.\" \/>\n<meta name=\"robots\" content=\"index, follow, max-snippet:-1, max-image-preview:large, max-video-preview:-1\" \/>\n<link rel=\"canonical\" href=\"https:\/\/www.renouvelle.be\/fr\/vers-un-encadrement-de-lagrivoltaisme-en-wallonie\/\" \/>\n<meta property=\"og:locale\" content=\"fr_FR\" \/>\n<meta property=\"og:type\" content=\"article\" \/>\n<meta property=\"og:title\" content=\"Vers un encadrement de l&#039;agrivolta\u00efsme en Wallonie ? - Renouvelle\" \/>\n<meta property=\"og:description\" content=\"Le Cluster Tweed enrichit son Livre Blanc sur l&#039;agrivolta\u00efsme en Wallonie afin de proposer un encadrement pour son d\u00e9veloppement.\" \/>\n<meta property=\"og:url\" content=\"https:\/\/www.renouvelle.be\/fr\/vers-un-encadrement-de-lagrivoltaisme-en-wallonie\/\" \/>\n<meta property=\"og:site_name\" content=\"Renouvelle\" \/>\n<meta property=\"article:published_time\" content=\"2025-01-14T13:57:53+00:00\" \/>\n<meta property=\"article:modified_time\" content=\"2025-01-15T08:20:23+00:00\" \/>\n<meta property=\"og:image\" content=\"https:\/\/www.renouvelle.be\/wp-content\/uploads\/2025\/01\/AdobeStock_438041842-scaled-e1736766687378.jpeg\" \/>\n\t<meta property=\"og:image:width\" content=\"2560\" \/>\n\t<meta property=\"og:image:height\" content=\"1520\" \/>\n\t<meta property=\"og:image:type\" content=\"image\/jpeg\" \/>\n<meta name=\"author\" content=\"Samuel Alves\" \/>\n<meta name=\"twitter:card\" content=\"summary_large_image\" \/>\n<script type=\"application\/ld+json\" class=\"yoast-schema-graph\">{\"@context\":\"https:\\\/\\\/schema.org\",\"@graph\":[{\"@type\":\"Article\",\"@id\":\"https:\\\/\\\/www.renouvelle.be\\\/fr\\\/vers-un-encadrement-de-lagrivoltaisme-en-wallonie\\\/#article\",\"isPartOf\":{\"@id\":\"https:\\\/\\\/www.renouvelle.be\\\/fr\\\/vers-un-encadrement-de-lagrivoltaisme-en-wallonie\\\/\"},\"author\":{\"name\":\"Samuel Alves\",\"@id\":\"https:\\\/\\\/www.renouvelle.be\\\/fr\\\/#\\\/schema\\\/person\\\/9d743366fb269eeceaa8d60e98d289d3\"},\"headline\":\"Vers un encadrement de l&rsquo;agrivolta\u00efsme en Wallonie ?\",\"datePublished\":\"2025-01-14T13:57:53+00:00\",\"dateModified\":\"2025-01-15T08:20:23+00:00\",\"mainEntityOfPage\":{\"@id\":\"https:\\\/\\\/www.renouvelle.be\\\/fr\\\/vers-un-encadrement-de-lagrivoltaisme-en-wallonie\\\/\"},\"wordCount\":763,\"image\":{\"@id\":\"https:\\\/\\\/www.renouvelle.be\\\/fr\\\/vers-un-encadrement-de-lagrivoltaisme-en-wallonie\\\/#primaryimage\"},\"thumbnailUrl\":\"https:\\\/\\\/www.renouvelle.be\\\/wp-content\\\/uploads\\\/2025\\\/01\\\/AdobeStock_438041842-scaled-e1736766687378.jpeg\",\"inLanguage\":\"fr-FR\"},{\"@type\":\"WebPage\",\"@id\":\"https:\\\/\\\/www.renouvelle.be\\\/fr\\\/vers-un-encadrement-de-lagrivoltaisme-en-wallonie\\\/\",\"url\":\"https:\\\/\\\/www.renouvelle.be\\\/fr\\\/vers-un-encadrement-de-lagrivoltaisme-en-wallonie\\\/\",\"name\":\"Vers un encadrement de l'agrivolta\u00efsme en Wallonie ? - Renouvelle\",\"isPartOf\":{\"@id\":\"https:\\\/\\\/www.renouvelle.be\\\/fr\\\/#website\"},\"primaryImageOfPage\":{\"@id\":\"https:\\\/\\\/www.renouvelle.be\\\/fr\\\/vers-un-encadrement-de-lagrivoltaisme-en-wallonie\\\/#primaryimage\"},\"image\":{\"@id\":\"https:\\\/\\\/www.renouvelle.be\\\/fr\\\/vers-un-encadrement-de-lagrivoltaisme-en-wallonie\\\/#primaryimage\"},\"thumbnailUrl\":\"https:\\\/\\\/www.renouvelle.be\\\/wp-content\\\/uploads\\\/2025\\\/01\\\/AdobeStock_438041842-scaled-e1736766687378.jpeg\",\"datePublished\":\"2025-01-14T13:57:53+00:00\",\"dateModified\":\"2025-01-15T08:20:23+00:00\",\"author\":{\"@id\":\"https:\\\/\\\/www.renouvelle.be\\\/fr\\\/#\\\/schema\\\/person\\\/9d743366fb269eeceaa8d60e98d289d3\"},\"description\":\"Le Cluster Tweed enrichit son Livre Blanc sur l'agrivolta\u00efsme en Wallonie afin de proposer un encadrement pour son d\u00e9veloppement.\",\"breadcrumb\":{\"@id\":\"https:\\\/\\\/www.renouvelle.be\\\/fr\\\/vers-un-encadrement-de-lagrivoltaisme-en-wallonie\\\/#breadcrumb\"},\"inLanguage\":\"fr-FR\",\"potentialAction\":[{\"@type\":\"ReadAction\",\"target\":[\"https:\\\/\\\/www.renouvelle.be\\\/fr\\\/vers-un-encadrement-de-lagrivoltaisme-en-wallonie\\\/\"]}]},{\"@type\":\"ImageObject\",\"inLanguage\":\"fr-FR\",\"@id\":\"https:\\\/\\\/www.renouvelle.be\\\/fr\\\/vers-un-encadrement-de-lagrivoltaisme-en-wallonie\\\/#primaryimage\",\"url\":\"https:\\\/\\\/www.renouvelle.be\\\/wp-content\\\/uploads\\\/2025\\\/01\\\/AdobeStock_438041842-scaled-e1736766687378.jpeg\",\"contentUrl\":\"https:\\\/\\\/www.renouvelle.be\\\/wp-content\\\/uploads\\\/2025\\\/01\\\/AdobeStock_438041842-scaled-e1736766687378.jpeg\",\"width\":2560,\"height\":1520},{\"@type\":\"BreadcrumbList\",\"@id\":\"https:\\\/\\\/www.renouvelle.be\\\/fr\\\/vers-un-encadrement-de-lagrivoltaisme-en-wallonie\\\/#breadcrumb\",\"itemListElement\":[{\"@type\":\"ListItem\",\"position\":1,\"name\":\"Accueil\",\"item\":\"https:\\\/\\\/www.renouvelle.be\\\/fr\\\/\"},{\"@type\":\"ListItem\",\"position\":2,\"name\":\"Vers un encadrement de l&rsquo;agrivolta\u00efsme en Wallonie ?\"}]},{\"@type\":\"WebSite\",\"@id\":\"https:\\\/\\\/www.renouvelle.be\\\/fr\\\/#website\",\"url\":\"https:\\\/\\\/www.renouvelle.be\\\/fr\\\/\",\"name\":\"Renouvelle\",\"description\":\"L&#039;actualit\u00e9 de l&#039;\u00e9nergie durable\",\"potentialAction\":[{\"@type\":\"SearchAction\",\"target\":{\"@type\":\"EntryPoint\",\"urlTemplate\":\"https:\\\/\\\/www.renouvelle.be\\\/fr\\\/?s={search_term_string}\"},\"query-input\":{\"@type\":\"PropertyValueSpecification\",\"valueRequired\":true,\"valueName\":\"search_term_string\"}}],\"inLanguage\":\"fr-FR\"},{\"@type\":\"Person\",\"@id\":\"https:\\\/\\\/www.renouvelle.be\\\/fr\\\/#\\\/schema\\\/person\\\/9d743366fb269eeceaa8d60e98d289d3\",\"name\":\"Samuel Alves\",\"url\":\"https:\\\/\\\/www.renouvelle.be\\\/fr\\\/author\\\/salves\\\/\"}]}<\/script>\n<!-- \/ Yoast SEO plugin. -->","yoast_head_json":{"title":"Vers un encadrement de l'agrivolta\u00efsme en Wallonie ? - Renouvelle","description":"Le Cluster Tweed enrichit son Livre Blanc sur l'agrivolta\u00efsme en Wallonie afin de proposer un encadrement pour son d\u00e9veloppement.","robots":{"index":"index","follow":"follow","max-snippet":"max-snippet:-1","max-image-preview":"max-image-preview:large","max-video-preview":"max-video-preview:-1"},"canonical":"https:\/\/www.renouvelle.be\/fr\/vers-un-encadrement-de-lagrivoltaisme-en-wallonie\/","og_locale":"fr_FR","og_type":"article","og_title":"Vers un encadrement de l'agrivolta\u00efsme en Wallonie ? - Renouvelle","og_description":"Le Cluster Tweed enrichit son Livre Blanc sur l'agrivolta\u00efsme en Wallonie afin de proposer un encadrement pour son d\u00e9veloppement.","og_url":"https:\/\/www.renouvelle.be\/fr\/vers-un-encadrement-de-lagrivoltaisme-en-wallonie\/","og_site_name":"Renouvelle","article_published_time":"2025-01-14T13:57:53+00:00","article_modified_time":"2025-01-15T08:20:23+00:00","og_image":[{"width":2560,"height":1520,"url":"https:\/\/www.renouvelle.be\/wp-content\/uploads\/2025\/01\/AdobeStock_438041842-scaled-e1736766687378.jpeg","type":"image\/jpeg"}],"author":"Samuel Alves","twitter_card":"summary_large_image","schema":{"@context":"https:\/\/schema.org","@graph":[{"@type":"Article","@id":"https:\/\/www.renouvelle.be\/fr\/vers-un-encadrement-de-lagrivoltaisme-en-wallonie\/#article","isPartOf":{"@id":"https:\/\/www.renouvelle.be\/fr\/vers-un-encadrement-de-lagrivoltaisme-en-wallonie\/"},"author":{"name":"Samuel Alves","@id":"https:\/\/www.renouvelle.be\/fr\/#\/schema\/person\/9d743366fb269eeceaa8d60e98d289d3"},"headline":"Vers un encadrement de l&rsquo;agrivolta\u00efsme en Wallonie ?","datePublished":"2025-01-14T13:57:53+00:00","dateModified":"2025-01-15T08:20:23+00:00","mainEntityOfPage":{"@id":"https:\/\/www.renouvelle.be\/fr\/vers-un-encadrement-de-lagrivoltaisme-en-wallonie\/"},"wordCount":763,"image":{"@id":"https:\/\/www.renouvelle.be\/fr\/vers-un-encadrement-de-lagrivoltaisme-en-wallonie\/#primaryimage"},"thumbnailUrl":"https:\/\/www.renouvelle.be\/wp-content\/uploads\/2025\/01\/AdobeStock_438041842-scaled-e1736766687378.jpeg","inLanguage":"fr-FR"},{"@type":"WebPage","@id":"https:\/\/www.renouvelle.be\/fr\/vers-un-encadrement-de-lagrivoltaisme-en-wallonie\/","url":"https:\/\/www.renouvelle.be\/fr\/vers-un-encadrement-de-lagrivoltaisme-en-wallonie\/","name":"Vers un encadrement de l'agrivolta\u00efsme en Wallonie ? - Renouvelle","isPartOf":{"@id":"https:\/\/www.renouvelle.be\/fr\/#website"},"primaryImageOfPage":{"@id":"https:\/\/www.renouvelle.be\/fr\/vers-un-encadrement-de-lagrivoltaisme-en-wallonie\/#primaryimage"},"image":{"@id":"https:\/\/www.renouvelle.be\/fr\/vers-un-encadrement-de-lagrivoltaisme-en-wallonie\/#primaryimage"},"thumbnailUrl":"https:\/\/www.renouvelle.be\/wp-content\/uploads\/2025\/01\/AdobeStock_438041842-scaled-e1736766687378.jpeg","datePublished":"2025-01-14T13:57:53+00:00","dateModified":"2025-01-15T08:20:23+00:00","author":{"@id":"https:\/\/www.renouvelle.be\/fr\/#\/schema\/person\/9d743366fb269eeceaa8d60e98d289d3"},"description":"Le Cluster Tweed enrichit son Livre Blanc sur l'agrivolta\u00efsme en Wallonie afin de proposer un encadrement pour son d\u00e9veloppement.","breadcrumb":{"@id":"https:\/\/www.renouvelle.be\/fr\/vers-un-encadrement-de-lagrivoltaisme-en-wallonie\/#breadcrumb"},"inLanguage":"fr-FR","potentialAction":[{"@type":"ReadAction","target":["https:\/\/www.renouvelle.be\/fr\/vers-un-encadrement-de-lagrivoltaisme-en-wallonie\/"]}]},{"@type":"ImageObject","inLanguage":"fr-FR","@id":"https:\/\/www.renouvelle.be\/fr\/vers-un-encadrement-de-lagrivoltaisme-en-wallonie\/#primaryimage","url":"https:\/\/www.renouvelle.be\/wp-content\/uploads\/2025\/01\/AdobeStock_438041842-scaled-e1736766687378.jpeg","contentUrl":"https:\/\/www.renouvelle.be\/wp-content\/uploads\/2025\/01\/AdobeStock_438041842-scaled-e1736766687378.jpeg","width":2560,"height":1520},{"@type":"BreadcrumbList","@id":"https:\/\/www.renouvelle.be\/fr\/vers-un-encadrement-de-lagrivoltaisme-en-wallonie\/#breadcrumb","itemListElement":[{"@type":"ListItem","position":1,"name":"Accueil","item":"https:\/\/www.renouvelle.be\/fr\/"},{"@type":"ListItem","position":2,"name":"Vers un encadrement de l&rsquo;agrivolta\u00efsme en Wallonie ?"}]},{"@type":"WebSite","@id":"https:\/\/www.renouvelle.be\/fr\/#website","url":"https:\/\/www.renouvelle.be\/fr\/","name":"Renouvelle","description":"L&#039;actualit\u00e9 de l&#039;\u00e9nergie durable","potentialAction":[{"@type":"SearchAction","target":{"@type":"EntryPoint","urlTemplate":"https:\/\/www.renouvelle.be\/fr\/?s={search_term_string}"},"query-input":{"@type":"PropertyValueSpecification","valueRequired":true,"valueName":"search_term_string"}}],"inLanguage":"fr-FR"},{"@type":"Person","@id":"https:\/\/www.renouvelle.be\/fr\/#\/schema\/person\/9d743366fb269eeceaa8d60e98d289d3","name":"Samuel Alves","url":"https:\/\/www.renouvelle.be\/fr\/author\/salves\/"}]}},"_links":{"self":[{"href":"https:\/\/www.renouvelle.be\/fr\/wp-json\/wp\/v2\/posts\/14564","targetHints":{"allow":["GET"]}}],"collection":[{"href":"https:\/\/www.renouvelle.be\/fr\/wp-json\/wp\/v2\/posts"}],"about":[{"href":"https:\/\/www.renouvelle.be\/fr\/wp-json\/wp\/v2\/types\/post"}],"author":[{"embeddable":true,"href":"https:\/\/www.renouvelle.be\/fr\/wp-json\/wp\/v2\/users\/38"}],"replies":[{"embeddable":true,"href":"https:\/\/www.renouvelle.be\/fr\/wp-json\/wp\/v2\/comments?post=14564"}],"version-history":[{"count":10,"href":"https:\/\/www.renouvelle.be\/fr\/wp-json\/wp\/v2\/posts\/14564\/revisions"}],"predecessor-version":[{"id":14597,"href":"https:\/\/www.renouvelle.be\/fr\/wp-json\/wp\/v2\/posts\/14564\/revisions\/14597"}],"wp:featuredmedia":[{"embeddable":true,"href":"https:\/\/www.renouvelle.be\/fr\/wp-json\/wp\/v2\/media\/14570"}],"wp:attachment":[{"href":"https:\/\/www.renouvelle.be\/fr\/wp-json\/wp\/v2\/media?parent=14564"}],"wp:term":[{"taxonomy":"category","embeddable":true,"href":"https:\/\/www.renouvelle.be\/fr\/wp-json\/wp\/v2\/categories?post=14564"},{"taxonomy":"post_tag","embeddable":true,"href":"https:\/\/www.renouvelle.be\/fr\/wp-json\/wp\/v2\/tags?post=14564"},{"taxonomy":"section","embeddable":true,"href":"https:\/\/www.renouvelle.be\/fr\/wp-json\/wp\/v2\/section?post=14564"}],"curies":[{"name":"wp","href":"https:\/\/api.w.org\/{rel}","templated":true}]}}