{"id":14530,"date":"2025-01-09T10:19:57","date_gmt":"2025-01-09T09:19:57","guid":{"rendered":"https:\/\/www.renouvelle.be\/?p=14530"},"modified":"2025-01-14T09:36:56","modified_gmt":"2025-01-14T08:36:56","slug":"geothermie-un-potentiel-mondial-encore-sous-utilise","status":"publish","type":"post","link":"https:\/\/www.renouvelle.be\/fr\/geothermie-un-potentiel-mondial-encore-sous-utilise\/","title":{"rendered":"G\u00e9othermie\u00a0: un potentiel mondial encore sous utilis\u00e9"},"content":{"rendered":"\n<p>Actuellement, la g\u00e9othermie repr\u00e9sente moins de 1% de la demande mondiale en \u00e9nergie. Pourtant, gr\u00e2ce aux avanc\u00e9es technologiques et \u00e0 une r\u00e9duction des co\u00fbts, elle pourrait couvrir 15 % de la croissance de la demande mondiale d\u2019\u00e9lectricit\u00e9 d\u2019ici 2050, soit l\u2019\u00e9quivalent d\u2019une capacit\u00e9 de 800 GW.<\/p>\n\n\n\n<p>La g\u00e9othermie offre une production continue d\u2019\u00e9lectricit\u00e9 et de chaleur, avec un taux d\u2019utilisation d\u00e9passant 75 % en 2023. Elle contribue \u00e9galement \u00e0 \u00e9quilibrer les r\u00e9seaux \u00e9lectriques compl\u00e9mentant facilement les \u00e9nergies renouvelables intermittentes. Celle de nouvelle g\u00e9n\u00e9ration pourrait couvrir 140 fois la demande mondiale d\u2019\u00e9lectricit\u00e9, se pla\u00e7ant ainsi derri\u00e8re le solaire.<\/p>\n\n\n\n<p>Les forages atteignant des profondeurs de plus de 8 km permettent d\u2019acc\u00e9der \u00e0 un potentiel de 600 TW avec une dur\u00e9e de vie de 25 ans. \u00c0 des profondeurs de 3 km et des temp\u00e9ratures sup\u00e9rieures \u00e0 90 \u00b0C, 320 TW de potentiel pourraient alimenter des r\u00e9seaux de chaleur actuels, d\u00e9carbonant donc les syst\u00e8mes de chauffage aliment\u00e9s par des combustibles fossiles. Pour les besoins \u00e0 plus basse temp\u00e9rature, le potentiel g\u00e9othermique est jusqu\u2019\u00e0 dix fois plus \u00e9lev\u00e9.<\/p>\n\n\n\n<p>Malgr\u00e9 toutes les possibilit\u00e9s qu\u2019offre la g\u00e9othermie, celle-ci semble encore (trop) peu attrayante ou trop compliqu\u00e9e. Certains freins refroidissent les potentiels int\u00e9ress\u00e9s comme le temps n\u00e9cessaire pour obtenir un permis, ce dernier pouvant prendre jusqu\u2019\u00e0 10 ans pour un projet. Le manque ou l\u2019absence de politiques de soutien pour son d\u00e9veloppement n\u2019arrange pas les choses, selon l\u2019AIE plus d\u2019une centaine de pays ont des politiques mises en place pour le photovolta\u00efque et\/ou l\u2019\u00e9olien terrestre alors que moins d\u2019une trentaine en ont mis en \u0153uvre pour la g\u00e9othermie, la rel\u00e9guant donc souvent \u00e0 l\u2019arri\u00e8re plan.<\/p>\n\n\n\n<p>Pourtant, le secteur repr\u00e9sente actuellement 145 000 emplois, un chiffre qui pourrait grimper jusqu\u2019\u00e0 1 million d\u2019ici 2030. Pour atteindre ce r\u00e9sultat, il faudra un soutien important \u00e0 la formation et aux apprentissages pour palier au possible manque de comp\u00e9tences sp\u00e9cialis\u00e9es qui repr\u00e9sente un d\u00e9fi majeur dans le secteur. Mais les gouvernements et services publics sont pr\u00eats \u00e0 investir dans la g\u00e9othermie. A condition que soient r\u00e9alis\u00e9s des diminutions significatives des co\u00fbts pour celle de nouvelle g\u00e9n\u00e9ration, les investissements pourraient s\u2019\u00e9lever \u00e0 un total de 1000 milliards de dollars, d\u2019ici 2035.<\/p>\n\n\n\n<p>Il ne faut pas oublier \u00e9galement la participation des entreprises p\u00e9troli\u00e8res et gazi\u00e8res dans les investissements pour un projet g\u00e9othermique car jusqu\u2019\u00e0 80% de ces derniers impliquent des capacit\u00e9s et comp\u00e9tences communes \u00e0 ces industries. Pour ces secteurs, il s\u2019agit, \u00e9videmment, d\u2019une opportunit\u00e9 \u00e9conomique \u00e9tant donn\u00e9 la baisse pr\u00e9vue de la demande en gaz et p\u00e9trole. Mais au-del\u00e0 de l\u2019aspect financier, cette transition repr\u00e9sente une v\u00e9ritable occasion pour ces entreprises de jouer un r\u00f4le cl\u00e9 dans la transition \u00e9nerg\u00e9tique, en r\u00e9orientant leurs savoir-faire vers des projets durables et innovants.<\/p>\n\n\n\n<p>Et bien qu\u2019il faille que les grands acteurs de l\u2019\u00e9nergie montrent aussi un int\u00e9r\u00eat pour le renouvelable afin de f\u00e9d\u00e9rer d\u2019autres entreprises et industries, il faudra veiller \u00e0 d\u00e9ployer la g\u00e9othermie en symbiose avec les autres \u00e9nergies renouvelables pour le bien de la plan\u00e8te et de <a href=\"https:\/\/www.renouvelle.be\/fr\/bruxelles-installe-son-premier-reseau-de-chaleur-par-geothermie\/\" target=\"_blank\" rel=\"noreferrer noopener\">ses citoyens<\/a>. Il serait contre-productif que la g\u00e9othermie soit utilis\u00e9e comme source d\u2019\u00e9nergie pour soutenir, ailleurs, la production p\u00e9troli\u00e8re, par exemple. L\u2019enjeu \u00e9tant de transformer cet \u00e9lan en un pilier de la transition \u00e9nerg\u00e9tique mondiale.<\/p>\n\n\n\n<p>Le rapport de l\u2019Agence Internationale de l\u2019\u00c9nergie est disponible en int\u00e9gralit\u00e9 sur ce <a href=\"https:\/\/www.iea.org\/reports\/the-future-of-geothermal-energy\">lien<\/a>.<\/p>\n","protected":false},"excerpt":{"rendered":"<p>Actuellement, la g\u00e9othermie repr\u00e9sente moins de 1% de la demande mondiale en \u00e9nergie. Pourtant, gr\u00e2ce aux avanc\u00e9es technologiques et \u00e0 une r\u00e9duction des co\u00fbts, elle pourrait couvrir 15 % de la croissance de la demande mondiale d\u2019\u00e9lectricit\u00e9 d\u2019ici 2050, soit l\u2019\u00e9quivalent d\u2019une capacit\u00e9 de 800 GW. La g\u00e9othermie offre une production continue d\u2019\u00e9lectricit\u00e9 et de chaleur, avec un taux d\u2019utilisation d\u00e9passant 75 % en 2023. Elle contribue \u00e9galement \u00e0 \u00e9quilibrer les r\u00e9seaux \u00e9lectriques compl\u00e9mentant facilement les \u00e9nergies renouvelables intermittentes. Celle de nouvelle g\u00e9n\u00e9ration pourrait couvrir 140 fois la demande mondiale d\u2019\u00e9lectricit\u00e9, se pla\u00e7ant ainsi derri\u00e8re le solaire. Les forages atteignant des profondeurs de plus de 8 km permettent d\u2019acc\u00e9der \u00e0 un potentiel de 600 TW avec une dur\u00e9e de vie de 25 ans. \u00c0 des profondeurs de 3 km et des temp\u00e9ratures sup\u00e9rieures \u00e0 90 \u00b0C, 320 TW de potentiel pourraient alimenter des r\u00e9seaux de chaleur actuels, d\u00e9carbonant donc les syst\u00e8mes de chauffage aliment\u00e9s par des combustibles fossiles. Pour les besoins \u00e0 plus basse temp\u00e9rature, le potentiel g\u00e9othermique est jusqu\u2019\u00e0 dix fois plus \u00e9lev\u00e9. Malgr\u00e9 toutes les possibilit\u00e9s qu\u2019offre la g\u00e9othermie, celle-ci semble encore (trop) peu attrayante ou trop compliqu\u00e9e. Certains freins refroidissent les potentiels int\u00e9ress\u00e9s comme le temps n\u00e9cessaire pour obtenir un permis, ce dernier pouvant prendre jusqu\u2019\u00e0 10 ans pour un projet. Le manque ou l\u2019absence de politiques de soutien pour son d\u00e9veloppement n\u2019arrange pas les choses, selon l\u2019AIE plus d\u2019une centaine de pays ont des politiques mises en place pour le photovolta\u00efque et\/ou l\u2019\u00e9olien terrestre alors que moins d\u2019une trentaine en ont mis en \u0153uvre pour la g\u00e9othermie, la rel\u00e9guant donc souvent \u00e0 l\u2019arri\u00e8re plan. Pourtant, le secteur repr\u00e9sente actuellement 145 000 emplois, un chiffre qui pourrait grimper jusqu\u2019\u00e0 1 million d\u2019ici 2030. Pour atteindre ce r\u00e9sultat, &hellip; <a href=\"https:\/\/www.renouvelle.be\/fr\/geothermie-un-potentiel-mondial-encore-sous-utilise\/\" class=\"more-link\">Continue reading<span class=\"screen-reader-text\"> \u00ab\u00a0G\u00e9othermie\u00a0: un potentiel mondial encore sous utilis\u00e9\u00a0\u00bb<\/span><\/a><\/p>\n","protected":false},"author":38,"featured_media":14533,"comment_status":"closed","ping_status":"closed","sticky":false,"template":"","format":"standard","meta":{"_acf_changed":false,"footnotes":""},"categories":[16],"tags":[],"section":[9],"class_list":["post-14530","post","type-post","status-publish","format-standard","has-post-thumbnail","hentry","category-actualite","section-geothermie-pac"],"acf":[],"yoast_head":"<!-- This site is optimized with the Yoast SEO plugin v27.5 - https:\/\/yoast.com\/product\/yoast-seo-wordpress\/ -->\n<title>G\u00e9othermie\u00a0: un potentiel mondial encore sous utilis\u00e9 - Renouvelle<\/title>\n<meta name=\"description\" content=\"La g\u00e9othermie est encore trop souvent sous utilis\u00e9e, pourtant son potentiel mondial est \u00e9norme, se positionnant derri\u00e8re le solaire.\" \/>\n<meta name=\"robots\" content=\"index, follow, max-snippet:-1, max-image-preview:large, max-video-preview:-1\" \/>\n<link rel=\"canonical\" href=\"https:\/\/www.renouvelle.be\/fr\/geothermie-un-potentiel-mondial-encore-sous-utilise\/\" \/>\n<meta property=\"og:locale\" content=\"fr_FR\" \/>\n<meta property=\"og:type\" content=\"article\" \/>\n<meta property=\"og:title\" content=\"G\u00e9othermie\u00a0: un potentiel mondial encore sous utilis\u00e9 - Renouvelle\" \/>\n<meta property=\"og:description\" content=\"La g\u00e9othermie est encore trop souvent sous utilis\u00e9e, pourtant son potentiel mondial est \u00e9norme, se positionnant derri\u00e8re le solaire.\" \/>\n<meta property=\"og:url\" content=\"https:\/\/www.renouvelle.be\/fr\/geothermie-un-potentiel-mondial-encore-sous-utilise\/\" \/>\n<meta property=\"og:site_name\" content=\"Renouvelle\" \/>\n<meta property=\"article:published_time\" content=\"2025-01-09T09:19:57+00:00\" \/>\n<meta property=\"article:modified_time\" content=\"2025-01-14T08:36:56+00:00\" \/>\n<meta property=\"og:image\" content=\"https:\/\/www.renouvelle.be\/wp-content\/uploads\/2025\/01\/AdobeStock_251460447-scaled.jpeg\" \/>\n\t<meta property=\"og:image:width\" content=\"2560\" \/>\n\t<meta property=\"og:image:height\" content=\"1709\" \/>\n\t<meta property=\"og:image:type\" content=\"image\/jpeg\" \/>\n<meta name=\"author\" content=\"Samuel Alves\" \/>\n<meta name=\"twitter:card\" content=\"summary_large_image\" \/>\n<script type=\"application\/ld+json\" class=\"yoast-schema-graph\">{\"@context\":\"https:\\\/\\\/schema.org\",\"@graph\":[{\"@type\":\"Article\",\"@id\":\"https:\\\/\\\/www.renouvelle.be\\\/fr\\\/geothermie-un-potentiel-mondial-encore-sous-utilise\\\/#article\",\"isPartOf\":{\"@id\":\"https:\\\/\\\/www.renouvelle.be\\\/fr\\\/geothermie-un-potentiel-mondial-encore-sous-utilise\\\/\"},\"author\":{\"name\":\"Samuel Alves\",\"@id\":\"https:\\\/\\\/www.renouvelle.be\\\/fr\\\/#\\\/schema\\\/person\\\/9d743366fb269eeceaa8d60e98d289d3\"},\"headline\":\"G\u00e9othermie\u00a0: un potentiel mondial encore sous utilis\u00e9\",\"datePublished\":\"2025-01-09T09:19:57+00:00\",\"dateModified\":\"2025-01-14T08:36:56+00:00\",\"mainEntityOfPage\":{\"@id\":\"https:\\\/\\\/www.renouvelle.be\\\/fr\\\/geothermie-un-potentiel-mondial-encore-sous-utilise\\\/\"},\"wordCount\":621,\"image\":{\"@id\":\"https:\\\/\\\/www.renouvelle.be\\\/fr\\\/geothermie-un-potentiel-mondial-encore-sous-utilise\\\/#primaryimage\"},\"thumbnailUrl\":\"https:\\\/\\\/www.renouvelle.be\\\/wp-content\\\/uploads\\\/2025\\\/01\\\/AdobeStock_251460447-scaled.jpeg\",\"articleSection\":[\"Actualit\u00e9\"],\"inLanguage\":\"fr-FR\"},{\"@type\":\"WebPage\",\"@id\":\"https:\\\/\\\/www.renouvelle.be\\\/fr\\\/geothermie-un-potentiel-mondial-encore-sous-utilise\\\/\",\"url\":\"https:\\\/\\\/www.renouvelle.be\\\/fr\\\/geothermie-un-potentiel-mondial-encore-sous-utilise\\\/\",\"name\":\"G\u00e9othermie\u00a0: un potentiel mondial encore sous utilis\u00e9 - Renouvelle\",\"isPartOf\":{\"@id\":\"https:\\\/\\\/www.renouvelle.be\\\/fr\\\/#website\"},\"primaryImageOfPage\":{\"@id\":\"https:\\\/\\\/www.renouvelle.be\\\/fr\\\/geothermie-un-potentiel-mondial-encore-sous-utilise\\\/#primaryimage\"},\"image\":{\"@id\":\"https:\\\/\\\/www.renouvelle.be\\\/fr\\\/geothermie-un-potentiel-mondial-encore-sous-utilise\\\/#primaryimage\"},\"thumbnailUrl\":\"https:\\\/\\\/www.renouvelle.be\\\/wp-content\\\/uploads\\\/2025\\\/01\\\/AdobeStock_251460447-scaled.jpeg\",\"datePublished\":\"2025-01-09T09:19:57+00:00\",\"dateModified\":\"2025-01-14T08:36:56+00:00\",\"author\":{\"@id\":\"https:\\\/\\\/www.renouvelle.be\\\/fr\\\/#\\\/schema\\\/person\\\/9d743366fb269eeceaa8d60e98d289d3\"},\"description\":\"La g\u00e9othermie est encore trop souvent sous utilis\u00e9e, pourtant son potentiel mondial est \u00e9norme, se positionnant derri\u00e8re le solaire.\",\"breadcrumb\":{\"@id\":\"https:\\\/\\\/www.renouvelle.be\\\/fr\\\/geothermie-un-potentiel-mondial-encore-sous-utilise\\\/#breadcrumb\"},\"inLanguage\":\"fr-FR\",\"potentialAction\":[{\"@type\":\"ReadAction\",\"target\":[\"https:\\\/\\\/www.renouvelle.be\\\/fr\\\/geothermie-un-potentiel-mondial-encore-sous-utilise\\\/\"]}]},{\"@type\":\"ImageObject\",\"inLanguage\":\"fr-FR\",\"@id\":\"https:\\\/\\\/www.renouvelle.be\\\/fr\\\/geothermie-un-potentiel-mondial-encore-sous-utilise\\\/#primaryimage\",\"url\":\"https:\\\/\\\/www.renouvelle.be\\\/wp-content\\\/uploads\\\/2025\\\/01\\\/AdobeStock_251460447-scaled.jpeg\",\"contentUrl\":\"https:\\\/\\\/www.renouvelle.be\\\/wp-content\\\/uploads\\\/2025\\\/01\\\/AdobeStock_251460447-scaled.jpeg\",\"width\":2560,\"height\":1709},{\"@type\":\"BreadcrumbList\",\"@id\":\"https:\\\/\\\/www.renouvelle.be\\\/fr\\\/geothermie-un-potentiel-mondial-encore-sous-utilise\\\/#breadcrumb\",\"itemListElement\":[{\"@type\":\"ListItem\",\"position\":1,\"name\":\"Accueil\",\"item\":\"https:\\\/\\\/www.renouvelle.be\\\/fr\\\/\"},{\"@type\":\"ListItem\",\"position\":2,\"name\":\"G\u00e9othermie\u00a0: un potentiel mondial encore sous utilis\u00e9\"}]},{\"@type\":\"WebSite\",\"@id\":\"https:\\\/\\\/www.renouvelle.be\\\/fr\\\/#website\",\"url\":\"https:\\\/\\\/www.renouvelle.be\\\/fr\\\/\",\"name\":\"Renouvelle\",\"description\":\"L&#039;actualit\u00e9 de l&#039;\u00e9nergie durable\",\"potentialAction\":[{\"@type\":\"SearchAction\",\"target\":{\"@type\":\"EntryPoint\",\"urlTemplate\":\"https:\\\/\\\/www.renouvelle.be\\\/fr\\\/?s={search_term_string}\"},\"query-input\":{\"@type\":\"PropertyValueSpecification\",\"valueRequired\":true,\"valueName\":\"search_term_string\"}}],\"inLanguage\":\"fr-FR\"},{\"@type\":\"Person\",\"@id\":\"https:\\\/\\\/www.renouvelle.be\\\/fr\\\/#\\\/schema\\\/person\\\/9d743366fb269eeceaa8d60e98d289d3\",\"name\":\"Samuel Alves\",\"url\":\"https:\\\/\\\/www.renouvelle.be\\\/fr\\\/author\\\/salves\\\/\"}]}<\/script>\n<!-- \/ Yoast SEO plugin. -->","yoast_head_json":{"title":"G\u00e9othermie\u00a0: un potentiel mondial encore sous utilis\u00e9 - Renouvelle","description":"La g\u00e9othermie est encore trop souvent sous utilis\u00e9e, pourtant son potentiel mondial est \u00e9norme, se positionnant derri\u00e8re le solaire.","robots":{"index":"index","follow":"follow","max-snippet":"max-snippet:-1","max-image-preview":"max-image-preview:large","max-video-preview":"max-video-preview:-1"},"canonical":"https:\/\/www.renouvelle.be\/fr\/geothermie-un-potentiel-mondial-encore-sous-utilise\/","og_locale":"fr_FR","og_type":"article","og_title":"G\u00e9othermie\u00a0: un potentiel mondial encore sous utilis\u00e9 - Renouvelle","og_description":"La g\u00e9othermie est encore trop souvent sous utilis\u00e9e, pourtant son potentiel mondial est \u00e9norme, se positionnant derri\u00e8re le solaire.","og_url":"https:\/\/www.renouvelle.be\/fr\/geothermie-un-potentiel-mondial-encore-sous-utilise\/","og_site_name":"Renouvelle","article_published_time":"2025-01-09T09:19:57+00:00","article_modified_time":"2025-01-14T08:36:56+00:00","og_image":[{"width":2560,"height":1709,"url":"https:\/\/www.renouvelle.be\/wp-content\/uploads\/2025\/01\/AdobeStock_251460447-scaled.jpeg","type":"image\/jpeg"}],"author":"Samuel Alves","twitter_card":"summary_large_image","schema":{"@context":"https:\/\/schema.org","@graph":[{"@type":"Article","@id":"https:\/\/www.renouvelle.be\/fr\/geothermie-un-potentiel-mondial-encore-sous-utilise\/#article","isPartOf":{"@id":"https:\/\/www.renouvelle.be\/fr\/geothermie-un-potentiel-mondial-encore-sous-utilise\/"},"author":{"name":"Samuel Alves","@id":"https:\/\/www.renouvelle.be\/fr\/#\/schema\/person\/9d743366fb269eeceaa8d60e98d289d3"},"headline":"G\u00e9othermie\u00a0: un potentiel mondial encore sous utilis\u00e9","datePublished":"2025-01-09T09:19:57+00:00","dateModified":"2025-01-14T08:36:56+00:00","mainEntityOfPage":{"@id":"https:\/\/www.renouvelle.be\/fr\/geothermie-un-potentiel-mondial-encore-sous-utilise\/"},"wordCount":621,"image":{"@id":"https:\/\/www.renouvelle.be\/fr\/geothermie-un-potentiel-mondial-encore-sous-utilise\/#primaryimage"},"thumbnailUrl":"https:\/\/www.renouvelle.be\/wp-content\/uploads\/2025\/01\/AdobeStock_251460447-scaled.jpeg","articleSection":["Actualit\u00e9"],"inLanguage":"fr-FR"},{"@type":"WebPage","@id":"https:\/\/www.renouvelle.be\/fr\/geothermie-un-potentiel-mondial-encore-sous-utilise\/","url":"https:\/\/www.renouvelle.be\/fr\/geothermie-un-potentiel-mondial-encore-sous-utilise\/","name":"G\u00e9othermie\u00a0: un potentiel mondial encore sous utilis\u00e9 - Renouvelle","isPartOf":{"@id":"https:\/\/www.renouvelle.be\/fr\/#website"},"primaryImageOfPage":{"@id":"https:\/\/www.renouvelle.be\/fr\/geothermie-un-potentiel-mondial-encore-sous-utilise\/#primaryimage"},"image":{"@id":"https:\/\/www.renouvelle.be\/fr\/geothermie-un-potentiel-mondial-encore-sous-utilise\/#primaryimage"},"thumbnailUrl":"https:\/\/www.renouvelle.be\/wp-content\/uploads\/2025\/01\/AdobeStock_251460447-scaled.jpeg","datePublished":"2025-01-09T09:19:57+00:00","dateModified":"2025-01-14T08:36:56+00:00","author":{"@id":"https:\/\/www.renouvelle.be\/fr\/#\/schema\/person\/9d743366fb269eeceaa8d60e98d289d3"},"description":"La g\u00e9othermie est encore trop souvent sous utilis\u00e9e, pourtant son potentiel mondial est \u00e9norme, se positionnant derri\u00e8re le solaire.","breadcrumb":{"@id":"https:\/\/www.renouvelle.be\/fr\/geothermie-un-potentiel-mondial-encore-sous-utilise\/#breadcrumb"},"inLanguage":"fr-FR","potentialAction":[{"@type":"ReadAction","target":["https:\/\/www.renouvelle.be\/fr\/geothermie-un-potentiel-mondial-encore-sous-utilise\/"]}]},{"@type":"ImageObject","inLanguage":"fr-FR","@id":"https:\/\/www.renouvelle.be\/fr\/geothermie-un-potentiel-mondial-encore-sous-utilise\/#primaryimage","url":"https:\/\/www.renouvelle.be\/wp-content\/uploads\/2025\/01\/AdobeStock_251460447-scaled.jpeg","contentUrl":"https:\/\/www.renouvelle.be\/wp-content\/uploads\/2025\/01\/AdobeStock_251460447-scaled.jpeg","width":2560,"height":1709},{"@type":"BreadcrumbList","@id":"https:\/\/www.renouvelle.be\/fr\/geothermie-un-potentiel-mondial-encore-sous-utilise\/#breadcrumb","itemListElement":[{"@type":"ListItem","position":1,"name":"Accueil","item":"https:\/\/www.renouvelle.be\/fr\/"},{"@type":"ListItem","position":2,"name":"G\u00e9othermie\u00a0: un potentiel mondial encore sous utilis\u00e9"}]},{"@type":"WebSite","@id":"https:\/\/www.renouvelle.be\/fr\/#website","url":"https:\/\/www.renouvelle.be\/fr\/","name":"Renouvelle","description":"L&#039;actualit\u00e9 de l&#039;\u00e9nergie durable","potentialAction":[{"@type":"SearchAction","target":{"@type":"EntryPoint","urlTemplate":"https:\/\/www.renouvelle.be\/fr\/?s={search_term_string}"},"query-input":{"@type":"PropertyValueSpecification","valueRequired":true,"valueName":"search_term_string"}}],"inLanguage":"fr-FR"},{"@type":"Person","@id":"https:\/\/www.renouvelle.be\/fr\/#\/schema\/person\/9d743366fb269eeceaa8d60e98d289d3","name":"Samuel Alves","url":"https:\/\/www.renouvelle.be\/fr\/author\/salves\/"}]}},"_links":{"self":[{"href":"https:\/\/www.renouvelle.be\/fr\/wp-json\/wp\/v2\/posts\/14530","targetHints":{"allow":["GET"]}}],"collection":[{"href":"https:\/\/www.renouvelle.be\/fr\/wp-json\/wp\/v2\/posts"}],"about":[{"href":"https:\/\/www.renouvelle.be\/fr\/wp-json\/wp\/v2\/types\/post"}],"author":[{"embeddable":true,"href":"https:\/\/www.renouvelle.be\/fr\/wp-json\/wp\/v2\/users\/38"}],"replies":[{"embeddable":true,"href":"https:\/\/www.renouvelle.be\/fr\/wp-json\/wp\/v2\/comments?post=14530"}],"version-history":[{"count":14,"href":"https:\/\/www.renouvelle.be\/fr\/wp-json\/wp\/v2\/posts\/14530\/revisions"}],"predecessor-version":[{"id":14586,"href":"https:\/\/www.renouvelle.be\/fr\/wp-json\/wp\/v2\/posts\/14530\/revisions\/14586"}],"wp:featuredmedia":[{"embeddable":true,"href":"https:\/\/www.renouvelle.be\/fr\/wp-json\/wp\/v2\/media\/14533"}],"wp:attachment":[{"href":"https:\/\/www.renouvelle.be\/fr\/wp-json\/wp\/v2\/media?parent=14530"}],"wp:term":[{"taxonomy":"category","embeddable":true,"href":"https:\/\/www.renouvelle.be\/fr\/wp-json\/wp\/v2\/categories?post=14530"},{"taxonomy":"post_tag","embeddable":true,"href":"https:\/\/www.renouvelle.be\/fr\/wp-json\/wp\/v2\/tags?post=14530"},{"taxonomy":"section","embeddable":true,"href":"https:\/\/www.renouvelle.be\/fr\/wp-json\/wp\/v2\/section?post=14530"}],"curies":[{"name":"wp","href":"https:\/\/api.w.org\/{rel}","templated":true}]}}