{"id":14491,"date":"2025-01-06T11:37:16","date_gmt":"2025-01-06T10:37:16","guid":{"rendered":"https:\/\/www.renouvelle.be\/?p=14491"},"modified":"2025-01-06T11:37:23","modified_gmt":"2025-01-06T10:37:23","slug":"facture-energie-hausse-des-tarifs-de-distribution-et-transport","status":"publish","type":"post","link":"https:\/\/www.renouvelle.be\/fr\/facture-energie-hausse-des-tarifs-de-distribution-et-transport\/","title":{"rendered":"Facture d\u2019\u00e9nergie\u00a0: hausse des co\u00fbts de distribution et transport"},"content":{"rendered":"\n<p>La nouvelle est tomb\u00e9e il y a quelques semaines : les r\u00e9gulateurs du march\u00e9 de l\u2019\u00e9lectricit\u00e9 et du gaz (Brugel pour Bruxelles et la CWaPE pour la Wallonie) annon\u00e7aient une hausse des co\u00fbts de distribution et du transport (ou co\u00fbts de r\u00e9seau) de ces derniers. Depuis le 1er janvier, c\u2019est chose faite.<\/p>\n\n\n\n<p>Plusieurs facteurs ont men\u00e9 \u00e0 cette d\u00e9cision, comme la modernisation et le renforcement du r\u00e9seau afin de mieux absorber les nouveaux modes de consommation \u00e9nerg\u00e9tique (photovolta\u00efque, pompe \u00e0 chaleur, etc.), le d\u00e9ploiement des compteurs intelligents \u00e0 Bruxelles ou encore la sortie progressive du gaz fossile.<\/p>\n\n\n\n<p>Tout cela repr\u00e9sente un investissement important qui se r\u00e9percutera donc sur les factures d\u2019\u00e9nergie de tous les consommateurs, peu importe qu\u2019il s\u2019agisse d\u2019un contrat fixe ou variable.<\/p>\n\n\n\n<p>Avant d\u2019aller plus loin, rappelons que le tarif de transport regroupe les frais li\u00e9s \u00e0 l\u2019acheminement de l\u2019\u00e9lectricit\u00e9 ou du gaz sur les grands r\u00e9seaux, des producteurs aux zones o\u00f9 l\u2019\u00e9nergie sera consomm\u00e9e. Les tarifs de distribution, quant \u00e0 eux, couvrent le transfert depuis ces grands r\u00e9seaux vers les infrastructures locales et donc jusqu\u2019aux consommateurs finaux.<\/p>\n\n\n\n<p>Qui se charge de tout \u00e7a ? Pour le transport, c\u2019est Elia qui s\u2019en occupe. En ce qui concerne la distribution, \u00e0 Bruxelles, c\u2019est Sibelga qui s\u2019en charge. Du c\u00f4t\u00e9 de la Wallonie, et selon votre zone g\u00e9ographique, il s\u2019agit de : Ores, Resa, AIEG, AIESH et REW (pour le gaz, uniquement ORES et RESA).<\/p>\n\n\n\n<p>Comment cette augmentation tarifaire se traduira-t-elle alors en chiffres ?<\/p>\n\n\n\n<h2 class=\"wp-block-heading\"><strong>Bruxelles<\/strong><\/h2>\n\n\n\n<p>En 2025, un m\u00e9nage <a href=\"https:\/\/brugel.brussels\/actualites\/brugel-approuve-les-tarifs-de-distribution-de-l-electricite-et-du-gaz-en-region-de-bruxelles-capitale-pour-la-periode-2025-2029-670\" target=\"_blank\" rel=\"noreferrer noopener\">bruxellois<\/a> qui consomme en moyenne 2 104 kWh d\u2019\u00e9lectricit\u00e9 par an verra ses frais de distribution augmenter de 26,58 \u20ac (TVAC), soit une hausse de 11,6 % par rapport \u00e0 l\u2019ann\u00e9e pass\u00e9e. Elle poursuivra sa lanc\u00e9e avec +5,1 % en 2026 et +4,3 % en 2027. Par ailleurs, la hausse des co\u00fbts de transport, qui bondiront de plus de 60 %, alourdira la facture annuelle de 17,70 \u20ac TVAC. Du c\u00f4t\u00e9 du gaz, une consommation annuelle de 12 000 kWh engendrera une augmentation de 23 \u20ac TVAC (+12,7 %) en 2025, suivie de hausses plus modestes de 1,8 % par an.<\/p>\n\n\n\n<p>Si l\u2019on additionne donc l\u2019\u00e9lectricit\u00e9 et le gaz, la hausse globale sera d\u2019environ 67 \u20ac TVAC cette ann\u00e9e, ce qui \u00e9quivaut \u00e0 un suppl\u00e9ment de 5,60 \u20ac par mois.<\/p>\n\n\n\n<h2 class=\"wp-block-heading\"><strong>Wallonie<\/strong><\/h2>\n\n\n\n<p>Ici, la hausse varie selon votre <a href=\"https:\/\/www.cwape.be\/sites\/default\/files\/cwape-documents\/DP_tarifs%20distribution%202025-2029.pdf\" target=\"_blank\" rel=\"noreferrer noopener\">gestionnaire de r\u00e9seau<\/a> de distribution (pour rappel, vous n\u2019avez pas le choix de celui-ci, il d\u00e9pend de votre zone g\u00e9ographique). Nous nous concentrerons sur les deux principaux que sont ORES et RESA. Pour l\u2019\u00e9lectricit\u00e9, et en se basant sur un client-type bihoraire consommant en moyenne 3 500 kWh, la hausse s\u2019\u00e9l\u00e8vera \u00e0 17 % chez ORES, passant de 276 \u00e0 305 euros. Chez RESA, il s\u2019agit d\u2019une augmentation de 5 %, soit un passage de 298 \u00e0 313 euros.<\/p>\n\n\n\n<p>Pour la distribution du gaz, et pour un client-type ayant une consommation moyenne annuelle de 17 000 kWh, elle grimpera de 15 % chez ORES (de 397 \u00e0 455 euros) et de 11 % chez RESA (de 435 \u00e0 484 euros). Il faudra s\u2019attendre \u00e0 de nouvelles hausses dans les ann\u00e9es \u00e0 venir \u00e9galement.<\/p>\n","protected":false},"excerpt":{"rendered":"<p>La nouvelle est tomb\u00e9e il y a quelques semaines : les r\u00e9gulateurs du march\u00e9 de l\u2019\u00e9lectricit\u00e9 et du gaz (Brugel pour Bruxelles et la CWaPE pour la Wallonie) annon\u00e7aient une hausse des co\u00fbts de distribution et du transport (ou co\u00fbts de r\u00e9seau) de ces derniers. Depuis le 1er janvier, c\u2019est chose faite. Plusieurs facteurs ont men\u00e9 \u00e0 cette d\u00e9cision, comme la modernisation et le renforcement du r\u00e9seau afin de mieux absorber les nouveaux modes de consommation \u00e9nerg\u00e9tique (photovolta\u00efque, pompe \u00e0 chaleur, etc.), le d\u00e9ploiement des compteurs intelligents \u00e0 Bruxelles ou encore la sortie progressive du gaz fossile. Tout cela repr\u00e9sente un investissement important qui se r\u00e9percutera donc sur les factures d\u2019\u00e9nergie de tous les consommateurs, peu importe qu\u2019il s\u2019agisse d\u2019un contrat fixe ou variable. Avant d\u2019aller plus loin, rappelons que le tarif de transport regroupe les frais li\u00e9s \u00e0 l\u2019acheminement de l\u2019\u00e9lectricit\u00e9 ou du gaz sur les grands r\u00e9seaux, des producteurs aux zones o\u00f9 l\u2019\u00e9nergie sera consomm\u00e9e. Les tarifs de distribution, quant \u00e0 eux, couvrent le transfert depuis ces grands r\u00e9seaux vers les infrastructures locales et donc jusqu\u2019aux consommateurs finaux. Qui se charge de tout \u00e7a ? Pour le transport, c\u2019est Elia qui s\u2019en occupe. En ce qui concerne la distribution, \u00e0 Bruxelles, c\u2019est Sibelga qui s\u2019en charge. Du c\u00f4t\u00e9 de la Wallonie, et selon votre zone g\u00e9ographique, il s\u2019agit de : Ores, Resa, AIEG, AIESH et REW (pour le gaz, uniquement ORES et RESA). Comment cette augmentation tarifaire se traduira-t-elle alors en chiffres ? Bruxelles En 2025, un m\u00e9nage bruxellois qui consomme en moyenne 2 104 kWh d\u2019\u00e9lectricit\u00e9 par an verra ses frais de distribution augmenter de 26,58 \u20ac (TVAC), soit une hausse de 11,6 % par rapport \u00e0 l\u2019ann\u00e9e pass\u00e9e. Elle poursuivra sa lanc\u00e9e avec +5,1 % en &hellip; <a href=\"https:\/\/www.renouvelle.be\/fr\/facture-energie-hausse-des-tarifs-de-distribution-et-transport\/\" class=\"more-link\">Continue reading<span class=\"screen-reader-text\"> \u00ab\u00a0Facture d\u2019\u00e9nergie\u00a0: hausse des co\u00fbts de distribution et transport\u00a0\u00bb<\/span><\/a><\/p>\n","protected":false},"author":38,"featured_media":14496,"comment_status":"closed","ping_status":"closed","sticky":false,"template":"","format":"standard","meta":{"_acf_changed":false,"footnotes":""},"categories":[17],"tags":[],"section":[8],"class_list":["post-14491","post","type-post","status-publish","format-standard","has-post-thumbnail","hentry","category-actualite-en-belgique","section-energie-renouvelables"],"acf":[],"yoast_head":"<!-- This site is optimized with the Yoast SEO plugin v27.5 - https:\/\/yoast.com\/product\/yoast-seo-wordpress\/ -->\n<title>Facture d\u2019\u00e9nergie\u00a0: hausse des co\u00fbts de distribution et transport - Renouvelle<\/title>\n<meta name=\"description\" content=\"Les factures d&#039;\u00e9nergie des m\u00e9nages belges seront impact\u00e9es par la hausse des co\u00fbts de transport et de distribution de celle-ci.\" \/>\n<meta name=\"robots\" content=\"index, follow, max-snippet:-1, max-image-preview:large, max-video-preview:-1\" \/>\n<link rel=\"canonical\" href=\"https:\/\/www.renouvelle.be\/fr\/facture-energie-hausse-des-tarifs-de-distribution-et-transport\/\" \/>\n<meta property=\"og:locale\" content=\"fr_FR\" \/>\n<meta property=\"og:type\" content=\"article\" \/>\n<meta property=\"og:title\" content=\"Facture d\u2019\u00e9nergie\u00a0: hausse des co\u00fbts de distribution et transport - Renouvelle\" \/>\n<meta property=\"og:description\" content=\"Les factures d&#039;\u00e9nergie des m\u00e9nages belges seront impact\u00e9es par la hausse des co\u00fbts de transport et de distribution de celle-ci.\" \/>\n<meta property=\"og:url\" content=\"https:\/\/www.renouvelle.be\/fr\/facture-energie-hausse-des-tarifs-de-distribution-et-transport\/\" \/>\n<meta property=\"og:site_name\" content=\"Renouvelle\" \/>\n<meta property=\"article:published_time\" content=\"2025-01-06T10:37:16+00:00\" \/>\n<meta property=\"article:modified_time\" content=\"2025-01-06T10:37:23+00:00\" \/>\n<meta property=\"og:image\" content=\"https:\/\/www.renouvelle.be\/wp-content\/uploads\/2025\/01\/AdobeStock_484428409-scaled-e1736155070595.jpeg\" \/>\n\t<meta property=\"og:image:width\" content=\"2560\" \/>\n\t<meta property=\"og:image:height\" content=\"1613\" \/>\n\t<meta property=\"og:image:type\" content=\"image\/jpeg\" \/>\n<meta name=\"author\" content=\"Samuel Alves\" \/>\n<meta name=\"twitter:card\" content=\"summary_large_image\" \/>\n<script type=\"application\/ld+json\" class=\"yoast-schema-graph\">{\"@context\":\"https:\\\/\\\/schema.org\",\"@graph\":[{\"@type\":\"Article\",\"@id\":\"https:\\\/\\\/www.renouvelle.be\\\/fr\\\/facture-energie-hausse-des-tarifs-de-distribution-et-transport\\\/#article\",\"isPartOf\":{\"@id\":\"https:\\\/\\\/www.renouvelle.be\\\/fr\\\/facture-energie-hausse-des-tarifs-de-distribution-et-transport\\\/\"},\"author\":{\"name\":\"Samuel Alves\",\"@id\":\"https:\\\/\\\/www.renouvelle.be\\\/fr\\\/#\\\/schema\\\/person\\\/9d743366fb269eeceaa8d60e98d289d3\"},\"headline\":\"Facture d\u2019\u00e9nergie\u00a0: hausse des co\u00fbts de distribution et transport\",\"datePublished\":\"2025-01-06T10:37:16+00:00\",\"dateModified\":\"2025-01-06T10:37:23+00:00\",\"mainEntityOfPage\":{\"@id\":\"https:\\\/\\\/www.renouvelle.be\\\/fr\\\/facture-energie-hausse-des-tarifs-de-distribution-et-transport\\\/\"},\"wordCount\":521,\"image\":{\"@id\":\"https:\\\/\\\/www.renouvelle.be\\\/fr\\\/facture-energie-hausse-des-tarifs-de-distribution-et-transport\\\/#primaryimage\"},\"thumbnailUrl\":\"https:\\\/\\\/www.renouvelle.be\\\/wp-content\\\/uploads\\\/2025\\\/01\\\/AdobeStock_484428409-scaled-e1736155070595.jpeg\",\"articleSection\":[\"Actualit\u00e9 en Belgique\"],\"inLanguage\":\"fr-FR\"},{\"@type\":\"WebPage\",\"@id\":\"https:\\\/\\\/www.renouvelle.be\\\/fr\\\/facture-energie-hausse-des-tarifs-de-distribution-et-transport\\\/\",\"url\":\"https:\\\/\\\/www.renouvelle.be\\\/fr\\\/facture-energie-hausse-des-tarifs-de-distribution-et-transport\\\/\",\"name\":\"Facture d\u2019\u00e9nergie\u00a0: hausse des co\u00fbts de distribution et transport - Renouvelle\",\"isPartOf\":{\"@id\":\"https:\\\/\\\/www.renouvelle.be\\\/fr\\\/#website\"},\"primaryImageOfPage\":{\"@id\":\"https:\\\/\\\/www.renouvelle.be\\\/fr\\\/facture-energie-hausse-des-tarifs-de-distribution-et-transport\\\/#primaryimage\"},\"image\":{\"@id\":\"https:\\\/\\\/www.renouvelle.be\\\/fr\\\/facture-energie-hausse-des-tarifs-de-distribution-et-transport\\\/#primaryimage\"},\"thumbnailUrl\":\"https:\\\/\\\/www.renouvelle.be\\\/wp-content\\\/uploads\\\/2025\\\/01\\\/AdobeStock_484428409-scaled-e1736155070595.jpeg\",\"datePublished\":\"2025-01-06T10:37:16+00:00\",\"dateModified\":\"2025-01-06T10:37:23+00:00\",\"author\":{\"@id\":\"https:\\\/\\\/www.renouvelle.be\\\/fr\\\/#\\\/schema\\\/person\\\/9d743366fb269eeceaa8d60e98d289d3\"},\"description\":\"Les factures d'\u00e9nergie des m\u00e9nages belges seront impact\u00e9es par la hausse des co\u00fbts de transport et de distribution de celle-ci.\",\"breadcrumb\":{\"@id\":\"https:\\\/\\\/www.renouvelle.be\\\/fr\\\/facture-energie-hausse-des-tarifs-de-distribution-et-transport\\\/#breadcrumb\"},\"inLanguage\":\"fr-FR\",\"potentialAction\":[{\"@type\":\"ReadAction\",\"target\":[\"https:\\\/\\\/www.renouvelle.be\\\/fr\\\/facture-energie-hausse-des-tarifs-de-distribution-et-transport\\\/\"]}]},{\"@type\":\"ImageObject\",\"inLanguage\":\"fr-FR\",\"@id\":\"https:\\\/\\\/www.renouvelle.be\\\/fr\\\/facture-energie-hausse-des-tarifs-de-distribution-et-transport\\\/#primaryimage\",\"url\":\"https:\\\/\\\/www.renouvelle.be\\\/wp-content\\\/uploads\\\/2025\\\/01\\\/AdobeStock_484428409-scaled-e1736155070595.jpeg\",\"contentUrl\":\"https:\\\/\\\/www.renouvelle.be\\\/wp-content\\\/uploads\\\/2025\\\/01\\\/AdobeStock_484428409-scaled-e1736155070595.jpeg\",\"width\":2560,\"height\":1613},{\"@type\":\"BreadcrumbList\",\"@id\":\"https:\\\/\\\/www.renouvelle.be\\\/fr\\\/facture-energie-hausse-des-tarifs-de-distribution-et-transport\\\/#breadcrumb\",\"itemListElement\":[{\"@type\":\"ListItem\",\"position\":1,\"name\":\"Accueil\",\"item\":\"https:\\\/\\\/www.renouvelle.be\\\/fr\\\/\"},{\"@type\":\"ListItem\",\"position\":2,\"name\":\"Facture d\u2019\u00e9nergie\u00a0: hausse des co\u00fbts de distribution et transport\"}]},{\"@type\":\"WebSite\",\"@id\":\"https:\\\/\\\/www.renouvelle.be\\\/fr\\\/#website\",\"url\":\"https:\\\/\\\/www.renouvelle.be\\\/fr\\\/\",\"name\":\"Renouvelle\",\"description\":\"L&#039;actualit\u00e9 de l&#039;\u00e9nergie durable\",\"potentialAction\":[{\"@type\":\"SearchAction\",\"target\":{\"@type\":\"EntryPoint\",\"urlTemplate\":\"https:\\\/\\\/www.renouvelle.be\\\/fr\\\/?s={search_term_string}\"},\"query-input\":{\"@type\":\"PropertyValueSpecification\",\"valueRequired\":true,\"valueName\":\"search_term_string\"}}],\"inLanguage\":\"fr-FR\"},{\"@type\":\"Person\",\"@id\":\"https:\\\/\\\/www.renouvelle.be\\\/fr\\\/#\\\/schema\\\/person\\\/9d743366fb269eeceaa8d60e98d289d3\",\"name\":\"Samuel Alves\",\"url\":\"https:\\\/\\\/www.renouvelle.be\\\/fr\\\/author\\\/salves\\\/\"}]}<\/script>\n<!-- \/ Yoast SEO plugin. -->","yoast_head_json":{"title":"Facture d\u2019\u00e9nergie\u00a0: hausse des co\u00fbts de distribution et transport - Renouvelle","description":"Les factures d'\u00e9nergie des m\u00e9nages belges seront impact\u00e9es par la hausse des co\u00fbts de transport et de distribution de celle-ci.","robots":{"index":"index","follow":"follow","max-snippet":"max-snippet:-1","max-image-preview":"max-image-preview:large","max-video-preview":"max-video-preview:-1"},"canonical":"https:\/\/www.renouvelle.be\/fr\/facture-energie-hausse-des-tarifs-de-distribution-et-transport\/","og_locale":"fr_FR","og_type":"article","og_title":"Facture d\u2019\u00e9nergie\u00a0: hausse des co\u00fbts de distribution et transport - Renouvelle","og_description":"Les factures d'\u00e9nergie des m\u00e9nages belges seront impact\u00e9es par la hausse des co\u00fbts de transport et de distribution de celle-ci.","og_url":"https:\/\/www.renouvelle.be\/fr\/facture-energie-hausse-des-tarifs-de-distribution-et-transport\/","og_site_name":"Renouvelle","article_published_time":"2025-01-06T10:37:16+00:00","article_modified_time":"2025-01-06T10:37:23+00:00","og_image":[{"width":2560,"height":1613,"url":"https:\/\/www.renouvelle.be\/wp-content\/uploads\/2025\/01\/AdobeStock_484428409-scaled-e1736155070595.jpeg","type":"image\/jpeg"}],"author":"Samuel Alves","twitter_card":"summary_large_image","schema":{"@context":"https:\/\/schema.org","@graph":[{"@type":"Article","@id":"https:\/\/www.renouvelle.be\/fr\/facture-energie-hausse-des-tarifs-de-distribution-et-transport\/#article","isPartOf":{"@id":"https:\/\/www.renouvelle.be\/fr\/facture-energie-hausse-des-tarifs-de-distribution-et-transport\/"},"author":{"name":"Samuel Alves","@id":"https:\/\/www.renouvelle.be\/fr\/#\/schema\/person\/9d743366fb269eeceaa8d60e98d289d3"},"headline":"Facture d\u2019\u00e9nergie\u00a0: hausse des co\u00fbts de distribution et transport","datePublished":"2025-01-06T10:37:16+00:00","dateModified":"2025-01-06T10:37:23+00:00","mainEntityOfPage":{"@id":"https:\/\/www.renouvelle.be\/fr\/facture-energie-hausse-des-tarifs-de-distribution-et-transport\/"},"wordCount":521,"image":{"@id":"https:\/\/www.renouvelle.be\/fr\/facture-energie-hausse-des-tarifs-de-distribution-et-transport\/#primaryimage"},"thumbnailUrl":"https:\/\/www.renouvelle.be\/wp-content\/uploads\/2025\/01\/AdobeStock_484428409-scaled-e1736155070595.jpeg","articleSection":["Actualit\u00e9 en Belgique"],"inLanguage":"fr-FR"},{"@type":"WebPage","@id":"https:\/\/www.renouvelle.be\/fr\/facture-energie-hausse-des-tarifs-de-distribution-et-transport\/","url":"https:\/\/www.renouvelle.be\/fr\/facture-energie-hausse-des-tarifs-de-distribution-et-transport\/","name":"Facture d\u2019\u00e9nergie\u00a0: hausse des co\u00fbts de distribution et transport - Renouvelle","isPartOf":{"@id":"https:\/\/www.renouvelle.be\/fr\/#website"},"primaryImageOfPage":{"@id":"https:\/\/www.renouvelle.be\/fr\/facture-energie-hausse-des-tarifs-de-distribution-et-transport\/#primaryimage"},"image":{"@id":"https:\/\/www.renouvelle.be\/fr\/facture-energie-hausse-des-tarifs-de-distribution-et-transport\/#primaryimage"},"thumbnailUrl":"https:\/\/www.renouvelle.be\/wp-content\/uploads\/2025\/01\/AdobeStock_484428409-scaled-e1736155070595.jpeg","datePublished":"2025-01-06T10:37:16+00:00","dateModified":"2025-01-06T10:37:23+00:00","author":{"@id":"https:\/\/www.renouvelle.be\/fr\/#\/schema\/person\/9d743366fb269eeceaa8d60e98d289d3"},"description":"Les factures d'\u00e9nergie des m\u00e9nages belges seront impact\u00e9es par la hausse des co\u00fbts de transport et de distribution de celle-ci.","breadcrumb":{"@id":"https:\/\/www.renouvelle.be\/fr\/facture-energie-hausse-des-tarifs-de-distribution-et-transport\/#breadcrumb"},"inLanguage":"fr-FR","potentialAction":[{"@type":"ReadAction","target":["https:\/\/www.renouvelle.be\/fr\/facture-energie-hausse-des-tarifs-de-distribution-et-transport\/"]}]},{"@type":"ImageObject","inLanguage":"fr-FR","@id":"https:\/\/www.renouvelle.be\/fr\/facture-energie-hausse-des-tarifs-de-distribution-et-transport\/#primaryimage","url":"https:\/\/www.renouvelle.be\/wp-content\/uploads\/2025\/01\/AdobeStock_484428409-scaled-e1736155070595.jpeg","contentUrl":"https:\/\/www.renouvelle.be\/wp-content\/uploads\/2025\/01\/AdobeStock_484428409-scaled-e1736155070595.jpeg","width":2560,"height":1613},{"@type":"BreadcrumbList","@id":"https:\/\/www.renouvelle.be\/fr\/facture-energie-hausse-des-tarifs-de-distribution-et-transport\/#breadcrumb","itemListElement":[{"@type":"ListItem","position":1,"name":"Accueil","item":"https:\/\/www.renouvelle.be\/fr\/"},{"@type":"ListItem","position":2,"name":"Facture d\u2019\u00e9nergie\u00a0: hausse des co\u00fbts de distribution et transport"}]},{"@type":"WebSite","@id":"https:\/\/www.renouvelle.be\/fr\/#website","url":"https:\/\/www.renouvelle.be\/fr\/","name":"Renouvelle","description":"L&#039;actualit\u00e9 de l&#039;\u00e9nergie durable","potentialAction":[{"@type":"SearchAction","target":{"@type":"EntryPoint","urlTemplate":"https:\/\/www.renouvelle.be\/fr\/?s={search_term_string}"},"query-input":{"@type":"PropertyValueSpecification","valueRequired":true,"valueName":"search_term_string"}}],"inLanguage":"fr-FR"},{"@type":"Person","@id":"https:\/\/www.renouvelle.be\/fr\/#\/schema\/person\/9d743366fb269eeceaa8d60e98d289d3","name":"Samuel Alves","url":"https:\/\/www.renouvelle.be\/fr\/author\/salves\/"}]}},"_links":{"self":[{"href":"https:\/\/www.renouvelle.be\/fr\/wp-json\/wp\/v2\/posts\/14491","targetHints":{"allow":["GET"]}}],"collection":[{"href":"https:\/\/www.renouvelle.be\/fr\/wp-json\/wp\/v2\/posts"}],"about":[{"href":"https:\/\/www.renouvelle.be\/fr\/wp-json\/wp\/v2\/types\/post"}],"author":[{"embeddable":true,"href":"https:\/\/www.renouvelle.be\/fr\/wp-json\/wp\/v2\/users\/38"}],"replies":[{"embeddable":true,"href":"https:\/\/www.renouvelle.be\/fr\/wp-json\/wp\/v2\/comments?post=14491"}],"version-history":[{"count":4,"href":"https:\/\/www.renouvelle.be\/fr\/wp-json\/wp\/v2\/posts\/14491\/revisions"}],"predecessor-version":[{"id":14495,"href":"https:\/\/www.renouvelle.be\/fr\/wp-json\/wp\/v2\/posts\/14491\/revisions\/14495"}],"wp:featuredmedia":[{"embeddable":true,"href":"https:\/\/www.renouvelle.be\/fr\/wp-json\/wp\/v2\/media\/14496"}],"wp:attachment":[{"href":"https:\/\/www.renouvelle.be\/fr\/wp-json\/wp\/v2\/media?parent=14491"}],"wp:term":[{"taxonomy":"category","embeddable":true,"href":"https:\/\/www.renouvelle.be\/fr\/wp-json\/wp\/v2\/categories?post=14491"},{"taxonomy":"post_tag","embeddable":true,"href":"https:\/\/www.renouvelle.be\/fr\/wp-json\/wp\/v2\/tags?post=14491"},{"taxonomy":"section","embeddable":true,"href":"https:\/\/www.renouvelle.be\/fr\/wp-json\/wp\/v2\/section?post=14491"}],"curies":[{"name":"wp","href":"https:\/\/api.w.org\/{rel}","templated":true}]}}