{"id":14474,"date":"2025-01-02T12:39:02","date_gmt":"2025-01-02T11:39:02","guid":{"rendered":"https:\/\/www.renouvelle.be\/?p=14474"},"modified":"2025-01-02T15:57:14","modified_gmt":"2025-01-02T14:57:14","slug":"la-demande-en-charbon-a-atteint-un-record-en-2024","status":"publish","type":"post","link":"https:\/\/www.renouvelle.be\/fr\/la-demande-en-charbon-a-atteint-un-record-en-2024\/","title":{"rendered":"La demande en charbon a atteint un record en 2024"},"content":{"rendered":"\n<p>Bien que sa croissance soit plus faible par rapport aux ann\u00e9es pr\u00e9c\u00e9dentes, la demande en charbon se chiffre \u00e0 un record de 8,77 milliards de tonnes en 2024. Ironie du sort, c\u2019est le secteur de l\u2019\u00e9nergie qui en a \u00e9t\u00e9 le principal consommateur pour la production d\u2019\u00e9lectricit\u00e9 (10 700 TWh). C&rsquo;est ce que nous partage l&rsquo;Agence Internationale de l&rsquo;\u00c9nergie dans un r\u00e9cent rapport.<\/p>\n\n\n\n<p>Cette demande en charbon se r\u00e9partit, bien s\u00fbr, diff\u00e9remment selon la zone g\u00e9ographique. En Inde et en Chine, par exemple, la hausse sera, respectivement, de plus de 5 % pour atteindre 1,3 Gt et de 1 %, atteignant ainsi 4,9 Gt. Un tiers de la consommation mondiale de charbon est attribu\u00e9 \u00e0 la Chine et ses centrales \u00e9lectriques. Celle-ci, comme on le sait, a de plus en plus diversifi\u00e9 ses sources d\u2019\u00e9nergie, du nucl\u00e9aire \u00e0 l\u2019\u00e9olien en passant par le solaire.<\/p>\n\n\n\n<p>L&rsquo;Union europ\u00e9enne et les \u00c9tats-Unis poursuivent leur d\u00e9croissance de consommation mais \u00e0 un rythme plus mod\u00e9r\u00e9 qu\u2019auparavant (12 % et 5 % en 2024 contre 23 % et 17 % l\u2019ann\u00e9e pr\u00e9c\u00e9dente).<\/p>\n\n\n\n<p>Malgr\u00e9 ce record dont on se serait bien pass\u00e9, la demande en charbon devrait se stabiliser en 2027 \u00e0 un niveau de 8,87 milliards de tonnes. Malheureusement, on ne peut pas en dire autant des \u00e9missions de CO\u2082 li\u00e9es au charbon qui ne devraient pas diminuer, et cela d\u00fb \u00e0 un manque de progr\u00e8s technologique suffisant en mati\u00e8re de capture et stockage du carbone.<\/p>\n\n\n\n<p>D&rsquo;ici l\u00e0, les fluctuations annuelles de la demande mondiale de charbon resteront modestes, avec une augmentation pr\u00e9vue en Inde de 50 millions de tonnes, et une baisse de 68 millions de tonnes dans l&rsquo;Union europ\u00e9enne. En Chine, les conditions m\u00e9t\u00e9orologiques pourraient fortement influencer la demande, avec des variations potentielles de 140 millions de tonnes.<\/p>\n\n\n\n<p>Malgr\u00e9 la diminution du prix du charbon depuis 2021, il reste malgr\u00e9 tout sup\u00e9rieur de 50 % \u00e0 celui de la p\u00e9riode 2017-2019, permettant aux exportateurs de continuer \u00e0 r\u00e9aliser des profits.<\/p>\n\n\n\n<p>Une situation qui d\u00e9montre encore et toujours que nous devons rester vigilants concernant la <a href=\"https:\/\/www.renouvelle.be\/fr\/capacite-renouvelable-mondiale-pas-loin-dun-triplement-dici-2030\/\" target=\"_blank\" rel=\"noreferrer noopener\">transition \u00e9nerg\u00e9tique<\/a> et ne pas la prendre pour acquise en continuant d\u2019opter et d\u2019appliquer des politiques ambitieuses et fermes en la mati\u00e8re.<\/p>\n\n\n\n<p>L&rsquo;int\u00e9gralit\u00e9 du rapport de l&rsquo;AIE est lire <a href=\"https:\/\/www.iea.org\/reports\/coal-2024\" target=\"_blank\" rel=\"noreferrer noopener\">ici<\/a>.<\/p>\n\n\n\n<p><\/p>\n","protected":false},"excerpt":{"rendered":"<p>Bien que sa croissance soit plus faible par rapport aux ann\u00e9es pr\u00e9c\u00e9dentes, la demande en charbon se chiffre \u00e0 un record de 8,77 milliards de tonnes en 2024. Ironie du sort, c\u2019est le secteur de l\u2019\u00e9nergie qui en a \u00e9t\u00e9 le principal consommateur pour la production d\u2019\u00e9lectricit\u00e9 (10 700 TWh). C&rsquo;est ce que nous partage l&rsquo;Agence Internationale de l&rsquo;\u00c9nergie dans un r\u00e9cent rapport. Cette demande en charbon se r\u00e9partit, bien s\u00fbr, diff\u00e9remment selon la zone g\u00e9ographique. En Inde et en Chine, par exemple, la hausse sera, respectivement, de plus de 5 % pour atteindre 1,3 Gt et de 1 %, atteignant ainsi 4,9 Gt. Un tiers de la consommation mondiale de charbon est attribu\u00e9 \u00e0 la Chine et ses centrales \u00e9lectriques. Celle-ci, comme on le sait, a de plus en plus diversifi\u00e9 ses sources d\u2019\u00e9nergie, du nucl\u00e9aire \u00e0 l\u2019\u00e9olien en passant par le solaire. L&rsquo;Union europ\u00e9enne et les \u00c9tats-Unis poursuivent leur d\u00e9croissance de consommation mais \u00e0 un rythme plus mod\u00e9r\u00e9 qu\u2019auparavant (12 % et 5 % en 2024 contre 23 % et 17 % l\u2019ann\u00e9e pr\u00e9c\u00e9dente). Malgr\u00e9 ce record dont on se serait bien pass\u00e9, la demande en charbon devrait se stabiliser en 2027 \u00e0 un niveau de 8,87 milliards de tonnes. Malheureusement, on ne peut pas en dire autant des \u00e9missions de CO\u2082 li\u00e9es au charbon qui ne devraient pas diminuer, et cela d\u00fb \u00e0 un manque de progr\u00e8s technologique suffisant en mati\u00e8re de capture et stockage du carbone. D&rsquo;ici l\u00e0, les fluctuations annuelles de la demande mondiale de charbon resteront modestes, avec une augmentation pr\u00e9vue en Inde de 50 millions de tonnes, et une baisse de 68 millions de tonnes dans l&rsquo;Union europ\u00e9enne. En Chine, les conditions m\u00e9t\u00e9orologiques pourraient fortement influencer la demande, avec des variations potentielles de &hellip; <a href=\"https:\/\/www.renouvelle.be\/fr\/la-demande-en-charbon-a-atteint-un-record-en-2024\/\" class=\"more-link\">Continue reading<span class=\"screen-reader-text\"> \u00ab\u00a0La demande en charbon a atteint un record en 2024\u00a0\u00bb<\/span><\/a><\/p>\n","protected":false},"author":38,"featured_media":14478,"comment_status":"closed","ping_status":"closed","sticky":false,"template":"","format":"standard","meta":{"_acf_changed":false,"footnotes":""},"categories":[18],"tags":[],"section":[8],"class_list":["post-14474","post","type-post","status-publish","format-standard","has-post-thumbnail","hentry","category-actualite-internationale","section-energie-renouvelables"],"acf":[],"yoast_head":"<!-- This site is optimized with the Yoast SEO plugin v27.5 - https:\/\/yoast.com\/product\/yoast-seo-wordpress\/ -->\n<title>La demande en charbon a atteint un record en 2024 - Renouvelle<\/title>\n<meta name=\"description\" content=\"Le monde semble encore tr\u00e8s accroch\u00e9 au charbon. Cela s&#039;est traduit par une demande record pour l&#039;ann\u00e9e 2024.\" \/>\n<meta name=\"robots\" content=\"index, follow, max-snippet:-1, max-image-preview:large, max-video-preview:-1\" \/>\n<link rel=\"canonical\" href=\"https:\/\/www.renouvelle.be\/fr\/la-demande-en-charbon-a-atteint-un-record-en-2024\/\" \/>\n<meta property=\"og:locale\" content=\"fr_FR\" \/>\n<meta property=\"og:type\" content=\"article\" \/>\n<meta property=\"og:title\" content=\"La demande en charbon a atteint un record en 2024 - Renouvelle\" \/>\n<meta property=\"og:description\" content=\"Le monde semble encore tr\u00e8s accroch\u00e9 au charbon. Cela s&#039;est traduit par une demande record pour l&#039;ann\u00e9e 2024.\" \/>\n<meta property=\"og:url\" content=\"https:\/\/www.renouvelle.be\/fr\/la-demande-en-charbon-a-atteint-un-record-en-2024\/\" \/>\n<meta property=\"og:site_name\" content=\"Renouvelle\" \/>\n<meta property=\"article:published_time\" content=\"2025-01-02T11:39:02+00:00\" \/>\n<meta property=\"article:modified_time\" content=\"2025-01-02T14:57:14+00:00\" \/>\n<meta property=\"og:image\" content=\"https:\/\/www.renouvelle.be\/wp-content\/uploads\/2024\/12\/AdobeStock_231408631-scaled-e1734701048270.jpeg\" \/>\n\t<meta property=\"og:image:width\" content=\"2560\" \/>\n\t<meta property=\"og:image:height\" content=\"1472\" \/>\n\t<meta property=\"og:image:type\" content=\"image\/jpeg\" \/>\n<meta name=\"author\" content=\"Samuel Alves\" \/>\n<meta name=\"twitter:card\" content=\"summary_large_image\" \/>\n<script type=\"application\/ld+json\" class=\"yoast-schema-graph\">{\"@context\":\"https:\\\/\\\/schema.org\",\"@graph\":[{\"@type\":\"Article\",\"@id\":\"https:\\\/\\\/www.renouvelle.be\\\/fr\\\/la-demande-en-charbon-a-atteint-un-record-en-2024\\\/#article\",\"isPartOf\":{\"@id\":\"https:\\\/\\\/www.renouvelle.be\\\/fr\\\/la-demande-en-charbon-a-atteint-un-record-en-2024\\\/\"},\"author\":{\"name\":\"Samuel Alves\",\"@id\":\"https:\\\/\\\/www.renouvelle.be\\\/fr\\\/#\\\/schema\\\/person\\\/9d743366fb269eeceaa8d60e98d289d3\"},\"headline\":\"La demande en charbon a atteint un record en 2024\",\"datePublished\":\"2025-01-02T11:39:02+00:00\",\"dateModified\":\"2025-01-02T14:57:14+00:00\",\"mainEntityOfPage\":{\"@id\":\"https:\\\/\\\/www.renouvelle.be\\\/fr\\\/la-demande-en-charbon-a-atteint-un-record-en-2024\\\/\"},\"wordCount\":390,\"image\":{\"@id\":\"https:\\\/\\\/www.renouvelle.be\\\/fr\\\/la-demande-en-charbon-a-atteint-un-record-en-2024\\\/#primaryimage\"},\"thumbnailUrl\":\"https:\\\/\\\/www.renouvelle.be\\\/wp-content\\\/uploads\\\/2024\\\/12\\\/AdobeStock_231408631-scaled-e1734701048270.jpeg\",\"articleSection\":[\"Actualit\u00e9 internationale\"],\"inLanguage\":\"fr-FR\"},{\"@type\":\"WebPage\",\"@id\":\"https:\\\/\\\/www.renouvelle.be\\\/fr\\\/la-demande-en-charbon-a-atteint-un-record-en-2024\\\/\",\"url\":\"https:\\\/\\\/www.renouvelle.be\\\/fr\\\/la-demande-en-charbon-a-atteint-un-record-en-2024\\\/\",\"name\":\"La demande en charbon a atteint un record en 2024 - Renouvelle\",\"isPartOf\":{\"@id\":\"https:\\\/\\\/www.renouvelle.be\\\/fr\\\/#website\"},\"primaryImageOfPage\":{\"@id\":\"https:\\\/\\\/www.renouvelle.be\\\/fr\\\/la-demande-en-charbon-a-atteint-un-record-en-2024\\\/#primaryimage\"},\"image\":{\"@id\":\"https:\\\/\\\/www.renouvelle.be\\\/fr\\\/la-demande-en-charbon-a-atteint-un-record-en-2024\\\/#primaryimage\"},\"thumbnailUrl\":\"https:\\\/\\\/www.renouvelle.be\\\/wp-content\\\/uploads\\\/2024\\\/12\\\/AdobeStock_231408631-scaled-e1734701048270.jpeg\",\"datePublished\":\"2025-01-02T11:39:02+00:00\",\"dateModified\":\"2025-01-02T14:57:14+00:00\",\"author\":{\"@id\":\"https:\\\/\\\/www.renouvelle.be\\\/fr\\\/#\\\/schema\\\/person\\\/9d743366fb269eeceaa8d60e98d289d3\"},\"description\":\"Le monde semble encore tr\u00e8s accroch\u00e9 au charbon. Cela s'est traduit par une demande record pour l'ann\u00e9e 2024.\",\"breadcrumb\":{\"@id\":\"https:\\\/\\\/www.renouvelle.be\\\/fr\\\/la-demande-en-charbon-a-atteint-un-record-en-2024\\\/#breadcrumb\"},\"inLanguage\":\"fr-FR\",\"potentialAction\":[{\"@type\":\"ReadAction\",\"target\":[\"https:\\\/\\\/www.renouvelle.be\\\/fr\\\/la-demande-en-charbon-a-atteint-un-record-en-2024\\\/\"]}]},{\"@type\":\"ImageObject\",\"inLanguage\":\"fr-FR\",\"@id\":\"https:\\\/\\\/www.renouvelle.be\\\/fr\\\/la-demande-en-charbon-a-atteint-un-record-en-2024\\\/#primaryimage\",\"url\":\"https:\\\/\\\/www.renouvelle.be\\\/wp-content\\\/uploads\\\/2024\\\/12\\\/AdobeStock_231408631-scaled-e1734701048270.jpeg\",\"contentUrl\":\"https:\\\/\\\/www.renouvelle.be\\\/wp-content\\\/uploads\\\/2024\\\/12\\\/AdobeStock_231408631-scaled-e1734701048270.jpeg\",\"width\":2560,\"height\":1472},{\"@type\":\"BreadcrumbList\",\"@id\":\"https:\\\/\\\/www.renouvelle.be\\\/fr\\\/la-demande-en-charbon-a-atteint-un-record-en-2024\\\/#breadcrumb\",\"itemListElement\":[{\"@type\":\"ListItem\",\"position\":1,\"name\":\"Accueil\",\"item\":\"https:\\\/\\\/www.renouvelle.be\\\/fr\\\/\"},{\"@type\":\"ListItem\",\"position\":2,\"name\":\"La demande en charbon a atteint un record en 2024\"}]},{\"@type\":\"WebSite\",\"@id\":\"https:\\\/\\\/www.renouvelle.be\\\/fr\\\/#website\",\"url\":\"https:\\\/\\\/www.renouvelle.be\\\/fr\\\/\",\"name\":\"Renouvelle\",\"description\":\"L&#039;actualit\u00e9 de l&#039;\u00e9nergie durable\",\"potentialAction\":[{\"@type\":\"SearchAction\",\"target\":{\"@type\":\"EntryPoint\",\"urlTemplate\":\"https:\\\/\\\/www.renouvelle.be\\\/fr\\\/?s={search_term_string}\"},\"query-input\":{\"@type\":\"PropertyValueSpecification\",\"valueRequired\":true,\"valueName\":\"search_term_string\"}}],\"inLanguage\":\"fr-FR\"},{\"@type\":\"Person\",\"@id\":\"https:\\\/\\\/www.renouvelle.be\\\/fr\\\/#\\\/schema\\\/person\\\/9d743366fb269eeceaa8d60e98d289d3\",\"name\":\"Samuel Alves\",\"url\":\"https:\\\/\\\/www.renouvelle.be\\\/fr\\\/author\\\/salves\\\/\"}]}<\/script>\n<!-- \/ Yoast SEO plugin. -->","yoast_head_json":{"title":"La demande en charbon a atteint un record en 2024 - Renouvelle","description":"Le monde semble encore tr\u00e8s accroch\u00e9 au charbon. Cela s'est traduit par une demande record pour l'ann\u00e9e 2024.","robots":{"index":"index","follow":"follow","max-snippet":"max-snippet:-1","max-image-preview":"max-image-preview:large","max-video-preview":"max-video-preview:-1"},"canonical":"https:\/\/www.renouvelle.be\/fr\/la-demande-en-charbon-a-atteint-un-record-en-2024\/","og_locale":"fr_FR","og_type":"article","og_title":"La demande en charbon a atteint un record en 2024 - Renouvelle","og_description":"Le monde semble encore tr\u00e8s accroch\u00e9 au charbon. Cela s'est traduit par une demande record pour l'ann\u00e9e 2024.","og_url":"https:\/\/www.renouvelle.be\/fr\/la-demande-en-charbon-a-atteint-un-record-en-2024\/","og_site_name":"Renouvelle","article_published_time":"2025-01-02T11:39:02+00:00","article_modified_time":"2025-01-02T14:57:14+00:00","og_image":[{"width":2560,"height":1472,"url":"https:\/\/www.renouvelle.be\/wp-content\/uploads\/2024\/12\/AdobeStock_231408631-scaled-e1734701048270.jpeg","type":"image\/jpeg"}],"author":"Samuel Alves","twitter_card":"summary_large_image","schema":{"@context":"https:\/\/schema.org","@graph":[{"@type":"Article","@id":"https:\/\/www.renouvelle.be\/fr\/la-demande-en-charbon-a-atteint-un-record-en-2024\/#article","isPartOf":{"@id":"https:\/\/www.renouvelle.be\/fr\/la-demande-en-charbon-a-atteint-un-record-en-2024\/"},"author":{"name":"Samuel Alves","@id":"https:\/\/www.renouvelle.be\/fr\/#\/schema\/person\/9d743366fb269eeceaa8d60e98d289d3"},"headline":"La demande en charbon a atteint un record en 2024","datePublished":"2025-01-02T11:39:02+00:00","dateModified":"2025-01-02T14:57:14+00:00","mainEntityOfPage":{"@id":"https:\/\/www.renouvelle.be\/fr\/la-demande-en-charbon-a-atteint-un-record-en-2024\/"},"wordCount":390,"image":{"@id":"https:\/\/www.renouvelle.be\/fr\/la-demande-en-charbon-a-atteint-un-record-en-2024\/#primaryimage"},"thumbnailUrl":"https:\/\/www.renouvelle.be\/wp-content\/uploads\/2024\/12\/AdobeStock_231408631-scaled-e1734701048270.jpeg","articleSection":["Actualit\u00e9 internationale"],"inLanguage":"fr-FR"},{"@type":"WebPage","@id":"https:\/\/www.renouvelle.be\/fr\/la-demande-en-charbon-a-atteint-un-record-en-2024\/","url":"https:\/\/www.renouvelle.be\/fr\/la-demande-en-charbon-a-atteint-un-record-en-2024\/","name":"La demande en charbon a atteint un record en 2024 - Renouvelle","isPartOf":{"@id":"https:\/\/www.renouvelle.be\/fr\/#website"},"primaryImageOfPage":{"@id":"https:\/\/www.renouvelle.be\/fr\/la-demande-en-charbon-a-atteint-un-record-en-2024\/#primaryimage"},"image":{"@id":"https:\/\/www.renouvelle.be\/fr\/la-demande-en-charbon-a-atteint-un-record-en-2024\/#primaryimage"},"thumbnailUrl":"https:\/\/www.renouvelle.be\/wp-content\/uploads\/2024\/12\/AdobeStock_231408631-scaled-e1734701048270.jpeg","datePublished":"2025-01-02T11:39:02+00:00","dateModified":"2025-01-02T14:57:14+00:00","author":{"@id":"https:\/\/www.renouvelle.be\/fr\/#\/schema\/person\/9d743366fb269eeceaa8d60e98d289d3"},"description":"Le monde semble encore tr\u00e8s accroch\u00e9 au charbon. Cela s'est traduit par une demande record pour l'ann\u00e9e 2024.","breadcrumb":{"@id":"https:\/\/www.renouvelle.be\/fr\/la-demande-en-charbon-a-atteint-un-record-en-2024\/#breadcrumb"},"inLanguage":"fr-FR","potentialAction":[{"@type":"ReadAction","target":["https:\/\/www.renouvelle.be\/fr\/la-demande-en-charbon-a-atteint-un-record-en-2024\/"]}]},{"@type":"ImageObject","inLanguage":"fr-FR","@id":"https:\/\/www.renouvelle.be\/fr\/la-demande-en-charbon-a-atteint-un-record-en-2024\/#primaryimage","url":"https:\/\/www.renouvelle.be\/wp-content\/uploads\/2024\/12\/AdobeStock_231408631-scaled-e1734701048270.jpeg","contentUrl":"https:\/\/www.renouvelle.be\/wp-content\/uploads\/2024\/12\/AdobeStock_231408631-scaled-e1734701048270.jpeg","width":2560,"height":1472},{"@type":"BreadcrumbList","@id":"https:\/\/www.renouvelle.be\/fr\/la-demande-en-charbon-a-atteint-un-record-en-2024\/#breadcrumb","itemListElement":[{"@type":"ListItem","position":1,"name":"Accueil","item":"https:\/\/www.renouvelle.be\/fr\/"},{"@type":"ListItem","position":2,"name":"La demande en charbon a atteint un record en 2024"}]},{"@type":"WebSite","@id":"https:\/\/www.renouvelle.be\/fr\/#website","url":"https:\/\/www.renouvelle.be\/fr\/","name":"Renouvelle","description":"L&#039;actualit\u00e9 de l&#039;\u00e9nergie durable","potentialAction":[{"@type":"SearchAction","target":{"@type":"EntryPoint","urlTemplate":"https:\/\/www.renouvelle.be\/fr\/?s={search_term_string}"},"query-input":{"@type":"PropertyValueSpecification","valueRequired":true,"valueName":"search_term_string"}}],"inLanguage":"fr-FR"},{"@type":"Person","@id":"https:\/\/www.renouvelle.be\/fr\/#\/schema\/person\/9d743366fb269eeceaa8d60e98d289d3","name":"Samuel Alves","url":"https:\/\/www.renouvelle.be\/fr\/author\/salves\/"}]}},"_links":{"self":[{"href":"https:\/\/www.renouvelle.be\/fr\/wp-json\/wp\/v2\/posts\/14474","targetHints":{"allow":["GET"]}}],"collection":[{"href":"https:\/\/www.renouvelle.be\/fr\/wp-json\/wp\/v2\/posts"}],"about":[{"href":"https:\/\/www.renouvelle.be\/fr\/wp-json\/wp\/v2\/types\/post"}],"author":[{"embeddable":true,"href":"https:\/\/www.renouvelle.be\/fr\/wp-json\/wp\/v2\/users\/38"}],"replies":[{"embeddable":true,"href":"https:\/\/www.renouvelle.be\/fr\/wp-json\/wp\/v2\/comments?post=14474"}],"version-history":[{"count":12,"href":"https:\/\/www.renouvelle.be\/fr\/wp-json\/wp\/v2\/posts\/14474\/revisions"}],"predecessor-version":[{"id":14490,"href":"https:\/\/www.renouvelle.be\/fr\/wp-json\/wp\/v2\/posts\/14474\/revisions\/14490"}],"wp:featuredmedia":[{"embeddable":true,"href":"https:\/\/www.renouvelle.be\/fr\/wp-json\/wp\/v2\/media\/14478"}],"wp:attachment":[{"href":"https:\/\/www.renouvelle.be\/fr\/wp-json\/wp\/v2\/media?parent=14474"}],"wp:term":[{"taxonomy":"category","embeddable":true,"href":"https:\/\/www.renouvelle.be\/fr\/wp-json\/wp\/v2\/categories?post=14474"},{"taxonomy":"post_tag","embeddable":true,"href":"https:\/\/www.renouvelle.be\/fr\/wp-json\/wp\/v2\/tags?post=14474"},{"taxonomy":"section","embeddable":true,"href":"https:\/\/www.renouvelle.be\/fr\/wp-json\/wp\/v2\/section?post=14474"}],"curies":[{"name":"wp","href":"https:\/\/api.w.org\/{rel}","templated":true}]}}