{"id":14441,"date":"2024-12-12T13:14:41","date_gmt":"2024-12-12T12:14:41","guid":{"rendered":"https:\/\/www.renouvelle.be\/?p=14441"},"modified":"2024-12-17T11:59:08","modified_gmt":"2024-12-17T10:59:08","slug":"pourra-t-on-remplacer-le-gaz-naturel-par-du-biogaz-en-europe","status":"publish","type":"post","link":"https:\/\/www.renouvelle.be\/fr\/pourra-t-on-remplacer-le-gaz-naturel-par-du-biogaz-en-europe\/","title":{"rendered":"Pourra-t-on remplacer le gaz naturel par du biogaz\u00a0en Europe ?"},"content":{"rendered":"\n<p>En 2021, elle en importait 150 milliards de m\u00b3 de gaz, soit un peu plus de 40% des importations totales europ\u00e9ennes. En 2023, on n\u2019en comptait plus que 43 milliards de m<sup>3<\/sup>, achemin\u00e9s majoritairement par gazoduc, mais aussi par bateau sous forme liqu\u00e9fi\u00e9e.<\/p>\n\n\n<div class=\"wp-block-image\">\n<figure class=\"aligncenter size-large\"><img loading=\"lazy\" decoding=\"async\" width=\"1024\" height=\"365\" src=\"https:\/\/www.renouvelle.be\/wp-content\/uploads\/2024\/12\/Image01-1024x365.jpg\" alt=\"\" class=\"wp-image-14445\" srcset=\"https:\/\/www.renouvelle.be\/wp-content\/uploads\/2024\/12\/Image01-1024x365.jpg 1024w, https:\/\/www.renouvelle.be\/wp-content\/uploads\/2024\/12\/Image01-300x107.jpg 300w, https:\/\/www.renouvelle.be\/wp-content\/uploads\/2024\/12\/Image01-768x273.jpg 768w, https:\/\/www.renouvelle.be\/wp-content\/uploads\/2024\/12\/Image01-1200x427.jpg 1200w, https:\/\/www.renouvelle.be\/wp-content\/uploads\/2024\/12\/Image01.jpg 1267w\" sizes=\"auto, (max-width: 1024px) 100vw, 1024px\" \/><figcaption class=\"wp-element-caption\">Source : Commission europ\u00e9enne, sur la base de REGRT-G et Refinitiv<\/figcaption><\/figure>\n<\/div>\n\n\n<p>Cette baisse d\u2019importation est le r\u00e9sultat d\u2019une combinaison de d\u00e9cisions politiques&nbsp;:<\/p>\n\n\n\n<ul class=\"wp-block-list\">\n<li>Modification des approvisionnements, gr\u00e2ce \u00e0 l\u2019importation de gaz liqu\u00e9fi\u00e9 (\u00c9tats-Unis) et par gazoduc (Norv\u00e8ge)<\/li>\n\n\n\n<li>L\u2019\u00e9conomie d\u2019\u00e9nergie gr\u00e2ce \u00e0 l\u2019efficacit\u00e9 et la sobri\u00e9t\u00e9<\/li>\n\n\n\n<li>Le remplacement du gaz par d\u2019autres formes d\u2019hydrocarbures<\/li>\n\n\n\n<li>Des investissements dans les \u00e9nergies renouvelables (\u00e9lectricit\u00e9, chaleur et gaz renouvelable)<\/li>\n<\/ul>\n\n\n\n<p>Le gaz naturel est principalement utilis\u00e9 en Europe pour la production d\u2019\u00e9lectricit\u00e9, le chauffage des habitations, et l\u2019industrie pour des usages non \u00e9nerg\u00e9tiques.<\/p>\n\n\n\n<h2 class=\"wp-block-heading\">Le biogaz une solution pour les industries d&rsquo;Europe<\/h2>\n\n\n\n<p>L\u2019\u00e9lectrification de nos besoins de mobilit\u00e9 et de chaleur combin\u00e9e \u00e0 une production d\u2019\u00e9lectricit\u00e9 renouvelable permet de r\u00e9duire notre d\u00e9pendance aux \u00e9nergies fossiles, et donc aux importations des pays ext\u00e9rieurs \u00e0 l\u2019UE.<\/p>\n\n\n\n<p>Mais l\u2019\u00e9lectrification ne sera pas aussi simple pour nos industries, qui ont des besoins sp\u00e9cifiques, en chaleur ou en mol\u00e9cules, soumis \u00e0 des contraintes techniques de processus qui rendent la transformation complexe. &nbsp;Pour la fabrication du verre plat, par exemple, les fours, qui fonctionnent \u00e0 plusieurs centaines de degr\u00e9s, aliment\u00e9 en gaz pour la combustion, sont arr\u00eat\u00e9s une seule fois tous les 20 ans pour des maintenances. Un arr\u00eat pour une modernisation de l\u2019appareil industriel pourrait engendrer plus de 6 mois d\u2019arr\u00eats de production.<\/p>\n\n\n\n<p>Int\u00e9grer du biom\u00e9thane dans les industries permettrait de limiter ces changements. Dans la consommation future de nos industries, le biom\u00e9thane ne serait pas la seule mol\u00e9cule utilis\u00e9e et serait combin\u00e9 \u00e0 d\u2019autres mol\u00e9cules synth\u00e9tiques produites notamment \u00e0 partir d\u2019\u00e9lectricit\u00e9 (\u00e9lectrolyse de l\u2019eau). Mais le biom\u00e9thane reste \u00e0 ce jour la mol\u00e9cule verte la plus fabriqu\u00e9 en Europe.<\/p>\n\n\n\n<p>Son acheminement jusqu\u2019aux sites industriels pose aussi question \u00e9tant donn\u00e9 la localisation de son gisement principalement situ\u00e9 en campagne, loin des grands r\u00e9seaux de transport de gaz.<\/p>\n\n\n\n<h2 class=\"wp-block-heading\">Le gisement europ\u00e9en et belge<\/h2>\n\n\n\n<p>L\u2019Europe dispose d\u2019un potentiel de biom\u00e9thane encore sous exploit\u00e9. Il est g\u00e9n\u00e9ralement produit par la d\u00e9composition de mati\u00e8re organique issue des fermes, des industries, ou de l\u2019\u00e9puration des eaux us\u00e9es. La capture du CO<sub>2<\/sub> durant la croissance des v\u00e9g\u00e9taux qui sont \u00e0 l\u2019origine de cette mati\u00e8re organique permet de caract\u00e9riser le biom\u00e9thane comme \u00e9tant un gaz \u00e0 faible impact CO<sub>2<\/sub> (hormis l\u2019\u00e9nergie qui aura \u00e9t\u00e9 n\u00e9cessaire pour l\u2019infrastructure et le transport de ce gaz).<\/p>\n\n\n\n<p>Aujourd\u2019hui nous consommons l\u2019\u00e9quivalent de 4 milliards de m\u00b3 de gaz sous forme de biom\u00e9thane, et nous br\u00fblons directement dans des cog\u00e9n\u00e9rations l\u2019\u00e9quivalent de 17 milliards de m\u00b3 de biogaz.<\/p>\n\n\n\n<p>Dans son dernier rapport, <a href=\"https:\/\/www.europeanbiogas.eu\/\" target=\"_blank\" rel=\"noreferrer noopener\">l\u2019association europ\u00e9enne du biogaz<\/a> a estim\u00e9 \u00e0 44 milliards de m\u00b3 la production potentielle de biom\u00e9thane en Europe, d\u2019ici 2030. Elle l&rsquo;\u00e9value m\u00eame \u00e0 111 milliards de m\u00b3 en 2040 et 150 milliards m\u00b3 en 2050. On pourrait ainsi produire jusqu\u2019\u00e0 50% de nos besoins actuels en gaz, et donc diminuer la d\u00e9pendance europ\u00e9enne vis-\u00e0-vis de pays exportateurs.<\/p>\n\n\n\n<p>Parmi les solutions de production de biom\u00e9thane, la <a href=\"https:\/\/www.renouvelle.be\/fr\/biomethanisation-wallonie-ou-en-est-on\/\" target=\"_blank\" rel=\"noreferrer noopener\">biom\u00e9thanisation ana\u00e9robie<\/a> que l\u2019on peut voir dans quelques fermes wallonnes, semble la plus prometteuse.<\/p>\n\n\n\n<p>Une autre technique moins r\u00e9pandue chez nous se base sur la combustion de mati\u00e8re ligneuse (r\u00e9sidus et d\u00e9chet de bois) par pyrolyse (en l\u2019absence d\u2019oxyg\u00e8ne). Il y aurait plus de potentiel pour cette derni\u00e8re dans les pays nordiques, ayant moins de surfaces cultivables et une industrie foresti\u00e8re importante.<\/p>\n\n\n\n<p><a href=\"#_ftnref3\" id=\"_ftn3\"><\/a>&nbsp;<\/p>\n\n\n<div class=\"wp-block-image\">\n<figure class=\"aligncenter size-large\"><img loading=\"lazy\" decoding=\"async\" width=\"1024\" height=\"371\" src=\"https:\/\/www.renouvelle.be\/wp-content\/uploads\/2024\/12\/Image02-1024x371.jpg\" alt=\"\" class=\"wp-image-14447\" srcset=\"https:\/\/www.renouvelle.be\/wp-content\/uploads\/2024\/12\/Image02-1024x371.jpg 1024w, https:\/\/www.renouvelle.be\/wp-content\/uploads\/2024\/12\/Image02-300x109.jpg 300w, https:\/\/www.renouvelle.be\/wp-content\/uploads\/2024\/12\/Image02-768x278.jpg 768w, https:\/\/www.renouvelle.be\/wp-content\/uploads\/2024\/12\/Image02-1200x435.jpg 1200w, https:\/\/www.renouvelle.be\/wp-content\/uploads\/2024\/12\/Image02.jpg 1225w\" sizes=\"auto, (max-width: 1024px) 100vw, 1024px\" \/><figcaption class=\"wp-element-caption\">Source : <a href=\"https:\/\/www.europeanbiogas.eu\/wp-content\/uploads\/2024\/04\/Biogases-towards-2040-and-beyond_FINAL.pdf\" target=\"_blank\" rel=\"noreferrer noopener\">European Biogas Association<\/a><\/figcaption><\/figure>\n<\/div>\n\n\n<p>En Belgique, Valbiom et Gaz.be ont \u00e9valu\u00e9 \u00e0 15,6 TWh un gisement de biom\u00e9thane injectable dans nos r\u00e9seaux, soit l\u2019\u00e9quivalent de 10% de notre consommation annuelle de gaz naturel. Il d\u00e9pendrait \u00e0 la fois de la quantit\u00e9 de mati\u00e8re r\u00e9siduelle existante (d\u00e9chets verts, effluents d\u2019\u00e9levage, boues d\u2019\u00e9puration, etc), des surproductions de cultures d\u00e9di\u00e9es \u00e0 la biom\u00e9thanisation mais surtout du r\u00e9seau de gaz pouvant l\u2019accueillir. \u00a0Ils ont tenu compte dans leur \u00e9tude des contraintes d\u2019usage des sols ainsi que des limites techniques, sociales et agronomiques. Les limites impos\u00e9es permettent de ne pas substituer la production agricole actuelle destin\u00e9e \u00e0 l\u2019\u00e9levage et \u00e0 la culture, pour des cultures \u00e0 vocation \u00e9nerg\u00e9tique.<\/p>\n\n\n\n<p>Le gisement de biom\u00e9thanisation injectable dans le r\u00e9seau de gaz serait r\u00e9parti \u00e0 53% en Wallonie et 46,5% en Flandre, avec une part marginale pour la r\u00e9gion Bruxelloise.<\/p>\n\n\n<div class=\"wp-block-image\">\n<figure class=\"aligncenter size-full\"><img loading=\"lazy\" decoding=\"async\" width=\"714\" height=\"535\" src=\"https:\/\/www.renouvelle.be\/wp-content\/uploads\/2024\/12\/Image03.jpg\" alt=\"\" class=\"wp-image-14450\" srcset=\"https:\/\/www.renouvelle.be\/wp-content\/uploads\/2024\/12\/Image03.jpg 714w, https:\/\/www.renouvelle.be\/wp-content\/uploads\/2024\/12\/Image03-300x225.jpg 300w\" sizes=\"auto, (max-width: 714px) 100vw, 714px\" \/><figcaption class=\"wp-element-caption\">Source : Gaz.be<\/figcaption><\/figure>\n<\/div>\n\n\n<p>En Wallonie, le biom\u00e9thane pourrait alimenter 50% de son r\u00e9seau de distribution. Certaines communes rurales, comme Bastogne, pourraient avoir une part de gaz bien plus \u00e9lev\u00e9e car elles sont assises sur des potentiels tr\u00e8s important. Cependant, le maillage du r\u00e9seau et la consommation fortement domestique en limitent l\u2019usage, en grande partie, aux besoins hivernaux. D\u2019autres villes comme Li\u00e8ge, Mons et Charleroi utiliseraient tout leur potentiel.<\/p>\n\n\n\n<h2 class=\"wp-block-heading\">L&rsquo;avenir du biogaz en Belgique<\/h2>\n\n\n\n<p>En Belgique, la biom\u00e9thanisation serait majoritairement issue des r\u00e9sidus agricoles (80%). Leur transformation en biogaz cr\u00e9erait un mod\u00e8le circulaire au niveau rural, une \u00e9conomie locale et apporterait plus de r\u00e9silience aux territoires isol\u00e9s. Pour cela, le secteur aura besoin d\u2019\u00eatre soutenu car les co\u00fbts de fabrication du biogaz et du biom\u00e9thane sont encore sup\u00e9rieurs \u00e0 ceux, plus faibles, des \u00e9nergies fossiles (encore trop fortement <a href=\"https:\/\/www.renouvelle.be\/fr\/en-belgique-les-energies-fossiles-carburent-aux-subventions\/\" target=\"_blank\" rel=\"noreferrer noopener\">subventionn\u00e9es<\/a>). On estime ainsi le co\u00fbt de production du biom\u00e9thane entre 80 et 115\u20ac\/MWh, alors qu\u2019il est aujourd\u2019hui \u00e9chang\u00e9 \u00e0 20-30\u20ac sur les march\u00e9s pour le gaz naturel d\u2019origine fossile.<\/p>\n\n\n\n<p>Bien qu\u2019il s\u2019agisse d\u2019une solution \u00e0 ne pas n\u00e9gliger pour la transition \u00e9nerg\u00e9tique, il faut garder \u00e0 l\u2019esprit que les ressources en surfaces agricoles de notre pays sont 2,5 fois inf\u00e9rieures par habitant compar\u00e9es \u00e0 la moyenne europ\u00e9enne. Les utiliser toutes pour la fabrication de biogaz ne suffirait pas \u00e0 g\u00e9n\u00e9rer plus de la moiti\u00e9 de la consommation de gaz actuelle. Afin de parvenir \u00e0 la neutralit\u00e9 carbone, il est donc toujours essentiel de diminuer notre consommation \u00e9nerg\u00e9tique.<\/p>\n","protected":false},"excerpt":{"rendered":"<p>En 2021, elle en importait 150 milliards de m\u00b3 de gaz, soit un peu plus de 40% des importations totales europ\u00e9ennes. En 2023, on n\u2019en comptait plus que 43 milliards de m3, achemin\u00e9s majoritairement par gazoduc, mais aussi par bateau sous forme liqu\u00e9fi\u00e9e. Cette baisse d\u2019importation est le r\u00e9sultat d\u2019une combinaison de d\u00e9cisions politiques&nbsp;: Le gaz naturel est principalement utilis\u00e9 en Europe pour la production d\u2019\u00e9lectricit\u00e9, le chauffage des habitations, et l\u2019industrie pour des usages non \u00e9nerg\u00e9tiques. Le biogaz une solution pour les industries d&rsquo;Europe L\u2019\u00e9lectrification de nos besoins de mobilit\u00e9 et de chaleur combin\u00e9e \u00e0 une production d\u2019\u00e9lectricit\u00e9 renouvelable permet de r\u00e9duire notre d\u00e9pendance aux \u00e9nergies fossiles, et donc aux importations des pays ext\u00e9rieurs \u00e0 l\u2019UE. Mais l\u2019\u00e9lectrification ne sera pas aussi simple pour nos industries, qui ont des besoins sp\u00e9cifiques, en chaleur ou en mol\u00e9cules, soumis \u00e0 des contraintes techniques de processus qui rendent la transformation complexe. &nbsp;Pour la fabrication du verre plat, par exemple, les fours, qui fonctionnent \u00e0 plusieurs centaines de degr\u00e9s, aliment\u00e9 en gaz pour la combustion, sont arr\u00eat\u00e9s une seule fois tous les 20 ans pour des maintenances. Un arr\u00eat pour une modernisation de l\u2019appareil industriel pourrait engendrer plus de 6 mois d\u2019arr\u00eats de production. Int\u00e9grer du biom\u00e9thane dans les industries permettrait de limiter ces changements. Dans la consommation future de nos industries, le biom\u00e9thane ne serait pas la seule mol\u00e9cule utilis\u00e9e et serait combin\u00e9 \u00e0 d\u2019autres mol\u00e9cules synth\u00e9tiques produites notamment \u00e0 partir d\u2019\u00e9lectricit\u00e9 (\u00e9lectrolyse de l\u2019eau). Mais le biom\u00e9thane reste \u00e0 ce jour la mol\u00e9cule verte la plus fabriqu\u00e9 en Europe. Son acheminement jusqu\u2019aux sites industriels pose aussi question \u00e9tant donn\u00e9 la localisation de son gisement principalement situ\u00e9 en campagne, loin des grands r\u00e9seaux de transport de gaz. Le gisement europ\u00e9en et belge &hellip; <a href=\"https:\/\/www.renouvelle.be\/fr\/pourra-t-on-remplacer-le-gaz-naturel-par-du-biogaz-en-europe\/\" class=\"more-link\">Continue reading<span class=\"screen-reader-text\"> \u00ab\u00a0Pourra-t-on remplacer le gaz naturel par du biogaz\u00a0en Europe ?\u00a0\u00bb<\/span><\/a><\/p>\n","protected":false},"author":27,"featured_media":14454,"comment_status":"closed","ping_status":"closed","sticky":false,"template":"","format":"standard","meta":{"_acf_changed":false,"footnotes":""},"categories":[63],"tags":[],"section":[4],"class_list":["post-14441","post","type-post","status-publish","format-standard","has-post-thumbnail","hentry","category-analyses","section-biomasse-energie"],"acf":[],"yoast_head":"<!-- This site is optimized with the Yoast SEO plugin v27.5 - https:\/\/yoast.com\/product\/yoast-seo-wordpress\/ -->\n<title>Pourra-t-on remplacer le gaz naturel par du biogaz\u00a0en Europe ? - Renouvelle<\/title>\n<meta name=\"description\" content=\"Le gaz naturel sera-t-il bient\u00f4t remplac\u00e9 par le biogaz en Europe ? Une solution de plus pour diminuer notre d\u00e9pendance aux pays tiers.\" \/>\n<meta name=\"robots\" content=\"index, follow, max-snippet:-1, max-image-preview:large, max-video-preview:-1\" \/>\n<link rel=\"canonical\" href=\"https:\/\/www.renouvelle.be\/fr\/pourra-t-on-remplacer-le-gaz-naturel-par-du-biogaz-en-europe\/\" \/>\n<meta property=\"og:locale\" content=\"fr_FR\" \/>\n<meta property=\"og:type\" content=\"article\" \/>\n<meta property=\"og:title\" content=\"Pourra-t-on remplacer le gaz naturel par du biogaz\u00a0en Europe ? - Renouvelle\" \/>\n<meta property=\"og:description\" content=\"Le gaz naturel sera-t-il bient\u00f4t remplac\u00e9 par le biogaz en Europe ? Une solution de plus pour diminuer notre d\u00e9pendance aux pays tiers.\" \/>\n<meta property=\"og:url\" content=\"https:\/\/www.renouvelle.be\/fr\/pourra-t-on-remplacer-le-gaz-naturel-par-du-biogaz-en-europe\/\" \/>\n<meta property=\"og:site_name\" content=\"Renouvelle\" \/>\n<meta property=\"article:published_time\" content=\"2024-12-12T12:14:41+00:00\" \/>\n<meta property=\"article:modified_time\" content=\"2024-12-17T10:59:08+00:00\" \/>\n<meta property=\"og:image\" content=\"https:\/\/www.renouvelle.be\/wp-content\/uploads\/2024\/12\/iStock-835881926-e1733931389771.jpg\" \/>\n\t<meta property=\"og:image:width\" content=\"2400\" \/>\n\t<meta property=\"og:image:height\" content=\"1524\" \/>\n\t<meta property=\"og:image:type\" content=\"image\/jpeg\" \/>\n<meta name=\"author\" content=\"Jean Frippiat\" \/>\n<meta name=\"twitter:card\" content=\"summary_large_image\" \/>\n<script type=\"application\/ld+json\" class=\"yoast-schema-graph\">{\"@context\":\"https:\\\/\\\/schema.org\",\"@graph\":[{\"@type\":\"Article\",\"@id\":\"https:\\\/\\\/www.renouvelle.be\\\/fr\\\/pourra-t-on-remplacer-le-gaz-naturel-par-du-biogaz-en-europe\\\/#article\",\"isPartOf\":{\"@id\":\"https:\\\/\\\/www.renouvelle.be\\\/fr\\\/pourra-t-on-remplacer-le-gaz-naturel-par-du-biogaz-en-europe\\\/\"},\"author\":{\"name\":\"Jean Frippiat\",\"@id\":\"https:\\\/\\\/www.renouvelle.be\\\/fr\\\/#\\\/schema\\\/person\\\/2b8afd89c9b7934d06ad7db3417abc38\"},\"headline\":\"Pourra-t-on remplacer le gaz naturel par du biogaz\u00a0en Europe ?\",\"datePublished\":\"2024-12-12T12:14:41+00:00\",\"dateModified\":\"2024-12-17T10:59:08+00:00\",\"mainEntityOfPage\":{\"@id\":\"https:\\\/\\\/www.renouvelle.be\\\/fr\\\/pourra-t-on-remplacer-le-gaz-naturel-par-du-biogaz-en-europe\\\/\"},\"wordCount\":1091,\"image\":{\"@id\":\"https:\\\/\\\/www.renouvelle.be\\\/fr\\\/pourra-t-on-remplacer-le-gaz-naturel-par-du-biogaz-en-europe\\\/#primaryimage\"},\"thumbnailUrl\":\"https:\\\/\\\/www.renouvelle.be\\\/wp-content\\\/uploads\\\/2024\\\/12\\\/iStock-835881926-e1733931389771.jpg\",\"articleSection\":[\"Analyses\"],\"inLanguage\":\"fr-FR\"},{\"@type\":\"WebPage\",\"@id\":\"https:\\\/\\\/www.renouvelle.be\\\/fr\\\/pourra-t-on-remplacer-le-gaz-naturel-par-du-biogaz-en-europe\\\/\",\"url\":\"https:\\\/\\\/www.renouvelle.be\\\/fr\\\/pourra-t-on-remplacer-le-gaz-naturel-par-du-biogaz-en-europe\\\/\",\"name\":\"Pourra-t-on remplacer le gaz naturel par du biogaz\u00a0en Europe ? - Renouvelle\",\"isPartOf\":{\"@id\":\"https:\\\/\\\/www.renouvelle.be\\\/fr\\\/#website\"},\"primaryImageOfPage\":{\"@id\":\"https:\\\/\\\/www.renouvelle.be\\\/fr\\\/pourra-t-on-remplacer-le-gaz-naturel-par-du-biogaz-en-europe\\\/#primaryimage\"},\"image\":{\"@id\":\"https:\\\/\\\/www.renouvelle.be\\\/fr\\\/pourra-t-on-remplacer-le-gaz-naturel-par-du-biogaz-en-europe\\\/#primaryimage\"},\"thumbnailUrl\":\"https:\\\/\\\/www.renouvelle.be\\\/wp-content\\\/uploads\\\/2024\\\/12\\\/iStock-835881926-e1733931389771.jpg\",\"datePublished\":\"2024-12-12T12:14:41+00:00\",\"dateModified\":\"2024-12-17T10:59:08+00:00\",\"author\":{\"@id\":\"https:\\\/\\\/www.renouvelle.be\\\/fr\\\/#\\\/schema\\\/person\\\/2b8afd89c9b7934d06ad7db3417abc38\"},\"description\":\"Le gaz naturel sera-t-il bient\u00f4t remplac\u00e9 par le biogaz en Europe ? Une solution de plus pour diminuer notre d\u00e9pendance aux pays tiers.\",\"breadcrumb\":{\"@id\":\"https:\\\/\\\/www.renouvelle.be\\\/fr\\\/pourra-t-on-remplacer-le-gaz-naturel-par-du-biogaz-en-europe\\\/#breadcrumb\"},\"inLanguage\":\"fr-FR\",\"potentialAction\":[{\"@type\":\"ReadAction\",\"target\":[\"https:\\\/\\\/www.renouvelle.be\\\/fr\\\/pourra-t-on-remplacer-le-gaz-naturel-par-du-biogaz-en-europe\\\/\"]}]},{\"@type\":\"ImageObject\",\"inLanguage\":\"fr-FR\",\"@id\":\"https:\\\/\\\/www.renouvelle.be\\\/fr\\\/pourra-t-on-remplacer-le-gaz-naturel-par-du-biogaz-en-europe\\\/#primaryimage\",\"url\":\"https:\\\/\\\/www.renouvelle.be\\\/wp-content\\\/uploads\\\/2024\\\/12\\\/iStock-835881926-e1733931389771.jpg\",\"contentUrl\":\"https:\\\/\\\/www.renouvelle.be\\\/wp-content\\\/uploads\\\/2024\\\/12\\\/iStock-835881926-e1733931389771.jpg\",\"width\":2400,\"height\":1524},{\"@type\":\"BreadcrumbList\",\"@id\":\"https:\\\/\\\/www.renouvelle.be\\\/fr\\\/pourra-t-on-remplacer-le-gaz-naturel-par-du-biogaz-en-europe\\\/#breadcrumb\",\"itemListElement\":[{\"@type\":\"ListItem\",\"position\":1,\"name\":\"Accueil\",\"item\":\"https:\\\/\\\/www.renouvelle.be\\\/fr\\\/\"},{\"@type\":\"ListItem\",\"position\":2,\"name\":\"Pourra-t-on remplacer le gaz naturel par du biogaz\u00a0en Europe ?\"}]},{\"@type\":\"WebSite\",\"@id\":\"https:\\\/\\\/www.renouvelle.be\\\/fr\\\/#website\",\"url\":\"https:\\\/\\\/www.renouvelle.be\\\/fr\\\/\",\"name\":\"Renouvelle\",\"description\":\"L&#039;actualit\u00e9 de l&#039;\u00e9nergie durable\",\"potentialAction\":[{\"@type\":\"SearchAction\",\"target\":{\"@type\":\"EntryPoint\",\"urlTemplate\":\"https:\\\/\\\/www.renouvelle.be\\\/fr\\\/?s={search_term_string}\"},\"query-input\":{\"@type\":\"PropertyValueSpecification\",\"valueRequired\":true,\"valueName\":\"search_term_string\"}}],\"inLanguage\":\"fr-FR\"},{\"@type\":\"Person\",\"@id\":\"https:\\\/\\\/www.renouvelle.be\\\/fr\\\/#\\\/schema\\\/person\\\/2b8afd89c9b7934d06ad7db3417abc38\",\"name\":\"Jean Frippiat\",\"url\":\"https:\\\/\\\/www.renouvelle.be\\\/fr\\\/author\\\/jeanfrippiat\\\/\"}]}<\/script>\n<!-- \/ Yoast SEO plugin. -->","yoast_head_json":{"title":"Pourra-t-on remplacer le gaz naturel par du biogaz\u00a0en Europe ? - Renouvelle","description":"Le gaz naturel sera-t-il bient\u00f4t remplac\u00e9 par le biogaz en Europe ? Une solution de plus pour diminuer notre d\u00e9pendance aux pays tiers.","robots":{"index":"index","follow":"follow","max-snippet":"max-snippet:-1","max-image-preview":"max-image-preview:large","max-video-preview":"max-video-preview:-1"},"canonical":"https:\/\/www.renouvelle.be\/fr\/pourra-t-on-remplacer-le-gaz-naturel-par-du-biogaz-en-europe\/","og_locale":"fr_FR","og_type":"article","og_title":"Pourra-t-on remplacer le gaz naturel par du biogaz\u00a0en Europe ? - Renouvelle","og_description":"Le gaz naturel sera-t-il bient\u00f4t remplac\u00e9 par le biogaz en Europe ? Une solution de plus pour diminuer notre d\u00e9pendance aux pays tiers.","og_url":"https:\/\/www.renouvelle.be\/fr\/pourra-t-on-remplacer-le-gaz-naturel-par-du-biogaz-en-europe\/","og_site_name":"Renouvelle","article_published_time":"2024-12-12T12:14:41+00:00","article_modified_time":"2024-12-17T10:59:08+00:00","og_image":[{"width":2400,"height":1524,"url":"https:\/\/www.renouvelle.be\/wp-content\/uploads\/2024\/12\/iStock-835881926-e1733931389771.jpg","type":"image\/jpeg"}],"author":"Jean Frippiat","twitter_card":"summary_large_image","schema":{"@context":"https:\/\/schema.org","@graph":[{"@type":"Article","@id":"https:\/\/www.renouvelle.be\/fr\/pourra-t-on-remplacer-le-gaz-naturel-par-du-biogaz-en-europe\/#article","isPartOf":{"@id":"https:\/\/www.renouvelle.be\/fr\/pourra-t-on-remplacer-le-gaz-naturel-par-du-biogaz-en-europe\/"},"author":{"name":"Jean Frippiat","@id":"https:\/\/www.renouvelle.be\/fr\/#\/schema\/person\/2b8afd89c9b7934d06ad7db3417abc38"},"headline":"Pourra-t-on remplacer le gaz naturel par du biogaz\u00a0en Europe ?","datePublished":"2024-12-12T12:14:41+00:00","dateModified":"2024-12-17T10:59:08+00:00","mainEntityOfPage":{"@id":"https:\/\/www.renouvelle.be\/fr\/pourra-t-on-remplacer-le-gaz-naturel-par-du-biogaz-en-europe\/"},"wordCount":1091,"image":{"@id":"https:\/\/www.renouvelle.be\/fr\/pourra-t-on-remplacer-le-gaz-naturel-par-du-biogaz-en-europe\/#primaryimage"},"thumbnailUrl":"https:\/\/www.renouvelle.be\/wp-content\/uploads\/2024\/12\/iStock-835881926-e1733931389771.jpg","articleSection":["Analyses"],"inLanguage":"fr-FR"},{"@type":"WebPage","@id":"https:\/\/www.renouvelle.be\/fr\/pourra-t-on-remplacer-le-gaz-naturel-par-du-biogaz-en-europe\/","url":"https:\/\/www.renouvelle.be\/fr\/pourra-t-on-remplacer-le-gaz-naturel-par-du-biogaz-en-europe\/","name":"Pourra-t-on remplacer le gaz naturel par du biogaz\u00a0en Europe ? - Renouvelle","isPartOf":{"@id":"https:\/\/www.renouvelle.be\/fr\/#website"},"primaryImageOfPage":{"@id":"https:\/\/www.renouvelle.be\/fr\/pourra-t-on-remplacer-le-gaz-naturel-par-du-biogaz-en-europe\/#primaryimage"},"image":{"@id":"https:\/\/www.renouvelle.be\/fr\/pourra-t-on-remplacer-le-gaz-naturel-par-du-biogaz-en-europe\/#primaryimage"},"thumbnailUrl":"https:\/\/www.renouvelle.be\/wp-content\/uploads\/2024\/12\/iStock-835881926-e1733931389771.jpg","datePublished":"2024-12-12T12:14:41+00:00","dateModified":"2024-12-17T10:59:08+00:00","author":{"@id":"https:\/\/www.renouvelle.be\/fr\/#\/schema\/person\/2b8afd89c9b7934d06ad7db3417abc38"},"description":"Le gaz naturel sera-t-il bient\u00f4t remplac\u00e9 par le biogaz en Europe ? Une solution de plus pour diminuer notre d\u00e9pendance aux pays tiers.","breadcrumb":{"@id":"https:\/\/www.renouvelle.be\/fr\/pourra-t-on-remplacer-le-gaz-naturel-par-du-biogaz-en-europe\/#breadcrumb"},"inLanguage":"fr-FR","potentialAction":[{"@type":"ReadAction","target":["https:\/\/www.renouvelle.be\/fr\/pourra-t-on-remplacer-le-gaz-naturel-par-du-biogaz-en-europe\/"]}]},{"@type":"ImageObject","inLanguage":"fr-FR","@id":"https:\/\/www.renouvelle.be\/fr\/pourra-t-on-remplacer-le-gaz-naturel-par-du-biogaz-en-europe\/#primaryimage","url":"https:\/\/www.renouvelle.be\/wp-content\/uploads\/2024\/12\/iStock-835881926-e1733931389771.jpg","contentUrl":"https:\/\/www.renouvelle.be\/wp-content\/uploads\/2024\/12\/iStock-835881926-e1733931389771.jpg","width":2400,"height":1524},{"@type":"BreadcrumbList","@id":"https:\/\/www.renouvelle.be\/fr\/pourra-t-on-remplacer-le-gaz-naturel-par-du-biogaz-en-europe\/#breadcrumb","itemListElement":[{"@type":"ListItem","position":1,"name":"Accueil","item":"https:\/\/www.renouvelle.be\/fr\/"},{"@type":"ListItem","position":2,"name":"Pourra-t-on remplacer le gaz naturel par du biogaz\u00a0en Europe ?"}]},{"@type":"WebSite","@id":"https:\/\/www.renouvelle.be\/fr\/#website","url":"https:\/\/www.renouvelle.be\/fr\/","name":"Renouvelle","description":"L&#039;actualit\u00e9 de l&#039;\u00e9nergie durable","potentialAction":[{"@type":"SearchAction","target":{"@type":"EntryPoint","urlTemplate":"https:\/\/www.renouvelle.be\/fr\/?s={search_term_string}"},"query-input":{"@type":"PropertyValueSpecification","valueRequired":true,"valueName":"search_term_string"}}],"inLanguage":"fr-FR"},{"@type":"Person","@id":"https:\/\/www.renouvelle.be\/fr\/#\/schema\/person\/2b8afd89c9b7934d06ad7db3417abc38","name":"Jean Frippiat","url":"https:\/\/www.renouvelle.be\/fr\/author\/jeanfrippiat\/"}]}},"_links":{"self":[{"href":"https:\/\/www.renouvelle.be\/fr\/wp-json\/wp\/v2\/posts\/14441","targetHints":{"allow":["GET"]}}],"collection":[{"href":"https:\/\/www.renouvelle.be\/fr\/wp-json\/wp\/v2\/posts"}],"about":[{"href":"https:\/\/www.renouvelle.be\/fr\/wp-json\/wp\/v2\/types\/post"}],"author":[{"embeddable":true,"href":"https:\/\/www.renouvelle.be\/fr\/wp-json\/wp\/v2\/users\/27"}],"replies":[{"embeddable":true,"href":"https:\/\/www.renouvelle.be\/fr\/wp-json\/wp\/v2\/comments?post=14441"}],"version-history":[{"count":16,"href":"https:\/\/www.renouvelle.be\/fr\/wp-json\/wp\/v2\/posts\/14441\/revisions"}],"predecessor-version":[{"id":14471,"href":"https:\/\/www.renouvelle.be\/fr\/wp-json\/wp\/v2\/posts\/14441\/revisions\/14471"}],"wp:featuredmedia":[{"embeddable":true,"href":"https:\/\/www.renouvelle.be\/fr\/wp-json\/wp\/v2\/media\/14454"}],"wp:attachment":[{"href":"https:\/\/www.renouvelle.be\/fr\/wp-json\/wp\/v2\/media?parent=14441"}],"wp:term":[{"taxonomy":"category","embeddable":true,"href":"https:\/\/www.renouvelle.be\/fr\/wp-json\/wp\/v2\/categories?post=14441"},{"taxonomy":"post_tag","embeddable":true,"href":"https:\/\/www.renouvelle.be\/fr\/wp-json\/wp\/v2\/tags?post=14441"},{"taxonomy":"section","embeddable":true,"href":"https:\/\/www.renouvelle.be\/fr\/wp-json\/wp\/v2\/section?post=14441"}],"curies":[{"name":"wp","href":"https:\/\/api.w.org\/{rel}","templated":true}]}}