{"id":14428,"date":"2024-12-10T10:11:24","date_gmt":"2024-12-10T09:11:24","guid":{"rendered":"https:\/\/www.renouvelle.be\/?p=14428"},"modified":"2024-12-10T10:11:28","modified_gmt":"2024-12-10T09:11:28","slug":"taxe-carbone-la-facture-energie-des-menages-impactee-des-2027","status":"publish","type":"post","link":"https:\/\/www.renouvelle.be\/fr\/taxe-carbone-la-facture-energie-des-menages-impactee-des-2027\/","title":{"rendered":"Taxe carbone : la facture d&rsquo;\u00e9nergie des m\u00e9nages impact\u00e9e d\u00e8s 2027"},"content":{"rendered":"\n<p>\u00c0 partir de 2027, les factures de chauffage et de carburant des citoyens risquent d\u2019en prendre un coup avec l\u2019application de l\u2019ETS2 et sa taxe carbone.<\/p>\n\n\n\n<p>Lanc\u00e9 en 2005, l\u2019ETS est un syst\u00e8me d\u2019\u00e9change de quotas d\u2019\u00e9mission pour les grosses industries polluantes. &nbsp;Il permet de diminuer les \u00e9missions de gaz \u00e0 effet de serre et les gains g\u00e9n\u00e9r\u00e9s par cette taxe sont r\u00e9inject\u00e9s dans le financement pour la transition \u00e9nerg\u00e9tique.<\/p>\n\n\n\n<p>Premi\u00e8re phase de ce syst\u00e8me, l\u2019ETS1 ne s\u2019appliquait jusqu\u2019\u00e0 pr\u00e9sent qu\u2019aux industries, usines et producteurs d\u2019\u00e9nergie (centrale \u00e9lectrique, raffinerie de p\u00e9trole, etc). En 2024, il s\u2019\u00e9tendait \u00e0 l\u2019aviation et au transport maritime.<\/p>\n\n\n\n<p>L\u2019ETS2 sera mis en application d\u00e8s 2027 et visera \u00e0 int\u00e9grer les secteurs du transport routier et du b\u00e2timent (r\u00e9sidentiel et commercial). Des domaines qui touchent directement la vie quotidienne des m\u00e9nages (carburant pour se d\u00e9placer, gaz pour se chauffer, \u2026). Le but reste inchang\u00e9 : diminuer, petit \u00e0 petit, les \u00e9missions de gaz \u00e0 effet de serre pour atteindre la neutralit\u00e9 climatique d\u2019ici 2050.<\/p>\n\n\n\n<p>Mais en quoi cela concerne-t-il directement la vie quotidienne du citoyen ?<\/p>\n\n\n\n<p>Qu\u2019il s\u2019agisse d\u2019essence, de diesel, de mazout ou de gaz, les diff\u00e9rents fournisseurs devront s\u2019acquitter de cette taxe carbone et, \u00e9videmment, ils devront la r\u00e9percuter dans leurs tarifs. Dernier maillon de cette cha\u00eene de production-consommation, les m\u00e9nages devraient donc en subir l\u2019impact \u00e0 travers une hausse de leurs factures d\u2019\u00e9nergie si ceux-ci consomment des \u00e9nergies fossiles pour se chauffer ou se d\u00e9placer.<\/p>\n\n\n\n<p>\u00c0 combien se chiffre cette hausse ? D\u2019apr\u00e8s un <a href=\"https:\/\/www.febeg.be\/fr\/nouvelles\/parlons-sans-delai-ni-tabou-de-lets-2\" target=\"_blank\" rel=\"noreferrer noopener\">article de la Febeg<\/a>, publi\u00e9 fin septembre, il faut s\u2019attendre \u00e0 une augmentation de 10 % de la facture de gaz, repr\u00e9sentant un co\u00fbt moyen suppl\u00e9mentaire allant jusqu\u2019\u00e0 150 \u20ac par an pour un consommateur moyen. Et cela, seulement si le prix du carbone reste stable \u00e0 45 euros la tonne. En effet, <a href=\"https:\/\/www.i4ce.org\/\" target=\"_blank\" rel=\"noreferrer noopener\">l\u2019Institut pour l\u2019\u00c9conomie du Climat<\/a> \u00e9value, lui, une stabilisation qui tournerait plut\u00f4t autour des 70 et 75 euros.<\/p>\n\n\n\n<p>Soulignons tout de m\u00eame qu\u2019un quart des gains r\u00e9alis\u00e9s par l\u2019application de l\u2019ETS2 seront destin\u00e9s \u00e0 un fonds social pour le climat (FSC). Ce dernier aura pour mission de venir en aide aux m\u00e9nages les plus vuln\u00e9rables.<\/p>\n\n\n\n<p>Les diverses directives adopt\u00e9es et appliqu\u00e9es par l\u2019UE semblent traduire une volont\u00e9 ferme de changer les choses. Mais des r\u00e8glements punitifs et\/ou dissuasifs ne suffiront pas. La transition \u00e9nerg\u00e9tique n\u00e9cessite plus d\u2019ambition et un <a href=\"https:\/\/www.renouvelle.be\/fr\/hausse-des-investissements-dans-les-energies-propres-en-2024\/\" target=\"_blank\" rel=\"noreferrer noopener\">d\u00e9ploiement rapide des \u00e9nergies renouvelables<\/a> afin d\u2019\u00e9viter que le citoyen ne supporte \u00e0 lui seul le poids financier de ces directives europ\u00e9ennes.<\/p>\n\n\n\n<p><\/p>\n","protected":false},"excerpt":{"rendered":"<p>\u00c0 partir de 2027, les factures de chauffage et de carburant des citoyens risquent d\u2019en prendre un coup avec l\u2019application de l\u2019ETS2 et sa taxe carbone. Lanc\u00e9 en 2005, l\u2019ETS est un syst\u00e8me d\u2019\u00e9change de quotas d\u2019\u00e9mission pour les grosses industries polluantes. &nbsp;Il permet de diminuer les \u00e9missions de gaz \u00e0 effet de serre et les gains g\u00e9n\u00e9r\u00e9s par cette taxe sont r\u00e9inject\u00e9s dans le financement pour la transition \u00e9nerg\u00e9tique. Premi\u00e8re phase de ce syst\u00e8me, l\u2019ETS1 ne s\u2019appliquait jusqu\u2019\u00e0 pr\u00e9sent qu\u2019aux industries, usines et producteurs d\u2019\u00e9nergie (centrale \u00e9lectrique, raffinerie de p\u00e9trole, etc). En 2024, il s\u2019\u00e9tendait \u00e0 l\u2019aviation et au transport maritime. L\u2019ETS2 sera mis en application d\u00e8s 2027 et visera \u00e0 int\u00e9grer les secteurs du transport routier et du b\u00e2timent (r\u00e9sidentiel et commercial). Des domaines qui touchent directement la vie quotidienne des m\u00e9nages (carburant pour se d\u00e9placer, gaz pour se chauffer, \u2026). Le but reste inchang\u00e9 : diminuer, petit \u00e0 petit, les \u00e9missions de gaz \u00e0 effet de serre pour atteindre la neutralit\u00e9 climatique d\u2019ici 2050. Mais en quoi cela concerne-t-il directement la vie quotidienne du citoyen ? Qu\u2019il s\u2019agisse d\u2019essence, de diesel, de mazout ou de gaz, les diff\u00e9rents fournisseurs devront s\u2019acquitter de cette taxe carbone et, \u00e9videmment, ils devront la r\u00e9percuter dans leurs tarifs. Dernier maillon de cette cha\u00eene de production-consommation, les m\u00e9nages devraient donc en subir l\u2019impact \u00e0 travers une hausse de leurs factures d\u2019\u00e9nergie si ceux-ci consomment des \u00e9nergies fossiles pour se chauffer ou se d\u00e9placer. \u00c0 combien se chiffre cette hausse ? D\u2019apr\u00e8s un article de la Febeg, publi\u00e9 fin septembre, il faut s\u2019attendre \u00e0 une augmentation de 10 % de la facture de gaz, repr\u00e9sentant un co\u00fbt moyen suppl\u00e9mentaire allant jusqu\u2019\u00e0 150 \u20ac par an pour un consommateur moyen. Et cela, seulement si &hellip; <a href=\"https:\/\/www.renouvelle.be\/fr\/taxe-carbone-la-facture-energie-des-menages-impactee-des-2027\/\" class=\"more-link\">Continue reading<span class=\"screen-reader-text\"> \u00ab\u00a0Taxe carbone : la facture d&rsquo;\u00e9nergie des m\u00e9nages impact\u00e9e d\u00e8s 2027\u00a0\u00bb<\/span><\/a><\/p>\n","protected":false},"author":38,"featured_media":14432,"comment_status":"closed","ping_status":"closed","sticky":false,"template":"","format":"standard","meta":{"_acf_changed":false,"footnotes":""},"categories":[16],"tags":[],"section":[8],"class_list":["post-14428","post","type-post","status-publish","format-standard","has-post-thumbnail","hentry","category-actualite","section-energie-renouvelables"],"acf":[],"yoast_head":"<!-- This site is optimized with the Yoast SEO plugin v27.5 - https:\/\/yoast.com\/product\/yoast-seo-wordpress\/ -->\n<title>Taxe carbone : la facture d&#039;\u00e9nergie des m\u00e9nages impact\u00e9e d\u00e8s 2027 - Renouvelle<\/title>\n<meta name=\"description\" content=\"La taxe carbone s&#039;applique aux grandes industries polluantes et \u00e9nergivores mais d\u00e8s 2027, elle aura un impact sur les factures des m\u00e9nages.\" \/>\n<meta name=\"robots\" content=\"index, follow, max-snippet:-1, max-image-preview:large, max-video-preview:-1\" \/>\n<link rel=\"canonical\" href=\"https:\/\/www.renouvelle.be\/fr\/taxe-carbone-la-facture-energie-des-menages-impactee-des-2027\/\" \/>\n<meta property=\"og:locale\" content=\"fr_FR\" \/>\n<meta property=\"og:type\" content=\"article\" \/>\n<meta property=\"og:title\" content=\"Taxe carbone : la facture d&#039;\u00e9nergie des m\u00e9nages impact\u00e9e d\u00e8s 2027 - Renouvelle\" \/>\n<meta property=\"og:description\" content=\"La taxe carbone s&#039;applique aux grandes industries polluantes et \u00e9nergivores mais d\u00e8s 2027, elle aura un impact sur les factures des m\u00e9nages.\" \/>\n<meta property=\"og:url\" content=\"https:\/\/www.renouvelle.be\/fr\/taxe-carbone-la-facture-energie-des-menages-impactee-des-2027\/\" \/>\n<meta property=\"og:site_name\" content=\"Renouvelle\" \/>\n<meta property=\"article:published_time\" content=\"2024-12-10T09:11:24+00:00\" \/>\n<meta property=\"article:modified_time\" content=\"2024-12-10T09:11:28+00:00\" \/>\n<meta property=\"og:image\" content=\"https:\/\/www.renouvelle.be\/wp-content\/uploads\/2024\/12\/iStock-1424068251.jpg\" \/>\n\t<meta property=\"og:image:width\" content=\"2262\" \/>\n\t<meta property=\"og:image:height\" content=\"1325\" \/>\n\t<meta property=\"og:image:type\" content=\"image\/jpeg\" \/>\n<meta name=\"author\" content=\"Samuel Alves\" \/>\n<meta name=\"twitter:card\" content=\"summary_large_image\" \/>\n<script type=\"application\/ld+json\" class=\"yoast-schema-graph\">{\"@context\":\"https:\\\/\\\/schema.org\",\"@graph\":[{\"@type\":\"Article\",\"@id\":\"https:\\\/\\\/www.renouvelle.be\\\/fr\\\/taxe-carbone-la-facture-energie-des-menages-impactee-des-2027\\\/#article\",\"isPartOf\":{\"@id\":\"https:\\\/\\\/www.renouvelle.be\\\/fr\\\/taxe-carbone-la-facture-energie-des-menages-impactee-des-2027\\\/\"},\"author\":{\"name\":\"Samuel Alves\",\"@id\":\"https:\\\/\\\/www.renouvelle.be\\\/fr\\\/#\\\/schema\\\/person\\\/9d743366fb269eeceaa8d60e98d289d3\"},\"headline\":\"Taxe carbone : la facture d&rsquo;\u00e9nergie des m\u00e9nages impact\u00e9e d\u00e8s 2027\",\"datePublished\":\"2024-12-10T09:11:24+00:00\",\"dateModified\":\"2024-12-10T09:11:28+00:00\",\"mainEntityOfPage\":{\"@id\":\"https:\\\/\\\/www.renouvelle.be\\\/fr\\\/taxe-carbone-la-facture-energie-des-menages-impactee-des-2027\\\/\"},\"wordCount\":471,\"image\":{\"@id\":\"https:\\\/\\\/www.renouvelle.be\\\/fr\\\/taxe-carbone-la-facture-energie-des-menages-impactee-des-2027\\\/#primaryimage\"},\"thumbnailUrl\":\"https:\\\/\\\/www.renouvelle.be\\\/wp-content\\\/uploads\\\/2024\\\/12\\\/iStock-1424068251.jpg\",\"articleSection\":[\"Actualit\u00e9\"],\"inLanguage\":\"fr-FR\"},{\"@type\":\"WebPage\",\"@id\":\"https:\\\/\\\/www.renouvelle.be\\\/fr\\\/taxe-carbone-la-facture-energie-des-menages-impactee-des-2027\\\/\",\"url\":\"https:\\\/\\\/www.renouvelle.be\\\/fr\\\/taxe-carbone-la-facture-energie-des-menages-impactee-des-2027\\\/\",\"name\":\"Taxe carbone : la facture d'\u00e9nergie des m\u00e9nages impact\u00e9e d\u00e8s 2027 - Renouvelle\",\"isPartOf\":{\"@id\":\"https:\\\/\\\/www.renouvelle.be\\\/fr\\\/#website\"},\"primaryImageOfPage\":{\"@id\":\"https:\\\/\\\/www.renouvelle.be\\\/fr\\\/taxe-carbone-la-facture-energie-des-menages-impactee-des-2027\\\/#primaryimage\"},\"image\":{\"@id\":\"https:\\\/\\\/www.renouvelle.be\\\/fr\\\/taxe-carbone-la-facture-energie-des-menages-impactee-des-2027\\\/#primaryimage\"},\"thumbnailUrl\":\"https:\\\/\\\/www.renouvelle.be\\\/wp-content\\\/uploads\\\/2024\\\/12\\\/iStock-1424068251.jpg\",\"datePublished\":\"2024-12-10T09:11:24+00:00\",\"dateModified\":\"2024-12-10T09:11:28+00:00\",\"author\":{\"@id\":\"https:\\\/\\\/www.renouvelle.be\\\/fr\\\/#\\\/schema\\\/person\\\/9d743366fb269eeceaa8d60e98d289d3\"},\"description\":\"La taxe carbone s'applique aux grandes industries polluantes et \u00e9nergivores mais d\u00e8s 2027, elle aura un impact sur les factures des m\u00e9nages.\",\"breadcrumb\":{\"@id\":\"https:\\\/\\\/www.renouvelle.be\\\/fr\\\/taxe-carbone-la-facture-energie-des-menages-impactee-des-2027\\\/#breadcrumb\"},\"inLanguage\":\"fr-FR\",\"potentialAction\":[{\"@type\":\"ReadAction\",\"target\":[\"https:\\\/\\\/www.renouvelle.be\\\/fr\\\/taxe-carbone-la-facture-energie-des-menages-impactee-des-2027\\\/\"]}]},{\"@type\":\"ImageObject\",\"inLanguage\":\"fr-FR\",\"@id\":\"https:\\\/\\\/www.renouvelle.be\\\/fr\\\/taxe-carbone-la-facture-energie-des-menages-impactee-des-2027\\\/#primaryimage\",\"url\":\"https:\\\/\\\/www.renouvelle.be\\\/wp-content\\\/uploads\\\/2024\\\/12\\\/iStock-1424068251.jpg\",\"contentUrl\":\"https:\\\/\\\/www.renouvelle.be\\\/wp-content\\\/uploads\\\/2024\\\/12\\\/iStock-1424068251.jpg\",\"width\":2262,\"height\":1325},{\"@type\":\"BreadcrumbList\",\"@id\":\"https:\\\/\\\/www.renouvelle.be\\\/fr\\\/taxe-carbone-la-facture-energie-des-menages-impactee-des-2027\\\/#breadcrumb\",\"itemListElement\":[{\"@type\":\"ListItem\",\"position\":1,\"name\":\"Accueil\",\"item\":\"https:\\\/\\\/www.renouvelle.be\\\/fr\\\/\"},{\"@type\":\"ListItem\",\"position\":2,\"name\":\"Taxe carbone : la facture d&rsquo;\u00e9nergie des m\u00e9nages impact\u00e9e d\u00e8s 2027\"}]},{\"@type\":\"WebSite\",\"@id\":\"https:\\\/\\\/www.renouvelle.be\\\/fr\\\/#website\",\"url\":\"https:\\\/\\\/www.renouvelle.be\\\/fr\\\/\",\"name\":\"Renouvelle\",\"description\":\"L&#039;actualit\u00e9 de l&#039;\u00e9nergie durable\",\"potentialAction\":[{\"@type\":\"SearchAction\",\"target\":{\"@type\":\"EntryPoint\",\"urlTemplate\":\"https:\\\/\\\/www.renouvelle.be\\\/fr\\\/?s={search_term_string}\"},\"query-input\":{\"@type\":\"PropertyValueSpecification\",\"valueRequired\":true,\"valueName\":\"search_term_string\"}}],\"inLanguage\":\"fr-FR\"},{\"@type\":\"Person\",\"@id\":\"https:\\\/\\\/www.renouvelle.be\\\/fr\\\/#\\\/schema\\\/person\\\/9d743366fb269eeceaa8d60e98d289d3\",\"name\":\"Samuel Alves\",\"url\":\"https:\\\/\\\/www.renouvelle.be\\\/fr\\\/author\\\/salves\\\/\"}]}<\/script>\n<!-- \/ Yoast SEO plugin. -->","yoast_head_json":{"title":"Taxe carbone : la facture d'\u00e9nergie des m\u00e9nages impact\u00e9e d\u00e8s 2027 - Renouvelle","description":"La taxe carbone s'applique aux grandes industries polluantes et \u00e9nergivores mais d\u00e8s 2027, elle aura un impact sur les factures des m\u00e9nages.","robots":{"index":"index","follow":"follow","max-snippet":"max-snippet:-1","max-image-preview":"max-image-preview:large","max-video-preview":"max-video-preview:-1"},"canonical":"https:\/\/www.renouvelle.be\/fr\/taxe-carbone-la-facture-energie-des-menages-impactee-des-2027\/","og_locale":"fr_FR","og_type":"article","og_title":"Taxe carbone : la facture d'\u00e9nergie des m\u00e9nages impact\u00e9e d\u00e8s 2027 - Renouvelle","og_description":"La taxe carbone s'applique aux grandes industries polluantes et \u00e9nergivores mais d\u00e8s 2027, elle aura un impact sur les factures des m\u00e9nages.","og_url":"https:\/\/www.renouvelle.be\/fr\/taxe-carbone-la-facture-energie-des-menages-impactee-des-2027\/","og_site_name":"Renouvelle","article_published_time":"2024-12-10T09:11:24+00:00","article_modified_time":"2024-12-10T09:11:28+00:00","og_image":[{"width":2262,"height":1325,"url":"https:\/\/www.renouvelle.be\/wp-content\/uploads\/2024\/12\/iStock-1424068251.jpg","type":"image\/jpeg"}],"author":"Samuel Alves","twitter_card":"summary_large_image","schema":{"@context":"https:\/\/schema.org","@graph":[{"@type":"Article","@id":"https:\/\/www.renouvelle.be\/fr\/taxe-carbone-la-facture-energie-des-menages-impactee-des-2027\/#article","isPartOf":{"@id":"https:\/\/www.renouvelle.be\/fr\/taxe-carbone-la-facture-energie-des-menages-impactee-des-2027\/"},"author":{"name":"Samuel Alves","@id":"https:\/\/www.renouvelle.be\/fr\/#\/schema\/person\/9d743366fb269eeceaa8d60e98d289d3"},"headline":"Taxe carbone : la facture d&rsquo;\u00e9nergie des m\u00e9nages impact\u00e9e d\u00e8s 2027","datePublished":"2024-12-10T09:11:24+00:00","dateModified":"2024-12-10T09:11:28+00:00","mainEntityOfPage":{"@id":"https:\/\/www.renouvelle.be\/fr\/taxe-carbone-la-facture-energie-des-menages-impactee-des-2027\/"},"wordCount":471,"image":{"@id":"https:\/\/www.renouvelle.be\/fr\/taxe-carbone-la-facture-energie-des-menages-impactee-des-2027\/#primaryimage"},"thumbnailUrl":"https:\/\/www.renouvelle.be\/wp-content\/uploads\/2024\/12\/iStock-1424068251.jpg","articleSection":["Actualit\u00e9"],"inLanguage":"fr-FR"},{"@type":"WebPage","@id":"https:\/\/www.renouvelle.be\/fr\/taxe-carbone-la-facture-energie-des-menages-impactee-des-2027\/","url":"https:\/\/www.renouvelle.be\/fr\/taxe-carbone-la-facture-energie-des-menages-impactee-des-2027\/","name":"Taxe carbone : la facture d'\u00e9nergie des m\u00e9nages impact\u00e9e d\u00e8s 2027 - Renouvelle","isPartOf":{"@id":"https:\/\/www.renouvelle.be\/fr\/#website"},"primaryImageOfPage":{"@id":"https:\/\/www.renouvelle.be\/fr\/taxe-carbone-la-facture-energie-des-menages-impactee-des-2027\/#primaryimage"},"image":{"@id":"https:\/\/www.renouvelle.be\/fr\/taxe-carbone-la-facture-energie-des-menages-impactee-des-2027\/#primaryimage"},"thumbnailUrl":"https:\/\/www.renouvelle.be\/wp-content\/uploads\/2024\/12\/iStock-1424068251.jpg","datePublished":"2024-12-10T09:11:24+00:00","dateModified":"2024-12-10T09:11:28+00:00","author":{"@id":"https:\/\/www.renouvelle.be\/fr\/#\/schema\/person\/9d743366fb269eeceaa8d60e98d289d3"},"description":"La taxe carbone s'applique aux grandes industries polluantes et \u00e9nergivores mais d\u00e8s 2027, elle aura un impact sur les factures des m\u00e9nages.","breadcrumb":{"@id":"https:\/\/www.renouvelle.be\/fr\/taxe-carbone-la-facture-energie-des-menages-impactee-des-2027\/#breadcrumb"},"inLanguage":"fr-FR","potentialAction":[{"@type":"ReadAction","target":["https:\/\/www.renouvelle.be\/fr\/taxe-carbone-la-facture-energie-des-menages-impactee-des-2027\/"]}]},{"@type":"ImageObject","inLanguage":"fr-FR","@id":"https:\/\/www.renouvelle.be\/fr\/taxe-carbone-la-facture-energie-des-menages-impactee-des-2027\/#primaryimage","url":"https:\/\/www.renouvelle.be\/wp-content\/uploads\/2024\/12\/iStock-1424068251.jpg","contentUrl":"https:\/\/www.renouvelle.be\/wp-content\/uploads\/2024\/12\/iStock-1424068251.jpg","width":2262,"height":1325},{"@type":"BreadcrumbList","@id":"https:\/\/www.renouvelle.be\/fr\/taxe-carbone-la-facture-energie-des-menages-impactee-des-2027\/#breadcrumb","itemListElement":[{"@type":"ListItem","position":1,"name":"Accueil","item":"https:\/\/www.renouvelle.be\/fr\/"},{"@type":"ListItem","position":2,"name":"Taxe carbone : la facture d&rsquo;\u00e9nergie des m\u00e9nages impact\u00e9e d\u00e8s 2027"}]},{"@type":"WebSite","@id":"https:\/\/www.renouvelle.be\/fr\/#website","url":"https:\/\/www.renouvelle.be\/fr\/","name":"Renouvelle","description":"L&#039;actualit\u00e9 de l&#039;\u00e9nergie durable","potentialAction":[{"@type":"SearchAction","target":{"@type":"EntryPoint","urlTemplate":"https:\/\/www.renouvelle.be\/fr\/?s={search_term_string}"},"query-input":{"@type":"PropertyValueSpecification","valueRequired":true,"valueName":"search_term_string"}}],"inLanguage":"fr-FR"},{"@type":"Person","@id":"https:\/\/www.renouvelle.be\/fr\/#\/schema\/person\/9d743366fb269eeceaa8d60e98d289d3","name":"Samuel Alves","url":"https:\/\/www.renouvelle.be\/fr\/author\/salves\/"}]}},"_links":{"self":[{"href":"https:\/\/www.renouvelle.be\/fr\/wp-json\/wp\/v2\/posts\/14428","targetHints":{"allow":["GET"]}}],"collection":[{"href":"https:\/\/www.renouvelle.be\/fr\/wp-json\/wp\/v2\/posts"}],"about":[{"href":"https:\/\/www.renouvelle.be\/fr\/wp-json\/wp\/v2\/types\/post"}],"author":[{"embeddable":true,"href":"https:\/\/www.renouvelle.be\/fr\/wp-json\/wp\/v2\/users\/38"}],"replies":[{"embeddable":true,"href":"https:\/\/www.renouvelle.be\/fr\/wp-json\/wp\/v2\/comments?post=14428"}],"version-history":[{"count":10,"href":"https:\/\/www.renouvelle.be\/fr\/wp-json\/wp\/v2\/posts\/14428\/revisions"}],"predecessor-version":[{"id":14440,"href":"https:\/\/www.renouvelle.be\/fr\/wp-json\/wp\/v2\/posts\/14428\/revisions\/14440"}],"wp:featuredmedia":[{"embeddable":true,"href":"https:\/\/www.renouvelle.be\/fr\/wp-json\/wp\/v2\/media\/14432"}],"wp:attachment":[{"href":"https:\/\/www.renouvelle.be\/fr\/wp-json\/wp\/v2\/media?parent=14428"}],"wp:term":[{"taxonomy":"category","embeddable":true,"href":"https:\/\/www.renouvelle.be\/fr\/wp-json\/wp\/v2\/categories?post=14428"},{"taxonomy":"post_tag","embeddable":true,"href":"https:\/\/www.renouvelle.be\/fr\/wp-json\/wp\/v2\/tags?post=14428"},{"taxonomy":"section","embeddable":true,"href":"https:\/\/www.renouvelle.be\/fr\/wp-json\/wp\/v2\/section?post=14428"}],"curies":[{"name":"wp","href":"https:\/\/api.w.org\/{rel}","templated":true}]}}