{"id":14416,"date":"2024-12-05T10:32:08","date_gmt":"2024-12-05T09:32:08","guid":{"rendered":"https:\/\/www.renouvelle.be\/?p=14416"},"modified":"2024-12-05T10:32:13","modified_gmt":"2024-12-05T09:32:13","slug":"agrivoltaisme-un-enjeu-pour-la-transition-energetique-en-wallonie","status":"publish","type":"post","link":"https:\/\/www.renouvelle.be\/fr\/agrivoltaisme-un-enjeu-pour-la-transition-energetique-en-wallonie\/","title":{"rendered":"L\u2019agrivolta\u00efsme: un enjeu pour la transition \u00e9nerg\u00e9tique en Wallonie"},"content":{"rendered":"\n<p>L&rsquo;agrivolta\u00efsme d\u00e9signe la combinaison de la production agricole et de l\u2019\u00e9nergie solaire sur une m\u00eame parcelle. Il permet de produire des cultures, d\u2019\u00e9lever des animaux tout en installant des panneaux photovolta\u00efques pour cr\u00e9er des synergies entre agriculture et \u00e9nergie. Diff\u00e9rentes configurations sont possibles selon les besoins locaux et le climat, comme les ombri\u00e8res photovolta\u00efques, les panneaux verticaux ou les canop\u00e9es sur\u00e9lev\u00e9es.<\/p>\n\n\n\n<h2 class=\"wp-block-heading\"><strong>\u00c9tat des lieux de l\u2019agriculture et du photovolta\u00efque<\/strong><\/h2>\n\n\n\n<p>L\u2019agriculture est un pilier \u00e9conomique, social et environnemental. Son mod\u00e8le \u00e9cologique vise l\u2019efficacit\u00e9 des ressources naturelles et la r\u00e9duction des impacts n\u00e9gatifs sur l\u2019environnement. Cependant, la pression sur les terres agricoles augmente avec une hausse des prix et une diminution de la surface agricole utilis\u00e9e (SAU).<ins> <\/ins><del><\/del><\/p>\n\n\n\n<p>Les objectifs r\u00e9gionaux fix\u00e9s dans le <ins><a href=\"https:\/\/energie.wallonie.be\/fr\/21-03-2023-plan-air-climat-energie-2030.html?IDD=168395&amp;IDC=8187\" target=\"_blank\" rel=\"noreferrer noopener\">Plan Air Climat \u00c9nergie<\/a><\/ins> (PACE) visent 5100 GWh de production solaire annuelle d\u2019ici 2030, mais le rythme actuel des installations est insuffisant. L&rsquo;agrivolta\u00efsme pourrait couvrir 1 % de la SAU pour aider \u00e0 atteindre cet objectif.<\/p>\n\n\n\n<h2 class=\"wp-block-heading\"><strong>\u00c9tat des connaissances sur l\u2019agrivolta\u00efsme<\/strong><\/h2>\n\n\n\n<p>L\u2019agrivolta\u00efsme prend plusieurs formes, allant de syst\u00e8mes au sol \u00e0 des panneaux mont\u00e9s sur pilotis, et peut s\u2019adapter \u00e0 diff\u00e9rentes cultures (annuelles ou p\u00e9rennes) ou types de productions (cultures, p\u00e2turage). Les impacts sur la productivit\u00e9 agricole d\u00e9pendent de facteurs comme l\u2019intensit\u00e9 de l\u2019ombrage et la conception des installations, qui influencent directement les rendements des cultures.<\/p>\n\n\n\n<p><em><strong>Impact de l\u2019ombrage sur les cultures et le p\u00e2turage<\/strong><\/em><\/p>\n\n\n\n<p>L\u2019ombre g\u00e9n\u00e9r\u00e9e par les panneaux peut affecter la photosynth\u00e8se, mais certains syst\u00e8mes permettent de maintenir, voire d&rsquo;am\u00e9liorer, la production agricole. Des esp\u00e8ces comme les framboisiers et certaines herbac\u00e9es peuvent tol\u00e9rer l\u2019ombrage, tandis que les panneaux peuvent offrir une protection contre les intemp\u00e9ries.<\/p>\n\n\n\n<p>Le p\u00e2turage sous panneaux, principalement pour les moutons, montre des r\u00e9sultats positifs, avec une production de fourrage souvent am\u00e9lior\u00e9e sous les panneaux.<\/p>\n\n\n\n<p><em><strong>Conception technique<\/strong><\/em><\/p>\n\n\n\n<p>L\u2019optimisation des param\u00e8tres techniques (hauteur, inclinaison, orientation des panneaux) est cruciale pour maximiser \u00e0 la fois la productivit\u00e9 agricole et \u00e9nerg\u00e9tique. Des outils de simulation comme le logiciel PASE 1.0 permettent de mod\u00e9liser diff\u00e9rents sc\u00e9narios afin d\u2019optimiser ces configurations.<\/p>\n\n\n\n<p><em><strong>Le Land Equivalent Ratio<\/strong><\/em><\/p>\n\n\n\n<p>Le Land Equivalent Ratio (LER) est utilis\u00e9 pour mesurer l\u2019efficacit\u00e9 des syst\u00e8mes agrivolta\u00efques en combinant les rendements agricoles et \u00e9nerg\u00e9tiques. Il permet de comparer les projets agrivolta\u00efques \u00e0 une utilisation s\u00e9par\u00e9e des terres pour l\u2019agriculture et l\u2019\u00e9nergie, et d\u2019\u00e9valuer la viabilit\u00e9 \u00e9conomique et environnementale des projets.<\/p>\n\n\n\n<p><strong>Situation de l&rsquo;agrivolta\u00efsme en Wallonie<\/strong><\/p>\n\n\n\n<p>L&rsquo;agrivolta\u00efsme en Wallonie en est encore \u00e0 ses balbutiements, bien que le potentiel de d\u00e9veloppement soit significatif. Actuellement, un seul projet agrivolta\u00efque majeur est en exploitation \u00e0 Wierde, avec une capacit\u00e9 install\u00e9e de 10 MWc sur une surface de 14 hectares. Ce projet combine des activit\u00e9s agricoles comme l&rsquo;\u00e9levage de moutons et l&rsquo;apiculture. Cependant, il suscite des d\u00e9bats en raison de l&rsquo;absence d&rsquo;un cadre r\u00e9glementaire clair et d&rsquo;un consensus autour de sa mise en \u0153uvre. En outre, plusieurs petites installations sous forme de serres agrivolta\u00efques sont en place \u00e0 Ath, Gembloux et Mons, avec un projet en construction \u00e0 Chimay. Ces initiatives t\u00e9moignent d&rsquo;une volont\u00e9 d&rsquo;exp\u00e9rimentation, mais elles restent rares.<\/p>\n\n\n\n<p>Un ph\u00e9nom\u00e8ne d&rsquo;auto-censure semble \u00e9galement affecter le d\u00e9veloppement du secteur. Les acteurs, confront\u00e9s \u00e0 des blocages administratifs et \u00e0 une m\u00e9fiance g\u00e9n\u00e9rale, h\u00e9sitent \u00e0 proposer de nouveaux projets. Pourtant, les contacts entre agriculteurs et d\u00e9veloppeurs r\u00e9v\u00e8lent l&rsquo;existence de nombreuses autres opportunit\u00e9s viables. L&rsquo;absence de cadre l\u00e9gislatif et l&rsquo;incertitude entourant ces projets freinent l&rsquo;initiative et limitent les propositions soumises \u00e0 approbation.<\/p>\n\n\n\n<p>Afin de structurer le d\u00e9veloppement futur, trois sc\u00e9narios distincts ont \u00e9t\u00e9 \u00e9labor\u00e9s pour identifier les zones propices \u00e0 l&rsquo;agrivolta\u00efsme. Ces sc\u00e9narios varient en fonction de l&rsquo;accessibilit\u00e9 et de la proximit\u00e9 avec les infrastructures existantes. Le premier sc\u00e9nario favorise les installations dans les zones artificialis\u00e9es et urbaines, excluant les terres arables. Le deuxi\u00e8me, plus souple, permet des projets dans les zones semi-urbaines, tout en pr\u00e9servant les terres arables. Le troisi\u00e8me sc\u00e9nario inclut les terres \u00e0 cultures mixtes, mais continue d&rsquo;exclure les terres arables.<\/p>\n\n\n\n<p>Enfin, la mise en place d&rsquo;un cadre l\u00e9gislatif plus clair et la cr\u00e9ation d\u2019un observatoire pourraient r\u00e9pondre aux interrogations des parties prenantes et encourager un d\u00e9veloppement plus structur\u00e9 et p\u00e9renne de l&rsquo;agrivolta\u00efsme en Wallonie.<\/p>\n\n\n\n<p><strong>Les recommandations d\u2019acteurs<\/strong><\/p>\n\n\n\n<p><a href=\"https:\/\/clusters.wallonie.be\/tweed\/sites\/tweed\/files\/2024-07\/Livre%20Blanc%20-%20Agrivoltai%CC%88sme%20en%20Wallonie.pdf\" target=\"_blank\" rel=\"noreferrer noopener\">Le livre-blanc sur l\u2019agrivolta\u00efsme en Wallonie<\/a>, confectionn\u00e9 par divers acteurs, formule les recommandations suivantes.<\/p>\n\n\n\n<ul class=\"wp-block-list\">\n<li>Il est propos\u00e9 de limiter l&rsquo;agrivolta\u00efsme \u00e0 une proportion minoritaire dans le d\u00e9veloppement photovolta\u00efque global, privil\u00e9giant d&rsquo;abord les surfaces non agricoles. Un quota pourrait \u00eatre fix\u00e9, par exemple, en limitant la puissance agrivolta\u00efque \u00e0 30 % de celle install\u00e9e sur les toits.<\/li>\n<\/ul>\n\n\n\n<ul class=\"wp-block-list\">\n<li>L&rsquo;installation de panneaux solaires devrait \u00eatre pr\u00e9c\u00e9d\u00e9e par une mise en place de photovolta\u00efque pour l\u2019autoconsommation.<\/li>\n<\/ul>\n\n\n\n<ul class=\"wp-block-list\">\n<li>Quatre conditions devraient constituer un pr\u00e9alable \u00e0 tout projet agrivolta\u00efque : la conduite d\u2019\u00e9tudes sur l\u2019impact agricole et foncier, la clarification des termes r\u00e9glementaires, la cr\u00e9ation d\u2019un comit\u00e9 consultatif et des formations sp\u00e9cifiques pour les promoteurs d\u2019\u00e9nergie.<\/li>\n<\/ul>\n\n\n\n<p>Les syndicats agricoles insistent sur l\u2019importance de respecter ces \u00e9tapes avant de lancer des projets pilotes, pour s\u2019assurer que l&rsquo;agrivolta\u00efsme ne d\u00e9marre pas avant 2030. D\u2019autres mesures incluent la cr\u00e9ation d\u2019un observatoire ind\u00e9pendant pour \u00e9valuer les projets et un encadrement contractuel garantissant la protection des agriculteurs.<\/p>\n\n\n\n<p>Enfin, le secteur des \u00e9nergies renouvelables recommande de valoriser localement l\u2019\u00e9nergie produite, de d\u00e9finir des seuils d&rsquo;impact acceptable sur la productivit\u00e9 agricole et d&rsquo;encourager l&rsquo;installation de centrales photovolta\u00efques au sol, tout en encadrant leur d\u00e9veloppement.<\/p>\n\n\n\n<h2 class=\"wp-block-heading\">Une synergie pr\u00e9cieuse pour un avenir durable<\/h2>\n\n\n\n<p><a href=\"https:\/\/www.renouvelle.be\/fr\/namur-le-premier-projet-agrivoltaique-de-belgique-produira-avant-la-fin-de-lete\/\" target=\"_blank\" rel=\"noreferrer noopener\">L&rsquo;agrivolta\u00efsme<\/a> repr\u00e9sente une opportunit\u00e9 pr\u00e9cieuse pour concilier la production agricole et l&rsquo;\u00e9nergie solaire, r\u00e9pondant ainsi \u00e0 des enjeux environnementaux et sociaux cruciaux. Alors que la Wallonie fait face \u00e0 une pression croissante sur ses terres agricoles et doit atteindre des objectifs ambitieux en mati\u00e8re de production d&rsquo;\u00e9nergie renouvelable, l&rsquo;agrivolta\u00efsme offre une solution innovante.<\/p>\n\n\n\n<p>Ce mod\u00e8le permet non seulement d&rsquo;accro\u00eetre la production d&rsquo;\u00e9nergie solaire, mais aussi d&rsquo;enrichir la biodiversit\u00e9 et de maintenir des pratiques agricoles durables. Les syst\u00e8mes agrivolta\u00efques peuvent am\u00e9liorer les rendements en fournissant une ombre b\u00e9n\u00e9fique aux cultures, tout en prot\u00e9geant les animaux du soleil et des intemp\u00e9ries.<\/p>\n\n\n\n<p>Il est \u00e9vident que la lutte pour l&rsquo;usage des terres est un enjeu social et \u00e9conomique consid\u00e9rable. \u00c0 ce titre, placer des syst\u00e8mes agrivolta\u00efques pr\u00e8s des champs d&rsquo;\u00e9oliennes permettrait de mutualiser les connexions au r\u00e9seau \u00e9lectrique, minimisant ainsi l&rsquo;usage des ressources et les co\u00fbts financiers. Les \u00e9oliennes et les panneaux solaires, souvent compl\u00e9mentaires dans leur production, renforcent l&rsquo;efficacit\u00e9 du syst\u00e8me.<\/p>\n\n\n\n<p>Cependant, pour lib\u00e9rer le potentiel de l\u2019agrivolta\u00efsme, un cadre r\u00e9glementaire clair est essentiel. La cr\u00e9ation d&rsquo;un observatoire pour \u00e9valuer l&rsquo;impact des projets et la d\u00e9finition de quotas pour garantir une utilisation \u00e9quilibr\u00e9e des terres sont indispensables. En impliquant les agriculteurs et les d\u00e9veloppeurs d\u00e8s le d\u00e9but, nous pourrons surmonter les freins administratifs et maximiser les b\u00e9n\u00e9fices pour les communaut\u00e9s locales.<\/p>\n\n\n\n<p>En conclusion, l\u2019agrivolta\u00efsme doit \u00eatre int\u00e9gr\u00e9 dans notre strat\u00e9gie de d\u00e9veloppement durable, visant \u00e0 pr\u00e9server l\u2019int\u00e9grit\u00e9 de nos terres tout en r\u00e9pondant \u00e0 nos besoins \u00e9nerg\u00e9tiques croissants.<\/p>\n","protected":false},"excerpt":{"rendered":"<p>L&rsquo;agrivolta\u00efsme d\u00e9signe la combinaison de la production agricole et de l\u2019\u00e9nergie solaire sur une m\u00eame parcelle. Il permet de produire des cultures, d\u2019\u00e9lever des animaux tout en installant des panneaux photovolta\u00efques pour cr\u00e9er des synergies entre agriculture et \u00e9nergie. Diff\u00e9rentes configurations sont possibles selon les besoins locaux et le climat, comme les ombri\u00e8res photovolta\u00efques, les panneaux verticaux ou les canop\u00e9es sur\u00e9lev\u00e9es. \u00c9tat des lieux de l\u2019agriculture et du photovolta\u00efque L\u2019agriculture est un pilier \u00e9conomique, social et environnemental. Son mod\u00e8le \u00e9cologique vise l\u2019efficacit\u00e9 des ressources naturelles et la r\u00e9duction des impacts n\u00e9gatifs sur l\u2019environnement. Cependant, la pression sur les terres agricoles augmente avec une hausse des prix et une diminution de la surface agricole utilis\u00e9e (SAU). Les objectifs r\u00e9gionaux fix\u00e9s dans le Plan Air Climat \u00c9nergie (PACE) visent 5100 GWh de production solaire annuelle d\u2019ici 2030, mais le rythme actuel des installations est insuffisant. L&rsquo;agrivolta\u00efsme pourrait couvrir 1 % de la SAU pour aider \u00e0 atteindre cet objectif. \u00c9tat des connaissances sur l\u2019agrivolta\u00efsme L\u2019agrivolta\u00efsme prend plusieurs formes, allant de syst\u00e8mes au sol \u00e0 des panneaux mont\u00e9s sur pilotis, et peut s\u2019adapter \u00e0 diff\u00e9rentes cultures (annuelles ou p\u00e9rennes) ou types de productions (cultures, p\u00e2turage). Les impacts sur la productivit\u00e9 agricole d\u00e9pendent de facteurs comme l\u2019intensit\u00e9 de l\u2019ombrage et la conception des installations, qui influencent directement les rendements des cultures. Impact de l\u2019ombrage sur les cultures et le p\u00e2turage L\u2019ombre g\u00e9n\u00e9r\u00e9e par les panneaux peut affecter la photosynth\u00e8se, mais certains syst\u00e8mes permettent de maintenir, voire d&rsquo;am\u00e9liorer, la production agricole. Des esp\u00e8ces comme les framboisiers et certaines herbac\u00e9es peuvent tol\u00e9rer l\u2019ombrage, tandis que les panneaux peuvent offrir une protection contre les intemp\u00e9ries. Le p\u00e2turage sous panneaux, principalement pour les moutons, montre des r\u00e9sultats positifs, avec une production de fourrage souvent am\u00e9lior\u00e9e sous les panneaux. &hellip; <a href=\"https:\/\/www.renouvelle.be\/fr\/agrivoltaisme-un-enjeu-pour-la-transition-energetique-en-wallonie\/\" class=\"more-link\">Continue reading<span class=\"screen-reader-text\"> \u00ab\u00a0L\u2019agrivolta\u00efsme: un enjeu pour la transition \u00e9nerg\u00e9tique en Wallonie\u00a0\u00bb<\/span><\/a><\/p>\n","protected":false},"author":17,"featured_media":14421,"comment_status":"closed","ping_status":"closed","sticky":false,"template":"","format":"standard","meta":{"_acf_changed":false,"footnotes":""},"categories":[63],"tags":[],"section":[13],"class_list":["post-14416","post","type-post","status-publish","format-standard","has-post-thumbnail","hentry","category-analyses","section-solaire"],"acf":[],"yoast_head":"<!-- This site is optimized with the Yoast SEO plugin v27.5 - https:\/\/yoast.com\/product\/yoast-seo-wordpress\/ -->\n<title>L\u2019agrivolta\u00efsme: un enjeu pour la transition \u00e9nerg\u00e9tique en Wallonie - Renouvelle<\/title>\n<meta name=\"description\" content=\"L&#039;agrivolta\u00efsme en Wallonie pourrait-il r\u00e9pondre aux objectifs en \u00e9nergie renouvelable tout en pr\u00e9servant l&#039;int\u00e9grit\u00e9 des terres ?\" \/>\n<meta name=\"robots\" content=\"index, follow, max-snippet:-1, max-image-preview:large, max-video-preview:-1\" \/>\n<link rel=\"canonical\" href=\"https:\/\/www.renouvelle.be\/fr\/agrivoltaisme-un-enjeu-pour-la-transition-energetique-en-wallonie\/\" \/>\n<meta property=\"og:locale\" content=\"fr_FR\" \/>\n<meta property=\"og:type\" content=\"article\" \/>\n<meta property=\"og:title\" content=\"L\u2019agrivolta\u00efsme: un enjeu pour la transition \u00e9nerg\u00e9tique en Wallonie - Renouvelle\" \/>\n<meta property=\"og:description\" content=\"L&#039;agrivolta\u00efsme en Wallonie pourrait-il r\u00e9pondre aux objectifs en \u00e9nergie renouvelable tout en pr\u00e9servant l&#039;int\u00e9grit\u00e9 des terres ?\" \/>\n<meta property=\"og:url\" content=\"https:\/\/www.renouvelle.be\/fr\/agrivoltaisme-un-enjeu-pour-la-transition-energetique-en-wallonie\/\" \/>\n<meta property=\"og:site_name\" content=\"Renouvelle\" \/>\n<meta property=\"article:published_time\" content=\"2024-12-05T09:32:08+00:00\" \/>\n<meta property=\"article:modified_time\" content=\"2024-12-05T09:32:13+00:00\" \/>\n<meta property=\"og:image\" content=\"https:\/\/www.renouvelle.be\/wp-content\/uploads\/2024\/12\/raphael-cruz-IwY-27ceRCA-unsplash-scaled-e1733388056843.jpg\" \/>\n\t<meta property=\"og:image:width\" content=\"2560\" \/>\n\t<meta property=\"og:image:height\" content=\"1583\" \/>\n\t<meta property=\"og:image:type\" content=\"image\/jpeg\" \/>\n<meta name=\"author\" content=\"Benjamin WILKIN\" \/>\n<meta name=\"twitter:card\" content=\"summary_large_image\" \/>\n<script type=\"application\/ld+json\" class=\"yoast-schema-graph\">{\"@context\":\"https:\\\/\\\/schema.org\",\"@graph\":[{\"@type\":\"Article\",\"@id\":\"https:\\\/\\\/www.renouvelle.be\\\/fr\\\/agrivoltaisme-un-enjeu-pour-la-transition-energetique-en-wallonie\\\/#article\",\"isPartOf\":{\"@id\":\"https:\\\/\\\/www.renouvelle.be\\\/fr\\\/agrivoltaisme-un-enjeu-pour-la-transition-energetique-en-wallonie\\\/\"},\"author\":{\"name\":\"Benjamin WILKIN\",\"@id\":\"https:\\\/\\\/www.renouvelle.be\\\/fr\\\/#\\\/schema\\\/person\\\/20d41a25c5a48ee6500cc1a14288f058\"},\"headline\":\"L\u2019agrivolta\u00efsme: un enjeu pour la transition \u00e9nerg\u00e9tique en Wallonie\",\"datePublished\":\"2024-12-05T09:32:08+00:00\",\"dateModified\":\"2024-12-05T09:32:13+00:00\",\"mainEntityOfPage\":{\"@id\":\"https:\\\/\\\/www.renouvelle.be\\\/fr\\\/agrivoltaisme-un-enjeu-pour-la-transition-energetique-en-wallonie\\\/\"},\"wordCount\":1336,\"image\":{\"@id\":\"https:\\\/\\\/www.renouvelle.be\\\/fr\\\/agrivoltaisme-un-enjeu-pour-la-transition-energetique-en-wallonie\\\/#primaryimage\"},\"thumbnailUrl\":\"https:\\\/\\\/www.renouvelle.be\\\/wp-content\\\/uploads\\\/2024\\\/12\\\/raphael-cruz-IwY-27ceRCA-unsplash-scaled-e1733388056843.jpg\",\"articleSection\":[\"Analyses\"],\"inLanguage\":\"fr-FR\"},{\"@type\":\"WebPage\",\"@id\":\"https:\\\/\\\/www.renouvelle.be\\\/fr\\\/agrivoltaisme-un-enjeu-pour-la-transition-energetique-en-wallonie\\\/\",\"url\":\"https:\\\/\\\/www.renouvelle.be\\\/fr\\\/agrivoltaisme-un-enjeu-pour-la-transition-energetique-en-wallonie\\\/\",\"name\":\"L\u2019agrivolta\u00efsme: un enjeu pour la transition \u00e9nerg\u00e9tique en Wallonie - Renouvelle\",\"isPartOf\":{\"@id\":\"https:\\\/\\\/www.renouvelle.be\\\/fr\\\/#website\"},\"primaryImageOfPage\":{\"@id\":\"https:\\\/\\\/www.renouvelle.be\\\/fr\\\/agrivoltaisme-un-enjeu-pour-la-transition-energetique-en-wallonie\\\/#primaryimage\"},\"image\":{\"@id\":\"https:\\\/\\\/www.renouvelle.be\\\/fr\\\/agrivoltaisme-un-enjeu-pour-la-transition-energetique-en-wallonie\\\/#primaryimage\"},\"thumbnailUrl\":\"https:\\\/\\\/www.renouvelle.be\\\/wp-content\\\/uploads\\\/2024\\\/12\\\/raphael-cruz-IwY-27ceRCA-unsplash-scaled-e1733388056843.jpg\",\"datePublished\":\"2024-12-05T09:32:08+00:00\",\"dateModified\":\"2024-12-05T09:32:13+00:00\",\"author\":{\"@id\":\"https:\\\/\\\/www.renouvelle.be\\\/fr\\\/#\\\/schema\\\/person\\\/20d41a25c5a48ee6500cc1a14288f058\"},\"description\":\"L'agrivolta\u00efsme en Wallonie pourrait-il r\u00e9pondre aux objectifs en \u00e9nergie renouvelable tout en pr\u00e9servant l'int\u00e9grit\u00e9 des terres ?\",\"breadcrumb\":{\"@id\":\"https:\\\/\\\/www.renouvelle.be\\\/fr\\\/agrivoltaisme-un-enjeu-pour-la-transition-energetique-en-wallonie\\\/#breadcrumb\"},\"inLanguage\":\"fr-FR\",\"potentialAction\":[{\"@type\":\"ReadAction\",\"target\":[\"https:\\\/\\\/www.renouvelle.be\\\/fr\\\/agrivoltaisme-un-enjeu-pour-la-transition-energetique-en-wallonie\\\/\"]}]},{\"@type\":\"ImageObject\",\"inLanguage\":\"fr-FR\",\"@id\":\"https:\\\/\\\/www.renouvelle.be\\\/fr\\\/agrivoltaisme-un-enjeu-pour-la-transition-energetique-en-wallonie\\\/#primaryimage\",\"url\":\"https:\\\/\\\/www.renouvelle.be\\\/wp-content\\\/uploads\\\/2024\\\/12\\\/raphael-cruz-IwY-27ceRCA-unsplash-scaled-e1733388056843.jpg\",\"contentUrl\":\"https:\\\/\\\/www.renouvelle.be\\\/wp-content\\\/uploads\\\/2024\\\/12\\\/raphael-cruz-IwY-27ceRCA-unsplash-scaled-e1733388056843.jpg\",\"width\":2560,\"height\":1583},{\"@type\":\"BreadcrumbList\",\"@id\":\"https:\\\/\\\/www.renouvelle.be\\\/fr\\\/agrivoltaisme-un-enjeu-pour-la-transition-energetique-en-wallonie\\\/#breadcrumb\",\"itemListElement\":[{\"@type\":\"ListItem\",\"position\":1,\"name\":\"Accueil\",\"item\":\"https:\\\/\\\/www.renouvelle.be\\\/fr\\\/\"},{\"@type\":\"ListItem\",\"position\":2,\"name\":\"L\u2019agrivolta\u00efsme: un enjeu pour la transition \u00e9nerg\u00e9tique en Wallonie\"}]},{\"@type\":\"WebSite\",\"@id\":\"https:\\\/\\\/www.renouvelle.be\\\/fr\\\/#website\",\"url\":\"https:\\\/\\\/www.renouvelle.be\\\/fr\\\/\",\"name\":\"Renouvelle\",\"description\":\"L&#039;actualit\u00e9 de l&#039;\u00e9nergie durable\",\"potentialAction\":[{\"@type\":\"SearchAction\",\"target\":{\"@type\":\"EntryPoint\",\"urlTemplate\":\"https:\\\/\\\/www.renouvelle.be\\\/fr\\\/?s={search_term_string}\"},\"query-input\":{\"@type\":\"PropertyValueSpecification\",\"valueRequired\":true,\"valueName\":\"search_term_string\"}}],\"inLanguage\":\"fr-FR\"},{\"@type\":\"Person\",\"@id\":\"https:\\\/\\\/www.renouvelle.be\\\/fr\\\/#\\\/schema\\\/person\\\/20d41a25c5a48ee6500cc1a14288f058\",\"name\":\"Benjamin WILKIN\",\"url\":\"https:\\\/\\\/www.renouvelle.be\\\/fr\\\/author\\\/benjaminwilkin\\\/\"}]}<\/script>\n<!-- \/ Yoast SEO plugin. -->","yoast_head_json":{"title":"L\u2019agrivolta\u00efsme: un enjeu pour la transition \u00e9nerg\u00e9tique en Wallonie - Renouvelle","description":"L'agrivolta\u00efsme en Wallonie pourrait-il r\u00e9pondre aux objectifs en \u00e9nergie renouvelable tout en pr\u00e9servant l'int\u00e9grit\u00e9 des terres ?","robots":{"index":"index","follow":"follow","max-snippet":"max-snippet:-1","max-image-preview":"max-image-preview:large","max-video-preview":"max-video-preview:-1"},"canonical":"https:\/\/www.renouvelle.be\/fr\/agrivoltaisme-un-enjeu-pour-la-transition-energetique-en-wallonie\/","og_locale":"fr_FR","og_type":"article","og_title":"L\u2019agrivolta\u00efsme: un enjeu pour la transition \u00e9nerg\u00e9tique en Wallonie - Renouvelle","og_description":"L'agrivolta\u00efsme en Wallonie pourrait-il r\u00e9pondre aux objectifs en \u00e9nergie renouvelable tout en pr\u00e9servant l'int\u00e9grit\u00e9 des terres ?","og_url":"https:\/\/www.renouvelle.be\/fr\/agrivoltaisme-un-enjeu-pour-la-transition-energetique-en-wallonie\/","og_site_name":"Renouvelle","article_published_time":"2024-12-05T09:32:08+00:00","article_modified_time":"2024-12-05T09:32:13+00:00","og_image":[{"width":2560,"height":1583,"url":"https:\/\/www.renouvelle.be\/wp-content\/uploads\/2024\/12\/raphael-cruz-IwY-27ceRCA-unsplash-scaled-e1733388056843.jpg","type":"image\/jpeg"}],"author":"Benjamin WILKIN","twitter_card":"summary_large_image","schema":{"@context":"https:\/\/schema.org","@graph":[{"@type":"Article","@id":"https:\/\/www.renouvelle.be\/fr\/agrivoltaisme-un-enjeu-pour-la-transition-energetique-en-wallonie\/#article","isPartOf":{"@id":"https:\/\/www.renouvelle.be\/fr\/agrivoltaisme-un-enjeu-pour-la-transition-energetique-en-wallonie\/"},"author":{"name":"Benjamin WILKIN","@id":"https:\/\/www.renouvelle.be\/fr\/#\/schema\/person\/20d41a25c5a48ee6500cc1a14288f058"},"headline":"L\u2019agrivolta\u00efsme: un enjeu pour la transition \u00e9nerg\u00e9tique en Wallonie","datePublished":"2024-12-05T09:32:08+00:00","dateModified":"2024-12-05T09:32:13+00:00","mainEntityOfPage":{"@id":"https:\/\/www.renouvelle.be\/fr\/agrivoltaisme-un-enjeu-pour-la-transition-energetique-en-wallonie\/"},"wordCount":1336,"image":{"@id":"https:\/\/www.renouvelle.be\/fr\/agrivoltaisme-un-enjeu-pour-la-transition-energetique-en-wallonie\/#primaryimage"},"thumbnailUrl":"https:\/\/www.renouvelle.be\/wp-content\/uploads\/2024\/12\/raphael-cruz-IwY-27ceRCA-unsplash-scaled-e1733388056843.jpg","articleSection":["Analyses"],"inLanguage":"fr-FR"},{"@type":"WebPage","@id":"https:\/\/www.renouvelle.be\/fr\/agrivoltaisme-un-enjeu-pour-la-transition-energetique-en-wallonie\/","url":"https:\/\/www.renouvelle.be\/fr\/agrivoltaisme-un-enjeu-pour-la-transition-energetique-en-wallonie\/","name":"L\u2019agrivolta\u00efsme: un enjeu pour la transition \u00e9nerg\u00e9tique en Wallonie - Renouvelle","isPartOf":{"@id":"https:\/\/www.renouvelle.be\/fr\/#website"},"primaryImageOfPage":{"@id":"https:\/\/www.renouvelle.be\/fr\/agrivoltaisme-un-enjeu-pour-la-transition-energetique-en-wallonie\/#primaryimage"},"image":{"@id":"https:\/\/www.renouvelle.be\/fr\/agrivoltaisme-un-enjeu-pour-la-transition-energetique-en-wallonie\/#primaryimage"},"thumbnailUrl":"https:\/\/www.renouvelle.be\/wp-content\/uploads\/2024\/12\/raphael-cruz-IwY-27ceRCA-unsplash-scaled-e1733388056843.jpg","datePublished":"2024-12-05T09:32:08+00:00","dateModified":"2024-12-05T09:32:13+00:00","author":{"@id":"https:\/\/www.renouvelle.be\/fr\/#\/schema\/person\/20d41a25c5a48ee6500cc1a14288f058"},"description":"L'agrivolta\u00efsme en Wallonie pourrait-il r\u00e9pondre aux objectifs en \u00e9nergie renouvelable tout en pr\u00e9servant l'int\u00e9grit\u00e9 des terres ?","breadcrumb":{"@id":"https:\/\/www.renouvelle.be\/fr\/agrivoltaisme-un-enjeu-pour-la-transition-energetique-en-wallonie\/#breadcrumb"},"inLanguage":"fr-FR","potentialAction":[{"@type":"ReadAction","target":["https:\/\/www.renouvelle.be\/fr\/agrivoltaisme-un-enjeu-pour-la-transition-energetique-en-wallonie\/"]}]},{"@type":"ImageObject","inLanguage":"fr-FR","@id":"https:\/\/www.renouvelle.be\/fr\/agrivoltaisme-un-enjeu-pour-la-transition-energetique-en-wallonie\/#primaryimage","url":"https:\/\/www.renouvelle.be\/wp-content\/uploads\/2024\/12\/raphael-cruz-IwY-27ceRCA-unsplash-scaled-e1733388056843.jpg","contentUrl":"https:\/\/www.renouvelle.be\/wp-content\/uploads\/2024\/12\/raphael-cruz-IwY-27ceRCA-unsplash-scaled-e1733388056843.jpg","width":2560,"height":1583},{"@type":"BreadcrumbList","@id":"https:\/\/www.renouvelle.be\/fr\/agrivoltaisme-un-enjeu-pour-la-transition-energetique-en-wallonie\/#breadcrumb","itemListElement":[{"@type":"ListItem","position":1,"name":"Accueil","item":"https:\/\/www.renouvelle.be\/fr\/"},{"@type":"ListItem","position":2,"name":"L\u2019agrivolta\u00efsme: un enjeu pour la transition \u00e9nerg\u00e9tique en Wallonie"}]},{"@type":"WebSite","@id":"https:\/\/www.renouvelle.be\/fr\/#website","url":"https:\/\/www.renouvelle.be\/fr\/","name":"Renouvelle","description":"L&#039;actualit\u00e9 de l&#039;\u00e9nergie durable","potentialAction":[{"@type":"SearchAction","target":{"@type":"EntryPoint","urlTemplate":"https:\/\/www.renouvelle.be\/fr\/?s={search_term_string}"},"query-input":{"@type":"PropertyValueSpecification","valueRequired":true,"valueName":"search_term_string"}}],"inLanguage":"fr-FR"},{"@type":"Person","@id":"https:\/\/www.renouvelle.be\/fr\/#\/schema\/person\/20d41a25c5a48ee6500cc1a14288f058","name":"Benjamin WILKIN","url":"https:\/\/www.renouvelle.be\/fr\/author\/benjaminwilkin\/"}]}},"_links":{"self":[{"href":"https:\/\/www.renouvelle.be\/fr\/wp-json\/wp\/v2\/posts\/14416","targetHints":{"allow":["GET"]}}],"collection":[{"href":"https:\/\/www.renouvelle.be\/fr\/wp-json\/wp\/v2\/posts"}],"about":[{"href":"https:\/\/www.renouvelle.be\/fr\/wp-json\/wp\/v2\/types\/post"}],"author":[{"embeddable":true,"href":"https:\/\/www.renouvelle.be\/fr\/wp-json\/wp\/v2\/users\/17"}],"replies":[{"embeddable":true,"href":"https:\/\/www.renouvelle.be\/fr\/wp-json\/wp\/v2\/comments?post=14416"}],"version-history":[{"count":7,"href":"https:\/\/www.renouvelle.be\/fr\/wp-json\/wp\/v2\/posts\/14416\/revisions"}],"predecessor-version":[{"id":14567,"href":"https:\/\/www.renouvelle.be\/fr\/wp-json\/wp\/v2\/posts\/14416\/revisions\/14567"}],"wp:featuredmedia":[{"embeddable":true,"href":"https:\/\/www.renouvelle.be\/fr\/wp-json\/wp\/v2\/media\/14421"}],"wp:attachment":[{"href":"https:\/\/www.renouvelle.be\/fr\/wp-json\/wp\/v2\/media?parent=14416"}],"wp:term":[{"taxonomy":"category","embeddable":true,"href":"https:\/\/www.renouvelle.be\/fr\/wp-json\/wp\/v2\/categories?post=14416"},{"taxonomy":"post_tag","embeddable":true,"href":"https:\/\/www.renouvelle.be\/fr\/wp-json\/wp\/v2\/tags?post=14416"},{"taxonomy":"section","embeddable":true,"href":"https:\/\/www.renouvelle.be\/fr\/wp-json\/wp\/v2\/section?post=14416"}],"curies":[{"name":"wp","href":"https:\/\/api.w.org\/{rel}","templated":true}]}}