{"id":14380,"date":"2024-12-03T13:25:17","date_gmt":"2024-12-03T12:25:17","guid":{"rendered":"https:\/\/www.renouvelle.be\/?p=14380"},"modified":"2025-01-08T09:17:13","modified_gmt":"2025-01-08T08:17:13","slug":"meteo-belge-et-photovoltaique-incompatibles","status":"publish","type":"post","link":"https:\/\/www.renouvelle.be\/fr\/meteo-belge-et-photovoltaique-incompatibles\/","title":{"rendered":"M\u00e9t\u00e9o belge et photovolta\u00efque : incompatibles ?"},"content":{"rendered":"\n<p>La m\u00e9t\u00e9o de notre plat pays est tr\u00e8s souvent critiqu\u00e9e pour ses averses fr\u00e9quentes et son manque d&rsquo;ensoleillement, ce qui est assez vrai si on la compare au sud de la France ou d&rsquo;autres pays europ\u00e9ens m\u00e9ridionaux. De ce fait, on entend parfois certains douter de l&rsquo;int\u00e9r\u00eat de l&rsquo;\u00e9nergie solaire en Belgique, consid\u00e9rant que cette \u00e9nergie aurait plus sa place dans les pays du sud de l&rsquo;Europe.<\/p>\n\n\n\n<p>M\u00eame s&rsquo;il est av\u00e9r\u00e9 qu&rsquo;un panneau photovolta\u00efque \u00e0 Madrid produira plus sur une ann\u00e9e que s&rsquo;il est plac\u00e9 \u00e0 Bruxelles, cela n&rsquo;implique pas qu\u2019installer des panneaux en Belgique n&rsquo;a aucun sens. Ces croyances reposent souvent sur l&rsquo;id\u00e9e que la production d&rsquo;\u00e9lectricit\u00e9 photovolta\u00efque n&rsquo;a lieu que lorsque le soleil brille dans un ciel sans nuages.<\/p>\n\n\n\n<p>En r\u00e9alit\u00e9, les panneaux produisent quand m\u00eame lorsque le soleil est cach\u00e9 par ces derniers, gr\u00e2ce au <strong>rayonnement diffus<\/strong>.<\/p>\n\n\n\n<h2 class=\"wp-block-heading\"><strong>Rayonnement diffus et rayonnement direct<\/strong><\/h2>\n\n\n\n<p>Les rayons du soleil peuvent atteindre directement le panneau, et transmettre une grande partie de leur \u00e9nergie \u00e0 celui-ci, c\u2019est ce qu\u2019on appelle le <strong>rayonnement direct<\/strong>.<\/p>\n\n\n\n<p>Mais le panneau re\u00e7oit \u00e9galement d&rsquo;autres rayonnements qui ont \u00e9t\u00e9 r\u00e9fl\u00e9chis sur d&rsquo;autres \u00e9l\u00e9ments environnants, tels que les nuages, le sol, ou simplement l&rsquo;air. Ce sont les <strong>rayonnements indirects<\/strong> ou <strong>diffus<\/strong>. Ceux-ci participent \u00e9galement \u00e0 la production \u00e9lectrique du panneau.<\/p>\n\n\n\n<p>En Belgique, le rayonnement diffus repr\u00e9sente entre 50 et 60% du rayonnement total re\u00e7u du soleil. <strong>Le rayonnement diffus est responsable d\u2019environ 35%<\/strong> <strong>de la production photovolta\u00efque annuelle<\/strong>.<\/p>\n\n\n<div class=\"wp-block-image\">\n<figure class=\"aligncenter size-full is-resized\"><img loading=\"lazy\" decoding=\"async\" width=\"797\" height=\"651\" src=\"https:\/\/www.renouvelle.be\/wp-content\/uploads\/2024\/12\/Rayonnement-diffus_Plan-de-travail-1_Plan-de-travail-1.jpg\" alt=\"\" class=\"wp-image-14400\" style=\"width:557px;height:auto\" srcset=\"https:\/\/www.renouvelle.be\/wp-content\/uploads\/2024\/12\/Rayonnement-diffus_Plan-de-travail-1_Plan-de-travail-1.jpg 797w, https:\/\/www.renouvelle.be\/wp-content\/uploads\/2024\/12\/Rayonnement-diffus_Plan-de-travail-1_Plan-de-travail-1-300x245.jpg 300w, https:\/\/www.renouvelle.be\/wp-content\/uploads\/2024\/12\/Rayonnement-diffus_Plan-de-travail-1_Plan-de-travail-1-768x627.jpg 768w\" sizes=\"auto, (max-width: 797px) 100vw, 797px\" \/><figcaption class=\"wp-element-caption\">Infographie : Renouvelle.be<\/figcaption><\/figure>\n<\/div>\n\n\n<p>Lorsque le ciel est nuageux mais que le soleil brille directement sur le panneau, le rayonnement diffus permet m\u00eame une productivit\u00e9 sup\u00e9rieure \u00e0 un ciel sans aucun nuage. Cela est d\u00fb au fait que les nuages sont blancs et r\u00e9fl\u00e9chissent bien la lumi\u00e8re. On dit qu&rsquo;ils ont un bon \u00ab\u00a0albedo\u00a0\u00bb, c&rsquo;est-\u00e0-dire un bon coefficient de r\u00e9flexion.<\/p>\n\n\n\n<p>Dans les deux graphiques ci-dessous, on peut observer la diff\u00e9rence entre une journ\u00e9e ensoleill\u00e9e sans aucun nuage, o\u00f9 le rayonnement direct est largement dominant, et une journ\u00e9e nuageuse parsem\u00e9e d&rsquo;\u00e9claircies, o\u00f9 le rayonnement diffus occupe une place importante de la production.<\/p>\n\n\n\n<div class=\"wp-block-group\"><div class=\"wp-block-group__inner-container is-layout-constrained wp-block-group-is-layout-constrained\"><div class=\"wp-block-image\">\n<figure class=\"aligncenter size-full is-resized\"><img loading=\"lazy\" decoding=\"async\" width=\"1000\" height=\"600\" src=\"https:\/\/www.renouvelle.be\/wp-content\/uploads\/2024\/11\/graphe2_nuageux.png\" alt=\"\" class=\"wp-image-14387\" style=\"width:687px;height:auto\" srcset=\"https:\/\/www.renouvelle.be\/wp-content\/uploads\/2024\/11\/graphe2_nuageux.png 1000w, https:\/\/www.renouvelle.be\/wp-content\/uploads\/2024\/11\/graphe2_nuageux-300x180.png 300w, https:\/\/www.renouvelle.be\/wp-content\/uploads\/2024\/11\/graphe2_nuageux-768x461.png 768w\" sizes=\"auto, (max-width: 1000px) 100vw, 1000px\" \/><figcaption class=\"wp-element-caption\">Simulation r\u00e9alis\u00e9e par <a href=\"https:\/\/energiecommune.be\/\" target=\"_blank\" rel=\"noreferrer noopener\">Energie Commune<\/a><\/figcaption><\/figure>\n<\/div><\/div><\/div>\n\n\n<div class=\"wp-block-image\">\n<figure class=\"aligncenter size-full is-resized\"><img loading=\"lazy\" decoding=\"async\" width=\"1000\" height=\"600\" src=\"https:\/\/www.renouvelle.be\/wp-content\/uploads\/2024\/11\/graphe1_degage.png\" alt=\"\" class=\"wp-image-14385\" style=\"width:687px;height:auto\" srcset=\"https:\/\/www.renouvelle.be\/wp-content\/uploads\/2024\/11\/graphe1_degage.png 1000w, https:\/\/www.renouvelle.be\/wp-content\/uploads\/2024\/11\/graphe1_degage-300x180.png 300w, https:\/\/www.renouvelle.be\/wp-content\/uploads\/2024\/11\/graphe1_degage-768x461.png 768w\" sizes=\"auto, (max-width: 1000px) 100vw, 1000px\" \/><figcaption class=\"wp-element-caption\">Simulation r\u00e9alis\u00e9e par Energie Commune<\/figcaption><\/figure>\n<\/div>\n\n\n<p>De plus, un climat temp\u00e9r\u00e9 comme celui de la Belgique a un effet positif sur les panneaux solaires qui surchauffent moins par rapport \u00e0 des latitudes plus basses. Bonne nouvelle donc puisque cela augmente le rendement de ces derniers comme nous vous en avions d\u00e9j\u00e0 fait part dans <a href=\"https:\/\/www.renouvelle.be\/fr\/temperature-et-panneaux-solaires-attention-a-la-surchauffe\/\" target=\"_blank\" rel=\"noreferrer noopener\">un de nos articles<\/a>.<\/p>\n\n\n\n<h2 class=\"wp-block-heading\"><strong>Mais en hiver alors&nbsp;?<\/strong><\/h2>\n\n\n\n<p>En hiver, on produit en moyenne 4 ou 5 fois moins qu&rsquo;en \u00e9t\u00e9&nbsp;: c\u2019est logique. Mais gr\u00e2ce au rayonnement diffus, on peut tout de m\u00eame couvrir une partie non n\u00e9gligeable de la consommation, m\u00eame avec peu tr\u00e8s peu d&rsquo;ensoleillement.<\/p>\n\n\n\n<p>Par exemple, un m\u00e9nage ayant une consommation annuelle de 2500 kWh et une production de 3500 kWh (environ 3,5 kWc install\u00e9s) peut couvrir environ 25% de sa consommation entre novembre et mars. Entre mai et ao\u00fbt, les panneaux de ce m\u00e9nage fourniront en moyenne 60% de ses besoins \u00e9lectriques.<\/p>\n\n\n\n<p>Sur une ann\u00e9e enti\u00e8re, ils permettent de r\u00e9aliser une r\u00e9elle \u00e9conomie sur la facture, bien que l&rsquo;hiver ne soit pas tr\u00e8s productif. Ce qui fait tout de m\u00eame 3 saisons sur 4 avec une productivit\u00e9 tr\u00e8s satisfaisante. &nbsp;<\/p>\n\n\n\n<p>A l&rsquo;avenir, des solutions de stockage inter-saisonnier se d\u00e9velopperont et permettront de stocker les surplus solaires de l&rsquo;\u00e9t\u00e9 pour les utiliser en hiver, comme par exemple les \u00e9lectrolyseurs ou encore <a href=\"https:\/\/www.renouvelle.be\/fr\/le-stockage-de-chaleur-souterrain-intersaisonnier-un-tresor-insoupconne\/#:~:text=Son%20principe%20est%20simple%20%3A%20apr%C3%A8s,quand%20on%20en%20a%20besoin.\" target=\"_blank\" rel=\"noreferrer noopener\">le stockage de chaleur souterrain<\/a>.<\/p>\n\n\n\n<p>La dur\u00e9e de vie des panneaux photovolta\u00efques, sous les latitudes belges, produiront environ 15 fois l&rsquo;\u00e9nergie qui a \u00e9t\u00e9 n\u00e9cessaire \u00e0 leur production. Cette productivit\u00e9 \u00e9lev\u00e9e est le fruit d&rsquo;am\u00e9liorations technologiques et industrielles, qui ont permis de concevoir les panneaux en r\u00e9duisant fortement les quantit\u00e9s de ressources n\u00e9cessaires \u00e0 leur fabrication.<\/p>\n\n\n\n<p><\/p>\n","protected":false},"excerpt":{"rendered":"<p>La m\u00e9t\u00e9o de notre plat pays est tr\u00e8s souvent critiqu\u00e9e pour ses averses fr\u00e9quentes et son manque d&rsquo;ensoleillement, ce qui est assez vrai si on la compare au sud de la France ou d&rsquo;autres pays europ\u00e9ens m\u00e9ridionaux. De ce fait, on entend parfois certains douter de l&rsquo;int\u00e9r\u00eat de l&rsquo;\u00e9nergie solaire en Belgique, consid\u00e9rant que cette \u00e9nergie aurait plus sa place dans les pays du sud de l&rsquo;Europe. M\u00eame s&rsquo;il est av\u00e9r\u00e9 qu&rsquo;un panneau photovolta\u00efque \u00e0 Madrid produira plus sur une ann\u00e9e que s&rsquo;il est plac\u00e9 \u00e0 Bruxelles, cela n&rsquo;implique pas qu\u2019installer des panneaux en Belgique n&rsquo;a aucun sens. Ces croyances reposent souvent sur l&rsquo;id\u00e9e que la production d&rsquo;\u00e9lectricit\u00e9 photovolta\u00efque n&rsquo;a lieu que lorsque le soleil brille dans un ciel sans nuages. En r\u00e9alit\u00e9, les panneaux produisent quand m\u00eame lorsque le soleil est cach\u00e9 par ces derniers, gr\u00e2ce au rayonnement diffus. Rayonnement diffus et rayonnement direct Les rayons du soleil peuvent atteindre directement le panneau, et transmettre une grande partie de leur \u00e9nergie \u00e0 celui-ci, c\u2019est ce qu\u2019on appelle le rayonnement direct. Mais le panneau re\u00e7oit \u00e9galement d&rsquo;autres rayonnements qui ont \u00e9t\u00e9 r\u00e9fl\u00e9chis sur d&rsquo;autres \u00e9l\u00e9ments environnants, tels que les nuages, le sol, ou simplement l&rsquo;air. Ce sont les rayonnements indirects ou diffus. Ceux-ci participent \u00e9galement \u00e0 la production \u00e9lectrique du panneau. En Belgique, le rayonnement diffus repr\u00e9sente entre 50 et 60% du rayonnement total re\u00e7u du soleil. Le rayonnement diffus est responsable d\u2019environ 35% de la production photovolta\u00efque annuelle. Lorsque le ciel est nuageux mais que le soleil brille directement sur le panneau, le rayonnement diffus permet m\u00eame une productivit\u00e9 sup\u00e9rieure \u00e0 un ciel sans aucun nuage. Cela est d\u00fb au fait que les nuages sont blancs et r\u00e9fl\u00e9chissent bien la lumi\u00e8re. On dit qu&rsquo;ils ont un bon \u00ab\u00a0albedo\u00a0\u00bb, c&rsquo;est-\u00e0-dire &hellip; <a href=\"https:\/\/www.renouvelle.be\/fr\/meteo-belge-et-photovoltaique-incompatibles\/\" class=\"more-link\">Continue reading<span class=\"screen-reader-text\"> \u00ab\u00a0M\u00e9t\u00e9o belge et photovolta\u00efque : incompatibles ?\u00a0\u00bb<\/span><\/a><\/p>\n","protected":false},"author":34,"featured_media":14395,"comment_status":"closed","ping_status":"closed","sticky":false,"template":"","format":"standard","meta":{"_acf_changed":false,"footnotes":""},"categories":[63],"tags":[],"section":[13],"class_list":["post-14380","post","type-post","status-publish","format-standard","has-post-thumbnail","hentry","category-analyses","section-solaire"],"acf":[],"yoast_head":"<!-- This site is optimized with the Yoast SEO plugin v27.5 - https:\/\/yoast.com\/product\/yoast-seo-wordpress\/ -->\n<title>M\u00e9t\u00e9o belge et photovolta\u00efque : incompatibles ? - Renouvelle<\/title>\n<meta name=\"description\" content=\"La Belgique, avec son temps nuageux, ne serait pas une zone id\u00e9ale pour une bonne rentabilit\u00e9 photovolta\u00efque ? Et le rayonnement diffus ?\" \/>\n<meta name=\"robots\" content=\"index, follow, max-snippet:-1, max-image-preview:large, max-video-preview:-1\" \/>\n<link rel=\"canonical\" href=\"https:\/\/www.renouvelle.be\/fr\/meteo-belge-et-photovoltaique-incompatibles\/\" \/>\n<meta property=\"og:locale\" content=\"fr_FR\" \/>\n<meta property=\"og:type\" content=\"article\" \/>\n<meta property=\"og:title\" content=\"M\u00e9t\u00e9o belge et photovolta\u00efque : incompatibles ? - Renouvelle\" \/>\n<meta property=\"og:description\" content=\"La Belgique, avec son temps nuageux, ne serait pas une zone id\u00e9ale pour une bonne rentabilit\u00e9 photovolta\u00efque ? Et le rayonnement diffus ?\" \/>\n<meta property=\"og:url\" content=\"https:\/\/www.renouvelle.be\/fr\/meteo-belge-et-photovoltaique-incompatibles\/\" \/>\n<meta property=\"og:site_name\" content=\"Renouvelle\" \/>\n<meta property=\"article:published_time\" content=\"2024-12-03T12:25:17+00:00\" \/>\n<meta property=\"article:modified_time\" content=\"2025-01-08T08:17:13+00:00\" \/>\n<meta property=\"og:image\" content=\"https:\/\/www.renouvelle.be\/wp-content\/uploads\/2024\/12\/AdobeStock_482971923-scaled.jpeg\" \/>\n\t<meta property=\"og:image:width\" content=\"2560\" \/>\n\t<meta property=\"og:image:height\" content=\"1707\" \/>\n\t<meta property=\"og:image:type\" content=\"image\/jpeg\" \/>\n<meta name=\"author\" content=\"Olivier BOVEROUX\" \/>\n<meta name=\"twitter:card\" content=\"summary_large_image\" \/>\n<script type=\"application\/ld+json\" class=\"yoast-schema-graph\">{\"@context\":\"https:\\\/\\\/schema.org\",\"@graph\":[{\"@type\":\"Article\",\"@id\":\"https:\\\/\\\/www.renouvelle.be\\\/fr\\\/meteo-belge-et-photovoltaique-incompatibles\\\/#article\",\"isPartOf\":{\"@id\":\"https:\\\/\\\/www.renouvelle.be\\\/fr\\\/meteo-belge-et-photovoltaique-incompatibles\\\/\"},\"author\":{\"name\":\"Olivier BOVEROUX\",\"@id\":\"https:\\\/\\\/www.renouvelle.be\\\/fr\\\/#\\\/schema\\\/person\\\/339d070b54005d1c9bb9996bc1f6f7c9\"},\"headline\":\"M\u00e9t\u00e9o belge et photovolta\u00efque : incompatibles ?\",\"datePublished\":\"2024-12-03T12:25:17+00:00\",\"dateModified\":\"2025-01-08T08:17:13+00:00\",\"mainEntityOfPage\":{\"@id\":\"https:\\\/\\\/www.renouvelle.be\\\/fr\\\/meteo-belge-et-photovoltaique-incompatibles\\\/\"},\"wordCount\":706,\"image\":{\"@id\":\"https:\\\/\\\/www.renouvelle.be\\\/fr\\\/meteo-belge-et-photovoltaique-incompatibles\\\/#primaryimage\"},\"thumbnailUrl\":\"https:\\\/\\\/www.renouvelle.be\\\/wp-content\\\/uploads\\\/2024\\\/12\\\/AdobeStock_482971923-scaled.jpeg\",\"articleSection\":[\"Analyses\"],\"inLanguage\":\"fr-FR\"},{\"@type\":\"WebPage\",\"@id\":\"https:\\\/\\\/www.renouvelle.be\\\/fr\\\/meteo-belge-et-photovoltaique-incompatibles\\\/\",\"url\":\"https:\\\/\\\/www.renouvelle.be\\\/fr\\\/meteo-belge-et-photovoltaique-incompatibles\\\/\",\"name\":\"M\u00e9t\u00e9o belge et photovolta\u00efque : incompatibles ? - Renouvelle\",\"isPartOf\":{\"@id\":\"https:\\\/\\\/www.renouvelle.be\\\/fr\\\/#website\"},\"primaryImageOfPage\":{\"@id\":\"https:\\\/\\\/www.renouvelle.be\\\/fr\\\/meteo-belge-et-photovoltaique-incompatibles\\\/#primaryimage\"},\"image\":{\"@id\":\"https:\\\/\\\/www.renouvelle.be\\\/fr\\\/meteo-belge-et-photovoltaique-incompatibles\\\/#primaryimage\"},\"thumbnailUrl\":\"https:\\\/\\\/www.renouvelle.be\\\/wp-content\\\/uploads\\\/2024\\\/12\\\/AdobeStock_482971923-scaled.jpeg\",\"datePublished\":\"2024-12-03T12:25:17+00:00\",\"dateModified\":\"2025-01-08T08:17:13+00:00\",\"author\":{\"@id\":\"https:\\\/\\\/www.renouvelle.be\\\/fr\\\/#\\\/schema\\\/person\\\/339d070b54005d1c9bb9996bc1f6f7c9\"},\"description\":\"La Belgique, avec son temps nuageux, ne serait pas une zone id\u00e9ale pour une bonne rentabilit\u00e9 photovolta\u00efque ? Et le rayonnement diffus ?\",\"breadcrumb\":{\"@id\":\"https:\\\/\\\/www.renouvelle.be\\\/fr\\\/meteo-belge-et-photovoltaique-incompatibles\\\/#breadcrumb\"},\"inLanguage\":\"fr-FR\",\"potentialAction\":[{\"@type\":\"ReadAction\",\"target\":[\"https:\\\/\\\/www.renouvelle.be\\\/fr\\\/meteo-belge-et-photovoltaique-incompatibles\\\/\"]}]},{\"@type\":\"ImageObject\",\"inLanguage\":\"fr-FR\",\"@id\":\"https:\\\/\\\/www.renouvelle.be\\\/fr\\\/meteo-belge-et-photovoltaique-incompatibles\\\/#primaryimage\",\"url\":\"https:\\\/\\\/www.renouvelle.be\\\/wp-content\\\/uploads\\\/2024\\\/12\\\/AdobeStock_482971923-scaled.jpeg\",\"contentUrl\":\"https:\\\/\\\/www.renouvelle.be\\\/wp-content\\\/uploads\\\/2024\\\/12\\\/AdobeStock_482971923-scaled.jpeg\",\"width\":2560,\"height\":1707},{\"@type\":\"BreadcrumbList\",\"@id\":\"https:\\\/\\\/www.renouvelle.be\\\/fr\\\/meteo-belge-et-photovoltaique-incompatibles\\\/#breadcrumb\",\"itemListElement\":[{\"@type\":\"ListItem\",\"position\":1,\"name\":\"Accueil\",\"item\":\"https:\\\/\\\/www.renouvelle.be\\\/fr\\\/\"},{\"@type\":\"ListItem\",\"position\":2,\"name\":\"M\u00e9t\u00e9o belge et photovolta\u00efque : incompatibles ?\"}]},{\"@type\":\"WebSite\",\"@id\":\"https:\\\/\\\/www.renouvelle.be\\\/fr\\\/#website\",\"url\":\"https:\\\/\\\/www.renouvelle.be\\\/fr\\\/\",\"name\":\"Renouvelle\",\"description\":\"L&#039;actualit\u00e9 de l&#039;\u00e9nergie durable\",\"potentialAction\":[{\"@type\":\"SearchAction\",\"target\":{\"@type\":\"EntryPoint\",\"urlTemplate\":\"https:\\\/\\\/www.renouvelle.be\\\/fr\\\/?s={search_term_string}\"},\"query-input\":{\"@type\":\"PropertyValueSpecification\",\"valueRequired\":true,\"valueName\":\"search_term_string\"}}],\"inLanguage\":\"fr-FR\"},{\"@type\":\"Person\",\"@id\":\"https:\\\/\\\/www.renouvelle.be\\\/fr\\\/#\\\/schema\\\/person\\\/339d070b54005d1c9bb9996bc1f6f7c9\",\"name\":\"Olivier BOVEROUX\",\"url\":\"https:\\\/\\\/www.renouvelle.be\\\/fr\\\/author\\\/olivier-boveroux\\\/\"}]}<\/script>\n<!-- \/ Yoast SEO plugin. -->","yoast_head_json":{"title":"M\u00e9t\u00e9o belge et photovolta\u00efque : incompatibles ? - Renouvelle","description":"La Belgique, avec son temps nuageux, ne serait pas une zone id\u00e9ale pour une bonne rentabilit\u00e9 photovolta\u00efque ? Et le rayonnement diffus ?","robots":{"index":"index","follow":"follow","max-snippet":"max-snippet:-1","max-image-preview":"max-image-preview:large","max-video-preview":"max-video-preview:-1"},"canonical":"https:\/\/www.renouvelle.be\/fr\/meteo-belge-et-photovoltaique-incompatibles\/","og_locale":"fr_FR","og_type":"article","og_title":"M\u00e9t\u00e9o belge et photovolta\u00efque : incompatibles ? - Renouvelle","og_description":"La Belgique, avec son temps nuageux, ne serait pas une zone id\u00e9ale pour une bonne rentabilit\u00e9 photovolta\u00efque ? Et le rayonnement diffus ?","og_url":"https:\/\/www.renouvelle.be\/fr\/meteo-belge-et-photovoltaique-incompatibles\/","og_site_name":"Renouvelle","article_published_time":"2024-12-03T12:25:17+00:00","article_modified_time":"2025-01-08T08:17:13+00:00","og_image":[{"width":2560,"height":1707,"url":"https:\/\/www.renouvelle.be\/wp-content\/uploads\/2024\/12\/AdobeStock_482971923-scaled.jpeg","type":"image\/jpeg"}],"author":"Olivier BOVEROUX","twitter_card":"summary_large_image","schema":{"@context":"https:\/\/schema.org","@graph":[{"@type":"Article","@id":"https:\/\/www.renouvelle.be\/fr\/meteo-belge-et-photovoltaique-incompatibles\/#article","isPartOf":{"@id":"https:\/\/www.renouvelle.be\/fr\/meteo-belge-et-photovoltaique-incompatibles\/"},"author":{"name":"Olivier BOVEROUX","@id":"https:\/\/www.renouvelle.be\/fr\/#\/schema\/person\/339d070b54005d1c9bb9996bc1f6f7c9"},"headline":"M\u00e9t\u00e9o belge et photovolta\u00efque : incompatibles ?","datePublished":"2024-12-03T12:25:17+00:00","dateModified":"2025-01-08T08:17:13+00:00","mainEntityOfPage":{"@id":"https:\/\/www.renouvelle.be\/fr\/meteo-belge-et-photovoltaique-incompatibles\/"},"wordCount":706,"image":{"@id":"https:\/\/www.renouvelle.be\/fr\/meteo-belge-et-photovoltaique-incompatibles\/#primaryimage"},"thumbnailUrl":"https:\/\/www.renouvelle.be\/wp-content\/uploads\/2024\/12\/AdobeStock_482971923-scaled.jpeg","articleSection":["Analyses"],"inLanguage":"fr-FR"},{"@type":"WebPage","@id":"https:\/\/www.renouvelle.be\/fr\/meteo-belge-et-photovoltaique-incompatibles\/","url":"https:\/\/www.renouvelle.be\/fr\/meteo-belge-et-photovoltaique-incompatibles\/","name":"M\u00e9t\u00e9o belge et photovolta\u00efque : incompatibles ? - Renouvelle","isPartOf":{"@id":"https:\/\/www.renouvelle.be\/fr\/#website"},"primaryImageOfPage":{"@id":"https:\/\/www.renouvelle.be\/fr\/meteo-belge-et-photovoltaique-incompatibles\/#primaryimage"},"image":{"@id":"https:\/\/www.renouvelle.be\/fr\/meteo-belge-et-photovoltaique-incompatibles\/#primaryimage"},"thumbnailUrl":"https:\/\/www.renouvelle.be\/wp-content\/uploads\/2024\/12\/AdobeStock_482971923-scaled.jpeg","datePublished":"2024-12-03T12:25:17+00:00","dateModified":"2025-01-08T08:17:13+00:00","author":{"@id":"https:\/\/www.renouvelle.be\/fr\/#\/schema\/person\/339d070b54005d1c9bb9996bc1f6f7c9"},"description":"La Belgique, avec son temps nuageux, ne serait pas une zone id\u00e9ale pour une bonne rentabilit\u00e9 photovolta\u00efque ? Et le rayonnement diffus ?","breadcrumb":{"@id":"https:\/\/www.renouvelle.be\/fr\/meteo-belge-et-photovoltaique-incompatibles\/#breadcrumb"},"inLanguage":"fr-FR","potentialAction":[{"@type":"ReadAction","target":["https:\/\/www.renouvelle.be\/fr\/meteo-belge-et-photovoltaique-incompatibles\/"]}]},{"@type":"ImageObject","inLanguage":"fr-FR","@id":"https:\/\/www.renouvelle.be\/fr\/meteo-belge-et-photovoltaique-incompatibles\/#primaryimage","url":"https:\/\/www.renouvelle.be\/wp-content\/uploads\/2024\/12\/AdobeStock_482971923-scaled.jpeg","contentUrl":"https:\/\/www.renouvelle.be\/wp-content\/uploads\/2024\/12\/AdobeStock_482971923-scaled.jpeg","width":2560,"height":1707},{"@type":"BreadcrumbList","@id":"https:\/\/www.renouvelle.be\/fr\/meteo-belge-et-photovoltaique-incompatibles\/#breadcrumb","itemListElement":[{"@type":"ListItem","position":1,"name":"Accueil","item":"https:\/\/www.renouvelle.be\/fr\/"},{"@type":"ListItem","position":2,"name":"M\u00e9t\u00e9o belge et photovolta\u00efque : incompatibles ?"}]},{"@type":"WebSite","@id":"https:\/\/www.renouvelle.be\/fr\/#website","url":"https:\/\/www.renouvelle.be\/fr\/","name":"Renouvelle","description":"L&#039;actualit\u00e9 de l&#039;\u00e9nergie durable","potentialAction":[{"@type":"SearchAction","target":{"@type":"EntryPoint","urlTemplate":"https:\/\/www.renouvelle.be\/fr\/?s={search_term_string}"},"query-input":{"@type":"PropertyValueSpecification","valueRequired":true,"valueName":"search_term_string"}}],"inLanguage":"fr-FR"},{"@type":"Person","@id":"https:\/\/www.renouvelle.be\/fr\/#\/schema\/person\/339d070b54005d1c9bb9996bc1f6f7c9","name":"Olivier BOVEROUX","url":"https:\/\/www.renouvelle.be\/fr\/author\/olivier-boveroux\/"}]}},"_links":{"self":[{"href":"https:\/\/www.renouvelle.be\/fr\/wp-json\/wp\/v2\/posts\/14380","targetHints":{"allow":["GET"]}}],"collection":[{"href":"https:\/\/www.renouvelle.be\/fr\/wp-json\/wp\/v2\/posts"}],"about":[{"href":"https:\/\/www.renouvelle.be\/fr\/wp-json\/wp\/v2\/types\/post"}],"author":[{"embeddable":true,"href":"https:\/\/www.renouvelle.be\/fr\/wp-json\/wp\/v2\/users\/34"}],"replies":[{"embeddable":true,"href":"https:\/\/www.renouvelle.be\/fr\/wp-json\/wp\/v2\/comments?post=14380"}],"version-history":[{"count":21,"href":"https:\/\/www.renouvelle.be\/fr\/wp-json\/wp\/v2\/posts\/14380\/revisions"}],"predecessor-version":[{"id":14427,"href":"https:\/\/www.renouvelle.be\/fr\/wp-json\/wp\/v2\/posts\/14380\/revisions\/14427"}],"wp:featuredmedia":[{"embeddable":true,"href":"https:\/\/www.renouvelle.be\/fr\/wp-json\/wp\/v2\/media\/14395"}],"wp:attachment":[{"href":"https:\/\/www.renouvelle.be\/fr\/wp-json\/wp\/v2\/media?parent=14380"}],"wp:term":[{"taxonomy":"category","embeddable":true,"href":"https:\/\/www.renouvelle.be\/fr\/wp-json\/wp\/v2\/categories?post=14380"},{"taxonomy":"post_tag","embeddable":true,"href":"https:\/\/www.renouvelle.be\/fr\/wp-json\/wp\/v2\/tags?post=14380"},{"taxonomy":"section","embeddable":true,"href":"https:\/\/www.renouvelle.be\/fr\/wp-json\/wp\/v2\/section?post=14380"}],"curies":[{"name":"wp","href":"https:\/\/api.w.org\/{rel}","templated":true}]}}