{"id":14340,"date":"2024-11-27T09:35:18","date_gmt":"2024-11-27T08:35:18","guid":{"rendered":"https:\/\/www.renouvelle.be\/?p=14340"},"modified":"2024-11-27T10:15:41","modified_gmt":"2024-11-27T09:15:41","slug":"parc-eolien-offshore-appel-doffres-pour-700-mw-en-mer-du-nord","status":"publish","type":"post","link":"https:\/\/www.renouvelle.be\/fr\/parc-eolien-offshore-appel-doffres-pour-700-mw-en-mer-du-nord\/","title":{"rendered":"Parc \u00e9olien offshore\u00a0: appel d\u2019offres pour 700 MW en mer du Nord"},"content":{"rendered":"\n<p>Actuellement, la capacit\u00e9 \u00e9olienne offshore se chiffre au total \u00e0 2 261 MW. Avec le d\u00e9veloppement de la zone <a href=\"https:\/\/www.renouvelle.be\/fr\/la-construction-de-ile-energetique-princesse-elisabeth-a-debute\/\" target=\"_blank\" rel=\"noreferrer noopener\">Princesse Elisabeth<\/a>, le gouvernement f\u00e9d\u00e9ral vise un ajout de capacit\u00e9 se situant entre 3,15 et 3,5 GW. Un appel d\u2019offres pour la premi\u00e8re parcelle de ladite zone en mer du Nord vient d\u2019\u00eatre lanc\u00e9.<\/p>\n\n\n\n<p>Les candidats disposeront de huit mois pour pr\u00e9parer leur dossier et pourront le soumettre entre le 25 juillet et le 24 ao\u00fbt 2025. S\u2019ensuivra une p\u00e9riode d\u2019\u00e9valuation qui s\u2019\u00e9talera sur trois mois. Le laur\u00e9at sera connu fin d\u00e9cembre de la m\u00eame ann\u00e9e.<\/p>\n\n\n\n<p>Certains crit\u00e8res devraient d\u00e9partager de fa\u00e7on d\u00e9cisive les candidats, comme l\u2019int\u00e9gration d\u2019une participation citoyenne de minimum 1%, ainsi que l\u2019importance des subsides demand\u00e9s par les entreprises. Ces derniers ont \u00e9t\u00e9 limit\u00e9s \u00e0 95 euros par MWh.<\/p>\n\n\n\n<p><a href=\"https:\/\/offshore-tender-platform-pez.my.site.com\/s\/?language=fr\" target=\"_blank\" rel=\"noreferrer noopener\">Deux autres parcelles<\/a> suivront, chacune d\u2019une capacit\u00e9 allant de 1 225 \u00e0 1 400 MW, et dont les appels d\u2019offres seront lanc\u00e9s en 2026 et en 2028. D\u2019ici 2030, la Belgique devrait poss\u00e9der une capacit\u00e9 \u00e9olienne offshore de 5 400 \u00e0 5 800 MW, ce qui permettra de fournir annuellement jusqu\u2019\u00e0 20 TWh d\u2019\u00e9lectricit\u00e9, l\u2019\u00e9quivalent d\u2019un quart de la consommation \u00e9lectrique du pays.<\/p>\n\n\n\n<p>Cependant, le d\u00e9veloppement de l&rsquo;\u00eele \u00e9nerg\u00e9tique Princesse Elisabeth a \u00e9t\u00e9 r\u00e9cemment mis en pause afin d&rsquo;\u00e9viter un d\u00e9rapage des co\u00fbts plus importants que celui d\u00e9j\u00e0 pr\u00e9vu. De quoi refroidir les potentiels candidats ?<\/p>\n\n\n\n<p>La partie du projet qui pose actuellement probl\u00e8me concerne l&rsquo;infrastructure n\u00e9cessaire pour toute la partie en courant continu dont les prix s&rsquo;envolent. Elia a donc pris la d\u00e9cision de patienter dans l&rsquo;attente des r\u00e9sultats d&rsquo;une analyse de la situation r\u00e9alis\u00e9e par la Creg (la Commission de R\u00e9gulation de l&rsquo;\u00c9lectricit\u00e9 et du Gaz).<\/p>\n\n\n\n<p><\/p>\n","protected":false},"excerpt":{"rendered":"<p>Actuellement, la capacit\u00e9 \u00e9olienne offshore se chiffre au total \u00e0 2 261 MW. Avec le d\u00e9veloppement de la zone Princesse Elisabeth, le gouvernement f\u00e9d\u00e9ral vise un ajout de capacit\u00e9 se situant entre 3,15 et 3,5 GW. Un appel d\u2019offres pour la premi\u00e8re parcelle de ladite zone en mer du Nord vient d\u2019\u00eatre lanc\u00e9. Les candidats disposeront de huit mois pour pr\u00e9parer leur dossier et pourront le soumettre entre le 25 juillet et le 24 ao\u00fbt 2025. S\u2019ensuivra une p\u00e9riode d\u2019\u00e9valuation qui s\u2019\u00e9talera sur trois mois. Le laur\u00e9at sera connu fin d\u00e9cembre de la m\u00eame ann\u00e9e. Certains crit\u00e8res devraient d\u00e9partager de fa\u00e7on d\u00e9cisive les candidats, comme l\u2019int\u00e9gration d\u2019une participation citoyenne de minimum 1%, ainsi que l\u2019importance des subsides demand\u00e9s par les entreprises. Ces derniers ont \u00e9t\u00e9 limit\u00e9s \u00e0 95 euros par MWh. Deux autres parcelles suivront, chacune d\u2019une capacit\u00e9 allant de 1 225 \u00e0 1 400 MW, et dont les appels d\u2019offres seront lanc\u00e9s en 2026 et en 2028. D\u2019ici 2030, la Belgique devrait poss\u00e9der une capacit\u00e9 \u00e9olienne offshore de 5 400 \u00e0 5 800 MW, ce qui permettra de fournir annuellement jusqu\u2019\u00e0 20 TWh d\u2019\u00e9lectricit\u00e9, l\u2019\u00e9quivalent d\u2019un quart de la consommation \u00e9lectrique du pays. Cependant, le d\u00e9veloppement de l&rsquo;\u00eele \u00e9nerg\u00e9tique Princesse Elisabeth a \u00e9t\u00e9 r\u00e9cemment mis en pause afin d&rsquo;\u00e9viter un d\u00e9rapage des co\u00fbts plus importants que celui d\u00e9j\u00e0 pr\u00e9vu. De quoi refroidir les potentiels candidats ? La partie du projet qui pose actuellement probl\u00e8me concerne l&rsquo;infrastructure n\u00e9cessaire pour toute la partie en courant continu dont les prix s&rsquo;envolent. Elia a donc pris la d\u00e9cision de patienter dans l&rsquo;attente des r\u00e9sultats d&rsquo;une analyse de la situation r\u00e9alis\u00e9e par la Creg (la Commission de R\u00e9gulation de l&rsquo;\u00c9lectricit\u00e9 et du Gaz).<\/p>\n","protected":false},"author":38,"featured_media":14350,"comment_status":"closed","ping_status":"closed","sticky":false,"template":"","format":"standard","meta":{"_acf_changed":false,"footnotes":""},"categories":[17],"tags":[],"section":[6],"class_list":["post-14340","post","type-post","status-publish","format-standard","has-post-thumbnail","hentry","category-actualite-en-belgique","section-eolien"],"acf":[],"yoast_head":"<!-- This site is optimized with the Yoast SEO plugin v27.5 - https:\/\/yoast.com\/product\/yoast-seo-wordpress\/ -->\n<title>Parc \u00e9olien offshore\u00a0: appel d\u2019offres pour 700 MW en mer du Nord - Renouvelle<\/title>\n<meta name=\"description\" content=\"Un appel d&#039;offres pour la construction du premier parc \u00e9olien offshore de la zone Princesse Elisabeth vient d&#039;\u00eatre lanc\u00e9.\" \/>\n<meta name=\"robots\" content=\"index, follow, max-snippet:-1, max-image-preview:large, max-video-preview:-1\" \/>\n<link rel=\"canonical\" href=\"https:\/\/www.renouvelle.be\/fr\/parc-eolien-offshore-appel-doffres-pour-700-mw-en-mer-du-nord\/\" \/>\n<meta property=\"og:locale\" content=\"fr_FR\" \/>\n<meta property=\"og:type\" content=\"article\" \/>\n<meta property=\"og:title\" content=\"Parc \u00e9olien offshore\u00a0: appel d\u2019offres pour 700 MW en mer du Nord - Renouvelle\" \/>\n<meta property=\"og:description\" content=\"Un appel d&#039;offres pour la construction du premier parc \u00e9olien offshore de la zone Princesse Elisabeth vient d&#039;\u00eatre lanc\u00e9.\" \/>\n<meta property=\"og:url\" content=\"https:\/\/www.renouvelle.be\/fr\/parc-eolien-offshore-appel-doffres-pour-700-mw-en-mer-du-nord\/\" \/>\n<meta property=\"og:site_name\" content=\"Renouvelle\" \/>\n<meta property=\"article:published_time\" content=\"2024-11-27T08:35:18+00:00\" \/>\n<meta property=\"article:modified_time\" content=\"2024-11-27T09:15:41+00:00\" \/>\n<meta property=\"og:image\" content=\"https:\/\/www.renouvelle.be\/wp-content\/uploads\/2024\/11\/AdobeStock_396145001-scaled-e1732636478507.jpeg\" \/>\n\t<meta property=\"og:image:width\" content=\"1766\" \/>\n\t<meta property=\"og:image:height\" content=\"1078\" \/>\n\t<meta property=\"og:image:type\" content=\"image\/jpeg\" \/>\n<meta name=\"author\" content=\"Samuel Alves\" \/>\n<meta name=\"twitter:card\" content=\"summary_large_image\" \/>\n<script type=\"application\/ld+json\" class=\"yoast-schema-graph\">{\"@context\":\"https:\\\/\\\/schema.org\",\"@graph\":[{\"@type\":\"Article\",\"@id\":\"https:\\\/\\\/www.renouvelle.be\\\/fr\\\/parc-eolien-offshore-appel-doffres-pour-700-mw-en-mer-du-nord\\\/#article\",\"isPartOf\":{\"@id\":\"https:\\\/\\\/www.renouvelle.be\\\/fr\\\/parc-eolien-offshore-appel-doffres-pour-700-mw-en-mer-du-nord\\\/\"},\"author\":{\"name\":\"Samuel Alves\",\"@id\":\"https:\\\/\\\/www.renouvelle.be\\\/fr\\\/#\\\/schema\\\/person\\\/9d743366fb269eeceaa8d60e98d289d3\"},\"headline\":\"Parc \u00e9olien offshore\u00a0: appel d\u2019offres pour 700 MW en mer du Nord\",\"datePublished\":\"2024-11-27T08:35:18+00:00\",\"dateModified\":\"2024-11-27T09:15:41+00:00\",\"mainEntityOfPage\":{\"@id\":\"https:\\\/\\\/www.renouvelle.be\\\/fr\\\/parc-eolien-offshore-appel-doffres-pour-700-mw-en-mer-du-nord\\\/\"},\"wordCount\":320,\"image\":{\"@id\":\"https:\\\/\\\/www.renouvelle.be\\\/fr\\\/parc-eolien-offshore-appel-doffres-pour-700-mw-en-mer-du-nord\\\/#primaryimage\"},\"thumbnailUrl\":\"https:\\\/\\\/www.renouvelle.be\\\/wp-content\\\/uploads\\\/2024\\\/11\\\/AdobeStock_396145001-scaled-e1732636478507.jpeg\",\"articleSection\":[\"Actualit\u00e9 en Belgique\"],\"inLanguage\":\"fr-FR\"},{\"@type\":\"WebPage\",\"@id\":\"https:\\\/\\\/www.renouvelle.be\\\/fr\\\/parc-eolien-offshore-appel-doffres-pour-700-mw-en-mer-du-nord\\\/\",\"url\":\"https:\\\/\\\/www.renouvelle.be\\\/fr\\\/parc-eolien-offshore-appel-doffres-pour-700-mw-en-mer-du-nord\\\/\",\"name\":\"Parc \u00e9olien offshore\u00a0: appel d\u2019offres pour 700 MW en mer du Nord - Renouvelle\",\"isPartOf\":{\"@id\":\"https:\\\/\\\/www.renouvelle.be\\\/fr\\\/#website\"},\"primaryImageOfPage\":{\"@id\":\"https:\\\/\\\/www.renouvelle.be\\\/fr\\\/parc-eolien-offshore-appel-doffres-pour-700-mw-en-mer-du-nord\\\/#primaryimage\"},\"image\":{\"@id\":\"https:\\\/\\\/www.renouvelle.be\\\/fr\\\/parc-eolien-offshore-appel-doffres-pour-700-mw-en-mer-du-nord\\\/#primaryimage\"},\"thumbnailUrl\":\"https:\\\/\\\/www.renouvelle.be\\\/wp-content\\\/uploads\\\/2024\\\/11\\\/AdobeStock_396145001-scaled-e1732636478507.jpeg\",\"datePublished\":\"2024-11-27T08:35:18+00:00\",\"dateModified\":\"2024-11-27T09:15:41+00:00\",\"author\":{\"@id\":\"https:\\\/\\\/www.renouvelle.be\\\/fr\\\/#\\\/schema\\\/person\\\/9d743366fb269eeceaa8d60e98d289d3\"},\"description\":\"Un appel d'offres pour la construction du premier parc \u00e9olien offshore de la zone Princesse Elisabeth vient d'\u00eatre lanc\u00e9.\",\"breadcrumb\":{\"@id\":\"https:\\\/\\\/www.renouvelle.be\\\/fr\\\/parc-eolien-offshore-appel-doffres-pour-700-mw-en-mer-du-nord\\\/#breadcrumb\"},\"inLanguage\":\"fr-FR\",\"potentialAction\":[{\"@type\":\"ReadAction\",\"target\":[\"https:\\\/\\\/www.renouvelle.be\\\/fr\\\/parc-eolien-offshore-appel-doffres-pour-700-mw-en-mer-du-nord\\\/\"]}]},{\"@type\":\"ImageObject\",\"inLanguage\":\"fr-FR\",\"@id\":\"https:\\\/\\\/www.renouvelle.be\\\/fr\\\/parc-eolien-offshore-appel-doffres-pour-700-mw-en-mer-du-nord\\\/#primaryimage\",\"url\":\"https:\\\/\\\/www.renouvelle.be\\\/wp-content\\\/uploads\\\/2024\\\/11\\\/AdobeStock_396145001-scaled-e1732636478507.jpeg\",\"contentUrl\":\"https:\\\/\\\/www.renouvelle.be\\\/wp-content\\\/uploads\\\/2024\\\/11\\\/AdobeStock_396145001-scaled-e1732636478507.jpeg\",\"width\":1766,\"height\":1078},{\"@type\":\"BreadcrumbList\",\"@id\":\"https:\\\/\\\/www.renouvelle.be\\\/fr\\\/parc-eolien-offshore-appel-doffres-pour-700-mw-en-mer-du-nord\\\/#breadcrumb\",\"itemListElement\":[{\"@type\":\"ListItem\",\"position\":1,\"name\":\"Accueil\",\"item\":\"https:\\\/\\\/www.renouvelle.be\\\/fr\\\/\"},{\"@type\":\"ListItem\",\"position\":2,\"name\":\"Parc \u00e9olien offshore\u00a0: appel d\u2019offres pour 700 MW en mer du Nord\"}]},{\"@type\":\"WebSite\",\"@id\":\"https:\\\/\\\/www.renouvelle.be\\\/fr\\\/#website\",\"url\":\"https:\\\/\\\/www.renouvelle.be\\\/fr\\\/\",\"name\":\"Renouvelle\",\"description\":\"L&#039;actualit\u00e9 de l&#039;\u00e9nergie durable\",\"potentialAction\":[{\"@type\":\"SearchAction\",\"target\":{\"@type\":\"EntryPoint\",\"urlTemplate\":\"https:\\\/\\\/www.renouvelle.be\\\/fr\\\/?s={search_term_string}\"},\"query-input\":{\"@type\":\"PropertyValueSpecification\",\"valueRequired\":true,\"valueName\":\"search_term_string\"}}],\"inLanguage\":\"fr-FR\"},{\"@type\":\"Person\",\"@id\":\"https:\\\/\\\/www.renouvelle.be\\\/fr\\\/#\\\/schema\\\/person\\\/9d743366fb269eeceaa8d60e98d289d3\",\"name\":\"Samuel Alves\",\"url\":\"https:\\\/\\\/www.renouvelle.be\\\/fr\\\/author\\\/salves\\\/\"}]}<\/script>\n<!-- \/ Yoast SEO plugin. -->","yoast_head_json":{"title":"Parc \u00e9olien offshore\u00a0: appel d\u2019offres pour 700 MW en mer du Nord - Renouvelle","description":"Un appel d'offres pour la construction du premier parc \u00e9olien offshore de la zone Princesse Elisabeth vient d'\u00eatre lanc\u00e9.","robots":{"index":"index","follow":"follow","max-snippet":"max-snippet:-1","max-image-preview":"max-image-preview:large","max-video-preview":"max-video-preview:-1"},"canonical":"https:\/\/www.renouvelle.be\/fr\/parc-eolien-offshore-appel-doffres-pour-700-mw-en-mer-du-nord\/","og_locale":"fr_FR","og_type":"article","og_title":"Parc \u00e9olien offshore\u00a0: appel d\u2019offres pour 700 MW en mer du Nord - Renouvelle","og_description":"Un appel d'offres pour la construction du premier parc \u00e9olien offshore de la zone Princesse Elisabeth vient d'\u00eatre lanc\u00e9.","og_url":"https:\/\/www.renouvelle.be\/fr\/parc-eolien-offshore-appel-doffres-pour-700-mw-en-mer-du-nord\/","og_site_name":"Renouvelle","article_published_time":"2024-11-27T08:35:18+00:00","article_modified_time":"2024-11-27T09:15:41+00:00","og_image":[{"width":1766,"height":1078,"url":"https:\/\/www.renouvelle.be\/wp-content\/uploads\/2024\/11\/AdobeStock_396145001-scaled-e1732636478507.jpeg","type":"image\/jpeg"}],"author":"Samuel Alves","twitter_card":"summary_large_image","schema":{"@context":"https:\/\/schema.org","@graph":[{"@type":"Article","@id":"https:\/\/www.renouvelle.be\/fr\/parc-eolien-offshore-appel-doffres-pour-700-mw-en-mer-du-nord\/#article","isPartOf":{"@id":"https:\/\/www.renouvelle.be\/fr\/parc-eolien-offshore-appel-doffres-pour-700-mw-en-mer-du-nord\/"},"author":{"name":"Samuel Alves","@id":"https:\/\/www.renouvelle.be\/fr\/#\/schema\/person\/9d743366fb269eeceaa8d60e98d289d3"},"headline":"Parc \u00e9olien offshore\u00a0: appel d\u2019offres pour 700 MW en mer du Nord","datePublished":"2024-11-27T08:35:18+00:00","dateModified":"2024-11-27T09:15:41+00:00","mainEntityOfPage":{"@id":"https:\/\/www.renouvelle.be\/fr\/parc-eolien-offshore-appel-doffres-pour-700-mw-en-mer-du-nord\/"},"wordCount":320,"image":{"@id":"https:\/\/www.renouvelle.be\/fr\/parc-eolien-offshore-appel-doffres-pour-700-mw-en-mer-du-nord\/#primaryimage"},"thumbnailUrl":"https:\/\/www.renouvelle.be\/wp-content\/uploads\/2024\/11\/AdobeStock_396145001-scaled-e1732636478507.jpeg","articleSection":["Actualit\u00e9 en Belgique"],"inLanguage":"fr-FR"},{"@type":"WebPage","@id":"https:\/\/www.renouvelle.be\/fr\/parc-eolien-offshore-appel-doffres-pour-700-mw-en-mer-du-nord\/","url":"https:\/\/www.renouvelle.be\/fr\/parc-eolien-offshore-appel-doffres-pour-700-mw-en-mer-du-nord\/","name":"Parc \u00e9olien offshore\u00a0: appel d\u2019offres pour 700 MW en mer du Nord - Renouvelle","isPartOf":{"@id":"https:\/\/www.renouvelle.be\/fr\/#website"},"primaryImageOfPage":{"@id":"https:\/\/www.renouvelle.be\/fr\/parc-eolien-offshore-appel-doffres-pour-700-mw-en-mer-du-nord\/#primaryimage"},"image":{"@id":"https:\/\/www.renouvelle.be\/fr\/parc-eolien-offshore-appel-doffres-pour-700-mw-en-mer-du-nord\/#primaryimage"},"thumbnailUrl":"https:\/\/www.renouvelle.be\/wp-content\/uploads\/2024\/11\/AdobeStock_396145001-scaled-e1732636478507.jpeg","datePublished":"2024-11-27T08:35:18+00:00","dateModified":"2024-11-27T09:15:41+00:00","author":{"@id":"https:\/\/www.renouvelle.be\/fr\/#\/schema\/person\/9d743366fb269eeceaa8d60e98d289d3"},"description":"Un appel d'offres pour la construction du premier parc \u00e9olien offshore de la zone Princesse Elisabeth vient d'\u00eatre lanc\u00e9.","breadcrumb":{"@id":"https:\/\/www.renouvelle.be\/fr\/parc-eolien-offshore-appel-doffres-pour-700-mw-en-mer-du-nord\/#breadcrumb"},"inLanguage":"fr-FR","potentialAction":[{"@type":"ReadAction","target":["https:\/\/www.renouvelle.be\/fr\/parc-eolien-offshore-appel-doffres-pour-700-mw-en-mer-du-nord\/"]}]},{"@type":"ImageObject","inLanguage":"fr-FR","@id":"https:\/\/www.renouvelle.be\/fr\/parc-eolien-offshore-appel-doffres-pour-700-mw-en-mer-du-nord\/#primaryimage","url":"https:\/\/www.renouvelle.be\/wp-content\/uploads\/2024\/11\/AdobeStock_396145001-scaled-e1732636478507.jpeg","contentUrl":"https:\/\/www.renouvelle.be\/wp-content\/uploads\/2024\/11\/AdobeStock_396145001-scaled-e1732636478507.jpeg","width":1766,"height":1078},{"@type":"BreadcrumbList","@id":"https:\/\/www.renouvelle.be\/fr\/parc-eolien-offshore-appel-doffres-pour-700-mw-en-mer-du-nord\/#breadcrumb","itemListElement":[{"@type":"ListItem","position":1,"name":"Accueil","item":"https:\/\/www.renouvelle.be\/fr\/"},{"@type":"ListItem","position":2,"name":"Parc \u00e9olien offshore\u00a0: appel d\u2019offres pour 700 MW en mer du Nord"}]},{"@type":"WebSite","@id":"https:\/\/www.renouvelle.be\/fr\/#website","url":"https:\/\/www.renouvelle.be\/fr\/","name":"Renouvelle","description":"L&#039;actualit\u00e9 de l&#039;\u00e9nergie durable","potentialAction":[{"@type":"SearchAction","target":{"@type":"EntryPoint","urlTemplate":"https:\/\/www.renouvelle.be\/fr\/?s={search_term_string}"},"query-input":{"@type":"PropertyValueSpecification","valueRequired":true,"valueName":"search_term_string"}}],"inLanguage":"fr-FR"},{"@type":"Person","@id":"https:\/\/www.renouvelle.be\/fr\/#\/schema\/person\/9d743366fb269eeceaa8d60e98d289d3","name":"Samuel Alves","url":"https:\/\/www.renouvelle.be\/fr\/author\/salves\/"}]}},"_links":{"self":[{"href":"https:\/\/www.renouvelle.be\/fr\/wp-json\/wp\/v2\/posts\/14340","targetHints":{"allow":["GET"]}}],"collection":[{"href":"https:\/\/www.renouvelle.be\/fr\/wp-json\/wp\/v2\/posts"}],"about":[{"href":"https:\/\/www.renouvelle.be\/fr\/wp-json\/wp\/v2\/types\/post"}],"author":[{"embeddable":true,"href":"https:\/\/www.renouvelle.be\/fr\/wp-json\/wp\/v2\/users\/38"}],"replies":[{"embeddable":true,"href":"https:\/\/www.renouvelle.be\/fr\/wp-json\/wp\/v2\/comments?post=14340"}],"version-history":[{"count":12,"href":"https:\/\/www.renouvelle.be\/fr\/wp-json\/wp\/v2\/posts\/14340\/revisions"}],"predecessor-version":[{"id":14356,"href":"https:\/\/www.renouvelle.be\/fr\/wp-json\/wp\/v2\/posts\/14340\/revisions\/14356"}],"wp:featuredmedia":[{"embeddable":true,"href":"https:\/\/www.renouvelle.be\/fr\/wp-json\/wp\/v2\/media\/14350"}],"wp:attachment":[{"href":"https:\/\/www.renouvelle.be\/fr\/wp-json\/wp\/v2\/media?parent=14340"}],"wp:term":[{"taxonomy":"category","embeddable":true,"href":"https:\/\/www.renouvelle.be\/fr\/wp-json\/wp\/v2\/categories?post=14340"},{"taxonomy":"post_tag","embeddable":true,"href":"https:\/\/www.renouvelle.be\/fr\/wp-json\/wp\/v2\/tags?post=14340"},{"taxonomy":"section","embeddable":true,"href":"https:\/\/www.renouvelle.be\/fr\/wp-json\/wp\/v2\/section?post=14340"}],"curies":[{"name":"wp","href":"https:\/\/api.w.org\/{rel}","templated":true}]}}